{"id":18437,"date":"2024-02-26T20:07:19","date_gmt":"2024-02-26T20:07:19","guid":{"rendered":"https:\/\/www.valparaisocreativo.cl\/?p=18437"},"modified":"2024-02-26T20:07:24","modified_gmt":"2024-02-26T20:07:24","slug":"linea-de-apoyo-a-la-circulacion-de-la-musica-chilena-primer-llamado-convocatoria-2024","status":"publish","type":"post","link":"https:\/\/dev.antudigital.cl\/sites\/vc\/linea-de-apoyo-a-la-circulacion-de-la-musica-chilena-primer-llamado-convocatoria-2024\/","title":{"rendered":"L\u00ednea de Apoyo a la Circulaci\u00f3n de la M\u00fasica Chilena \u2013 Primer llamado \u2013 Convocatoria 2024"},"content":{"rendered":"\n<p>Hasta el 4 de marzo.<\/p>\n\n\n\n<p><\/p>\n\n\n\n<p>La Secretar\u00eda de Fomento de la M\u00fasica Nacional a trav\u00e9s de la L\u00ednea de Apoyo a la Circulaci\u00f3n de la M\u00fasica Chilena 2024 invita a los distintos agentes del sector a postular proyectos cuyo objetivo sea contribuir al posicionamiento de m\u00fasicas\/os, mediadoras\/es, investigadoras\/es y profesionales en los circuitos nacionales o extranjeros, mediante la difusi\u00f3n de su trabajo y el fomento de generaci\u00f3n de redes de intercambio en territorio chileno y en el exterior.<\/p>\n\n\n\n<p>La l\u00ednea consta de 3 modalidades de postulaci\u00f3n:<\/p>\n\n\n\n<p><strong>Circulaci\u00f3n Nacional:<\/strong>&nbsp;Entrega financiamiento total o parcial destinado a realizar shows en vivo de manera presencial dentro del territorio nacional de artistas o agrupaciones de cualquier g\u00e9nero musical en festivales, giras (con un m\u00ednimo de 5 presentaciones), concursos, ferias, mercados, congresos y similares.<\/p>\n\n\n\n<p><strong>Circulaci\u00f3n Internacional:<\/strong>&nbsp;Entrega financiamiento total o parcial para traslados destinados a llevar a cabo una presentaci\u00f3n musical en el extranjero, para artistas o agrupaciones de cualquier g\u00e9nero musical, ya sea en festivales, giras de un m\u00ednimo de 5 presentaciones, concursos, o para la participaci\u00f3n de los distintos profesionales del \u00e1mbito musical a otorgar una charla o ponencia en congresos, simposios o similares.<\/p>\n\n\n\n<p><strong>Asistencia a Ferias y Mercados Internacionales:<\/strong>&nbsp;Entrega Financiamiento total o parcial para la realizaci\u00f3n de proyectos destinados a la asistencia presencial de artistas y agentes de la industria, a ferias o mercados internacionales de la industria musical que se ejecutan en el extranjero, bajo la figura de 2 submodalidades:<\/p>\n\n\n\n<ul class=\"wp-block-list\">\n<li>Submodalidad agentes de la industria<\/li>\n\n\n\n<li>Submodalidad artistas<\/li>\n<\/ul>\n\n\n\n<p><a href=\"https:\/\/www.fondosdecultura.cl\/linea-de-apoyo-a-la-circulacion-de-la-musica-chilena-convocatoria-2024\/\"><strong>Revisa la convocatoria y bases aqu\u00ed.<\/strong><\/a><\/p>\n","protected":false},"excerpt":{"rendered":"<p>Hasta el 4 de marzo. La Secretar\u00eda de Fomento de la M\u00fasica Nacional a trav\u00e9s de la L\u00ednea de Apoyo a la Circulaci\u00f3n de la M\u00fasica Chilena 2024 invita a los distintos agentes del sector a postular proyectos cuyo objetivo sea contribuir al posicionamiento de m\u00fasicas\/os, mediadoras\/es, investigadoras\/es y profesionales en los circuitos nacionales o [&hellip;]<\/p>\n","protected":false},"author":1,"featured_media":18435,"comment_status":"closed","ping_status":"closed","sticky":false,"template":"","format":"standard","meta":{"_acf_changed":false,"footnotes":""},"categories":[1],"tags":[],"class_list":["post-18437","post","type-post","status-publish","format-standard","has-post-thumbnail","hentry","category-uncategorized"],"acf":[],"yoast_head":"<!-- This site is optimized with the Yoast SEO plugin v27.1.1 - https:\/\/yoast.com\/product\/yoast-seo-wordpress\/ -->\n<title>L\u00ednea de Apoyo a la Circulaci\u00f3n de la M\u00fasica Chilena \u2013 Primer llamado \u2013 Convocatoria 2024 - Valpara\u00ed\u00adso Creativo<\/title>\n<meta name=\"robots\" content=\"index, follow, max-snippet:-1, max-image-preview:large, max-video-preview:-1\" \/>\n<link rel=\"canonical\" href=\"https:\/\/dev.antudigital.cl\/sites\/vc\/linea-de-apoyo-a-la-circulacion-de-la-musica-chilena-primer-llamado-convocatoria-2024\/\" \/>\n<meta property=\"og:locale\" content=\"es_ES\" \/>\n<meta property=\"og:type\" content=\"article\" \/>\n<meta property=\"og:title\" content=\"L\u00ednea de Apoyo a la Circulaci\u00f3n de la M\u00fasica Chilena \u2013 Primer llamado \u2013 Convocatoria 2024 - Valpara\u00ed\u00adso Creativo\" \/>\n<meta property=\"og:description\" content=\"Hasta el 4 de marzo. La Secretar\u00eda de Fomento de la M\u00fasica Nacional a trav\u00e9s de la L\u00ednea de Apoyo a la Circulaci\u00f3n de la M\u00fasica Chilena 2024 invita a los distintos agentes del sector a postular proyectos cuyo objetivo sea contribuir al posicionamiento de m\u00fasicas\/os, mediadoras\/es, investigadoras\/es y profesionales en los circuitos nacionales o [&hellip;]\" \/>\n<meta property=\"og:url\" content=\"https:\/\/dev.antudigital.cl\/sites\/vc\/linea-de-apoyo-a-la-circulacion-de-la-musica-chilena-primer-llamado-convocatoria-2024\/\" \/>\n<meta property=\"og:site_name\" content=\"Valpara\u00ed\u00adso Creativo\" \/>\n<meta property=\"article:published_time\" content=\"2024-02-26T20:07:19+00:00\" \/>\n<meta property=\"article:modified_time\" content=\"2024-02-26T20:07:24+00:00\" \/>\n<meta property=\"og:image\" content=\"https:\/\/dev.antudigital.cl\/sites\/vc\/wp-content\/uploads\/2024\/02\/Captura-de-Pantalla-2024-02-26-a-las-17.04.37.png\" \/>\n\t<meta property=\"og:image:width\" content=\"926\" \/>\n\t<meta property=\"og:image:height\" content=\"195\" \/>\n\t<meta property=\"og:image:type\" content=\"image\/png\" \/>\n<meta name=\"author\" content=\"Valpara\u00edso Creativo\" \/>\n<meta name=\"twitter:card\" content=\"summary_large_image\" \/>\n<meta name=\"twitter:label1\" content=\"Escrito por\" \/>\n\t<meta name=\"twitter:data1\" content=\"Valpara\u00edso Creativo\" \/>\n\t<meta name=\"twitter:label2\" content=\"Tiempo de lectura\" \/>\n\t<meta name=\"twitter:data2\" content=\"2 minutos\" \/>\n<script type=\"application\/ld+json\" class=\"yoast-schema-graph\">{\"@context\":\"https:\/\/schema.org\",\"@graph\":[{\"@type\":\"Article\",\"@id\":\"https:\/\/dev.antudigital.cl\/sites\/vc\/linea-de-apoyo-a-la-circulacion-de-la-musica-chilena-primer-llamado-convocatoria-2024\/#article\",\"isPartOf\":{\"@id\":\"https:\/\/dev.antudigital.cl\/sites\/vc\/linea-de-apoyo-a-la-circulacion-de-la-musica-chilena-primer-llamado-convocatoria-2024\/\"},\"author\":{\"name\":\"Valpara\u00edso Creativo\",\"@id\":\"https:\/\/dev.antudigital.cl\/sites\/vc\/#\/schema\/person\/c2b9da8dd545e27166fc5ab232837318\"},\"headline\":\"L\u00ednea de Apoyo a la Circulaci\u00f3n de la M\u00fasica Chilena \u2013 Primer llamado \u2013 Convocatoria 2024\",\"datePublished\":\"2024-02-26T20:07:19+00:00\",\"dateModified\":\"2024-02-26T20:07:24+00:00\",\"mainEntityOfPage\":{\"@id\":\"https:\/\/dev.antudigital.cl\/sites\/vc\/linea-de-apoyo-a-la-circulacion-de-la-musica-chilena-primer-llamado-convocatoria-2024\/\"},\"wordCount\":289,\"image\":{\"@id\":\"https:\/\/dev.antudigital.cl\/sites\/vc\/linea-de-apoyo-a-la-circulacion-de-la-musica-chilena-primer-llamado-convocatoria-2024\/#primaryimage\"},\"thumbnailUrl\":\"https:\/\/dev.antudigital.cl\/sites\/vc\/wp-content\/uploads\/2024\/02\/Captura-de-Pantalla-2024-02-26-a-las-17.04.37.png\",\"articleSection\":[\"Uncategorized\"],\"inLanguage\":\"es\"},{\"@type\":\"WebPage\",\"@id\":\"https:\/\/dev.antudigital.cl\/sites\/vc\/linea-de-apoyo-a-la-circulacion-de-la-musica-chilena-primer-llamado-convocatoria-2024\/\",\"url\":\"https:\/\/dev.antudigital.cl\/sites\/vc\/linea-de-apoyo-a-la-circulacion-de-la-musica-chilena-primer-llamado-convocatoria-2024\/\",\"name\":\"L\u00ednea de Apoyo a la Circulaci\u00f3n de la M\u00fasica Chilena \u2013 Primer llamado \u2013 Convocatoria 2024 - Valpara\u00ed\u00adso Creativo\",\"isPartOf\":{\"@id\":\"https:\/\/dev.antudigital.cl\/sites\/vc\/#website\"},\"primaryImageOfPage\":{\"@id\":\"https:\/\/dev.antudigital.cl\/sites\/vc\/linea-de-apoyo-a-la-circulacion-de-la-musica-chilena-primer-llamado-convocatoria-2024\/#primaryimage\"},\"image\":{\"@id\":\"https:\/\/dev.antudigital.cl\/sites\/vc\/linea-de-apoyo-a-la-circulacion-de-la-musica-chilena-primer-llamado-convocatoria-2024\/#primaryimage\"},\"thumbnailUrl\":\"https:\/\/dev.antudigital.cl\/sites\/vc\/wp-content\/uploads\/2024\/02\/Captura-de-Pantalla-2024-02-26-a-las-17.04.37.png\",\"datePublished\":\"2024-02-26T20:07:19+00:00\",\"dateModified\":\"2024-02-26T20:07:24+00:00\",\"author\":{\"@id\":\"https:\/\/dev.antudigital.cl\/sites\/vc\/#\/schema\/person\/c2b9da8dd545e27166fc5ab232837318\"},\"breadcrumb\":{\"@id\":\"https:\/\/dev.antudigital.cl\/sites\/vc\/linea-de-apoyo-a-la-circulacion-de-la-musica-chilena-primer-llamado-convocatoria-2024\/#breadcrumb\"},\"inLanguage\":\"es\",\"potentialAction\":[{\"@type\":\"ReadAction\",\"target\":[\"https:\/\/dev.antudigital.cl\/sites\/vc\/linea-de-apoyo-a-la-circulacion-de-la-musica-chilena-primer-llamado-convocatoria-2024\/\"]}]},{\"@type\":\"ImageObject\",\"inLanguage\":\"es\",\"@id\":\"https:\/\/dev.antudigital.cl\/sites\/vc\/linea-de-apoyo-a-la-circulacion-de-la-musica-chilena-primer-llamado-convocatoria-2024\/#primaryimage\",\"url\":\"https:\/\/dev.antudigital.cl\/sites\/vc\/wp-content\/uploads\/2024\/02\/Captura-de-Pantalla-2024-02-26-a-las-17.04.37.png\",\"contentUrl\":\"https:\/\/dev.antudigital.cl\/sites\/vc\/wp-content\/uploads\/2024\/02\/Captura-de-Pantalla-2024-02-26-a-las-17.04.37.png\",\"width\":926,\"height\":195},{\"@type\":\"BreadcrumbList\",\"@id\":\"https:\/\/dev.antudigital.cl\/sites\/vc\/linea-de-apoyo-a-la-circulacion-de-la-musica-chilena-primer-llamado-convocatoria-2024\/#breadcrumb\",\"itemListElement\":[{\"@type\":\"ListItem\",\"position\":1,\"name\":\"Home\",\"item\":\"https:\/\/dev.antudigital.cl\/sites\/vc\/\"},{\"@type\":\"ListItem\",\"position\":2,\"name\":\"L\u00ednea de Apoyo a la Circulaci\u00f3n de la M\u00fasica Chilena \u2013 Primer llamado \u2013 Convocatoria 2024\"}]},{\"@type\":\"WebSite\",\"@id\":\"https:\/\/dev.antudigital.cl\/sites\/vc\/#website\",\"url\":\"https:\/\/dev.antudigital.cl\/sites\/vc\/\",\"name\":\"Valpara\u00ed\u00adso Creativo\",\"description\":\"\",\"potentialAction\":[{\"@type\":\"SearchAction\",\"target\":{\"@type\":\"EntryPoint\",\"urlTemplate\":\"https:\/\/dev.antudigital.cl\/sites\/vc\/?s={search_term_string}\"},\"query-input\":{\"@type\":\"PropertyValueSpecification\",\"valueRequired\":true,\"valueName\":\"search_term_string\"}}],\"inLanguage\":\"es\"},{\"@type\":\"Person\",\"@id\":\"https:\/\/dev.antudigital.cl\/sites\/vc\/#\/schema\/person\/c2b9da8dd545e27166fc5ab232837318\",\"name\":\"Valpara\u00edso Creativo\",\"description\":\"Periodista de cultura en la Regi\u00f3n de Valpara\u00edso.\",\"url\":\"https:\/\/dev.antudigital.cl\/sites\/vc\/author\/valpoadmin\/\"}]}<\/script>\n<!-- \/ Yoast SEO plugin. -->","yoast_head_json":{"title":"L\u00ednea de Apoyo a la Circulaci\u00f3n de la M\u00fasica Chilena \u2013 Primer llamado \u2013 Convocatoria 2024 - Valpara\u00ed\u00adso Creativo","robots":{"index":"index","follow":"follow","max-snippet":"max-snippet:-1","max-image-preview":"max-image-preview:large","max-video-preview":"max-video-preview:-1"},"canonical":"https:\/\/dev.antudigital.cl\/sites\/vc\/linea-de-apoyo-a-la-circulacion-de-la-musica-chilena-primer-llamado-convocatoria-2024\/","og_locale":"es_ES","og_type":"article","og_title":"L\u00ednea de Apoyo a la Circulaci\u00f3n de la M\u00fasica Chilena \u2013 Primer llamado \u2013 Convocatoria 2024 - Valpara\u00ed\u00adso Creativo","og_description":"Hasta el 4 de marzo. La Secretar\u00eda de Fomento de la M\u00fasica Nacional a trav\u00e9s de la L\u00ednea de Apoyo a la Circulaci\u00f3n de la M\u00fasica Chilena 2024 invita a los distintos agentes del sector a postular proyectos cuyo objetivo sea contribuir al posicionamiento de m\u00fasicas\/os, mediadoras\/es, investigadoras\/es y profesionales en los circuitos nacionales o [&hellip;]","og_url":"https:\/\/dev.antudigital.cl\/sites\/vc\/linea-de-apoyo-a-la-circulacion-de-la-musica-chilena-primer-llamado-convocatoria-2024\/","og_site_name":"Valpara\u00ed\u00adso Creativo","article_published_time":"2024-02-26T20:07:19+00:00","article_modified_time":"2024-02-26T20:07:24+00:00","og_image":[{"width":926,"height":195,"url":"https:\/\/dev.antudigital.cl\/sites\/vc\/wp-content\/uploads\/2024\/02\/Captura-de-Pantalla-2024-02-26-a-las-17.04.37.png","type":"image\/png"}],"author":"Valpara\u00edso Creativo","twitter_card":"summary_large_image","twitter_misc":{"Escrito por":"Valpara\u00edso Creativo","Tiempo de lectura":"2 minutos"},"schema":{"@context":"https:\/\/schema.org","@graph":[{"@type":"Article","@id":"https:\/\/dev.antudigital.cl\/sites\/vc\/linea-de-apoyo-a-la-circulacion-de-la-musica-chilena-primer-llamado-convocatoria-2024\/#article","isPartOf":{"@id":"https:\/\/dev.antudigital.cl\/sites\/vc\/linea-de-apoyo-a-la-circulacion-de-la-musica-chilena-primer-llamado-convocatoria-2024\/"},"author":{"name":"Valpara\u00edso Creativo","@id":"https:\/\/dev.antudigital.cl\/sites\/vc\/#\/schema\/person\/c2b9da8dd545e27166fc5ab232837318"},"headline":"L\u00ednea de Apoyo a la Circulaci\u00f3n de la M\u00fasica Chilena \u2013 Primer llamado \u2013 Convocatoria 2024","datePublished":"2024-02-26T20:07:19+00:00","dateModified":"2024-02-26T20:07:24+00:00","mainEntityOfPage":{"@id":"https:\/\/dev.antudigital.cl\/sites\/vc\/linea-de-apoyo-a-la-circulacion-de-la-musica-chilena-primer-llamado-convocatoria-2024\/"},"wordCount":289,"image":{"@id":"https:\/\/dev.antudigital.cl\/sites\/vc\/linea-de-apoyo-a-la-circulacion-de-la-musica-chilena-primer-llamado-convocatoria-2024\/#primaryimage"},"thumbnailUrl":"https:\/\/dev.antudigital.cl\/sites\/vc\/wp-content\/uploads\/2024\/02\/Captura-de-Pantalla-2024-02-26-a-las-17.04.37.png","articleSection":["Uncategorized"],"inLanguage":"es"},{"@type":"WebPage","@id":"https:\/\/dev.antudigital.cl\/sites\/vc\/linea-de-apoyo-a-la-circulacion-de-la-musica-chilena-primer-llamado-convocatoria-2024\/","url":"https:\/\/dev.antudigital.cl\/sites\/vc\/linea-de-apoyo-a-la-circulacion-de-la-musica-chilena-primer-llamado-convocatoria-2024\/","name":"L\u00ednea de Apoyo a la Circulaci\u00f3n de la M\u00fasica Chilena \u2013 Primer llamado \u2013 Convocatoria 2024 - Valpara\u00ed\u00adso Creativo","isPartOf":{"@id":"https:\/\/dev.antudigital.cl\/sites\/vc\/#website"},"primaryImageOfPage":{"@id":"https:\/\/dev.antudigital.cl\/sites\/vc\/linea-de-apoyo-a-la-circulacion-de-la-musica-chilena-primer-llamado-convocatoria-2024\/#primaryimage"},"image":{"@id":"https:\/\/dev.antudigital.cl\/sites\/vc\/linea-de-apoyo-a-la-circulacion-de-la-musica-chilena-primer-llamado-convocatoria-2024\/#primaryimage"},"thumbnailUrl":"https:\/\/dev.antudigital.cl\/sites\/vc\/wp-content\/uploads\/2024\/02\/Captura-de-Pantalla-2024-02-26-a-las-17.04.37.png","datePublished":"2024-02-26T20:07:19+00:00","dateModified":"2024-02-26T20:07:24+00:00","author":{"@id":"https:\/\/dev.antudigital.cl\/sites\/vc\/#\/schema\/person\/c2b9da8dd545e27166fc5ab232837318"},"breadcrumb":{"@id":"https:\/\/dev.antudigital.cl\/sites\/vc\/linea-de-apoyo-a-la-circulacion-de-la-musica-chilena-primer-llamado-convocatoria-2024\/#breadcrumb"},"inLanguage":"es","potentialAction":[{"@type":"ReadAction","target":["https:\/\/dev.antudigital.cl\/sites\/vc\/linea-de-apoyo-a-la-circulacion-de-la-musica-chilena-primer-llamado-convocatoria-2024\/"]}]},{"@type":"ImageObject","inLanguage":"es","@id":"https:\/\/dev.antudigital.cl\/sites\/vc\/linea-de-apoyo-a-la-circulacion-de-la-musica-chilena-primer-llamado-convocatoria-2024\/#primaryimage","url":"https:\/\/dev.antudigital.cl\/sites\/vc\/wp-content\/uploads\/2024\/02\/Captura-de-Pantalla-2024-02-26-a-las-17.04.37.png","contentUrl":"https:\/\/dev.antudigital.cl\/sites\/vc\/wp-content\/uploads\/2024\/02\/Captura-de-Pantalla-2024-02-26-a-las-17.04.37.png","width":926,"height":195},{"@type":"BreadcrumbList","@id":"https:\/\/dev.antudigital.cl\/sites\/vc\/linea-de-apoyo-a-la-circulacion-de-la-musica-chilena-primer-llamado-convocatoria-2024\/#breadcrumb","itemListElement":[{"@type":"ListItem","position":1,"name":"Home","item":"https:\/\/dev.antudigital.cl\/sites\/vc\/"},{"@type":"ListItem","position":2,"name":"L\u00ednea de Apoyo a la Circulaci\u00f3n de la M\u00fasica Chilena \u2013 Primer llamado \u2013 Convocatoria 2024"}]},{"@type":"WebSite","@id":"https:\/\/dev.antudigital.cl\/sites\/vc\/#website","url":"https:\/\/dev.antudigital.cl\/sites\/vc\/","name":"Valpara\u00ed\u00adso Creativo","description":"","potentialAction":[{"@type":"SearchAction","target":{"@type":"EntryPoint","urlTemplate":"https:\/\/dev.antudigital.cl\/sites\/vc\/?s={search_term_string}"},"query-input":{"@type":"PropertyValueSpecification","valueRequired":true,"valueName":"search_term_string"}}],"inLanguage":"es"},{"@type":"Person","@id":"https:\/\/dev.antudigital.cl\/sites\/vc\/#\/schema\/person\/c2b9da8dd545e27166fc5ab232837318","name":"Valpara\u00edso Creativo","description":"Periodista de cultura en la Regi\u00f3n de Valpara\u00edso.","url":"https:\/\/dev.antudigital.cl\/sites\/vc\/author\/valpoadmin\/"}]}},"_links":{"self":[{"href":"https:\/\/dev.antudigital.cl\/sites\/vc\/wp-json\/wp\/v2\/posts\/18437","targetHints":{"allow":["GET"]}}],"collection":[{"href":"https:\/\/dev.antudigital.cl\/sites\/vc\/wp-json\/wp\/v2\/posts"}],"about":[{"href":"https:\/\/dev.antudigital.cl\/sites\/vc\/wp-json\/wp\/v2\/types\/post"}],"author":[{"embeddable":true,"href":"https:\/\/dev.antudigital.cl\/sites\/vc\/wp-json\/wp\/v2\/users\/1"}],"replies":[{"embeddable":true,"href":"https:\/\/dev.antudigital.cl\/sites\/vc\/wp-json\/wp\/v2\/comments?post=18437"}],"version-history":[{"count":1,"href":"https:\/\/dev.antudigital.cl\/sites\/vc\/wp-json\/wp\/v2\/posts\/18437\/revisions"}],"predecessor-version":[{"id":18438,"href":"https:\/\/dev.antudigital.cl\/sites\/vc\/wp-json\/wp\/v2\/posts\/18437\/revisions\/18438"}],"wp:featuredmedia":[{"embeddable":true,"href":"https:\/\/dev.antudigital.cl\/sites\/vc\/wp-json\/wp\/v2\/media\/18435"}],"wp:attachment":[{"href":"https:\/\/dev.antudigital.cl\/sites\/vc\/wp-json\/wp\/v2\/media?parent=18437"}],"wp:term":[{"taxonomy":"category","embeddable":true,"href":"https:\/\/dev.antudigital.cl\/sites\/vc\/wp-json\/wp\/v2\/categories?post=18437"},{"taxonomy":"post_tag","embeddable":true,"href":"https:\/\/dev.antudigital.cl\/sites\/vc\/wp-json\/wp\/v2\/tags?post=18437"}],"curies":[{"name":"wp","href":"https:\/\/api.w.org\/{rel}","templated":true}]}}