{"id":18439,"date":"2024-02-27T00:39:43","date_gmt":"2024-02-27T00:39:43","guid":{"rendered":"https:\/\/www.valparaisocreativo.cl\/?p=18439"},"modified":"2024-02-27T00:39:51","modified_gmt":"2024-02-27T00:39:51","slug":"abriendo-puertas-el-trabajo-de-fundacion-parque-de-la-ciencia","status":"publish","type":"post","link":"https:\/\/dev.antudigital.cl\/sites\/vc\/abriendo-puertas-el-trabajo-de-fundacion-parque-de-la-ciencia\/","title":{"rendered":"Abriendo puertas: el trabajo de Fundaci\u00f3n Parque de la Ciencia"},"content":{"rendered":"\n<p><a href=\"https:\/\/web.facebook.com\/profile.php?id=100083236873710\">Fundaci\u00f3n Parque de la Ciencia<\/a> existe desde el 2017 en Santo Domingo y se dedican a la divulgaci\u00f3n cient\u00edfica en torno a ciertos ejes tem\u00e1ticos. Durante el 2023 tuvimos la oportunidad de conocer sus dependencias, que hoy est\u00e1n en remodelaci\u00f3n, desde donde invitan a aprender, descubrir, y por tanto, crear. Creemos que conecta con la apertura de mente, la invenci\u00f3n y nuevas oportunidades creativas para el territorio.&nbsp;<\/p>\n\n\n\n<p>Actualmente se encuentran propiciando la rob\u00f3tica y astronom\u00eda desde el Litoral Central, involucr\u00e1ndose cada vez m\u00e1s con m\u00e1s espacios educativos, ya que su trabajo principalmente es con colegios.<\/p>\n\n\n\n<p>Entrevistamos a su Director y fundador, Juan Campino, quien por su pasi\u00f3n a la ciencia impuls\u00f3 esta Fundaci\u00f3n. \u00bfCu\u00e1l es su historia? Te contamos ac\u00e1:<\/p>\n\n\n\n<figure class=\"wp-block-image size-large\"><img fetchpriority=\"high\" decoding=\"async\" width=\"1024\" height=\"768\" src=\"https:\/\/www.valparaisocreativo.cl\/wp-content\/uploads\/2024\/02\/WhatsApp-Image-2024-02-26-at-17.09.38-1024x768.jpeg\" alt=\"\" class=\"wp-image-18440\" srcset=\"https:\/\/dev.antudigital.cl\/sites\/vc\/wp-content\/uploads\/2024\/02\/WhatsApp-Image-2024-02-26-at-17.09.38-1024x768.jpeg 1024w, https:\/\/dev.antudigital.cl\/sites\/vc\/wp-content\/uploads\/2024\/02\/WhatsApp-Image-2024-02-26-at-17.09.38-300x225.jpeg 300w, https:\/\/dev.antudigital.cl\/sites\/vc\/wp-content\/uploads\/2024\/02\/WhatsApp-Image-2024-02-26-at-17.09.38-768x576.jpeg 768w, https:\/\/dev.antudigital.cl\/sites\/vc\/wp-content\/uploads\/2024\/02\/WhatsApp-Image-2024-02-26-at-17.09.38-1536x1152.jpeg 1536w, https:\/\/dev.antudigital.cl\/sites\/vc\/wp-content\/uploads\/2024\/02\/WhatsApp-Image-2024-02-26-at-17.09.38-510x382.jpeg 510w, https:\/\/dev.antudigital.cl\/sites\/vc\/wp-content\/uploads\/2024\/02\/WhatsApp-Image-2024-02-26-at-17.09.38-1080x810.jpeg 1080w, https:\/\/dev.antudigital.cl\/sites\/vc\/wp-content\/uploads\/2024\/02\/WhatsApp-Image-2024-02-26-at-17.09.38-1280x960.jpeg 1280w, https:\/\/dev.antudigital.cl\/sites\/vc\/wp-content\/uploads\/2024\/02\/WhatsApp-Image-2024-02-26-at-17.09.38-980x735.jpeg 980w, https:\/\/dev.antudigital.cl\/sites\/vc\/wp-content\/uploads\/2024\/02\/WhatsApp-Image-2024-02-26-at-17.09.38-480x360.jpeg 480w, https:\/\/dev.antudigital.cl\/sites\/vc\/wp-content\/uploads\/2024\/02\/WhatsApp-Image-2024-02-26-at-17.09.38-24x18.jpeg 24w, https:\/\/dev.antudigital.cl\/sites\/vc\/wp-content\/uploads\/2024\/02\/WhatsApp-Image-2024-02-26-at-17.09.38-36x27.jpeg 36w, https:\/\/dev.antudigital.cl\/sites\/vc\/wp-content\/uploads\/2024\/02\/WhatsApp-Image-2024-02-26-at-17.09.38-48x36.jpeg 48w, https:\/\/dev.antudigital.cl\/sites\/vc\/wp-content\/uploads\/2024\/02\/WhatsApp-Image-2024-02-26-at-17.09.38.jpeg 1600w\" sizes=\"(max-width: 1024px) 100vw, 1024px\" \/><\/figure>\n\n\n\n<p><strong>\u00bfEn qu\u00e9 se encuentran actualmente? \u00bfPor qu\u00e9 est\u00e1n en remodelaci\u00f3n?<\/strong><\/p>\n\n\n\n<p>&#8211; El parque se fund\u00f3 hace 7 a\u00f1os ya, y hoy el edificio que tenemos nos limita y tenemos que desarmar algunas cosas para armar algunas de las que estamos preparando. La idea ac\u00e1 es poner un planetario importante. Yo viaj\u00e9 recientemente a Estados Unidos para ver c\u00f3mo los usan all\u00e1, que es un elemento importante para difundir la educaci\u00f3n. Eso es lo que se pretende ac\u00e1: poder complementar la educaci\u00f3n del territorio a trav\u00e9s de elementos de la ciencia.<\/p>\n\n\n\n<p><strong>\u00bfC\u00f3mo nace el Parque de la Ciencia? \u00bfCu\u00e1l es su historia?<\/strong><\/p>\n\n\n\n<p>&#8211; Siempre es bueno remontarse a la historia, y explicar por qu\u00e9 existimos y qu\u00e9 pretendemos. Yo desde ni\u00f1o fui muy aficionado a la astronom\u00eda, pero en aquellos a\u00f1os no hab\u00eda nada. Todo lo que aprend\u00eda era de boca de personas que tampoco entend\u00edan mucho. As\u00ed fui creciendo, y cuando estaba en la universidad me gan\u00e9 una beca para ir a Estados Unidos. Entonces fui a jugar f\u00fatbol y estudiaba all\u00e1. Resulta que donde fui, a la Universidad de Miami, que estaba muy cerca de la NASA. Esto fue el a\u00f1o 1967, previo a la llegada del hombre a la luna, entonces hab\u00edan programas en la NASA para estudiantes donde nos daban clases, a quienes est\u00e1bamos interesados en la tem\u00e1tica. Yo estudi\u00e9 Ingenier\u00eda Civil, por tanto, tengo manejo num\u00e9rico, as\u00ed que me sum\u00e9. Y esta experiencia fue inolvidable, ve\u00edamos despegar a los cohetes, con astronautas j\u00f3venes, casi de mi edad.&nbsp;<\/p>\n\n\n\n<p>Fue una \u00e9poca muy especial, donde aprend\u00ed muchas cosas de ellos y pude seguir muy de cerca la carrera espacial. En el momento que sali\u00f3 el Apolo 11 el 22 de julio de 1969, yo vi el despegue, pero hab\u00eda visto tantos otros despegues antes.. con los a\u00f1os me emociona ese en particular.&nbsp;<\/p>\n\n\n\n<p>Cuento esto porque cuando llegu\u00e9 a Chile, en el 70, pens\u00e9 que hab\u00eda aprendido cosas muy importantes y propuse una actividad por todo Chile, de ir con videos contando c\u00f3mo era la carrera espacial, lo que me llev\u00f3 a ense\u00f1ar. Yo estaba dedic\u00e1ndome a mi carrera, pero me di cuenta de que ten\u00eda una vocaci\u00f3n de este tipo. Yo ten\u00eda un avi\u00f3n y viajaba por Chile ense\u00f1ando sobre astronom\u00eda y otras tem\u00e1ticas.<\/p>\n\n\n\n<p>Fue cuando decid\u00ed asentarme en una ciudad que el alcalde de Santo Domingo me prest\u00f3 en comodato el terreno, que no es una instalaci\u00f3n menor. Hemos ido agregando en el tiempo la infraestructura. Y ahora estamos haciendo esto de \u201cllevarnos\u201d un edificio para instalar un planetario. Una vez que eso exista, Santo Domingo podr\u00e1 ser una comuna l\u00edder en estas tem\u00e1ticas. Queremos instalar una nueva mentalidad y cultura educativa en torno al planetario.<\/p>\n\n\n\n<p><strong>Ustedes se vinculan con estudiantes de todas las edades, \u00bfno?<\/strong><\/p>\n\n\n\n<p>&#8211; Claro, adem\u00e1s con los padres de los y las estudiantes, se recibe a la familia entera, entonces si muestras lo que quieres ense\u00f1ar de forma espectacular, evidentemente que tienes mucha m\u00e1s atenci\u00f3n de la audiencia, usando todos los medios disponibles. Esto que intentamos hacer no lo inventamos, sino que lo implementamos. Nosotros como Parque hemos ido aportando a trav\u00e9s del financiamiento de la Municipalidad que nos incluye en su visi\u00f3n.<\/p>\n\n\n\n<figure class=\"wp-block-image size-large\"><img decoding=\"async\" width=\"1024\" height=\"1024\" src=\"https:\/\/www.valparaisocreativo.cl\/wp-content\/uploads\/2024\/02\/Parque-de-la-ciencia-1024x1024.jpeg\" alt=\"\" class=\"wp-image-18442\" srcset=\"https:\/\/dev.antudigital.cl\/sites\/vc\/wp-content\/uploads\/2024\/02\/Parque-de-la-ciencia-1024x1024.jpeg 1024w, https:\/\/dev.antudigital.cl\/sites\/vc\/wp-content\/uploads\/2024\/02\/Parque-de-la-ciencia-300x300.jpeg 300w, https:\/\/dev.antudigital.cl\/sites\/vc\/wp-content\/uploads\/2024\/02\/Parque-de-la-ciencia-150x150.jpeg 150w, https:\/\/dev.antudigital.cl\/sites\/vc\/wp-content\/uploads\/2024\/02\/Parque-de-la-ciencia-768x768.jpeg 768w, https:\/\/dev.antudigital.cl\/sites\/vc\/wp-content\/uploads\/2024\/02\/Parque-de-la-ciencia-1080x1080.jpeg 1080w, https:\/\/dev.antudigital.cl\/sites\/vc\/wp-content\/uploads\/2024\/02\/Parque-de-la-ciencia-1280x1280.jpeg 1280w, https:\/\/dev.antudigital.cl\/sites\/vc\/wp-content\/uploads\/2024\/02\/Parque-de-la-ciencia-980x980.jpeg 980w, https:\/\/dev.antudigital.cl\/sites\/vc\/wp-content\/uploads\/2024\/02\/Parque-de-la-ciencia-480x480.jpeg 480w, https:\/\/dev.antudigital.cl\/sites\/vc\/wp-content\/uploads\/2024\/02\/Parque-de-la-ciencia-24x24.jpeg 24w, https:\/\/dev.antudigital.cl\/sites\/vc\/wp-content\/uploads\/2024\/02\/Parque-de-la-ciencia-36x36.jpeg 36w, https:\/\/dev.antudigital.cl\/sites\/vc\/wp-content\/uploads\/2024\/02\/Parque-de-la-ciencia-48x48.jpeg 48w, https:\/\/dev.antudigital.cl\/sites\/vc\/wp-content\/uploads\/2024\/02\/Parque-de-la-ciencia.jpeg 1440w\" sizes=\"(max-width: 1024px) 100vw, 1024px\" \/><\/figure>\n\n\n\n<p><strong>Volviendo a la historia, \u00bfc\u00f3mo ha sido el recorrido desde que comenz\u00f3 el acuerdo de comodato y se est\u00e1 armando e ideando el Parque de la Ciencia?<\/strong><\/p>\n\n\n\n<p>&#8211; Nosotros comenzamos a construir el a\u00f1o 2016, con paneles solares para ense\u00f1ar energ\u00eda, pusimos un observatorio y comenzamos con una peque\u00f1a sala de rob\u00f3tica y alguna actividad en torno a la astronom\u00eda. As\u00ed partimos. La rob\u00f3tica hoy mueve al mundo, es importante que los chicos y chicas puedan acceder a estas herramientas antes de la universidad. Nos preocupamos de eso, hicimos varios cursos que seguimos haciendo en los colegios, y de a poco vamos adquiriendo nuevas t\u00e9cnicas.<\/p>\n\n\n\n<p>Primero nos acercamos a esos tres ejes: energ\u00edas renovables, rob\u00f3tica y astronom\u00eda, pero limitados por el espacio. Nos fueron entregando m\u00e1s superficie y ah\u00ed fuimos implementando, por ejemplo, salas de clases, un edificio de recepci\u00f3n, donde est\u00e1n las oficinas. Y tambi\u00e9n hicimos un auditorio importante, para 100 personas, el m\u00e1s grande que existe ac\u00e1 en Santo Domingo, el que tiene gran ocupaci\u00f3n.\u00a0<br>Entonces en este auditorio pudimos simular, a trav\u00e9s de programas, c\u00f3mo es la condici\u00f3n del cielo cuando no podemos usar el observatorio, as\u00ed para ense\u00f1ar. Tambi\u00e9n nos permite observar mejor los planetas y todos los elementos. As\u00ed se aprecia mucho mejor todo, por lo que ah\u00ed ense\u00f1amos.<\/p>\n\n\n\n<p>De a poco hemos ido creciendo, agregando talleres de biolog\u00eda, un invernadero con todo lo que eso conlleva. Considerar que uno va creciendo en la medida de las necesidades de quienes vienen.<\/p>\n\n\n\n<p>Otro tema que hemos ahondado bastante bien es un ciclo de conferencias, viene mucha gente ac\u00e1 a disfrutar de tem\u00e1ticas variadas, por lo que hay un p\u00fablico siempre disponible. Nuestra tarea es meternos un poco en la cabeza de la gente y ver qu\u00e9 quieren. Por una parte preparamos a los chicos para que tengan una mejor escolaridad, y vamos quemando etapas, descubriendo nuevas cosas y eso nuevo lo tenemos que dar en nuestra oferta para que la gente siga interes\u00e1ndose.<\/p>\n\n\n\n<p>Todo esto lo hacemos con la ayuda de la Municipalidad y el Puerto de San Antonio, quienes nos permiten seguir haciendo actividades.<\/p>\n\n\n\n<p><strong>Volviendo a ustedes y su misi\u00f3n y visi\u00f3n, \u00bfqu\u00e9 es lo que buscan entregar con esta programaci\u00f3n al territorio?<\/strong><\/p>\n\n\n\n<p>&#8211; La visi\u00f3n, lo que vemos nosotros, es que hay un d\u00e9ficit educacional en la provincia de San Antonio, donde los colegios carecen de infraestructura y talleres en torno a la ciencia. Ac\u00e1 tenemos \u00e1reas verdes e infraestructura, buscando aportar desde ah\u00ed. La educaci\u00f3n se concentra en la educaci\u00f3n p\u00fablica, la que adolece de ciertas problem\u00e1ticas, que podemos aportar mejorando el est\u00e1ndar educacional en el caso de la ciencia. Cuando hacemos las conferencias, buscamos hacerlo lo m\u00e1s entretenido posible para todas las edades, y lo que pensamos es poder aportar un grano de arena a la educaci\u00f3n en general y abrirle a los chicos y chicas la ciencia, siendo eminentemente cient\u00edficos ac\u00e1.<\/p>\n\n\n\n<p>Recuerdo que mi pap\u00e1 me llevaba a la Universidad Cat\u00f3lica, y yo de ni\u00f1o miraba todo anonadado, la estructura, etc\u00e9tera. Tuve eso en mi retina, en mi cultura. Pero cuando no vives cerca de eso, como ac\u00e1, hay otro pensamiento. Falta conciencia de que existe una universidad y el impacto que genera, lo que cambia la mentalidad, por lo que es interesante entregar una visi\u00f3n universitaria y hacemos eventos vincul\u00e1ndonos con casas de estudios para que puedan conocer experiencias y la oferta acad\u00e9mica.<\/p>\n\n\n\n<p>Es un esfuerzo y son recursos, es todo un camino en esto que no es f\u00e1cil, pero lo intentamos evidentemente.<\/p>\n\n\n\n<figure class=\"wp-block-image size-large\"><img decoding=\"async\" width=\"1024\" height=\"1024\" src=\"https:\/\/www.valparaisocreativo.cl\/wp-content\/uploads\/2024\/02\/Parque-de-la-ciencia-2-1024x1024.jpeg\" alt=\"\" class=\"wp-image-18441\" srcset=\"https:\/\/dev.antudigital.cl\/sites\/vc\/wp-content\/uploads\/2024\/02\/Parque-de-la-ciencia-2-1024x1024.jpeg 1024w, https:\/\/dev.antudigital.cl\/sites\/vc\/wp-content\/uploads\/2024\/02\/Parque-de-la-ciencia-2-300x300.jpeg 300w, https:\/\/dev.antudigital.cl\/sites\/vc\/wp-content\/uploads\/2024\/02\/Parque-de-la-ciencia-2-150x150.jpeg 150w, https:\/\/dev.antudigital.cl\/sites\/vc\/wp-content\/uploads\/2024\/02\/Parque-de-la-ciencia-2-768x768.jpeg 768w, https:\/\/dev.antudigital.cl\/sites\/vc\/wp-content\/uploads\/2024\/02\/Parque-de-la-ciencia-2-1080x1080.jpeg 1080w, https:\/\/dev.antudigital.cl\/sites\/vc\/wp-content\/uploads\/2024\/02\/Parque-de-la-ciencia-2-1280x1280.jpeg 1280w, https:\/\/dev.antudigital.cl\/sites\/vc\/wp-content\/uploads\/2024\/02\/Parque-de-la-ciencia-2-980x980.jpeg 980w, https:\/\/dev.antudigital.cl\/sites\/vc\/wp-content\/uploads\/2024\/02\/Parque-de-la-ciencia-2-480x480.jpeg 480w, https:\/\/dev.antudigital.cl\/sites\/vc\/wp-content\/uploads\/2024\/02\/Parque-de-la-ciencia-2-24x24.jpeg 24w, https:\/\/dev.antudigital.cl\/sites\/vc\/wp-content\/uploads\/2024\/02\/Parque-de-la-ciencia-2-36x36.jpeg 36w, https:\/\/dev.antudigital.cl\/sites\/vc\/wp-content\/uploads\/2024\/02\/Parque-de-la-ciencia-2-48x48.jpeg 48w, https:\/\/dev.antudigital.cl\/sites\/vc\/wp-content\/uploads\/2024\/02\/Parque-de-la-ciencia-2.jpeg 1440w\" sizes=\"(max-width: 1024px) 100vw, 1024px\" \/><\/figure>\n\n\n\n<p><strong>Tambi\u00e9n quer\u00eda saber c\u00f3mo es buscar conectar con estas audiencias, tan diversas en contextos y edades, \u00bfc\u00f3mo es ese inter\u00e9s?<\/strong><\/p>\n\n\n\n<p>&#8211; Nosotros buscamos presencia m\u00e1s que nada en redes sociales. Nos anunciamos y damos a conocer por ah\u00ed, adem\u00e1s del boca a boca, y creo que nos perciben gracias a nuestra periodista. La gente sabe lo que hacemos, por lo que tenemos bastante concurrencia, pero el m\u00e9rito no est\u00e1 en elegir expositores a la pinta de uno, sino que le aporten a la comunidad. En la astronom\u00eda estamos bien desarrollados y nos arreglamos para hacer crecer ese inter\u00e9s. Ya tenemos siete a\u00f1os en esto y hay resultados. Nos estamos formando en academia de astronom\u00eda y rob\u00f3tica, donde ingresaremos con equipos de competici\u00f3n al medio. En septiembre tendremos un importante campeonato de rob\u00f3tica, lo que sin duda ser\u00e1 bueno.<\/p>\n\n\n\n<p>Tambi\u00e9n tenemos la Star Party, una fiesta grande que ya hemos hecho dos veces, se llena de gente. Nos conseguimos un terreno y vienen personas con telescopio para que la gente vea el cielo, generalmente lo hacemos en noviembre. Eso emociona. Los chicos y chicas van abriendo su apetito e interes\u00e1ndose en esta materia.<\/p>\n\n\n\n<p>El 2023 tambi\u00e9n hicimos un Congreso de Astronom\u00eda, donde vinieron cientos de personas, gente de todos los pa\u00edses y continentes, as\u00ed que quedamos contentos porque nos funcionaron las iniciativas. En la medida que uno se interese en hacer cosas, se logran hacer dichas cosas.&nbsp;<\/p>\n\n\n\n<p>Parques como el que tenemos ac\u00e1, existen en Estados Unidos de donde traje la idea, pero all\u00e1 los auspician las empresas. Ac\u00e1 la situaci\u00f3n es diferente, hay una brecha y es una tarea educacional, administrativa, de convencimiento que hay que hacer. Hay que ir busc\u00e1ndole el lado para que nos vaya bien y mantenerlo, que la gente sepa que existimos. Ac\u00e1 no hab\u00eda nada cient\u00edfico, tuvimos que vencer barreras, y eso es valioso. Abre el apetito de aprender. Y hay una cercan\u00eda con la comunidad.<\/p>\n\n\n\n<p><strong>Siento que nos conectamos en eso con la creatividad: est\u00e1n sembrando una semilla a la creaci\u00f3n, a la curiosidad en quienes son sus usuarios.<\/strong><\/p>\n\n\n\n<p>&#8211; Sobre todo nuestro trabajo es muy valioso en este entorno en el que no hay nada m\u00e1s cient\u00edfico. Esa es nuestra funci\u00f3n: abrir ventanas y abrir puertas.<\/p>\n\n\n\n<p><\/p>\n\n\n\n<p><\/p>\n\n\n\n<p><\/p>\n\n\n\n<p>Puedes conocer m\u00e1s de <a href=\"https:\/\/www.instagram.com\/fundacionparquedelaciencia\">Fundaci\u00f3n Parque de la Ciencia en sus redes sociales.<\/a><\/p>\n\n\n\n<p><\/p>\n","protected":false},"excerpt":{"rendered":"<p>Fundaci\u00f3n Parque de la Ciencia existe desde el 2017 en Santo Domingo y se dedican a la divulgaci\u00f3n cient\u00edfica en torno a ciertos ejes tem\u00e1ticos. Durante el 2023 tuvimos la oportunidad de conocer sus dependencias, que hoy est\u00e1n en remodelaci\u00f3n, desde donde invitan a aprender, descubrir, y por tanto, crear. Creemos que conecta con la [&hellip;]<\/p>\n","protected":false},"author":1,"featured_media":18443,"comment_status":"closed","ping_status":"closed","sticky":false,"template":"","format":"standard","meta":{"_acf_changed":false,"footnotes":""},"categories":[218],"tags":[],"class_list":["post-18439","post","type-post","status-publish","format-standard","has-post-thumbnail","hentry","category-blog"],"acf":[],"yoast_head":"<!-- This site is optimized with the Yoast SEO plugin v27.1.1 - https:\/\/yoast.com\/product\/yoast-seo-wordpress\/ -->\n<title>Abriendo puertas: el trabajo de Fundaci\u00f3n Parque de la Ciencia - Valpara\u00ed\u00adso Creativo<\/title>\n<meta name=\"robots\" content=\"index, follow, max-snippet:-1, max-image-preview:large, max-video-preview:-1\" \/>\n<link rel=\"canonical\" href=\"https:\/\/dev.antudigital.cl\/sites\/vc\/abriendo-puertas-el-trabajo-de-fundacion-parque-de-la-ciencia\/\" \/>\n<meta property=\"og:locale\" content=\"es_ES\" \/>\n<meta property=\"og:type\" content=\"article\" \/>\n<meta property=\"og:title\" content=\"Abriendo puertas: el trabajo de Fundaci\u00f3n Parque de la Ciencia - Valpara\u00ed\u00adso Creativo\" \/>\n<meta property=\"og:description\" content=\"Fundaci\u00f3n Parque de la Ciencia existe desde el 2017 en Santo Domingo y se dedican a la divulgaci\u00f3n cient\u00edfica en torno a ciertos ejes tem\u00e1ticos. Durante el 2023 tuvimos la oportunidad de conocer sus dependencias, que hoy est\u00e1n en remodelaci\u00f3n, desde donde invitan a aprender, descubrir, y por tanto, crear. Creemos que conecta con la [&hellip;]\" \/>\n<meta property=\"og:url\" content=\"https:\/\/dev.antudigital.cl\/sites\/vc\/abriendo-puertas-el-trabajo-de-fundacion-parque-de-la-ciencia\/\" \/>\n<meta property=\"og:site_name\" content=\"Valpara\u00ed\u00adso Creativo\" \/>\n<meta property=\"article:published_time\" content=\"2024-02-27T00:39:43+00:00\" \/>\n<meta property=\"article:modified_time\" content=\"2024-02-27T00:39:51+00:00\" \/>\n<meta property=\"og:image\" content=\"https:\/\/dev.antudigital.cl\/sites\/vc\/wp-content\/uploads\/2024\/02\/Paruq-ede-la-ciencia-scaled.jpeg\" \/>\n\t<meta property=\"og:image:width\" content=\"2560\" \/>\n\t<meta property=\"og:image:height\" content=\"1182\" \/>\n\t<meta property=\"og:image:type\" content=\"image\/jpeg\" \/>\n<meta name=\"author\" content=\"Valpara\u00edso Creativo\" \/>\n<meta name=\"twitter:card\" content=\"summary_large_image\" \/>\n<meta name=\"twitter:label1\" content=\"Escrito por\" \/>\n\t<meta name=\"twitter:data1\" content=\"Valpara\u00edso Creativo\" \/>\n\t<meta name=\"twitter:label2\" content=\"Tiempo de lectura\" \/>\n\t<meta name=\"twitter:data2\" content=\"9 minutos\" \/>\n<script type=\"application\/ld+json\" class=\"yoast-schema-graph\">{\"@context\":\"https:\/\/schema.org\",\"@graph\":[{\"@type\":\"Article\",\"@id\":\"https:\/\/dev.antudigital.cl\/sites\/vc\/abriendo-puertas-el-trabajo-de-fundacion-parque-de-la-ciencia\/#article\",\"isPartOf\":{\"@id\":\"https:\/\/dev.antudigital.cl\/sites\/vc\/abriendo-puertas-el-trabajo-de-fundacion-parque-de-la-ciencia\/\"},\"author\":{\"name\":\"Valpara\u00edso Creativo\",\"@id\":\"https:\/\/dev.antudigital.cl\/sites\/vc\/#\/schema\/person\/c2b9da8dd545e27166fc5ab232837318\"},\"headline\":\"Abriendo puertas: el trabajo de Fundaci\u00f3n Parque de la Ciencia\",\"datePublished\":\"2024-02-27T00:39:43+00:00\",\"dateModified\":\"2024-02-27T00:39:51+00:00\",\"mainEntityOfPage\":{\"@id\":\"https:\/\/dev.antudigital.cl\/sites\/vc\/abriendo-puertas-el-trabajo-de-fundacion-parque-de-la-ciencia\/\"},\"wordCount\":1764,\"image\":{\"@id\":\"https:\/\/dev.antudigital.cl\/sites\/vc\/abriendo-puertas-el-trabajo-de-fundacion-parque-de-la-ciencia\/#primaryimage\"},\"thumbnailUrl\":\"https:\/\/dev.antudigital.cl\/sites\/vc\/wp-content\/uploads\/2024\/02\/Paruq-ede-la-ciencia-scaled.jpeg\",\"articleSection\":[\"Blog\"],\"inLanguage\":\"es\"},{\"@type\":\"WebPage\",\"@id\":\"https:\/\/dev.antudigital.cl\/sites\/vc\/abriendo-puertas-el-trabajo-de-fundacion-parque-de-la-ciencia\/\",\"url\":\"https:\/\/dev.antudigital.cl\/sites\/vc\/abriendo-puertas-el-trabajo-de-fundacion-parque-de-la-ciencia\/\",\"name\":\"Abriendo puertas: el trabajo de Fundaci\u00f3n Parque de la Ciencia - Valpara\u00ed\u00adso Creativo\",\"isPartOf\":{\"@id\":\"https:\/\/dev.antudigital.cl\/sites\/vc\/#website\"},\"primaryImageOfPage\":{\"@id\":\"https:\/\/dev.antudigital.cl\/sites\/vc\/abriendo-puertas-el-trabajo-de-fundacion-parque-de-la-ciencia\/#primaryimage\"},\"image\":{\"@id\":\"https:\/\/dev.antudigital.cl\/sites\/vc\/abriendo-puertas-el-trabajo-de-fundacion-parque-de-la-ciencia\/#primaryimage\"},\"thumbnailUrl\":\"https:\/\/dev.antudigital.cl\/sites\/vc\/wp-content\/uploads\/2024\/02\/Paruq-ede-la-ciencia-scaled.jpeg\",\"datePublished\":\"2024-02-27T00:39:43+00:00\",\"dateModified\":\"2024-02-27T00:39:51+00:00\",\"author\":{\"@id\":\"https:\/\/dev.antudigital.cl\/sites\/vc\/#\/schema\/person\/c2b9da8dd545e27166fc5ab232837318\"},\"breadcrumb\":{\"@id\":\"https:\/\/dev.antudigital.cl\/sites\/vc\/abriendo-puertas-el-trabajo-de-fundacion-parque-de-la-ciencia\/#breadcrumb\"},\"inLanguage\":\"es\",\"potentialAction\":[{\"@type\":\"ReadAction\",\"target\":[\"https:\/\/dev.antudigital.cl\/sites\/vc\/abriendo-puertas-el-trabajo-de-fundacion-parque-de-la-ciencia\/\"]}]},{\"@type\":\"ImageObject\",\"inLanguage\":\"es\",\"@id\":\"https:\/\/dev.antudigital.cl\/sites\/vc\/abriendo-puertas-el-trabajo-de-fundacion-parque-de-la-ciencia\/#primaryimage\",\"url\":\"https:\/\/dev.antudigital.cl\/sites\/vc\/wp-content\/uploads\/2024\/02\/Paruq-ede-la-ciencia-scaled.jpeg\",\"contentUrl\":\"https:\/\/dev.antudigital.cl\/sites\/vc\/wp-content\/uploads\/2024\/02\/Paruq-ede-la-ciencia-scaled.jpeg\",\"width\":2560,\"height\":1182},{\"@type\":\"BreadcrumbList\",\"@id\":\"https:\/\/dev.antudigital.cl\/sites\/vc\/abriendo-puertas-el-trabajo-de-fundacion-parque-de-la-ciencia\/#breadcrumb\",\"itemListElement\":[{\"@type\":\"ListItem\",\"position\":1,\"name\":\"Home\",\"item\":\"https:\/\/dev.antudigital.cl\/sites\/vc\/\"},{\"@type\":\"ListItem\",\"position\":2,\"name\":\"Abriendo puertas: el trabajo de Fundaci\u00f3n Parque de la Ciencia\"}]},{\"@type\":\"WebSite\",\"@id\":\"https:\/\/dev.antudigital.cl\/sites\/vc\/#website\",\"url\":\"https:\/\/dev.antudigital.cl\/sites\/vc\/\",\"name\":\"Valpara\u00ed\u00adso Creativo\",\"description\":\"\",\"potentialAction\":[{\"@type\":\"SearchAction\",\"target\":{\"@type\":\"EntryPoint\",\"urlTemplate\":\"https:\/\/dev.antudigital.cl\/sites\/vc\/?s={search_term_string}\"},\"query-input\":{\"@type\":\"PropertyValueSpecification\",\"valueRequired\":true,\"valueName\":\"search_term_string\"}}],\"inLanguage\":\"es\"},{\"@type\":\"Person\",\"@id\":\"https:\/\/dev.antudigital.cl\/sites\/vc\/#\/schema\/person\/c2b9da8dd545e27166fc5ab232837318\",\"name\":\"Valpara\u00edso Creativo\",\"description\":\"Periodista de cultura en la Regi\u00f3n de Valpara\u00edso.\",\"url\":\"https:\/\/dev.antudigital.cl\/sites\/vc\/author\/valpoadmin\/\"}]}<\/script>\n<!-- \/ Yoast SEO plugin. -->","yoast_head_json":{"title":"Abriendo puertas: el trabajo de Fundaci\u00f3n Parque de la Ciencia - Valpara\u00ed\u00adso Creativo","robots":{"index":"index","follow":"follow","max-snippet":"max-snippet:-1","max-image-preview":"max-image-preview:large","max-video-preview":"max-video-preview:-1"},"canonical":"https:\/\/dev.antudigital.cl\/sites\/vc\/abriendo-puertas-el-trabajo-de-fundacion-parque-de-la-ciencia\/","og_locale":"es_ES","og_type":"article","og_title":"Abriendo puertas: el trabajo de Fundaci\u00f3n Parque de la Ciencia - Valpara\u00ed\u00adso Creativo","og_description":"Fundaci\u00f3n Parque de la Ciencia existe desde el 2017 en Santo Domingo y se dedican a la divulgaci\u00f3n cient\u00edfica en torno a ciertos ejes tem\u00e1ticos. Durante el 2023 tuvimos la oportunidad de conocer sus dependencias, que hoy est\u00e1n en remodelaci\u00f3n, desde donde invitan a aprender, descubrir, y por tanto, crear. Creemos que conecta con la [&hellip;]","og_url":"https:\/\/dev.antudigital.cl\/sites\/vc\/abriendo-puertas-el-trabajo-de-fundacion-parque-de-la-ciencia\/","og_site_name":"Valpara\u00ed\u00adso Creativo","article_published_time":"2024-02-27T00:39:43+00:00","article_modified_time":"2024-02-27T00:39:51+00:00","og_image":[{"width":2560,"height":1182,"url":"https:\/\/dev.antudigital.cl\/sites\/vc\/wp-content\/uploads\/2024\/02\/Paruq-ede-la-ciencia-scaled.jpeg","type":"image\/jpeg"}],"author":"Valpara\u00edso Creativo","twitter_card":"summary_large_image","twitter_misc":{"Escrito por":"Valpara\u00edso Creativo","Tiempo de lectura":"9 minutos"},"schema":{"@context":"https:\/\/schema.org","@graph":[{"@type":"Article","@id":"https:\/\/dev.antudigital.cl\/sites\/vc\/abriendo-puertas-el-trabajo-de-fundacion-parque-de-la-ciencia\/#article","isPartOf":{"@id":"https:\/\/dev.antudigital.cl\/sites\/vc\/abriendo-puertas-el-trabajo-de-fundacion-parque-de-la-ciencia\/"},"author":{"name":"Valpara\u00edso Creativo","@id":"https:\/\/dev.antudigital.cl\/sites\/vc\/#\/schema\/person\/c2b9da8dd545e27166fc5ab232837318"},"headline":"Abriendo puertas: el trabajo de Fundaci\u00f3n Parque de la Ciencia","datePublished":"2024-02-27T00:39:43+00:00","dateModified":"2024-02-27T00:39:51+00:00","mainEntityOfPage":{"@id":"https:\/\/dev.antudigital.cl\/sites\/vc\/abriendo-puertas-el-trabajo-de-fundacion-parque-de-la-ciencia\/"},"wordCount":1764,"image":{"@id":"https:\/\/dev.antudigital.cl\/sites\/vc\/abriendo-puertas-el-trabajo-de-fundacion-parque-de-la-ciencia\/#primaryimage"},"thumbnailUrl":"https:\/\/dev.antudigital.cl\/sites\/vc\/wp-content\/uploads\/2024\/02\/Paruq-ede-la-ciencia-scaled.jpeg","articleSection":["Blog"],"inLanguage":"es"},{"@type":"WebPage","@id":"https:\/\/dev.antudigital.cl\/sites\/vc\/abriendo-puertas-el-trabajo-de-fundacion-parque-de-la-ciencia\/","url":"https:\/\/dev.antudigital.cl\/sites\/vc\/abriendo-puertas-el-trabajo-de-fundacion-parque-de-la-ciencia\/","name":"Abriendo puertas: el trabajo de Fundaci\u00f3n Parque de la Ciencia - Valpara\u00ed\u00adso Creativo","isPartOf":{"@id":"https:\/\/dev.antudigital.cl\/sites\/vc\/#website"},"primaryImageOfPage":{"@id":"https:\/\/dev.antudigital.cl\/sites\/vc\/abriendo-puertas-el-trabajo-de-fundacion-parque-de-la-ciencia\/#primaryimage"},"image":{"@id":"https:\/\/dev.antudigital.cl\/sites\/vc\/abriendo-puertas-el-trabajo-de-fundacion-parque-de-la-ciencia\/#primaryimage"},"thumbnailUrl":"https:\/\/dev.antudigital.cl\/sites\/vc\/wp-content\/uploads\/2024\/02\/Paruq-ede-la-ciencia-scaled.jpeg","datePublished":"2024-02-27T00:39:43+00:00","dateModified":"2024-02-27T00:39:51+00:00","author":{"@id":"https:\/\/dev.antudigital.cl\/sites\/vc\/#\/schema\/person\/c2b9da8dd545e27166fc5ab232837318"},"breadcrumb":{"@id":"https:\/\/dev.antudigital.cl\/sites\/vc\/abriendo-puertas-el-trabajo-de-fundacion-parque-de-la-ciencia\/#breadcrumb"},"inLanguage":"es","potentialAction":[{"@type":"ReadAction","target":["https:\/\/dev.antudigital.cl\/sites\/vc\/abriendo-puertas-el-trabajo-de-fundacion-parque-de-la-ciencia\/"]}]},{"@type":"ImageObject","inLanguage":"es","@id":"https:\/\/dev.antudigital.cl\/sites\/vc\/abriendo-puertas-el-trabajo-de-fundacion-parque-de-la-ciencia\/#primaryimage","url":"https:\/\/dev.antudigital.cl\/sites\/vc\/wp-content\/uploads\/2024\/02\/Paruq-ede-la-ciencia-scaled.jpeg","contentUrl":"https:\/\/dev.antudigital.cl\/sites\/vc\/wp-content\/uploads\/2024\/02\/Paruq-ede-la-ciencia-scaled.jpeg","width":2560,"height":1182},{"@type":"BreadcrumbList","@id":"https:\/\/dev.antudigital.cl\/sites\/vc\/abriendo-puertas-el-trabajo-de-fundacion-parque-de-la-ciencia\/#breadcrumb","itemListElement":[{"@type":"ListItem","position":1,"name":"Home","item":"https:\/\/dev.antudigital.cl\/sites\/vc\/"},{"@type":"ListItem","position":2,"name":"Abriendo puertas: el trabajo de Fundaci\u00f3n Parque de la Ciencia"}]},{"@type":"WebSite","@id":"https:\/\/dev.antudigital.cl\/sites\/vc\/#website","url":"https:\/\/dev.antudigital.cl\/sites\/vc\/","name":"Valpara\u00ed\u00adso Creativo","description":"","potentialAction":[{"@type":"SearchAction","target":{"@type":"EntryPoint","urlTemplate":"https:\/\/dev.antudigital.cl\/sites\/vc\/?s={search_term_string}"},"query-input":{"@type":"PropertyValueSpecification","valueRequired":true,"valueName":"search_term_string"}}],"inLanguage":"es"},{"@type":"Person","@id":"https:\/\/dev.antudigital.cl\/sites\/vc\/#\/schema\/person\/c2b9da8dd545e27166fc5ab232837318","name":"Valpara\u00edso Creativo","description":"Periodista de cultura en la Regi\u00f3n de Valpara\u00edso.","url":"https:\/\/dev.antudigital.cl\/sites\/vc\/author\/valpoadmin\/"}]}},"_links":{"self":[{"href":"https:\/\/dev.antudigital.cl\/sites\/vc\/wp-json\/wp\/v2\/posts\/18439","targetHints":{"allow":["GET"]}}],"collection":[{"href":"https:\/\/dev.antudigital.cl\/sites\/vc\/wp-json\/wp\/v2\/posts"}],"about":[{"href":"https:\/\/dev.antudigital.cl\/sites\/vc\/wp-json\/wp\/v2\/types\/post"}],"author":[{"embeddable":true,"href":"https:\/\/dev.antudigital.cl\/sites\/vc\/wp-json\/wp\/v2\/users\/1"}],"replies":[{"embeddable":true,"href":"https:\/\/dev.antudigital.cl\/sites\/vc\/wp-json\/wp\/v2\/comments?post=18439"}],"version-history":[{"count":1,"href":"https:\/\/dev.antudigital.cl\/sites\/vc\/wp-json\/wp\/v2\/posts\/18439\/revisions"}],"predecessor-version":[{"id":18444,"href":"https:\/\/dev.antudigital.cl\/sites\/vc\/wp-json\/wp\/v2\/posts\/18439\/revisions\/18444"}],"wp:featuredmedia":[{"embeddable":true,"href":"https:\/\/dev.antudigital.cl\/sites\/vc\/wp-json\/wp\/v2\/media\/18443"}],"wp:attachment":[{"href":"https:\/\/dev.antudigital.cl\/sites\/vc\/wp-json\/wp\/v2\/media?parent=18439"}],"wp:term":[{"taxonomy":"category","embeddable":true,"href":"https:\/\/dev.antudigital.cl\/sites\/vc\/wp-json\/wp\/v2\/categories?post=18439"},{"taxonomy":"post_tag","embeddable":true,"href":"https:\/\/dev.antudigital.cl\/sites\/vc\/wp-json\/wp\/v2\/tags?post=18439"}],"curies":[{"name":"wp","href":"https:\/\/api.w.org\/{rel}","templated":true}]}}