{"id":18469,"date":"2024-03-04T17:44:27","date_gmt":"2024-03-04T17:44:27","guid":{"rendered":"https:\/\/www.valparaisocreativo.cl\/?p=18469"},"modified":"2024-03-04T17:44:36","modified_gmt":"2024-03-04T17:44:36","slug":"una-aventura-teatral-se-vivira-en-la-sala-teatro-ipa-con-el-clasico-del-escritor-frances-antoine-de-saint-exupery-el-principito","status":"publish","type":"post","link":"https:\/\/dev.antudigital.cl\/sites\/vc\/una-aventura-teatral-se-vivira-en-la-sala-teatro-ipa-con-el-clasico-del-escritor-frances-antoine-de-saint-exupery-el-principito\/","title":{"rendered":"Una aventura teatral se vivir\u00e1\u00a0en la sala teatro IPA\u00a0 con el cl\u00e1sico del escritor franc\u00e9s\u00a0Antoine de Saint-Exup\u00e9ry\u00a0\u201cEL PRINCIPITO\u201d"},"content":{"rendered":"\n<p>En la&nbsp;<strong>Sala de Teatro del Centro Cultural IPA<\/strong>&nbsp;de Valpara\u00edso, se presenta el&nbsp;&nbsp;<strong>9&nbsp;de marzo&nbsp;de 2024<\/strong>&nbsp;<strong>\u201cEL PRINCIPITO\u201d<\/strong>&nbsp;<strong><em>una aventura teatral<\/em><\/strong>, obra basada en la novela de Antoine de Saint-Exup\u00e9ry,&nbsp;que narra las haza\u00f1as de un peque\u00f1o pr\u00edncipe de otro planeta, que ve con extra\u00f1eza las formas de los adultos y deja a su paso diferentes ense\u00f1anzas. El personaje del ni\u00f1o, junto a un sinf\u00edn de otros &nbsp;personajes, nos permite contemplar &nbsp;esa riqueza filos\u00f3fica que lo convierte en una obra atemporal y digna de ser siempre vista, como tambi\u00e9n le\u00edda en cada etapa de la vida.<\/p>\n\n\n\n<p><em>Marcela Molina, actriz del montaje menciona:\u00a0\u201cesta obra nos invita a viajar por nuestras emociones y encontrarnos con nuestro ni\u00f1o o ni\u00f1a interior, a ver la vida desde la simpleza y sencillez con la que las y los m\u00e1s peques la ven. Valorar la amistad y los afectos, en una sociedad donde estamos inmersos en la inmediatez, en el hacer y la constante rutina.\u201d<\/em><\/p>\n\n\n\n<figure class=\"wp-block-image size-large\"><img fetchpriority=\"high\" decoding=\"async\" width=\"683\" height=\"1024\" src=\"https:\/\/www.valparaisocreativo.cl\/wp-content\/uploads\/2024\/03\/14052020-DSC04800-1-683x1024.jpg\" alt=\"\" class=\"wp-image-18471\" srcset=\"https:\/\/dev.antudigital.cl\/sites\/vc\/wp-content\/uploads\/2024\/03\/14052020-DSC04800-1-683x1024.jpg 683w, https:\/\/dev.antudigital.cl\/sites\/vc\/wp-content\/uploads\/2024\/03\/14052020-DSC04800-1-200x300.jpg 200w, https:\/\/dev.antudigital.cl\/sites\/vc\/wp-content\/uploads\/2024\/03\/14052020-DSC04800-1-768x1152.jpg 768w, https:\/\/dev.antudigital.cl\/sites\/vc\/wp-content\/uploads\/2024\/03\/14052020-DSC04800-1-1024x1536.jpg 1024w, https:\/\/dev.antudigital.cl\/sites\/vc\/wp-content\/uploads\/2024\/03\/14052020-DSC04800-1-1365x2048.jpg 1365w, https:\/\/dev.antudigital.cl\/sites\/vc\/wp-content\/uploads\/2024\/03\/14052020-DSC04800-1-1080x1620.jpg 1080w, https:\/\/dev.antudigital.cl\/sites\/vc\/wp-content\/uploads\/2024\/03\/14052020-DSC04800-1-1280x1920.jpg 1280w, https:\/\/dev.antudigital.cl\/sites\/vc\/wp-content\/uploads\/2024\/03\/14052020-DSC04800-1-980x1470.jpg 980w, https:\/\/dev.antudigital.cl\/sites\/vc\/wp-content\/uploads\/2024\/03\/14052020-DSC04800-1-480x720.jpg 480w, https:\/\/dev.antudigital.cl\/sites\/vc\/wp-content\/uploads\/2024\/03\/14052020-DSC04800-1-16x24.jpg 16w, https:\/\/dev.antudigital.cl\/sites\/vc\/wp-content\/uploads\/2024\/03\/14052020-DSC04800-1-24x36.jpg 24w, https:\/\/dev.antudigital.cl\/sites\/vc\/wp-content\/uploads\/2024\/03\/14052020-DSC04800-1-32x48.jpg 32w, https:\/\/dev.antudigital.cl\/sites\/vc\/wp-content\/uploads\/2024\/03\/14052020-DSC04800-1-scaled.jpg 1707w\" sizes=\"(max-width: 683px) 100vw, 683px\" \/><\/figure>\n\n\n\n<p><strong>\u201cEL PRINCIPITO\u201d<\/strong>&nbsp;<strong><em>una aventura teatral<\/em><\/strong><em>,&nbsp;<\/em>es un espect\u00e1culo que combina una gran escenograf\u00eda, un dise\u00f1o lum\u00ednico m\u00e1gico, gran despliegue de vestuarios, una musicalizaci\u00f3n especial para la obra, y cada uno de estos componentes se mezclan para llevar al escenario este gran viaje por el universo, de este peque\u00f1o ni\u00f1o que se cruza con una serie de divertidos y complejos personajes que&nbsp;van contando sus historias y guiando al Principito a su mundo interior.<\/p>\n\n\n\n<p><em>Andr\u00e9s P\u00e9rez actor que interpreta el rol protag\u00f3nico nos cuenta: \u201cEncarnar este papel me ha llevado a reflexionar sobre mi propia vida y a apreciar las peque\u00f1as cosas que a veces pasamos por alto en la rutina cotidiana. Asumir el rol de El Principito ha sido m\u00e1s que una actuaci\u00f3n; ha sido una oportunidad para sumergirme en la profundidad de la literatura y transmitir un mensaje universal de amor, amistad y sabidur\u00eda a trav\u00e9s de la escena teatral.\u201d<\/em><\/p>\n\n\n\n<p><strong>S\u00e1bado 09 de Marzo 2024-19\u00b0\u00b0 horas.<\/strong><\/p>\n\n\n\n<p><strong>SALA TEATRO IPA-Condell #1349 Valpara\u00edso.<\/strong><\/p>\n\n\n\n<p><strong>VENTA DE ENTRADAS PASSLINE<\/strong><\/p>\n\n\n\n<p>Pre Venta $4.000.- hasta 06 Marzo<\/p>\n\n\n\n<p>Entrada General $6.000.-<\/p>\n\n\n\n<p><a href=\"https:\/\/www.passline.com\/...\/el-principito-una-aventura...\">https:\/\/www.passline.com\/&#8230;\/el-principito-una-aventura&#8230;<\/a><\/p>\n\n\n\n<figure class=\"wp-block-image size-full\"><img decoding=\"async\" width=\"1000\" height=\"1000\" src=\"https:\/\/www.valparaisocreativo.cl\/wp-content\/uploads\/2024\/03\/Principito-09-de-Marzo-rrss.jpg\" alt=\"\" class=\"wp-image-18472\" srcset=\"https:\/\/dev.antudigital.cl\/sites\/vc\/wp-content\/uploads\/2024\/03\/Principito-09-de-Marzo-rrss.jpg 1000w, https:\/\/dev.antudigital.cl\/sites\/vc\/wp-content\/uploads\/2024\/03\/Principito-09-de-Marzo-rrss-300x300.jpg 300w, https:\/\/dev.antudigital.cl\/sites\/vc\/wp-content\/uploads\/2024\/03\/Principito-09-de-Marzo-rrss-150x150.jpg 150w, https:\/\/dev.antudigital.cl\/sites\/vc\/wp-content\/uploads\/2024\/03\/Principito-09-de-Marzo-rrss-768x768.jpg 768w, https:\/\/dev.antudigital.cl\/sites\/vc\/wp-content\/uploads\/2024\/03\/Principito-09-de-Marzo-rrss-980x980.jpg 980w, https:\/\/dev.antudigital.cl\/sites\/vc\/wp-content\/uploads\/2024\/03\/Principito-09-de-Marzo-rrss-480x480.jpg 480w, https:\/\/dev.antudigital.cl\/sites\/vc\/wp-content\/uploads\/2024\/03\/Principito-09-de-Marzo-rrss-24x24.jpg 24w, https:\/\/dev.antudigital.cl\/sites\/vc\/wp-content\/uploads\/2024\/03\/Principito-09-de-Marzo-rrss-36x36.jpg 36w, https:\/\/dev.antudigital.cl\/sites\/vc\/wp-content\/uploads\/2024\/03\/Principito-09-de-Marzo-rrss-48x48.jpg 48w\" sizes=\"(max-width: 1000px) 100vw, 1000px\" \/><\/figure>\n","protected":false},"excerpt":{"rendered":"<p>En la&nbsp;Sala de Teatro del Centro Cultural IPA&nbsp;de Valpara\u00edso, se presenta el&nbsp;&nbsp;9&nbsp;de marzo&nbsp;de 2024&nbsp;\u201cEL PRINCIPITO\u201d&nbsp;una aventura teatral, obra basada en la novela de Antoine de Saint-Exup\u00e9ry,&nbsp;que narra las haza\u00f1as de un peque\u00f1o pr\u00edncipe de otro planeta, que ve con extra\u00f1eza las formas de los adultos y deja a su paso diferentes ense\u00f1anzas. El personaje del [&hellip;]<\/p>\n","protected":false},"author":1,"featured_media":18470,"comment_status":"closed","ping_status":"closed","sticky":false,"template":"","format":"standard","meta":{"_acf_changed":false,"footnotes":""},"categories":[1],"tags":[],"class_list":["post-18469","post","type-post","status-publish","format-standard","has-post-thumbnail","hentry","category-uncategorized"],"acf":[],"yoast_head":"<!-- This site is optimized with the Yoast SEO plugin v27.1.1 - https:\/\/yoast.com\/product\/yoast-seo-wordpress\/ -->\n<title>Una aventura teatral se vivir\u00e1\u00a0en la sala teatro IPA\u00a0 con el cl\u00e1sico del escritor franc\u00e9s\u00a0Antoine de Saint-Exup\u00e9ry\u00a0\u201cEL PRINCIPITO\u201d - Valpara\u00ed\u00adso Creativo<\/title>\n<meta name=\"robots\" content=\"index, follow, max-snippet:-1, max-image-preview:large, max-video-preview:-1\" \/>\n<link rel=\"canonical\" href=\"https:\/\/dev.antudigital.cl\/sites\/vc\/una-aventura-teatral-se-vivira-en-la-sala-teatro-ipa-con-el-clasico-del-escritor-frances-antoine-de-saint-exupery-el-principito\/\" \/>\n<meta property=\"og:locale\" content=\"es_ES\" \/>\n<meta property=\"og:type\" content=\"article\" \/>\n<meta property=\"og:title\" content=\"Una aventura teatral se vivir\u00e1\u00a0en la sala teatro IPA\u00a0 con el cl\u00e1sico del escritor franc\u00e9s\u00a0Antoine de Saint-Exup\u00e9ry\u00a0\u201cEL PRINCIPITO\u201d - Valpara\u00ed\u00adso Creativo\" \/>\n<meta property=\"og:description\" content=\"En la&nbsp;Sala de Teatro del Centro Cultural IPA&nbsp;de Valpara\u00edso, se presenta el&nbsp;&nbsp;9&nbsp;de marzo&nbsp;de 2024&nbsp;\u201cEL PRINCIPITO\u201d&nbsp;una aventura teatral, obra basada en la novela de Antoine de Saint-Exup\u00e9ry,&nbsp;que narra las haza\u00f1as de un peque\u00f1o pr\u00edncipe de otro planeta, que ve con extra\u00f1eza las formas de los adultos y deja a su paso diferentes ense\u00f1anzas. El personaje del [&hellip;]\" \/>\n<meta property=\"og:url\" content=\"https:\/\/dev.antudigital.cl\/sites\/vc\/una-aventura-teatral-se-vivira-en-la-sala-teatro-ipa-con-el-clasico-del-escritor-frances-antoine-de-saint-exupery-el-principito\/\" \/>\n<meta property=\"og:site_name\" content=\"Valpara\u00ed\u00adso Creativo\" \/>\n<meta property=\"article:published_time\" content=\"2024-03-04T17:44:27+00:00\" \/>\n<meta property=\"article:modified_time\" content=\"2024-03-04T17:44:36+00:00\" \/>\n<meta property=\"og:image\" content=\"https:\/\/dev.antudigital.cl\/sites\/vc\/wp-content\/uploads\/2024\/03\/15052020-DSC05261-1-scaled.jpg\" \/>\n\t<meta property=\"og:image:width\" content=\"2560\" \/>\n\t<meta property=\"og:image:height\" content=\"1707\" \/>\n\t<meta property=\"og:image:type\" content=\"image\/jpeg\" \/>\n<meta name=\"author\" content=\"Valpara\u00edso Creativo\" \/>\n<meta name=\"twitter:card\" content=\"summary_large_image\" \/>\n<meta name=\"twitter:label1\" content=\"Escrito por\" \/>\n\t<meta name=\"twitter:data1\" content=\"Valpara\u00edso Creativo\" \/>\n\t<meta name=\"twitter:label2\" content=\"Tiempo de lectura\" \/>\n\t<meta name=\"twitter:data2\" content=\"3 minutos\" \/>\n<script type=\"application\/ld+json\" class=\"yoast-schema-graph\">{\"@context\":\"https:\/\/schema.org\",\"@graph\":[{\"@type\":\"Article\",\"@id\":\"https:\/\/dev.antudigital.cl\/sites\/vc\/una-aventura-teatral-se-vivira-en-la-sala-teatro-ipa-con-el-clasico-del-escritor-frances-antoine-de-saint-exupery-el-principito\/#article\",\"isPartOf\":{\"@id\":\"https:\/\/dev.antudigital.cl\/sites\/vc\/una-aventura-teatral-se-vivira-en-la-sala-teatro-ipa-con-el-clasico-del-escritor-frances-antoine-de-saint-exupery-el-principito\/\"},\"author\":{\"name\":\"Valpara\u00edso Creativo\",\"@id\":\"https:\/\/dev.antudigital.cl\/sites\/vc\/#\/schema\/person\/c2b9da8dd545e27166fc5ab232837318\"},\"headline\":\"Una aventura teatral se vivir\u00e1\u00a0en la sala teatro IPA\u00a0 con el cl\u00e1sico del escritor franc\u00e9s\u00a0Antoine de Saint-Exup\u00e9ry\u00a0\u201cEL PRINCIPITO\u201d\",\"datePublished\":\"2024-03-04T17:44:27+00:00\",\"dateModified\":\"2024-03-04T17:44:36+00:00\",\"mainEntityOfPage\":{\"@id\":\"https:\/\/dev.antudigital.cl\/sites\/vc\/una-aventura-teatral-se-vivira-en-la-sala-teatro-ipa-con-el-clasico-del-escritor-frances-antoine-de-saint-exupery-el-principito\/\"},\"wordCount\":409,\"image\":{\"@id\":\"https:\/\/dev.antudigital.cl\/sites\/vc\/una-aventura-teatral-se-vivira-en-la-sala-teatro-ipa-con-el-clasico-del-escritor-frances-antoine-de-saint-exupery-el-principito\/#primaryimage\"},\"thumbnailUrl\":\"https:\/\/dev.antudigital.cl\/sites\/vc\/wp-content\/uploads\/2024\/03\/15052020-DSC05261-1-scaled.jpg\",\"articleSection\":[\"Uncategorized\"],\"inLanguage\":\"es\"},{\"@type\":\"WebPage\",\"@id\":\"https:\/\/dev.antudigital.cl\/sites\/vc\/una-aventura-teatral-se-vivira-en-la-sala-teatro-ipa-con-el-clasico-del-escritor-frances-antoine-de-saint-exupery-el-principito\/\",\"url\":\"https:\/\/dev.antudigital.cl\/sites\/vc\/una-aventura-teatral-se-vivira-en-la-sala-teatro-ipa-con-el-clasico-del-escritor-frances-antoine-de-saint-exupery-el-principito\/\",\"name\":\"Una aventura teatral se vivir\u00e1\u00a0en la sala teatro IPA\u00a0 con el cl\u00e1sico del escritor franc\u00e9s\u00a0Antoine de Saint-Exup\u00e9ry\u00a0\u201cEL PRINCIPITO\u201d - Valpara\u00ed\u00adso Creativo\",\"isPartOf\":{\"@id\":\"https:\/\/dev.antudigital.cl\/sites\/vc\/#website\"},\"primaryImageOfPage\":{\"@id\":\"https:\/\/dev.antudigital.cl\/sites\/vc\/una-aventura-teatral-se-vivira-en-la-sala-teatro-ipa-con-el-clasico-del-escritor-frances-antoine-de-saint-exupery-el-principito\/#primaryimage\"},\"image\":{\"@id\":\"https:\/\/dev.antudigital.cl\/sites\/vc\/una-aventura-teatral-se-vivira-en-la-sala-teatro-ipa-con-el-clasico-del-escritor-frances-antoine-de-saint-exupery-el-principito\/#primaryimage\"},\"thumbnailUrl\":\"https:\/\/dev.antudigital.cl\/sites\/vc\/wp-content\/uploads\/2024\/03\/15052020-DSC05261-1-scaled.jpg\",\"datePublished\":\"2024-03-04T17:44:27+00:00\",\"dateModified\":\"2024-03-04T17:44:36+00:00\",\"author\":{\"@id\":\"https:\/\/dev.antudigital.cl\/sites\/vc\/#\/schema\/person\/c2b9da8dd545e27166fc5ab232837318\"},\"breadcrumb\":{\"@id\":\"https:\/\/dev.antudigital.cl\/sites\/vc\/una-aventura-teatral-se-vivira-en-la-sala-teatro-ipa-con-el-clasico-del-escritor-frances-antoine-de-saint-exupery-el-principito\/#breadcrumb\"},\"inLanguage\":\"es\",\"potentialAction\":[{\"@type\":\"ReadAction\",\"target\":[\"https:\/\/dev.antudigital.cl\/sites\/vc\/una-aventura-teatral-se-vivira-en-la-sala-teatro-ipa-con-el-clasico-del-escritor-frances-antoine-de-saint-exupery-el-principito\/\"]}]},{\"@type\":\"ImageObject\",\"inLanguage\":\"es\",\"@id\":\"https:\/\/dev.antudigital.cl\/sites\/vc\/una-aventura-teatral-se-vivira-en-la-sala-teatro-ipa-con-el-clasico-del-escritor-frances-antoine-de-saint-exupery-el-principito\/#primaryimage\",\"url\":\"https:\/\/dev.antudigital.cl\/sites\/vc\/wp-content\/uploads\/2024\/03\/15052020-DSC05261-1-scaled.jpg\",\"contentUrl\":\"https:\/\/dev.antudigital.cl\/sites\/vc\/wp-content\/uploads\/2024\/03\/15052020-DSC05261-1-scaled.jpg\",\"width\":2560,\"height\":1707},{\"@type\":\"BreadcrumbList\",\"@id\":\"https:\/\/dev.antudigital.cl\/sites\/vc\/una-aventura-teatral-se-vivira-en-la-sala-teatro-ipa-con-el-clasico-del-escritor-frances-antoine-de-saint-exupery-el-principito\/#breadcrumb\",\"itemListElement\":[{\"@type\":\"ListItem\",\"position\":1,\"name\":\"Home\",\"item\":\"https:\/\/dev.antudigital.cl\/sites\/vc\/\"},{\"@type\":\"ListItem\",\"position\":2,\"name\":\"Una aventura teatral se vivir\u00e1\u00a0en la sala teatro IPA\u00a0 con el cl\u00e1sico del escritor franc\u00e9s\u00a0Antoine de Saint-Exup\u00e9ry\u00a0\u201cEL PRINCIPITO\u201d\"}]},{\"@type\":\"WebSite\",\"@id\":\"https:\/\/dev.antudigital.cl\/sites\/vc\/#website\",\"url\":\"https:\/\/dev.antudigital.cl\/sites\/vc\/\",\"name\":\"Valpara\u00ed\u00adso Creativo\",\"description\":\"\",\"potentialAction\":[{\"@type\":\"SearchAction\",\"target\":{\"@type\":\"EntryPoint\",\"urlTemplate\":\"https:\/\/dev.antudigital.cl\/sites\/vc\/?s={search_term_string}\"},\"query-input\":{\"@type\":\"PropertyValueSpecification\",\"valueRequired\":true,\"valueName\":\"search_term_string\"}}],\"inLanguage\":\"es\"},{\"@type\":\"Person\",\"@id\":\"https:\/\/dev.antudigital.cl\/sites\/vc\/#\/schema\/person\/c2b9da8dd545e27166fc5ab232837318\",\"name\":\"Valpara\u00edso Creativo\",\"description\":\"Periodista de cultura en la Regi\u00f3n de Valpara\u00edso.\",\"url\":\"https:\/\/dev.antudigital.cl\/sites\/vc\/author\/valpoadmin\/\"}]}<\/script>\n<!-- \/ Yoast SEO plugin. -->","yoast_head_json":{"title":"Una aventura teatral se vivir\u00e1\u00a0en la sala teatro IPA\u00a0 con el cl\u00e1sico del escritor franc\u00e9s\u00a0Antoine de Saint-Exup\u00e9ry\u00a0\u201cEL PRINCIPITO\u201d - Valpara\u00ed\u00adso Creativo","robots":{"index":"index","follow":"follow","max-snippet":"max-snippet:-1","max-image-preview":"max-image-preview:large","max-video-preview":"max-video-preview:-1"},"canonical":"https:\/\/dev.antudigital.cl\/sites\/vc\/una-aventura-teatral-se-vivira-en-la-sala-teatro-ipa-con-el-clasico-del-escritor-frances-antoine-de-saint-exupery-el-principito\/","og_locale":"es_ES","og_type":"article","og_title":"Una aventura teatral se vivir\u00e1\u00a0en la sala teatro IPA\u00a0 con el cl\u00e1sico del escritor franc\u00e9s\u00a0Antoine de Saint-Exup\u00e9ry\u00a0\u201cEL PRINCIPITO\u201d - Valpara\u00ed\u00adso Creativo","og_description":"En la&nbsp;Sala de Teatro del Centro Cultural IPA&nbsp;de Valpara\u00edso, se presenta el&nbsp;&nbsp;9&nbsp;de marzo&nbsp;de 2024&nbsp;\u201cEL PRINCIPITO\u201d&nbsp;una aventura teatral, obra basada en la novela de Antoine de Saint-Exup\u00e9ry,&nbsp;que narra las haza\u00f1as de un peque\u00f1o pr\u00edncipe de otro planeta, que ve con extra\u00f1eza las formas de los adultos y deja a su paso diferentes ense\u00f1anzas. El personaje del [&hellip;]","og_url":"https:\/\/dev.antudigital.cl\/sites\/vc\/una-aventura-teatral-se-vivira-en-la-sala-teatro-ipa-con-el-clasico-del-escritor-frances-antoine-de-saint-exupery-el-principito\/","og_site_name":"Valpara\u00ed\u00adso Creativo","article_published_time":"2024-03-04T17:44:27+00:00","article_modified_time":"2024-03-04T17:44:36+00:00","og_image":[{"width":2560,"height":1707,"url":"https:\/\/dev.antudigital.cl\/sites\/vc\/wp-content\/uploads\/2024\/03\/15052020-DSC05261-1-scaled.jpg","type":"image\/jpeg"}],"author":"Valpara\u00edso Creativo","twitter_card":"summary_large_image","twitter_misc":{"Escrito por":"Valpara\u00edso Creativo","Tiempo de lectura":"3 minutos"},"schema":{"@context":"https:\/\/schema.org","@graph":[{"@type":"Article","@id":"https:\/\/dev.antudigital.cl\/sites\/vc\/una-aventura-teatral-se-vivira-en-la-sala-teatro-ipa-con-el-clasico-del-escritor-frances-antoine-de-saint-exupery-el-principito\/#article","isPartOf":{"@id":"https:\/\/dev.antudigital.cl\/sites\/vc\/una-aventura-teatral-se-vivira-en-la-sala-teatro-ipa-con-el-clasico-del-escritor-frances-antoine-de-saint-exupery-el-principito\/"},"author":{"name":"Valpara\u00edso Creativo","@id":"https:\/\/dev.antudigital.cl\/sites\/vc\/#\/schema\/person\/c2b9da8dd545e27166fc5ab232837318"},"headline":"Una aventura teatral se vivir\u00e1\u00a0en la sala teatro IPA\u00a0 con el cl\u00e1sico del escritor franc\u00e9s\u00a0Antoine de Saint-Exup\u00e9ry\u00a0\u201cEL PRINCIPITO\u201d","datePublished":"2024-03-04T17:44:27+00:00","dateModified":"2024-03-04T17:44:36+00:00","mainEntityOfPage":{"@id":"https:\/\/dev.antudigital.cl\/sites\/vc\/una-aventura-teatral-se-vivira-en-la-sala-teatro-ipa-con-el-clasico-del-escritor-frances-antoine-de-saint-exupery-el-principito\/"},"wordCount":409,"image":{"@id":"https:\/\/dev.antudigital.cl\/sites\/vc\/una-aventura-teatral-se-vivira-en-la-sala-teatro-ipa-con-el-clasico-del-escritor-frances-antoine-de-saint-exupery-el-principito\/#primaryimage"},"thumbnailUrl":"https:\/\/dev.antudigital.cl\/sites\/vc\/wp-content\/uploads\/2024\/03\/15052020-DSC05261-1-scaled.jpg","articleSection":["Uncategorized"],"inLanguage":"es"},{"@type":"WebPage","@id":"https:\/\/dev.antudigital.cl\/sites\/vc\/una-aventura-teatral-se-vivira-en-la-sala-teatro-ipa-con-el-clasico-del-escritor-frances-antoine-de-saint-exupery-el-principito\/","url":"https:\/\/dev.antudigital.cl\/sites\/vc\/una-aventura-teatral-se-vivira-en-la-sala-teatro-ipa-con-el-clasico-del-escritor-frances-antoine-de-saint-exupery-el-principito\/","name":"Una aventura teatral se vivir\u00e1\u00a0en la sala teatro IPA\u00a0 con el cl\u00e1sico del escritor franc\u00e9s\u00a0Antoine de Saint-Exup\u00e9ry\u00a0\u201cEL PRINCIPITO\u201d - Valpara\u00ed\u00adso Creativo","isPartOf":{"@id":"https:\/\/dev.antudigital.cl\/sites\/vc\/#website"},"primaryImageOfPage":{"@id":"https:\/\/dev.antudigital.cl\/sites\/vc\/una-aventura-teatral-se-vivira-en-la-sala-teatro-ipa-con-el-clasico-del-escritor-frances-antoine-de-saint-exupery-el-principito\/#primaryimage"},"image":{"@id":"https:\/\/dev.antudigital.cl\/sites\/vc\/una-aventura-teatral-se-vivira-en-la-sala-teatro-ipa-con-el-clasico-del-escritor-frances-antoine-de-saint-exupery-el-principito\/#primaryimage"},"thumbnailUrl":"https:\/\/dev.antudigital.cl\/sites\/vc\/wp-content\/uploads\/2024\/03\/15052020-DSC05261-1-scaled.jpg","datePublished":"2024-03-04T17:44:27+00:00","dateModified":"2024-03-04T17:44:36+00:00","author":{"@id":"https:\/\/dev.antudigital.cl\/sites\/vc\/#\/schema\/person\/c2b9da8dd545e27166fc5ab232837318"},"breadcrumb":{"@id":"https:\/\/dev.antudigital.cl\/sites\/vc\/una-aventura-teatral-se-vivira-en-la-sala-teatro-ipa-con-el-clasico-del-escritor-frances-antoine-de-saint-exupery-el-principito\/#breadcrumb"},"inLanguage":"es","potentialAction":[{"@type":"ReadAction","target":["https:\/\/dev.antudigital.cl\/sites\/vc\/una-aventura-teatral-se-vivira-en-la-sala-teatro-ipa-con-el-clasico-del-escritor-frances-antoine-de-saint-exupery-el-principito\/"]}]},{"@type":"ImageObject","inLanguage":"es","@id":"https:\/\/dev.antudigital.cl\/sites\/vc\/una-aventura-teatral-se-vivira-en-la-sala-teatro-ipa-con-el-clasico-del-escritor-frances-antoine-de-saint-exupery-el-principito\/#primaryimage","url":"https:\/\/dev.antudigital.cl\/sites\/vc\/wp-content\/uploads\/2024\/03\/15052020-DSC05261-1-scaled.jpg","contentUrl":"https:\/\/dev.antudigital.cl\/sites\/vc\/wp-content\/uploads\/2024\/03\/15052020-DSC05261-1-scaled.jpg","width":2560,"height":1707},{"@type":"BreadcrumbList","@id":"https:\/\/dev.antudigital.cl\/sites\/vc\/una-aventura-teatral-se-vivira-en-la-sala-teatro-ipa-con-el-clasico-del-escritor-frances-antoine-de-saint-exupery-el-principito\/#breadcrumb","itemListElement":[{"@type":"ListItem","position":1,"name":"Home","item":"https:\/\/dev.antudigital.cl\/sites\/vc\/"},{"@type":"ListItem","position":2,"name":"Una aventura teatral se vivir\u00e1\u00a0en la sala teatro IPA\u00a0 con el cl\u00e1sico del escritor franc\u00e9s\u00a0Antoine de Saint-Exup\u00e9ry\u00a0\u201cEL PRINCIPITO\u201d"}]},{"@type":"WebSite","@id":"https:\/\/dev.antudigital.cl\/sites\/vc\/#website","url":"https:\/\/dev.antudigital.cl\/sites\/vc\/","name":"Valpara\u00ed\u00adso Creativo","description":"","potentialAction":[{"@type":"SearchAction","target":{"@type":"EntryPoint","urlTemplate":"https:\/\/dev.antudigital.cl\/sites\/vc\/?s={search_term_string}"},"query-input":{"@type":"PropertyValueSpecification","valueRequired":true,"valueName":"search_term_string"}}],"inLanguage":"es"},{"@type":"Person","@id":"https:\/\/dev.antudigital.cl\/sites\/vc\/#\/schema\/person\/c2b9da8dd545e27166fc5ab232837318","name":"Valpara\u00edso Creativo","description":"Periodista de cultura en la Regi\u00f3n de Valpara\u00edso.","url":"https:\/\/dev.antudigital.cl\/sites\/vc\/author\/valpoadmin\/"}]}},"_links":{"self":[{"href":"https:\/\/dev.antudigital.cl\/sites\/vc\/wp-json\/wp\/v2\/posts\/18469","targetHints":{"allow":["GET"]}}],"collection":[{"href":"https:\/\/dev.antudigital.cl\/sites\/vc\/wp-json\/wp\/v2\/posts"}],"about":[{"href":"https:\/\/dev.antudigital.cl\/sites\/vc\/wp-json\/wp\/v2\/types\/post"}],"author":[{"embeddable":true,"href":"https:\/\/dev.antudigital.cl\/sites\/vc\/wp-json\/wp\/v2\/users\/1"}],"replies":[{"embeddable":true,"href":"https:\/\/dev.antudigital.cl\/sites\/vc\/wp-json\/wp\/v2\/comments?post=18469"}],"version-history":[{"count":1,"href":"https:\/\/dev.antudigital.cl\/sites\/vc\/wp-json\/wp\/v2\/posts\/18469\/revisions"}],"predecessor-version":[{"id":18473,"href":"https:\/\/dev.antudigital.cl\/sites\/vc\/wp-json\/wp\/v2\/posts\/18469\/revisions\/18473"}],"wp:featuredmedia":[{"embeddable":true,"href":"https:\/\/dev.antudigital.cl\/sites\/vc\/wp-json\/wp\/v2\/media\/18470"}],"wp:attachment":[{"href":"https:\/\/dev.antudigital.cl\/sites\/vc\/wp-json\/wp\/v2\/media?parent=18469"}],"wp:term":[{"taxonomy":"category","embeddable":true,"href":"https:\/\/dev.antudigital.cl\/sites\/vc\/wp-json\/wp\/v2\/categories?post=18469"},{"taxonomy":"post_tag","embeddable":true,"href":"https:\/\/dev.antudigital.cl\/sites\/vc\/wp-json\/wp\/v2\/tags?post=18469"}],"curies":[{"name":"wp","href":"https:\/\/api.w.org\/{rel}","templated":true}]}}