{"id":18474,"date":"2024-03-04T17:49:32","date_gmt":"2024-03-04T17:49:32","guid":{"rendered":"https:\/\/www.valparaisocreativo.cl\/?p=18474"},"modified":"2024-03-04T17:49:38","modified_gmt":"2024-03-04T17:49:38","slug":"festilambe-2024-lanza-convocatoria-de-valparaiso-al-universo-entero","status":"publish","type":"post","link":"https:\/\/dev.antudigital.cl\/sites\/vc\/festilambe-2024-lanza-convocatoria-de-valparaiso-al-universo-entero\/","title":{"rendered":"FESTILAMBE 2024 lanza Convocatoria de Valpara\u00edso al universo entero"},"content":{"rendered":"\n<p><strong>La octava versi\u00f3n del FESTILAMBE<\/strong>&nbsp;de Valpara\u00edso, Festival Internacional de Teatro Lambe Lambe&nbsp;<strong>\u00abConvocando Humanidad\u00bb<\/strong>,<strong>&nbsp;abre su convocatoria nacional e internacional desde el lunes 4 que se extender\u00e1 hasta el domingo 31 de marzo para seleccionar 25 espect\u00e1culos de Teatro Lambe Lambe<\/strong>&nbsp;realizados por artistas emergentes, con trayectoria, autodidactas o profesionales con formaci\u00f3n acad\u00e9mica.&nbsp;Proyecto&nbsp;financiado por el Fondo Nacional de Fomento y Desarrollo de las Artes Esc\u00e9nicas, Convocatoria 2024 del Ministerio de las Culturas, las Artes y el Patrimonio.<\/p>\n\n\n\n<p>La Fundaci\u00f3n OANI de Teatro, organizadores del FESTILAMBE, tiene como misi\u00f3n promover, desde Valpara\u00edso-Chile, la articulaci\u00f3n, el desarrollo, la investigaci\u00f3n, la formaci\u00f3n y la difusi\u00f3n de las artes esc\u00e9nicas y, en especial, del Teatro de Formas Animadas, cuyo sustento y contenido contagien humanidad. OANI Teatro dirige su trabajo en dos grandes l\u00edneas de acci\u00f3n: la creaci\u00f3n, desarrollo, fortalecimiento y liderazgo en Chile del Teatro Lambe Lambe y la investigaci\u00f3n\/creaci\u00f3n de Teatro y Teatro de Animaci\u00f3n de Formas en distintos formatos.<\/p>\n\n\n\n<p>El env\u00edo de la Ficha de postulaci\u00f3n implica la total aceptaci\u00f3n de las bases publicadas el lunes 4 de marzo 2024 en&nbsp;<a href=\"http:\/\/www.festilambe.cl\/\" target=\"_blank\" rel=\"noreferrer noopener\">www.festilambe.cl<\/a>.&nbsp; Los resultados de la selecci\u00f3n se publicar\u00e1n el d\u00eda lunes 20 de mayo en la p\u00e1gina web oficial del Festival. Dudas y consultas al correo&nbsp;<a href=\"http:\/\/contacto@festilambe.cl\/\" target=\"_blank\" rel=\"noreferrer noopener\">contacto@festilambe.cl<\/a>. Para m\u00e1s informaci\u00f3n seguir a @festilambe en Instagram, Facebook y Twitter.&nbsp;<\/p>\n\n\n\n<p><strong>Equipo<\/strong><\/p>\n\n\n\n<p>El equipo encargado de sostener esta instancia est\u00e1 compuesto por Camila Landon V\u00edo&nbsp;&#8211; Directora General, Evelyn Ortiz Soto Acevedo &#8211; Productora General, Claudia Rojas Lara &#8211; Asistente de Producci\u00f3n, Adelaida Loyer Greene &#8211; Asistente de Invitados, Jos\u00e9 Moraga Ruiz- Jefe T\u00e9cnico,&nbsp; Luciano Francisco Bugmann &#8211; Asistente de Direcci\u00f3n, y Freddy Huerta Sierra &#8211; Asistente de Artistas.<\/p>\n\n\n\n<p>Camila Landon, Directora General, detalla sobre la selecci\u00f3n: \u201cLa tem\u00e1tica de las obras a presentar es libre. Se insta a crear una dramaturgia inspirada en el concepto CONVOCANDO HUMANIDAD. Los criterios de evaluaci\u00f3n son en torno a la dramaturgia, calidad integral de la propuesta, autor\u00eda y factibilidad t\u00e9cnica. Se aplicar\u00e1n en base al registro audiovisual sin edici\u00f3n de obras enviadas por las y los postulantes. Lo que diferencia a esta octava versi\u00f3n de las anteriores es la fecha en la que se realiza, habr\u00e1 mejor clima para actuar en la calle, el nuevo equipo de curadores y los 25 espect\u00e1culos in\u00e9ditos, nunca antes presentados en las calles de Valpara\u00edso\u201d.<\/p>\n\n\n\n<p>Respecto a por qu\u00e9 debieran participar artistas del mundo en esta convocatoria, se\u00f1ala: \u201cEl festival presenta un programa enfocado en la profesionalizaci\u00f3n, generaci\u00f3n de redes e intercambio entre diversos agentes que cultivan este lenguaje\u00a0 teatral y cuyas actividades invitan al encuentro y reflexi\u00f3n, un aporte al lenguaje y agentes creadores que conforman la cadena de valor del Teatro de Animaci\u00f3n en Chile. Un evento que dinamiza la ciudad de Valpara\u00edso como un nodo, plataforma y referente en el circuito art\u00edstico de festivales en el pa\u00eds\u201d.<\/p>\n\n\n\n<figure class=\"wp-block-image size-large\"><img fetchpriority=\"high\" decoding=\"async\" width=\"724\" height=\"1024\" src=\"https:\/\/www.valparaisocreativo.cl\/wp-content\/uploads\/2024\/03\/CP-convocatoria-724x1024.png\" alt=\"\" class=\"wp-image-18476\" srcset=\"https:\/\/dev.antudigital.cl\/sites\/vc\/wp-content\/uploads\/2024\/03\/CP-convocatoria-724x1024.png 724w, https:\/\/dev.antudigital.cl\/sites\/vc\/wp-content\/uploads\/2024\/03\/CP-convocatoria-212x300.png 212w, https:\/\/dev.antudigital.cl\/sites\/vc\/wp-content\/uploads\/2024\/03\/CP-convocatoria-768x1086.png 768w, https:\/\/dev.antudigital.cl\/sites\/vc\/wp-content\/uploads\/2024\/03\/CP-convocatoria-1086x1536.png 1086w, https:\/\/dev.antudigital.cl\/sites\/vc\/wp-content\/uploads\/2024\/03\/CP-convocatoria-1448x2048.png 1448w, https:\/\/dev.antudigital.cl\/sites\/vc\/wp-content\/uploads\/2024\/03\/CP-convocatoria-1080x1528.png 1080w, https:\/\/dev.antudigital.cl\/sites\/vc\/wp-content\/uploads\/2024\/03\/CP-convocatoria-1280x1811.png 1280w, https:\/\/dev.antudigital.cl\/sites\/vc\/wp-content\/uploads\/2024\/03\/CP-convocatoria-980x1386.png 980w, https:\/\/dev.antudigital.cl\/sites\/vc\/wp-content\/uploads\/2024\/03\/CP-convocatoria-480x679.png 480w, https:\/\/dev.antudigital.cl\/sites\/vc\/wp-content\/uploads\/2024\/03\/CP-convocatoria-17x24.png 17w, https:\/\/dev.antudigital.cl\/sites\/vc\/wp-content\/uploads\/2024\/03\/CP-convocatoria-25x36.png 25w, https:\/\/dev.antudigital.cl\/sites\/vc\/wp-content\/uploads\/2024\/03\/CP-convocatoria-34x48.png 34w, https:\/\/dev.antudigital.cl\/sites\/vc\/wp-content\/uploads\/2024\/03\/CP-convocatoria.png 1587w\" sizes=\"(max-width: 724px) 100vw, 724px\" \/><\/figure>\n\n\n\n<p><strong>Curator\u00eda<\/strong><\/p>\n\n\n\n<p>Las postulaciones ser\u00e1n evaluadas por 3 profesionales vinculados a las Artes Esc\u00e9nicas especializados en el Teatro de Animaci\u00f3n junto a la mirada de la directora del Festilambe; Omayra Mart\u00ednez de Argentina, Licenciada en Artes Esc\u00e9nicas, Eduardo Jim\u00e9nez, Escen\u00f3grafo y Consultor Teatral, Carlota Riveros, directora de la Compa\u00f1\u00eda Ruby Box Theater, y Camila Landon, directora de FESTILAMBE y presidenta de Fundaci\u00f3n OANI de Teatro.<\/p>\n\n\n\n<p>El equipo curatorial fue invitado de forma directa desde Fundaci\u00f3n OANI de Teatro, en base a su destacada trayectoria profesional y experiencia en torno al visionado de espect\u00e1culos a nivel nacional e internacional, experiencia que les permite tener una amplia mirada y reflexi\u00f3n acerca de la dramaturgia en el Teatro Lambe Lambe, aspecto relevante en la presente convocatoria.<\/p>\n\n\n\n<p>Omayra Mart\u00ednez desarrolla su trabajo en el campo de las artes esc\u00e9nicas como performer, titiritera, realizadora y productora en distintas puestas en escena. El Teatro Lambe Lambe es el lenguaje en el que se ha desarrollado ininterrumpidamente desde la investigaci\u00f3n, la creaci\u00f3n y la docencia hace ya m\u00e1s de once a\u00f1os. Comenta:<\/p>\n\n\n\n<p>\u201cEs la primera vez que soy curadora de un festival y estoy absolutamente agradecida por tener esta oportunidad. Considero que al momento de hacer la curadur\u00eda va a ser importante para m\u00ed poder hacer foco en el desarrollo t\u00e9cnico, la innovaci\u00f3n y la experimentaci\u00f3n que propongan las obras que se presenten a la convocator\u00eda. A su vez, hay un concepto que es fundamental en el Teatro Lambe Lambe y es que la obra es un \u2018secreto\u2019 que se quiere compartir con otro ser humano, por lo que considero que ser\u00e1 una prioridad que las obras seleccionadas tengan como base este concepto en sus dramaturgias\u201d.<\/p>\n\n\n\n<p><strong>Actividades complementarias<\/strong><\/p>\n\n\n\n<p>Esta versi\u00f3n promueve, como en todas sus ediciones anteriores, actividades complementarias virtuales y presenciales de Formaci\u00f3n de P\u00fablicos, tales como: Workshops, Clase Magistral, Conversatorios, Mediaci\u00f3n, investigaci\u00f3n y reflexi\u00f3n a trav\u00e9s del consagrado \u201cLaboratorio de An\u00e1lisis y perfeccionamiento\u201d de los 25 espect\u00e1culos seleccionados.<\/p>\n\n\n\n<p>Tania Corval\u00e1n lleva nueve a\u00f1os incursionando en el mundo del Lambe Lambe y realizar\u00e1 el primer Workshop online el s\u00e1bado 8 de junio, \u201cMecanismos para la construcci\u00f3n en miniatura\u201d. Al respecto comparte:<\/p>\n\n\n\n<p>\u201cPara m\u00ed es un gran honor formar parte de este Festilambe. Yo particip\u00e9 del tercero en el a\u00f1o 2016, cuando no llevaba ni siquiera un a\u00f1o en este mundo. En esos d\u00edas aprend\u00ed much\u00edsimo, \u00a1y vi tantos trabajos tan buenos! Tambi\u00e9n he visto con&nbsp; alegr\u00eda c\u00f3mo el Festival contin\u00faa su camino y cada a\u00f1o toma m\u00e1s fuerza. Por eso, cuando recib\u00ed la invitaci\u00f3n a participar me puse muy feliz\u201d.<\/p>\n\n\n\n<p><\/p>\n","protected":false},"excerpt":{"rendered":"<p>La octava versi\u00f3n del FESTILAMBE&nbsp;de Valpara\u00edso, Festival Internacional de Teatro Lambe Lambe&nbsp;\u00abConvocando Humanidad\u00bb,&nbsp;abre su convocatoria nacional e internacional desde el lunes 4 que se extender\u00e1 hasta el domingo 31 de marzo para seleccionar 25 espect\u00e1culos de Teatro Lambe Lambe&nbsp;realizados por artistas emergentes, con trayectoria, autodidactas o profesionales con formaci\u00f3n acad\u00e9mica.&nbsp;Proyecto&nbsp;financiado por el Fondo Nacional de [&hellip;]<\/p>\n","protected":false},"author":1,"featured_media":18475,"comment_status":"closed","ping_status":"closed","sticky":false,"template":"","format":"standard","meta":{"_acf_changed":false,"footnotes":""},"categories":[1],"tags":[],"class_list":["post-18474","post","type-post","status-publish","format-standard","has-post-thumbnail","hentry","category-uncategorized"],"acf":[],"yoast_head":"<!-- This site is optimized with the Yoast SEO plugin v27.1.1 - https:\/\/yoast.com\/product\/yoast-seo-wordpress\/ -->\n<title>FESTILAMBE 2024 lanza Convocatoria de Valpara\u00edso al universo entero - Valpara\u00ed\u00adso Creativo<\/title>\n<meta name=\"robots\" content=\"index, follow, max-snippet:-1, max-image-preview:large, max-video-preview:-1\" \/>\n<link rel=\"canonical\" href=\"https:\/\/dev.antudigital.cl\/sites\/vc\/festilambe-2024-lanza-convocatoria-de-valparaiso-al-universo-entero\/\" \/>\n<meta property=\"og:locale\" content=\"es_ES\" \/>\n<meta property=\"og:type\" content=\"article\" \/>\n<meta property=\"og:title\" content=\"FESTILAMBE 2024 lanza Convocatoria de Valpara\u00edso al universo entero - Valpara\u00ed\u00adso Creativo\" \/>\n<meta property=\"og:description\" content=\"La octava versi\u00f3n del FESTILAMBE&nbsp;de Valpara\u00edso, Festival Internacional de Teatro Lambe Lambe&nbsp;\u00abConvocando Humanidad\u00bb,&nbsp;abre su convocatoria nacional e internacional desde el lunes 4 que se extender\u00e1 hasta el domingo 31 de marzo para seleccionar 25 espect\u00e1culos de Teatro Lambe Lambe&nbsp;realizados por artistas emergentes, con trayectoria, autodidactas o profesionales con formaci\u00f3n acad\u00e9mica.&nbsp;Proyecto&nbsp;financiado por el Fondo Nacional de [&hellip;]\" \/>\n<meta property=\"og:url\" content=\"https:\/\/dev.antudigital.cl\/sites\/vc\/festilambe-2024-lanza-convocatoria-de-valparaiso-al-universo-entero\/\" \/>\n<meta property=\"og:site_name\" content=\"Valpara\u00ed\u00adso Creativo\" \/>\n<meta property=\"article:published_time\" content=\"2024-03-04T17:49:32+00:00\" \/>\n<meta property=\"article:modified_time\" content=\"2024-03-04T17:49:38+00:00\" \/>\n<meta property=\"og:image\" content=\"https:\/\/dev.antudigital.cl\/sites\/vc\/wp-content\/uploads\/2024\/03\/lambe-manu.jpg\" \/>\n\t<meta property=\"og:image:width\" content=\"917\" \/>\n\t<meta property=\"og:image:height\" content=\"818\" \/>\n\t<meta property=\"og:image:type\" content=\"image\/jpeg\" \/>\n<meta name=\"author\" content=\"Valpara\u00edso Creativo\" \/>\n<meta name=\"twitter:card\" content=\"summary_large_image\" \/>\n<meta name=\"twitter:label1\" content=\"Escrito por\" \/>\n\t<meta name=\"twitter:data1\" content=\"Valpara\u00edso Creativo\" \/>\n\t<meta name=\"twitter:label2\" content=\"Tiempo de lectura\" \/>\n\t<meta name=\"twitter:data2\" content=\"5 minutos\" \/>\n<script type=\"application\/ld+json\" class=\"yoast-schema-graph\">{\"@context\":\"https:\/\/schema.org\",\"@graph\":[{\"@type\":\"Article\",\"@id\":\"https:\/\/dev.antudigital.cl\/sites\/vc\/festilambe-2024-lanza-convocatoria-de-valparaiso-al-universo-entero\/#article\",\"isPartOf\":{\"@id\":\"https:\/\/dev.antudigital.cl\/sites\/vc\/festilambe-2024-lanza-convocatoria-de-valparaiso-al-universo-entero\/\"},\"author\":{\"name\":\"Valpara\u00edso Creativo\",\"@id\":\"https:\/\/dev.antudigital.cl\/sites\/vc\/#\/schema\/person\/c2b9da8dd545e27166fc5ab232837318\"},\"headline\":\"FESTILAMBE 2024 lanza Convocatoria de Valpara\u00edso al universo entero\",\"datePublished\":\"2024-03-04T17:49:32+00:00\",\"dateModified\":\"2024-03-04T17:49:38+00:00\",\"mainEntityOfPage\":{\"@id\":\"https:\/\/dev.antudigital.cl\/sites\/vc\/festilambe-2024-lanza-convocatoria-de-valparaiso-al-universo-entero\/\"},\"wordCount\":1010,\"image\":{\"@id\":\"https:\/\/dev.antudigital.cl\/sites\/vc\/festilambe-2024-lanza-convocatoria-de-valparaiso-al-universo-entero\/#primaryimage\"},\"thumbnailUrl\":\"https:\/\/dev.antudigital.cl\/sites\/vc\/wp-content\/uploads\/2024\/03\/lambe-manu.jpg\",\"articleSection\":[\"Uncategorized\"],\"inLanguage\":\"es\"},{\"@type\":\"WebPage\",\"@id\":\"https:\/\/dev.antudigital.cl\/sites\/vc\/festilambe-2024-lanza-convocatoria-de-valparaiso-al-universo-entero\/\",\"url\":\"https:\/\/dev.antudigital.cl\/sites\/vc\/festilambe-2024-lanza-convocatoria-de-valparaiso-al-universo-entero\/\",\"name\":\"FESTILAMBE 2024 lanza Convocatoria de Valpara\u00edso al universo entero - Valpara\u00ed\u00adso Creativo\",\"isPartOf\":{\"@id\":\"https:\/\/dev.antudigital.cl\/sites\/vc\/#website\"},\"primaryImageOfPage\":{\"@id\":\"https:\/\/dev.antudigital.cl\/sites\/vc\/festilambe-2024-lanza-convocatoria-de-valparaiso-al-universo-entero\/#primaryimage\"},\"image\":{\"@id\":\"https:\/\/dev.antudigital.cl\/sites\/vc\/festilambe-2024-lanza-convocatoria-de-valparaiso-al-universo-entero\/#primaryimage\"},\"thumbnailUrl\":\"https:\/\/dev.antudigital.cl\/sites\/vc\/wp-content\/uploads\/2024\/03\/lambe-manu.jpg\",\"datePublished\":\"2024-03-04T17:49:32+00:00\",\"dateModified\":\"2024-03-04T17:49:38+00:00\",\"author\":{\"@id\":\"https:\/\/dev.antudigital.cl\/sites\/vc\/#\/schema\/person\/c2b9da8dd545e27166fc5ab232837318\"},\"breadcrumb\":{\"@id\":\"https:\/\/dev.antudigital.cl\/sites\/vc\/festilambe-2024-lanza-convocatoria-de-valparaiso-al-universo-entero\/#breadcrumb\"},\"inLanguage\":\"es\",\"potentialAction\":[{\"@type\":\"ReadAction\",\"target\":[\"https:\/\/dev.antudigital.cl\/sites\/vc\/festilambe-2024-lanza-convocatoria-de-valparaiso-al-universo-entero\/\"]}]},{\"@type\":\"ImageObject\",\"inLanguage\":\"es\",\"@id\":\"https:\/\/dev.antudigital.cl\/sites\/vc\/festilambe-2024-lanza-convocatoria-de-valparaiso-al-universo-entero\/#primaryimage\",\"url\":\"https:\/\/dev.antudigital.cl\/sites\/vc\/wp-content\/uploads\/2024\/03\/lambe-manu.jpg\",\"contentUrl\":\"https:\/\/dev.antudigital.cl\/sites\/vc\/wp-content\/uploads\/2024\/03\/lambe-manu.jpg\",\"width\":917,\"height\":818},{\"@type\":\"BreadcrumbList\",\"@id\":\"https:\/\/dev.antudigital.cl\/sites\/vc\/festilambe-2024-lanza-convocatoria-de-valparaiso-al-universo-entero\/#breadcrumb\",\"itemListElement\":[{\"@type\":\"ListItem\",\"position\":1,\"name\":\"Home\",\"item\":\"https:\/\/dev.antudigital.cl\/sites\/vc\/\"},{\"@type\":\"ListItem\",\"position\":2,\"name\":\"FESTILAMBE 2024 lanza Convocatoria de Valpara\u00edso al universo entero\"}]},{\"@type\":\"WebSite\",\"@id\":\"https:\/\/dev.antudigital.cl\/sites\/vc\/#website\",\"url\":\"https:\/\/dev.antudigital.cl\/sites\/vc\/\",\"name\":\"Valpara\u00ed\u00adso Creativo\",\"description\":\"\",\"potentialAction\":[{\"@type\":\"SearchAction\",\"target\":{\"@type\":\"EntryPoint\",\"urlTemplate\":\"https:\/\/dev.antudigital.cl\/sites\/vc\/?s={search_term_string}\"},\"query-input\":{\"@type\":\"PropertyValueSpecification\",\"valueRequired\":true,\"valueName\":\"search_term_string\"}}],\"inLanguage\":\"es\"},{\"@type\":\"Person\",\"@id\":\"https:\/\/dev.antudigital.cl\/sites\/vc\/#\/schema\/person\/c2b9da8dd545e27166fc5ab232837318\",\"name\":\"Valpara\u00edso Creativo\",\"description\":\"Periodista de cultura en la Regi\u00f3n de Valpara\u00edso.\",\"url\":\"https:\/\/dev.antudigital.cl\/sites\/vc\/author\/valpoadmin\/\"}]}<\/script>\n<!-- \/ Yoast SEO plugin. -->","yoast_head_json":{"title":"FESTILAMBE 2024 lanza Convocatoria de Valpara\u00edso al universo entero - Valpara\u00ed\u00adso Creativo","robots":{"index":"index","follow":"follow","max-snippet":"max-snippet:-1","max-image-preview":"max-image-preview:large","max-video-preview":"max-video-preview:-1"},"canonical":"https:\/\/dev.antudigital.cl\/sites\/vc\/festilambe-2024-lanza-convocatoria-de-valparaiso-al-universo-entero\/","og_locale":"es_ES","og_type":"article","og_title":"FESTILAMBE 2024 lanza Convocatoria de Valpara\u00edso al universo entero - Valpara\u00ed\u00adso Creativo","og_description":"La octava versi\u00f3n del FESTILAMBE&nbsp;de Valpara\u00edso, Festival Internacional de Teatro Lambe Lambe&nbsp;\u00abConvocando Humanidad\u00bb,&nbsp;abre su convocatoria nacional e internacional desde el lunes 4 que se extender\u00e1 hasta el domingo 31 de marzo para seleccionar 25 espect\u00e1culos de Teatro Lambe Lambe&nbsp;realizados por artistas emergentes, con trayectoria, autodidactas o profesionales con formaci\u00f3n acad\u00e9mica.&nbsp;Proyecto&nbsp;financiado por el Fondo Nacional de [&hellip;]","og_url":"https:\/\/dev.antudigital.cl\/sites\/vc\/festilambe-2024-lanza-convocatoria-de-valparaiso-al-universo-entero\/","og_site_name":"Valpara\u00ed\u00adso Creativo","article_published_time":"2024-03-04T17:49:32+00:00","article_modified_time":"2024-03-04T17:49:38+00:00","og_image":[{"width":917,"height":818,"url":"https:\/\/dev.antudigital.cl\/sites\/vc\/wp-content\/uploads\/2024\/03\/lambe-manu.jpg","type":"image\/jpeg"}],"author":"Valpara\u00edso Creativo","twitter_card":"summary_large_image","twitter_misc":{"Escrito por":"Valpara\u00edso Creativo","Tiempo de lectura":"5 minutos"},"schema":{"@context":"https:\/\/schema.org","@graph":[{"@type":"Article","@id":"https:\/\/dev.antudigital.cl\/sites\/vc\/festilambe-2024-lanza-convocatoria-de-valparaiso-al-universo-entero\/#article","isPartOf":{"@id":"https:\/\/dev.antudigital.cl\/sites\/vc\/festilambe-2024-lanza-convocatoria-de-valparaiso-al-universo-entero\/"},"author":{"name":"Valpara\u00edso Creativo","@id":"https:\/\/dev.antudigital.cl\/sites\/vc\/#\/schema\/person\/c2b9da8dd545e27166fc5ab232837318"},"headline":"FESTILAMBE 2024 lanza Convocatoria de Valpara\u00edso al universo entero","datePublished":"2024-03-04T17:49:32+00:00","dateModified":"2024-03-04T17:49:38+00:00","mainEntityOfPage":{"@id":"https:\/\/dev.antudigital.cl\/sites\/vc\/festilambe-2024-lanza-convocatoria-de-valparaiso-al-universo-entero\/"},"wordCount":1010,"image":{"@id":"https:\/\/dev.antudigital.cl\/sites\/vc\/festilambe-2024-lanza-convocatoria-de-valparaiso-al-universo-entero\/#primaryimage"},"thumbnailUrl":"https:\/\/dev.antudigital.cl\/sites\/vc\/wp-content\/uploads\/2024\/03\/lambe-manu.jpg","articleSection":["Uncategorized"],"inLanguage":"es"},{"@type":"WebPage","@id":"https:\/\/dev.antudigital.cl\/sites\/vc\/festilambe-2024-lanza-convocatoria-de-valparaiso-al-universo-entero\/","url":"https:\/\/dev.antudigital.cl\/sites\/vc\/festilambe-2024-lanza-convocatoria-de-valparaiso-al-universo-entero\/","name":"FESTILAMBE 2024 lanza Convocatoria de Valpara\u00edso al universo entero - Valpara\u00ed\u00adso Creativo","isPartOf":{"@id":"https:\/\/dev.antudigital.cl\/sites\/vc\/#website"},"primaryImageOfPage":{"@id":"https:\/\/dev.antudigital.cl\/sites\/vc\/festilambe-2024-lanza-convocatoria-de-valparaiso-al-universo-entero\/#primaryimage"},"image":{"@id":"https:\/\/dev.antudigital.cl\/sites\/vc\/festilambe-2024-lanza-convocatoria-de-valparaiso-al-universo-entero\/#primaryimage"},"thumbnailUrl":"https:\/\/dev.antudigital.cl\/sites\/vc\/wp-content\/uploads\/2024\/03\/lambe-manu.jpg","datePublished":"2024-03-04T17:49:32+00:00","dateModified":"2024-03-04T17:49:38+00:00","author":{"@id":"https:\/\/dev.antudigital.cl\/sites\/vc\/#\/schema\/person\/c2b9da8dd545e27166fc5ab232837318"},"breadcrumb":{"@id":"https:\/\/dev.antudigital.cl\/sites\/vc\/festilambe-2024-lanza-convocatoria-de-valparaiso-al-universo-entero\/#breadcrumb"},"inLanguage":"es","potentialAction":[{"@type":"ReadAction","target":["https:\/\/dev.antudigital.cl\/sites\/vc\/festilambe-2024-lanza-convocatoria-de-valparaiso-al-universo-entero\/"]}]},{"@type":"ImageObject","inLanguage":"es","@id":"https:\/\/dev.antudigital.cl\/sites\/vc\/festilambe-2024-lanza-convocatoria-de-valparaiso-al-universo-entero\/#primaryimage","url":"https:\/\/dev.antudigital.cl\/sites\/vc\/wp-content\/uploads\/2024\/03\/lambe-manu.jpg","contentUrl":"https:\/\/dev.antudigital.cl\/sites\/vc\/wp-content\/uploads\/2024\/03\/lambe-manu.jpg","width":917,"height":818},{"@type":"BreadcrumbList","@id":"https:\/\/dev.antudigital.cl\/sites\/vc\/festilambe-2024-lanza-convocatoria-de-valparaiso-al-universo-entero\/#breadcrumb","itemListElement":[{"@type":"ListItem","position":1,"name":"Home","item":"https:\/\/dev.antudigital.cl\/sites\/vc\/"},{"@type":"ListItem","position":2,"name":"FESTILAMBE 2024 lanza Convocatoria de Valpara\u00edso al universo entero"}]},{"@type":"WebSite","@id":"https:\/\/dev.antudigital.cl\/sites\/vc\/#website","url":"https:\/\/dev.antudigital.cl\/sites\/vc\/","name":"Valpara\u00ed\u00adso Creativo","description":"","potentialAction":[{"@type":"SearchAction","target":{"@type":"EntryPoint","urlTemplate":"https:\/\/dev.antudigital.cl\/sites\/vc\/?s={search_term_string}"},"query-input":{"@type":"PropertyValueSpecification","valueRequired":true,"valueName":"search_term_string"}}],"inLanguage":"es"},{"@type":"Person","@id":"https:\/\/dev.antudigital.cl\/sites\/vc\/#\/schema\/person\/c2b9da8dd545e27166fc5ab232837318","name":"Valpara\u00edso Creativo","description":"Periodista de cultura en la Regi\u00f3n de Valpara\u00edso.","url":"https:\/\/dev.antudigital.cl\/sites\/vc\/author\/valpoadmin\/"}]}},"_links":{"self":[{"href":"https:\/\/dev.antudigital.cl\/sites\/vc\/wp-json\/wp\/v2\/posts\/18474","targetHints":{"allow":["GET"]}}],"collection":[{"href":"https:\/\/dev.antudigital.cl\/sites\/vc\/wp-json\/wp\/v2\/posts"}],"about":[{"href":"https:\/\/dev.antudigital.cl\/sites\/vc\/wp-json\/wp\/v2\/types\/post"}],"author":[{"embeddable":true,"href":"https:\/\/dev.antudigital.cl\/sites\/vc\/wp-json\/wp\/v2\/users\/1"}],"replies":[{"embeddable":true,"href":"https:\/\/dev.antudigital.cl\/sites\/vc\/wp-json\/wp\/v2\/comments?post=18474"}],"version-history":[{"count":1,"href":"https:\/\/dev.antudigital.cl\/sites\/vc\/wp-json\/wp\/v2\/posts\/18474\/revisions"}],"predecessor-version":[{"id":18477,"href":"https:\/\/dev.antudigital.cl\/sites\/vc\/wp-json\/wp\/v2\/posts\/18474\/revisions\/18477"}],"wp:featuredmedia":[{"embeddable":true,"href":"https:\/\/dev.antudigital.cl\/sites\/vc\/wp-json\/wp\/v2\/media\/18475"}],"wp:attachment":[{"href":"https:\/\/dev.antudigital.cl\/sites\/vc\/wp-json\/wp\/v2\/media?parent=18474"}],"wp:term":[{"taxonomy":"category","embeddable":true,"href":"https:\/\/dev.antudigital.cl\/sites\/vc\/wp-json\/wp\/v2\/categories?post=18474"},{"taxonomy":"post_tag","embeddable":true,"href":"https:\/\/dev.antudigital.cl\/sites\/vc\/wp-json\/wp\/v2\/tags?post=18474"}],"curies":[{"name":"wp","href":"https:\/\/api.w.org\/{rel}","templated":true}]}}