{"id":18479,"date":"2024-03-04T17:53:38","date_gmt":"2024-03-04T17:53:38","guid":{"rendered":"https:\/\/www.valparaisocreativo.cl\/?p=18479"},"modified":"2024-03-04T17:53:45","modified_gmt":"2024-03-04T17:53:45","slug":"noche-de-jazz-en-la-morada-bar","status":"publish","type":"post","link":"https:\/\/dev.antudigital.cl\/sites\/vc\/noche-de-jazz-en-la-morada-bar\/","title":{"rendered":"Noche de jazz en La Morada Bar"},"content":{"rendered":"\n<p>Este Jueves 07 de Marzo, no te pierdas este tr\u00edo liderado por\u00a0<a href=\"https:\/\/www.instagram.com\/raimundo_santander\/\">@raimundo_santander<\/a>\u00a0junto a\u00a0<a href=\"https:\/\/www.instagram.com\/allfree____\/\">@allfree____<\/a>\u00a0y el anfitri\u00f3n\u00a0<a href=\"https:\/\/www.instagram.com\/joni_lobos\/\">@joni_lobos<\/a>\u00a0!!<\/p>\n\n\n\n<p>Raimundo Santander junto a Alfredo Tauber<\/p>\n\n\n\n<p>Raimundo Santander<br>Guitarrista y compositor proveniente del mundo del jazz, ha sabido sumar elementos de la tradici\u00f3n chilena y latinoamericana para generar un mundo propio. Ha realizado conciertos en todo el mundo y decenas de grabaciones como l\u00edder y acompa\u00f1ante.<\/p>\n\n\n\n<p>Alfredo Tauber<br>Desarroll\u00f3 algunas de sus propuestas a trav\u00e9s del sexteto La Norte Ensamble, para el que escribi\u00f3 sus primeras composiciones, aunque nunca grab\u00f3 y tuvo una corta vida entre 2014 y 2015.&nbsp;M\u00e1s adelante, Tauber completar\u00eda ese prop\u00f3sito con el quinteto de jazz contempor\u00e1neo con el que abord\u00f3 una proceso compositivo de tres a\u00f1os. Obras suyas para los m\u00fasicos Pablo Jara (saxo bar\u00edtono), Raimundo Santander (guitarra), Cristi\u00e1n Orellana (contrabajo) y Mat\u00edas Mardones (bater\u00eda), vieron la luz en el disco&nbsp;Hibernaci\u00f3n (2019).<\/p>\n\n\n\n<p>Preventa :3500<br>Puerta : 5000<\/p>\n\n\n\n<p>&#x1f4cd; Cumming # 68, Valpara\u00edso<\/p>\n\n\n\n<p>&#x23f0; 21:00 horas<\/p>\n\n\n\n<p>No te lo pierdas !!<\/p>\n\n\n\n<figure class=\"wp-block-image size-full\"><img fetchpriority=\"high\" decoding=\"async\" width=\"626\" height=\"621\" src=\"https:\/\/www.valparaisocreativo.cl\/wp-content\/uploads\/2024\/03\/Captura-de-Pantalla-2024-03-04-a-las-14.50.39.png\" alt=\"\" class=\"wp-image-18480\" srcset=\"https:\/\/dev.antudigital.cl\/sites\/vc\/wp-content\/uploads\/2024\/03\/Captura-de-Pantalla-2024-03-04-a-las-14.50.39.png 626w, https:\/\/dev.antudigital.cl\/sites\/vc\/wp-content\/uploads\/2024\/03\/Captura-de-Pantalla-2024-03-04-a-las-14.50.39-300x298.png 300w, https:\/\/dev.antudigital.cl\/sites\/vc\/wp-content\/uploads\/2024\/03\/Captura-de-Pantalla-2024-03-04-a-las-14.50.39-150x150.png 150w, https:\/\/dev.antudigital.cl\/sites\/vc\/wp-content\/uploads\/2024\/03\/Captura-de-Pantalla-2024-03-04-a-las-14.50.39-480x476.png 480w, https:\/\/dev.antudigital.cl\/sites\/vc\/wp-content\/uploads\/2024\/03\/Captura-de-Pantalla-2024-03-04-a-las-14.50.39-24x24.png 24w, https:\/\/dev.antudigital.cl\/sites\/vc\/wp-content\/uploads\/2024\/03\/Captura-de-Pantalla-2024-03-04-a-las-14.50.39-36x36.png 36w, https:\/\/dev.antudigital.cl\/sites\/vc\/wp-content\/uploads\/2024\/03\/Captura-de-Pantalla-2024-03-04-a-las-14.50.39-48x48.png 48w\" sizes=\"(max-width: 626px) 100vw, 626px\" \/><\/figure>\n","protected":false},"excerpt":{"rendered":"<p>Este Jueves 07 de Marzo, no te pierdas este tr\u00edo liderado por\u00a0@raimundo_santander\u00a0junto a\u00a0@allfree____\u00a0y el anfitri\u00f3n\u00a0@joni_lobos\u00a0!! Raimundo Santander junto a Alfredo Tauber Raimundo SantanderGuitarrista y compositor proveniente del mundo del jazz, ha sabido sumar elementos de la tradici\u00f3n chilena y latinoamericana para generar un mundo propio. Ha realizado conciertos en todo el mundo y decenas de [&hellip;]<\/p>\n","protected":false},"author":1,"featured_media":18481,"comment_status":"closed","ping_status":"closed","sticky":false,"template":"","format":"standard","meta":{"_acf_changed":false,"footnotes":""},"categories":[1],"tags":[],"class_list":["post-18479","post","type-post","status-publish","format-standard","has-post-thumbnail","hentry","category-uncategorized"],"acf":[],"yoast_head":"<!-- This site is optimized with the Yoast SEO plugin v27.1.1 - https:\/\/yoast.com\/product\/yoast-seo-wordpress\/ -->\n<title>Noche de jazz en La Morada Bar - Valpara\u00ed\u00adso Creativo<\/title>\n<meta name=\"robots\" content=\"index, follow, max-snippet:-1, max-image-preview:large, max-video-preview:-1\" \/>\n<link rel=\"canonical\" href=\"https:\/\/dev.antudigital.cl\/sites\/vc\/noche-de-jazz-en-la-morada-bar\/\" \/>\n<meta property=\"og:locale\" content=\"es_ES\" \/>\n<meta property=\"og:type\" content=\"article\" \/>\n<meta property=\"og:title\" content=\"Noche de jazz en La Morada Bar - Valpara\u00ed\u00adso Creativo\" \/>\n<meta property=\"og:description\" content=\"Este Jueves 07 de Marzo, no te pierdas este tr\u00edo liderado por\u00a0@raimundo_santander\u00a0junto a\u00a0@allfree____\u00a0y el anfitri\u00f3n\u00a0@joni_lobos\u00a0!! Raimundo Santander junto a Alfredo Tauber Raimundo SantanderGuitarrista y compositor proveniente del mundo del jazz, ha sabido sumar elementos de la tradici\u00f3n chilena y latinoamericana para generar un mundo propio. Ha realizado conciertos en todo el mundo y decenas de [&hellip;]\" \/>\n<meta property=\"og:url\" content=\"https:\/\/dev.antudigital.cl\/sites\/vc\/noche-de-jazz-en-la-morada-bar\/\" \/>\n<meta property=\"og:site_name\" content=\"Valpara\u00ed\u00adso Creativo\" \/>\n<meta property=\"article:published_time\" content=\"2024-03-04T17:53:38+00:00\" \/>\n<meta property=\"article:modified_time\" content=\"2024-03-04T17:53:45+00:00\" \/>\n<meta property=\"og:image\" content=\"https:\/\/dev.antudigital.cl\/sites\/vc\/wp-content\/uploads\/2024\/03\/Captura-de-Pantalla-2024-03-04-a-las-14.52.30.png\" \/>\n\t<meta property=\"og:image:width\" content=\"590\" \/>\n\t<meta property=\"og:image:height\" content=\"317\" \/>\n\t<meta property=\"og:image:type\" content=\"image\/png\" \/>\n<meta name=\"author\" content=\"Valpara\u00edso Creativo\" \/>\n<meta name=\"twitter:card\" content=\"summary_large_image\" \/>\n<meta name=\"twitter:label1\" content=\"Escrito por\" \/>\n\t<meta name=\"twitter:data1\" content=\"Valpara\u00edso Creativo\" \/>\n\t<meta name=\"twitter:label2\" content=\"Tiempo de lectura\" \/>\n\t<meta name=\"twitter:data2\" content=\"2 minutos\" \/>\n<script type=\"application\/ld+json\" class=\"yoast-schema-graph\">{\"@context\":\"https:\/\/schema.org\",\"@graph\":[{\"@type\":\"Article\",\"@id\":\"https:\/\/dev.antudigital.cl\/sites\/vc\/noche-de-jazz-en-la-morada-bar\/#article\",\"isPartOf\":{\"@id\":\"https:\/\/dev.antudigital.cl\/sites\/vc\/noche-de-jazz-en-la-morada-bar\/\"},\"author\":{\"name\":\"Valpara\u00edso Creativo\",\"@id\":\"https:\/\/dev.antudigital.cl\/sites\/vc\/#\/schema\/person\/c2b9da8dd545e27166fc5ab232837318\"},\"headline\":\"Noche de jazz en La Morada Bar\",\"datePublished\":\"2024-03-04T17:53:38+00:00\",\"dateModified\":\"2024-03-04T17:53:45+00:00\",\"mainEntityOfPage\":{\"@id\":\"https:\/\/dev.antudigital.cl\/sites\/vc\/noche-de-jazz-en-la-morada-bar\/\"},\"wordCount\":185,\"image\":{\"@id\":\"https:\/\/dev.antudigital.cl\/sites\/vc\/noche-de-jazz-en-la-morada-bar\/#primaryimage\"},\"thumbnailUrl\":\"https:\/\/dev.antudigital.cl\/sites\/vc\/wp-content\/uploads\/2024\/03\/Captura-de-Pantalla-2024-03-04-a-las-14.52.30.png\",\"articleSection\":[\"Uncategorized\"],\"inLanguage\":\"es\"},{\"@type\":\"WebPage\",\"@id\":\"https:\/\/dev.antudigital.cl\/sites\/vc\/noche-de-jazz-en-la-morada-bar\/\",\"url\":\"https:\/\/dev.antudigital.cl\/sites\/vc\/noche-de-jazz-en-la-morada-bar\/\",\"name\":\"Noche de jazz en La Morada Bar - Valpara\u00ed\u00adso Creativo\",\"isPartOf\":{\"@id\":\"https:\/\/dev.antudigital.cl\/sites\/vc\/#website\"},\"primaryImageOfPage\":{\"@id\":\"https:\/\/dev.antudigital.cl\/sites\/vc\/noche-de-jazz-en-la-morada-bar\/#primaryimage\"},\"image\":{\"@id\":\"https:\/\/dev.antudigital.cl\/sites\/vc\/noche-de-jazz-en-la-morada-bar\/#primaryimage\"},\"thumbnailUrl\":\"https:\/\/dev.antudigital.cl\/sites\/vc\/wp-content\/uploads\/2024\/03\/Captura-de-Pantalla-2024-03-04-a-las-14.52.30.png\",\"datePublished\":\"2024-03-04T17:53:38+00:00\",\"dateModified\":\"2024-03-04T17:53:45+00:00\",\"author\":{\"@id\":\"https:\/\/dev.antudigital.cl\/sites\/vc\/#\/schema\/person\/c2b9da8dd545e27166fc5ab232837318\"},\"breadcrumb\":{\"@id\":\"https:\/\/dev.antudigital.cl\/sites\/vc\/noche-de-jazz-en-la-morada-bar\/#breadcrumb\"},\"inLanguage\":\"es\",\"potentialAction\":[{\"@type\":\"ReadAction\",\"target\":[\"https:\/\/dev.antudigital.cl\/sites\/vc\/noche-de-jazz-en-la-morada-bar\/\"]}]},{\"@type\":\"ImageObject\",\"inLanguage\":\"es\",\"@id\":\"https:\/\/dev.antudigital.cl\/sites\/vc\/noche-de-jazz-en-la-morada-bar\/#primaryimage\",\"url\":\"https:\/\/dev.antudigital.cl\/sites\/vc\/wp-content\/uploads\/2024\/03\/Captura-de-Pantalla-2024-03-04-a-las-14.52.30.png\",\"contentUrl\":\"https:\/\/dev.antudigital.cl\/sites\/vc\/wp-content\/uploads\/2024\/03\/Captura-de-Pantalla-2024-03-04-a-las-14.52.30.png\",\"width\":590,\"height\":317},{\"@type\":\"BreadcrumbList\",\"@id\":\"https:\/\/dev.antudigital.cl\/sites\/vc\/noche-de-jazz-en-la-morada-bar\/#breadcrumb\",\"itemListElement\":[{\"@type\":\"ListItem\",\"position\":1,\"name\":\"Home\",\"item\":\"https:\/\/dev.antudigital.cl\/sites\/vc\/\"},{\"@type\":\"ListItem\",\"position\":2,\"name\":\"Noche de jazz en La Morada Bar\"}]},{\"@type\":\"WebSite\",\"@id\":\"https:\/\/dev.antudigital.cl\/sites\/vc\/#website\",\"url\":\"https:\/\/dev.antudigital.cl\/sites\/vc\/\",\"name\":\"Valpara\u00ed\u00adso Creativo\",\"description\":\"\",\"potentialAction\":[{\"@type\":\"SearchAction\",\"target\":{\"@type\":\"EntryPoint\",\"urlTemplate\":\"https:\/\/dev.antudigital.cl\/sites\/vc\/?s={search_term_string}\"},\"query-input\":{\"@type\":\"PropertyValueSpecification\",\"valueRequired\":true,\"valueName\":\"search_term_string\"}}],\"inLanguage\":\"es\"},{\"@type\":\"Person\",\"@id\":\"https:\/\/dev.antudigital.cl\/sites\/vc\/#\/schema\/person\/c2b9da8dd545e27166fc5ab232837318\",\"name\":\"Valpara\u00edso Creativo\",\"description\":\"Periodista de cultura en la Regi\u00f3n de Valpara\u00edso.\",\"url\":\"https:\/\/dev.antudigital.cl\/sites\/vc\/author\/valpoadmin\/\"}]}<\/script>\n<!-- \/ Yoast SEO plugin. -->","yoast_head_json":{"title":"Noche de jazz en La Morada Bar - Valpara\u00ed\u00adso Creativo","robots":{"index":"index","follow":"follow","max-snippet":"max-snippet:-1","max-image-preview":"max-image-preview:large","max-video-preview":"max-video-preview:-1"},"canonical":"https:\/\/dev.antudigital.cl\/sites\/vc\/noche-de-jazz-en-la-morada-bar\/","og_locale":"es_ES","og_type":"article","og_title":"Noche de jazz en La Morada Bar - Valpara\u00ed\u00adso Creativo","og_description":"Este Jueves 07 de Marzo, no te pierdas este tr\u00edo liderado por\u00a0@raimundo_santander\u00a0junto a\u00a0@allfree____\u00a0y el anfitri\u00f3n\u00a0@joni_lobos\u00a0!! Raimundo Santander junto a Alfredo Tauber Raimundo SantanderGuitarrista y compositor proveniente del mundo del jazz, ha sabido sumar elementos de la tradici\u00f3n chilena y latinoamericana para generar un mundo propio. Ha realizado conciertos en todo el mundo y decenas de [&hellip;]","og_url":"https:\/\/dev.antudigital.cl\/sites\/vc\/noche-de-jazz-en-la-morada-bar\/","og_site_name":"Valpara\u00ed\u00adso Creativo","article_published_time":"2024-03-04T17:53:38+00:00","article_modified_time":"2024-03-04T17:53:45+00:00","og_image":[{"width":590,"height":317,"url":"https:\/\/dev.antudigital.cl\/sites\/vc\/wp-content\/uploads\/2024\/03\/Captura-de-Pantalla-2024-03-04-a-las-14.52.30.png","type":"image\/png"}],"author":"Valpara\u00edso Creativo","twitter_card":"summary_large_image","twitter_misc":{"Escrito por":"Valpara\u00edso Creativo","Tiempo de lectura":"2 minutos"},"schema":{"@context":"https:\/\/schema.org","@graph":[{"@type":"Article","@id":"https:\/\/dev.antudigital.cl\/sites\/vc\/noche-de-jazz-en-la-morada-bar\/#article","isPartOf":{"@id":"https:\/\/dev.antudigital.cl\/sites\/vc\/noche-de-jazz-en-la-morada-bar\/"},"author":{"name":"Valpara\u00edso Creativo","@id":"https:\/\/dev.antudigital.cl\/sites\/vc\/#\/schema\/person\/c2b9da8dd545e27166fc5ab232837318"},"headline":"Noche de jazz en La Morada Bar","datePublished":"2024-03-04T17:53:38+00:00","dateModified":"2024-03-04T17:53:45+00:00","mainEntityOfPage":{"@id":"https:\/\/dev.antudigital.cl\/sites\/vc\/noche-de-jazz-en-la-morada-bar\/"},"wordCount":185,"image":{"@id":"https:\/\/dev.antudigital.cl\/sites\/vc\/noche-de-jazz-en-la-morada-bar\/#primaryimage"},"thumbnailUrl":"https:\/\/dev.antudigital.cl\/sites\/vc\/wp-content\/uploads\/2024\/03\/Captura-de-Pantalla-2024-03-04-a-las-14.52.30.png","articleSection":["Uncategorized"],"inLanguage":"es"},{"@type":"WebPage","@id":"https:\/\/dev.antudigital.cl\/sites\/vc\/noche-de-jazz-en-la-morada-bar\/","url":"https:\/\/dev.antudigital.cl\/sites\/vc\/noche-de-jazz-en-la-morada-bar\/","name":"Noche de jazz en La Morada Bar - Valpara\u00ed\u00adso Creativo","isPartOf":{"@id":"https:\/\/dev.antudigital.cl\/sites\/vc\/#website"},"primaryImageOfPage":{"@id":"https:\/\/dev.antudigital.cl\/sites\/vc\/noche-de-jazz-en-la-morada-bar\/#primaryimage"},"image":{"@id":"https:\/\/dev.antudigital.cl\/sites\/vc\/noche-de-jazz-en-la-morada-bar\/#primaryimage"},"thumbnailUrl":"https:\/\/dev.antudigital.cl\/sites\/vc\/wp-content\/uploads\/2024\/03\/Captura-de-Pantalla-2024-03-04-a-las-14.52.30.png","datePublished":"2024-03-04T17:53:38+00:00","dateModified":"2024-03-04T17:53:45+00:00","author":{"@id":"https:\/\/dev.antudigital.cl\/sites\/vc\/#\/schema\/person\/c2b9da8dd545e27166fc5ab232837318"},"breadcrumb":{"@id":"https:\/\/dev.antudigital.cl\/sites\/vc\/noche-de-jazz-en-la-morada-bar\/#breadcrumb"},"inLanguage":"es","potentialAction":[{"@type":"ReadAction","target":["https:\/\/dev.antudigital.cl\/sites\/vc\/noche-de-jazz-en-la-morada-bar\/"]}]},{"@type":"ImageObject","inLanguage":"es","@id":"https:\/\/dev.antudigital.cl\/sites\/vc\/noche-de-jazz-en-la-morada-bar\/#primaryimage","url":"https:\/\/dev.antudigital.cl\/sites\/vc\/wp-content\/uploads\/2024\/03\/Captura-de-Pantalla-2024-03-04-a-las-14.52.30.png","contentUrl":"https:\/\/dev.antudigital.cl\/sites\/vc\/wp-content\/uploads\/2024\/03\/Captura-de-Pantalla-2024-03-04-a-las-14.52.30.png","width":590,"height":317},{"@type":"BreadcrumbList","@id":"https:\/\/dev.antudigital.cl\/sites\/vc\/noche-de-jazz-en-la-morada-bar\/#breadcrumb","itemListElement":[{"@type":"ListItem","position":1,"name":"Home","item":"https:\/\/dev.antudigital.cl\/sites\/vc\/"},{"@type":"ListItem","position":2,"name":"Noche de jazz en La Morada Bar"}]},{"@type":"WebSite","@id":"https:\/\/dev.antudigital.cl\/sites\/vc\/#website","url":"https:\/\/dev.antudigital.cl\/sites\/vc\/","name":"Valpara\u00ed\u00adso Creativo","description":"","potentialAction":[{"@type":"SearchAction","target":{"@type":"EntryPoint","urlTemplate":"https:\/\/dev.antudigital.cl\/sites\/vc\/?s={search_term_string}"},"query-input":{"@type":"PropertyValueSpecification","valueRequired":true,"valueName":"search_term_string"}}],"inLanguage":"es"},{"@type":"Person","@id":"https:\/\/dev.antudigital.cl\/sites\/vc\/#\/schema\/person\/c2b9da8dd545e27166fc5ab232837318","name":"Valpara\u00edso Creativo","description":"Periodista de cultura en la Regi\u00f3n de Valpara\u00edso.","url":"https:\/\/dev.antudigital.cl\/sites\/vc\/author\/valpoadmin\/"}]}},"_links":{"self":[{"href":"https:\/\/dev.antudigital.cl\/sites\/vc\/wp-json\/wp\/v2\/posts\/18479","targetHints":{"allow":["GET"]}}],"collection":[{"href":"https:\/\/dev.antudigital.cl\/sites\/vc\/wp-json\/wp\/v2\/posts"}],"about":[{"href":"https:\/\/dev.antudigital.cl\/sites\/vc\/wp-json\/wp\/v2\/types\/post"}],"author":[{"embeddable":true,"href":"https:\/\/dev.antudigital.cl\/sites\/vc\/wp-json\/wp\/v2\/users\/1"}],"replies":[{"embeddable":true,"href":"https:\/\/dev.antudigital.cl\/sites\/vc\/wp-json\/wp\/v2\/comments?post=18479"}],"version-history":[{"count":1,"href":"https:\/\/dev.antudigital.cl\/sites\/vc\/wp-json\/wp\/v2\/posts\/18479\/revisions"}],"predecessor-version":[{"id":18482,"href":"https:\/\/dev.antudigital.cl\/sites\/vc\/wp-json\/wp\/v2\/posts\/18479\/revisions\/18482"}],"wp:featuredmedia":[{"embeddable":true,"href":"https:\/\/dev.antudigital.cl\/sites\/vc\/wp-json\/wp\/v2\/media\/18481"}],"wp:attachment":[{"href":"https:\/\/dev.antudigital.cl\/sites\/vc\/wp-json\/wp\/v2\/media?parent=18479"}],"wp:term":[{"taxonomy":"category","embeddable":true,"href":"https:\/\/dev.antudigital.cl\/sites\/vc\/wp-json\/wp\/v2\/categories?post=18479"},{"taxonomy":"post_tag","embeddable":true,"href":"https:\/\/dev.antudigital.cl\/sites\/vc\/wp-json\/wp\/v2\/tags?post=18479"}],"curies":[{"name":"wp","href":"https:\/\/api.w.org\/{rel}","templated":true}]}}