{"id":18486,"date":"2024-03-04T18:00:11","date_gmt":"2024-03-04T18:00:11","guid":{"rendered":"https:\/\/www.valparaisocreativo.cl\/?p=18486"},"modified":"2024-03-04T18:00:18","modified_gmt":"2024-03-04T18:00:18","slug":"yorka-se-presenta-en-el-centro-cultural-ipa-conmemorando-el-dia-internacional-de-la-mujer","status":"publish","type":"post","link":"https:\/\/dev.antudigital.cl\/sites\/vc\/yorka-se-presenta-en-el-centro-cultural-ipa-conmemorando-el-dia-internacional-de-la-mujer\/","title":{"rendered":"YORKA se presenta en el Centro Cultural IPA conmemorando el D\u00eda Internacional de la Mujer"},"content":{"rendered":"\n<p>El&nbsp;<strong>domingo 10 de marzo a las 19:00 horas<\/strong>&nbsp;<strong>se presenta el d\u00fao nacional de indie pop \u201cYorka\u201d<\/strong>, actividad enmarcada en la conmemoraci\u00f3n del D\u00eda Internacional de la Mujer, a realizarse en la Sala de Teatro IPA ubicada en Condell #1349, Valpara\u00edso. El concierto es parte del proyecto&nbsp;<strong>\u201cCONTINUIDAD DE LA PROGRAMACI\u00d3N DE LA SALA DE TEATRO DEL CENTRO CULTURAL IPA: 95 a\u00f1os de arte y cultura local\u201d<\/strong>, el que cuenta con el financiamiento del Programa de Apoyo a Organizaciones Culturales Colaboradoras&nbsp;del Ministerio de las Culturas, las Artes y el Patrimonio.<\/p>\n\n\n\n<p>Yorka es un d\u00fao vocal integrado por las hermanas Yorka y Daniela Pastenes, originarias de San Bernardo, Santiago. Su estilo original fusiona el pop, el folk, la m\u00fasica latina y el rock. Desde su debut en 2015 han logrado consolidarse en la escena musical chilena y latinoamericana, ganando la competencia internacional de Vi\u00f1a del Mar 2023 y participando en festivales como Vive Latino y Lollapalooza. La compra de entradas se debe realizar v\u00eda Passline hasta agotar stock en el siguiente enlace\u00a0<a href=\"https:\/\/www.passline.com\/eventos\/yorka-en-concierto\" target=\"_blank\" rel=\"noreferrer noopener\">https:\/\/www.passline.com\/eventos\/yorka-en-concierto<\/a>.\u00a0\u00a0<\/p>\n\n\n\n<figure class=\"wp-block-image size-full\"><img fetchpriority=\"high\" decoding=\"async\" width=\"701\" height=\"498\" src=\"https:\/\/www.valparaisocreativo.cl\/wp-content\/uploads\/2024\/03\/yorka-3.png\" alt=\"\" class=\"wp-image-18489\" srcset=\"https:\/\/dev.antudigital.cl\/sites\/vc\/wp-content\/uploads\/2024\/03\/yorka-3.png 701w, https:\/\/dev.antudigital.cl\/sites\/vc\/wp-content\/uploads\/2024\/03\/yorka-3-300x213.png 300w, https:\/\/dev.antudigital.cl\/sites\/vc\/wp-content\/uploads\/2024\/03\/yorka-3-400x284.png 400w, https:\/\/dev.antudigital.cl\/sites\/vc\/wp-content\/uploads\/2024\/03\/yorka-3-480x341.png 480w, https:\/\/dev.antudigital.cl\/sites\/vc\/wp-content\/uploads\/2024\/03\/yorka-3-24x17.png 24w, https:\/\/dev.antudigital.cl\/sites\/vc\/wp-content\/uploads\/2024\/03\/yorka-3-36x26.png 36w, https:\/\/dev.antudigital.cl\/sites\/vc\/wp-content\/uploads\/2024\/03\/yorka-3-48x34.png 48w\" sizes=\"(max-width: 701px) 100vw, 701px\" \/><\/figure>\n\n\n\n<p>Yorka Pastenes comparte: \u201cEstamos muy contentas de conmemorar este D\u00eda de la Mujer en Valpara\u00edso. Poder hacerlo fuera de Santiago tiene su magia, as\u00ed vamos a conocer, conversar y saber qu\u00e9 est\u00e1 sucediendo en otra regi\u00f3n. Siempre me ha parecido muy importante destacar el trabajo de mujeres en cualquier \u00e1mbito, feliz de poner un granito de arena desde la m\u00fasica\u201d.<\/p>\n\n\n\n<p>Adem\u00e1s, detalla: \u201cVamos con un formato bastante reducido, peque\u00f1ito. Van a disfrutar de la intimidad de este formato, de las canciones que funcionan simplemente con la guitarra y las voces. Nos ha ense\u00f1ado la vida que ese es parte del verdadero sonido de Yorka, el que m\u00e1s gira, el que m\u00e1s se encuentra en otros escenarios\u201d.&nbsp;<\/p>\n\n\n\n<p>El proyecto \u201cCONTINUIDAD DE LA PROGRAMACI\u00d3N DE LA SALA DE TEATRO DEL CENTRO CULTURAL IPA: 95 a\u00f1os de arte y cultura local\u201d forma parte del Programa de Apoyo a Organizaciones Culturales Colaboradoras del Ministerio de las Culturas, las Artes y el Patrimonio, que busca fortalecer y dar continuidad a instituciones y organizaciones culturales de derecho privado y sin fines de lucro. Este programa adem\u00e1s es parte del Sistema de Financiamiento a Organizaciones e Infraestructura Cultural del Ministerio de las Culturas, las Artes y el Patrimonio que integra, articula y coordina de forma transversal los planes, programas y fondos orientados al fomento y apoyo de las organizaciones, de la infraestructura cultural, y de la mediaci\u00f3n art\u00edstica. Todo esto con una vocaci\u00f3n descentralizada, mecanismos participativos, y la promoci\u00f3n de la creaci\u00f3n de redes y asociaciones.<\/p>\n\n\n\n<p>Para m\u00e1s informaci\u00f3n seguir el Instagram @salateatroipa.\u00a0<\/p>\n\n\n\n<figure class=\"wp-block-image size-large\"><img decoding=\"async\" width=\"1024\" height=\"567\" src=\"https:\/\/www.valparaisocreativo.cl\/wp-content\/uploads\/2024\/03\/yorka-2-1024x567.jpg\" alt=\"\" class=\"wp-image-18487\" srcset=\"https:\/\/dev.antudigital.cl\/sites\/vc\/wp-content\/uploads\/2024\/03\/yorka-2-1024x567.jpg 1024w, https:\/\/dev.antudigital.cl\/sites\/vc\/wp-content\/uploads\/2024\/03\/yorka-2-300x166.jpg 300w, https:\/\/dev.antudigital.cl\/sites\/vc\/wp-content\/uploads\/2024\/03\/yorka-2-768x425.jpg 768w, https:\/\/dev.antudigital.cl\/sites\/vc\/wp-content\/uploads\/2024\/03\/yorka-2-1080x598.jpg 1080w, https:\/\/dev.antudigital.cl\/sites\/vc\/wp-content\/uploads\/2024\/03\/yorka-2-980x542.jpg 980w, https:\/\/dev.antudigital.cl\/sites\/vc\/wp-content\/uploads\/2024\/03\/yorka-2-480x266.jpg 480w, https:\/\/dev.antudigital.cl\/sites\/vc\/wp-content\/uploads\/2024\/03\/yorka-2-24x13.jpg 24w, https:\/\/dev.antudigital.cl\/sites\/vc\/wp-content\/uploads\/2024\/03\/yorka-2-36x20.jpg 36w, https:\/\/dev.antudigital.cl\/sites\/vc\/wp-content\/uploads\/2024\/03\/yorka-2-48x27.jpg 48w, https:\/\/dev.antudigital.cl\/sites\/vc\/wp-content\/uploads\/2024\/03\/yorka-2.jpg 1191w\" sizes=\"(max-width: 1024px) 100vw, 1024px\" \/><\/figure>\n\n\n\n<p><strong>COORDENADAS<\/strong><\/p>\n\n\n\n<p>YORKA<\/p>\n\n\n\n<p>Domingo 10 de marzo, 19:00 horas.<\/p>\n\n\n\n<p>Centro Cultural IPA. Condell 1349, Valpara\u00edso.<\/p>\n\n\n\n<p><a href=\"https:\/\/www.passline.com\/eventos\/yorka-en-concierto\">https:\/\/www.passline.com\/eventos\/yorka-en-concierto<\/a><\/p>\n","protected":false},"excerpt":{"rendered":"<p>El&nbsp;domingo 10 de marzo a las 19:00 horas&nbsp;se presenta el d\u00fao nacional de indie pop \u201cYorka\u201d, actividad enmarcada en la conmemoraci\u00f3n del D\u00eda Internacional de la Mujer, a realizarse en la Sala de Teatro IPA ubicada en Condell #1349, Valpara\u00edso. El concierto es parte del proyecto&nbsp;\u201cCONTINUIDAD DE LA PROGRAMACI\u00d3N DE LA SALA DE TEATRO DEL [&hellip;]<\/p>\n","protected":false},"author":1,"featured_media":18488,"comment_status":"closed","ping_status":"closed","sticky":false,"template":"","format":"standard","meta":{"_acf_changed":false,"footnotes":""},"categories":[1],"tags":[],"class_list":["post-18486","post","type-post","status-publish","format-standard","has-post-thumbnail","hentry","category-uncategorized"],"acf":[],"yoast_head":"<!-- This site is optimized with the Yoast SEO plugin v27.1.1 - https:\/\/yoast.com\/product\/yoast-seo-wordpress\/ -->\n<title>YORKA se presenta en el Centro Cultural IPA conmemorando el D\u00eda Internacional de la Mujer - Valpara\u00ed\u00adso Creativo<\/title>\n<meta name=\"robots\" content=\"index, follow, max-snippet:-1, max-image-preview:large, max-video-preview:-1\" \/>\n<link rel=\"canonical\" href=\"https:\/\/dev.antudigital.cl\/sites\/vc\/yorka-se-presenta-en-el-centro-cultural-ipa-conmemorando-el-dia-internacional-de-la-mujer\/\" \/>\n<meta property=\"og:locale\" content=\"es_ES\" \/>\n<meta property=\"og:type\" content=\"article\" \/>\n<meta property=\"og:title\" content=\"YORKA se presenta en el Centro Cultural IPA conmemorando el D\u00eda Internacional de la Mujer - Valpara\u00ed\u00adso Creativo\" \/>\n<meta property=\"og:description\" content=\"El&nbsp;domingo 10 de marzo a las 19:00 horas&nbsp;se presenta el d\u00fao nacional de indie pop \u201cYorka\u201d, actividad enmarcada en la conmemoraci\u00f3n del D\u00eda Internacional de la Mujer, a realizarse en la Sala de Teatro IPA ubicada en Condell #1349, Valpara\u00edso. El concierto es parte del proyecto&nbsp;\u201cCONTINUIDAD DE LA PROGRAMACI\u00d3N DE LA SALA DE TEATRO DEL [&hellip;]\" \/>\n<meta property=\"og:url\" content=\"https:\/\/dev.antudigital.cl\/sites\/vc\/yorka-se-presenta-en-el-centro-cultural-ipa-conmemorando-el-dia-internacional-de-la-mujer\/\" \/>\n<meta property=\"og:site_name\" content=\"Valpara\u00ed\u00adso Creativo\" \/>\n<meta property=\"article:published_time\" content=\"2024-03-04T18:00:11+00:00\" \/>\n<meta property=\"article:modified_time\" content=\"2024-03-04T18:00:18+00:00\" \/>\n<meta property=\"og:image\" content=\"https:\/\/dev.antudigital.cl\/sites\/vc\/wp-content\/uploads\/2024\/03\/yorka-3.jpg\" \/>\n\t<meta property=\"og:image:width\" content=\"749\" \/>\n\t<meta property=\"og:image:height\" content=\"543\" \/>\n\t<meta property=\"og:image:type\" content=\"image\/jpeg\" \/>\n<meta name=\"author\" content=\"Valpara\u00edso Creativo\" \/>\n<meta name=\"twitter:card\" content=\"summary_large_image\" \/>\n<meta name=\"twitter:label1\" content=\"Escrito por\" \/>\n\t<meta name=\"twitter:data1\" content=\"Valpara\u00edso Creativo\" \/>\n\t<meta name=\"twitter:label2\" content=\"Tiempo de lectura\" \/>\n\t<meta name=\"twitter:data2\" content=\"3 minutos\" \/>\n<script type=\"application\/ld+json\" class=\"yoast-schema-graph\">{\"@context\":\"https:\/\/schema.org\",\"@graph\":[{\"@type\":\"Article\",\"@id\":\"https:\/\/dev.antudigital.cl\/sites\/vc\/yorka-se-presenta-en-el-centro-cultural-ipa-conmemorando-el-dia-internacional-de-la-mujer\/#article\",\"isPartOf\":{\"@id\":\"https:\/\/dev.antudigital.cl\/sites\/vc\/yorka-se-presenta-en-el-centro-cultural-ipa-conmemorando-el-dia-internacional-de-la-mujer\/\"},\"author\":{\"name\":\"Valpara\u00edso Creativo\",\"@id\":\"https:\/\/dev.antudigital.cl\/sites\/vc\/#\/schema\/person\/c2b9da8dd545e27166fc5ab232837318\"},\"headline\":\"YORKA se presenta en el Centro Cultural IPA conmemorando el D\u00eda Internacional de la Mujer\",\"datePublished\":\"2024-03-04T18:00:11+00:00\",\"dateModified\":\"2024-03-04T18:00:18+00:00\",\"mainEntityOfPage\":{\"@id\":\"https:\/\/dev.antudigital.cl\/sites\/vc\/yorka-se-presenta-en-el-centro-cultural-ipa-conmemorando-el-dia-internacional-de-la-mujer\/\"},\"wordCount\":496,\"image\":{\"@id\":\"https:\/\/dev.antudigital.cl\/sites\/vc\/yorka-se-presenta-en-el-centro-cultural-ipa-conmemorando-el-dia-internacional-de-la-mujer\/#primaryimage\"},\"thumbnailUrl\":\"https:\/\/dev.antudigital.cl\/sites\/vc\/wp-content\/uploads\/2024\/03\/yorka-3.jpg\",\"articleSection\":[\"Uncategorized\"],\"inLanguage\":\"es\"},{\"@type\":\"WebPage\",\"@id\":\"https:\/\/dev.antudigital.cl\/sites\/vc\/yorka-se-presenta-en-el-centro-cultural-ipa-conmemorando-el-dia-internacional-de-la-mujer\/\",\"url\":\"https:\/\/dev.antudigital.cl\/sites\/vc\/yorka-se-presenta-en-el-centro-cultural-ipa-conmemorando-el-dia-internacional-de-la-mujer\/\",\"name\":\"YORKA se presenta en el Centro Cultural IPA conmemorando el D\u00eda Internacional de la Mujer - Valpara\u00ed\u00adso Creativo\",\"isPartOf\":{\"@id\":\"https:\/\/dev.antudigital.cl\/sites\/vc\/#website\"},\"primaryImageOfPage\":{\"@id\":\"https:\/\/dev.antudigital.cl\/sites\/vc\/yorka-se-presenta-en-el-centro-cultural-ipa-conmemorando-el-dia-internacional-de-la-mujer\/#primaryimage\"},\"image\":{\"@id\":\"https:\/\/dev.antudigital.cl\/sites\/vc\/yorka-se-presenta-en-el-centro-cultural-ipa-conmemorando-el-dia-internacional-de-la-mujer\/#primaryimage\"},\"thumbnailUrl\":\"https:\/\/dev.antudigital.cl\/sites\/vc\/wp-content\/uploads\/2024\/03\/yorka-3.jpg\",\"datePublished\":\"2024-03-04T18:00:11+00:00\",\"dateModified\":\"2024-03-04T18:00:18+00:00\",\"author\":{\"@id\":\"https:\/\/dev.antudigital.cl\/sites\/vc\/#\/schema\/person\/c2b9da8dd545e27166fc5ab232837318\"},\"breadcrumb\":{\"@id\":\"https:\/\/dev.antudigital.cl\/sites\/vc\/yorka-se-presenta-en-el-centro-cultural-ipa-conmemorando-el-dia-internacional-de-la-mujer\/#breadcrumb\"},\"inLanguage\":\"es\",\"potentialAction\":[{\"@type\":\"ReadAction\",\"target\":[\"https:\/\/dev.antudigital.cl\/sites\/vc\/yorka-se-presenta-en-el-centro-cultural-ipa-conmemorando-el-dia-internacional-de-la-mujer\/\"]}]},{\"@type\":\"ImageObject\",\"inLanguage\":\"es\",\"@id\":\"https:\/\/dev.antudigital.cl\/sites\/vc\/yorka-se-presenta-en-el-centro-cultural-ipa-conmemorando-el-dia-internacional-de-la-mujer\/#primaryimage\",\"url\":\"https:\/\/dev.antudigital.cl\/sites\/vc\/wp-content\/uploads\/2024\/03\/yorka-3.jpg\",\"contentUrl\":\"https:\/\/dev.antudigital.cl\/sites\/vc\/wp-content\/uploads\/2024\/03\/yorka-3.jpg\",\"width\":749,\"height\":543},{\"@type\":\"BreadcrumbList\",\"@id\":\"https:\/\/dev.antudigital.cl\/sites\/vc\/yorka-se-presenta-en-el-centro-cultural-ipa-conmemorando-el-dia-internacional-de-la-mujer\/#breadcrumb\",\"itemListElement\":[{\"@type\":\"ListItem\",\"position\":1,\"name\":\"Home\",\"item\":\"https:\/\/dev.antudigital.cl\/sites\/vc\/\"},{\"@type\":\"ListItem\",\"position\":2,\"name\":\"YORKA se presenta en el Centro Cultural IPA conmemorando el D\u00eda Internacional de la Mujer\"}]},{\"@type\":\"WebSite\",\"@id\":\"https:\/\/dev.antudigital.cl\/sites\/vc\/#website\",\"url\":\"https:\/\/dev.antudigital.cl\/sites\/vc\/\",\"name\":\"Valpara\u00ed\u00adso Creativo\",\"description\":\"\",\"potentialAction\":[{\"@type\":\"SearchAction\",\"target\":{\"@type\":\"EntryPoint\",\"urlTemplate\":\"https:\/\/dev.antudigital.cl\/sites\/vc\/?s={search_term_string}\"},\"query-input\":{\"@type\":\"PropertyValueSpecification\",\"valueRequired\":true,\"valueName\":\"search_term_string\"}}],\"inLanguage\":\"es\"},{\"@type\":\"Person\",\"@id\":\"https:\/\/dev.antudigital.cl\/sites\/vc\/#\/schema\/person\/c2b9da8dd545e27166fc5ab232837318\",\"name\":\"Valpara\u00edso Creativo\",\"description\":\"Periodista de cultura en la Regi\u00f3n de Valpara\u00edso.\",\"url\":\"https:\/\/dev.antudigital.cl\/sites\/vc\/author\/valpoadmin\/\"}]}<\/script>\n<!-- \/ Yoast SEO plugin. -->","yoast_head_json":{"title":"YORKA se presenta en el Centro Cultural IPA conmemorando el D\u00eda Internacional de la Mujer - Valpara\u00ed\u00adso Creativo","robots":{"index":"index","follow":"follow","max-snippet":"max-snippet:-1","max-image-preview":"max-image-preview:large","max-video-preview":"max-video-preview:-1"},"canonical":"https:\/\/dev.antudigital.cl\/sites\/vc\/yorka-se-presenta-en-el-centro-cultural-ipa-conmemorando-el-dia-internacional-de-la-mujer\/","og_locale":"es_ES","og_type":"article","og_title":"YORKA se presenta en el Centro Cultural IPA conmemorando el D\u00eda Internacional de la Mujer - Valpara\u00ed\u00adso Creativo","og_description":"El&nbsp;domingo 10 de marzo a las 19:00 horas&nbsp;se presenta el d\u00fao nacional de indie pop \u201cYorka\u201d, actividad enmarcada en la conmemoraci\u00f3n del D\u00eda Internacional de la Mujer, a realizarse en la Sala de Teatro IPA ubicada en Condell #1349, Valpara\u00edso. El concierto es parte del proyecto&nbsp;\u201cCONTINUIDAD DE LA PROGRAMACI\u00d3N DE LA SALA DE TEATRO DEL [&hellip;]","og_url":"https:\/\/dev.antudigital.cl\/sites\/vc\/yorka-se-presenta-en-el-centro-cultural-ipa-conmemorando-el-dia-internacional-de-la-mujer\/","og_site_name":"Valpara\u00ed\u00adso Creativo","article_published_time":"2024-03-04T18:00:11+00:00","article_modified_time":"2024-03-04T18:00:18+00:00","og_image":[{"width":749,"height":543,"url":"https:\/\/dev.antudigital.cl\/sites\/vc\/wp-content\/uploads\/2024\/03\/yorka-3.jpg","type":"image\/jpeg"}],"author":"Valpara\u00edso Creativo","twitter_card":"summary_large_image","twitter_misc":{"Escrito por":"Valpara\u00edso Creativo","Tiempo de lectura":"3 minutos"},"schema":{"@context":"https:\/\/schema.org","@graph":[{"@type":"Article","@id":"https:\/\/dev.antudigital.cl\/sites\/vc\/yorka-se-presenta-en-el-centro-cultural-ipa-conmemorando-el-dia-internacional-de-la-mujer\/#article","isPartOf":{"@id":"https:\/\/dev.antudigital.cl\/sites\/vc\/yorka-se-presenta-en-el-centro-cultural-ipa-conmemorando-el-dia-internacional-de-la-mujer\/"},"author":{"name":"Valpara\u00edso Creativo","@id":"https:\/\/dev.antudigital.cl\/sites\/vc\/#\/schema\/person\/c2b9da8dd545e27166fc5ab232837318"},"headline":"YORKA se presenta en el Centro Cultural IPA conmemorando el D\u00eda Internacional de la Mujer","datePublished":"2024-03-04T18:00:11+00:00","dateModified":"2024-03-04T18:00:18+00:00","mainEntityOfPage":{"@id":"https:\/\/dev.antudigital.cl\/sites\/vc\/yorka-se-presenta-en-el-centro-cultural-ipa-conmemorando-el-dia-internacional-de-la-mujer\/"},"wordCount":496,"image":{"@id":"https:\/\/dev.antudigital.cl\/sites\/vc\/yorka-se-presenta-en-el-centro-cultural-ipa-conmemorando-el-dia-internacional-de-la-mujer\/#primaryimage"},"thumbnailUrl":"https:\/\/dev.antudigital.cl\/sites\/vc\/wp-content\/uploads\/2024\/03\/yorka-3.jpg","articleSection":["Uncategorized"],"inLanguage":"es"},{"@type":"WebPage","@id":"https:\/\/dev.antudigital.cl\/sites\/vc\/yorka-se-presenta-en-el-centro-cultural-ipa-conmemorando-el-dia-internacional-de-la-mujer\/","url":"https:\/\/dev.antudigital.cl\/sites\/vc\/yorka-se-presenta-en-el-centro-cultural-ipa-conmemorando-el-dia-internacional-de-la-mujer\/","name":"YORKA se presenta en el Centro Cultural IPA conmemorando el D\u00eda Internacional de la Mujer - Valpara\u00ed\u00adso Creativo","isPartOf":{"@id":"https:\/\/dev.antudigital.cl\/sites\/vc\/#website"},"primaryImageOfPage":{"@id":"https:\/\/dev.antudigital.cl\/sites\/vc\/yorka-se-presenta-en-el-centro-cultural-ipa-conmemorando-el-dia-internacional-de-la-mujer\/#primaryimage"},"image":{"@id":"https:\/\/dev.antudigital.cl\/sites\/vc\/yorka-se-presenta-en-el-centro-cultural-ipa-conmemorando-el-dia-internacional-de-la-mujer\/#primaryimage"},"thumbnailUrl":"https:\/\/dev.antudigital.cl\/sites\/vc\/wp-content\/uploads\/2024\/03\/yorka-3.jpg","datePublished":"2024-03-04T18:00:11+00:00","dateModified":"2024-03-04T18:00:18+00:00","author":{"@id":"https:\/\/dev.antudigital.cl\/sites\/vc\/#\/schema\/person\/c2b9da8dd545e27166fc5ab232837318"},"breadcrumb":{"@id":"https:\/\/dev.antudigital.cl\/sites\/vc\/yorka-se-presenta-en-el-centro-cultural-ipa-conmemorando-el-dia-internacional-de-la-mujer\/#breadcrumb"},"inLanguage":"es","potentialAction":[{"@type":"ReadAction","target":["https:\/\/dev.antudigital.cl\/sites\/vc\/yorka-se-presenta-en-el-centro-cultural-ipa-conmemorando-el-dia-internacional-de-la-mujer\/"]}]},{"@type":"ImageObject","inLanguage":"es","@id":"https:\/\/dev.antudigital.cl\/sites\/vc\/yorka-se-presenta-en-el-centro-cultural-ipa-conmemorando-el-dia-internacional-de-la-mujer\/#primaryimage","url":"https:\/\/dev.antudigital.cl\/sites\/vc\/wp-content\/uploads\/2024\/03\/yorka-3.jpg","contentUrl":"https:\/\/dev.antudigital.cl\/sites\/vc\/wp-content\/uploads\/2024\/03\/yorka-3.jpg","width":749,"height":543},{"@type":"BreadcrumbList","@id":"https:\/\/dev.antudigital.cl\/sites\/vc\/yorka-se-presenta-en-el-centro-cultural-ipa-conmemorando-el-dia-internacional-de-la-mujer\/#breadcrumb","itemListElement":[{"@type":"ListItem","position":1,"name":"Home","item":"https:\/\/dev.antudigital.cl\/sites\/vc\/"},{"@type":"ListItem","position":2,"name":"YORKA se presenta en el Centro Cultural IPA conmemorando el D\u00eda Internacional de la Mujer"}]},{"@type":"WebSite","@id":"https:\/\/dev.antudigital.cl\/sites\/vc\/#website","url":"https:\/\/dev.antudigital.cl\/sites\/vc\/","name":"Valpara\u00ed\u00adso Creativo","description":"","potentialAction":[{"@type":"SearchAction","target":{"@type":"EntryPoint","urlTemplate":"https:\/\/dev.antudigital.cl\/sites\/vc\/?s={search_term_string}"},"query-input":{"@type":"PropertyValueSpecification","valueRequired":true,"valueName":"search_term_string"}}],"inLanguage":"es"},{"@type":"Person","@id":"https:\/\/dev.antudigital.cl\/sites\/vc\/#\/schema\/person\/c2b9da8dd545e27166fc5ab232837318","name":"Valpara\u00edso Creativo","description":"Periodista de cultura en la Regi\u00f3n de Valpara\u00edso.","url":"https:\/\/dev.antudigital.cl\/sites\/vc\/author\/valpoadmin\/"}]}},"_links":{"self":[{"href":"https:\/\/dev.antudigital.cl\/sites\/vc\/wp-json\/wp\/v2\/posts\/18486","targetHints":{"allow":["GET"]}}],"collection":[{"href":"https:\/\/dev.antudigital.cl\/sites\/vc\/wp-json\/wp\/v2\/posts"}],"about":[{"href":"https:\/\/dev.antudigital.cl\/sites\/vc\/wp-json\/wp\/v2\/types\/post"}],"author":[{"embeddable":true,"href":"https:\/\/dev.antudigital.cl\/sites\/vc\/wp-json\/wp\/v2\/users\/1"}],"replies":[{"embeddable":true,"href":"https:\/\/dev.antudigital.cl\/sites\/vc\/wp-json\/wp\/v2\/comments?post=18486"}],"version-history":[{"count":1,"href":"https:\/\/dev.antudigital.cl\/sites\/vc\/wp-json\/wp\/v2\/posts\/18486\/revisions"}],"predecessor-version":[{"id":18490,"href":"https:\/\/dev.antudigital.cl\/sites\/vc\/wp-json\/wp\/v2\/posts\/18486\/revisions\/18490"}],"wp:featuredmedia":[{"embeddable":true,"href":"https:\/\/dev.antudigital.cl\/sites\/vc\/wp-json\/wp\/v2\/media\/18488"}],"wp:attachment":[{"href":"https:\/\/dev.antudigital.cl\/sites\/vc\/wp-json\/wp\/v2\/media?parent=18486"}],"wp:term":[{"taxonomy":"category","embeddable":true,"href":"https:\/\/dev.antudigital.cl\/sites\/vc\/wp-json\/wp\/v2\/categories?post=18486"},{"taxonomy":"post_tag","embeddable":true,"href":"https:\/\/dev.antudigital.cl\/sites\/vc\/wp-json\/wp\/v2\/tags?post=18486"}],"curies":[{"name":"wp","href":"https:\/\/api.w.org\/{rel}","templated":true}]}}