{"id":18491,"date":"2024-03-04T18:19:09","date_gmt":"2024-03-04T18:19:09","guid":{"rendered":"https:\/\/www.valparaisocreativo.cl\/?p=18491"},"modified":"2024-03-04T18:19:16","modified_gmt":"2024-03-04T18:19:16","slug":"microconciertos-de-acefalo-records-2024","status":"publish","type":"post","link":"https:\/\/dev.antudigital.cl\/sites\/vc\/microconciertos-de-acefalo-records-2024\/","title":{"rendered":"Microconciertos de Ac\u00e9falo Records 2024"},"content":{"rendered":"\n<p>Ac\u00e9falo R\u00e9cords comienza una serie de micro conciertos el 5 Marzo, sala Rub\u00e9n Dar\u00eeo, UV<\/p>\n\n\n\n<p>El evento es desde las 18:00hrs. Entrada liberada.<\/p>\n\n\n\n<figure class=\"wp-block-image size-large\"><img fetchpriority=\"high\" decoding=\"async\" width=\"819\" height=\"1024\" src=\"https:\/\/www.valparaisocreativo.cl\/wp-content\/uploads\/2024\/03\/unnamed-4-819x1024.jpg\" alt=\"\" class=\"wp-image-18492\" srcset=\"https:\/\/dev.antudigital.cl\/sites\/vc\/wp-content\/uploads\/2024\/03\/unnamed-4-819x1024.jpg 819w, https:\/\/dev.antudigital.cl\/sites\/vc\/wp-content\/uploads\/2024\/03\/unnamed-4-240x300.jpg 240w, https:\/\/dev.antudigital.cl\/sites\/vc\/wp-content\/uploads\/2024\/03\/unnamed-4-768x960.jpg 768w, https:\/\/dev.antudigital.cl\/sites\/vc\/wp-content\/uploads\/2024\/03\/unnamed-4-980x1225.jpg 980w, https:\/\/dev.antudigital.cl\/sites\/vc\/wp-content\/uploads\/2024\/03\/unnamed-4-480x600.jpg 480w, https:\/\/dev.antudigital.cl\/sites\/vc\/wp-content\/uploads\/2024\/03\/unnamed-4-19x24.jpg 19w, https:\/\/dev.antudigital.cl\/sites\/vc\/wp-content\/uploads\/2024\/03\/unnamed-4-29x36.jpg 29w, https:\/\/dev.antudigital.cl\/sites\/vc\/wp-content\/uploads\/2024\/03\/unnamed-4-38x48.jpg 38w, https:\/\/dev.antudigital.cl\/sites\/vc\/wp-content\/uploads\/2024\/03\/unnamed-4.jpg 1080w\" sizes=\"(max-width: 819px) 100vw, 819px\" \/><\/figure>\n","protected":false},"excerpt":{"rendered":"<p>Ac\u00e9falo R\u00e9cords comienza una serie de micro conciertos el 5 Marzo, sala Rub\u00e9n Dar\u00eeo, UV El evento es desde las 18:00hrs. Entrada liberada.<\/p>\n","protected":false},"author":1,"featured_media":18493,"comment_status":"closed","ping_status":"closed","sticky":false,"template":"","format":"standard","meta":{"_acf_changed":false,"footnotes":""},"categories":[1],"tags":[],"class_list":["post-18491","post","type-post","status-publish","format-standard","has-post-thumbnail","hentry","category-uncategorized"],"acf":[],"yoast_head":"<!-- This site is optimized with the Yoast SEO plugin v27.1.1 - https:\/\/yoast.com\/product\/yoast-seo-wordpress\/ -->\n<title>Microconciertos de Ac\u00e9falo Records 2024 - Valpara\u00ed\u00adso Creativo<\/title>\n<meta name=\"robots\" content=\"index, follow, max-snippet:-1, max-image-preview:large, max-video-preview:-1\" \/>\n<link rel=\"canonical\" href=\"https:\/\/dev.antudigital.cl\/sites\/vc\/microconciertos-de-acefalo-records-2024\/\" \/>\n<meta property=\"og:locale\" content=\"es_ES\" \/>\n<meta property=\"og:type\" content=\"article\" \/>\n<meta property=\"og:title\" content=\"Microconciertos de Ac\u00e9falo Records 2024 - Valpara\u00ed\u00adso Creativo\" \/>\n<meta property=\"og:description\" content=\"Ac\u00e9falo R\u00e9cords comienza una serie de micro conciertos el 5 Marzo, sala Rub\u00e9n Dar\u00eeo, UV El evento es desde las 18:00hrs. Entrada liberada.\" \/>\n<meta property=\"og:url\" content=\"https:\/\/dev.antudigital.cl\/sites\/vc\/microconciertos-de-acefalo-records-2024\/\" \/>\n<meta property=\"og:site_name\" content=\"Valpara\u00ed\u00adso Creativo\" \/>\n<meta property=\"article:published_time\" content=\"2024-03-04T18:19:09+00:00\" \/>\n<meta property=\"article:modified_time\" content=\"2024-03-04T18:19:16+00:00\" \/>\n<meta property=\"og:image\" content=\"https:\/\/dev.antudigital.cl\/sites\/vc\/wp-content\/uploads\/2024\/03\/Captura-de-Pantalla-2024-03-04-a-las-15.10.07.png\" \/>\n\t<meta property=\"og:image:width\" content=\"811\" \/>\n\t<meta property=\"og:image:height\" content=\"377\" \/>\n\t<meta property=\"og:image:type\" content=\"image\/png\" \/>\n<meta name=\"author\" content=\"Valpara\u00edso Creativo\" \/>\n<meta name=\"twitter:card\" content=\"summary_large_image\" \/>\n<meta name=\"twitter:label1\" content=\"Escrito por\" \/>\n\t<meta name=\"twitter:data1\" content=\"Valpara\u00edso Creativo\" \/>\n\t<meta name=\"twitter:label2\" content=\"Tiempo de lectura\" \/>\n\t<meta name=\"twitter:data2\" content=\"1 minuto\" \/>\n<script type=\"application\/ld+json\" class=\"yoast-schema-graph\">{\"@context\":\"https:\/\/schema.org\",\"@graph\":[{\"@type\":\"Article\",\"@id\":\"https:\/\/dev.antudigital.cl\/sites\/vc\/microconciertos-de-acefalo-records-2024\/#article\",\"isPartOf\":{\"@id\":\"https:\/\/dev.antudigital.cl\/sites\/vc\/microconciertos-de-acefalo-records-2024\/\"},\"author\":{\"name\":\"Valpara\u00edso Creativo\",\"@id\":\"https:\/\/dev.antudigital.cl\/sites\/vc\/#\/schema\/person\/c2b9da8dd545e27166fc5ab232837318\"},\"headline\":\"Microconciertos de Ac\u00e9falo Records 2024\",\"datePublished\":\"2024-03-04T18:19:09+00:00\",\"dateModified\":\"2024-03-04T18:19:16+00:00\",\"mainEntityOfPage\":{\"@id\":\"https:\/\/dev.antudigital.cl\/sites\/vc\/microconciertos-de-acefalo-records-2024\/\"},\"wordCount\":31,\"image\":{\"@id\":\"https:\/\/dev.antudigital.cl\/sites\/vc\/microconciertos-de-acefalo-records-2024\/#primaryimage\"},\"thumbnailUrl\":\"https:\/\/dev.antudigital.cl\/sites\/vc\/wp-content\/uploads\/2024\/03\/Captura-de-Pantalla-2024-03-04-a-las-15.10.07.png\",\"articleSection\":[\"Uncategorized\"],\"inLanguage\":\"es\"},{\"@type\":\"WebPage\",\"@id\":\"https:\/\/dev.antudigital.cl\/sites\/vc\/microconciertos-de-acefalo-records-2024\/\",\"url\":\"https:\/\/dev.antudigital.cl\/sites\/vc\/microconciertos-de-acefalo-records-2024\/\",\"name\":\"Microconciertos de Ac\u00e9falo Records 2024 - Valpara\u00ed\u00adso Creativo\",\"isPartOf\":{\"@id\":\"https:\/\/dev.antudigital.cl\/sites\/vc\/#website\"},\"primaryImageOfPage\":{\"@id\":\"https:\/\/dev.antudigital.cl\/sites\/vc\/microconciertos-de-acefalo-records-2024\/#primaryimage\"},\"image\":{\"@id\":\"https:\/\/dev.antudigital.cl\/sites\/vc\/microconciertos-de-acefalo-records-2024\/#primaryimage\"},\"thumbnailUrl\":\"https:\/\/dev.antudigital.cl\/sites\/vc\/wp-content\/uploads\/2024\/03\/Captura-de-Pantalla-2024-03-04-a-las-15.10.07.png\",\"datePublished\":\"2024-03-04T18:19:09+00:00\",\"dateModified\":\"2024-03-04T18:19:16+00:00\",\"author\":{\"@id\":\"https:\/\/dev.antudigital.cl\/sites\/vc\/#\/schema\/person\/c2b9da8dd545e27166fc5ab232837318\"},\"breadcrumb\":{\"@id\":\"https:\/\/dev.antudigital.cl\/sites\/vc\/microconciertos-de-acefalo-records-2024\/#breadcrumb\"},\"inLanguage\":\"es\",\"potentialAction\":[{\"@type\":\"ReadAction\",\"target\":[\"https:\/\/dev.antudigital.cl\/sites\/vc\/microconciertos-de-acefalo-records-2024\/\"]}]},{\"@type\":\"ImageObject\",\"inLanguage\":\"es\",\"@id\":\"https:\/\/dev.antudigital.cl\/sites\/vc\/microconciertos-de-acefalo-records-2024\/#primaryimage\",\"url\":\"https:\/\/dev.antudigital.cl\/sites\/vc\/wp-content\/uploads\/2024\/03\/Captura-de-Pantalla-2024-03-04-a-las-15.10.07.png\",\"contentUrl\":\"https:\/\/dev.antudigital.cl\/sites\/vc\/wp-content\/uploads\/2024\/03\/Captura-de-Pantalla-2024-03-04-a-las-15.10.07.png\",\"width\":811,\"height\":377},{\"@type\":\"BreadcrumbList\",\"@id\":\"https:\/\/dev.antudigital.cl\/sites\/vc\/microconciertos-de-acefalo-records-2024\/#breadcrumb\",\"itemListElement\":[{\"@type\":\"ListItem\",\"position\":1,\"name\":\"Home\",\"item\":\"https:\/\/dev.antudigital.cl\/sites\/vc\/\"},{\"@type\":\"ListItem\",\"position\":2,\"name\":\"Microconciertos de Ac\u00e9falo Records 2024\"}]},{\"@type\":\"WebSite\",\"@id\":\"https:\/\/dev.antudigital.cl\/sites\/vc\/#website\",\"url\":\"https:\/\/dev.antudigital.cl\/sites\/vc\/\",\"name\":\"Valpara\u00ed\u00adso Creativo\",\"description\":\"\",\"potentialAction\":[{\"@type\":\"SearchAction\",\"target\":{\"@type\":\"EntryPoint\",\"urlTemplate\":\"https:\/\/dev.antudigital.cl\/sites\/vc\/?s={search_term_string}\"},\"query-input\":{\"@type\":\"PropertyValueSpecification\",\"valueRequired\":true,\"valueName\":\"search_term_string\"}}],\"inLanguage\":\"es\"},{\"@type\":\"Person\",\"@id\":\"https:\/\/dev.antudigital.cl\/sites\/vc\/#\/schema\/person\/c2b9da8dd545e27166fc5ab232837318\",\"name\":\"Valpara\u00edso Creativo\",\"description\":\"Periodista de cultura en la Regi\u00f3n de Valpara\u00edso.\",\"url\":\"https:\/\/dev.antudigital.cl\/sites\/vc\/author\/valpoadmin\/\"}]}<\/script>\n<!-- \/ Yoast SEO plugin. -->","yoast_head_json":{"title":"Microconciertos de Ac\u00e9falo Records 2024 - Valpara\u00ed\u00adso Creativo","robots":{"index":"index","follow":"follow","max-snippet":"max-snippet:-1","max-image-preview":"max-image-preview:large","max-video-preview":"max-video-preview:-1"},"canonical":"https:\/\/dev.antudigital.cl\/sites\/vc\/microconciertos-de-acefalo-records-2024\/","og_locale":"es_ES","og_type":"article","og_title":"Microconciertos de Ac\u00e9falo Records 2024 - Valpara\u00ed\u00adso Creativo","og_description":"Ac\u00e9falo R\u00e9cords comienza una serie de micro conciertos el 5 Marzo, sala Rub\u00e9n Dar\u00eeo, UV El evento es desde las 18:00hrs. Entrada liberada.","og_url":"https:\/\/dev.antudigital.cl\/sites\/vc\/microconciertos-de-acefalo-records-2024\/","og_site_name":"Valpara\u00ed\u00adso Creativo","article_published_time":"2024-03-04T18:19:09+00:00","article_modified_time":"2024-03-04T18:19:16+00:00","og_image":[{"width":811,"height":377,"url":"https:\/\/dev.antudigital.cl\/sites\/vc\/wp-content\/uploads\/2024\/03\/Captura-de-Pantalla-2024-03-04-a-las-15.10.07.png","type":"image\/png"}],"author":"Valpara\u00edso Creativo","twitter_card":"summary_large_image","twitter_misc":{"Escrito por":"Valpara\u00edso Creativo","Tiempo de lectura":"1 minuto"},"schema":{"@context":"https:\/\/schema.org","@graph":[{"@type":"Article","@id":"https:\/\/dev.antudigital.cl\/sites\/vc\/microconciertos-de-acefalo-records-2024\/#article","isPartOf":{"@id":"https:\/\/dev.antudigital.cl\/sites\/vc\/microconciertos-de-acefalo-records-2024\/"},"author":{"name":"Valpara\u00edso Creativo","@id":"https:\/\/dev.antudigital.cl\/sites\/vc\/#\/schema\/person\/c2b9da8dd545e27166fc5ab232837318"},"headline":"Microconciertos de Ac\u00e9falo Records 2024","datePublished":"2024-03-04T18:19:09+00:00","dateModified":"2024-03-04T18:19:16+00:00","mainEntityOfPage":{"@id":"https:\/\/dev.antudigital.cl\/sites\/vc\/microconciertos-de-acefalo-records-2024\/"},"wordCount":31,"image":{"@id":"https:\/\/dev.antudigital.cl\/sites\/vc\/microconciertos-de-acefalo-records-2024\/#primaryimage"},"thumbnailUrl":"https:\/\/dev.antudigital.cl\/sites\/vc\/wp-content\/uploads\/2024\/03\/Captura-de-Pantalla-2024-03-04-a-las-15.10.07.png","articleSection":["Uncategorized"],"inLanguage":"es"},{"@type":"WebPage","@id":"https:\/\/dev.antudigital.cl\/sites\/vc\/microconciertos-de-acefalo-records-2024\/","url":"https:\/\/dev.antudigital.cl\/sites\/vc\/microconciertos-de-acefalo-records-2024\/","name":"Microconciertos de Ac\u00e9falo Records 2024 - Valpara\u00ed\u00adso Creativo","isPartOf":{"@id":"https:\/\/dev.antudigital.cl\/sites\/vc\/#website"},"primaryImageOfPage":{"@id":"https:\/\/dev.antudigital.cl\/sites\/vc\/microconciertos-de-acefalo-records-2024\/#primaryimage"},"image":{"@id":"https:\/\/dev.antudigital.cl\/sites\/vc\/microconciertos-de-acefalo-records-2024\/#primaryimage"},"thumbnailUrl":"https:\/\/dev.antudigital.cl\/sites\/vc\/wp-content\/uploads\/2024\/03\/Captura-de-Pantalla-2024-03-04-a-las-15.10.07.png","datePublished":"2024-03-04T18:19:09+00:00","dateModified":"2024-03-04T18:19:16+00:00","author":{"@id":"https:\/\/dev.antudigital.cl\/sites\/vc\/#\/schema\/person\/c2b9da8dd545e27166fc5ab232837318"},"breadcrumb":{"@id":"https:\/\/dev.antudigital.cl\/sites\/vc\/microconciertos-de-acefalo-records-2024\/#breadcrumb"},"inLanguage":"es","potentialAction":[{"@type":"ReadAction","target":["https:\/\/dev.antudigital.cl\/sites\/vc\/microconciertos-de-acefalo-records-2024\/"]}]},{"@type":"ImageObject","inLanguage":"es","@id":"https:\/\/dev.antudigital.cl\/sites\/vc\/microconciertos-de-acefalo-records-2024\/#primaryimage","url":"https:\/\/dev.antudigital.cl\/sites\/vc\/wp-content\/uploads\/2024\/03\/Captura-de-Pantalla-2024-03-04-a-las-15.10.07.png","contentUrl":"https:\/\/dev.antudigital.cl\/sites\/vc\/wp-content\/uploads\/2024\/03\/Captura-de-Pantalla-2024-03-04-a-las-15.10.07.png","width":811,"height":377},{"@type":"BreadcrumbList","@id":"https:\/\/dev.antudigital.cl\/sites\/vc\/microconciertos-de-acefalo-records-2024\/#breadcrumb","itemListElement":[{"@type":"ListItem","position":1,"name":"Home","item":"https:\/\/dev.antudigital.cl\/sites\/vc\/"},{"@type":"ListItem","position":2,"name":"Microconciertos de Ac\u00e9falo Records 2024"}]},{"@type":"WebSite","@id":"https:\/\/dev.antudigital.cl\/sites\/vc\/#website","url":"https:\/\/dev.antudigital.cl\/sites\/vc\/","name":"Valpara\u00ed\u00adso Creativo","description":"","potentialAction":[{"@type":"SearchAction","target":{"@type":"EntryPoint","urlTemplate":"https:\/\/dev.antudigital.cl\/sites\/vc\/?s={search_term_string}"},"query-input":{"@type":"PropertyValueSpecification","valueRequired":true,"valueName":"search_term_string"}}],"inLanguage":"es"},{"@type":"Person","@id":"https:\/\/dev.antudigital.cl\/sites\/vc\/#\/schema\/person\/c2b9da8dd545e27166fc5ab232837318","name":"Valpara\u00edso Creativo","description":"Periodista de cultura en la Regi\u00f3n de Valpara\u00edso.","url":"https:\/\/dev.antudigital.cl\/sites\/vc\/author\/valpoadmin\/"}]}},"_links":{"self":[{"href":"https:\/\/dev.antudigital.cl\/sites\/vc\/wp-json\/wp\/v2\/posts\/18491","targetHints":{"allow":["GET"]}}],"collection":[{"href":"https:\/\/dev.antudigital.cl\/sites\/vc\/wp-json\/wp\/v2\/posts"}],"about":[{"href":"https:\/\/dev.antudigital.cl\/sites\/vc\/wp-json\/wp\/v2\/types\/post"}],"author":[{"embeddable":true,"href":"https:\/\/dev.antudigital.cl\/sites\/vc\/wp-json\/wp\/v2\/users\/1"}],"replies":[{"embeddable":true,"href":"https:\/\/dev.antudigital.cl\/sites\/vc\/wp-json\/wp\/v2\/comments?post=18491"}],"version-history":[{"count":1,"href":"https:\/\/dev.antudigital.cl\/sites\/vc\/wp-json\/wp\/v2\/posts\/18491\/revisions"}],"predecessor-version":[{"id":18494,"href":"https:\/\/dev.antudigital.cl\/sites\/vc\/wp-json\/wp\/v2\/posts\/18491\/revisions\/18494"}],"wp:featuredmedia":[{"embeddable":true,"href":"https:\/\/dev.antudigital.cl\/sites\/vc\/wp-json\/wp\/v2\/media\/18493"}],"wp:attachment":[{"href":"https:\/\/dev.antudigital.cl\/sites\/vc\/wp-json\/wp\/v2\/media?parent=18491"}],"wp:term":[{"taxonomy":"category","embeddable":true,"href":"https:\/\/dev.antudigital.cl\/sites\/vc\/wp-json\/wp\/v2\/categories?post=18491"},{"taxonomy":"post_tag","embeddable":true,"href":"https:\/\/dev.antudigital.cl\/sites\/vc\/wp-json\/wp\/v2\/tags?post=18491"}],"curies":[{"name":"wp","href":"https:\/\/api.w.org\/{rel}","templated":true}]}}