{"id":18495,"date":"2024-03-04T18:29:49","date_gmt":"2024-03-04T18:29:49","guid":{"rendered":"https:\/\/www.valparaisocreativo.cl\/?p=18495"},"modified":"2024-03-04T18:29:59","modified_gmt":"2024-03-04T18:29:59","slug":"con-una-retrospectiva-de-su-trabajo-espacio-ane-abre-temporada-2024-en-ceac","status":"publish","type":"post","link":"https:\/\/dev.antudigital.cl\/sites\/vc\/con-una-retrospectiva-de-su-trabajo-espacio-ane-abre-temporada-2024-en-ceac\/","title":{"rendered":"Con una\u00a0 retrospectiva de su trabajo \u00a0Espacio An\u00e9 abre temporada 2024 en CEAC"},"content":{"rendered":"\n<p><em>La agrupaci\u00f3n teatral, con cinco a\u00f1os de trayectoria,&nbsp; &nbsp; presentar\u00e1 durante marzo&nbsp; en la sala Olga Quezada de la Corporaci\u00f3n Cultural CEAC,&nbsp; tres de sus m\u00e1s recientes montajes: Vac\u00edo, Esto es un Teatro y Cansancio .&nbsp;<\/em><\/p>\n\n\n\n<p>Se trata del ciclo <strong><em>\u201cPiezas de otro tiempo\u201d <\/em><\/strong>donde&nbsp; el dispositivo art\u00edstico porte\u00f1o, Espacio An\u00e9, indaga en las &nbsp; posibilidades temporales de la escena bajo la direcci\u00f3n del artista&nbsp; Danilo Llanos Quezada.&nbsp;<\/p>\n\n\n\n<p>Con este ciclo se realizar\u00e1 el lanzamiento de la&nbsp; residencia creativa que Espacio An\u00e9 desplegar\u00e1 el 2024 en la sala Olga Quezada de la CEAC (Corporaci\u00f3n Educaci\u00f3n &#8211; Arte &#8211; Cultura)&nbsp; formando parte de su programaci\u00f3n anual.<\/p>\n\n\n\n<p>El ciclo lo componen la pieza VAC\u00cdO protagonizada por el destacado actor antofagastino Ra\u00fal Rocco, la cual se presenta como instalaci\u00f3n esc\u00e9nica en la que\u00a0 abordan la exacerbaci\u00f3n radical de la contemplaci\u00f3n y el paso del tiempo a partir de la observaci\u00f3n de un cuerpo en total y absoluta soledad.\u00a0<\/p>\n\n\n\n<figure class=\"wp-block-image size-large\"><img fetchpriority=\"high\" decoding=\"async\" width=\"683\" height=\"1024\" src=\"https:\/\/www.valparaisocreativo.cl\/wp-content\/uploads\/2024\/03\/DSC01165-683x1024.jpg\" alt=\"\" class=\"wp-image-18500\" srcset=\"https:\/\/dev.antudigital.cl\/sites\/vc\/wp-content\/uploads\/2024\/03\/DSC01165-683x1024.jpg 683w, https:\/\/dev.antudigital.cl\/sites\/vc\/wp-content\/uploads\/2024\/03\/DSC01165-200x300.jpg 200w, https:\/\/dev.antudigital.cl\/sites\/vc\/wp-content\/uploads\/2024\/03\/DSC01165-768x1152.jpg 768w, https:\/\/dev.antudigital.cl\/sites\/vc\/wp-content\/uploads\/2024\/03\/DSC01165-1024x1536.jpg 1024w, https:\/\/dev.antudigital.cl\/sites\/vc\/wp-content\/uploads\/2024\/03\/DSC01165-1365x2048.jpg 1365w, https:\/\/dev.antudigital.cl\/sites\/vc\/wp-content\/uploads\/2024\/03\/DSC01165-1080x1620.jpg 1080w, https:\/\/dev.antudigital.cl\/sites\/vc\/wp-content\/uploads\/2024\/03\/DSC01165-1280x1921.jpg 1280w, https:\/\/dev.antudigital.cl\/sites\/vc\/wp-content\/uploads\/2024\/03\/DSC01165-980x1471.jpg 980w, https:\/\/dev.antudigital.cl\/sites\/vc\/wp-content\/uploads\/2024\/03\/DSC01165-480x720.jpg 480w, https:\/\/dev.antudigital.cl\/sites\/vc\/wp-content\/uploads\/2024\/03\/DSC01165-16x24.jpg 16w, https:\/\/dev.antudigital.cl\/sites\/vc\/wp-content\/uploads\/2024\/03\/DSC01165-24x36.jpg 24w, https:\/\/dev.antudigital.cl\/sites\/vc\/wp-content\/uploads\/2024\/03\/DSC01165-32x48.jpg 32w, https:\/\/dev.antudigital.cl\/sites\/vc\/wp-content\/uploads\/2024\/03\/DSC01165-scaled.jpg 1706w\" sizes=\"(max-width: 683px) 100vw, 683px\" \/><\/figure>\n\n\n\n<p>Esta propuesta tuvo su estreno el 2023 en Antofagasta y luego se present\u00f3 en Valpara\u00edso, cosechando excelentes cr\u00edticas del p\u00fablico. Tras su estreno&nbsp; Hern\u00e1n Rivera Letelier, Premio Nacional de Literatura,&nbsp; la catalog\u00f3 como&nbsp; <em>\u201cUna obra espectacular, excelente. Es un grito de soledad\u201d<\/em>.<\/p>\n\n\n\n<p>Otra de las obras que componen el ciclo es la aplaudida puesta en escena ESTO ES UN TEATRO, que a dos a\u00f1os de su estreno y despu\u00e9s de recorrer m\u00faltiples escenarios del pa\u00eds (Temporales Internacionales de Teatro de Puerto Montt, Ciclo Mirada Nacional Teatro La Memoria, Temporada Teatro del Puente, entre otros) tendr\u00e1 sus funciones de despedida.&nbsp;<\/p>\n\n\n\n<p>Esto es un Teatro es una mirada sobre la Gaviota de Anton Chejov y establece un pulso esc\u00e9nico veloz y fren\u00e9tico. Una urgencia vehemente para llegar al escenario y provocar el fen\u00f3meno teatral. \u201c<em>La intertextualidad abre diferentes niveles de lectura, de la mano con la intermedialidad y cruce de dispositivos de expresi\u00f3n presentes, empuj\u00e1ndonos a entender la hibridez narrativa como rasgo definitorio de esta \u00e9poca: dispersi\u00f3n, multitasking, el fin de obras maestras y las verdades absolutas\u201d e<\/em>scribi\u00f3 la comentarista de Teatro Catalina de los r\u00edos.&nbsp;<\/p>\n\n\n\n<p>La obra encargada de finalizar este ciclo ser\u00e1\u00a0 CANSANCIO, el m\u00e1s reciente estreno de Espacio An\u00e9, el cual es una mirada sobre el cuento hom\u00f3nimo del director y escritor de la regi\u00f3n Fernando Mena. Este trabajo se estren\u00f3 en la Sala de Arte Esc\u00e9nico de Rodelillo y representa uno de los mayores riesgos esc\u00e9nicos que el director Danilo Llanos ha trabajado bajo el contexto de Espac\u00edo An\u00e9.\u00a0<\/p>\n\n\n\n<figure class=\"wp-block-image size-large\"><img decoding=\"async\" width=\"1024\" height=\"683\" src=\"https:\/\/www.valparaisocreativo.cl\/wp-content\/uploads\/2024\/03\/1E1A0044-1024x683.jpg\" alt=\"\" class=\"wp-image-18501\" srcset=\"https:\/\/dev.antudigital.cl\/sites\/vc\/wp-content\/uploads\/2024\/03\/1E1A0044-1024x683.jpg 1024w, https:\/\/dev.antudigital.cl\/sites\/vc\/wp-content\/uploads\/2024\/03\/1E1A0044-300x200.jpg 300w, https:\/\/dev.antudigital.cl\/sites\/vc\/wp-content\/uploads\/2024\/03\/1E1A0044-768x512.jpg 768w, https:\/\/dev.antudigital.cl\/sites\/vc\/wp-content\/uploads\/2024\/03\/1E1A0044-1536x1024.jpg 1536w, https:\/\/dev.antudigital.cl\/sites\/vc\/wp-content\/uploads\/2024\/03\/1E1A0044-2048x1365.jpg 2048w, https:\/\/dev.antudigital.cl\/sites\/vc\/wp-content\/uploads\/2024\/03\/1E1A0044-1080x720.jpg 1080w, https:\/\/dev.antudigital.cl\/sites\/vc\/wp-content\/uploads\/2024\/03\/1E1A0044-1280x854.jpg 1280w, https:\/\/dev.antudigital.cl\/sites\/vc\/wp-content\/uploads\/2024\/03\/1E1A0044-980x653.jpg 980w, https:\/\/dev.antudigital.cl\/sites\/vc\/wp-content\/uploads\/2024\/03\/1E1A0044-480x320.jpg 480w, https:\/\/dev.antudigital.cl\/sites\/vc\/wp-content\/uploads\/2024\/03\/1E1A0044-24x16.jpg 24w, https:\/\/dev.antudigital.cl\/sites\/vc\/wp-content\/uploads\/2024\/03\/1E1A0044-36x24.jpg 36w, https:\/\/dev.antudigital.cl\/sites\/vc\/wp-content\/uploads\/2024\/03\/1E1A0044-48x32.jpg 48w\" sizes=\"(max-width: 1024px) 100vw, 1024px\" \/><\/figure>\n\n\n\n<p>En esta pieza la mirada est\u00e1 centrada en el acto infinito de repetir hasta el hast\u00edo una escena terrible. Savka Plancic, artista esc\u00e9nica de Valpara\u00edso destaca que \u201c<em>las actuaciones son sinceras y contenidas, cargadas de un estado emocional creciente en los ojos de ambos, que funcionan con limpieza y precisi\u00f3n\u201d<\/em>.<\/p>\n\n\n\n<p>El ciclo <em>\u201cPiezas de otro tiempo\u201d<\/em> servir\u00e1 de lanzamiento para la residencia creativa que Espacio An\u00e9 desplegar\u00e1 el 2024 en la sala Olga Quezada de la CEAC formando parte de su programaci\u00f3n anual. Al respecto, su directora Carolia Fern\u00e1ndez se\u00f1ala <em>\u201cEstamos muy contentas de poder contar con esta trilog\u00eda de espacio An\u00e9, ya que es una&nbsp; instancia que est\u00e1 en sinton\u00eda con lo que como espacio de artes esc\u00e9nicas nos interesa. Ser\u00e1 la oportunidad de celebrar el inicio de una alianza con Espacio An\u00e9\u201d&nbsp;<\/em><\/p>\n\n\n\n<p>Para Danilo Llanos. creador de Espacio An\u00e9 y director de las tres piezas que se exhibir\u00e1n en el ciclo, la posibilidad de partir la temporada con esta tres obras de Espacio An\u00e9 <em>\u201crepresenta un impulso muy fascinante ya que nos instala de\u00a0 inmediato en una activaci\u00f3n creativa a partir de la revisi\u00f3n de nuestro propio quehacer. Dar funciones es siempre un \u201cvolver a crear\u201d desde lo ya realizado\u201d<\/em>. Sobre el concepto que atraviesa el ciclo llanos se\u00f1ala que \u201c<em>hemos estado mucho rato pensando e imaginando a partir, desde y con el tiempo. Intentando observar m\u00faltiples posibilidades para su traspaso hacia una escena posible y estas tres obras son muy provocadoras en ese sentido. Primero porque nos represent\u00f3 un desaf\u00edo creativo importante desde todo punto de vista, y segundo porque las tres representan momentos distintos en este proceso de indagaci\u00f3n tempora<\/em>l. Tal vez es una tonter\u00eda lo que voy a decir, pero son obras que como director <em>me gusta mucho ver<\/em>.\u201d<\/p>\n\n\n\n<figure class=\"wp-block-image size-large\"><img decoding=\"async\" width=\"1024\" height=\"1024\" src=\"https:\/\/www.valparaisocreativo.cl\/wp-content\/uploads\/2024\/03\/2-7-1024x1024.png\" alt=\"\" class=\"wp-image-18498\" srcset=\"https:\/\/dev.antudigital.cl\/sites\/vc\/wp-content\/uploads\/2024\/03\/2-7-1024x1024.png 1024w, https:\/\/dev.antudigital.cl\/sites\/vc\/wp-content\/uploads\/2024\/03\/2-7-300x300.png 300w, https:\/\/dev.antudigital.cl\/sites\/vc\/wp-content\/uploads\/2024\/03\/2-7-150x150.png 150w, https:\/\/dev.antudigital.cl\/sites\/vc\/wp-content\/uploads\/2024\/03\/2-7-768x768.png 768w, https:\/\/dev.antudigital.cl\/sites\/vc\/wp-content\/uploads\/2024\/03\/2-7-980x980.png 980w, https:\/\/dev.antudigital.cl\/sites\/vc\/wp-content\/uploads\/2024\/03\/2-7-480x480.png 480w, https:\/\/dev.antudigital.cl\/sites\/vc\/wp-content\/uploads\/2024\/03\/2-7-24x24.png 24w, https:\/\/dev.antudigital.cl\/sites\/vc\/wp-content\/uploads\/2024\/03\/2-7-36x36.png 36w, https:\/\/dev.antudigital.cl\/sites\/vc\/wp-content\/uploads\/2024\/03\/2-7-48x48.png 48w, https:\/\/dev.antudigital.cl\/sites\/vc\/wp-content\/uploads\/2024\/03\/2-7.png 1080w\" sizes=\"(max-width: 1024px) 100vw, 1024px\" \/><\/figure>\n\n\n\n<p>El ciclo arranca el pr\u00f3ximo jueves 7 de marzo con VAC\u00cdO para continuar el 14 con la despedida de ESTO ES UN TEATRO y cierra la programaci\u00f3n CANSANCIO. Cada espect\u00e1culo tendr\u00e1 4 funciones (jueves a domingo, a las 19.00 hrs).&nbsp;<\/p>\n\n\n\n<p>El valor de la entrada ser\u00e1 con la modalidad \u201c<em>Paga lo que puedas<\/em>\u201d ($5.000 &#8211; $7.000 \u2013 $10.000).&nbsp;&nbsp;<\/p>\n\n\n\n<p>La sala Olga Quezada est\u00e1 ubicada en la CEAC \/ Cochrane #440, barrio puerto, Valpara\u00edso.<\/p>\n\n\n\n<p>Para reservas y pre venta de entradas, se debe escribir a ane.espacio@gmail.com o un DM @espacio_ane tambi\u00e9n puedes comunicarte al +56993282419&nbsp;<\/p>\n","protected":false},"excerpt":{"rendered":"<p>La agrupaci\u00f3n teatral, con cinco a\u00f1os de trayectoria,&nbsp; &nbsp; presentar\u00e1 durante marzo&nbsp; en la sala Olga Quezada de la Corporaci\u00f3n Cultural CEAC,&nbsp; tres de sus m\u00e1s recientes montajes: Vac\u00edo, Esto es un Teatro y Cansancio .&nbsp; Se trata del ciclo \u201cPiezas de otro tiempo\u201d donde&nbsp; el dispositivo art\u00edstico porte\u00f1o, Espacio An\u00e9, indaga en las &nbsp; [&hellip;]<\/p>\n","protected":false},"author":1,"featured_media":18502,"comment_status":"closed","ping_status":"closed","sticky":false,"template":"","format":"standard","meta":{"_acf_changed":false,"footnotes":""},"categories":[1],"tags":[],"class_list":["post-18495","post","type-post","status-publish","format-standard","has-post-thumbnail","hentry","category-uncategorized"],"acf":[],"yoast_head":"<!-- This site is optimized with the Yoast SEO plugin v27.1.1 - https:\/\/yoast.com\/product\/yoast-seo-wordpress\/ -->\n<title>Con una\u00a0 retrospectiva de su trabajo \u00a0Espacio An\u00e9 abre temporada 2024 en CEAC - Valpara\u00ed\u00adso Creativo<\/title>\n<meta name=\"robots\" content=\"index, follow, max-snippet:-1, max-image-preview:large, max-video-preview:-1\" \/>\n<link rel=\"canonical\" href=\"https:\/\/dev.antudigital.cl\/sites\/vc\/con-una-retrospectiva-de-su-trabajo-espacio-ane-abre-temporada-2024-en-ceac\/\" \/>\n<meta property=\"og:locale\" content=\"es_ES\" \/>\n<meta property=\"og:type\" content=\"article\" \/>\n<meta property=\"og:title\" content=\"Con una\u00a0 retrospectiva de su trabajo \u00a0Espacio An\u00e9 abre temporada 2024 en CEAC - Valpara\u00ed\u00adso Creativo\" \/>\n<meta property=\"og:description\" content=\"La agrupaci\u00f3n teatral, con cinco a\u00f1os de trayectoria,&nbsp; &nbsp; presentar\u00e1 durante marzo&nbsp; en la sala Olga Quezada de la Corporaci\u00f3n Cultural CEAC,&nbsp; tres de sus m\u00e1s recientes montajes: Vac\u00edo, Esto es un Teatro y Cansancio .&nbsp; Se trata del ciclo \u201cPiezas de otro tiempo\u201d donde&nbsp; el dispositivo art\u00edstico porte\u00f1o, Espacio An\u00e9, indaga en las &nbsp; [&hellip;]\" \/>\n<meta property=\"og:url\" content=\"https:\/\/dev.antudigital.cl\/sites\/vc\/con-una-retrospectiva-de-su-trabajo-espacio-ane-abre-temporada-2024-en-ceac\/\" \/>\n<meta property=\"og:site_name\" content=\"Valpara\u00ed\u00adso Creativo\" \/>\n<meta property=\"article:published_time\" content=\"2024-03-04T18:29:49+00:00\" \/>\n<meta property=\"article:modified_time\" content=\"2024-03-04T18:29:59+00:00\" \/>\n<meta property=\"og:image\" content=\"https:\/\/dev.antudigital.cl\/sites\/vc\/wp-content\/uploads\/2024\/03\/IMG_9486.jpg\" \/>\n\t<meta property=\"og:image:width\" content=\"2048\" \/>\n\t<meta property=\"og:image:height\" content=\"1365\" \/>\n\t<meta property=\"og:image:type\" content=\"image\/jpeg\" \/>\n<meta name=\"author\" content=\"Valpara\u00edso Creativo\" \/>\n<meta name=\"twitter:card\" content=\"summary_large_image\" \/>\n<meta name=\"twitter:label1\" content=\"Escrito por\" \/>\n\t<meta name=\"twitter:data1\" content=\"Valpara\u00edso Creativo\" \/>\n\t<meta name=\"twitter:label2\" content=\"Tiempo de lectura\" \/>\n\t<meta name=\"twitter:data2\" content=\"5 minutos\" \/>\n<script type=\"application\/ld+json\" class=\"yoast-schema-graph\">{\"@context\":\"https:\/\/schema.org\",\"@graph\":[{\"@type\":\"Article\",\"@id\":\"https:\/\/dev.antudigital.cl\/sites\/vc\/con-una-retrospectiva-de-su-trabajo-espacio-ane-abre-temporada-2024-en-ceac\/#article\",\"isPartOf\":{\"@id\":\"https:\/\/dev.antudigital.cl\/sites\/vc\/con-una-retrospectiva-de-su-trabajo-espacio-ane-abre-temporada-2024-en-ceac\/\"},\"author\":{\"name\":\"Valpara\u00edso Creativo\",\"@id\":\"https:\/\/dev.antudigital.cl\/sites\/vc\/#\/schema\/person\/c2b9da8dd545e27166fc5ab232837318\"},\"headline\":\"Con una\u00a0 retrospectiva de su trabajo \u00a0Espacio An\u00e9 abre temporada 2024 en CEAC\",\"datePublished\":\"2024-03-04T18:29:49+00:00\",\"dateModified\":\"2024-03-04T18:29:59+00:00\",\"mainEntityOfPage\":{\"@id\":\"https:\/\/dev.antudigital.cl\/sites\/vc\/con-una-retrospectiva-de-su-trabajo-espacio-ane-abre-temporada-2024-en-ceac\/\"},\"wordCount\":878,\"image\":{\"@id\":\"https:\/\/dev.antudigital.cl\/sites\/vc\/con-una-retrospectiva-de-su-trabajo-espacio-ane-abre-temporada-2024-en-ceac\/#primaryimage\"},\"thumbnailUrl\":\"https:\/\/dev.antudigital.cl\/sites\/vc\/wp-content\/uploads\/2024\/03\/IMG_9486.jpg\",\"articleSection\":[\"Uncategorized\"],\"inLanguage\":\"es\"},{\"@type\":\"WebPage\",\"@id\":\"https:\/\/dev.antudigital.cl\/sites\/vc\/con-una-retrospectiva-de-su-trabajo-espacio-ane-abre-temporada-2024-en-ceac\/\",\"url\":\"https:\/\/dev.antudigital.cl\/sites\/vc\/con-una-retrospectiva-de-su-trabajo-espacio-ane-abre-temporada-2024-en-ceac\/\",\"name\":\"Con una\u00a0 retrospectiva de su trabajo \u00a0Espacio An\u00e9 abre temporada 2024 en CEAC - Valpara\u00ed\u00adso Creativo\",\"isPartOf\":{\"@id\":\"https:\/\/dev.antudigital.cl\/sites\/vc\/#website\"},\"primaryImageOfPage\":{\"@id\":\"https:\/\/dev.antudigital.cl\/sites\/vc\/con-una-retrospectiva-de-su-trabajo-espacio-ane-abre-temporada-2024-en-ceac\/#primaryimage\"},\"image\":{\"@id\":\"https:\/\/dev.antudigital.cl\/sites\/vc\/con-una-retrospectiva-de-su-trabajo-espacio-ane-abre-temporada-2024-en-ceac\/#primaryimage\"},\"thumbnailUrl\":\"https:\/\/dev.antudigital.cl\/sites\/vc\/wp-content\/uploads\/2024\/03\/IMG_9486.jpg\",\"datePublished\":\"2024-03-04T18:29:49+00:00\",\"dateModified\":\"2024-03-04T18:29:59+00:00\",\"author\":{\"@id\":\"https:\/\/dev.antudigital.cl\/sites\/vc\/#\/schema\/person\/c2b9da8dd545e27166fc5ab232837318\"},\"breadcrumb\":{\"@id\":\"https:\/\/dev.antudigital.cl\/sites\/vc\/con-una-retrospectiva-de-su-trabajo-espacio-ane-abre-temporada-2024-en-ceac\/#breadcrumb\"},\"inLanguage\":\"es\",\"potentialAction\":[{\"@type\":\"ReadAction\",\"target\":[\"https:\/\/dev.antudigital.cl\/sites\/vc\/con-una-retrospectiva-de-su-trabajo-espacio-ane-abre-temporada-2024-en-ceac\/\"]}]},{\"@type\":\"ImageObject\",\"inLanguage\":\"es\",\"@id\":\"https:\/\/dev.antudigital.cl\/sites\/vc\/con-una-retrospectiva-de-su-trabajo-espacio-ane-abre-temporada-2024-en-ceac\/#primaryimage\",\"url\":\"https:\/\/dev.antudigital.cl\/sites\/vc\/wp-content\/uploads\/2024\/03\/IMG_9486.jpg\",\"contentUrl\":\"https:\/\/dev.antudigital.cl\/sites\/vc\/wp-content\/uploads\/2024\/03\/IMG_9486.jpg\",\"width\":2048,\"height\":1365},{\"@type\":\"BreadcrumbList\",\"@id\":\"https:\/\/dev.antudigital.cl\/sites\/vc\/con-una-retrospectiva-de-su-trabajo-espacio-ane-abre-temporada-2024-en-ceac\/#breadcrumb\",\"itemListElement\":[{\"@type\":\"ListItem\",\"position\":1,\"name\":\"Home\",\"item\":\"https:\/\/dev.antudigital.cl\/sites\/vc\/\"},{\"@type\":\"ListItem\",\"position\":2,\"name\":\"Con una\u00a0 retrospectiva de su trabajo \u00a0Espacio An\u00e9 abre temporada 2024 en CEAC\"}]},{\"@type\":\"WebSite\",\"@id\":\"https:\/\/dev.antudigital.cl\/sites\/vc\/#website\",\"url\":\"https:\/\/dev.antudigital.cl\/sites\/vc\/\",\"name\":\"Valpara\u00ed\u00adso Creativo\",\"description\":\"\",\"potentialAction\":[{\"@type\":\"SearchAction\",\"target\":{\"@type\":\"EntryPoint\",\"urlTemplate\":\"https:\/\/dev.antudigital.cl\/sites\/vc\/?s={search_term_string}\"},\"query-input\":{\"@type\":\"PropertyValueSpecification\",\"valueRequired\":true,\"valueName\":\"search_term_string\"}}],\"inLanguage\":\"es\"},{\"@type\":\"Person\",\"@id\":\"https:\/\/dev.antudigital.cl\/sites\/vc\/#\/schema\/person\/c2b9da8dd545e27166fc5ab232837318\",\"name\":\"Valpara\u00edso Creativo\",\"description\":\"Periodista de cultura en la Regi\u00f3n de Valpara\u00edso.\",\"url\":\"https:\/\/dev.antudigital.cl\/sites\/vc\/author\/valpoadmin\/\"}]}<\/script>\n<!-- \/ Yoast SEO plugin. -->","yoast_head_json":{"title":"Con una\u00a0 retrospectiva de su trabajo \u00a0Espacio An\u00e9 abre temporada 2024 en CEAC - Valpara\u00ed\u00adso Creativo","robots":{"index":"index","follow":"follow","max-snippet":"max-snippet:-1","max-image-preview":"max-image-preview:large","max-video-preview":"max-video-preview:-1"},"canonical":"https:\/\/dev.antudigital.cl\/sites\/vc\/con-una-retrospectiva-de-su-trabajo-espacio-ane-abre-temporada-2024-en-ceac\/","og_locale":"es_ES","og_type":"article","og_title":"Con una\u00a0 retrospectiva de su trabajo \u00a0Espacio An\u00e9 abre temporada 2024 en CEAC - Valpara\u00ed\u00adso Creativo","og_description":"La agrupaci\u00f3n teatral, con cinco a\u00f1os de trayectoria,&nbsp; &nbsp; presentar\u00e1 durante marzo&nbsp; en la sala Olga Quezada de la Corporaci\u00f3n Cultural CEAC,&nbsp; tres de sus m\u00e1s recientes montajes: Vac\u00edo, Esto es un Teatro y Cansancio .&nbsp; Se trata del ciclo \u201cPiezas de otro tiempo\u201d donde&nbsp; el dispositivo art\u00edstico porte\u00f1o, Espacio An\u00e9, indaga en las &nbsp; [&hellip;]","og_url":"https:\/\/dev.antudigital.cl\/sites\/vc\/con-una-retrospectiva-de-su-trabajo-espacio-ane-abre-temporada-2024-en-ceac\/","og_site_name":"Valpara\u00ed\u00adso Creativo","article_published_time":"2024-03-04T18:29:49+00:00","article_modified_time":"2024-03-04T18:29:59+00:00","og_image":[{"width":2048,"height":1365,"url":"https:\/\/dev.antudigital.cl\/sites\/vc\/wp-content\/uploads\/2024\/03\/IMG_9486.jpg","type":"image\/jpeg"}],"author":"Valpara\u00edso Creativo","twitter_card":"summary_large_image","twitter_misc":{"Escrito por":"Valpara\u00edso Creativo","Tiempo de lectura":"5 minutos"},"schema":{"@context":"https:\/\/schema.org","@graph":[{"@type":"Article","@id":"https:\/\/dev.antudigital.cl\/sites\/vc\/con-una-retrospectiva-de-su-trabajo-espacio-ane-abre-temporada-2024-en-ceac\/#article","isPartOf":{"@id":"https:\/\/dev.antudigital.cl\/sites\/vc\/con-una-retrospectiva-de-su-trabajo-espacio-ane-abre-temporada-2024-en-ceac\/"},"author":{"name":"Valpara\u00edso Creativo","@id":"https:\/\/dev.antudigital.cl\/sites\/vc\/#\/schema\/person\/c2b9da8dd545e27166fc5ab232837318"},"headline":"Con una\u00a0 retrospectiva de su trabajo \u00a0Espacio An\u00e9 abre temporada 2024 en CEAC","datePublished":"2024-03-04T18:29:49+00:00","dateModified":"2024-03-04T18:29:59+00:00","mainEntityOfPage":{"@id":"https:\/\/dev.antudigital.cl\/sites\/vc\/con-una-retrospectiva-de-su-trabajo-espacio-ane-abre-temporada-2024-en-ceac\/"},"wordCount":878,"image":{"@id":"https:\/\/dev.antudigital.cl\/sites\/vc\/con-una-retrospectiva-de-su-trabajo-espacio-ane-abre-temporada-2024-en-ceac\/#primaryimage"},"thumbnailUrl":"https:\/\/dev.antudigital.cl\/sites\/vc\/wp-content\/uploads\/2024\/03\/IMG_9486.jpg","articleSection":["Uncategorized"],"inLanguage":"es"},{"@type":"WebPage","@id":"https:\/\/dev.antudigital.cl\/sites\/vc\/con-una-retrospectiva-de-su-trabajo-espacio-ane-abre-temporada-2024-en-ceac\/","url":"https:\/\/dev.antudigital.cl\/sites\/vc\/con-una-retrospectiva-de-su-trabajo-espacio-ane-abre-temporada-2024-en-ceac\/","name":"Con una\u00a0 retrospectiva de su trabajo \u00a0Espacio An\u00e9 abre temporada 2024 en CEAC - Valpara\u00ed\u00adso Creativo","isPartOf":{"@id":"https:\/\/dev.antudigital.cl\/sites\/vc\/#website"},"primaryImageOfPage":{"@id":"https:\/\/dev.antudigital.cl\/sites\/vc\/con-una-retrospectiva-de-su-trabajo-espacio-ane-abre-temporada-2024-en-ceac\/#primaryimage"},"image":{"@id":"https:\/\/dev.antudigital.cl\/sites\/vc\/con-una-retrospectiva-de-su-trabajo-espacio-ane-abre-temporada-2024-en-ceac\/#primaryimage"},"thumbnailUrl":"https:\/\/dev.antudigital.cl\/sites\/vc\/wp-content\/uploads\/2024\/03\/IMG_9486.jpg","datePublished":"2024-03-04T18:29:49+00:00","dateModified":"2024-03-04T18:29:59+00:00","author":{"@id":"https:\/\/dev.antudigital.cl\/sites\/vc\/#\/schema\/person\/c2b9da8dd545e27166fc5ab232837318"},"breadcrumb":{"@id":"https:\/\/dev.antudigital.cl\/sites\/vc\/con-una-retrospectiva-de-su-trabajo-espacio-ane-abre-temporada-2024-en-ceac\/#breadcrumb"},"inLanguage":"es","potentialAction":[{"@type":"ReadAction","target":["https:\/\/dev.antudigital.cl\/sites\/vc\/con-una-retrospectiva-de-su-trabajo-espacio-ane-abre-temporada-2024-en-ceac\/"]}]},{"@type":"ImageObject","inLanguage":"es","@id":"https:\/\/dev.antudigital.cl\/sites\/vc\/con-una-retrospectiva-de-su-trabajo-espacio-ane-abre-temporada-2024-en-ceac\/#primaryimage","url":"https:\/\/dev.antudigital.cl\/sites\/vc\/wp-content\/uploads\/2024\/03\/IMG_9486.jpg","contentUrl":"https:\/\/dev.antudigital.cl\/sites\/vc\/wp-content\/uploads\/2024\/03\/IMG_9486.jpg","width":2048,"height":1365},{"@type":"BreadcrumbList","@id":"https:\/\/dev.antudigital.cl\/sites\/vc\/con-una-retrospectiva-de-su-trabajo-espacio-ane-abre-temporada-2024-en-ceac\/#breadcrumb","itemListElement":[{"@type":"ListItem","position":1,"name":"Home","item":"https:\/\/dev.antudigital.cl\/sites\/vc\/"},{"@type":"ListItem","position":2,"name":"Con una\u00a0 retrospectiva de su trabajo \u00a0Espacio An\u00e9 abre temporada 2024 en CEAC"}]},{"@type":"WebSite","@id":"https:\/\/dev.antudigital.cl\/sites\/vc\/#website","url":"https:\/\/dev.antudigital.cl\/sites\/vc\/","name":"Valpara\u00ed\u00adso Creativo","description":"","potentialAction":[{"@type":"SearchAction","target":{"@type":"EntryPoint","urlTemplate":"https:\/\/dev.antudigital.cl\/sites\/vc\/?s={search_term_string}"},"query-input":{"@type":"PropertyValueSpecification","valueRequired":true,"valueName":"search_term_string"}}],"inLanguage":"es"},{"@type":"Person","@id":"https:\/\/dev.antudigital.cl\/sites\/vc\/#\/schema\/person\/c2b9da8dd545e27166fc5ab232837318","name":"Valpara\u00edso Creativo","description":"Periodista de cultura en la Regi\u00f3n de Valpara\u00edso.","url":"https:\/\/dev.antudigital.cl\/sites\/vc\/author\/valpoadmin\/"}]}},"_links":{"self":[{"href":"https:\/\/dev.antudigital.cl\/sites\/vc\/wp-json\/wp\/v2\/posts\/18495","targetHints":{"allow":["GET"]}}],"collection":[{"href":"https:\/\/dev.antudigital.cl\/sites\/vc\/wp-json\/wp\/v2\/posts"}],"about":[{"href":"https:\/\/dev.antudigital.cl\/sites\/vc\/wp-json\/wp\/v2\/types\/post"}],"author":[{"embeddable":true,"href":"https:\/\/dev.antudigital.cl\/sites\/vc\/wp-json\/wp\/v2\/users\/1"}],"replies":[{"embeddable":true,"href":"https:\/\/dev.antudigital.cl\/sites\/vc\/wp-json\/wp\/v2\/comments?post=18495"}],"version-history":[{"count":1,"href":"https:\/\/dev.antudigital.cl\/sites\/vc\/wp-json\/wp\/v2\/posts\/18495\/revisions"}],"predecessor-version":[{"id":18503,"href":"https:\/\/dev.antudigital.cl\/sites\/vc\/wp-json\/wp\/v2\/posts\/18495\/revisions\/18503"}],"wp:featuredmedia":[{"embeddable":true,"href":"https:\/\/dev.antudigital.cl\/sites\/vc\/wp-json\/wp\/v2\/media\/18502"}],"wp:attachment":[{"href":"https:\/\/dev.antudigital.cl\/sites\/vc\/wp-json\/wp\/v2\/media?parent=18495"}],"wp:term":[{"taxonomy":"category","embeddable":true,"href":"https:\/\/dev.antudigital.cl\/sites\/vc\/wp-json\/wp\/v2\/categories?post=18495"},{"taxonomy":"post_tag","embeddable":true,"href":"https:\/\/dev.antudigital.cl\/sites\/vc\/wp-json\/wp\/v2\/tags?post=18495"}],"curies":[{"name":"wp","href":"https:\/\/api.w.org\/{rel}","templated":true}]}}