{"id":18512,"date":"2024-03-04T19:50:44","date_gmt":"2024-03-04T19:50:44","guid":{"rendered":"https:\/\/www.valparaisocreativo.cl\/?p=18512"},"modified":"2024-03-04T19:50:51","modified_gmt":"2024-03-04T19:50:51","slug":"convocatoria-sura-cultura-latinoamerica","status":"publish","type":"post","link":"https:\/\/dev.antudigital.cl\/sites\/vc\/convocatoria-sura-cultura-latinoamerica\/","title":{"rendered":"Convocatoria SURA Cultura Latinoam\u00e9rica"},"content":{"rendered":"\n<p>Dirigida a organizaciones culturales sin \u00e1nimo de lucro, con propuestas que fomenten el intercambio de conocimiento y la expresi\u00f3n de manifestaciones del vibrante paisaje cultural de la regi\u00f3n.<\/p>\n\n\n\n<p>Consideramos que la sostenibilidad y proyecci\u00f3n en el tiempo de las organizaciones culturales es responsabilidad de todos, bien sea desde nuestro aporte como habitantes de los territorios o como aliados del sector cultural. Por eso, y conscientes de que debemos afianzar nuestro lugar y quehacer en el ecosistema cultural de Latinoam\u00e9rica, construimos esta convocatoria para el aprendizaje y el fortalecimiento colectivo de las organizaciones culturales.<\/p>\n\n\n\n<p>Conoce y participa en la Convocatoria.<\/p>\n\n\n\n<h3 class=\"wp-block-heading\"><strong>\u00bfEn qu\u00e9 consiste?<\/strong><\/h3>\n\n\n\n<p><strong>Cultura Latinoam\u00e9rica<\/strong>&nbsp;es una convocatoria que entregar\u00e1 recursos econ\u00f3micos para apoyar proyectos&nbsp;<strong>formulados y presentados en conjunto por dos organizaciones culturales provenientes de los pa\u00edses donde SURA<\/strong>&nbsp;tiene presencia, a la vez que desarrollar\u00e1 actividades de relacionamiento, visibilizaci\u00f3n y fortalecimiento colectivo e individual a lo largo de quince (15) meses.<\/p>\n\n\n\n<p>La iniciativa seleccionar\u00e1 a treinta (30) organizaciones culturales de nueve (9) pa\u00edses en Latinoam\u00e9rica para un total de quince (15) proyectos culturales y art\u00edsticos. Busca propiciar escenarios de reflexi\u00f3n y acci\u00f3n en torno a la sostenibilidad, estructura y proyecci\u00f3n de las organizaciones culturales, a trav\u00e9s de la ejecuci\u00f3n de propuestas.<\/p>\n\n\n\n<p>Conoce quienes pueden postularse y <a href=\"https:\/\/www.fundacionsura.com\/iniciativas\/convocatoria-cultura-latinoamerica\/\"><strong>las bases en el siguiente hiperv\u00ednculo<\/strong><\/a><\/p>\n","protected":false},"excerpt":{"rendered":"<p>Dirigida a organizaciones culturales sin \u00e1nimo de lucro, con propuestas que fomenten el intercambio de conocimiento y la expresi\u00f3n de manifestaciones del vibrante paisaje cultural de la regi\u00f3n. Consideramos que la sostenibilidad y proyecci\u00f3n en el tiempo de las organizaciones culturales es responsabilidad de todos, bien sea desde nuestro aporte como habitantes de los territorios [&hellip;]<\/p>\n","protected":false},"author":1,"featured_media":18513,"comment_status":"closed","ping_status":"closed","sticky":false,"template":"","format":"standard","meta":{"_acf_changed":false,"footnotes":""},"categories":[1],"tags":[],"class_list":["post-18512","post","type-post","status-publish","format-standard","has-post-thumbnail","hentry","category-uncategorized"],"acf":[],"yoast_head":"<!-- This site is optimized with the Yoast SEO plugin v27.1.1 - https:\/\/yoast.com\/product\/yoast-seo-wordpress\/ -->\n<title>Convocatoria SURA Cultura Latinoam\u00e9rica - Valpara\u00ed\u00adso Creativo<\/title>\n<meta name=\"robots\" content=\"index, follow, max-snippet:-1, max-image-preview:large, max-video-preview:-1\" \/>\n<link rel=\"canonical\" href=\"https:\/\/dev.antudigital.cl\/sites\/vc\/convocatoria-sura-cultura-latinoamerica\/\" \/>\n<meta property=\"og:locale\" content=\"es_ES\" \/>\n<meta property=\"og:type\" content=\"article\" \/>\n<meta property=\"og:title\" content=\"Convocatoria SURA Cultura Latinoam\u00e9rica - Valpara\u00ed\u00adso Creativo\" \/>\n<meta property=\"og:description\" content=\"Dirigida a organizaciones culturales sin \u00e1nimo de lucro, con propuestas que fomenten el intercambio de conocimiento y la expresi\u00f3n de manifestaciones del vibrante paisaje cultural de la regi\u00f3n. Consideramos que la sostenibilidad y proyecci\u00f3n en el tiempo de las organizaciones culturales es responsabilidad de todos, bien sea desde nuestro aporte como habitantes de los territorios [&hellip;]\" \/>\n<meta property=\"og:url\" content=\"https:\/\/dev.antudigital.cl\/sites\/vc\/convocatoria-sura-cultura-latinoamerica\/\" \/>\n<meta property=\"og:site_name\" content=\"Valpara\u00ed\u00adso Creativo\" \/>\n<meta property=\"article:published_time\" content=\"2024-03-04T19:50:44+00:00\" \/>\n<meta property=\"article:modified_time\" content=\"2024-03-04T19:50:51+00:00\" \/>\n<meta property=\"og:image\" content=\"https:\/\/dev.antudigital.cl\/sites\/vc\/wp-content\/uploads\/2024\/03\/Captura-de-Pantalla-2024-03-04-a-las-16.49.36.png\" \/>\n\t<meta property=\"og:image:width\" content=\"1088\" \/>\n\t<meta property=\"og:image:height\" content=\"374\" \/>\n\t<meta property=\"og:image:type\" content=\"image\/png\" \/>\n<meta name=\"author\" content=\"Valpara\u00edso Creativo\" \/>\n<meta name=\"twitter:card\" content=\"summary_large_image\" \/>\n<meta name=\"twitter:label1\" content=\"Escrito por\" \/>\n\t<meta name=\"twitter:data1\" content=\"Valpara\u00edso Creativo\" \/>\n\t<meta name=\"twitter:label2\" content=\"Tiempo de lectura\" \/>\n\t<meta name=\"twitter:data2\" content=\"2 minutos\" \/>\n<script type=\"application\/ld+json\" class=\"yoast-schema-graph\">{\"@context\":\"https:\/\/schema.org\",\"@graph\":[{\"@type\":\"Article\",\"@id\":\"https:\/\/dev.antudigital.cl\/sites\/vc\/convocatoria-sura-cultura-latinoamerica\/#article\",\"isPartOf\":{\"@id\":\"https:\/\/dev.antudigital.cl\/sites\/vc\/convocatoria-sura-cultura-latinoamerica\/\"},\"author\":{\"name\":\"Valpara\u00edso Creativo\",\"@id\":\"https:\/\/dev.antudigital.cl\/sites\/vc\/#\/schema\/person\/c2b9da8dd545e27166fc5ab232837318\"},\"headline\":\"Convocatoria SURA Cultura Latinoam\u00e9rica\",\"datePublished\":\"2024-03-04T19:50:44+00:00\",\"dateModified\":\"2024-03-04T19:50:51+00:00\",\"mainEntityOfPage\":{\"@id\":\"https:\/\/dev.antudigital.cl\/sites\/vc\/convocatoria-sura-cultura-latinoamerica\/\"},\"wordCount\":234,\"image\":{\"@id\":\"https:\/\/dev.antudigital.cl\/sites\/vc\/convocatoria-sura-cultura-latinoamerica\/#primaryimage\"},\"thumbnailUrl\":\"https:\/\/dev.antudigital.cl\/sites\/vc\/wp-content\/uploads\/2024\/03\/Captura-de-Pantalla-2024-03-04-a-las-16.49.36.png\",\"articleSection\":[\"Uncategorized\"],\"inLanguage\":\"es\"},{\"@type\":\"WebPage\",\"@id\":\"https:\/\/dev.antudigital.cl\/sites\/vc\/convocatoria-sura-cultura-latinoamerica\/\",\"url\":\"https:\/\/dev.antudigital.cl\/sites\/vc\/convocatoria-sura-cultura-latinoamerica\/\",\"name\":\"Convocatoria SURA Cultura Latinoam\u00e9rica - Valpara\u00ed\u00adso Creativo\",\"isPartOf\":{\"@id\":\"https:\/\/dev.antudigital.cl\/sites\/vc\/#website\"},\"primaryImageOfPage\":{\"@id\":\"https:\/\/dev.antudigital.cl\/sites\/vc\/convocatoria-sura-cultura-latinoamerica\/#primaryimage\"},\"image\":{\"@id\":\"https:\/\/dev.antudigital.cl\/sites\/vc\/convocatoria-sura-cultura-latinoamerica\/#primaryimage\"},\"thumbnailUrl\":\"https:\/\/dev.antudigital.cl\/sites\/vc\/wp-content\/uploads\/2024\/03\/Captura-de-Pantalla-2024-03-04-a-las-16.49.36.png\",\"datePublished\":\"2024-03-04T19:50:44+00:00\",\"dateModified\":\"2024-03-04T19:50:51+00:00\",\"author\":{\"@id\":\"https:\/\/dev.antudigital.cl\/sites\/vc\/#\/schema\/person\/c2b9da8dd545e27166fc5ab232837318\"},\"breadcrumb\":{\"@id\":\"https:\/\/dev.antudigital.cl\/sites\/vc\/convocatoria-sura-cultura-latinoamerica\/#breadcrumb\"},\"inLanguage\":\"es\",\"potentialAction\":[{\"@type\":\"ReadAction\",\"target\":[\"https:\/\/dev.antudigital.cl\/sites\/vc\/convocatoria-sura-cultura-latinoamerica\/\"]}]},{\"@type\":\"ImageObject\",\"inLanguage\":\"es\",\"@id\":\"https:\/\/dev.antudigital.cl\/sites\/vc\/convocatoria-sura-cultura-latinoamerica\/#primaryimage\",\"url\":\"https:\/\/dev.antudigital.cl\/sites\/vc\/wp-content\/uploads\/2024\/03\/Captura-de-Pantalla-2024-03-04-a-las-16.49.36.png\",\"contentUrl\":\"https:\/\/dev.antudigital.cl\/sites\/vc\/wp-content\/uploads\/2024\/03\/Captura-de-Pantalla-2024-03-04-a-las-16.49.36.png\",\"width\":1088,\"height\":374},{\"@type\":\"BreadcrumbList\",\"@id\":\"https:\/\/dev.antudigital.cl\/sites\/vc\/convocatoria-sura-cultura-latinoamerica\/#breadcrumb\",\"itemListElement\":[{\"@type\":\"ListItem\",\"position\":1,\"name\":\"Home\",\"item\":\"https:\/\/dev.antudigital.cl\/sites\/vc\/\"},{\"@type\":\"ListItem\",\"position\":2,\"name\":\"Convocatoria SURA Cultura Latinoam\u00e9rica\"}]},{\"@type\":\"WebSite\",\"@id\":\"https:\/\/dev.antudigital.cl\/sites\/vc\/#website\",\"url\":\"https:\/\/dev.antudigital.cl\/sites\/vc\/\",\"name\":\"Valpara\u00ed\u00adso Creativo\",\"description\":\"\",\"potentialAction\":[{\"@type\":\"SearchAction\",\"target\":{\"@type\":\"EntryPoint\",\"urlTemplate\":\"https:\/\/dev.antudigital.cl\/sites\/vc\/?s={search_term_string}\"},\"query-input\":{\"@type\":\"PropertyValueSpecification\",\"valueRequired\":true,\"valueName\":\"search_term_string\"}}],\"inLanguage\":\"es\"},{\"@type\":\"Person\",\"@id\":\"https:\/\/dev.antudigital.cl\/sites\/vc\/#\/schema\/person\/c2b9da8dd545e27166fc5ab232837318\",\"name\":\"Valpara\u00edso Creativo\",\"description\":\"Periodista de cultura en la Regi\u00f3n de Valpara\u00edso.\",\"url\":\"https:\/\/dev.antudigital.cl\/sites\/vc\/author\/valpoadmin\/\"}]}<\/script>\n<!-- \/ Yoast SEO plugin. -->","yoast_head_json":{"title":"Convocatoria SURA Cultura Latinoam\u00e9rica - Valpara\u00ed\u00adso Creativo","robots":{"index":"index","follow":"follow","max-snippet":"max-snippet:-1","max-image-preview":"max-image-preview:large","max-video-preview":"max-video-preview:-1"},"canonical":"https:\/\/dev.antudigital.cl\/sites\/vc\/convocatoria-sura-cultura-latinoamerica\/","og_locale":"es_ES","og_type":"article","og_title":"Convocatoria SURA Cultura Latinoam\u00e9rica - Valpara\u00ed\u00adso Creativo","og_description":"Dirigida a organizaciones culturales sin \u00e1nimo de lucro, con propuestas que fomenten el intercambio de conocimiento y la expresi\u00f3n de manifestaciones del vibrante paisaje cultural de la regi\u00f3n. Consideramos que la sostenibilidad y proyecci\u00f3n en el tiempo de las organizaciones culturales es responsabilidad de todos, bien sea desde nuestro aporte como habitantes de los territorios [&hellip;]","og_url":"https:\/\/dev.antudigital.cl\/sites\/vc\/convocatoria-sura-cultura-latinoamerica\/","og_site_name":"Valpara\u00ed\u00adso Creativo","article_published_time":"2024-03-04T19:50:44+00:00","article_modified_time":"2024-03-04T19:50:51+00:00","og_image":[{"width":1088,"height":374,"url":"https:\/\/dev.antudigital.cl\/sites\/vc\/wp-content\/uploads\/2024\/03\/Captura-de-Pantalla-2024-03-04-a-las-16.49.36.png","type":"image\/png"}],"author":"Valpara\u00edso Creativo","twitter_card":"summary_large_image","twitter_misc":{"Escrito por":"Valpara\u00edso Creativo","Tiempo de lectura":"2 minutos"},"schema":{"@context":"https:\/\/schema.org","@graph":[{"@type":"Article","@id":"https:\/\/dev.antudigital.cl\/sites\/vc\/convocatoria-sura-cultura-latinoamerica\/#article","isPartOf":{"@id":"https:\/\/dev.antudigital.cl\/sites\/vc\/convocatoria-sura-cultura-latinoamerica\/"},"author":{"name":"Valpara\u00edso Creativo","@id":"https:\/\/dev.antudigital.cl\/sites\/vc\/#\/schema\/person\/c2b9da8dd545e27166fc5ab232837318"},"headline":"Convocatoria SURA Cultura Latinoam\u00e9rica","datePublished":"2024-03-04T19:50:44+00:00","dateModified":"2024-03-04T19:50:51+00:00","mainEntityOfPage":{"@id":"https:\/\/dev.antudigital.cl\/sites\/vc\/convocatoria-sura-cultura-latinoamerica\/"},"wordCount":234,"image":{"@id":"https:\/\/dev.antudigital.cl\/sites\/vc\/convocatoria-sura-cultura-latinoamerica\/#primaryimage"},"thumbnailUrl":"https:\/\/dev.antudigital.cl\/sites\/vc\/wp-content\/uploads\/2024\/03\/Captura-de-Pantalla-2024-03-04-a-las-16.49.36.png","articleSection":["Uncategorized"],"inLanguage":"es"},{"@type":"WebPage","@id":"https:\/\/dev.antudigital.cl\/sites\/vc\/convocatoria-sura-cultura-latinoamerica\/","url":"https:\/\/dev.antudigital.cl\/sites\/vc\/convocatoria-sura-cultura-latinoamerica\/","name":"Convocatoria SURA Cultura Latinoam\u00e9rica - Valpara\u00ed\u00adso Creativo","isPartOf":{"@id":"https:\/\/dev.antudigital.cl\/sites\/vc\/#website"},"primaryImageOfPage":{"@id":"https:\/\/dev.antudigital.cl\/sites\/vc\/convocatoria-sura-cultura-latinoamerica\/#primaryimage"},"image":{"@id":"https:\/\/dev.antudigital.cl\/sites\/vc\/convocatoria-sura-cultura-latinoamerica\/#primaryimage"},"thumbnailUrl":"https:\/\/dev.antudigital.cl\/sites\/vc\/wp-content\/uploads\/2024\/03\/Captura-de-Pantalla-2024-03-04-a-las-16.49.36.png","datePublished":"2024-03-04T19:50:44+00:00","dateModified":"2024-03-04T19:50:51+00:00","author":{"@id":"https:\/\/dev.antudigital.cl\/sites\/vc\/#\/schema\/person\/c2b9da8dd545e27166fc5ab232837318"},"breadcrumb":{"@id":"https:\/\/dev.antudigital.cl\/sites\/vc\/convocatoria-sura-cultura-latinoamerica\/#breadcrumb"},"inLanguage":"es","potentialAction":[{"@type":"ReadAction","target":["https:\/\/dev.antudigital.cl\/sites\/vc\/convocatoria-sura-cultura-latinoamerica\/"]}]},{"@type":"ImageObject","inLanguage":"es","@id":"https:\/\/dev.antudigital.cl\/sites\/vc\/convocatoria-sura-cultura-latinoamerica\/#primaryimage","url":"https:\/\/dev.antudigital.cl\/sites\/vc\/wp-content\/uploads\/2024\/03\/Captura-de-Pantalla-2024-03-04-a-las-16.49.36.png","contentUrl":"https:\/\/dev.antudigital.cl\/sites\/vc\/wp-content\/uploads\/2024\/03\/Captura-de-Pantalla-2024-03-04-a-las-16.49.36.png","width":1088,"height":374},{"@type":"BreadcrumbList","@id":"https:\/\/dev.antudigital.cl\/sites\/vc\/convocatoria-sura-cultura-latinoamerica\/#breadcrumb","itemListElement":[{"@type":"ListItem","position":1,"name":"Home","item":"https:\/\/dev.antudigital.cl\/sites\/vc\/"},{"@type":"ListItem","position":2,"name":"Convocatoria SURA Cultura Latinoam\u00e9rica"}]},{"@type":"WebSite","@id":"https:\/\/dev.antudigital.cl\/sites\/vc\/#website","url":"https:\/\/dev.antudigital.cl\/sites\/vc\/","name":"Valpara\u00ed\u00adso Creativo","description":"","potentialAction":[{"@type":"SearchAction","target":{"@type":"EntryPoint","urlTemplate":"https:\/\/dev.antudigital.cl\/sites\/vc\/?s={search_term_string}"},"query-input":{"@type":"PropertyValueSpecification","valueRequired":true,"valueName":"search_term_string"}}],"inLanguage":"es"},{"@type":"Person","@id":"https:\/\/dev.antudigital.cl\/sites\/vc\/#\/schema\/person\/c2b9da8dd545e27166fc5ab232837318","name":"Valpara\u00edso Creativo","description":"Periodista de cultura en la Regi\u00f3n de Valpara\u00edso.","url":"https:\/\/dev.antudigital.cl\/sites\/vc\/author\/valpoadmin\/"}]}},"_links":{"self":[{"href":"https:\/\/dev.antudigital.cl\/sites\/vc\/wp-json\/wp\/v2\/posts\/18512","targetHints":{"allow":["GET"]}}],"collection":[{"href":"https:\/\/dev.antudigital.cl\/sites\/vc\/wp-json\/wp\/v2\/posts"}],"about":[{"href":"https:\/\/dev.antudigital.cl\/sites\/vc\/wp-json\/wp\/v2\/types\/post"}],"author":[{"embeddable":true,"href":"https:\/\/dev.antudigital.cl\/sites\/vc\/wp-json\/wp\/v2\/users\/1"}],"replies":[{"embeddable":true,"href":"https:\/\/dev.antudigital.cl\/sites\/vc\/wp-json\/wp\/v2\/comments?post=18512"}],"version-history":[{"count":1,"href":"https:\/\/dev.antudigital.cl\/sites\/vc\/wp-json\/wp\/v2\/posts\/18512\/revisions"}],"predecessor-version":[{"id":18514,"href":"https:\/\/dev.antudigital.cl\/sites\/vc\/wp-json\/wp\/v2\/posts\/18512\/revisions\/18514"}],"wp:featuredmedia":[{"embeddable":true,"href":"https:\/\/dev.antudigital.cl\/sites\/vc\/wp-json\/wp\/v2\/media\/18513"}],"wp:attachment":[{"href":"https:\/\/dev.antudigital.cl\/sites\/vc\/wp-json\/wp\/v2\/media?parent=18512"}],"wp:term":[{"taxonomy":"category","embeddable":true,"href":"https:\/\/dev.antudigital.cl\/sites\/vc\/wp-json\/wp\/v2\/categories?post=18512"},{"taxonomy":"post_tag","embeddable":true,"href":"https:\/\/dev.antudigital.cl\/sites\/vc\/wp-json\/wp\/v2\/tags?post=18512"}],"curies":[{"name":"wp","href":"https:\/\/api.w.org\/{rel}","templated":true}]}}