{"id":18515,"date":"2024-03-04T19:55:50","date_gmt":"2024-03-04T19:55:50","guid":{"rendered":"https:\/\/www.valparaisocreativo.cl\/?p=18515"},"modified":"2024-03-04T19:55:56","modified_gmt":"2024-03-04T19:55:56","slug":"convocatoria-creacion-y-fortalecimiento-de-cooperativas-region-de-valparaiso-2024","status":"publish","type":"post","link":"https:\/\/dev.antudigital.cl\/sites\/vc\/convocatoria-creacion-y-fortalecimiento-de-cooperativas-region-de-valparaiso-2024\/","title":{"rendered":"Convocatoria: Creaci\u00f3n y Fortalecimiento de Cooperativas regi\u00f3n de Valpara\u00edso 2024"},"content":{"rendered":"\n<h3 class=\"wp-block-heading\">\u00bfQu\u00e9 es?<\/h3>\n\n\n\n<p>Es un programa orientado al desarrollo productivo de cooperativas existentes y a la formalizaci\u00f3n como cooperativas de grupos de personas naturales o jur\u00eddicas con posibilidades asociativas y de negocio.<\/p>\n\n\n\n<p>Con este programa se busca robustecer el sistema cooperativo, creando y fortaleciendo cooperativas para que mejoren su capacidad de gesti\u00f3n, su modelo de negocio y los beneficios a sus asociados.<\/p>\n\n\n\n<p>Con este programa se busca robustecer el sistema cooperativo, creando y fortaleciendo cooperativas para que mejoren su capacidad de gesti\u00f3n a partir de una gobernanza, un modelo de negocio y una estrategia comercial sostenibles.<\/p>\n\n\n\n<p>En esta convocatoria se promueve el acceso de las mujeres al programa, como una oportunidad de fortalecer su autonom\u00eda econ\u00f3mica y roles de liderazgo, incorporando la perspectiva de g\u00e9nero en los criterios de selecci\u00f3n.<\/p>\n\n\n\n<h3 class=\"wp-block-heading\">\u00bfQu\u00e9 apoyo entrega?<\/h3>\n\n\n\n<p>Entrega un subsidio no reembolsable de&nbsp;<strong>$8 millones para la creaci\u00f3n de cooperativas<\/strong>&nbsp;y de&nbsp;<strong>$20 millones<\/strong>&nbsp;<strong>para el fortalecimiento de cooperativas<\/strong>&nbsp;existentes.<\/p>\n\n\n\n<p>Este monto financiar\u00e1 un plan de acci\u00f3n y de inversiones en capacitaci\u00f3n, asistencia t\u00e9cnica, marketing, ferias, eventos, compra de activos fijos e intangibles, habilitaci\u00f3n de infraestructura y capital de trabajo, entre otros gastos que tengan directa relaci\u00f3n con los objetivos del proyecto.<\/p>\n\n\n\n<p>Las organizaciones beneficiarias contar\u00e1n con acompa\u00f1amiento t\u00e9cnico en terreno por un periodo de 7 meses para potenciar el modelo de negocio y la estrategia comercial integral de la cooperativa.<\/p>\n\n\n\n<p>Cada organizaci\u00f3n beneficiaria deber\u00e1 entregar un aporte empresarial equivalente al\u00a0<strong>5%<\/strong>\u00a0del monto del subsidio Sercotec.<\/p>\n\n\n\n<h3 class=\"wp-block-heading\">\u00bfQuienes pueden acceder?<\/h3>\n\n\n\n<ul class=\"wp-block-list\">\n<li><strong>Para Creaci\u00f3n:<\/strong>&nbsp;Grupos de al menos 5 personas naturales o jur\u00eddicas (m\u00ednimo de integrantes exigido por la Ley General de Cooperativas, DFL N\u00b05) que quieran conformarse en una cooperativa agr\u00edcola, campesina, pesquera, de trabajo, de servicio o de consumo.<\/li>\n\n\n\n<li><strong>Para Fortalecimiento:<\/strong>&nbsp;Cooperativas agr\u00edcolas, campesinas y pesqueras, cooperativas de trabajo o de servicios legalmente constituidas y vigentes, con inicio de actividades en primera categor\u00eda ante el Servicio de Impuestos Internos (SII) sin ventas o con ventas netas promedio anual por socio no superiores a&nbsp;<strong>25.000 UF<\/strong>.<\/li>\n<\/ul>\n\n\n\n<h3 class=\"wp-block-heading\">\u00bfC\u00f3mo postular?<\/h3>\n\n\n\n<p><strong>Paso 1.<\/strong>&nbsp;La persona representante debe registrarse como usuario o usuaria en www.sercotec.cl. Si ya tiene registro, actualizar sus antecedentes y vincular su perfil con la organizaci\u00f3n postulante. La informaci\u00f3n ingresada es aquella con la que se realiza la postulaci\u00f3n y usada por Sercotec durante todo el proceso.<\/p>\n\n\n\n<p><strong>Paso 2.<\/strong>&nbsp;Descargar y leer detenidamente las bases y anexos de la convocatoria.<\/p>\n\n\n\n<p><strong>Paso 3.<\/strong>&nbsp;Completar y enviar el formulario de postulaci\u00f3n correspondiente a la l\u00ednea de Creaci\u00f3n o de Fortalecimiento, seg\u00fan sea el caso, y los documentos requeridos, verificando que cumplan con el formato, contenido y firmas solicitadas, en el plazo establecido.<\/p>\n\n\n\n<p>La presente convocatoria tiene una cobertura proyectada de\u00a0<strong>5<\/strong>\u00a0cooperativas a nivel regional.<\/p>\n\n\n\n<p><a href=\"https:\/\/www.sercotec.cl\/creacion-y-fortalecimiento-de-cooperativas-region-de-valparaiso-2024\/\"><strong>Descarga ac\u00e1 las bases<\/strong><\/a><\/p>\n","protected":false},"excerpt":{"rendered":"<p>\u00bfQu\u00e9 es? Es un programa orientado al desarrollo productivo de cooperativas existentes y a la formalizaci\u00f3n como cooperativas de grupos de personas naturales o jur\u00eddicas con posibilidades asociativas y de negocio. Con este programa se busca robustecer el sistema cooperativo, creando y fortaleciendo cooperativas para que mejoren su capacidad de gesti\u00f3n, su modelo de negocio [&hellip;]<\/p>\n","protected":false},"author":1,"featured_media":18516,"comment_status":"closed","ping_status":"closed","sticky":false,"template":"","format":"standard","meta":{"_acf_changed":false,"footnotes":""},"categories":[1],"tags":[],"class_list":["post-18515","post","type-post","status-publish","format-standard","has-post-thumbnail","hentry","category-uncategorized"],"acf":[],"yoast_head":"<!-- This site is optimized with the Yoast SEO plugin v27.1.1 - https:\/\/yoast.com\/product\/yoast-seo-wordpress\/ -->\n<title>Convocatoria: Creaci\u00f3n y Fortalecimiento de Cooperativas regi\u00f3n de Valpara\u00edso 2024 - Valpara\u00ed\u00adso Creativo<\/title>\n<meta name=\"robots\" content=\"index, follow, max-snippet:-1, max-image-preview:large, max-video-preview:-1\" \/>\n<link rel=\"canonical\" href=\"https:\/\/dev.antudigital.cl\/sites\/vc\/convocatoria-creacion-y-fortalecimiento-de-cooperativas-region-de-valparaiso-2024\/\" \/>\n<meta property=\"og:locale\" content=\"es_ES\" \/>\n<meta property=\"og:type\" content=\"article\" \/>\n<meta property=\"og:title\" content=\"Convocatoria: Creaci\u00f3n y Fortalecimiento de Cooperativas regi\u00f3n de Valpara\u00edso 2024 - Valpara\u00ed\u00adso Creativo\" \/>\n<meta property=\"og:description\" content=\"\u00bfQu\u00e9 es? Es un programa orientado al desarrollo productivo de cooperativas existentes y a la formalizaci\u00f3n como cooperativas de grupos de personas naturales o jur\u00eddicas con posibilidades asociativas y de negocio. Con este programa se busca robustecer el sistema cooperativo, creando y fortaleciendo cooperativas para que mejoren su capacidad de gesti\u00f3n, su modelo de negocio [&hellip;]\" \/>\n<meta property=\"og:url\" content=\"https:\/\/dev.antudigital.cl\/sites\/vc\/convocatoria-creacion-y-fortalecimiento-de-cooperativas-region-de-valparaiso-2024\/\" \/>\n<meta property=\"og:site_name\" content=\"Valpara\u00ed\u00adso Creativo\" \/>\n<meta property=\"article:published_time\" content=\"2024-03-04T19:55:50+00:00\" \/>\n<meta property=\"article:modified_time\" content=\"2024-03-04T19:55:56+00:00\" \/>\n<meta property=\"og:image\" content=\"https:\/\/dev.antudigital.cl\/sites\/vc\/wp-content\/uploads\/2024\/03\/Captura-de-Pantalla-2024-03-04-a-las-16.55.22.png\" \/>\n\t<meta property=\"og:image:width\" content=\"1082\" \/>\n\t<meta property=\"og:image:height\" content=\"205\" \/>\n\t<meta property=\"og:image:type\" content=\"image\/png\" \/>\n<meta name=\"author\" content=\"Valpara\u00edso Creativo\" \/>\n<meta name=\"twitter:card\" content=\"summary_large_image\" \/>\n<meta name=\"twitter:label1\" content=\"Escrito por\" \/>\n\t<meta name=\"twitter:data1\" content=\"Valpara\u00edso Creativo\" \/>\n\t<meta name=\"twitter:label2\" content=\"Tiempo de lectura\" \/>\n\t<meta name=\"twitter:data2\" content=\"3 minutos\" \/>\n<script type=\"application\/ld+json\" class=\"yoast-schema-graph\">{\"@context\":\"https:\/\/schema.org\",\"@graph\":[{\"@type\":\"Article\",\"@id\":\"https:\/\/dev.antudigital.cl\/sites\/vc\/convocatoria-creacion-y-fortalecimiento-de-cooperativas-region-de-valparaiso-2024\/#article\",\"isPartOf\":{\"@id\":\"https:\/\/dev.antudigital.cl\/sites\/vc\/convocatoria-creacion-y-fortalecimiento-de-cooperativas-region-de-valparaiso-2024\/\"},\"author\":{\"name\":\"Valpara\u00edso Creativo\",\"@id\":\"https:\/\/dev.antudigital.cl\/sites\/vc\/#\/schema\/person\/c2b9da8dd545e27166fc5ab232837318\"},\"headline\":\"Convocatoria: Creaci\u00f3n y Fortalecimiento de Cooperativas regi\u00f3n de Valpara\u00edso 2024\",\"datePublished\":\"2024-03-04T19:55:50+00:00\",\"dateModified\":\"2024-03-04T19:55:56+00:00\",\"mainEntityOfPage\":{\"@id\":\"https:\/\/dev.antudigital.cl\/sites\/vc\/convocatoria-creacion-y-fortalecimiento-de-cooperativas-region-de-valparaiso-2024\/\"},\"wordCount\":497,\"image\":{\"@id\":\"https:\/\/dev.antudigital.cl\/sites\/vc\/convocatoria-creacion-y-fortalecimiento-de-cooperativas-region-de-valparaiso-2024\/#primaryimage\"},\"thumbnailUrl\":\"https:\/\/dev.antudigital.cl\/sites\/vc\/wp-content\/uploads\/2024\/03\/Captura-de-Pantalla-2024-03-04-a-las-16.55.22.png\",\"articleSection\":[\"Uncategorized\"],\"inLanguage\":\"es\"},{\"@type\":\"WebPage\",\"@id\":\"https:\/\/dev.antudigital.cl\/sites\/vc\/convocatoria-creacion-y-fortalecimiento-de-cooperativas-region-de-valparaiso-2024\/\",\"url\":\"https:\/\/dev.antudigital.cl\/sites\/vc\/convocatoria-creacion-y-fortalecimiento-de-cooperativas-region-de-valparaiso-2024\/\",\"name\":\"Convocatoria: Creaci\u00f3n y Fortalecimiento de Cooperativas regi\u00f3n de Valpara\u00edso 2024 - Valpara\u00ed\u00adso Creativo\",\"isPartOf\":{\"@id\":\"https:\/\/dev.antudigital.cl\/sites\/vc\/#website\"},\"primaryImageOfPage\":{\"@id\":\"https:\/\/dev.antudigital.cl\/sites\/vc\/convocatoria-creacion-y-fortalecimiento-de-cooperativas-region-de-valparaiso-2024\/#primaryimage\"},\"image\":{\"@id\":\"https:\/\/dev.antudigital.cl\/sites\/vc\/convocatoria-creacion-y-fortalecimiento-de-cooperativas-region-de-valparaiso-2024\/#primaryimage\"},\"thumbnailUrl\":\"https:\/\/dev.antudigital.cl\/sites\/vc\/wp-content\/uploads\/2024\/03\/Captura-de-Pantalla-2024-03-04-a-las-16.55.22.png\",\"datePublished\":\"2024-03-04T19:55:50+00:00\",\"dateModified\":\"2024-03-04T19:55:56+00:00\",\"author\":{\"@id\":\"https:\/\/dev.antudigital.cl\/sites\/vc\/#\/schema\/person\/c2b9da8dd545e27166fc5ab232837318\"},\"breadcrumb\":{\"@id\":\"https:\/\/dev.antudigital.cl\/sites\/vc\/convocatoria-creacion-y-fortalecimiento-de-cooperativas-region-de-valparaiso-2024\/#breadcrumb\"},\"inLanguage\":\"es\",\"potentialAction\":[{\"@type\":\"ReadAction\",\"target\":[\"https:\/\/dev.antudigital.cl\/sites\/vc\/convocatoria-creacion-y-fortalecimiento-de-cooperativas-region-de-valparaiso-2024\/\"]}]},{\"@type\":\"ImageObject\",\"inLanguage\":\"es\",\"@id\":\"https:\/\/dev.antudigital.cl\/sites\/vc\/convocatoria-creacion-y-fortalecimiento-de-cooperativas-region-de-valparaiso-2024\/#primaryimage\",\"url\":\"https:\/\/dev.antudigital.cl\/sites\/vc\/wp-content\/uploads\/2024\/03\/Captura-de-Pantalla-2024-03-04-a-las-16.55.22.png\",\"contentUrl\":\"https:\/\/dev.antudigital.cl\/sites\/vc\/wp-content\/uploads\/2024\/03\/Captura-de-Pantalla-2024-03-04-a-las-16.55.22.png\",\"width\":1082,\"height\":205},{\"@type\":\"BreadcrumbList\",\"@id\":\"https:\/\/dev.antudigital.cl\/sites\/vc\/convocatoria-creacion-y-fortalecimiento-de-cooperativas-region-de-valparaiso-2024\/#breadcrumb\",\"itemListElement\":[{\"@type\":\"ListItem\",\"position\":1,\"name\":\"Home\",\"item\":\"https:\/\/dev.antudigital.cl\/sites\/vc\/\"},{\"@type\":\"ListItem\",\"position\":2,\"name\":\"Convocatoria: Creaci\u00f3n y Fortalecimiento de Cooperativas regi\u00f3n de Valpara\u00edso 2024\"}]},{\"@type\":\"WebSite\",\"@id\":\"https:\/\/dev.antudigital.cl\/sites\/vc\/#website\",\"url\":\"https:\/\/dev.antudigital.cl\/sites\/vc\/\",\"name\":\"Valpara\u00ed\u00adso Creativo\",\"description\":\"\",\"potentialAction\":[{\"@type\":\"SearchAction\",\"target\":{\"@type\":\"EntryPoint\",\"urlTemplate\":\"https:\/\/dev.antudigital.cl\/sites\/vc\/?s={search_term_string}\"},\"query-input\":{\"@type\":\"PropertyValueSpecification\",\"valueRequired\":true,\"valueName\":\"search_term_string\"}}],\"inLanguage\":\"es\"},{\"@type\":\"Person\",\"@id\":\"https:\/\/dev.antudigital.cl\/sites\/vc\/#\/schema\/person\/c2b9da8dd545e27166fc5ab232837318\",\"name\":\"Valpara\u00edso Creativo\",\"description\":\"Periodista de cultura en la Regi\u00f3n de Valpara\u00edso.\",\"url\":\"https:\/\/dev.antudigital.cl\/sites\/vc\/author\/valpoadmin\/\"}]}<\/script>\n<!-- \/ Yoast SEO plugin. -->","yoast_head_json":{"title":"Convocatoria: Creaci\u00f3n y Fortalecimiento de Cooperativas regi\u00f3n de Valpara\u00edso 2024 - Valpara\u00ed\u00adso Creativo","robots":{"index":"index","follow":"follow","max-snippet":"max-snippet:-1","max-image-preview":"max-image-preview:large","max-video-preview":"max-video-preview:-1"},"canonical":"https:\/\/dev.antudigital.cl\/sites\/vc\/convocatoria-creacion-y-fortalecimiento-de-cooperativas-region-de-valparaiso-2024\/","og_locale":"es_ES","og_type":"article","og_title":"Convocatoria: Creaci\u00f3n y Fortalecimiento de Cooperativas regi\u00f3n de Valpara\u00edso 2024 - Valpara\u00ed\u00adso Creativo","og_description":"\u00bfQu\u00e9 es? Es un programa orientado al desarrollo productivo de cooperativas existentes y a la formalizaci\u00f3n como cooperativas de grupos de personas naturales o jur\u00eddicas con posibilidades asociativas y de negocio. Con este programa se busca robustecer el sistema cooperativo, creando y fortaleciendo cooperativas para que mejoren su capacidad de gesti\u00f3n, su modelo de negocio [&hellip;]","og_url":"https:\/\/dev.antudigital.cl\/sites\/vc\/convocatoria-creacion-y-fortalecimiento-de-cooperativas-region-de-valparaiso-2024\/","og_site_name":"Valpara\u00ed\u00adso Creativo","article_published_time":"2024-03-04T19:55:50+00:00","article_modified_time":"2024-03-04T19:55:56+00:00","og_image":[{"width":1082,"height":205,"url":"https:\/\/dev.antudigital.cl\/sites\/vc\/wp-content\/uploads\/2024\/03\/Captura-de-Pantalla-2024-03-04-a-las-16.55.22.png","type":"image\/png"}],"author":"Valpara\u00edso Creativo","twitter_card":"summary_large_image","twitter_misc":{"Escrito por":"Valpara\u00edso Creativo","Tiempo de lectura":"3 minutos"},"schema":{"@context":"https:\/\/schema.org","@graph":[{"@type":"Article","@id":"https:\/\/dev.antudigital.cl\/sites\/vc\/convocatoria-creacion-y-fortalecimiento-de-cooperativas-region-de-valparaiso-2024\/#article","isPartOf":{"@id":"https:\/\/dev.antudigital.cl\/sites\/vc\/convocatoria-creacion-y-fortalecimiento-de-cooperativas-region-de-valparaiso-2024\/"},"author":{"name":"Valpara\u00edso Creativo","@id":"https:\/\/dev.antudigital.cl\/sites\/vc\/#\/schema\/person\/c2b9da8dd545e27166fc5ab232837318"},"headline":"Convocatoria: Creaci\u00f3n y Fortalecimiento de Cooperativas regi\u00f3n de Valpara\u00edso 2024","datePublished":"2024-03-04T19:55:50+00:00","dateModified":"2024-03-04T19:55:56+00:00","mainEntityOfPage":{"@id":"https:\/\/dev.antudigital.cl\/sites\/vc\/convocatoria-creacion-y-fortalecimiento-de-cooperativas-region-de-valparaiso-2024\/"},"wordCount":497,"image":{"@id":"https:\/\/dev.antudigital.cl\/sites\/vc\/convocatoria-creacion-y-fortalecimiento-de-cooperativas-region-de-valparaiso-2024\/#primaryimage"},"thumbnailUrl":"https:\/\/dev.antudigital.cl\/sites\/vc\/wp-content\/uploads\/2024\/03\/Captura-de-Pantalla-2024-03-04-a-las-16.55.22.png","articleSection":["Uncategorized"],"inLanguage":"es"},{"@type":"WebPage","@id":"https:\/\/dev.antudigital.cl\/sites\/vc\/convocatoria-creacion-y-fortalecimiento-de-cooperativas-region-de-valparaiso-2024\/","url":"https:\/\/dev.antudigital.cl\/sites\/vc\/convocatoria-creacion-y-fortalecimiento-de-cooperativas-region-de-valparaiso-2024\/","name":"Convocatoria: Creaci\u00f3n y Fortalecimiento de Cooperativas regi\u00f3n de Valpara\u00edso 2024 - Valpara\u00ed\u00adso Creativo","isPartOf":{"@id":"https:\/\/dev.antudigital.cl\/sites\/vc\/#website"},"primaryImageOfPage":{"@id":"https:\/\/dev.antudigital.cl\/sites\/vc\/convocatoria-creacion-y-fortalecimiento-de-cooperativas-region-de-valparaiso-2024\/#primaryimage"},"image":{"@id":"https:\/\/dev.antudigital.cl\/sites\/vc\/convocatoria-creacion-y-fortalecimiento-de-cooperativas-region-de-valparaiso-2024\/#primaryimage"},"thumbnailUrl":"https:\/\/dev.antudigital.cl\/sites\/vc\/wp-content\/uploads\/2024\/03\/Captura-de-Pantalla-2024-03-04-a-las-16.55.22.png","datePublished":"2024-03-04T19:55:50+00:00","dateModified":"2024-03-04T19:55:56+00:00","author":{"@id":"https:\/\/dev.antudigital.cl\/sites\/vc\/#\/schema\/person\/c2b9da8dd545e27166fc5ab232837318"},"breadcrumb":{"@id":"https:\/\/dev.antudigital.cl\/sites\/vc\/convocatoria-creacion-y-fortalecimiento-de-cooperativas-region-de-valparaiso-2024\/#breadcrumb"},"inLanguage":"es","potentialAction":[{"@type":"ReadAction","target":["https:\/\/dev.antudigital.cl\/sites\/vc\/convocatoria-creacion-y-fortalecimiento-de-cooperativas-region-de-valparaiso-2024\/"]}]},{"@type":"ImageObject","inLanguage":"es","@id":"https:\/\/dev.antudigital.cl\/sites\/vc\/convocatoria-creacion-y-fortalecimiento-de-cooperativas-region-de-valparaiso-2024\/#primaryimage","url":"https:\/\/dev.antudigital.cl\/sites\/vc\/wp-content\/uploads\/2024\/03\/Captura-de-Pantalla-2024-03-04-a-las-16.55.22.png","contentUrl":"https:\/\/dev.antudigital.cl\/sites\/vc\/wp-content\/uploads\/2024\/03\/Captura-de-Pantalla-2024-03-04-a-las-16.55.22.png","width":1082,"height":205},{"@type":"BreadcrumbList","@id":"https:\/\/dev.antudigital.cl\/sites\/vc\/convocatoria-creacion-y-fortalecimiento-de-cooperativas-region-de-valparaiso-2024\/#breadcrumb","itemListElement":[{"@type":"ListItem","position":1,"name":"Home","item":"https:\/\/dev.antudigital.cl\/sites\/vc\/"},{"@type":"ListItem","position":2,"name":"Convocatoria: Creaci\u00f3n y Fortalecimiento de Cooperativas regi\u00f3n de Valpara\u00edso 2024"}]},{"@type":"WebSite","@id":"https:\/\/dev.antudigital.cl\/sites\/vc\/#website","url":"https:\/\/dev.antudigital.cl\/sites\/vc\/","name":"Valpara\u00ed\u00adso Creativo","description":"","potentialAction":[{"@type":"SearchAction","target":{"@type":"EntryPoint","urlTemplate":"https:\/\/dev.antudigital.cl\/sites\/vc\/?s={search_term_string}"},"query-input":{"@type":"PropertyValueSpecification","valueRequired":true,"valueName":"search_term_string"}}],"inLanguage":"es"},{"@type":"Person","@id":"https:\/\/dev.antudigital.cl\/sites\/vc\/#\/schema\/person\/c2b9da8dd545e27166fc5ab232837318","name":"Valpara\u00edso Creativo","description":"Periodista de cultura en la Regi\u00f3n de Valpara\u00edso.","url":"https:\/\/dev.antudigital.cl\/sites\/vc\/author\/valpoadmin\/"}]}},"_links":{"self":[{"href":"https:\/\/dev.antudigital.cl\/sites\/vc\/wp-json\/wp\/v2\/posts\/18515","targetHints":{"allow":["GET"]}}],"collection":[{"href":"https:\/\/dev.antudigital.cl\/sites\/vc\/wp-json\/wp\/v2\/posts"}],"about":[{"href":"https:\/\/dev.antudigital.cl\/sites\/vc\/wp-json\/wp\/v2\/types\/post"}],"author":[{"embeddable":true,"href":"https:\/\/dev.antudigital.cl\/sites\/vc\/wp-json\/wp\/v2\/users\/1"}],"replies":[{"embeddable":true,"href":"https:\/\/dev.antudigital.cl\/sites\/vc\/wp-json\/wp\/v2\/comments?post=18515"}],"version-history":[{"count":1,"href":"https:\/\/dev.antudigital.cl\/sites\/vc\/wp-json\/wp\/v2\/posts\/18515\/revisions"}],"predecessor-version":[{"id":18517,"href":"https:\/\/dev.antudigital.cl\/sites\/vc\/wp-json\/wp\/v2\/posts\/18515\/revisions\/18517"}],"wp:featuredmedia":[{"embeddable":true,"href":"https:\/\/dev.antudigital.cl\/sites\/vc\/wp-json\/wp\/v2\/media\/18516"}],"wp:attachment":[{"href":"https:\/\/dev.antudigital.cl\/sites\/vc\/wp-json\/wp\/v2\/media?parent=18515"}],"wp:term":[{"taxonomy":"category","embeddable":true,"href":"https:\/\/dev.antudigital.cl\/sites\/vc\/wp-json\/wp\/v2\/categories?post=18515"},{"taxonomy":"post_tag","embeddable":true,"href":"https:\/\/dev.antudigital.cl\/sites\/vc\/wp-json\/wp\/v2\/tags?post=18515"}],"curies":[{"name":"wp","href":"https:\/\/api.w.org\/{rel}","templated":true}]}}