{"id":18518,"date":"2024-03-04T19:58:20","date_gmt":"2024-03-04T19:58:20","guid":{"rendered":"https:\/\/www.valparaisocreativo.cl\/?p=18518"},"modified":"2024-03-04T19:58:27","modified_gmt":"2024-03-04T19:58:27","slug":"fondos-cultura-2024-videoclip-y-registro-audiovisual-para-promocion-de-la-musica-nacional-primer-llamado","status":"publish","type":"post","link":"https:\/\/dev.antudigital.cl\/sites\/vc\/fondos-cultura-2024-videoclip-y-registro-audiovisual-para-promocion-de-la-musica-nacional-primer-llamado\/","title":{"rendered":"Fondos cultura 2024: Videoclip y Registro Audiovisual para Promoci\u00f3n de la M\u00fasica Nacional (primer llamado)"},"content":{"rendered":"\n<p>Hasta el jueves 28 de marzo 2024.<\/p>\n\n\n\n<p>Esta convocatoria tiene por objetivo el financiamiento total o parcial para proyectos de producci\u00f3n de un (1) videoclip o registro audiovisual para promoci\u00f3n de m\u00fasica de una banda o int\u00e9rprete, correspondiente a un single u obra ya terminada, y su difusi\u00f3n a nivel nacional y\/o internacional, en cualquiera de los g\u00e9neros de m\u00fasica popular, cl\u00e1sica, docta, de ra\u00edz folkl\u00f3rica, de pueblos originarios, electroac\u00fastica, arte sonoro y\/o paisaje sonoro. Por lo mismo, deber\u00e1s presentar un plan de difusi\u00f3n del videoclip o registro, el cual ser\u00e1 evaluado.<\/p>\n\n\n\n<p>Ten presente que esta l\u00ednea permite el financiamiento de acciones de preproducci\u00f3n, producci\u00f3n, postproducci\u00f3n y difusi\u00f3n del videoclip; no permitiendo el financiamiento de acciones de producci\u00f3n de registro fonogr\u00e1fico ni tampoco de videos documentales sobre la banda.<\/p>\n\n\n\n<h2 class=\"wp-block-heading\">\u00bfQui\u00e9nes pueden postular?<\/h2>\n\n\n\n<p><strong>Personas Naturales:<\/strong>&nbsp;De nacionalidad chilena o extranjera con c\u00e9dula de identidad otorgada por el Servicio de Registro Civil e Identificaci\u00f3n de Chile, que sean mayores de 18 a\u00f1os.<\/p>\n\n\n\n<p><strong>Personas Jur\u00eddicas:<\/strong>&nbsp;Chilenas de derecho p\u00fablico o privado, con o sin fines de lucro. Quedan expresamente excluidas las sociedades de hecho. En el caso de las Personas Jur\u00eddicas Privadas, por exigencia de la Ley N\u00b0 21.640, que aprueba el Presupuesto P\u00fablico para este a\u00f1o, su objeto social o fines que establecen los estatutos o el acta de su constituci\u00f3n deben ser pertinentes con las actividades que forman parte del proyecto que est\u00e1 postulando dicha entidad.<\/p>\n\n\n\n<h2 class=\"wp-block-heading\">Modalidades<\/h2>\n\n\n\n<p>Esta l\u00ednea consta de una modalidad \u00fanica.<\/p>\n\n\n\n<p><a href=\"https:\/\/www.fondosdecultura.cl\/videoclip-y-registro-audiovisual-para-promocion-de-la-musica-nacional-primera-convocatoria-fondo-musica-2024\/\"><strong>Encuentra las bases y postula aqu\u00ed.<\/strong><\/a><\/p>\n","protected":false},"excerpt":{"rendered":"<p>Hasta el jueves 28 de marzo 2024. Esta convocatoria tiene por objetivo el financiamiento total o parcial para proyectos de producci\u00f3n de un (1) videoclip o registro audiovisual para promoci\u00f3n de m\u00fasica de una banda o int\u00e9rprete, correspondiente a un single u obra ya terminada, y su difusi\u00f3n a nivel nacional y\/o internacional, en cualquiera [&hellip;]<\/p>\n","protected":false},"author":1,"featured_media":18435,"comment_status":"closed","ping_status":"closed","sticky":false,"template":"","format":"standard","meta":{"_acf_changed":false,"footnotes":""},"categories":[1],"tags":[],"class_list":["post-18518","post","type-post","status-publish","format-standard","has-post-thumbnail","hentry","category-uncategorized"],"acf":[],"yoast_head":"<!-- This site is optimized with the Yoast SEO plugin v27.1.1 - https:\/\/yoast.com\/product\/yoast-seo-wordpress\/ -->\n<title>Fondos cultura 2024: Videoclip y Registro Audiovisual para Promoci\u00f3n de la M\u00fasica Nacional (primer llamado) - Valpara\u00ed\u00adso Creativo<\/title>\n<meta name=\"robots\" content=\"index, follow, max-snippet:-1, max-image-preview:large, max-video-preview:-1\" \/>\n<link rel=\"canonical\" href=\"https:\/\/dev.antudigital.cl\/sites\/vc\/fondos-cultura-2024-videoclip-y-registro-audiovisual-para-promocion-de-la-musica-nacional-primer-llamado\/\" \/>\n<meta property=\"og:locale\" content=\"es_ES\" \/>\n<meta property=\"og:type\" content=\"article\" \/>\n<meta property=\"og:title\" content=\"Fondos cultura 2024: Videoclip y Registro Audiovisual para Promoci\u00f3n de la M\u00fasica Nacional (primer llamado) - Valpara\u00ed\u00adso Creativo\" \/>\n<meta property=\"og:description\" content=\"Hasta el jueves 28 de marzo 2024. Esta convocatoria tiene por objetivo el financiamiento total o parcial para proyectos de producci\u00f3n de un (1) videoclip o registro audiovisual para promoci\u00f3n de m\u00fasica de una banda o int\u00e9rprete, correspondiente a un single u obra ya terminada, y su difusi\u00f3n a nivel nacional y\/o internacional, en cualquiera [&hellip;]\" \/>\n<meta property=\"og:url\" content=\"https:\/\/dev.antudigital.cl\/sites\/vc\/fondos-cultura-2024-videoclip-y-registro-audiovisual-para-promocion-de-la-musica-nacional-primer-llamado\/\" \/>\n<meta property=\"og:site_name\" content=\"Valpara\u00ed\u00adso Creativo\" \/>\n<meta property=\"article:published_time\" content=\"2024-03-04T19:58:20+00:00\" \/>\n<meta property=\"article:modified_time\" content=\"2024-03-04T19:58:27+00:00\" \/>\n<meta property=\"og:image\" content=\"https:\/\/dev.antudigital.cl\/sites\/vc\/wp-content\/uploads\/2024\/02\/Captura-de-Pantalla-2024-02-26-a-las-17.04.37.png\" \/>\n\t<meta property=\"og:image:width\" content=\"926\" \/>\n\t<meta property=\"og:image:height\" content=\"195\" \/>\n\t<meta property=\"og:image:type\" content=\"image\/png\" \/>\n<meta name=\"author\" content=\"Valpara\u00edso Creativo\" \/>\n<meta name=\"twitter:card\" content=\"summary_large_image\" \/>\n<meta name=\"twitter:label1\" content=\"Escrito por\" \/>\n\t<meta name=\"twitter:data1\" content=\"Valpara\u00edso Creativo\" \/>\n\t<meta name=\"twitter:label2\" content=\"Tiempo de lectura\" \/>\n\t<meta name=\"twitter:data2\" content=\"2 minutos\" \/>\n<script type=\"application\/ld+json\" class=\"yoast-schema-graph\">{\"@context\":\"https:\/\/schema.org\",\"@graph\":[{\"@type\":\"Article\",\"@id\":\"https:\/\/dev.antudigital.cl\/sites\/vc\/fondos-cultura-2024-videoclip-y-registro-audiovisual-para-promocion-de-la-musica-nacional-primer-llamado\/#article\",\"isPartOf\":{\"@id\":\"https:\/\/dev.antudigital.cl\/sites\/vc\/fondos-cultura-2024-videoclip-y-registro-audiovisual-para-promocion-de-la-musica-nacional-primer-llamado\/\"},\"author\":{\"name\":\"Valpara\u00edso Creativo\",\"@id\":\"https:\/\/dev.antudigital.cl\/sites\/vc\/#\/schema\/person\/c2b9da8dd545e27166fc5ab232837318\"},\"headline\":\"Fondos cultura 2024: Videoclip y Registro Audiovisual para Promoci\u00f3n de la M\u00fasica Nacional (primer llamado)\",\"datePublished\":\"2024-03-04T19:58:20+00:00\",\"dateModified\":\"2024-03-04T19:58:27+00:00\",\"mainEntityOfPage\":{\"@id\":\"https:\/\/dev.antudigital.cl\/sites\/vc\/fondos-cultura-2024-videoclip-y-registro-audiovisual-para-promocion-de-la-musica-nacional-primer-llamado\/\"},\"wordCount\":295,\"image\":{\"@id\":\"https:\/\/dev.antudigital.cl\/sites\/vc\/fondos-cultura-2024-videoclip-y-registro-audiovisual-para-promocion-de-la-musica-nacional-primer-llamado\/#primaryimage\"},\"thumbnailUrl\":\"https:\/\/dev.antudigital.cl\/sites\/vc\/wp-content\/uploads\/2024\/02\/Captura-de-Pantalla-2024-02-26-a-las-17.04.37.png\",\"articleSection\":[\"Uncategorized\"],\"inLanguage\":\"es\"},{\"@type\":\"WebPage\",\"@id\":\"https:\/\/dev.antudigital.cl\/sites\/vc\/fondos-cultura-2024-videoclip-y-registro-audiovisual-para-promocion-de-la-musica-nacional-primer-llamado\/\",\"url\":\"https:\/\/dev.antudigital.cl\/sites\/vc\/fondos-cultura-2024-videoclip-y-registro-audiovisual-para-promocion-de-la-musica-nacional-primer-llamado\/\",\"name\":\"Fondos cultura 2024: Videoclip y Registro Audiovisual para Promoci\u00f3n de la M\u00fasica Nacional (primer llamado) - Valpara\u00ed\u00adso Creativo\",\"isPartOf\":{\"@id\":\"https:\/\/dev.antudigital.cl\/sites\/vc\/#website\"},\"primaryImageOfPage\":{\"@id\":\"https:\/\/dev.antudigital.cl\/sites\/vc\/fondos-cultura-2024-videoclip-y-registro-audiovisual-para-promocion-de-la-musica-nacional-primer-llamado\/#primaryimage\"},\"image\":{\"@id\":\"https:\/\/dev.antudigital.cl\/sites\/vc\/fondos-cultura-2024-videoclip-y-registro-audiovisual-para-promocion-de-la-musica-nacional-primer-llamado\/#primaryimage\"},\"thumbnailUrl\":\"https:\/\/dev.antudigital.cl\/sites\/vc\/wp-content\/uploads\/2024\/02\/Captura-de-Pantalla-2024-02-26-a-las-17.04.37.png\",\"datePublished\":\"2024-03-04T19:58:20+00:00\",\"dateModified\":\"2024-03-04T19:58:27+00:00\",\"author\":{\"@id\":\"https:\/\/dev.antudigital.cl\/sites\/vc\/#\/schema\/person\/c2b9da8dd545e27166fc5ab232837318\"},\"breadcrumb\":{\"@id\":\"https:\/\/dev.antudigital.cl\/sites\/vc\/fondos-cultura-2024-videoclip-y-registro-audiovisual-para-promocion-de-la-musica-nacional-primer-llamado\/#breadcrumb\"},\"inLanguage\":\"es\",\"potentialAction\":[{\"@type\":\"ReadAction\",\"target\":[\"https:\/\/dev.antudigital.cl\/sites\/vc\/fondos-cultura-2024-videoclip-y-registro-audiovisual-para-promocion-de-la-musica-nacional-primer-llamado\/\"]}]},{\"@type\":\"ImageObject\",\"inLanguage\":\"es\",\"@id\":\"https:\/\/dev.antudigital.cl\/sites\/vc\/fondos-cultura-2024-videoclip-y-registro-audiovisual-para-promocion-de-la-musica-nacional-primer-llamado\/#primaryimage\",\"url\":\"https:\/\/dev.antudigital.cl\/sites\/vc\/wp-content\/uploads\/2024\/02\/Captura-de-Pantalla-2024-02-26-a-las-17.04.37.png\",\"contentUrl\":\"https:\/\/dev.antudigital.cl\/sites\/vc\/wp-content\/uploads\/2024\/02\/Captura-de-Pantalla-2024-02-26-a-las-17.04.37.png\",\"width\":926,\"height\":195},{\"@type\":\"BreadcrumbList\",\"@id\":\"https:\/\/dev.antudigital.cl\/sites\/vc\/fondos-cultura-2024-videoclip-y-registro-audiovisual-para-promocion-de-la-musica-nacional-primer-llamado\/#breadcrumb\",\"itemListElement\":[{\"@type\":\"ListItem\",\"position\":1,\"name\":\"Home\",\"item\":\"https:\/\/dev.antudigital.cl\/sites\/vc\/\"},{\"@type\":\"ListItem\",\"position\":2,\"name\":\"Fondos cultura 2024: Videoclip y Registro Audiovisual para Promoci\u00f3n de la M\u00fasica Nacional (primer llamado)\"}]},{\"@type\":\"WebSite\",\"@id\":\"https:\/\/dev.antudigital.cl\/sites\/vc\/#website\",\"url\":\"https:\/\/dev.antudigital.cl\/sites\/vc\/\",\"name\":\"Valpara\u00ed\u00adso Creativo\",\"description\":\"\",\"potentialAction\":[{\"@type\":\"SearchAction\",\"target\":{\"@type\":\"EntryPoint\",\"urlTemplate\":\"https:\/\/dev.antudigital.cl\/sites\/vc\/?s={search_term_string}\"},\"query-input\":{\"@type\":\"PropertyValueSpecification\",\"valueRequired\":true,\"valueName\":\"search_term_string\"}}],\"inLanguage\":\"es\"},{\"@type\":\"Person\",\"@id\":\"https:\/\/dev.antudigital.cl\/sites\/vc\/#\/schema\/person\/c2b9da8dd545e27166fc5ab232837318\",\"name\":\"Valpara\u00edso Creativo\",\"description\":\"Periodista de cultura en la Regi\u00f3n de Valpara\u00edso.\",\"url\":\"https:\/\/dev.antudigital.cl\/sites\/vc\/author\/valpoadmin\/\"}]}<\/script>\n<!-- \/ Yoast SEO plugin. -->","yoast_head_json":{"title":"Fondos cultura 2024: Videoclip y Registro Audiovisual para Promoci\u00f3n de la M\u00fasica Nacional (primer llamado) - Valpara\u00ed\u00adso Creativo","robots":{"index":"index","follow":"follow","max-snippet":"max-snippet:-1","max-image-preview":"max-image-preview:large","max-video-preview":"max-video-preview:-1"},"canonical":"https:\/\/dev.antudigital.cl\/sites\/vc\/fondos-cultura-2024-videoclip-y-registro-audiovisual-para-promocion-de-la-musica-nacional-primer-llamado\/","og_locale":"es_ES","og_type":"article","og_title":"Fondos cultura 2024: Videoclip y Registro Audiovisual para Promoci\u00f3n de la M\u00fasica Nacional (primer llamado) - Valpara\u00ed\u00adso Creativo","og_description":"Hasta el jueves 28 de marzo 2024. Esta convocatoria tiene por objetivo el financiamiento total o parcial para proyectos de producci\u00f3n de un (1) videoclip o registro audiovisual para promoci\u00f3n de m\u00fasica de una banda o int\u00e9rprete, correspondiente a un single u obra ya terminada, y su difusi\u00f3n a nivel nacional y\/o internacional, en cualquiera [&hellip;]","og_url":"https:\/\/dev.antudigital.cl\/sites\/vc\/fondos-cultura-2024-videoclip-y-registro-audiovisual-para-promocion-de-la-musica-nacional-primer-llamado\/","og_site_name":"Valpara\u00ed\u00adso Creativo","article_published_time":"2024-03-04T19:58:20+00:00","article_modified_time":"2024-03-04T19:58:27+00:00","og_image":[{"width":926,"height":195,"url":"https:\/\/dev.antudigital.cl\/sites\/vc\/wp-content\/uploads\/2024\/02\/Captura-de-Pantalla-2024-02-26-a-las-17.04.37.png","type":"image\/png"}],"author":"Valpara\u00edso Creativo","twitter_card":"summary_large_image","twitter_misc":{"Escrito por":"Valpara\u00edso Creativo","Tiempo de lectura":"2 minutos"},"schema":{"@context":"https:\/\/schema.org","@graph":[{"@type":"Article","@id":"https:\/\/dev.antudigital.cl\/sites\/vc\/fondos-cultura-2024-videoclip-y-registro-audiovisual-para-promocion-de-la-musica-nacional-primer-llamado\/#article","isPartOf":{"@id":"https:\/\/dev.antudigital.cl\/sites\/vc\/fondos-cultura-2024-videoclip-y-registro-audiovisual-para-promocion-de-la-musica-nacional-primer-llamado\/"},"author":{"name":"Valpara\u00edso Creativo","@id":"https:\/\/dev.antudigital.cl\/sites\/vc\/#\/schema\/person\/c2b9da8dd545e27166fc5ab232837318"},"headline":"Fondos cultura 2024: Videoclip y Registro Audiovisual para Promoci\u00f3n de la M\u00fasica Nacional (primer llamado)","datePublished":"2024-03-04T19:58:20+00:00","dateModified":"2024-03-04T19:58:27+00:00","mainEntityOfPage":{"@id":"https:\/\/dev.antudigital.cl\/sites\/vc\/fondos-cultura-2024-videoclip-y-registro-audiovisual-para-promocion-de-la-musica-nacional-primer-llamado\/"},"wordCount":295,"image":{"@id":"https:\/\/dev.antudigital.cl\/sites\/vc\/fondos-cultura-2024-videoclip-y-registro-audiovisual-para-promocion-de-la-musica-nacional-primer-llamado\/#primaryimage"},"thumbnailUrl":"https:\/\/dev.antudigital.cl\/sites\/vc\/wp-content\/uploads\/2024\/02\/Captura-de-Pantalla-2024-02-26-a-las-17.04.37.png","articleSection":["Uncategorized"],"inLanguage":"es"},{"@type":"WebPage","@id":"https:\/\/dev.antudigital.cl\/sites\/vc\/fondos-cultura-2024-videoclip-y-registro-audiovisual-para-promocion-de-la-musica-nacional-primer-llamado\/","url":"https:\/\/dev.antudigital.cl\/sites\/vc\/fondos-cultura-2024-videoclip-y-registro-audiovisual-para-promocion-de-la-musica-nacional-primer-llamado\/","name":"Fondos cultura 2024: Videoclip y Registro Audiovisual para Promoci\u00f3n de la M\u00fasica Nacional (primer llamado) - Valpara\u00ed\u00adso Creativo","isPartOf":{"@id":"https:\/\/dev.antudigital.cl\/sites\/vc\/#website"},"primaryImageOfPage":{"@id":"https:\/\/dev.antudigital.cl\/sites\/vc\/fondos-cultura-2024-videoclip-y-registro-audiovisual-para-promocion-de-la-musica-nacional-primer-llamado\/#primaryimage"},"image":{"@id":"https:\/\/dev.antudigital.cl\/sites\/vc\/fondos-cultura-2024-videoclip-y-registro-audiovisual-para-promocion-de-la-musica-nacional-primer-llamado\/#primaryimage"},"thumbnailUrl":"https:\/\/dev.antudigital.cl\/sites\/vc\/wp-content\/uploads\/2024\/02\/Captura-de-Pantalla-2024-02-26-a-las-17.04.37.png","datePublished":"2024-03-04T19:58:20+00:00","dateModified":"2024-03-04T19:58:27+00:00","author":{"@id":"https:\/\/dev.antudigital.cl\/sites\/vc\/#\/schema\/person\/c2b9da8dd545e27166fc5ab232837318"},"breadcrumb":{"@id":"https:\/\/dev.antudigital.cl\/sites\/vc\/fondos-cultura-2024-videoclip-y-registro-audiovisual-para-promocion-de-la-musica-nacional-primer-llamado\/#breadcrumb"},"inLanguage":"es","potentialAction":[{"@type":"ReadAction","target":["https:\/\/dev.antudigital.cl\/sites\/vc\/fondos-cultura-2024-videoclip-y-registro-audiovisual-para-promocion-de-la-musica-nacional-primer-llamado\/"]}]},{"@type":"ImageObject","inLanguage":"es","@id":"https:\/\/dev.antudigital.cl\/sites\/vc\/fondos-cultura-2024-videoclip-y-registro-audiovisual-para-promocion-de-la-musica-nacional-primer-llamado\/#primaryimage","url":"https:\/\/dev.antudigital.cl\/sites\/vc\/wp-content\/uploads\/2024\/02\/Captura-de-Pantalla-2024-02-26-a-las-17.04.37.png","contentUrl":"https:\/\/dev.antudigital.cl\/sites\/vc\/wp-content\/uploads\/2024\/02\/Captura-de-Pantalla-2024-02-26-a-las-17.04.37.png","width":926,"height":195},{"@type":"BreadcrumbList","@id":"https:\/\/dev.antudigital.cl\/sites\/vc\/fondos-cultura-2024-videoclip-y-registro-audiovisual-para-promocion-de-la-musica-nacional-primer-llamado\/#breadcrumb","itemListElement":[{"@type":"ListItem","position":1,"name":"Home","item":"https:\/\/dev.antudigital.cl\/sites\/vc\/"},{"@type":"ListItem","position":2,"name":"Fondos cultura 2024: Videoclip y Registro Audiovisual para Promoci\u00f3n de la M\u00fasica Nacional (primer llamado)"}]},{"@type":"WebSite","@id":"https:\/\/dev.antudigital.cl\/sites\/vc\/#website","url":"https:\/\/dev.antudigital.cl\/sites\/vc\/","name":"Valpara\u00ed\u00adso Creativo","description":"","potentialAction":[{"@type":"SearchAction","target":{"@type":"EntryPoint","urlTemplate":"https:\/\/dev.antudigital.cl\/sites\/vc\/?s={search_term_string}"},"query-input":{"@type":"PropertyValueSpecification","valueRequired":true,"valueName":"search_term_string"}}],"inLanguage":"es"},{"@type":"Person","@id":"https:\/\/dev.antudigital.cl\/sites\/vc\/#\/schema\/person\/c2b9da8dd545e27166fc5ab232837318","name":"Valpara\u00edso Creativo","description":"Periodista de cultura en la Regi\u00f3n de Valpara\u00edso.","url":"https:\/\/dev.antudigital.cl\/sites\/vc\/author\/valpoadmin\/"}]}},"_links":{"self":[{"href":"https:\/\/dev.antudigital.cl\/sites\/vc\/wp-json\/wp\/v2\/posts\/18518","targetHints":{"allow":["GET"]}}],"collection":[{"href":"https:\/\/dev.antudigital.cl\/sites\/vc\/wp-json\/wp\/v2\/posts"}],"about":[{"href":"https:\/\/dev.antudigital.cl\/sites\/vc\/wp-json\/wp\/v2\/types\/post"}],"author":[{"embeddable":true,"href":"https:\/\/dev.antudigital.cl\/sites\/vc\/wp-json\/wp\/v2\/users\/1"}],"replies":[{"embeddable":true,"href":"https:\/\/dev.antudigital.cl\/sites\/vc\/wp-json\/wp\/v2\/comments?post=18518"}],"version-history":[{"count":1,"href":"https:\/\/dev.antudigital.cl\/sites\/vc\/wp-json\/wp\/v2\/posts\/18518\/revisions"}],"predecessor-version":[{"id":18519,"href":"https:\/\/dev.antudigital.cl\/sites\/vc\/wp-json\/wp\/v2\/posts\/18518\/revisions\/18519"}],"wp:featuredmedia":[{"embeddable":true,"href":"https:\/\/dev.antudigital.cl\/sites\/vc\/wp-json\/wp\/v2\/media\/18435"}],"wp:attachment":[{"href":"https:\/\/dev.antudigital.cl\/sites\/vc\/wp-json\/wp\/v2\/media?parent=18518"}],"wp:term":[{"taxonomy":"category","embeddable":true,"href":"https:\/\/dev.antudigital.cl\/sites\/vc\/wp-json\/wp\/v2\/categories?post=18518"},{"taxonomy":"post_tag","embeddable":true,"href":"https:\/\/dev.antudigital.cl\/sites\/vc\/wp-json\/wp\/v2\/tags?post=18518"}],"curies":[{"name":"wp","href":"https:\/\/api.w.org\/{rel}","templated":true}]}}