{"id":18520,"date":"2024-03-04T20:00:20","date_gmt":"2024-03-04T20:00:20","guid":{"rendered":"https:\/\/www.valparaisocreativo.cl\/?p=18520"},"modified":"2024-03-04T20:00:27","modified_gmt":"2024-03-04T20:00:27","slug":"fondos-cultura-linea-asistencia-a-instancias-internacionales-en-artes-escenicas-2024","status":"publish","type":"post","link":"https:\/\/dev.antudigital.cl\/sites\/vc\/fondos-cultura-linea-asistencia-a-instancias-internacionales-en-artes-escenicas-2024\/","title":{"rendered":"Fondos cultura: L\u00ednea Asistencia a Instancias Internacionales en Artes Esc\u00e9nicas 2024"},"content":{"rendered":"\n<p>Hasta el 26 de marzo del 2024.<\/p>\n\n\n\n<p>Esta convocatoria tiene por objetivo la conformaci\u00f3n de delegaciones de artistas y gestores\/as culturales nacionales que participar\u00e1n en eventos internacionales de las artes esc\u00e9nicas.<\/p>\n\n\n\n<p>Cada&nbsp; delegaci\u00f3n estar\u00e1 compuesta por 3 a 4 personas seg\u00fan el mercado que se trate.<\/p>\n\n\n\n<p>Previo a la participaci\u00f3n en la instancia internacional, quienes resulten beneficiados se les entregar\u00e1 una capacitaci\u00f3n en la que participar\u00e1 DIRAC, PROCHILE y la Secretar\u00eda Ejecutiva de Econom\u00eda Creativa del Ministerio.<\/p>\n\n\n\n<h2 class=\"wp-block-heading\">Modalidades<\/h2>\n\n\n\n<p><strong>Modalidad de XXI Congreso Mundial y Festival de Artes Esc\u00e9nicas de ASSITEJ<\/strong><\/p>\n\n\n\n<ul class=\"wp-block-list\">\n<li>La Habana, Cuba<\/li>\n\n\n\n<li>24 de mayo al 1\u00b0 de junio<\/li>\n\n\n\n<li>4 cupos<\/li>\n<\/ul>\n\n\n\n<p><strong>Modalidad de Feria Internacional de Danza Tanzmesse NRW<\/strong><\/p>\n\n\n\n<ul class=\"wp-block-list\">\n<li>D\u00fcsseldorf, Alemania<\/li>\n\n\n\n<li>27 al 31 de agosto<\/li>\n\n\n\n<li>4 cupos<\/li>\n<\/ul>\n\n\n\n<p><strong>Modalidad del 18\u00ba Festival Internacional de Circo y Artes Esc\u00e9nicas Mirabilia<\/strong><\/p>\n\n\n\n<ul class=\"wp-block-list\">\n<li>Cuneo, Italia<\/li>\n\n\n\n<li>28 de agosto al 1\u00b0 de septiembre<\/li>\n\n\n\n<li>3 cupos<\/li>\n<\/ul>\n\n\n\n<h2 class=\"wp-block-heading\">Beneficios de la convocatoria<\/h2>\n\n\n\n<p>Si tu postulaci\u00f3n resulta seleccionada, obtendr\u00e1s los siguientes beneficios seg\u00fan corresponda:<\/p>\n\n\n\n<ul class=\"wp-block-list\">\n<li>Pago de acreditaciones<\/li>\n\n\n\n<li>Alojamiento<\/li>\n\n\n\n<li>Alimentaci\u00f3n<\/li>\n\n\n\n<li>Traslados internos en Chile para personas de regiones distintas a la Metropolitana, as\u00ed como los pasajes internacionales ida y vuelta, Chile \u2013 pa\u00eds del evento<\/li>\n\n\n\n<li>Seguros de viaje<\/li>\n\n\n\n<li>Insumos comunicacionales<\/li>\n<\/ul>\n\n\n\n<h2 class=\"wp-block-heading\">Descarga<\/h2>\n\n\n\n<ul class=\"wp-block-list\">\n<li><strong><a href=\"https:\/\/www.fondosdecultura.cl\/wp-content\/uploads\/2024\/02\/bases-instancias-internas-AAEE.pdf\">Bases de la convocatoria<\/a><a href=\"https:\/\/docreader.readspeaker.com\/docreader\/?cid=bzyas&amp;lang=es_us&amp;url=https%3A%2F%2Fwww.fondosdecultura.cl%2Fwp-content%2Fuploads%2F2024%2F02%2Fbases-instancias-internas-AAEE.pdf\" target=\"_blank\" rel=\"noreferrer noopener\"><\/a><\/strong><\/li>\n\n\n\n<li><a href=\"https:\/\/www.fondosdecultura.cl\/wp-content\/uploads\/2024\/02\/REX-377-BASES-INSTANCIAS-INTERNACIONALES.pdf\">Resoluci\u00f3n N\u00b0377 que fija bases<\/a><a href=\"https:\/\/docreader.readspeaker.com\/docreader\/?cid=bzyas&amp;lang=es_us&amp;url=https%3A%2F%2Fwww.fondosdecultura.cl%2Fwp-content%2Fuploads%2F2024%2F02%2FREX-377-BASES-INSTANCIAS-INTERNACIONALES.pdf\" target=\"_blank\" rel=\"noreferrer noopener\"><\/a><\/li>\n\n\n\n<li><a href=\"https:\/\/www.fondosdecultura.cl\/wp-content\/uploads\/2024\/02\/Preguntas-Frecuentes-Instancias-internacionales-2024-AAEE.pdf\">Preguntas frecuentes<\/a><a href=\"https:\/\/docreader.readspeaker.com\/docreader\/?cid=bzyas&amp;lang=es_us&amp;url=https%3A%2F%2Fwww.fondosdecultura.cl%2Fwp-content%2Fuploads%2F2024%2F02%2FPreguntas-Frecuentes-Instancias-internacionales-2024-AAEE.pdf\" target=\"_blank\" rel=\"noreferrer noopener\"><\/a><\/li>\n\n\n\n<li><a href=\"https:\/\/www.fondosdecultura.cl\/wp-content\/uploads\/2024\/02\/Autorizacion-de-derechos-de-autor.docx\">Modelo de autorizaci\u00f3n de derechos de autor<\/a><\/li>\n<\/ul>\n\n\n\n<p><a href=\"https:\/\/www.fondosdecultura.cl\/linea-asistencia-a-instancias-internacionales-en-artes-escenicas-2024\/\"><strong>Toda la informaci\u00f3n y postulaci\u00f3n AQU\u00cd<\/strong><\/a><\/p>\n","protected":false},"excerpt":{"rendered":"<p>Hasta el 26 de marzo del 2024. Esta convocatoria tiene por objetivo la conformaci\u00f3n de delegaciones de artistas y gestores\/as culturales nacionales que participar\u00e1n en eventos internacionales de las artes esc\u00e9nicas. Cada&nbsp; delegaci\u00f3n estar\u00e1 compuesta por 3 a 4 personas seg\u00fan el mercado que se trate. Previo a la participaci\u00f3n en la instancia internacional, quienes [&hellip;]<\/p>\n","protected":false},"author":1,"featured_media":18435,"comment_status":"closed","ping_status":"closed","sticky":false,"template":"","format":"standard","meta":{"_acf_changed":false,"footnotes":""},"categories":[1],"tags":[],"class_list":["post-18520","post","type-post","status-publish","format-standard","has-post-thumbnail","hentry","category-uncategorized"],"acf":[],"yoast_head":"<!-- This site is optimized with the Yoast SEO plugin v27.1.1 - https:\/\/yoast.com\/product\/yoast-seo-wordpress\/ -->\n<title>Fondos cultura: L\u00ednea Asistencia a Instancias Internacionales en Artes Esc\u00e9nicas 2024 - Valpara\u00ed\u00adso Creativo<\/title>\n<meta name=\"robots\" content=\"index, follow, max-snippet:-1, max-image-preview:large, max-video-preview:-1\" \/>\n<link rel=\"canonical\" href=\"https:\/\/dev.antudigital.cl\/sites\/vc\/fondos-cultura-linea-asistencia-a-instancias-internacionales-en-artes-escenicas-2024\/\" \/>\n<meta property=\"og:locale\" content=\"es_ES\" \/>\n<meta property=\"og:type\" content=\"article\" \/>\n<meta property=\"og:title\" content=\"Fondos cultura: L\u00ednea Asistencia a Instancias Internacionales en Artes Esc\u00e9nicas 2024 - Valpara\u00ed\u00adso Creativo\" \/>\n<meta property=\"og:description\" content=\"Hasta el 26 de marzo del 2024. Esta convocatoria tiene por objetivo la conformaci\u00f3n de delegaciones de artistas y gestores\/as culturales nacionales que participar\u00e1n en eventos internacionales de las artes esc\u00e9nicas. Cada&nbsp; delegaci\u00f3n estar\u00e1 compuesta por 3 a 4 personas seg\u00fan el mercado que se trate. Previo a la participaci\u00f3n en la instancia internacional, quienes [&hellip;]\" \/>\n<meta property=\"og:url\" content=\"https:\/\/dev.antudigital.cl\/sites\/vc\/fondos-cultura-linea-asistencia-a-instancias-internacionales-en-artes-escenicas-2024\/\" \/>\n<meta property=\"og:site_name\" content=\"Valpara\u00ed\u00adso Creativo\" \/>\n<meta property=\"article:published_time\" content=\"2024-03-04T20:00:20+00:00\" \/>\n<meta property=\"article:modified_time\" content=\"2024-03-04T20:00:27+00:00\" \/>\n<meta property=\"og:image\" content=\"https:\/\/dev.antudigital.cl\/sites\/vc\/wp-content\/uploads\/2024\/02\/Captura-de-Pantalla-2024-02-26-a-las-17.04.37.png\" \/>\n\t<meta property=\"og:image:width\" content=\"926\" \/>\n\t<meta property=\"og:image:height\" content=\"195\" \/>\n\t<meta property=\"og:image:type\" content=\"image\/png\" \/>\n<meta name=\"author\" content=\"Valpara\u00edso Creativo\" \/>\n<meta name=\"twitter:card\" content=\"summary_large_image\" \/>\n<meta name=\"twitter:label1\" content=\"Escrito por\" \/>\n\t<meta name=\"twitter:data1\" content=\"Valpara\u00edso Creativo\" \/>\n\t<meta name=\"twitter:label2\" content=\"Tiempo de lectura\" \/>\n\t<meta name=\"twitter:data2\" content=\"2 minutos\" \/>\n<script type=\"application\/ld+json\" class=\"yoast-schema-graph\">{\"@context\":\"https:\/\/schema.org\",\"@graph\":[{\"@type\":\"Article\",\"@id\":\"https:\/\/dev.antudigital.cl\/sites\/vc\/fondos-cultura-linea-asistencia-a-instancias-internacionales-en-artes-escenicas-2024\/#article\",\"isPartOf\":{\"@id\":\"https:\/\/dev.antudigital.cl\/sites\/vc\/fondos-cultura-linea-asistencia-a-instancias-internacionales-en-artes-escenicas-2024\/\"},\"author\":{\"name\":\"Valpara\u00edso Creativo\",\"@id\":\"https:\/\/dev.antudigital.cl\/sites\/vc\/#\/schema\/person\/c2b9da8dd545e27166fc5ab232837318\"},\"headline\":\"Fondos cultura: L\u00ednea Asistencia a Instancias Internacionales en Artes Esc\u00e9nicas 2024\",\"datePublished\":\"2024-03-04T20:00:20+00:00\",\"dateModified\":\"2024-03-04T20:00:27+00:00\",\"mainEntityOfPage\":{\"@id\":\"https:\/\/dev.antudigital.cl\/sites\/vc\/fondos-cultura-linea-asistencia-a-instancias-internacionales-en-artes-escenicas-2024\/\"},\"wordCount\":236,\"image\":{\"@id\":\"https:\/\/dev.antudigital.cl\/sites\/vc\/fondos-cultura-linea-asistencia-a-instancias-internacionales-en-artes-escenicas-2024\/#primaryimage\"},\"thumbnailUrl\":\"https:\/\/dev.antudigital.cl\/sites\/vc\/wp-content\/uploads\/2024\/02\/Captura-de-Pantalla-2024-02-26-a-las-17.04.37.png\",\"articleSection\":[\"Uncategorized\"],\"inLanguage\":\"es\"},{\"@type\":\"WebPage\",\"@id\":\"https:\/\/dev.antudigital.cl\/sites\/vc\/fondos-cultura-linea-asistencia-a-instancias-internacionales-en-artes-escenicas-2024\/\",\"url\":\"https:\/\/dev.antudigital.cl\/sites\/vc\/fondos-cultura-linea-asistencia-a-instancias-internacionales-en-artes-escenicas-2024\/\",\"name\":\"Fondos cultura: L\u00ednea Asistencia a Instancias Internacionales en Artes Esc\u00e9nicas 2024 - Valpara\u00ed\u00adso Creativo\",\"isPartOf\":{\"@id\":\"https:\/\/dev.antudigital.cl\/sites\/vc\/#website\"},\"primaryImageOfPage\":{\"@id\":\"https:\/\/dev.antudigital.cl\/sites\/vc\/fondos-cultura-linea-asistencia-a-instancias-internacionales-en-artes-escenicas-2024\/#primaryimage\"},\"image\":{\"@id\":\"https:\/\/dev.antudigital.cl\/sites\/vc\/fondos-cultura-linea-asistencia-a-instancias-internacionales-en-artes-escenicas-2024\/#primaryimage\"},\"thumbnailUrl\":\"https:\/\/dev.antudigital.cl\/sites\/vc\/wp-content\/uploads\/2024\/02\/Captura-de-Pantalla-2024-02-26-a-las-17.04.37.png\",\"datePublished\":\"2024-03-04T20:00:20+00:00\",\"dateModified\":\"2024-03-04T20:00:27+00:00\",\"author\":{\"@id\":\"https:\/\/dev.antudigital.cl\/sites\/vc\/#\/schema\/person\/c2b9da8dd545e27166fc5ab232837318\"},\"breadcrumb\":{\"@id\":\"https:\/\/dev.antudigital.cl\/sites\/vc\/fondos-cultura-linea-asistencia-a-instancias-internacionales-en-artes-escenicas-2024\/#breadcrumb\"},\"inLanguage\":\"es\",\"potentialAction\":[{\"@type\":\"ReadAction\",\"target\":[\"https:\/\/dev.antudigital.cl\/sites\/vc\/fondos-cultura-linea-asistencia-a-instancias-internacionales-en-artes-escenicas-2024\/\"]}]},{\"@type\":\"ImageObject\",\"inLanguage\":\"es\",\"@id\":\"https:\/\/dev.antudigital.cl\/sites\/vc\/fondos-cultura-linea-asistencia-a-instancias-internacionales-en-artes-escenicas-2024\/#primaryimage\",\"url\":\"https:\/\/dev.antudigital.cl\/sites\/vc\/wp-content\/uploads\/2024\/02\/Captura-de-Pantalla-2024-02-26-a-las-17.04.37.png\",\"contentUrl\":\"https:\/\/dev.antudigital.cl\/sites\/vc\/wp-content\/uploads\/2024\/02\/Captura-de-Pantalla-2024-02-26-a-las-17.04.37.png\",\"width\":926,\"height\":195},{\"@type\":\"BreadcrumbList\",\"@id\":\"https:\/\/dev.antudigital.cl\/sites\/vc\/fondos-cultura-linea-asistencia-a-instancias-internacionales-en-artes-escenicas-2024\/#breadcrumb\",\"itemListElement\":[{\"@type\":\"ListItem\",\"position\":1,\"name\":\"Home\",\"item\":\"https:\/\/dev.antudigital.cl\/sites\/vc\/\"},{\"@type\":\"ListItem\",\"position\":2,\"name\":\"Fondos cultura: L\u00ednea Asistencia a Instancias Internacionales en Artes Esc\u00e9nicas 2024\"}]},{\"@type\":\"WebSite\",\"@id\":\"https:\/\/dev.antudigital.cl\/sites\/vc\/#website\",\"url\":\"https:\/\/dev.antudigital.cl\/sites\/vc\/\",\"name\":\"Valpara\u00ed\u00adso Creativo\",\"description\":\"\",\"potentialAction\":[{\"@type\":\"SearchAction\",\"target\":{\"@type\":\"EntryPoint\",\"urlTemplate\":\"https:\/\/dev.antudigital.cl\/sites\/vc\/?s={search_term_string}\"},\"query-input\":{\"@type\":\"PropertyValueSpecification\",\"valueRequired\":true,\"valueName\":\"search_term_string\"}}],\"inLanguage\":\"es\"},{\"@type\":\"Person\",\"@id\":\"https:\/\/dev.antudigital.cl\/sites\/vc\/#\/schema\/person\/c2b9da8dd545e27166fc5ab232837318\",\"name\":\"Valpara\u00edso Creativo\",\"description\":\"Periodista de cultura en la Regi\u00f3n de Valpara\u00edso.\",\"url\":\"https:\/\/dev.antudigital.cl\/sites\/vc\/author\/valpoadmin\/\"}]}<\/script>\n<!-- \/ Yoast SEO plugin. -->","yoast_head_json":{"title":"Fondos cultura: L\u00ednea Asistencia a Instancias Internacionales en Artes Esc\u00e9nicas 2024 - Valpara\u00ed\u00adso Creativo","robots":{"index":"index","follow":"follow","max-snippet":"max-snippet:-1","max-image-preview":"max-image-preview:large","max-video-preview":"max-video-preview:-1"},"canonical":"https:\/\/dev.antudigital.cl\/sites\/vc\/fondos-cultura-linea-asistencia-a-instancias-internacionales-en-artes-escenicas-2024\/","og_locale":"es_ES","og_type":"article","og_title":"Fondos cultura: L\u00ednea Asistencia a Instancias Internacionales en Artes Esc\u00e9nicas 2024 - Valpara\u00ed\u00adso Creativo","og_description":"Hasta el 26 de marzo del 2024. Esta convocatoria tiene por objetivo la conformaci\u00f3n de delegaciones de artistas y gestores\/as culturales nacionales que participar\u00e1n en eventos internacionales de las artes esc\u00e9nicas. Cada&nbsp; delegaci\u00f3n estar\u00e1 compuesta por 3 a 4 personas seg\u00fan el mercado que se trate. Previo a la participaci\u00f3n en la instancia internacional, quienes [&hellip;]","og_url":"https:\/\/dev.antudigital.cl\/sites\/vc\/fondos-cultura-linea-asistencia-a-instancias-internacionales-en-artes-escenicas-2024\/","og_site_name":"Valpara\u00ed\u00adso Creativo","article_published_time":"2024-03-04T20:00:20+00:00","article_modified_time":"2024-03-04T20:00:27+00:00","og_image":[{"width":926,"height":195,"url":"https:\/\/dev.antudigital.cl\/sites\/vc\/wp-content\/uploads\/2024\/02\/Captura-de-Pantalla-2024-02-26-a-las-17.04.37.png","type":"image\/png"}],"author":"Valpara\u00edso Creativo","twitter_card":"summary_large_image","twitter_misc":{"Escrito por":"Valpara\u00edso Creativo","Tiempo de lectura":"2 minutos"},"schema":{"@context":"https:\/\/schema.org","@graph":[{"@type":"Article","@id":"https:\/\/dev.antudigital.cl\/sites\/vc\/fondos-cultura-linea-asistencia-a-instancias-internacionales-en-artes-escenicas-2024\/#article","isPartOf":{"@id":"https:\/\/dev.antudigital.cl\/sites\/vc\/fondos-cultura-linea-asistencia-a-instancias-internacionales-en-artes-escenicas-2024\/"},"author":{"name":"Valpara\u00edso Creativo","@id":"https:\/\/dev.antudigital.cl\/sites\/vc\/#\/schema\/person\/c2b9da8dd545e27166fc5ab232837318"},"headline":"Fondos cultura: L\u00ednea Asistencia a Instancias Internacionales en Artes Esc\u00e9nicas 2024","datePublished":"2024-03-04T20:00:20+00:00","dateModified":"2024-03-04T20:00:27+00:00","mainEntityOfPage":{"@id":"https:\/\/dev.antudigital.cl\/sites\/vc\/fondos-cultura-linea-asistencia-a-instancias-internacionales-en-artes-escenicas-2024\/"},"wordCount":236,"image":{"@id":"https:\/\/dev.antudigital.cl\/sites\/vc\/fondos-cultura-linea-asistencia-a-instancias-internacionales-en-artes-escenicas-2024\/#primaryimage"},"thumbnailUrl":"https:\/\/dev.antudigital.cl\/sites\/vc\/wp-content\/uploads\/2024\/02\/Captura-de-Pantalla-2024-02-26-a-las-17.04.37.png","articleSection":["Uncategorized"],"inLanguage":"es"},{"@type":"WebPage","@id":"https:\/\/dev.antudigital.cl\/sites\/vc\/fondos-cultura-linea-asistencia-a-instancias-internacionales-en-artes-escenicas-2024\/","url":"https:\/\/dev.antudigital.cl\/sites\/vc\/fondos-cultura-linea-asistencia-a-instancias-internacionales-en-artes-escenicas-2024\/","name":"Fondos cultura: L\u00ednea Asistencia a Instancias Internacionales en Artes Esc\u00e9nicas 2024 - Valpara\u00ed\u00adso Creativo","isPartOf":{"@id":"https:\/\/dev.antudigital.cl\/sites\/vc\/#website"},"primaryImageOfPage":{"@id":"https:\/\/dev.antudigital.cl\/sites\/vc\/fondos-cultura-linea-asistencia-a-instancias-internacionales-en-artes-escenicas-2024\/#primaryimage"},"image":{"@id":"https:\/\/dev.antudigital.cl\/sites\/vc\/fondos-cultura-linea-asistencia-a-instancias-internacionales-en-artes-escenicas-2024\/#primaryimage"},"thumbnailUrl":"https:\/\/dev.antudigital.cl\/sites\/vc\/wp-content\/uploads\/2024\/02\/Captura-de-Pantalla-2024-02-26-a-las-17.04.37.png","datePublished":"2024-03-04T20:00:20+00:00","dateModified":"2024-03-04T20:00:27+00:00","author":{"@id":"https:\/\/dev.antudigital.cl\/sites\/vc\/#\/schema\/person\/c2b9da8dd545e27166fc5ab232837318"},"breadcrumb":{"@id":"https:\/\/dev.antudigital.cl\/sites\/vc\/fondos-cultura-linea-asistencia-a-instancias-internacionales-en-artes-escenicas-2024\/#breadcrumb"},"inLanguage":"es","potentialAction":[{"@type":"ReadAction","target":["https:\/\/dev.antudigital.cl\/sites\/vc\/fondos-cultura-linea-asistencia-a-instancias-internacionales-en-artes-escenicas-2024\/"]}]},{"@type":"ImageObject","inLanguage":"es","@id":"https:\/\/dev.antudigital.cl\/sites\/vc\/fondos-cultura-linea-asistencia-a-instancias-internacionales-en-artes-escenicas-2024\/#primaryimage","url":"https:\/\/dev.antudigital.cl\/sites\/vc\/wp-content\/uploads\/2024\/02\/Captura-de-Pantalla-2024-02-26-a-las-17.04.37.png","contentUrl":"https:\/\/dev.antudigital.cl\/sites\/vc\/wp-content\/uploads\/2024\/02\/Captura-de-Pantalla-2024-02-26-a-las-17.04.37.png","width":926,"height":195},{"@type":"BreadcrumbList","@id":"https:\/\/dev.antudigital.cl\/sites\/vc\/fondos-cultura-linea-asistencia-a-instancias-internacionales-en-artes-escenicas-2024\/#breadcrumb","itemListElement":[{"@type":"ListItem","position":1,"name":"Home","item":"https:\/\/dev.antudigital.cl\/sites\/vc\/"},{"@type":"ListItem","position":2,"name":"Fondos cultura: L\u00ednea Asistencia a Instancias Internacionales en Artes Esc\u00e9nicas 2024"}]},{"@type":"WebSite","@id":"https:\/\/dev.antudigital.cl\/sites\/vc\/#website","url":"https:\/\/dev.antudigital.cl\/sites\/vc\/","name":"Valpara\u00ed\u00adso Creativo","description":"","potentialAction":[{"@type":"SearchAction","target":{"@type":"EntryPoint","urlTemplate":"https:\/\/dev.antudigital.cl\/sites\/vc\/?s={search_term_string}"},"query-input":{"@type":"PropertyValueSpecification","valueRequired":true,"valueName":"search_term_string"}}],"inLanguage":"es"},{"@type":"Person","@id":"https:\/\/dev.antudigital.cl\/sites\/vc\/#\/schema\/person\/c2b9da8dd545e27166fc5ab232837318","name":"Valpara\u00edso Creativo","description":"Periodista de cultura en la Regi\u00f3n de Valpara\u00edso.","url":"https:\/\/dev.antudigital.cl\/sites\/vc\/author\/valpoadmin\/"}]}},"_links":{"self":[{"href":"https:\/\/dev.antudigital.cl\/sites\/vc\/wp-json\/wp\/v2\/posts\/18520","targetHints":{"allow":["GET"]}}],"collection":[{"href":"https:\/\/dev.antudigital.cl\/sites\/vc\/wp-json\/wp\/v2\/posts"}],"about":[{"href":"https:\/\/dev.antudigital.cl\/sites\/vc\/wp-json\/wp\/v2\/types\/post"}],"author":[{"embeddable":true,"href":"https:\/\/dev.antudigital.cl\/sites\/vc\/wp-json\/wp\/v2\/users\/1"}],"replies":[{"embeddable":true,"href":"https:\/\/dev.antudigital.cl\/sites\/vc\/wp-json\/wp\/v2\/comments?post=18520"}],"version-history":[{"count":1,"href":"https:\/\/dev.antudigital.cl\/sites\/vc\/wp-json\/wp\/v2\/posts\/18520\/revisions"}],"predecessor-version":[{"id":18521,"href":"https:\/\/dev.antudigital.cl\/sites\/vc\/wp-json\/wp\/v2\/posts\/18520\/revisions\/18521"}],"wp:featuredmedia":[{"embeddable":true,"href":"https:\/\/dev.antudigital.cl\/sites\/vc\/wp-json\/wp\/v2\/media\/18435"}],"wp:attachment":[{"href":"https:\/\/dev.antudigital.cl\/sites\/vc\/wp-json\/wp\/v2\/media?parent=18520"}],"wp:term":[{"taxonomy":"category","embeddable":true,"href":"https:\/\/dev.antudigital.cl\/sites\/vc\/wp-json\/wp\/v2\/categories?post=18520"},{"taxonomy":"post_tag","embeddable":true,"href":"https:\/\/dev.antudigital.cl\/sites\/vc\/wp-json\/wp\/v2\/tags?post=18520"}],"curies":[{"name":"wp","href":"https:\/\/api.w.org\/{rel}","templated":true}]}}