{"id":18522,"date":"2024-03-04T23:48:50","date_gmt":"2024-03-04T23:48:50","guid":{"rendered":"https:\/\/www.valparaisocreativo.cl\/?p=18522"},"modified":"2024-03-05T13:37:18","modified_gmt":"2024-03-05T13:37:18","slug":"conociendo-sobre-supra-reciclaje-veso-upcycling","status":"publish","type":"post","link":"https:\/\/dev.antudigital.cl\/sites\/vc\/conociendo-sobre-supra-reciclaje-veso-upcycling\/","title":{"rendered":"Aprendiendo sobre supra reciclaje: VESO Upcycling"},"content":{"rendered":"\n<p><em>Fotograf\u00edas de: VESO Upcycling<\/em><\/p>\n\n\n\n<p>Fernanda Jara compone VESO Upcycling, que hoy por hoy se est\u00e1 preparando para una importante pasarela sustentable de Madrid. Adem\u00e1s, es parte de la Red de Recuperadores Textil, quienes se han organizado para ayudar tras los incendios que afectaron a Vi\u00f1a del Mar. Est\u00e1 haciendo mil cosas, pero dentro de su agenda encontr\u00f3 un momento para hablar con nosotros sobre todo lo que la involucra y de qu\u00e9 se trata la Red. Busca compartir este cambio de paradigma del reciclaje textil, y nos recuerda \u201ccon la ropa que ya existe en el mundo, se pueden vestir veinte a\u00f1os a la poblaci\u00f3n mundial\u201d.<\/p>\n\n\n\n<p>Te invitamos a leer:<\/p>\n\n\n\n<p><strong>Comenzando, Fernanda, me gustar\u00eda saber m\u00e1s de ti: cu\u00e9ntame tu historia. \u00bfQu\u00e9 te mueve y motiva? \u00bfQu\u00e9 te trajo hasta lo que haces hoy?<\/strong><\/p>\n\n\n\n<p>&#8211; Soy Fernanda Jara, fundadora de VESO Upcycling, emprendimiento que empez\u00f3 hace 2 a\u00f1os, y hace alrededor de 3 a\u00f1os que empec\u00e9 a estar m\u00e1s consciente de la sostenibilidad y la cultura sustentable. Estudi\u00e9 dise\u00f1o de ambientes, pero hace 3 a\u00f1os descubr\u00ed a Fundaci\u00f3n Planea, donde imparten cursos de oficios y todo apuntado a la sustentabilidad, esto en recreo. Ac\u00e1 estuve un programa de un a\u00f1o de reutilizaci\u00f3n textil, por lo que ah\u00ed conoc\u00ed el <em>upcycling, <\/em>o supra reciclaje, que es a\u00f1adir valor a productos que puedan estar en desuso y, a diferencia del reciclaje, que es descomponer esto para crear algo nuevo, ac\u00e1 se mantiene la materia prima y lo transformo en algo de valor.<\/p>\n\n\n\n<p>Durante la pandemia, empec\u00e9 a vender ropa vintage en internet, y me qued\u00e9 con ropa de las que ten\u00eda. Por lo que luego decid\u00ed empezar a transformarlas y a comercializar eso y al final me dediqu\u00e9 solo a eso. Lanc\u00e9 mi marca de ropa.<\/p>\n\n\n\n<p>Antes trabaj\u00e9 mucho tiempo en retail como visual merchandising, haciendo vitrinas, donde conoc\u00ed el otro lado: el fast fashion y consumo desmedido. Luego, trabajando en esa \u00e1rea me vine a Valpara\u00edso hace 9 a\u00f1os, y luego renunci\u00e9 al retail y comenc\u00e9 este proceso que te cuento, luego de viajar: estaba buscando nuevos horizontes, trabajando en turismo y otras casas.<\/p>\n\n\n\n<figure class=\"wp-block-image size-large\"><img fetchpriority=\"high\" decoding=\"async\" width=\"768\" height=\"1024\" src=\"https:\/\/www.valparaisocreativo.cl\/wp-content\/uploads\/2024\/03\/fer-veso-768x1024.jpg\" alt=\"\" class=\"wp-image-18529\" srcset=\"https:\/\/dev.antudigital.cl\/sites\/vc\/wp-content\/uploads\/2024\/03\/fer-veso-768x1024.jpg 768w, https:\/\/dev.antudigital.cl\/sites\/vc\/wp-content\/uploads\/2024\/03\/fer-veso-225x300.jpg 225w, https:\/\/dev.antudigital.cl\/sites\/vc\/wp-content\/uploads\/2024\/03\/fer-veso-1152x1536.jpg 1152w, https:\/\/dev.antudigital.cl\/sites\/vc\/wp-content\/uploads\/2024\/03\/fer-veso-1536x2048.jpg 1536w, https:\/\/dev.antudigital.cl\/sites\/vc\/wp-content\/uploads\/2024\/03\/fer-veso-1080x1440.jpg 1080w, https:\/\/dev.antudigital.cl\/sites\/vc\/wp-content\/uploads\/2024\/03\/fer-veso-1280x1707.jpg 1280w, https:\/\/dev.antudigital.cl\/sites\/vc\/wp-content\/uploads\/2024\/03\/fer-veso-980x1307.jpg 980w, https:\/\/dev.antudigital.cl\/sites\/vc\/wp-content\/uploads\/2024\/03\/fer-veso-480x640.jpg 480w, https:\/\/dev.antudigital.cl\/sites\/vc\/wp-content\/uploads\/2024\/03\/fer-veso-18x24.jpg 18w, https:\/\/dev.antudigital.cl\/sites\/vc\/wp-content\/uploads\/2024\/03\/fer-veso-27x36.jpg 27w, https:\/\/dev.antudigital.cl\/sites\/vc\/wp-content\/uploads\/2024\/03\/fer-veso-36x48.jpg 36w, https:\/\/dev.antudigital.cl\/sites\/vc\/wp-content\/uploads\/2024\/03\/fer-veso-scaled.jpg 1920w\" sizes=\"(max-width: 768px) 100vw, 768px\" \/><\/figure>\n\n\n\n<p><strong>\u00bfC\u00f3mo se te \u201capareci\u00f3\u201d el tema del supra reciclaje?<\/strong><\/p>\n\n\n\n<p>&#8211; Apareci\u00f3 como algo natural. No se trata de destruir la ropa, sino que tomarla como materia prima, no como un desecho. El supra reciclaje es el coraz\u00f3n de VESO, mi marca, que significa Vestimenta Sostenible, lo que implica la reutilizaci\u00f3n creativa de materiales desechados para crear productos de mayor valor est\u00e9tico o funcional. A diferencia del reciclaje tradicional que a menudo degrada el material, el supra reciclaje a\u00f1ade valor, extendiendo la vida \u00fatil de los materiales y reduciendo la necesidad de producir nuevos. Trabajo con materias primas ya existentes sin necesidad de confeccionar nuevas telas para hacer nuevos productos.<\/p>\n\n\n\n<p><strong>\u00bfSolo trabajas con supra reciclaje?<\/strong><\/p>\n\n\n\n<p>&#8211; S\u00ed, nunca he hecho ropa con telas nuevas. Antes tuve otro emprendimiento que se llamaba La Mutante, y ah\u00ed hac\u00edamos intervenciones art\u00edsticas en escenarios, por ejemplo en el Trotamundos en Quilpu\u00e9, haciendo escenograf\u00edas con reciclaje. De hecho, ah\u00ed tuvimos una gran oportunidad con la banda Aterciopelados, quienes trabajaban con toda la escenograf\u00eda y hasta los trajes reciclados. Nosotras pudimos lograr eso, hace varios a\u00f1os. Yo estudi\u00e9 dise\u00f1o de ambientes, que se relaciona m\u00e1s, pero luego me he dedicado m\u00e1s al dise\u00f1o de vestuario.<\/p>\n\n\n\n<p><strong>Podr\u00edas comentarme m\u00e1s acerca de VESO Moda Upcycling, hablabas del coraz\u00f3n, que es el supra reciclaje. \u00bfC\u00f3mo se transmiten estos valores a trav\u00e9s de la ropa?<\/strong><\/p>\n\n\n\n<p>&#8211; Trato de ofrecer una alternativa sostenible en la industria de la moda, promoviendo la moda y econom\u00eda circular, que aborda tres pilares: lo econ\u00f3mico, lo social y lo medioambiental. La convicci\u00f3n es que podemos crear belleza y estilo de manera responsable y tambi\u00e9n educando a la comunidad, sin comprometer a la salud de nuestro planeta. Me motiva la curiosidad y el deseo de hacer una diferencia significativa, m\u00e1s que el producir por producir, siempre la creatividad ha estado conmigo y trato de llevarla a mis valores y a lo que yo creo.<\/p>\n\n\n\n<figure class=\"wp-block-image size-large\"><img decoding=\"async\" width=\"682\" height=\"1024\" src=\"https:\/\/www.valparaisocreativo.cl\/wp-content\/uploads\/2024\/03\/vertical-chaquetas-682x1024.jpg\" alt=\"\" class=\"wp-image-18535\" srcset=\"https:\/\/dev.antudigital.cl\/sites\/vc\/wp-content\/uploads\/2024\/03\/vertical-chaquetas-682x1024.jpg 682w, https:\/\/dev.antudigital.cl\/sites\/vc\/wp-content\/uploads\/2024\/03\/vertical-chaquetas-200x300.jpg 200w, https:\/\/dev.antudigital.cl\/sites\/vc\/wp-content\/uploads\/2024\/03\/vertical-chaquetas-768x1154.jpg 768w, https:\/\/dev.antudigital.cl\/sites\/vc\/wp-content\/uploads\/2024\/03\/vertical-chaquetas-1022x1536.jpg 1022w, https:\/\/dev.antudigital.cl\/sites\/vc\/wp-content\/uploads\/2024\/03\/vertical-chaquetas-1363x2048.jpg 1363w, https:\/\/dev.antudigital.cl\/sites\/vc\/wp-content\/uploads\/2024\/03\/vertical-chaquetas-1080x1622.jpg 1080w, https:\/\/dev.antudigital.cl\/sites\/vc\/wp-content\/uploads\/2024\/03\/vertical-chaquetas-1280x1923.jpg 1280w, https:\/\/dev.antudigital.cl\/sites\/vc\/wp-content\/uploads\/2024\/03\/vertical-chaquetas-980x1472.jpg 980w, https:\/\/dev.antudigital.cl\/sites\/vc\/wp-content\/uploads\/2024\/03\/vertical-chaquetas-480x721.jpg 480w, https:\/\/dev.antudigital.cl\/sites\/vc\/wp-content\/uploads\/2024\/03\/vertical-chaquetas-16x24.jpg 16w, https:\/\/dev.antudigital.cl\/sites\/vc\/wp-content\/uploads\/2024\/03\/vertical-chaquetas-24x36.jpg 24w, https:\/\/dev.antudigital.cl\/sites\/vc\/wp-content\/uploads\/2024\/03\/vertical-chaquetas-32x48.jpg 32w, https:\/\/dev.antudigital.cl\/sites\/vc\/wp-content\/uploads\/2024\/03\/vertical-chaquetas-scaled.jpg 1704w\" sizes=\"(max-width: 682px) 100vw, 682px\" \/><\/figure>\n\n\n\n<p><strong>\u00bfC\u00f3mo fue meterse en este mundo del supra reciclaje?<\/strong><\/p>\n\n\n\n<p>&#8211; Creo que el supra reciclaje y la sostenibilidad, que es un paraguas, hay que aplicarlo casi a todos los \u00e1mbitos de tu vida para que sea congruente, para que tenga sentido. Y dentro de esto una cosa muy importante es la transparencia, transparentar los procesos: d\u00f3nde trabajas, de d\u00f3nde obtienes tus materias primas, lo que a la vez va educando a la comunidad y todos se van dando cuenta de que s\u00ed existe un problema sobre el consumo de ropa &#8211; basta mirar al Desierto de Atacama con el segundo vertedero m\u00e1s grande de ropa del mundo -. Creo que hay un cambio s\u00faper grande hoy en d\u00eda con respecto al consumo, pero no hab\u00edamos recibido una educaci\u00f3n de consumo responsable. Reci\u00e9n se est\u00e1n haciendo los primeros esfuerzos y est\u00e1n en pa\u00f1ales.\u00a0<\/p>\n\n\n\n<p>Yo, por ejemplo, como una medida para concientizar doy una garant\u00eda de reparar la prenda en cualquier momento que necesite reparaci\u00f3n. Si t\u00fa me compraste una prenda, me la puedes pasar para repararla o me la puedes devolver y recibes un cup\u00f3n de descuento para la pr\u00f3xima compra, cosa de que no se bote.<\/p>\n\n\n\n<p><strong>\u00bfC\u00f3mo crees que esto aporta al territorio?<\/strong><\/p>\n\n\n\n<p>&#8211; Creo firmemente que el supra reciclaje aporta significativamente al territorio, promoviendo una econom\u00eda circular y reduciendo la huella ambiental al transformar los materiales desechados en prendas de alta calidad, no solo se cuidan los recursos naturales, sino que tambi\u00e9n fomentamos la conciencia y la educaci\u00f3n ambiental en la comunidad.&nbsp;<\/p>\n\n\n\n<p>Otra cosa de la que estoy muy orgullosa es que en la Regi\u00f3n hay un semillero del upcycling, donde veo un movimiento grande y significativo. Hay mucha gente que ya est\u00e1 concientizada y buscamos crecer, educando, promoviendo iniciativas con la Red de Recuperadores Textiles y as\u00ed.<\/p>\n\n\n\n<figure class=\"wp-block-image size-large\"><img decoding=\"async\" width=\"1024\" height=\"682\" src=\"https:\/\/www.valparaisocreativo.cl\/wp-content\/uploads\/2024\/03\/h-ch.-morada-1024x682.jpg\" alt=\"\" class=\"wp-image-18530\" srcset=\"https:\/\/dev.antudigital.cl\/sites\/vc\/wp-content\/uploads\/2024\/03\/h-ch.-morada-1024x682.jpg 1024w, https:\/\/dev.antudigital.cl\/sites\/vc\/wp-content\/uploads\/2024\/03\/h-ch.-morada-300x200.jpg 300w, https:\/\/dev.antudigital.cl\/sites\/vc\/wp-content\/uploads\/2024\/03\/h-ch.-morada-768x511.jpg 768w, https:\/\/dev.antudigital.cl\/sites\/vc\/wp-content\/uploads\/2024\/03\/h-ch.-morada-1536x1022.jpg 1536w, https:\/\/dev.antudigital.cl\/sites\/vc\/wp-content\/uploads\/2024\/03\/h-ch.-morada-2048x1363.jpg 2048w, https:\/\/dev.antudigital.cl\/sites\/vc\/wp-content\/uploads\/2024\/03\/h-ch.-morada-1080x719.jpg 1080w, https:\/\/dev.antudigital.cl\/sites\/vc\/wp-content\/uploads\/2024\/03\/h-ch.-morada-1280x852.jpg 1280w, https:\/\/dev.antudigital.cl\/sites\/vc\/wp-content\/uploads\/2024\/03\/h-ch.-morada-980x652.jpg 980w, https:\/\/dev.antudigital.cl\/sites\/vc\/wp-content\/uploads\/2024\/03\/h-ch.-morada-480x320.jpg 480w, https:\/\/dev.antudigital.cl\/sites\/vc\/wp-content\/uploads\/2024\/03\/h-ch.-morada-24x16.jpg 24w, https:\/\/dev.antudigital.cl\/sites\/vc\/wp-content\/uploads\/2024\/03\/h-ch.-morada-36x24.jpg 36w, https:\/\/dev.antudigital.cl\/sites\/vc\/wp-content\/uploads\/2024\/03\/h-ch.-morada-48x32.jpg 48w\" sizes=\"(max-width: 1024px) 100vw, 1024px\" \/><\/figure>\n\n\n\n<p><strong>\u00bfDe qu\u00e9 manera vives el proceso creativo que contiene tu trabajo?<\/strong><\/p>\n\n\n\n<p>&#8211; Siempre nace una exploraci\u00f3n constante de los materiales, las texturas, los colores. La inspiraci\u00f3n es lo que me rodea: Valpara\u00edso. Por ejemplo, conozco muchas otras personas que trabajan tambi\u00e9n en el arte ac\u00e1, por lo que hay mucha retroalimentaci\u00f3n en ese sentido. Cada pieza es \u00fanica de las que hago, quiz\u00e1s se repite un modelo, pero nunca ser\u00e1n los mismos materiales. Nace de la combinaci\u00f3n de t\u00e9cnicas artesanales y tradicionales de la costura, de la inspiraci\u00f3n que encuentro alrededor y tambi\u00e9n de los materiales reciclados, porque tambi\u00e9n siempre trabajo con lo que tengo, lo que llega a mis manos, eso lo moldeo a lo que imagino.<\/p>\n\n\n\n<p>Tambi\u00e9n dibujo harto. Aprend\u00ed a hacer procesos creativos en Fundaci\u00f3n Planea y ejecutar lo que me imagino, traslad\u00e1ndolo a la disciplina que trabaje. Siempre soy muy busquilla adem\u00e1s, por lo que conozco varias t\u00e9cnicas como coser a mano, bordar, ahora con el te\u00f1ido bot\u00e1nico, patchwork, pero siempre desde la mirada sustentable. Teniendo en cuenta los materiales que utilizo, fij\u00e1ndome que vayan en sincron\u00eda con lo que postula VESO como marca, ya que tengo un manual de comportamiento sustentable y as\u00ed.&nbsp;<\/p>\n\n\n\n<p><strong>Me imagino que es mucho ensayo y error<\/strong><\/p>\n\n\n\n<p>&#8211; S\u00ed, adem\u00e1s hago mis propios moldes, que voy modificando y jugando. Todo depende mucho de las prendas que puedo ir rescatando, siempre buscando no perder nada de material y finalmente llevar los residuos para el reciclaje.<\/p>\n\n\n\n<figure class=\"wp-block-image size-large\"><img loading=\"lazy\" decoding=\"async\" width=\"682\" height=\"1024\" src=\"https:\/\/www.valparaisocreativo.cl\/wp-content\/uploads\/2024\/03\/vertical-chaq-helen-izq-682x1024.jpg\" alt=\"\" class=\"wp-image-18534\" srcset=\"https:\/\/dev.antudigital.cl\/sites\/vc\/wp-content\/uploads\/2024\/03\/vertical-chaq-helen-izq-682x1024.jpg 682w, https:\/\/dev.antudigital.cl\/sites\/vc\/wp-content\/uploads\/2024\/03\/vertical-chaq-helen-izq-200x300.jpg 200w, https:\/\/dev.antudigital.cl\/sites\/vc\/wp-content\/uploads\/2024\/03\/vertical-chaq-helen-izq-768x1154.jpg 768w, https:\/\/dev.antudigital.cl\/sites\/vc\/wp-content\/uploads\/2024\/03\/vertical-chaq-helen-izq-1022x1536.jpg 1022w, https:\/\/dev.antudigital.cl\/sites\/vc\/wp-content\/uploads\/2024\/03\/vertical-chaq-helen-izq-1363x2048.jpg 1363w, https:\/\/dev.antudigital.cl\/sites\/vc\/wp-content\/uploads\/2024\/03\/vertical-chaq-helen-izq-1080x1622.jpg 1080w, https:\/\/dev.antudigital.cl\/sites\/vc\/wp-content\/uploads\/2024\/03\/vertical-chaq-helen-izq-1280x1923.jpg 1280w, https:\/\/dev.antudigital.cl\/sites\/vc\/wp-content\/uploads\/2024\/03\/vertical-chaq-helen-izq-980x1472.jpg 980w, https:\/\/dev.antudigital.cl\/sites\/vc\/wp-content\/uploads\/2024\/03\/vertical-chaq-helen-izq-480x721.jpg 480w, https:\/\/dev.antudigital.cl\/sites\/vc\/wp-content\/uploads\/2024\/03\/vertical-chaq-helen-izq-16x24.jpg 16w, https:\/\/dev.antudigital.cl\/sites\/vc\/wp-content\/uploads\/2024\/03\/vertical-chaq-helen-izq-24x36.jpg 24w, https:\/\/dev.antudigital.cl\/sites\/vc\/wp-content\/uploads\/2024\/03\/vertical-chaq-helen-izq-32x48.jpg 32w, https:\/\/dev.antudigital.cl\/sites\/vc\/wp-content\/uploads\/2024\/03\/vertical-chaq-helen-izq-scaled.jpg 1704w\" sizes=\"(max-width: 682px) 100vw, 682px\" \/><\/figure>\n\n\n\n<p><strong>\u00bfC\u00f3mo ves la escena de la vestimenta sostenible en la Regi\u00f3n?<\/strong><\/p>\n\n\n\n<p>&#8211; Ac\u00e1 en la Regi\u00f3n hay un movimiento s\u00faper grande de reciclaje y de supra reciclaje textil, lo que me ha motivado, ya que se generan actividades, capacitaciones y se arma un movimiento.<\/p>\n\n\n\n<p>Por mi parte, por ejemplo, he participado en diversas actividades como en la primera actividad sostenible del \u00abMuseo se Viste Sostenible\u00bb y en Fashion Revolution que se celebra todos los a\u00f1os en abril. Este evento en dicha fecha conmemora el desastre del <a href=\"https:\/\/elpais.com\/planeta-futuro\/2021-05-16\/los-trabajadores-de-la-industria-textil-de-banglades-de-nuevo-en-peligro.html\">Rana Plaza en Bangladesh<\/a>, f\u00e1brica donde murieron muchas mujeres y ni\u00f1os, que trabajaban confeccionando prendas para la industria textil de los grandes conglomerados. Se derrumb\u00f3 ese edificio y se visibiliz\u00f3 las condiciones en las que trabajaban estas personas, por salarios m\u00ednimos, con gente que viv\u00eda en esas f\u00e1bricas. Ese es el real costo de la moda r\u00e1pida, c\u00f3mo afecta a su entorno. Entonces todos los a\u00f1os en todos los pa\u00edses, se realizan actividades que conmemoran eso. El a\u00f1o pasado particip\u00e9, en el Parque Cultural, con conferencias y talleres, yo particip\u00e9 en un taller de reparaci\u00f3n manual y hab\u00edan otras instancias y hasta una exposici\u00f3n de alumnas de un liceo de Valpara\u00edso, culminando con una pasarela de upcycling. Y eso se espera replicar en abril.<\/p>\n\n\n\n<p>A ra\u00edz de ambos eventos, nos dimos cuenta de que \u00e9ramos casi los mismos actores en las actividades y decidimos armar un grupo en WhatsApp, con todos los que nos dedicamos a la reutilizaci\u00f3n textil. De ah\u00ed surgi\u00f3 el hacer la Red de Recuperadores Textiles y en agosto comenzamos a hacer reuniones mensuales, donde tambi\u00e9n buscamos hacer sinergia entre nosotros, por ejemplo, y c\u00f3mo podr\u00edamos colaborar entre nosotres. Hay quienes pueden aportar de la materia prima como RECICLA2, que aporta en materia prima y reciclaje, o Huila Crea con sus talleres. As\u00ed cada quien con su oficio y especialidad. A ra\u00edz de esto, est\u00e1bamos nosotras buscando formalizarnos, vamos bien con eso pero hoy estamos con todas las energ\u00edas en lo del incendio, donde se sum\u00f3 mucha gente a la Red de Recuperadores textiles.\u00a0\u00a0<\/p>\n\n\n\n<figure class=\"wp-block-image size-large\"><img loading=\"lazy\" decoding=\"async\" width=\"682\" height=\"1024\" src=\"https:\/\/www.valparaisocreativo.cl\/wp-content\/uploads\/2024\/03\/lison-pant-682x1024.jpg\" alt=\"\" class=\"wp-image-18532\" srcset=\"https:\/\/dev.antudigital.cl\/sites\/vc\/wp-content\/uploads\/2024\/03\/lison-pant-682x1024.jpg 682w, https:\/\/dev.antudigital.cl\/sites\/vc\/wp-content\/uploads\/2024\/03\/lison-pant-200x300.jpg 200w, https:\/\/dev.antudigital.cl\/sites\/vc\/wp-content\/uploads\/2024\/03\/lison-pant-768x1154.jpg 768w, https:\/\/dev.antudigital.cl\/sites\/vc\/wp-content\/uploads\/2024\/03\/lison-pant-1022x1536.jpg 1022w, https:\/\/dev.antudigital.cl\/sites\/vc\/wp-content\/uploads\/2024\/03\/lison-pant-1363x2048.jpg 1363w, https:\/\/dev.antudigital.cl\/sites\/vc\/wp-content\/uploads\/2024\/03\/lison-pant-1080x1622.jpg 1080w, https:\/\/dev.antudigital.cl\/sites\/vc\/wp-content\/uploads\/2024\/03\/lison-pant-1280x1923.jpg 1280w, https:\/\/dev.antudigital.cl\/sites\/vc\/wp-content\/uploads\/2024\/03\/lison-pant-980x1472.jpg 980w, https:\/\/dev.antudigital.cl\/sites\/vc\/wp-content\/uploads\/2024\/03\/lison-pant-480x721.jpg 480w, https:\/\/dev.antudigital.cl\/sites\/vc\/wp-content\/uploads\/2024\/03\/lison-pant-16x24.jpg 16w, https:\/\/dev.antudigital.cl\/sites\/vc\/wp-content\/uploads\/2024\/03\/lison-pant-24x36.jpg 24w, https:\/\/dev.antudigital.cl\/sites\/vc\/wp-content\/uploads\/2024\/03\/lison-pant-32x48.jpg 32w, https:\/\/dev.antudigital.cl\/sites\/vc\/wp-content\/uploads\/2024\/03\/lison-pant-scaled.jpg 1704w\" sizes=\"(max-width: 682px) 100vw, 682px\" \/><\/figure>\n\n\n\n<p><strong>\u00bfCrees que la gente est\u00e1 receptiva entonces con el upcycling y sus diversas formas?<\/strong><\/p>\n\n\n\n<p>&#8211; Creo que s\u00ed. En mi caso, en mi puesto tengo una pizarra con los conceptos que manejamos, y mucha gente pregunta de qu\u00e9 se trata y yo puedo explicarles de qu\u00e9 se trata el upcycling y las diversas t\u00e9cnicas y por qu\u00e9 hacerlo sostenible. Hay otras audiencias que de plano ya est\u00e1n familiarizadas con el supra reciclaje, en mi experiencia, tengo buena recepci\u00f3n tanto de p\u00fablico chileno como extranjero. Y hoy es una tendencia la moda sustentable, todo ir\u00e1 apuntando en esa direcci\u00f3n.&nbsp;<\/p>\n\n\n\n<p>Al final es una cultura de que te importe lo que est\u00e9s consumiendo y que no sea tan desechable. Creo que cuesta porque hay muy poca educaci\u00f3n. Hay varias cosas que se pueden hacer y c\u00f3mo tomar acciones en torno a la sustentabilidad.<\/p>\n\n\n\n<p><strong>Sobre el trabajo que est\u00e1n realizando con la Red, \u00bfc\u00f3mo comenz\u00f3 y en qu\u00e9 est\u00e1n actualmente?<\/strong><\/p>\n\n\n\n<p>&#8211; Trabajamos con Catalina Herrera, quien organiza los centros de acopio, que tiene experiencia en este tipo de circunstancias; est\u00e1 Roc\u00edo Peters de Huila Crea, quien ve la coordinaci\u00f3n de todas las actividades; Marcela V\u00e1squez de Taller Calquin, quien ve nuestras comunicaciones y nexos internacionales; Paty de Macaco Upcycling en el centro de donaciones seg\u00fan la categor\u00eda; adem\u00e1s de Consuelo de RECICLA2. Y as\u00ed funcionando, todo de manera voluntaria.<\/p>\n\n\n\n<p>Entre nosotres decidimos que las donaciones sean entregadas de manera digna. All\u00e1 pasa que la gente saca unas pocas cosas y el resto se lleva a relleno sanitario. En este caso, despu\u00e9s del incendio, hab\u00eda cuadras y cuadras de ropa. Entonces se pens\u00f3 en la idea de hacer un ropero m\u00f3vil y la marca 12NA colabor\u00f3 con su micro que es una tienda, y as\u00ed seguiremos con las donaciones dignas, pero que hoy est\u00e1n en pausa, ya que cerraron el centro de acopio. Eso fue s\u00faper heavy, pues el trabajo que se estaba haciendo par\u00f3, y ya que no se ha podido procesar la ropa se va al relleno sanitario. Faltan esas coordinaciones y voluntades para mantener lo que se estaba haciendo.<\/p>\n\n\n\n<p>Se sabe que pueden pasar m\u00e1s emergencias as\u00ed, por lo que es importante contar con un protocolo de acci\u00f3n para reaccionar a tiempo. Y como menciono, esto ya se est\u00e1 gestionando, pero hoy faltan ciertos elementos para impulsarlo como queremos.<\/p>\n\n\n\n<p>Por otra parte, seguir\u00e1 funcionando el ropero m\u00f3vil, que est\u00e1 en pausa pero se va a retomar.<\/p>\n\n\n\n<figure class=\"wp-block-image size-large\"><img loading=\"lazy\" decoding=\"async\" width=\"576\" height=\"1024\" src=\"https:\/\/www.valparaisocreativo.cl\/wp-content\/uploads\/2024\/03\/chaqueta-pantalones-deconstruidos-576x1024.png\" alt=\"\" class=\"wp-image-18525\" srcset=\"https:\/\/dev.antudigital.cl\/sites\/vc\/wp-content\/uploads\/2024\/03\/chaqueta-pantalones-deconstruidos-576x1024.png 576w, https:\/\/dev.antudigital.cl\/sites\/vc\/wp-content\/uploads\/2024\/03\/chaqueta-pantalones-deconstruidos-169x300.png 169w, https:\/\/dev.antudigital.cl\/sites\/vc\/wp-content\/uploads\/2024\/03\/chaqueta-pantalones-deconstruidos-768x1365.png 768w, https:\/\/dev.antudigital.cl\/sites\/vc\/wp-content\/uploads\/2024\/03\/chaqueta-pantalones-deconstruidos-864x1536.png 864w, https:\/\/dev.antudigital.cl\/sites\/vc\/wp-content\/uploads\/2024\/03\/chaqueta-pantalones-deconstruidos-980x1742.png 980w, https:\/\/dev.antudigital.cl\/sites\/vc\/wp-content\/uploads\/2024\/03\/chaqueta-pantalones-deconstruidos-480x853.png 480w, https:\/\/dev.antudigital.cl\/sites\/vc\/wp-content\/uploads\/2024\/03\/chaqueta-pantalones-deconstruidos-14x24.png 14w, https:\/\/dev.antudigital.cl\/sites\/vc\/wp-content\/uploads\/2024\/03\/chaqueta-pantalones-deconstruidos-20x36.png 20w, https:\/\/dev.antudigital.cl\/sites\/vc\/wp-content\/uploads\/2024\/03\/chaqueta-pantalones-deconstruidos-27x48.png 27w, https:\/\/dev.antudigital.cl\/sites\/vc\/wp-content\/uploads\/2024\/03\/chaqueta-pantalones-deconstruidos.png 1080w\" sizes=\"(max-width: 576px) 100vw, 576px\" \/><\/figure>\n\n\n\n<p><strong>\u00bfQu\u00e9 necesitan para continuar su trabajo?<\/strong><\/p>\n\n\n\n<p>&#8211; Necesitamos para continuar y expandir el trabajo, acceso a la formalizaci\u00f3n, acceso a mayor recursos y principalmente necesitamos un espacio que se nos pueda facilitar de alg\u00fan modo, para que funcionara la Red de Recuperadores Textiles, para recibir ropa como centro de acopio, clasificarla, seleccionarla, higienizarla. Tambi\u00e9n se pueden dar talleres, pero principalmente la piedra de tope es el espacio, pues todes estamos colaborando para la Red desde la propia trinchera.&nbsp;<\/p>\n\n\n\n<p><strong>Volviendo a tu trabajo en VESO, ad portas de un hito en tu carrera como lo es viajar a presentar en Madrid, para tu colecci\u00f3n, \u00bfc\u00f3mo obtuviste los materiales?<\/strong><\/p>\n\n\n\n<p>&#8211; Obtuve todos mis materiales de RECICLA2 de Vi\u00f1a del Mar, donde tienen puntos limpios para la ropa que la gente ya no quiere usar. La ropa que est\u00e1 buena, todo se higieniza y se vende, y lo malo se procesa y se transforma en ecoladrillo sustentable, por lo que nada se pierde. Para mi colecci\u00f3n, yo ten\u00eda un stock de donaciones y otra ropa, RECICLAD2 me lo proporcion\u00f3. A la vez, cuando yo termine mi colecci\u00f3n le llevo todos los restos, para transformarlo en ecoladrillos, por lo que luego no hay huella de carbono. Todo esto lo tuve que justificar para mi participaci\u00f3n en la pasarela de Madrid, donde presentar\u00e9 mi colecci\u00f3n.<\/p>\n\n\n\n<p><strong>Viajas ahora en abril a Madrid\u2026<\/strong><\/p>\n\n\n\n<p>&#8211; S\u00ed, debo estar antes del 7 de abril con mi colecci\u00f3n, Neo bohemia, y me presentar\u00e9 en la categor\u00eda de upcycling del Circular sustainable fashion week de Madrid. Esta celebra su cuarta versi\u00f3n, que es una pasarela de moda sostenible con upcycling y ecodise\u00f1o, y se realiza desde el 19 al 28 de abril, donde habr\u00e1 conferencias, workshops, charlas, pasarelas y m\u00e1s. Esto lo organizan The Circular Project y SIC Moda. Este a\u00f1o vamos 20 dise\u00f1adores, entre ellos europeos y latinoamericanos. Para esta pasarela empec\u00e9 a postular en noviembre y tuve que pasar por diversos procesos, creando ah\u00ed mi manual de comportamiento sustentable, por ejemplo.&nbsp;<\/p>\n\n\n\n<p>Qued\u00e9 y empec\u00e9 a trabajar en mi colecci\u00f3n, que est\u00e1 basada en Valpara\u00edso. Tengo la Regi\u00f3n como inspiraci\u00f3n y las tenidas van desde lo campestre a lo urbano, abordando t\u00e9cnicas de upcycling y en algunas prendas incorpor\u00e9 el te\u00f1ido bot\u00e1nico para resaltar flora de la zona. Son 11 atuendos completos. Para esto trabaj\u00e9 como mencion\u00e9 con RECICLA2 y Taller Calqu\u00edn en los estampados, puras chicas de la Red. En VESO tambi\u00e9n tengo un peque\u00f1o equipo (Alexandra y Ayleen) que me ayuda ahora en la costura y confecci\u00f3n de tejidos a mano. Aunque la mayor\u00eda de las cosas en la marca las hago yo.<\/p>\n\n\n\n<p>Para esto tambi\u00e9n trabaj\u00e9 con las joyas que se exhibir\u00e1n en la pasarela est\u00e1n a cargo de Angela Malhues y Natalia Medina del Taller La Maga, y los zapatos los facilita Claudia Ciudad, dise\u00f1adora de zapatos de la marca Domei, que son zapatos hechos con retazos de mezclilla y cueros.<\/p>\n\n\n\n<figure class=\"wp-block-image size-large\"><img loading=\"lazy\" decoding=\"async\" width=\"576\" height=\"1024\" src=\"https:\/\/www.valparaisocreativo.cl\/wp-content\/uploads\/2024\/03\/veso-en-paseo-atkinson-576x1024.png\" alt=\"\" class=\"wp-image-18536\" srcset=\"https:\/\/dev.antudigital.cl\/sites\/vc\/wp-content\/uploads\/2024\/03\/veso-en-paseo-atkinson-576x1024.png 576w, https:\/\/dev.antudigital.cl\/sites\/vc\/wp-content\/uploads\/2024\/03\/veso-en-paseo-atkinson-169x300.png 169w, https:\/\/dev.antudigital.cl\/sites\/vc\/wp-content\/uploads\/2024\/03\/veso-en-paseo-atkinson-768x1365.png 768w, https:\/\/dev.antudigital.cl\/sites\/vc\/wp-content\/uploads\/2024\/03\/veso-en-paseo-atkinson-864x1536.png 864w, https:\/\/dev.antudigital.cl\/sites\/vc\/wp-content\/uploads\/2024\/03\/veso-en-paseo-atkinson-980x1742.png 980w, https:\/\/dev.antudigital.cl\/sites\/vc\/wp-content\/uploads\/2024\/03\/veso-en-paseo-atkinson-480x853.png 480w, https:\/\/dev.antudigital.cl\/sites\/vc\/wp-content\/uploads\/2024\/03\/veso-en-paseo-atkinson-14x24.png 14w, https:\/\/dev.antudigital.cl\/sites\/vc\/wp-content\/uploads\/2024\/03\/veso-en-paseo-atkinson-20x36.png 20w, https:\/\/dev.antudigital.cl\/sites\/vc\/wp-content\/uploads\/2024\/03\/veso-en-paseo-atkinson-27x48.png 27w, https:\/\/dev.antudigital.cl\/sites\/vc\/wp-content\/uploads\/2024\/03\/veso-en-paseo-atkinson.png 1080w\" sizes=\"(max-width: 576px) 100vw, 576px\" \/><\/figure>\n\n\n\n<p><strong>\u00bfTe vistes a ti misma? \u00bfTienes marcas favoritas locales de upcycling por ejemplo?<\/strong><\/p>\n\n\n\n<p>&#8211; Me visto principalmente a m\u00ed misma, pero tambi\u00e9n tengo referentes. Est\u00e1 12NA por supuesto, quienes llevan mucho tiempo y eso es muy destacable. Tambi\u00e9n Ente Upcycling que tambi\u00e9n es de la regi\u00f3n. Y como referente, mi profesora de Fundaci\u00f3n Planea, Alejandra Filipponi, textilera, quien me ha invitado a experimentar y aprender en un espacio creativo muy libre. Ahora tambi\u00e9n conoc\u00ed hace poco a BAD Pink quienes se dedican 100% al upcycling, son chilenos, y estuvieron en el New York Fashion Week y Paris Fashion Week muy recientemente. Tambi\u00e9n consumo ropa de segunda mano.<\/p>\n\n\n\n<p><strong>Cu\u00e9ntanos d\u00f3nde podemos encontrar a VESO adem\u00e1s de las redes sociales.<\/strong><\/p>\n\n\n\n<p>&#8211; VESO vende en el Paseo Atkinson, donde exhibo mi ropa, que confecciono en un taller en Pasaje G\u00e1lvez. Nunca me ha dado como para tener una tienda, pues mi producci\u00f3n es lenta y humana. Voy con mi perchero y comparto el paseo con diversos artistas y artesanos, lo que me ha servido para generar m\u00e1s redes, conocer a otras personas y colaborar. VESO es a lo que le apunto todas mis energ\u00edas y pongo todas mis fichas.<\/p>\n","protected":false},"excerpt":{"rendered":"<p>Fotograf\u00edas de: VESO Upcycling Fernanda Jara compone VESO Upcycling, que hoy por hoy se est\u00e1 preparando para una importante pasarela sustentable de Madrid. Adem\u00e1s, es parte de la Red de Recuperadores Textil, quienes se han organizado para ayudar tras los incendios que afectaron a Vi\u00f1a del Mar. Est\u00e1 haciendo mil cosas, pero dentro de su [&hellip;]<\/p>\n","protected":false},"author":1,"featured_media":18528,"comment_status":"closed","ping_status":"closed","sticky":false,"template":"","format":"standard","meta":{"_acf_changed":false,"footnotes":""},"categories":[218],"tags":[],"class_list":["post-18522","post","type-post","status-publish","format-standard","has-post-thumbnail","hentry","category-blog"],"acf":[],"yoast_head":"<!-- This site is optimized with the Yoast SEO plugin v27.1.1 - https:\/\/yoast.com\/product\/yoast-seo-wordpress\/ -->\n<title>Aprendiendo sobre supra reciclaje: VESO Upcycling - Valpara\u00ed\u00adso Creativo<\/title>\n<meta name=\"robots\" content=\"index, follow, max-snippet:-1, max-image-preview:large, max-video-preview:-1\" \/>\n<link rel=\"canonical\" href=\"https:\/\/dev.antudigital.cl\/sites\/vc\/conociendo-sobre-supra-reciclaje-veso-upcycling\/\" \/>\n<meta property=\"og:locale\" content=\"es_ES\" \/>\n<meta property=\"og:type\" content=\"article\" \/>\n<meta property=\"og:title\" content=\"Aprendiendo sobre supra reciclaje: VESO Upcycling - Valpara\u00ed\u00adso Creativo\" \/>\n<meta property=\"og:description\" content=\"Fotograf\u00edas de: VESO Upcycling Fernanda Jara compone VESO Upcycling, que hoy por hoy se est\u00e1 preparando para una importante pasarela sustentable de Madrid. Adem\u00e1s, es parte de la Red de Recuperadores Textil, quienes se han organizado para ayudar tras los incendios que afectaron a Vi\u00f1a del Mar. Est\u00e1 haciendo mil cosas, pero dentro de su [&hellip;]\" \/>\n<meta property=\"og:url\" content=\"https:\/\/dev.antudigital.cl\/sites\/vc\/conociendo-sobre-supra-reciclaje-veso-upcycling\/\" \/>\n<meta property=\"og:site_name\" content=\"Valpara\u00ed\u00adso Creativo\" \/>\n<meta property=\"article:published_time\" content=\"2024-03-04T23:48:50+00:00\" \/>\n<meta property=\"article:modified_time\" content=\"2024-03-05T13:37:18+00:00\" \/>\n<meta property=\"og:image\" content=\"https:\/\/dev.antudigital.cl\/sites\/vc\/wp-content\/uploads\/2024\/03\/DSC09951-scaled.jpg\" \/>\n\t<meta property=\"og:image:width\" content=\"2560\" \/>\n\t<meta property=\"og:image:height\" content=\"1704\" \/>\n\t<meta property=\"og:image:type\" content=\"image\/jpeg\" \/>\n<meta name=\"author\" content=\"Valpara\u00edso Creativo\" \/>\n<meta name=\"twitter:card\" content=\"summary_large_image\" \/>\n<meta name=\"twitter:label1\" content=\"Escrito por\" \/>\n\t<meta name=\"twitter:data1\" content=\"Valpara\u00edso Creativo\" \/>\n\t<meta name=\"twitter:label2\" content=\"Tiempo de lectura\" \/>\n\t<meta name=\"twitter:data2\" content=\"14 minutos\" \/>\n<script type=\"application\/ld+json\" class=\"yoast-schema-graph\">{\"@context\":\"https:\/\/schema.org\",\"@graph\":[{\"@type\":\"Article\",\"@id\":\"https:\/\/dev.antudigital.cl\/sites\/vc\/conociendo-sobre-supra-reciclaje-veso-upcycling\/#article\",\"isPartOf\":{\"@id\":\"https:\/\/dev.antudigital.cl\/sites\/vc\/conociendo-sobre-supra-reciclaje-veso-upcycling\/\"},\"author\":{\"name\":\"Valpara\u00edso Creativo\",\"@id\":\"https:\/\/dev.antudigital.cl\/sites\/vc\/#\/schema\/person\/c2b9da8dd545e27166fc5ab232837318\"},\"headline\":\"Aprendiendo sobre supra reciclaje: VESO Upcycling\",\"datePublished\":\"2024-03-04T23:48:50+00:00\",\"dateModified\":\"2024-03-05T13:37:18+00:00\",\"mainEntityOfPage\":{\"@id\":\"https:\/\/dev.antudigital.cl\/sites\/vc\/conociendo-sobre-supra-reciclaje-veso-upcycling\/\"},\"wordCount\":2829,\"image\":{\"@id\":\"https:\/\/dev.antudigital.cl\/sites\/vc\/conociendo-sobre-supra-reciclaje-veso-upcycling\/#primaryimage\"},\"thumbnailUrl\":\"https:\/\/dev.antudigital.cl\/sites\/vc\/wp-content\/uploads\/2024\/03\/DSC09951-scaled.jpg\",\"articleSection\":[\"Blog\"],\"inLanguage\":\"es\"},{\"@type\":\"WebPage\",\"@id\":\"https:\/\/dev.antudigital.cl\/sites\/vc\/conociendo-sobre-supra-reciclaje-veso-upcycling\/\",\"url\":\"https:\/\/dev.antudigital.cl\/sites\/vc\/conociendo-sobre-supra-reciclaje-veso-upcycling\/\",\"name\":\"Aprendiendo sobre supra reciclaje: VESO Upcycling - Valpara\u00ed\u00adso Creativo\",\"isPartOf\":{\"@id\":\"https:\/\/dev.antudigital.cl\/sites\/vc\/#website\"},\"primaryImageOfPage\":{\"@id\":\"https:\/\/dev.antudigital.cl\/sites\/vc\/conociendo-sobre-supra-reciclaje-veso-upcycling\/#primaryimage\"},\"image\":{\"@id\":\"https:\/\/dev.antudigital.cl\/sites\/vc\/conociendo-sobre-supra-reciclaje-veso-upcycling\/#primaryimage\"},\"thumbnailUrl\":\"https:\/\/dev.antudigital.cl\/sites\/vc\/wp-content\/uploads\/2024\/03\/DSC09951-scaled.jpg\",\"datePublished\":\"2024-03-04T23:48:50+00:00\",\"dateModified\":\"2024-03-05T13:37:18+00:00\",\"author\":{\"@id\":\"https:\/\/dev.antudigital.cl\/sites\/vc\/#\/schema\/person\/c2b9da8dd545e27166fc5ab232837318\"},\"breadcrumb\":{\"@id\":\"https:\/\/dev.antudigital.cl\/sites\/vc\/conociendo-sobre-supra-reciclaje-veso-upcycling\/#breadcrumb\"},\"inLanguage\":\"es\",\"potentialAction\":[{\"@type\":\"ReadAction\",\"target\":[\"https:\/\/dev.antudigital.cl\/sites\/vc\/conociendo-sobre-supra-reciclaje-veso-upcycling\/\"]}]},{\"@type\":\"ImageObject\",\"inLanguage\":\"es\",\"@id\":\"https:\/\/dev.antudigital.cl\/sites\/vc\/conociendo-sobre-supra-reciclaje-veso-upcycling\/#primaryimage\",\"url\":\"https:\/\/dev.antudigital.cl\/sites\/vc\/wp-content\/uploads\/2024\/03\/DSC09951-scaled.jpg\",\"contentUrl\":\"https:\/\/dev.antudigital.cl\/sites\/vc\/wp-content\/uploads\/2024\/03\/DSC09951-scaled.jpg\",\"width\":2560,\"height\":1704},{\"@type\":\"BreadcrumbList\",\"@id\":\"https:\/\/dev.antudigital.cl\/sites\/vc\/conociendo-sobre-supra-reciclaje-veso-upcycling\/#breadcrumb\",\"itemListElement\":[{\"@type\":\"ListItem\",\"position\":1,\"name\":\"Home\",\"item\":\"https:\/\/dev.antudigital.cl\/sites\/vc\/\"},{\"@type\":\"ListItem\",\"position\":2,\"name\":\"Aprendiendo sobre supra reciclaje: VESO Upcycling\"}]},{\"@type\":\"WebSite\",\"@id\":\"https:\/\/dev.antudigital.cl\/sites\/vc\/#website\",\"url\":\"https:\/\/dev.antudigital.cl\/sites\/vc\/\",\"name\":\"Valpara\u00ed\u00adso Creativo\",\"description\":\"\",\"potentialAction\":[{\"@type\":\"SearchAction\",\"target\":{\"@type\":\"EntryPoint\",\"urlTemplate\":\"https:\/\/dev.antudigital.cl\/sites\/vc\/?s={search_term_string}\"},\"query-input\":{\"@type\":\"PropertyValueSpecification\",\"valueRequired\":true,\"valueName\":\"search_term_string\"}}],\"inLanguage\":\"es\"},{\"@type\":\"Person\",\"@id\":\"https:\/\/dev.antudigital.cl\/sites\/vc\/#\/schema\/person\/c2b9da8dd545e27166fc5ab232837318\",\"name\":\"Valpara\u00edso Creativo\",\"description\":\"Periodista de cultura en la Regi\u00f3n de Valpara\u00edso.\",\"url\":\"https:\/\/dev.antudigital.cl\/sites\/vc\/author\/valpoadmin\/\"}]}<\/script>\n<!-- \/ Yoast SEO plugin. -->","yoast_head_json":{"title":"Aprendiendo sobre supra reciclaje: VESO Upcycling - Valpara\u00ed\u00adso Creativo","robots":{"index":"index","follow":"follow","max-snippet":"max-snippet:-1","max-image-preview":"max-image-preview:large","max-video-preview":"max-video-preview:-1"},"canonical":"https:\/\/dev.antudigital.cl\/sites\/vc\/conociendo-sobre-supra-reciclaje-veso-upcycling\/","og_locale":"es_ES","og_type":"article","og_title":"Aprendiendo sobre supra reciclaje: VESO Upcycling - Valpara\u00ed\u00adso Creativo","og_description":"Fotograf\u00edas de: VESO Upcycling Fernanda Jara compone VESO Upcycling, que hoy por hoy se est\u00e1 preparando para una importante pasarela sustentable de Madrid. Adem\u00e1s, es parte de la Red de Recuperadores Textil, quienes se han organizado para ayudar tras los incendios que afectaron a Vi\u00f1a del Mar. Est\u00e1 haciendo mil cosas, pero dentro de su [&hellip;]","og_url":"https:\/\/dev.antudigital.cl\/sites\/vc\/conociendo-sobre-supra-reciclaje-veso-upcycling\/","og_site_name":"Valpara\u00ed\u00adso Creativo","article_published_time":"2024-03-04T23:48:50+00:00","article_modified_time":"2024-03-05T13:37:18+00:00","og_image":[{"width":2560,"height":1704,"url":"https:\/\/dev.antudigital.cl\/sites\/vc\/wp-content\/uploads\/2024\/03\/DSC09951-scaled.jpg","type":"image\/jpeg"}],"author":"Valpara\u00edso Creativo","twitter_card":"summary_large_image","twitter_misc":{"Escrito por":"Valpara\u00edso Creativo","Tiempo de lectura":"14 minutos"},"schema":{"@context":"https:\/\/schema.org","@graph":[{"@type":"Article","@id":"https:\/\/dev.antudigital.cl\/sites\/vc\/conociendo-sobre-supra-reciclaje-veso-upcycling\/#article","isPartOf":{"@id":"https:\/\/dev.antudigital.cl\/sites\/vc\/conociendo-sobre-supra-reciclaje-veso-upcycling\/"},"author":{"name":"Valpara\u00edso Creativo","@id":"https:\/\/dev.antudigital.cl\/sites\/vc\/#\/schema\/person\/c2b9da8dd545e27166fc5ab232837318"},"headline":"Aprendiendo sobre supra reciclaje: VESO Upcycling","datePublished":"2024-03-04T23:48:50+00:00","dateModified":"2024-03-05T13:37:18+00:00","mainEntityOfPage":{"@id":"https:\/\/dev.antudigital.cl\/sites\/vc\/conociendo-sobre-supra-reciclaje-veso-upcycling\/"},"wordCount":2829,"image":{"@id":"https:\/\/dev.antudigital.cl\/sites\/vc\/conociendo-sobre-supra-reciclaje-veso-upcycling\/#primaryimage"},"thumbnailUrl":"https:\/\/dev.antudigital.cl\/sites\/vc\/wp-content\/uploads\/2024\/03\/DSC09951-scaled.jpg","articleSection":["Blog"],"inLanguage":"es"},{"@type":"WebPage","@id":"https:\/\/dev.antudigital.cl\/sites\/vc\/conociendo-sobre-supra-reciclaje-veso-upcycling\/","url":"https:\/\/dev.antudigital.cl\/sites\/vc\/conociendo-sobre-supra-reciclaje-veso-upcycling\/","name":"Aprendiendo sobre supra reciclaje: VESO Upcycling - Valpara\u00ed\u00adso Creativo","isPartOf":{"@id":"https:\/\/dev.antudigital.cl\/sites\/vc\/#website"},"primaryImageOfPage":{"@id":"https:\/\/dev.antudigital.cl\/sites\/vc\/conociendo-sobre-supra-reciclaje-veso-upcycling\/#primaryimage"},"image":{"@id":"https:\/\/dev.antudigital.cl\/sites\/vc\/conociendo-sobre-supra-reciclaje-veso-upcycling\/#primaryimage"},"thumbnailUrl":"https:\/\/dev.antudigital.cl\/sites\/vc\/wp-content\/uploads\/2024\/03\/DSC09951-scaled.jpg","datePublished":"2024-03-04T23:48:50+00:00","dateModified":"2024-03-05T13:37:18+00:00","author":{"@id":"https:\/\/dev.antudigital.cl\/sites\/vc\/#\/schema\/person\/c2b9da8dd545e27166fc5ab232837318"},"breadcrumb":{"@id":"https:\/\/dev.antudigital.cl\/sites\/vc\/conociendo-sobre-supra-reciclaje-veso-upcycling\/#breadcrumb"},"inLanguage":"es","potentialAction":[{"@type":"ReadAction","target":["https:\/\/dev.antudigital.cl\/sites\/vc\/conociendo-sobre-supra-reciclaje-veso-upcycling\/"]}]},{"@type":"ImageObject","inLanguage":"es","@id":"https:\/\/dev.antudigital.cl\/sites\/vc\/conociendo-sobre-supra-reciclaje-veso-upcycling\/#primaryimage","url":"https:\/\/dev.antudigital.cl\/sites\/vc\/wp-content\/uploads\/2024\/03\/DSC09951-scaled.jpg","contentUrl":"https:\/\/dev.antudigital.cl\/sites\/vc\/wp-content\/uploads\/2024\/03\/DSC09951-scaled.jpg","width":2560,"height":1704},{"@type":"BreadcrumbList","@id":"https:\/\/dev.antudigital.cl\/sites\/vc\/conociendo-sobre-supra-reciclaje-veso-upcycling\/#breadcrumb","itemListElement":[{"@type":"ListItem","position":1,"name":"Home","item":"https:\/\/dev.antudigital.cl\/sites\/vc\/"},{"@type":"ListItem","position":2,"name":"Aprendiendo sobre supra reciclaje: VESO Upcycling"}]},{"@type":"WebSite","@id":"https:\/\/dev.antudigital.cl\/sites\/vc\/#website","url":"https:\/\/dev.antudigital.cl\/sites\/vc\/","name":"Valpara\u00ed\u00adso Creativo","description":"","potentialAction":[{"@type":"SearchAction","target":{"@type":"EntryPoint","urlTemplate":"https:\/\/dev.antudigital.cl\/sites\/vc\/?s={search_term_string}"},"query-input":{"@type":"PropertyValueSpecification","valueRequired":true,"valueName":"search_term_string"}}],"inLanguage":"es"},{"@type":"Person","@id":"https:\/\/dev.antudigital.cl\/sites\/vc\/#\/schema\/person\/c2b9da8dd545e27166fc5ab232837318","name":"Valpara\u00edso Creativo","description":"Periodista de cultura en la Regi\u00f3n de Valpara\u00edso.","url":"https:\/\/dev.antudigital.cl\/sites\/vc\/author\/valpoadmin\/"}]}},"_links":{"self":[{"href":"https:\/\/dev.antudigital.cl\/sites\/vc\/wp-json\/wp\/v2\/posts\/18522","targetHints":{"allow":["GET"]}}],"collection":[{"href":"https:\/\/dev.antudigital.cl\/sites\/vc\/wp-json\/wp\/v2\/posts"}],"about":[{"href":"https:\/\/dev.antudigital.cl\/sites\/vc\/wp-json\/wp\/v2\/types\/post"}],"author":[{"embeddable":true,"href":"https:\/\/dev.antudigital.cl\/sites\/vc\/wp-json\/wp\/v2\/users\/1"}],"replies":[{"embeddable":true,"href":"https:\/\/dev.antudigital.cl\/sites\/vc\/wp-json\/wp\/v2\/comments?post=18522"}],"version-history":[{"count":4,"href":"https:\/\/dev.antudigital.cl\/sites\/vc\/wp-json\/wp\/v2\/posts\/18522\/revisions"}],"predecessor-version":[{"id":18545,"href":"https:\/\/dev.antudigital.cl\/sites\/vc\/wp-json\/wp\/v2\/posts\/18522\/revisions\/18545"}],"wp:featuredmedia":[{"embeddable":true,"href":"https:\/\/dev.antudigital.cl\/sites\/vc\/wp-json\/wp\/v2\/media\/18528"}],"wp:attachment":[{"href":"https:\/\/dev.antudigital.cl\/sites\/vc\/wp-json\/wp\/v2\/media?parent=18522"}],"wp:term":[{"taxonomy":"category","embeddable":true,"href":"https:\/\/dev.antudigital.cl\/sites\/vc\/wp-json\/wp\/v2\/categories?post=18522"},{"taxonomy":"post_tag","embeddable":true,"href":"https:\/\/dev.antudigital.cl\/sites\/vc\/wp-json\/wp\/v2\/tags?post=18522"}],"curies":[{"name":"wp","href":"https:\/\/api.w.org\/{rel}","templated":true}]}}