{"id":18586,"date":"2024-03-11T16:23:12","date_gmt":"2024-03-11T16:23:12","guid":{"rendered":"https:\/\/www.valparaisocreativo.cl\/?p=18586"},"modified":"2024-03-11T16:23:19","modified_gmt":"2024-03-11T16:23:19","slug":"made-in-chile-no-te-pierdas-este-festival-a-beneficio","status":"publish","type":"post","link":"https:\/\/dev.antudigital.cl\/sites\/vc\/made-in-chile-no-te-pierdas-este-festival-a-beneficio\/","title":{"rendered":"\u00abMade in Chile\u00bb: no te pierdas este festival a beneficio"},"content":{"rendered":"\n<p>Apoyemos entre todos a los damnificados de los incendios de la quinta regi\u00f3n, la lucha por levantarse de nuevo es un proceso largo y requiere de nuestra ayuda.<\/p>\n\n\n\n<p>No te quedes fuera, aprovecha de colaborar y comprar tu entrada con un 30% de descuento usando el c\u00f3digo:&nbsp;<strong>YOAYUDO<\/strong><\/p>\n\n\n\n<p><strong>\u00a1Si no puedes asistir pero quieres ayudar puedes hacer un aporte voluntario de $1.000!<\/strong><\/p>\n\n\n\n<p><strong><a href=\"https:\/\/www.tolivmarket.com\/eventos\/chile\/vina-del-mar\/made-in-chile-fest-10622?coupon_event=YOAYUDO\">Compra aqu\u00ed tu entrada o realiza tu aporte<\/a><\/strong><\/p>\n\n\n\n<figure class=\"wp-block-image size-full\"><img fetchpriority=\"high\" decoding=\"async\" width=\"720\" height=\"900\" src=\"https:\/\/www.valparaisocreativo.cl\/wp-content\/uploads\/2024\/03\/0bcea77af83eb8706f208830eecb60304070c9cf03242266c4f6d3137f87c873.jpeg\" alt=\"\" class=\"wp-image-18587\" srcset=\"https:\/\/dev.antudigital.cl\/sites\/vc\/wp-content\/uploads\/2024\/03\/0bcea77af83eb8706f208830eecb60304070c9cf03242266c4f6d3137f87c873.jpeg 720w, https:\/\/dev.antudigital.cl\/sites\/vc\/wp-content\/uploads\/2024\/03\/0bcea77af83eb8706f208830eecb60304070c9cf03242266c4f6d3137f87c873-240x300.jpeg 240w, https:\/\/dev.antudigital.cl\/sites\/vc\/wp-content\/uploads\/2024\/03\/0bcea77af83eb8706f208830eecb60304070c9cf03242266c4f6d3137f87c873-480x600.jpeg 480w, https:\/\/dev.antudigital.cl\/sites\/vc\/wp-content\/uploads\/2024\/03\/0bcea77af83eb8706f208830eecb60304070c9cf03242266c4f6d3137f87c873-19x24.jpeg 19w, https:\/\/dev.antudigital.cl\/sites\/vc\/wp-content\/uploads\/2024\/03\/0bcea77af83eb8706f208830eecb60304070c9cf03242266c4f6d3137f87c873-29x36.jpeg 29w, https:\/\/dev.antudigital.cl\/sites\/vc\/wp-content\/uploads\/2024\/03\/0bcea77af83eb8706f208830eecb60304070c9cf03242266c4f6d3137f87c873-38x48.jpeg 38w\" sizes=\"(max-width: 720px) 100vw, 720px\" \/><\/figure>\n","protected":false},"excerpt":{"rendered":"<p>Apoyemos entre todos a los damnificados de los incendios de la quinta regi\u00f3n, la lucha por levantarse de nuevo es un proceso largo y requiere de nuestra ayuda. No te quedes fuera, aprovecha de colaborar y comprar tu entrada con un 30% de descuento usando el c\u00f3digo:&nbsp;YOAYUDO \u00a1Si no puedes asistir pero quieres ayudar puedes [&hellip;]<\/p>\n","protected":false},"author":1,"featured_media":18588,"comment_status":"closed","ping_status":"closed","sticky":false,"template":"","format":"standard","meta":{"_acf_changed":false,"footnotes":""},"categories":[1],"tags":[],"class_list":["post-18586","post","type-post","status-publish","format-standard","has-post-thumbnail","hentry","category-uncategorized"],"acf":[],"yoast_head":"<!-- This site is optimized with the Yoast SEO plugin v27.1.1 - https:\/\/yoast.com\/product\/yoast-seo-wordpress\/ -->\n<title>&quot;Made in Chile&quot;: no te pierdas este festival a beneficio - Valpara\u00ed\u00adso Creativo<\/title>\n<meta name=\"robots\" content=\"index, follow, max-snippet:-1, max-image-preview:large, max-video-preview:-1\" \/>\n<link rel=\"canonical\" href=\"https:\/\/dev.antudigital.cl\/sites\/vc\/made-in-chile-no-te-pierdas-este-festival-a-beneficio\/\" \/>\n<meta property=\"og:locale\" content=\"es_ES\" \/>\n<meta property=\"og:type\" content=\"article\" \/>\n<meta property=\"og:title\" content=\"&quot;Made in Chile&quot;: no te pierdas este festival a beneficio - Valpara\u00ed\u00adso Creativo\" \/>\n<meta property=\"og:description\" content=\"Apoyemos entre todos a los damnificados de los incendios de la quinta regi\u00f3n, la lucha por levantarse de nuevo es un proceso largo y requiere de nuestra ayuda. No te quedes fuera, aprovecha de colaborar y comprar tu entrada con un 30% de descuento usando el c\u00f3digo:&nbsp;YOAYUDO \u00a1Si no puedes asistir pero quieres ayudar puedes [&hellip;]\" \/>\n<meta property=\"og:url\" content=\"https:\/\/dev.antudigital.cl\/sites\/vc\/made-in-chile-no-te-pierdas-este-festival-a-beneficio\/\" \/>\n<meta property=\"og:site_name\" content=\"Valpara\u00ed\u00adso Creativo\" \/>\n<meta property=\"article:published_time\" content=\"2024-03-11T16:23:12+00:00\" \/>\n<meta property=\"article:modified_time\" content=\"2024-03-11T16:23:19+00:00\" \/>\n<meta property=\"og:image\" content=\"https:\/\/dev.antudigital.cl\/sites\/vc\/wp-content\/uploads\/2024\/03\/Captura-de-Pantalla-2024-03-11-a-las-13.22.23.png\" \/>\n\t<meta property=\"og:image:width\" content=\"711\" \/>\n\t<meta property=\"og:image:height\" content=\"315\" \/>\n\t<meta property=\"og:image:type\" content=\"image\/png\" \/>\n<meta name=\"author\" content=\"Valpara\u00edso Creativo\" \/>\n<meta name=\"twitter:card\" content=\"summary_large_image\" \/>\n<meta name=\"twitter:label1\" content=\"Escrito por\" \/>\n\t<meta name=\"twitter:data1\" content=\"Valpara\u00edso Creativo\" \/>\n\t<meta name=\"twitter:label2\" content=\"Tiempo de lectura\" \/>\n\t<meta name=\"twitter:data2\" content=\"1 minuto\" \/>\n<script type=\"application\/ld+json\" class=\"yoast-schema-graph\">{\"@context\":\"https:\/\/schema.org\",\"@graph\":[{\"@type\":\"Article\",\"@id\":\"https:\/\/dev.antudigital.cl\/sites\/vc\/made-in-chile-no-te-pierdas-este-festival-a-beneficio\/#article\",\"isPartOf\":{\"@id\":\"https:\/\/dev.antudigital.cl\/sites\/vc\/made-in-chile-no-te-pierdas-este-festival-a-beneficio\/\"},\"author\":{\"name\":\"Valpara\u00edso Creativo\",\"@id\":\"https:\/\/dev.antudigital.cl\/sites\/vc\/#\/schema\/person\/c2b9da8dd545e27166fc5ab232837318\"},\"headline\":\"\u00abMade in Chile\u00bb: no te pierdas este festival a beneficio\",\"datePublished\":\"2024-03-11T16:23:12+00:00\",\"dateModified\":\"2024-03-11T16:23:19+00:00\",\"mainEntityOfPage\":{\"@id\":\"https:\/\/dev.antudigital.cl\/sites\/vc\/made-in-chile-no-te-pierdas-este-festival-a-beneficio\/\"},\"wordCount\":81,\"image\":{\"@id\":\"https:\/\/dev.antudigital.cl\/sites\/vc\/made-in-chile-no-te-pierdas-este-festival-a-beneficio\/#primaryimage\"},\"thumbnailUrl\":\"https:\/\/dev.antudigital.cl\/sites\/vc\/wp-content\/uploads\/2024\/03\/Captura-de-Pantalla-2024-03-11-a-las-13.22.23.png\",\"articleSection\":[\"Uncategorized\"],\"inLanguage\":\"es\"},{\"@type\":\"WebPage\",\"@id\":\"https:\/\/dev.antudigital.cl\/sites\/vc\/made-in-chile-no-te-pierdas-este-festival-a-beneficio\/\",\"url\":\"https:\/\/dev.antudigital.cl\/sites\/vc\/made-in-chile-no-te-pierdas-este-festival-a-beneficio\/\",\"name\":\"\\\"Made in Chile\\\": no te pierdas este festival a beneficio - Valpara\u00ed\u00adso Creativo\",\"isPartOf\":{\"@id\":\"https:\/\/dev.antudigital.cl\/sites\/vc\/#website\"},\"primaryImageOfPage\":{\"@id\":\"https:\/\/dev.antudigital.cl\/sites\/vc\/made-in-chile-no-te-pierdas-este-festival-a-beneficio\/#primaryimage\"},\"image\":{\"@id\":\"https:\/\/dev.antudigital.cl\/sites\/vc\/made-in-chile-no-te-pierdas-este-festival-a-beneficio\/#primaryimage\"},\"thumbnailUrl\":\"https:\/\/dev.antudigital.cl\/sites\/vc\/wp-content\/uploads\/2024\/03\/Captura-de-Pantalla-2024-03-11-a-las-13.22.23.png\",\"datePublished\":\"2024-03-11T16:23:12+00:00\",\"dateModified\":\"2024-03-11T16:23:19+00:00\",\"author\":{\"@id\":\"https:\/\/dev.antudigital.cl\/sites\/vc\/#\/schema\/person\/c2b9da8dd545e27166fc5ab232837318\"},\"breadcrumb\":{\"@id\":\"https:\/\/dev.antudigital.cl\/sites\/vc\/made-in-chile-no-te-pierdas-este-festival-a-beneficio\/#breadcrumb\"},\"inLanguage\":\"es\",\"potentialAction\":[{\"@type\":\"ReadAction\",\"target\":[\"https:\/\/dev.antudigital.cl\/sites\/vc\/made-in-chile-no-te-pierdas-este-festival-a-beneficio\/\"]}]},{\"@type\":\"ImageObject\",\"inLanguage\":\"es\",\"@id\":\"https:\/\/dev.antudigital.cl\/sites\/vc\/made-in-chile-no-te-pierdas-este-festival-a-beneficio\/#primaryimage\",\"url\":\"https:\/\/dev.antudigital.cl\/sites\/vc\/wp-content\/uploads\/2024\/03\/Captura-de-Pantalla-2024-03-11-a-las-13.22.23.png\",\"contentUrl\":\"https:\/\/dev.antudigital.cl\/sites\/vc\/wp-content\/uploads\/2024\/03\/Captura-de-Pantalla-2024-03-11-a-las-13.22.23.png\",\"width\":711,\"height\":315},{\"@type\":\"BreadcrumbList\",\"@id\":\"https:\/\/dev.antudigital.cl\/sites\/vc\/made-in-chile-no-te-pierdas-este-festival-a-beneficio\/#breadcrumb\",\"itemListElement\":[{\"@type\":\"ListItem\",\"position\":1,\"name\":\"Home\",\"item\":\"https:\/\/dev.antudigital.cl\/sites\/vc\/\"},{\"@type\":\"ListItem\",\"position\":2,\"name\":\"\u00abMade in Chile\u00bb: no te pierdas este festival a beneficio\"}]},{\"@type\":\"WebSite\",\"@id\":\"https:\/\/dev.antudigital.cl\/sites\/vc\/#website\",\"url\":\"https:\/\/dev.antudigital.cl\/sites\/vc\/\",\"name\":\"Valpara\u00ed\u00adso Creativo\",\"description\":\"\",\"potentialAction\":[{\"@type\":\"SearchAction\",\"target\":{\"@type\":\"EntryPoint\",\"urlTemplate\":\"https:\/\/dev.antudigital.cl\/sites\/vc\/?s={search_term_string}\"},\"query-input\":{\"@type\":\"PropertyValueSpecification\",\"valueRequired\":true,\"valueName\":\"search_term_string\"}}],\"inLanguage\":\"es\"},{\"@type\":\"Person\",\"@id\":\"https:\/\/dev.antudigital.cl\/sites\/vc\/#\/schema\/person\/c2b9da8dd545e27166fc5ab232837318\",\"name\":\"Valpara\u00edso Creativo\",\"description\":\"Periodista de cultura en la Regi\u00f3n de Valpara\u00edso.\",\"url\":\"https:\/\/dev.antudigital.cl\/sites\/vc\/author\/valpoadmin\/\"}]}<\/script>\n<!-- \/ Yoast SEO plugin. -->","yoast_head_json":{"title":"\"Made in Chile\": no te pierdas este festival a beneficio - Valpara\u00ed\u00adso Creativo","robots":{"index":"index","follow":"follow","max-snippet":"max-snippet:-1","max-image-preview":"max-image-preview:large","max-video-preview":"max-video-preview:-1"},"canonical":"https:\/\/dev.antudigital.cl\/sites\/vc\/made-in-chile-no-te-pierdas-este-festival-a-beneficio\/","og_locale":"es_ES","og_type":"article","og_title":"\"Made in Chile\": no te pierdas este festival a beneficio - Valpara\u00ed\u00adso Creativo","og_description":"Apoyemos entre todos a los damnificados de los incendios de la quinta regi\u00f3n, la lucha por levantarse de nuevo es un proceso largo y requiere de nuestra ayuda. No te quedes fuera, aprovecha de colaborar y comprar tu entrada con un 30% de descuento usando el c\u00f3digo:&nbsp;YOAYUDO \u00a1Si no puedes asistir pero quieres ayudar puedes [&hellip;]","og_url":"https:\/\/dev.antudigital.cl\/sites\/vc\/made-in-chile-no-te-pierdas-este-festival-a-beneficio\/","og_site_name":"Valpara\u00ed\u00adso Creativo","article_published_time":"2024-03-11T16:23:12+00:00","article_modified_time":"2024-03-11T16:23:19+00:00","og_image":[{"width":711,"height":315,"url":"https:\/\/dev.antudigital.cl\/sites\/vc\/wp-content\/uploads\/2024\/03\/Captura-de-Pantalla-2024-03-11-a-las-13.22.23.png","type":"image\/png"}],"author":"Valpara\u00edso Creativo","twitter_card":"summary_large_image","twitter_misc":{"Escrito por":"Valpara\u00edso Creativo","Tiempo de lectura":"1 minuto"},"schema":{"@context":"https:\/\/schema.org","@graph":[{"@type":"Article","@id":"https:\/\/dev.antudigital.cl\/sites\/vc\/made-in-chile-no-te-pierdas-este-festival-a-beneficio\/#article","isPartOf":{"@id":"https:\/\/dev.antudigital.cl\/sites\/vc\/made-in-chile-no-te-pierdas-este-festival-a-beneficio\/"},"author":{"name":"Valpara\u00edso Creativo","@id":"https:\/\/dev.antudigital.cl\/sites\/vc\/#\/schema\/person\/c2b9da8dd545e27166fc5ab232837318"},"headline":"\u00abMade in Chile\u00bb: no te pierdas este festival a beneficio","datePublished":"2024-03-11T16:23:12+00:00","dateModified":"2024-03-11T16:23:19+00:00","mainEntityOfPage":{"@id":"https:\/\/dev.antudigital.cl\/sites\/vc\/made-in-chile-no-te-pierdas-este-festival-a-beneficio\/"},"wordCount":81,"image":{"@id":"https:\/\/dev.antudigital.cl\/sites\/vc\/made-in-chile-no-te-pierdas-este-festival-a-beneficio\/#primaryimage"},"thumbnailUrl":"https:\/\/dev.antudigital.cl\/sites\/vc\/wp-content\/uploads\/2024\/03\/Captura-de-Pantalla-2024-03-11-a-las-13.22.23.png","articleSection":["Uncategorized"],"inLanguage":"es"},{"@type":"WebPage","@id":"https:\/\/dev.antudigital.cl\/sites\/vc\/made-in-chile-no-te-pierdas-este-festival-a-beneficio\/","url":"https:\/\/dev.antudigital.cl\/sites\/vc\/made-in-chile-no-te-pierdas-este-festival-a-beneficio\/","name":"\"Made in Chile\": no te pierdas este festival a beneficio - Valpara\u00ed\u00adso Creativo","isPartOf":{"@id":"https:\/\/dev.antudigital.cl\/sites\/vc\/#website"},"primaryImageOfPage":{"@id":"https:\/\/dev.antudigital.cl\/sites\/vc\/made-in-chile-no-te-pierdas-este-festival-a-beneficio\/#primaryimage"},"image":{"@id":"https:\/\/dev.antudigital.cl\/sites\/vc\/made-in-chile-no-te-pierdas-este-festival-a-beneficio\/#primaryimage"},"thumbnailUrl":"https:\/\/dev.antudigital.cl\/sites\/vc\/wp-content\/uploads\/2024\/03\/Captura-de-Pantalla-2024-03-11-a-las-13.22.23.png","datePublished":"2024-03-11T16:23:12+00:00","dateModified":"2024-03-11T16:23:19+00:00","author":{"@id":"https:\/\/dev.antudigital.cl\/sites\/vc\/#\/schema\/person\/c2b9da8dd545e27166fc5ab232837318"},"breadcrumb":{"@id":"https:\/\/dev.antudigital.cl\/sites\/vc\/made-in-chile-no-te-pierdas-este-festival-a-beneficio\/#breadcrumb"},"inLanguage":"es","potentialAction":[{"@type":"ReadAction","target":["https:\/\/dev.antudigital.cl\/sites\/vc\/made-in-chile-no-te-pierdas-este-festival-a-beneficio\/"]}]},{"@type":"ImageObject","inLanguage":"es","@id":"https:\/\/dev.antudigital.cl\/sites\/vc\/made-in-chile-no-te-pierdas-este-festival-a-beneficio\/#primaryimage","url":"https:\/\/dev.antudigital.cl\/sites\/vc\/wp-content\/uploads\/2024\/03\/Captura-de-Pantalla-2024-03-11-a-las-13.22.23.png","contentUrl":"https:\/\/dev.antudigital.cl\/sites\/vc\/wp-content\/uploads\/2024\/03\/Captura-de-Pantalla-2024-03-11-a-las-13.22.23.png","width":711,"height":315},{"@type":"BreadcrumbList","@id":"https:\/\/dev.antudigital.cl\/sites\/vc\/made-in-chile-no-te-pierdas-este-festival-a-beneficio\/#breadcrumb","itemListElement":[{"@type":"ListItem","position":1,"name":"Home","item":"https:\/\/dev.antudigital.cl\/sites\/vc\/"},{"@type":"ListItem","position":2,"name":"\u00abMade in Chile\u00bb: no te pierdas este festival a beneficio"}]},{"@type":"WebSite","@id":"https:\/\/dev.antudigital.cl\/sites\/vc\/#website","url":"https:\/\/dev.antudigital.cl\/sites\/vc\/","name":"Valpara\u00ed\u00adso Creativo","description":"","potentialAction":[{"@type":"SearchAction","target":{"@type":"EntryPoint","urlTemplate":"https:\/\/dev.antudigital.cl\/sites\/vc\/?s={search_term_string}"},"query-input":{"@type":"PropertyValueSpecification","valueRequired":true,"valueName":"search_term_string"}}],"inLanguage":"es"},{"@type":"Person","@id":"https:\/\/dev.antudigital.cl\/sites\/vc\/#\/schema\/person\/c2b9da8dd545e27166fc5ab232837318","name":"Valpara\u00edso Creativo","description":"Periodista de cultura en la Regi\u00f3n de Valpara\u00edso.","url":"https:\/\/dev.antudigital.cl\/sites\/vc\/author\/valpoadmin\/"}]}},"_links":{"self":[{"href":"https:\/\/dev.antudigital.cl\/sites\/vc\/wp-json\/wp\/v2\/posts\/18586","targetHints":{"allow":["GET"]}}],"collection":[{"href":"https:\/\/dev.antudigital.cl\/sites\/vc\/wp-json\/wp\/v2\/posts"}],"about":[{"href":"https:\/\/dev.antudigital.cl\/sites\/vc\/wp-json\/wp\/v2\/types\/post"}],"author":[{"embeddable":true,"href":"https:\/\/dev.antudigital.cl\/sites\/vc\/wp-json\/wp\/v2\/users\/1"}],"replies":[{"embeddable":true,"href":"https:\/\/dev.antudigital.cl\/sites\/vc\/wp-json\/wp\/v2\/comments?post=18586"}],"version-history":[{"count":1,"href":"https:\/\/dev.antudigital.cl\/sites\/vc\/wp-json\/wp\/v2\/posts\/18586\/revisions"}],"predecessor-version":[{"id":18589,"href":"https:\/\/dev.antudigital.cl\/sites\/vc\/wp-json\/wp\/v2\/posts\/18586\/revisions\/18589"}],"wp:featuredmedia":[{"embeddable":true,"href":"https:\/\/dev.antudigital.cl\/sites\/vc\/wp-json\/wp\/v2\/media\/18588"}],"wp:attachment":[{"href":"https:\/\/dev.antudigital.cl\/sites\/vc\/wp-json\/wp\/v2\/media?parent=18586"}],"wp:term":[{"taxonomy":"category","embeddable":true,"href":"https:\/\/dev.antudigital.cl\/sites\/vc\/wp-json\/wp\/v2\/categories?post=18586"},{"taxonomy":"post_tag","embeddable":true,"href":"https:\/\/dev.antudigital.cl\/sites\/vc\/wp-json\/wp\/v2\/tags?post=18586"}],"curies":[{"name":"wp","href":"https:\/\/api.w.org\/{rel}","templated":true}]}}