{"id":18590,"date":"2024-03-11T16:26:13","date_gmt":"2024-03-11T16:26:13","guid":{"rendered":"https:\/\/www.valparaisocreativo.cl\/?p=18590"},"modified":"2024-03-11T16:26:19","modified_gmt":"2024-03-11T16:26:19","slug":"participa-en-la-cuarta-version-taller-de-la-imagen","status":"publish","type":"post","link":"https:\/\/dev.antudigital.cl\/sites\/vc\/participa-en-la-cuarta-version-taller-de-la-imagen\/","title":{"rendered":"Participa en la cuarta versi\u00f3n Taller de la Imagen"},"content":{"rendered":"\n<p>Te invitamos a participar en el&nbsp;<strong>Taller de la Imagen \u00abRostros relatados: \u00bfQui\u00e9n captura nuestra historia?\u00bb<\/strong>, una experiencia bajo el alero de Imagen Salvaje, programa de formaci\u00f3n y mediaci\u00f3n de Casa Espacio.<\/p>\n\n\n\n<p>La cuarta versi\u00f3n de este proceso colectivo de creaci\u00f3n propone un&nbsp;<strong>cruce de saberes entre la fotograf\u00eda con c\u00e1mara estenopeica y el dise\u00f1o editorial en m\u00f3dulos a cargo de la fot\u00f3grafa y artista visual Ver\u00f3nica Soto junto al fot\u00f3grafo y editor Sebasti\u00e1n Pinto.&nbsp;<\/strong><\/p>\n\n\n\n<p>El Taller de la Imagen es una&nbsp;<strong>actividad gratuita y se desarrollar\u00e1 en m\u00f3dulos de jornada doble cada viernes y s\u00e1bado de abril en la Biblioteca de Casa Espacio<\/strong>&nbsp;(calle Buenos Aires 824, Valpara\u00edso).&nbsp;<\/p>\n\n\n\n<p>\u00bfC\u00f3mo participar?&nbsp;<strong>Descarga toda la informaci\u00f3n de este programa formativo y accede al Formulario de Inscripci\u00f3n<\/strong>&nbsp;<a href=\"https:\/\/693ar.r.ag.d.sendibm3.com\/mk\/cl\/f\/sh\/SMK1E8tHeG13E8ZYH6n7J9hhCcap\/pSL8Bw0RzSiR\" target=\"_blank\" rel=\"noreferrer noopener\"><strong>AQU\u00cd.<\/strong><\/a><\/p>\n\n\n\n<p><em>*El Taller de la Imagen es un proyecto de talleres de fotograf\u00eda para la comunidad de Casa Espacio financiado por el Gobierno Regional de Valpara\u00edso 2023.<\/em><\/p>\n\n\n\n<p><a href=\"https:\/\/casaespacio.cl\/doc\/taller_de_la_imagen.pdf\"><strong>Inscr\u00edbete aqu\u00ed<\/strong><\/a><\/p>\n\n\n\n<figure class=\"wp-block-image size-large\"><img fetchpriority=\"high\" decoding=\"async\" width=\"576\" height=\"1024\" src=\"https:\/\/www.valparaisocreativo.cl\/wp-content\/uploads\/2024\/03\/unnamed-1-576x1024.png\" alt=\"\" class=\"wp-image-18591\" srcset=\"https:\/\/dev.antudigital.cl\/sites\/vc\/wp-content\/uploads\/2024\/03\/unnamed-1-576x1024.png 576w, https:\/\/dev.antudigital.cl\/sites\/vc\/wp-content\/uploads\/2024\/03\/unnamed-1-169x300.png 169w, https:\/\/dev.antudigital.cl\/sites\/vc\/wp-content\/uploads\/2024\/03\/unnamed-1-768x1365.png 768w, https:\/\/dev.antudigital.cl\/sites\/vc\/wp-content\/uploads\/2024\/03\/unnamed-1-864x1536.png 864w, https:\/\/dev.antudigital.cl\/sites\/vc\/wp-content\/uploads\/2024\/03\/unnamed-1-980x1742.png 980w, https:\/\/dev.antudigital.cl\/sites\/vc\/wp-content\/uploads\/2024\/03\/unnamed-1-480x853.png 480w, https:\/\/dev.antudigital.cl\/sites\/vc\/wp-content\/uploads\/2024\/03\/unnamed-1-14x24.png 14w, https:\/\/dev.antudigital.cl\/sites\/vc\/wp-content\/uploads\/2024\/03\/unnamed-1-20x36.png 20w, https:\/\/dev.antudigital.cl\/sites\/vc\/wp-content\/uploads\/2024\/03\/unnamed-1-27x48.png 27w, https:\/\/dev.antudigital.cl\/sites\/vc\/wp-content\/uploads\/2024\/03\/unnamed-1.png 1080w\" sizes=\"(max-width: 576px) 100vw, 576px\" \/><\/figure>\n","protected":false},"excerpt":{"rendered":"<p>Te invitamos a participar en el&nbsp;Taller de la Imagen \u00abRostros relatados: \u00bfQui\u00e9n captura nuestra historia?\u00bb, una experiencia bajo el alero de Imagen Salvaje, programa de formaci\u00f3n y mediaci\u00f3n de Casa Espacio. La cuarta versi\u00f3n de este proceso colectivo de creaci\u00f3n propone un&nbsp;cruce de saberes entre la fotograf\u00eda con c\u00e1mara estenopeica y el dise\u00f1o editorial en [&hellip;]<\/p>\n","protected":false},"author":1,"featured_media":18592,"comment_status":"closed","ping_status":"closed","sticky":false,"template":"","format":"standard","meta":{"_acf_changed":false,"footnotes":""},"categories":[1],"tags":[],"class_list":["post-18590","post","type-post","status-publish","format-standard","has-post-thumbnail","hentry","category-uncategorized"],"acf":[],"yoast_head":"<!-- This site is optimized with the Yoast SEO plugin v27.1.1 - https:\/\/yoast.com\/product\/yoast-seo-wordpress\/ -->\n<title>Participa en la cuarta versi\u00f3n Taller de la Imagen - Valpara\u00ed\u00adso Creativo<\/title>\n<meta name=\"robots\" content=\"index, follow, max-snippet:-1, max-image-preview:large, max-video-preview:-1\" \/>\n<link rel=\"canonical\" href=\"https:\/\/dev.antudigital.cl\/sites\/vc\/participa-en-la-cuarta-version-taller-de-la-imagen\/\" \/>\n<meta property=\"og:locale\" content=\"es_ES\" \/>\n<meta property=\"og:type\" content=\"article\" \/>\n<meta property=\"og:title\" content=\"Participa en la cuarta versi\u00f3n Taller de la Imagen - Valpara\u00ed\u00adso Creativo\" \/>\n<meta property=\"og:description\" content=\"Te invitamos a participar en el&nbsp;Taller de la Imagen \u00abRostros relatados: \u00bfQui\u00e9n captura nuestra historia?\u00bb, una experiencia bajo el alero de Imagen Salvaje, programa de formaci\u00f3n y mediaci\u00f3n de Casa Espacio. La cuarta versi\u00f3n de este proceso colectivo de creaci\u00f3n propone un&nbsp;cruce de saberes entre la fotograf\u00eda con c\u00e1mara estenopeica y el dise\u00f1o editorial en [&hellip;]\" \/>\n<meta property=\"og:url\" content=\"https:\/\/dev.antudigital.cl\/sites\/vc\/participa-en-la-cuarta-version-taller-de-la-imagen\/\" \/>\n<meta property=\"og:site_name\" content=\"Valpara\u00ed\u00adso Creativo\" \/>\n<meta property=\"article:published_time\" content=\"2024-03-11T16:26:13+00:00\" \/>\n<meta property=\"article:modified_time\" content=\"2024-03-11T16:26:19+00:00\" \/>\n<meta property=\"og:image\" content=\"https:\/\/dev.antudigital.cl\/sites\/vc\/wp-content\/uploads\/2024\/03\/Captura-de-Pantalla-2024-03-11-a-las-13.25.38.png\" \/>\n\t<meta property=\"og:image:width\" content=\"1082\" \/>\n\t<meta property=\"og:image:height\" content=\"434\" \/>\n\t<meta property=\"og:image:type\" content=\"image\/png\" \/>\n<meta name=\"author\" content=\"Valpara\u00edso Creativo\" \/>\n<meta name=\"twitter:card\" content=\"summary_large_image\" \/>\n<meta name=\"twitter:label1\" content=\"Escrito por\" \/>\n\t<meta name=\"twitter:data1\" content=\"Valpara\u00edso Creativo\" \/>\n\t<meta name=\"twitter:label2\" content=\"Tiempo de lectura\" \/>\n\t<meta name=\"twitter:data2\" content=\"2 minutos\" \/>\n<script type=\"application\/ld+json\" class=\"yoast-schema-graph\">{\"@context\":\"https:\/\/schema.org\",\"@graph\":[{\"@type\":\"Article\",\"@id\":\"https:\/\/dev.antudigital.cl\/sites\/vc\/participa-en-la-cuarta-version-taller-de-la-imagen\/#article\",\"isPartOf\":{\"@id\":\"https:\/\/dev.antudigital.cl\/sites\/vc\/participa-en-la-cuarta-version-taller-de-la-imagen\/\"},\"author\":{\"name\":\"Valpara\u00edso Creativo\",\"@id\":\"https:\/\/dev.antudigital.cl\/sites\/vc\/#\/schema\/person\/c2b9da8dd545e27166fc5ab232837318\"},\"headline\":\"Participa en la cuarta versi\u00f3n Taller de la Imagen\",\"datePublished\":\"2024-03-11T16:26:13+00:00\",\"dateModified\":\"2024-03-11T16:26:19+00:00\",\"mainEntityOfPage\":{\"@id\":\"https:\/\/dev.antudigital.cl\/sites\/vc\/participa-en-la-cuarta-version-taller-de-la-imagen\/\"},\"wordCount\":192,\"image\":{\"@id\":\"https:\/\/dev.antudigital.cl\/sites\/vc\/participa-en-la-cuarta-version-taller-de-la-imagen\/#primaryimage\"},\"thumbnailUrl\":\"https:\/\/dev.antudigital.cl\/sites\/vc\/wp-content\/uploads\/2024\/03\/Captura-de-Pantalla-2024-03-11-a-las-13.25.38.png\",\"articleSection\":[\"Uncategorized\"],\"inLanguage\":\"es\"},{\"@type\":\"WebPage\",\"@id\":\"https:\/\/dev.antudigital.cl\/sites\/vc\/participa-en-la-cuarta-version-taller-de-la-imagen\/\",\"url\":\"https:\/\/dev.antudigital.cl\/sites\/vc\/participa-en-la-cuarta-version-taller-de-la-imagen\/\",\"name\":\"Participa en la cuarta versi\u00f3n Taller de la Imagen - Valpara\u00ed\u00adso Creativo\",\"isPartOf\":{\"@id\":\"https:\/\/dev.antudigital.cl\/sites\/vc\/#website\"},\"primaryImageOfPage\":{\"@id\":\"https:\/\/dev.antudigital.cl\/sites\/vc\/participa-en-la-cuarta-version-taller-de-la-imagen\/#primaryimage\"},\"image\":{\"@id\":\"https:\/\/dev.antudigital.cl\/sites\/vc\/participa-en-la-cuarta-version-taller-de-la-imagen\/#primaryimage\"},\"thumbnailUrl\":\"https:\/\/dev.antudigital.cl\/sites\/vc\/wp-content\/uploads\/2024\/03\/Captura-de-Pantalla-2024-03-11-a-las-13.25.38.png\",\"datePublished\":\"2024-03-11T16:26:13+00:00\",\"dateModified\":\"2024-03-11T16:26:19+00:00\",\"author\":{\"@id\":\"https:\/\/dev.antudigital.cl\/sites\/vc\/#\/schema\/person\/c2b9da8dd545e27166fc5ab232837318\"},\"breadcrumb\":{\"@id\":\"https:\/\/dev.antudigital.cl\/sites\/vc\/participa-en-la-cuarta-version-taller-de-la-imagen\/#breadcrumb\"},\"inLanguage\":\"es\",\"potentialAction\":[{\"@type\":\"ReadAction\",\"target\":[\"https:\/\/dev.antudigital.cl\/sites\/vc\/participa-en-la-cuarta-version-taller-de-la-imagen\/\"]}]},{\"@type\":\"ImageObject\",\"inLanguage\":\"es\",\"@id\":\"https:\/\/dev.antudigital.cl\/sites\/vc\/participa-en-la-cuarta-version-taller-de-la-imagen\/#primaryimage\",\"url\":\"https:\/\/dev.antudigital.cl\/sites\/vc\/wp-content\/uploads\/2024\/03\/Captura-de-Pantalla-2024-03-11-a-las-13.25.38.png\",\"contentUrl\":\"https:\/\/dev.antudigital.cl\/sites\/vc\/wp-content\/uploads\/2024\/03\/Captura-de-Pantalla-2024-03-11-a-las-13.25.38.png\",\"width\":1082,\"height\":434},{\"@type\":\"BreadcrumbList\",\"@id\":\"https:\/\/dev.antudigital.cl\/sites\/vc\/participa-en-la-cuarta-version-taller-de-la-imagen\/#breadcrumb\",\"itemListElement\":[{\"@type\":\"ListItem\",\"position\":1,\"name\":\"Home\",\"item\":\"https:\/\/dev.antudigital.cl\/sites\/vc\/\"},{\"@type\":\"ListItem\",\"position\":2,\"name\":\"Participa en la cuarta versi\u00f3n Taller de la Imagen\"}]},{\"@type\":\"WebSite\",\"@id\":\"https:\/\/dev.antudigital.cl\/sites\/vc\/#website\",\"url\":\"https:\/\/dev.antudigital.cl\/sites\/vc\/\",\"name\":\"Valpara\u00ed\u00adso Creativo\",\"description\":\"\",\"potentialAction\":[{\"@type\":\"SearchAction\",\"target\":{\"@type\":\"EntryPoint\",\"urlTemplate\":\"https:\/\/dev.antudigital.cl\/sites\/vc\/?s={search_term_string}\"},\"query-input\":{\"@type\":\"PropertyValueSpecification\",\"valueRequired\":true,\"valueName\":\"search_term_string\"}}],\"inLanguage\":\"es\"},{\"@type\":\"Person\",\"@id\":\"https:\/\/dev.antudigital.cl\/sites\/vc\/#\/schema\/person\/c2b9da8dd545e27166fc5ab232837318\",\"name\":\"Valpara\u00edso Creativo\",\"description\":\"Periodista de cultura en la Regi\u00f3n de Valpara\u00edso.\",\"url\":\"https:\/\/dev.antudigital.cl\/sites\/vc\/author\/valpoadmin\/\"}]}<\/script>\n<!-- \/ Yoast SEO plugin. -->","yoast_head_json":{"title":"Participa en la cuarta versi\u00f3n Taller de la Imagen - Valpara\u00ed\u00adso Creativo","robots":{"index":"index","follow":"follow","max-snippet":"max-snippet:-1","max-image-preview":"max-image-preview:large","max-video-preview":"max-video-preview:-1"},"canonical":"https:\/\/dev.antudigital.cl\/sites\/vc\/participa-en-la-cuarta-version-taller-de-la-imagen\/","og_locale":"es_ES","og_type":"article","og_title":"Participa en la cuarta versi\u00f3n Taller de la Imagen - Valpara\u00ed\u00adso Creativo","og_description":"Te invitamos a participar en el&nbsp;Taller de la Imagen \u00abRostros relatados: \u00bfQui\u00e9n captura nuestra historia?\u00bb, una experiencia bajo el alero de Imagen Salvaje, programa de formaci\u00f3n y mediaci\u00f3n de Casa Espacio. La cuarta versi\u00f3n de este proceso colectivo de creaci\u00f3n propone un&nbsp;cruce de saberes entre la fotograf\u00eda con c\u00e1mara estenopeica y el dise\u00f1o editorial en [&hellip;]","og_url":"https:\/\/dev.antudigital.cl\/sites\/vc\/participa-en-la-cuarta-version-taller-de-la-imagen\/","og_site_name":"Valpara\u00ed\u00adso Creativo","article_published_time":"2024-03-11T16:26:13+00:00","article_modified_time":"2024-03-11T16:26:19+00:00","og_image":[{"width":1082,"height":434,"url":"https:\/\/dev.antudigital.cl\/sites\/vc\/wp-content\/uploads\/2024\/03\/Captura-de-Pantalla-2024-03-11-a-las-13.25.38.png","type":"image\/png"}],"author":"Valpara\u00edso Creativo","twitter_card":"summary_large_image","twitter_misc":{"Escrito por":"Valpara\u00edso Creativo","Tiempo de lectura":"2 minutos"},"schema":{"@context":"https:\/\/schema.org","@graph":[{"@type":"Article","@id":"https:\/\/dev.antudigital.cl\/sites\/vc\/participa-en-la-cuarta-version-taller-de-la-imagen\/#article","isPartOf":{"@id":"https:\/\/dev.antudigital.cl\/sites\/vc\/participa-en-la-cuarta-version-taller-de-la-imagen\/"},"author":{"name":"Valpara\u00edso Creativo","@id":"https:\/\/dev.antudigital.cl\/sites\/vc\/#\/schema\/person\/c2b9da8dd545e27166fc5ab232837318"},"headline":"Participa en la cuarta versi\u00f3n Taller de la Imagen","datePublished":"2024-03-11T16:26:13+00:00","dateModified":"2024-03-11T16:26:19+00:00","mainEntityOfPage":{"@id":"https:\/\/dev.antudigital.cl\/sites\/vc\/participa-en-la-cuarta-version-taller-de-la-imagen\/"},"wordCount":192,"image":{"@id":"https:\/\/dev.antudigital.cl\/sites\/vc\/participa-en-la-cuarta-version-taller-de-la-imagen\/#primaryimage"},"thumbnailUrl":"https:\/\/dev.antudigital.cl\/sites\/vc\/wp-content\/uploads\/2024\/03\/Captura-de-Pantalla-2024-03-11-a-las-13.25.38.png","articleSection":["Uncategorized"],"inLanguage":"es"},{"@type":"WebPage","@id":"https:\/\/dev.antudigital.cl\/sites\/vc\/participa-en-la-cuarta-version-taller-de-la-imagen\/","url":"https:\/\/dev.antudigital.cl\/sites\/vc\/participa-en-la-cuarta-version-taller-de-la-imagen\/","name":"Participa en la cuarta versi\u00f3n Taller de la Imagen - Valpara\u00ed\u00adso Creativo","isPartOf":{"@id":"https:\/\/dev.antudigital.cl\/sites\/vc\/#website"},"primaryImageOfPage":{"@id":"https:\/\/dev.antudigital.cl\/sites\/vc\/participa-en-la-cuarta-version-taller-de-la-imagen\/#primaryimage"},"image":{"@id":"https:\/\/dev.antudigital.cl\/sites\/vc\/participa-en-la-cuarta-version-taller-de-la-imagen\/#primaryimage"},"thumbnailUrl":"https:\/\/dev.antudigital.cl\/sites\/vc\/wp-content\/uploads\/2024\/03\/Captura-de-Pantalla-2024-03-11-a-las-13.25.38.png","datePublished":"2024-03-11T16:26:13+00:00","dateModified":"2024-03-11T16:26:19+00:00","author":{"@id":"https:\/\/dev.antudigital.cl\/sites\/vc\/#\/schema\/person\/c2b9da8dd545e27166fc5ab232837318"},"breadcrumb":{"@id":"https:\/\/dev.antudigital.cl\/sites\/vc\/participa-en-la-cuarta-version-taller-de-la-imagen\/#breadcrumb"},"inLanguage":"es","potentialAction":[{"@type":"ReadAction","target":["https:\/\/dev.antudigital.cl\/sites\/vc\/participa-en-la-cuarta-version-taller-de-la-imagen\/"]}]},{"@type":"ImageObject","inLanguage":"es","@id":"https:\/\/dev.antudigital.cl\/sites\/vc\/participa-en-la-cuarta-version-taller-de-la-imagen\/#primaryimage","url":"https:\/\/dev.antudigital.cl\/sites\/vc\/wp-content\/uploads\/2024\/03\/Captura-de-Pantalla-2024-03-11-a-las-13.25.38.png","contentUrl":"https:\/\/dev.antudigital.cl\/sites\/vc\/wp-content\/uploads\/2024\/03\/Captura-de-Pantalla-2024-03-11-a-las-13.25.38.png","width":1082,"height":434},{"@type":"BreadcrumbList","@id":"https:\/\/dev.antudigital.cl\/sites\/vc\/participa-en-la-cuarta-version-taller-de-la-imagen\/#breadcrumb","itemListElement":[{"@type":"ListItem","position":1,"name":"Home","item":"https:\/\/dev.antudigital.cl\/sites\/vc\/"},{"@type":"ListItem","position":2,"name":"Participa en la cuarta versi\u00f3n Taller de la Imagen"}]},{"@type":"WebSite","@id":"https:\/\/dev.antudigital.cl\/sites\/vc\/#website","url":"https:\/\/dev.antudigital.cl\/sites\/vc\/","name":"Valpara\u00ed\u00adso Creativo","description":"","potentialAction":[{"@type":"SearchAction","target":{"@type":"EntryPoint","urlTemplate":"https:\/\/dev.antudigital.cl\/sites\/vc\/?s={search_term_string}"},"query-input":{"@type":"PropertyValueSpecification","valueRequired":true,"valueName":"search_term_string"}}],"inLanguage":"es"},{"@type":"Person","@id":"https:\/\/dev.antudigital.cl\/sites\/vc\/#\/schema\/person\/c2b9da8dd545e27166fc5ab232837318","name":"Valpara\u00edso Creativo","description":"Periodista de cultura en la Regi\u00f3n de Valpara\u00edso.","url":"https:\/\/dev.antudigital.cl\/sites\/vc\/author\/valpoadmin\/"}]}},"_links":{"self":[{"href":"https:\/\/dev.antudigital.cl\/sites\/vc\/wp-json\/wp\/v2\/posts\/18590","targetHints":{"allow":["GET"]}}],"collection":[{"href":"https:\/\/dev.antudigital.cl\/sites\/vc\/wp-json\/wp\/v2\/posts"}],"about":[{"href":"https:\/\/dev.antudigital.cl\/sites\/vc\/wp-json\/wp\/v2\/types\/post"}],"author":[{"embeddable":true,"href":"https:\/\/dev.antudigital.cl\/sites\/vc\/wp-json\/wp\/v2\/users\/1"}],"replies":[{"embeddable":true,"href":"https:\/\/dev.antudigital.cl\/sites\/vc\/wp-json\/wp\/v2\/comments?post=18590"}],"version-history":[{"count":1,"href":"https:\/\/dev.antudigital.cl\/sites\/vc\/wp-json\/wp\/v2\/posts\/18590\/revisions"}],"predecessor-version":[{"id":18593,"href":"https:\/\/dev.antudigital.cl\/sites\/vc\/wp-json\/wp\/v2\/posts\/18590\/revisions\/18593"}],"wp:featuredmedia":[{"embeddable":true,"href":"https:\/\/dev.antudigital.cl\/sites\/vc\/wp-json\/wp\/v2\/media\/18592"}],"wp:attachment":[{"href":"https:\/\/dev.antudigital.cl\/sites\/vc\/wp-json\/wp\/v2\/media?parent=18590"}],"wp:term":[{"taxonomy":"category","embeddable":true,"href":"https:\/\/dev.antudigital.cl\/sites\/vc\/wp-json\/wp\/v2\/categories?post=18590"},{"taxonomy":"post_tag","embeddable":true,"href":"https:\/\/dev.antudigital.cl\/sites\/vc\/wp-json\/wp\/v2\/tags?post=18590"}],"curies":[{"name":"wp","href":"https:\/\/api.w.org\/{rel}","templated":true}]}}