{"id":18601,"date":"2024-03-11T20:31:32","date_gmt":"2024-03-11T20:31:32","guid":{"rendered":"https:\/\/www.valparaisocreativo.cl\/?p=18601"},"modified":"2024-03-11T20:31:39","modified_gmt":"2024-03-11T20:31:39","slug":"la-cultura-hip-hop-regresa-segunda-edicion-de-hip-hop-a-mar-abierto-en-valparaiso","status":"publish","type":"post","link":"https:\/\/dev.antudigital.cl\/sites\/vc\/la-cultura-hip-hop-regresa-segunda-edicion-de-hip-hop-a-mar-abierto-en-valparaiso\/","title":{"rendered":"\u00a1La Cultura Hip Hop Regresa! Segunda Edici\u00f3n de Hip Hop a Mar Abierto en Valpara\u00edso"},"content":{"rendered":"\n<p>El evento cultural Hip Hop a Mar Abierto se complace en anunciar su segunda edici\u00f3n, que se llevar\u00e1 a cabo en la ciudad de Valpara\u00edso, Chile. Este evento, que ha ganado reconocimiento por su compromiso con la promoci\u00f3n y celebraci\u00f3n de la cultura del Hip Hop, reunir\u00e1 a una amplia gama de artistas, aficionados y expertos en un espacio de encuentro, reflexi\u00f3n y celebraci\u00f3n.<\/p>\n\n\n\n<p>Con el objetivo de promover la diversidad y creatividad inherentes al Hip Hop, el evento ofrecer\u00e1 una serie de actividades que incluir\u00e1n talleres formativos, conversatorios, presentaciones en vivo y m\u00e1s. Estas actividades estar\u00e1n dise\u00f1adas para proporcionar oportunidades de aprendizaje, intercambio y colaboraci\u00f3n entre los participantes, as\u00ed como para fomentar un di\u00e1logo abierto sobre los temas y desaf\u00edos que enfrenta la comunidad del Hip Hop.<\/p>\n\n\n\n<p>La segunda edici\u00f3n de Hip Hop a Mar Abierto tambi\u00e9n marcar\u00e1 el lanzamiento del primer compilado de rap de Valpara\u00edso, una colecci\u00f3n de canciones que capturan la esencia \u00fanica de la ciudad y la vibrante escena del Hip Hop local. Este lanzamiento ser\u00e1 acompa\u00f1ado por un emocionante registro audiovisual del proceso creativo, as\u00ed como por presentaciones en vivo de los artistas que contribuyeron al \u00e1lbum.<\/p>\n\n\n\n<p>El evento contar\u00e1 con la participaci\u00f3n de destacados artistas locales e invitados especiales. Adem\u00e1s, se llevar\u00e1n a cabo talleres de diversas disciplinas del Hip Hop, tales como escritura de rap y poes\u00eda, beatmaking, baile hip hop, dirigidos tanto a la comunidad en general como a j\u00f3venes interesados en esta cultura. Tambi\u00e9n se realizar\u00e1n conversatorios sobre temas relevantes para la escena del Hip Hop, como la m\u00fasica urbana, la historia del movimiento en Valpara\u00edso y la industria musical en el g\u00e9nero urbano.<\/p>\n\n\n\n<p>La entrada ser\u00e1 gratuita y abierta a todo el p\u00fablico. Inscripciones en: https:\/\/linktr.ee\/hiphopamarabierto<\/p>\n\n\n\n<p>Fecha: <strong>s\u00e1bado 23 y domingo 24 de Marzo, en Centex;&nbsp; Sotomayor 233. Valpara\u00edso.<\/strong><\/p>\n\n\n\n<p>Para obtener m\u00e1s informaci\u00f3n sobre el evento y para coordinar entrevistas con los organizadores y participantes, comun\u00edquese a&nbsp; <a href=\"mailto:hiphopamarabierto@gmail.com\">hiphopamarabierto@gmail.com<\/a> o n\u00famero de tel\u00e9fono: + 569 57551049.<\/p>\n\n\n\n<p>\u00danase a nosotros para celebrar la diversidad, la creatividad y la comunidad del Hip Hop en Valpara\u00edso.<\/p>\n\n\n\n<figure class=\"wp-block-image size-large\"><img fetchpriority=\"high\" decoding=\"async\" width=\"1024\" height=\"1024\" src=\"https:\/\/www.valparaisocreativo.cl\/wp-content\/uploads\/2024\/03\/1.23-TALLERES-1024x1024.jpg\" alt=\"\" class=\"wp-image-18603\" srcset=\"https:\/\/dev.antudigital.cl\/sites\/vc\/wp-content\/uploads\/2024\/03\/1.23-TALLERES-1024x1024.jpg 1024w, https:\/\/dev.antudigital.cl\/sites\/vc\/wp-content\/uploads\/2024\/03\/1.23-TALLERES-300x300.jpg 300w, https:\/\/dev.antudigital.cl\/sites\/vc\/wp-content\/uploads\/2024\/03\/1.23-TALLERES-150x150.jpg 150w, https:\/\/dev.antudigital.cl\/sites\/vc\/wp-content\/uploads\/2024\/03\/1.23-TALLERES-768x768.jpg 768w, https:\/\/dev.antudigital.cl\/sites\/vc\/wp-content\/uploads\/2024\/03\/1.23-TALLERES-980x980.jpg 980w, https:\/\/dev.antudigital.cl\/sites\/vc\/wp-content\/uploads\/2024\/03\/1.23-TALLERES-480x480.jpg 480w, https:\/\/dev.antudigital.cl\/sites\/vc\/wp-content\/uploads\/2024\/03\/1.23-TALLERES-24x24.jpg 24w, https:\/\/dev.antudigital.cl\/sites\/vc\/wp-content\/uploads\/2024\/03\/1.23-TALLERES-36x36.jpg 36w, https:\/\/dev.antudigital.cl\/sites\/vc\/wp-content\/uploads\/2024\/03\/1.23-TALLERES-48x48.jpg 48w, https:\/\/dev.antudigital.cl\/sites\/vc\/wp-content\/uploads\/2024\/03\/1.23-TALLERES.jpg 1080w\" sizes=\"(max-width: 1024px) 100vw, 1024px\" \/><\/figure>\n\n\n\n<p><strong>Descripci\u00f3n de actividades:<\/strong><\/p>\n\n\n\n<p><strong>S\u00e1bado 23 de marzo:<\/strong><\/p>\n\n\n\n<ol class=\"wp-block-list\">\n<li><strong>Taller de Beatmaking con ProdMarvin:<\/strong> ProdMarvin presentar\u00e1 su m\u00e9todo creativo, detallando paso a paso cada aspecto esencial para la creaci\u00f3n de sus instrumentales. Dividido en cuatro secciones principales, los participantes tendr\u00e1n la oportunidad de sumergirse en la filosof\u00eda de creaci\u00f3n de Marvin. Aprender\u00e1n c\u00f3mo trabaja con las armon\u00edas de los samples, el ritmo de sus drums choppeados y su proceso para encontrar las melod\u00edas perfectas que complementan sus composiciones.\n<ul class=\"wp-block-list\">\n<li><strong>Expositor:<\/strong> Marvin, beatmaker y compositor musical, Marvin ha estado dejando su huella en la escena musical desde el a\u00f1o 2020. Su estilo \u00fanico fusiona suaves armon\u00edas de Soul y R&amp;B con estridentes ritmos Hip Hop cargados de samples y graves pesados, evocando emociones profundas en sus oyentes. Las influencias de Marvin abarcan una amplia gama, desde productores como J Dilla, Madlib, Tyler, The Creator y Metro Boomin, hasta bandas cl\u00e1sicas del Soul y Jazz como Earth Wind &amp; Fire, Roy Ayers, The Isley Brothers y los contempor\u00e1neos Thee Sacred Soul. Con estas influencias en mente, Marvin crea un sonido aut\u00e9ntico y personal, buscando con cada canci\u00f3n que compone, influir positivamente en el mundo y conectar con todos los amantes del Hip Hop Soul y el R&amp;B contempor\u00e1neo.<\/li>\n\n\n\n<li><strong>Horario:<\/strong> 10:00 a 13:00 hrs.<\/li>\n<\/ul>\n<\/li>\n<\/ol>\n\n\n\n<ol class=\"wp-block-list\" start=\"2\">\n<li><strong>Graffiti conversado con FISEK:<\/strong> Mientras Fisek se sumerge en la creaci\u00f3n de una pieza de graffiti a tiempo real, el p\u00fablico tiene la oportunidad de presenciar no solo el proceso f\u00edsico de la elaboraci\u00f3n, sino tambi\u00e9n de adentrarse en su mundo creativo y conocer de primera mano los detalles de su t\u00e9cnica distintiva. Entre las vibrantes explosiones de color y la precisi\u00f3n de sus trazos, Fisek comparte sus experiencias, inspiraciones y los desaf\u00edos que enfrenta como artista callejero. Adem\u00e1s de observar su destreza en acci\u00f3n, el p\u00fablico puede plantear preguntas directamente a Fisek, aprovechando esta instancia \u00fanica de interacci\u00f3n para profundizar en su arte, entender su enfoque creativo y descubrir las historias detr\u00e1s de sus obras. Es un encuentro \u00edntimo y enriquecedor, donde el di\u00e1logo fluye entre el artista y su audiencia, tejiendo conexiones y ampliando horizontes en el vibrante universo del arte callejero.\n<ul class=\"wp-block-list\">\n<li><strong>Presentaci\u00f3n de artista:<\/strong> Escritor y dise\u00f1ador gr\u00e1fico, miembro de Stgounder Crew. Pinta desde el a\u00f1o 1995. Adoptando como influencia el WILD STYLE y los estilos fundamentalistas del graffiti, siendo la mezcla de ambos su principal b\u00fasqueda como dise\u00f1ador y artista.<\/li>\n\n\n\n<li><strong>Horario:<\/strong> De 10:00 a 13:00 hrs.<\/li>\n<\/ul>\n<\/li>\n<\/ol>\n\n\n\n<ol class=\"wp-block-list\" start=\"3\">\n<li><strong>Taller de Hip Hop Freestyle con Vale Kuruf (Doyoh Escuela) \/ Parte 1:<\/strong> Taller enfocado a la introducci\u00f3n del estilo, pasos sociales, grooves y herramientas. Dirigido a la improvisaci\u00f3n y peque\u00f1os fraseos, abierto para todos los niveles.\n<ul class=\"wp-block-list\">\n<li><strong>Facilitadora:<\/strong> Vale Kuruf: Bailarina con 9 a\u00f1os de experiencia en danzas urbanas especializada en Hip Hop Freestyle , con formaci\u00f3n en Doyoh Escuela y Escuelas en la ciudad de S\u00e3o Paulo. Trabajando como core\u00f3grafa e int\u00e9rprete con artistas como Catana , Ana Tijoux , Masquemusica, Cidtronyck, Gabo Paillao, Dania Neko , entre otros. Actualmente trabajando como profesora, jueza en batallas, administrando Workshops y tambi\u00e9n compitiendo. Participante RedBull Dance, Your Style 2021, ganadora circuito battle 2022 , FDS 2022 , BeStrong 2021 , entre otros.<\/li>\n\n\n\n<li><strong>Horario:<\/strong> 11:00 a 13:00 hrs.<\/li>\n<\/ul>\n<\/li>\n<\/ol>\n\n\n\n<ol class=\"wp-block-list\" start=\"4\">\n<li><strong>Presentaci\u00f3n en vivo de Cosmorama con C\u00e1psula del tiempo, La Taucan y Redmist:<\/strong> Cosmorama Sample son una serie de Talleres y Workshops que se realizar\u00e1n junto a Centex en Abril del 2024, que aborda el sample en diferentes disciplinas como el Tornamesimo, Vjing, Collages , Beatmaking. En esta oportunidad 3 de los talleristas, C\u00e1psula del Tiempo , La Taucan y Redmist nos presentar\u00e1n una improvisaci\u00f3n Audiovisual con tornamesas , samplers y visuales en vivo.\n<ul class=\"wp-block-list\">\n<li><strong>Horario:<\/strong> 16:00 a 17:00<\/li>\n<\/ul>\n<\/li>\n<\/ol>\n\n\n\n<ol class=\"wp-block-list\" start=\"5\">\n<li><strong>Conversatorios:<\/strong>\n<ul class=\"wp-block-list\">\n<li><em>\u00bfA qu\u00e9 se le dice \u201cm\u00fasica urbana\u201d en Chile? Con T.Rap y Tecnolog\u00edas:<\/em> En Chile, la \u00abm\u00fasica urbana\u00bb es un t\u00e9rmino que mucha gente usa: desde los artistas hasta los periodistas, los managers, hasta los p\u00fablicos. Pero, \u00bfqu\u00e9 significa realmente? Este presentaci\u00f3n se sumerge en c\u00f3mo se empez\u00f3 a usar este t\u00e9rmino y c\u00f3mo se ha ido afianzando, todo mientras se navega por un mar de controversias donde muchas veces no hay acuerdos \u00bfEl rap es m\u00fasica urbana? \u00bfEl trap est\u00e1 separado del rap? \u00bfQu\u00e9 tiene que ver el reggaet\u00f3n y el mambo chileno en todo eso?. Vamos a hablar sobre c\u00f3mo las nuevas fuentes de ingreso gracias al streaming, el estilo musical, la tecnolog\u00eda y lo social juegan un papel en todo esto. Luego, vamos a echar un vistazo a c\u00f3mo estas discusiones sobre que valor se le da a este tipo de m\u00fasica, un debate en torno a su autenticidad. Expone Sebastian Mu\u00f1oz (Dj baladi) de Rap y Tecnolog\u00edas.<\/li>\n\n\n\n<li><em>Explorando la esencia de CasaParlante:<\/em> Un conversatorio con unos de sus creadores: Descubre Casaparlante, un proyecto que celebra la m\u00fasica urbana en el coraz\u00f3n de Santiago de Chile. Este canal de YouTube ofrece sesiones \u00edntimas y vibrantes con los mejores artistas del rap, trap y hip hop. Con m\u00e1s de 900 mil suscriptores en Youtube, Casa Parlante es conocido por sus producciones \u00fanicas que fusionan m\u00fasica y arte visual. El equipo crea experiencias memorables en un departamento lleno de graffitis y con vistas panor\u00e1micas de la ciudad.<\/li>\n\n\n\n<li><strong>Horario:<\/strong> 17:00 a 18:30<\/li>\n<\/ul>\n<\/li>\n<\/ol>\n\n\n\n<ol class=\"wp-block-list\" start=\"6\">\n<li><strong>Reconocimiento y lanzamiento del compilado \u201cHip Hop a Mar Abierto. Vol 1\u201d<\/strong>\n<ul class=\"wp-block-list\">\n<li><strong>Entrevista a Foka:<\/strong> Reconocido en la escena como uno de los pioneros del hip hop en Valpara\u00edso.<\/li>\n\n\n\n<li><strong>Lanzamiento del disco compilatorio \u201cHip Hop a Mar Abierto\u201d:<\/strong> Tras casi 3 meses de intenso trabajo, el primer compilado de rap de Valpara\u00edso est\u00e1 listo para brillar! 13 artistas locales unieron sus talentos para crear 10 canciones que capturan la esencia \u00fanica de la ciudad. Este d\u00eda, te invitamos a celebrar con nosotros el lanzamiento en formato f\u00edsico. Adem\u00e1s, podr\u00e1s disfrutar de un emocionante registro audiovisual del proceso creativo y compartir un peque\u00f1o c\u00f3ctel con los creadores.<\/li>\n\n\n\n<li><strong>Horario:<\/strong> 19:00 a 21:00 hrs.<\/li>\n<\/ul>\n<\/li>\n<\/ol>\n\n\n\n<p><strong>Domingo 24 de Marzo:<\/strong><\/p>\n\n\n\n<ol class=\"wp-block-list\">\n<li><strong>Taller; El Arte de Desaparecer con Nosecuenta (Mantoi):<\/strong> Este taller ser\u00e1 una oportunidad para adentrarse en el mundo del rap y la poes\u00eda, guiados por la sabidur\u00eda y habilidades art\u00edsticas de Trist\u00e1n, quien ha dejado una huella significativa en la escena del Hip Hop. En esta ocasi\u00f3n, Tristan tiene la intenci\u00f3n de profundizar en t\u00e9cnicas de escritura de rap, si el p\u00fablico lo desea.\n<ul class=\"wp-block-list\">\n<li><strong>Expositor:<\/strong> El rapero chileno Germ\u00e1n del Sol, quien se ha dado a conocer como Nosecuenta y Mantoi, tiene una respetada trayectoria en el hiphop local. Pocos saben, sin embargo, que estudi\u00f3 Literatura y que no s\u00f3lo es autor de discos, sino que tambi\u00e9n de libros de poes\u00eda. Este desconocimiento se debe, probablemente, a que Germ\u00e1n es amante de los heter\u00f3nimos, al igual que el portugu\u00e9s Fernando Pessoa, a quien admira, por lo que sus libros los ha firmado no con su nombre, ni tampoco con los que usa como rapero; sino que como Trist\u00e1n Vela. Bajo esta firma, Germ\u00e1n ya ha publicado cinco libros de poes\u00eda por la editorial Cuarto Propio. Para Ojo en Tinta, Germ\u00e1n, o m\u00e1s bien Trist\u00e1n Vela, lee 3 de sus poemas: \u00ab4\u00bb, de Lago (2014); \u00ab\u00bfCachant\u00fan?\u00bb, de Viento norte (2015); y \u00abRayos\u00bb, de El libro de Alguien (2022).<\/li>\n\n\n\n<li><strong>Horario:<\/strong> 11:00 a 13:00 hrs.<\/li>\n<\/ul>\n<\/li>\n<\/ol>\n\n\n\n<ol class=\"wp-block-list\" start=\"2\">\n<li><strong>Taller de baile Hip hop para ni\u00f1xs con Mona Casanueva (Doyoh Escuela):<\/strong> Clase de hip hop baile dirigida para ni\u00f1xs de 6 a 10 a\u00f1os. Enfocada en explorar herramientas y cualidades del estilo, mediante secuencias de movimientos y la improvisaci\u00f3n.\n<ul class=\"wp-block-list\">\n<li><strong>Facilitadora:<\/strong> M\u00f3nica Casanueva, bailarina profesional. Titulada de int\u00e9rprete e instructor en Danza, CFT Profesor Valero. En el a\u00f1o 2018 comienza su formaci\u00f3n en hip hop freestyle y desde entonces es estudiante en Doyoh Escuela e int\u00e9rprete de la Compa\u00f1\u00eda. Directora de \u201cDoyitos\u201d en Doyoh Escuela, proyecto que tiene como objetivo formar un grupo de ni\u00f1xs en hip hop freestyle y coreogr\u00e1fico. Desde el a\u00f1o 2021 forma parte del elenco en la obra \u201cOasis de la impunidad\u201d de Teatro La Re-sentida, donde se desarrolla un lenguaje corporal en base al Street Dance. Present\u00e1ndose en diferentes ciudades del mundo hasta la fecha.<\/li>\n\n\n\n<li><strong>Horario:<\/strong> 10:00 a 11:30<\/li>\n<\/ul>\n<\/li>\n<\/ol>\n\n\n\n<ol class=\"wp-block-list\" start=\"3\">\n<li><strong>Taller de Hip Hop Freestyle con Vale Kuruf (Doyoh Escuela) \/ Parte 2:<\/strong> Taller enfocado a la introducci\u00f3n del estilo, pasos sociales, grooves y herramientas. Dirigido a la improvisaci\u00f3n y peque\u00f1os fraseos, abierto para todos los niveles.\n<ul class=\"wp-block-list\">\n<li><strong>Horario:<\/strong> 11:30 a 13:00 hrs.<\/li>\n<\/ul>\n<\/li>\n<\/ol>\n\n\n\n<ol class=\"wp-block-list\" start=\"4\">\n<li><strong>Presentaci\u00f3n en vivo de Danza Social:<\/strong>\n<ul class=\"wp-block-list\">\n<li><strong>Presentaci\u00f3n en vivo de Les danzativas:<\/strong> Grupo de bailarines de hip-hop de Valpara\u00edso se destaca por sus coreograf\u00edas din\u00e1micas y en\u00e9rgicas. Han participado en numerosas presentaciones en vivo junto a destacadas artistas de hip-hop de la 5ta regi\u00f3n, complementando sus actuaciones con movimientos sincronizados y llenos de estilo. Su presencia en el escenario agrega un componente visual vibrante que eleva a\u00fan m\u00e1s la experiencia de las canciones y cautiva al p\u00fablico con su talento y pasi\u00f3n por el baile.<\/li>\n\n\n\n<li><strong>Horario:<\/strong> De 16::00 a 17:00 hrs<\/li>\n<\/ul>\n<\/li>\n<\/ol>\n\n\n\n<ol class=\"wp-block-list\" start=\"5\">\n<li><strong>Conversatorio:<\/strong>\n<ul class=\"wp-block-list\">\n<li><em>Desmitificando la industria musical:<\/em> Expone Thomas Poulsen. Invitadxs: Douglass y Irina Doom. Thomas Poulsen, reconocido en la escena como Thomas con H, no solo es el actual manager de Pablo Chill-e, sino que tambi\u00e9n posee una amplia experiencia en la industria de la m\u00fasica urbana. En su conversatorio, abordar\u00e1 la evoluci\u00f3n constante de esta industria y c\u00f3mo los artistas del g\u00e9nero urbano se adaptan y participan en este proceso de cambio. Adem\u00e1s, contaremos con la participaci\u00f3n especial de Douglass, , y la talentosa rapera Irina Doom, quienes enriquecer\u00e1n la discusi\u00f3n con sus perspectivas y experiencias.<\/li>\n\n\n\n<li><strong>Horario:<\/strong> 17:00 a 18:30 hrs.<\/li>\n<\/ul>\n<\/li>\n<\/ol>\n\n\n\n<ol class=\"wp-block-list\" start=\"6\">\n<li><strong>Concierto final Hip Hop a Mar Abierto:<\/strong>\n<ul class=\"wp-block-list\">\n<li><strong>Presentaci\u00f3n en vivo de compilado de Hip Hop a Mar Abierto<\/strong>\n<ul class=\"wp-block-list\">\n<li>Rick Santino<\/li>\n\n\n\n<li>Irina Doom<\/li>\n\n\n\n<li>Douglass<\/li>\n<\/ul>\n<\/li>\n\n\n\n<li><strong>Horario:<\/strong> De 19:00 a 21:30 hrs.<\/li>\n<\/ul>\n<\/li>\n<\/ol>\n","protected":false},"excerpt":{"rendered":"<p>El evento cultural Hip Hop a Mar Abierto se complace en anunciar su segunda edici\u00f3n, que se llevar\u00e1 a cabo en la ciudad de Valpara\u00edso, Chile. Este evento, que ha ganado reconocimiento por su compromiso con la promoci\u00f3n y celebraci\u00f3n de la cultura del Hip Hop, reunir\u00e1 a una amplia gama de artistas, aficionados y [&hellip;]<\/p>\n","protected":false},"author":1,"featured_media":18602,"comment_status":"closed","ping_status":"closed","sticky":false,"template":"","format":"standard","meta":{"_acf_changed":false,"footnotes":""},"categories":[1],"tags":[],"class_list":["post-18601","post","type-post","status-publish","format-standard","has-post-thumbnail","hentry","category-uncategorized"],"acf":[],"yoast_head":"<!-- This site is optimized with the Yoast SEO plugin v27.1.1 - https:\/\/yoast.com\/product\/yoast-seo-wordpress\/ -->\n<title>\u00a1La Cultura Hip Hop Regresa! Segunda Edici\u00f3n de Hip Hop a Mar Abierto en Valpara\u00edso - Valpara\u00ed\u00adso Creativo<\/title>\n<meta name=\"robots\" content=\"index, follow, max-snippet:-1, max-image-preview:large, max-video-preview:-1\" \/>\n<link rel=\"canonical\" href=\"https:\/\/dev.antudigital.cl\/sites\/vc\/la-cultura-hip-hop-regresa-segunda-edicion-de-hip-hop-a-mar-abierto-en-valparaiso\/\" \/>\n<meta property=\"og:locale\" content=\"es_ES\" \/>\n<meta property=\"og:type\" content=\"article\" \/>\n<meta property=\"og:title\" content=\"\u00a1La Cultura Hip Hop Regresa! Segunda Edici\u00f3n de Hip Hop a Mar Abierto en Valpara\u00edso - Valpara\u00ed\u00adso Creativo\" \/>\n<meta property=\"og:description\" content=\"El evento cultural Hip Hop a Mar Abierto se complace en anunciar su segunda edici\u00f3n, que se llevar\u00e1 a cabo en la ciudad de Valpara\u00edso, Chile. Este evento, que ha ganado reconocimiento por su compromiso con la promoci\u00f3n y celebraci\u00f3n de la cultura del Hip Hop, reunir\u00e1 a una amplia gama de artistas, aficionados y [&hellip;]\" \/>\n<meta property=\"og:url\" content=\"https:\/\/dev.antudigital.cl\/sites\/vc\/la-cultura-hip-hop-regresa-segunda-edicion-de-hip-hop-a-mar-abierto-en-valparaiso\/\" \/>\n<meta property=\"og:site_name\" content=\"Valpara\u00ed\u00adso Creativo\" \/>\n<meta property=\"article:published_time\" content=\"2024-03-11T20:31:32+00:00\" \/>\n<meta property=\"article:modified_time\" content=\"2024-03-11T20:31:39+00:00\" \/>\n<meta property=\"og:image\" content=\"https:\/\/dev.antudigital.cl\/sites\/vc\/wp-content\/uploads\/2024\/03\/Foto-41-scaled.jpg\" \/>\n\t<meta property=\"og:image:width\" content=\"2560\" \/>\n\t<meta property=\"og:image:height\" content=\"1707\" \/>\n\t<meta property=\"og:image:type\" content=\"image\/jpeg\" \/>\n<meta name=\"author\" content=\"Valpara\u00edso Creativo\" \/>\n<meta name=\"twitter:card\" content=\"summary_large_image\" \/>\n<meta name=\"twitter:label1\" content=\"Escrito por\" \/>\n\t<meta name=\"twitter:data1\" content=\"Valpara\u00edso Creativo\" \/>\n\t<meta name=\"twitter:label2\" content=\"Tiempo de lectura\" \/>\n\t<meta name=\"twitter:data2\" content=\"10 minutos\" \/>\n<script type=\"application\/ld+json\" class=\"yoast-schema-graph\">{\"@context\":\"https:\/\/schema.org\",\"@graph\":[{\"@type\":\"Article\",\"@id\":\"https:\/\/dev.antudigital.cl\/sites\/vc\/la-cultura-hip-hop-regresa-segunda-edicion-de-hip-hop-a-mar-abierto-en-valparaiso\/#article\",\"isPartOf\":{\"@id\":\"https:\/\/dev.antudigital.cl\/sites\/vc\/la-cultura-hip-hop-regresa-segunda-edicion-de-hip-hop-a-mar-abierto-en-valparaiso\/\"},\"author\":{\"name\":\"Valpara\u00edso Creativo\",\"@id\":\"https:\/\/dev.antudigital.cl\/sites\/vc\/#\/schema\/person\/c2b9da8dd545e27166fc5ab232837318\"},\"headline\":\"\u00a1La Cultura Hip Hop Regresa! Segunda Edici\u00f3n de Hip Hop a Mar Abierto en Valpara\u00edso\",\"datePublished\":\"2024-03-11T20:31:32+00:00\",\"dateModified\":\"2024-03-11T20:31:39+00:00\",\"mainEntityOfPage\":{\"@id\":\"https:\/\/dev.antudigital.cl\/sites\/vc\/la-cultura-hip-hop-regresa-segunda-edicion-de-hip-hop-a-mar-abierto-en-valparaiso\/\"},\"wordCount\":2071,\"image\":{\"@id\":\"https:\/\/dev.antudigital.cl\/sites\/vc\/la-cultura-hip-hop-regresa-segunda-edicion-de-hip-hop-a-mar-abierto-en-valparaiso\/#primaryimage\"},\"thumbnailUrl\":\"https:\/\/dev.antudigital.cl\/sites\/vc\/wp-content\/uploads\/2024\/03\/Foto-41-scaled.jpg\",\"articleSection\":[\"Uncategorized\"],\"inLanguage\":\"es\"},{\"@type\":\"WebPage\",\"@id\":\"https:\/\/dev.antudigital.cl\/sites\/vc\/la-cultura-hip-hop-regresa-segunda-edicion-de-hip-hop-a-mar-abierto-en-valparaiso\/\",\"url\":\"https:\/\/dev.antudigital.cl\/sites\/vc\/la-cultura-hip-hop-regresa-segunda-edicion-de-hip-hop-a-mar-abierto-en-valparaiso\/\",\"name\":\"\u00a1La Cultura Hip Hop Regresa! Segunda Edici\u00f3n de Hip Hop a Mar Abierto en Valpara\u00edso - Valpara\u00ed\u00adso Creativo\",\"isPartOf\":{\"@id\":\"https:\/\/dev.antudigital.cl\/sites\/vc\/#website\"},\"primaryImageOfPage\":{\"@id\":\"https:\/\/dev.antudigital.cl\/sites\/vc\/la-cultura-hip-hop-regresa-segunda-edicion-de-hip-hop-a-mar-abierto-en-valparaiso\/#primaryimage\"},\"image\":{\"@id\":\"https:\/\/dev.antudigital.cl\/sites\/vc\/la-cultura-hip-hop-regresa-segunda-edicion-de-hip-hop-a-mar-abierto-en-valparaiso\/#primaryimage\"},\"thumbnailUrl\":\"https:\/\/dev.antudigital.cl\/sites\/vc\/wp-content\/uploads\/2024\/03\/Foto-41-scaled.jpg\",\"datePublished\":\"2024-03-11T20:31:32+00:00\",\"dateModified\":\"2024-03-11T20:31:39+00:00\",\"author\":{\"@id\":\"https:\/\/dev.antudigital.cl\/sites\/vc\/#\/schema\/person\/c2b9da8dd545e27166fc5ab232837318\"},\"breadcrumb\":{\"@id\":\"https:\/\/dev.antudigital.cl\/sites\/vc\/la-cultura-hip-hop-regresa-segunda-edicion-de-hip-hop-a-mar-abierto-en-valparaiso\/#breadcrumb\"},\"inLanguage\":\"es\",\"potentialAction\":[{\"@type\":\"ReadAction\",\"target\":[\"https:\/\/dev.antudigital.cl\/sites\/vc\/la-cultura-hip-hop-regresa-segunda-edicion-de-hip-hop-a-mar-abierto-en-valparaiso\/\"]}]},{\"@type\":\"ImageObject\",\"inLanguage\":\"es\",\"@id\":\"https:\/\/dev.antudigital.cl\/sites\/vc\/la-cultura-hip-hop-regresa-segunda-edicion-de-hip-hop-a-mar-abierto-en-valparaiso\/#primaryimage\",\"url\":\"https:\/\/dev.antudigital.cl\/sites\/vc\/wp-content\/uploads\/2024\/03\/Foto-41-scaled.jpg\",\"contentUrl\":\"https:\/\/dev.antudigital.cl\/sites\/vc\/wp-content\/uploads\/2024\/03\/Foto-41-scaled.jpg\",\"width\":2560,\"height\":1707},{\"@type\":\"BreadcrumbList\",\"@id\":\"https:\/\/dev.antudigital.cl\/sites\/vc\/la-cultura-hip-hop-regresa-segunda-edicion-de-hip-hop-a-mar-abierto-en-valparaiso\/#breadcrumb\",\"itemListElement\":[{\"@type\":\"ListItem\",\"position\":1,\"name\":\"Home\",\"item\":\"https:\/\/dev.antudigital.cl\/sites\/vc\/\"},{\"@type\":\"ListItem\",\"position\":2,\"name\":\"\u00a1La Cultura Hip Hop Regresa! Segunda Edici\u00f3n de Hip Hop a Mar Abierto en Valpara\u00edso\"}]},{\"@type\":\"WebSite\",\"@id\":\"https:\/\/dev.antudigital.cl\/sites\/vc\/#website\",\"url\":\"https:\/\/dev.antudigital.cl\/sites\/vc\/\",\"name\":\"Valpara\u00ed\u00adso Creativo\",\"description\":\"\",\"potentialAction\":[{\"@type\":\"SearchAction\",\"target\":{\"@type\":\"EntryPoint\",\"urlTemplate\":\"https:\/\/dev.antudigital.cl\/sites\/vc\/?s={search_term_string}\"},\"query-input\":{\"@type\":\"PropertyValueSpecification\",\"valueRequired\":true,\"valueName\":\"search_term_string\"}}],\"inLanguage\":\"es\"},{\"@type\":\"Person\",\"@id\":\"https:\/\/dev.antudigital.cl\/sites\/vc\/#\/schema\/person\/c2b9da8dd545e27166fc5ab232837318\",\"name\":\"Valpara\u00edso Creativo\",\"description\":\"Periodista de cultura en la Regi\u00f3n de Valpara\u00edso.\",\"url\":\"https:\/\/dev.antudigital.cl\/sites\/vc\/author\/valpoadmin\/\"}]}<\/script>\n<!-- \/ Yoast SEO plugin. -->","yoast_head_json":{"title":"\u00a1La Cultura Hip Hop Regresa! Segunda Edici\u00f3n de Hip Hop a Mar Abierto en Valpara\u00edso - Valpara\u00ed\u00adso Creativo","robots":{"index":"index","follow":"follow","max-snippet":"max-snippet:-1","max-image-preview":"max-image-preview:large","max-video-preview":"max-video-preview:-1"},"canonical":"https:\/\/dev.antudigital.cl\/sites\/vc\/la-cultura-hip-hop-regresa-segunda-edicion-de-hip-hop-a-mar-abierto-en-valparaiso\/","og_locale":"es_ES","og_type":"article","og_title":"\u00a1La Cultura Hip Hop Regresa! Segunda Edici\u00f3n de Hip Hop a Mar Abierto en Valpara\u00edso - Valpara\u00ed\u00adso Creativo","og_description":"El evento cultural Hip Hop a Mar Abierto se complace en anunciar su segunda edici\u00f3n, que se llevar\u00e1 a cabo en la ciudad de Valpara\u00edso, Chile. Este evento, que ha ganado reconocimiento por su compromiso con la promoci\u00f3n y celebraci\u00f3n de la cultura del Hip Hop, reunir\u00e1 a una amplia gama de artistas, aficionados y [&hellip;]","og_url":"https:\/\/dev.antudigital.cl\/sites\/vc\/la-cultura-hip-hop-regresa-segunda-edicion-de-hip-hop-a-mar-abierto-en-valparaiso\/","og_site_name":"Valpara\u00ed\u00adso Creativo","article_published_time":"2024-03-11T20:31:32+00:00","article_modified_time":"2024-03-11T20:31:39+00:00","og_image":[{"width":2560,"height":1707,"url":"https:\/\/dev.antudigital.cl\/sites\/vc\/wp-content\/uploads\/2024\/03\/Foto-41-scaled.jpg","type":"image\/jpeg"}],"author":"Valpara\u00edso Creativo","twitter_card":"summary_large_image","twitter_misc":{"Escrito por":"Valpara\u00edso Creativo","Tiempo de lectura":"10 minutos"},"schema":{"@context":"https:\/\/schema.org","@graph":[{"@type":"Article","@id":"https:\/\/dev.antudigital.cl\/sites\/vc\/la-cultura-hip-hop-regresa-segunda-edicion-de-hip-hop-a-mar-abierto-en-valparaiso\/#article","isPartOf":{"@id":"https:\/\/dev.antudigital.cl\/sites\/vc\/la-cultura-hip-hop-regresa-segunda-edicion-de-hip-hop-a-mar-abierto-en-valparaiso\/"},"author":{"name":"Valpara\u00edso Creativo","@id":"https:\/\/dev.antudigital.cl\/sites\/vc\/#\/schema\/person\/c2b9da8dd545e27166fc5ab232837318"},"headline":"\u00a1La Cultura Hip Hop Regresa! Segunda Edici\u00f3n de Hip Hop a Mar Abierto en Valpara\u00edso","datePublished":"2024-03-11T20:31:32+00:00","dateModified":"2024-03-11T20:31:39+00:00","mainEntityOfPage":{"@id":"https:\/\/dev.antudigital.cl\/sites\/vc\/la-cultura-hip-hop-regresa-segunda-edicion-de-hip-hop-a-mar-abierto-en-valparaiso\/"},"wordCount":2071,"image":{"@id":"https:\/\/dev.antudigital.cl\/sites\/vc\/la-cultura-hip-hop-regresa-segunda-edicion-de-hip-hop-a-mar-abierto-en-valparaiso\/#primaryimage"},"thumbnailUrl":"https:\/\/dev.antudigital.cl\/sites\/vc\/wp-content\/uploads\/2024\/03\/Foto-41-scaled.jpg","articleSection":["Uncategorized"],"inLanguage":"es"},{"@type":"WebPage","@id":"https:\/\/dev.antudigital.cl\/sites\/vc\/la-cultura-hip-hop-regresa-segunda-edicion-de-hip-hop-a-mar-abierto-en-valparaiso\/","url":"https:\/\/dev.antudigital.cl\/sites\/vc\/la-cultura-hip-hop-regresa-segunda-edicion-de-hip-hop-a-mar-abierto-en-valparaiso\/","name":"\u00a1La Cultura Hip Hop Regresa! Segunda Edici\u00f3n de Hip Hop a Mar Abierto en Valpara\u00edso - Valpara\u00ed\u00adso Creativo","isPartOf":{"@id":"https:\/\/dev.antudigital.cl\/sites\/vc\/#website"},"primaryImageOfPage":{"@id":"https:\/\/dev.antudigital.cl\/sites\/vc\/la-cultura-hip-hop-regresa-segunda-edicion-de-hip-hop-a-mar-abierto-en-valparaiso\/#primaryimage"},"image":{"@id":"https:\/\/dev.antudigital.cl\/sites\/vc\/la-cultura-hip-hop-regresa-segunda-edicion-de-hip-hop-a-mar-abierto-en-valparaiso\/#primaryimage"},"thumbnailUrl":"https:\/\/dev.antudigital.cl\/sites\/vc\/wp-content\/uploads\/2024\/03\/Foto-41-scaled.jpg","datePublished":"2024-03-11T20:31:32+00:00","dateModified":"2024-03-11T20:31:39+00:00","author":{"@id":"https:\/\/dev.antudigital.cl\/sites\/vc\/#\/schema\/person\/c2b9da8dd545e27166fc5ab232837318"},"breadcrumb":{"@id":"https:\/\/dev.antudigital.cl\/sites\/vc\/la-cultura-hip-hop-regresa-segunda-edicion-de-hip-hop-a-mar-abierto-en-valparaiso\/#breadcrumb"},"inLanguage":"es","potentialAction":[{"@type":"ReadAction","target":["https:\/\/dev.antudigital.cl\/sites\/vc\/la-cultura-hip-hop-regresa-segunda-edicion-de-hip-hop-a-mar-abierto-en-valparaiso\/"]}]},{"@type":"ImageObject","inLanguage":"es","@id":"https:\/\/dev.antudigital.cl\/sites\/vc\/la-cultura-hip-hop-regresa-segunda-edicion-de-hip-hop-a-mar-abierto-en-valparaiso\/#primaryimage","url":"https:\/\/dev.antudigital.cl\/sites\/vc\/wp-content\/uploads\/2024\/03\/Foto-41-scaled.jpg","contentUrl":"https:\/\/dev.antudigital.cl\/sites\/vc\/wp-content\/uploads\/2024\/03\/Foto-41-scaled.jpg","width":2560,"height":1707},{"@type":"BreadcrumbList","@id":"https:\/\/dev.antudigital.cl\/sites\/vc\/la-cultura-hip-hop-regresa-segunda-edicion-de-hip-hop-a-mar-abierto-en-valparaiso\/#breadcrumb","itemListElement":[{"@type":"ListItem","position":1,"name":"Home","item":"https:\/\/dev.antudigital.cl\/sites\/vc\/"},{"@type":"ListItem","position":2,"name":"\u00a1La Cultura Hip Hop Regresa! Segunda Edici\u00f3n de Hip Hop a Mar Abierto en Valpara\u00edso"}]},{"@type":"WebSite","@id":"https:\/\/dev.antudigital.cl\/sites\/vc\/#website","url":"https:\/\/dev.antudigital.cl\/sites\/vc\/","name":"Valpara\u00ed\u00adso Creativo","description":"","potentialAction":[{"@type":"SearchAction","target":{"@type":"EntryPoint","urlTemplate":"https:\/\/dev.antudigital.cl\/sites\/vc\/?s={search_term_string}"},"query-input":{"@type":"PropertyValueSpecification","valueRequired":true,"valueName":"search_term_string"}}],"inLanguage":"es"},{"@type":"Person","@id":"https:\/\/dev.antudigital.cl\/sites\/vc\/#\/schema\/person\/c2b9da8dd545e27166fc5ab232837318","name":"Valpara\u00edso Creativo","description":"Periodista de cultura en la Regi\u00f3n de Valpara\u00edso.","url":"https:\/\/dev.antudigital.cl\/sites\/vc\/author\/valpoadmin\/"}]}},"_links":{"self":[{"href":"https:\/\/dev.antudigital.cl\/sites\/vc\/wp-json\/wp\/v2\/posts\/18601","targetHints":{"allow":["GET"]}}],"collection":[{"href":"https:\/\/dev.antudigital.cl\/sites\/vc\/wp-json\/wp\/v2\/posts"}],"about":[{"href":"https:\/\/dev.antudigital.cl\/sites\/vc\/wp-json\/wp\/v2\/types\/post"}],"author":[{"embeddable":true,"href":"https:\/\/dev.antudigital.cl\/sites\/vc\/wp-json\/wp\/v2\/users\/1"}],"replies":[{"embeddable":true,"href":"https:\/\/dev.antudigital.cl\/sites\/vc\/wp-json\/wp\/v2\/comments?post=18601"}],"version-history":[{"count":1,"href":"https:\/\/dev.antudigital.cl\/sites\/vc\/wp-json\/wp\/v2\/posts\/18601\/revisions"}],"predecessor-version":[{"id":18604,"href":"https:\/\/dev.antudigital.cl\/sites\/vc\/wp-json\/wp\/v2\/posts\/18601\/revisions\/18604"}],"wp:featuredmedia":[{"embeddable":true,"href":"https:\/\/dev.antudigital.cl\/sites\/vc\/wp-json\/wp\/v2\/media\/18602"}],"wp:attachment":[{"href":"https:\/\/dev.antudigital.cl\/sites\/vc\/wp-json\/wp\/v2\/media?parent=18601"}],"wp:term":[{"taxonomy":"category","embeddable":true,"href":"https:\/\/dev.antudigital.cl\/sites\/vc\/wp-json\/wp\/v2\/categories?post=18601"},{"taxonomy":"post_tag","embeddable":true,"href":"https:\/\/dev.antudigital.cl\/sites\/vc\/wp-json\/wp\/v2\/tags?post=18601"}],"curies":[{"name":"wp","href":"https:\/\/api.w.org\/{rel}","templated":true}]}}