{"id":18605,"date":"2024-03-11T23:27:07","date_gmt":"2024-03-11T23:27:07","guid":{"rendered":"https:\/\/www.valparaisocreativo.cl\/?p=18605"},"modified":"2024-03-11T23:27:14","modified_gmt":"2024-03-11T23:27:14","slug":"cuando-te-vas-joaquin-matamala-nos-cuenta-sobre-su-ultima-produccion","status":"publish","type":"post","link":"https:\/\/dev.antudigital.cl\/sites\/vc\/cuando-te-vas-joaquin-matamala-nos-cuenta-sobre-su-ultima-produccion\/","title":{"rendered":"\u00ab\u00bfCu\u00e1ndo te vas?\u00bb: Joaqu\u00edn Matamala nos cuenta sobre su \u00faltima producci\u00f3n"},"content":{"rendered":"\n<p>Actualmente en los estudios de UCV Televisi\u00f3n en Nueva Aurora, se est\u00e1 filmando \u201c\u00bfCu\u00e1ndo te vas?\u201d, una co-producci\u00f3n de Atacama Pictures (Vi\u00f1a del Mar), Irrumpir y Poston Digital Arts que busca posicionar a la Regi\u00f3n como un territorio desde el cual se puede hacer cine comercial con proyecci\u00f3n internacional.<\/p>\n\n\n\n<p>Conversamos con Joaqu\u00edn Matamala, productor de la pel\u00edcula, quien encabeza Atacama Pictures y nos comenta acerca de esta interesante producci\u00f3n que se est\u00e1 llevando a cabo desde Vi\u00f1a del Mar.<\/p>\n\n\n\n<figure class=\"wp-block-image size-full\"><img fetchpriority=\"high\" decoding=\"async\" width=\"907\" height=\"562\" src=\"https:\/\/www.valparaisocreativo.cl\/wp-content\/uploads\/2024\/03\/Captura-de-Pantalla-2024-03-11-a-las-20.23.03.png\" alt=\"\" class=\"wp-image-18607\" srcset=\"https:\/\/dev.antudigital.cl\/sites\/vc\/wp-content\/uploads\/2024\/03\/Captura-de-Pantalla-2024-03-11-a-las-20.23.03.png 907w, https:\/\/dev.antudigital.cl\/sites\/vc\/wp-content\/uploads\/2024\/03\/Captura-de-Pantalla-2024-03-11-a-las-20.23.03-300x186.png 300w, https:\/\/dev.antudigital.cl\/sites\/vc\/wp-content\/uploads\/2024\/03\/Captura-de-Pantalla-2024-03-11-a-las-20.23.03-768x476.png 768w, https:\/\/dev.antudigital.cl\/sites\/vc\/wp-content\/uploads\/2024\/03\/Captura-de-Pantalla-2024-03-11-a-las-20.23.03-480x297.png 480w, https:\/\/dev.antudigital.cl\/sites\/vc\/wp-content\/uploads\/2024\/03\/Captura-de-Pantalla-2024-03-11-a-las-20.23.03-24x15.png 24w, https:\/\/dev.antudigital.cl\/sites\/vc\/wp-content\/uploads\/2024\/03\/Captura-de-Pantalla-2024-03-11-a-las-20.23.03-36x22.png 36w, https:\/\/dev.antudigital.cl\/sites\/vc\/wp-content\/uploads\/2024\/03\/Captura-de-Pantalla-2024-03-11-a-las-20.23.03-48x30.png 48w\" sizes=\"(max-width: 907px) 100vw, 907px\" \/><\/figure>\n\n\n\n<p><strong>Cu\u00e9ntanos sobre lo que est\u00e1s trabajando actualmente<\/strong><\/p>\n\n\n\n<p>&#8211; Hay un proyecto que a\u00fan no podemos adelantar, pero s\u00ed tenemos muchos otros desarrollos. Ahora estamos corriendo \u201c\u00bfCu\u00e1ndo te vas?\u201d que es una pel\u00edcula de comedia, protagonizada por \u00c1lvaro Rudolphy, Francisca Imboden y Luciana Echeverr\u00eda. Dirigida por Boris Quercia, este es nuestro segundo proyecto con Boris, antes hab\u00edamos hecho la pel\u00edcula \u201cUn like de Navidad\u201d.&nbsp;<\/p>\n\n\n\n<p>Esta es la segunda pel\u00edcula comercial que se ha hecho en Vi\u00f1a del Mar, desde la Regi\u00f3n, y es el segundo proyecto que tiene un valor de producci\u00f3n importante, que son proyectos que no se han hecho ac\u00e1 pues es complejo por el nivel de los t\u00e9cnicos, la infraestructura, el equipo t\u00e9cnico ya que algunas cosas son de Santiago. Pero la gran base de lo que estamos haciendo hoy tambi\u00e9n es levantar talento regional, poder dar espacio a nuevos profesionales que est\u00e1n integrando el mercado a esta escala, con muchos cabezas de \u00e1rea seniors, partiendo por Boris Quercia, por supuesto, que tiene muchos a\u00f1os de trayectoria, y otros directores de \u00e1rea que tambi\u00e9n le impregnan al proyecto una categor\u00eda distinta y por eso podemos optar a producciones que sean vendidas despu\u00e9s a plataformas, lo que esperamos pase ac\u00e1 tambi\u00e9n, y tener una ruta en salas de cine.&nbsp;<\/p>\n\n\n\n<p><strong>\u00bfCu\u00e1l es el prop\u00f3sito? \u00bfQu\u00e9 es lo que los motiva m\u00e1s de esta producci\u00f3n?<\/strong><\/p>\n\n\n\n<p>&#8211; Lo que buscamos es hacer pel\u00edculas ac\u00e1 en la Regi\u00f3n. Siempre es m\u00e1s dif\u00edcil que en Santiago, porque hay menos cantidad de personal humano o material, pero a pesar de eso, en particular yo como productor estoy forzando a que se hagan cosas en la regi\u00f3n, por eso este es el segundo proyecto que va en esa l\u00f3gica y tambi\u00e9n demostrando que se puede hacer y tiene un valor adicional. No solamente por la puesta en escena y las locaciones, que incluyen al mar, o tambi\u00e9n como lo que hacemos ahora con el estudio de UCV: usamos un set de filmaci\u00f3n que est\u00e1 disponible gran parte del a\u00f1o y que le compite a muchos estudios que est\u00e1n en Santiago. Hay formas de ver las posibilidades de lo que est\u00e1 disponible.&nbsp;<\/p>\n\n\n\n<p>Este es un proyecto distinto al primero (\u201cUn like de Navidad\u201d), espero que no sea el \u00faltimo y menos en la Regi\u00f3n y a esta escala de personal (50 personas para arriba) y con una cantidad de recursos importantes, muchos de los cuales quedan en la Regi\u00f3n. Es m\u00e1s grande que ganarse un fondo audiovisual, en escala. Y son recursos que estamos levantando desde el mundo privado para que tengan una ruta comercial en este tipo de contenido.<\/p>\n\n\n\n<p><strong>\u00bfC\u00f3mo fue la experiencia anterior con <\/strong><strong><em>Un like de Navidad<\/em><\/strong><strong>?<\/strong><\/p>\n\n\n\n<p>-En esa pel\u00edcula, nuestro objetivo primeramente era que funcionara en n\u00fameros, es decir, nosotros invitamos a diferentes inversionistas con la intenci\u00f3n de venderla, lo que logramos y en general tener n\u00fameros azules para seguir teniendo m\u00e1s desarrollo. En t\u00e9rminos generales s\u00ed hicimos una venta fuerte a M\u00e9xico a una plataforma que se llama VIX Plus, de Televisa y Univisi\u00f3n. Tuvimos la suerte de tener ofertas de Disney y Paramount, y nosotros optamos por la mejor. Ese punto s\u00ed lo logramos.&nbsp;<\/p>\n\n\n\n<p>En salas de cine, no ten\u00edamos la experiencia suficiente, as\u00ed que no logramos una presencia fuerte a pesar de que estrenamos en Chile y en Ecuador, lo que fue espectacular. En Ecuador llegamos por ejemplo a 8.000 espectadores, es s\u00faper interesante lo que pas\u00f3 all\u00e1 a pesar de lo inesperado que era el territorio. Queremos ir mejorando el rendimiento de las pel\u00edculas en la sala de cine. Hay muchos otros adicionales que hay que considerar para tener \u00e9xito. Pero ya con la primera venta en plataformas, empieza a funcionar todo en t\u00e9rminos generales, lo que nos da la posibilidad de seguir apostando por esta siguiente producci\u00f3n en la que estamos hoy. Logramos una buena venta a M\u00e9xico y eso nos dice que vamos por un buen camino.<\/p>\n\n\n\n<p><strong>Esta es una co-producci\u00f3n entre Irrumpir, Atacama Pictures y Poston Digital Arts, \u00bfcierto?<\/strong><\/p>\n\n\n\n<p>&#8211; S\u00ed, es una co-producci\u00f3n, son varias productoras las que empujamos el proyecto, a trav\u00e9s m\u00edo como productor de la pel\u00edcula. Desde esa l\u00f3gica como rol, pude tomar la decisi\u00f3n por ejemplo de traerme la pel\u00edcula a la Regi\u00f3n..&nbsp;<\/p>\n\n\n\n<p><strong>\u00bfC\u00f3mo surge ese trabajo conjunto?<\/strong><\/p>\n\n\n\n<p>&#8211; En particular este proyecto me buscaron para ser su productor por la experiencia pasada que tuvimos. Irrumpir se acerc\u00f3 para proponerme liderar este proyecto y conmigo vienen las otras dos productoras, que son mis espaldas para poder absorber una producci\u00f3n en cuanto a equipos t\u00e9cnicos y otros aspectos. Esa fue la articulaci\u00f3n y c\u00f3mo terminamos con esta pel\u00edcula, donde es clave la figura de Boris Quercia, con quien venimos desarrollando proyectos desde el 2021, y este gui\u00f3n era uno de esos. La invitaci\u00f3n fue a producir una pel\u00edcula, pero el desarrollo y la historia tambi\u00e9n lo pusimos en la mesa, como Atacama Pictures.<\/p>\n\n\n\n<p><strong>\u00bfC\u00f3mo es trabajar en el mundo de la comedia en el cine?<\/strong><\/p>\n\n\n\n<p>&#8211;&nbsp; Bueno, a m\u00ed me toca mucho participar de la parte creativa. La parte de direcci\u00f3n y creaci\u00f3n estaba integrada en m\u00ed, donde me traslad\u00e9 hace tres a\u00f1os a la producci\u00f3n, con la primera pel\u00edcula. Lo importante es tener buenos guionistas que entiendan los c\u00f3digos para poder conectar con un p\u00fablico potencial. Entender la cultura en la que nos vamos a mover y entender aquellas se\u00f1ales donde podemos encontrar algo, patrones comunes de comedia, que sean universales pero que tambi\u00e9n funcionen en el territorio.&nbsp;<\/p>\n\n\n\n<p>En este caso, Boris Quercia es un director y actor que tiene mucha experiencia escribiendo obras de teatro y guiones cinematogr\u00e1ficos, \u00e9l es quien impregna la comedia al gui\u00f3n y despu\u00e9s lo empalma y lo propone en la puesta en escena con los actores. Es en gran parte obra de \u00e9l, luego por supuesto que los actores y actrices hacen una parte importante al hacer suyos los di\u00e1logos e interpretar y poder sacarle mucho m\u00e1s humor a todo lo que ya estaba presentado.<\/p>\n\n\n\n<p>Estamos haciendo comedias porque es de lo que m\u00e1s se consume en Chile. Si uno ve los g\u00e9neros, la comedia hist\u00f3ricamente tiene buenos n\u00fameros. Por eso estamos ah\u00ed, tanto en comedia fant\u00e1stica como Un like de Navidad, como ahora con m\u00e1s toques de humor negro. Es nuestra apuesta.<\/p>\n\n\n\n<p><strong>\u00bfCu\u00e1les son sus tiempos en cuanto a la pel\u00edcula? \u00bfCu\u00e1ndo podremos saber m\u00e1s de ella, verla en salas?<\/strong><\/p>\n\n\n\n<p>&#8211; Nos quedan todav\u00eda dos semanas m\u00e1s de rodaje ac\u00e1 en el set, pr\u00e1cticamente todo es en set. Eran tres semanas en total, y luego entra en la etapa de post producci\u00f3n que toma cerca de seis meses para ya proyectar la distribuci\u00f3n en salas. Antes de eso tambi\u00e9n arrancan las conversaciones con plataformas y otros espacios de comercializaci\u00f3n, as\u00ed que antes de fin de a\u00f1o deber\u00edamos tener m\u00e1s novedades sobre el estreno. Eso es lo que estimamos.<\/p>\n\n\n\n<p><strong>Cu\u00e9ntanos un poco m\u00e1s sobre la trama de la pel\u00edcula, \u201c\u00bfCu\u00e1ndo te vas?\u201d, lo que puedas.<\/strong><\/p>\n\n\n\n<p>&#8211; La pel\u00edcula habla sobre unos padres que tienen una hija de 30 a\u00f1os que no se quiere ir de la casa. Conflicto bastante universal, ante el que los padres buscan la forma de echarla y sus peripecias previas a afrontar la situaci\u00f3n. En la pel\u00edculas se ven las consecuencias de eso, qu\u00e9 pasa con esta familia cuando aquel deseo se hace presente y quiz\u00e1s se haga realidad, o no. La comedia arranca con esa b\u00fasqueda de la libertad que trae consigo el nido vac\u00edo.<\/p>\n\n\n\n<p><strong>Quer\u00eda saber tambi\u00e9n algo m\u00e1s personal, \u00bfc\u00f3mo ha sido el proceso con el equipo?<\/strong><\/p>\n\n\n\n<p>&#8211; Al ser el segundo proyecto hay muchos del equipo que se han repetido. Al menos la mitad. Lo que ayuda mucho, ya que termina habiendo un equipo m\u00e1s cohesionado al que entran los nuevos, quienes se adaptan a estas din\u00e1micas. Ha sido un desaf\u00edo pero en t\u00e9rminos generales es una buena experiencia volver a trabajar con muchos colegas y ver c\u00f3mo los nuevos van creciendo r\u00e1pidamente.&nbsp;<\/p>\n\n\n\n<p><strong>\u00bfC\u00f3mo ves t\u00fa en la escena el inter\u00e9s de llegar o no a la masividad que ustedes est\u00e1n buscando en t\u00e9rminos de productoras locales? \u00bfO quiz\u00e1s tienen b\u00fasquedas s\u00faper diferentes?<\/strong><\/p>\n\n\n\n<p>&#8211; En la Regi\u00f3n no hay otra productora que est\u00e9 buscando esto, o quiz\u00e1s no la conozco, ojal\u00e1 la haya. S\u00ed trabajo con otras productoras que est\u00e1n en el mundo de los fondos como prioridad, que es desde donde todos venimos. Pero la b\u00fasqueda de entrar en la \u201cindustria\u201d al hacer co-producciones, se ve que hay un movimiento fuerte en distintos pa\u00edses de Latinoam\u00e9rica. Si se entra en la din\u00e1mica, se termina conectando. Creo que ser\u00eda muy bueno que hubiese m\u00e1s esa b\u00fasqueda, porque son v\u00ednculos que potencian. Nosotros estamos en Bellavista (Recreo) cohabitando con otras productoras y s\u00ed ocurren cosas, pero fuera de eso, cuesta colaborar. Creo que es un tema de recursos. Grandes producciones como esta te abren la cancha a buscar a otras productoras para sumar capital humano, por eso somos varias productoras en conjunto.&nbsp;<\/p>\n\n\n\n<p><strong>\u00bfC\u00f3mo invitar\u00edas a las personas para que se motiven a esperar este entretenido estreno?<\/strong><\/p>\n\n\n\n<p>&#8211; Bueno, como segunda pel\u00edcula que hacemos ac\u00e1, creo que hemos intentado rescatar las locaciones que se vean en pantalla, lugares reconocibles para quienes viven ac\u00e1, o algunas formas de expresarse que quedan en los di\u00e1logos tambi\u00e9n. Hay peque\u00f1os gui\u00f1os que conectan con el territorio y que ver, im\u00e1genes de Vi\u00f1a del Mar en una pel\u00edcula o de los cerros de Valpara\u00edso, ese tipo de fotograf\u00edas no est\u00e1n en otra pel\u00edcula y es algo reconocible de lo que estamos grabando. Creo que siempre es entretenido reconocerse en una pel\u00edcula. Ac\u00e1 sigue siendo algo novedoso.<\/p>\n\n\n\n<p>Por otra parte, hay un valor en que se haya hecho ac\u00e1, donde se demuestran las capacidades de que se pueden hacer las cosas igual que en Santiago, con los mismos est\u00e1ndares, esta pel\u00edcula demuestra que no importa desde donde se haga, que si el objetivo est\u00e1 claro, todo proyecto se puede concretar.<\/p>\n\n\n\n<p>Est\u00e9n atentos cuando salga la pel\u00edcula, donde priorizaremos las salas de cine, que es una gran experiencia. As\u00ed que sigan a los actores. Espero que conecten y disfruten.<\/p>\n","protected":false},"excerpt":{"rendered":"<p>Actualmente en los estudios de UCV Televisi\u00f3n en Nueva Aurora, se est\u00e1 filmando \u201c\u00bfCu\u00e1ndo te vas?\u201d, una co-producci\u00f3n de Atacama Pictures (Vi\u00f1a del Mar), Irrumpir y Poston Digital Arts que busca posicionar a la Regi\u00f3n como un territorio desde el cual se puede hacer cine comercial con proyecci\u00f3n internacional. Conversamos con Joaqu\u00edn Matamala, productor de [&hellip;]<\/p>\n","protected":false},"author":1,"featured_media":18606,"comment_status":"closed","ping_status":"closed","sticky":false,"template":"","format":"standard","meta":{"_acf_changed":false,"footnotes":""},"categories":[218],"tags":[],"class_list":["post-18605","post","type-post","status-publish","format-standard","has-post-thumbnail","hentry","category-blog"],"acf":[],"yoast_head":"<!-- This site is optimized with the Yoast SEO plugin v27.1.1 - https:\/\/yoast.com\/product\/yoast-seo-wordpress\/ -->\n<title>&quot;\u00bfCu\u00e1ndo te vas?&quot;: Joaqu\u00edn Matamala nos cuenta sobre su \u00faltima producci\u00f3n - Valpara\u00ed\u00adso Creativo<\/title>\n<meta name=\"robots\" content=\"index, follow, max-snippet:-1, max-image-preview:large, max-video-preview:-1\" \/>\n<link rel=\"canonical\" href=\"https:\/\/dev.antudigital.cl\/sites\/vc\/cuando-te-vas-joaquin-matamala-nos-cuenta-sobre-su-ultima-produccion\/\" \/>\n<meta property=\"og:locale\" content=\"es_ES\" \/>\n<meta property=\"og:type\" content=\"article\" \/>\n<meta property=\"og:title\" content=\"&quot;\u00bfCu\u00e1ndo te vas?&quot;: Joaqu\u00edn Matamala nos cuenta sobre su \u00faltima producci\u00f3n - Valpara\u00ed\u00adso Creativo\" \/>\n<meta property=\"og:description\" content=\"Actualmente en los estudios de UCV Televisi\u00f3n en Nueva Aurora, se est\u00e1 filmando \u201c\u00bfCu\u00e1ndo te vas?\u201d, una co-producci\u00f3n de Atacama Pictures (Vi\u00f1a del Mar), Irrumpir y Poston Digital Arts que busca posicionar a la Regi\u00f3n como un territorio desde el cual se puede hacer cine comercial con proyecci\u00f3n internacional. Conversamos con Joaqu\u00edn Matamala, productor de [&hellip;]\" \/>\n<meta property=\"og:url\" content=\"https:\/\/dev.antudigital.cl\/sites\/vc\/cuando-te-vas-joaquin-matamala-nos-cuenta-sobre-su-ultima-produccion\/\" \/>\n<meta property=\"og:site_name\" content=\"Valpara\u00ed\u00adso Creativo\" \/>\n<meta property=\"article:published_time\" content=\"2024-03-11T23:27:07+00:00\" \/>\n<meta property=\"article:modified_time\" content=\"2024-03-11T23:27:14+00:00\" \/>\n<meta property=\"og:image\" content=\"https:\/\/dev.antudigital.cl\/sites\/vc\/wp-content\/uploads\/2024\/03\/Captura-de-Pantalla-2024-03-11-a-las-20.23.15.png\" \/>\n\t<meta property=\"og:image:width\" content=\"909\" \/>\n\t<meta property=\"og:image:height\" content=\"616\" \/>\n\t<meta property=\"og:image:type\" content=\"image\/png\" \/>\n<meta name=\"author\" content=\"Valpara\u00edso Creativo\" \/>\n<meta name=\"twitter:card\" content=\"summary_large_image\" \/>\n<meta name=\"twitter:label1\" content=\"Escrito por\" \/>\n\t<meta name=\"twitter:data1\" content=\"Valpara\u00edso Creativo\" \/>\n\t<meta name=\"twitter:label2\" content=\"Tiempo de lectura\" \/>\n\t<meta name=\"twitter:data2\" content=\"9 minutos\" \/>\n<script type=\"application\/ld+json\" class=\"yoast-schema-graph\">{\"@context\":\"https:\/\/schema.org\",\"@graph\":[{\"@type\":\"Article\",\"@id\":\"https:\/\/dev.antudigital.cl\/sites\/vc\/cuando-te-vas-joaquin-matamala-nos-cuenta-sobre-su-ultima-produccion\/#article\",\"isPartOf\":{\"@id\":\"https:\/\/dev.antudigital.cl\/sites\/vc\/cuando-te-vas-joaquin-matamala-nos-cuenta-sobre-su-ultima-produccion\/\"},\"author\":{\"name\":\"Valpara\u00edso Creativo\",\"@id\":\"https:\/\/dev.antudigital.cl\/sites\/vc\/#\/schema\/person\/c2b9da8dd545e27166fc5ab232837318\"},\"headline\":\"\u00ab\u00bfCu\u00e1ndo te vas?\u00bb: Joaqu\u00edn Matamala nos cuenta sobre su \u00faltima producci\u00f3n\",\"datePublished\":\"2024-03-11T23:27:07+00:00\",\"dateModified\":\"2024-03-11T23:27:14+00:00\",\"mainEntityOfPage\":{\"@id\":\"https:\/\/dev.antudigital.cl\/sites\/vc\/cuando-te-vas-joaquin-matamala-nos-cuenta-sobre-su-ultima-produccion\/\"},\"wordCount\":1947,\"image\":{\"@id\":\"https:\/\/dev.antudigital.cl\/sites\/vc\/cuando-te-vas-joaquin-matamala-nos-cuenta-sobre-su-ultima-produccion\/#primaryimage\"},\"thumbnailUrl\":\"https:\/\/dev.antudigital.cl\/sites\/vc\/wp-content\/uploads\/2024\/03\/Captura-de-Pantalla-2024-03-11-a-las-20.23.15.png\",\"articleSection\":[\"Blog\"],\"inLanguage\":\"es\"},{\"@type\":\"WebPage\",\"@id\":\"https:\/\/dev.antudigital.cl\/sites\/vc\/cuando-te-vas-joaquin-matamala-nos-cuenta-sobre-su-ultima-produccion\/\",\"url\":\"https:\/\/dev.antudigital.cl\/sites\/vc\/cuando-te-vas-joaquin-matamala-nos-cuenta-sobre-su-ultima-produccion\/\",\"name\":\"\\\"\u00bfCu\u00e1ndo te vas?\\\": Joaqu\u00edn Matamala nos cuenta sobre su \u00faltima producci\u00f3n - Valpara\u00ed\u00adso Creativo\",\"isPartOf\":{\"@id\":\"https:\/\/dev.antudigital.cl\/sites\/vc\/#website\"},\"primaryImageOfPage\":{\"@id\":\"https:\/\/dev.antudigital.cl\/sites\/vc\/cuando-te-vas-joaquin-matamala-nos-cuenta-sobre-su-ultima-produccion\/#primaryimage\"},\"image\":{\"@id\":\"https:\/\/dev.antudigital.cl\/sites\/vc\/cuando-te-vas-joaquin-matamala-nos-cuenta-sobre-su-ultima-produccion\/#primaryimage\"},\"thumbnailUrl\":\"https:\/\/dev.antudigital.cl\/sites\/vc\/wp-content\/uploads\/2024\/03\/Captura-de-Pantalla-2024-03-11-a-las-20.23.15.png\",\"datePublished\":\"2024-03-11T23:27:07+00:00\",\"dateModified\":\"2024-03-11T23:27:14+00:00\",\"author\":{\"@id\":\"https:\/\/dev.antudigital.cl\/sites\/vc\/#\/schema\/person\/c2b9da8dd545e27166fc5ab232837318\"},\"breadcrumb\":{\"@id\":\"https:\/\/dev.antudigital.cl\/sites\/vc\/cuando-te-vas-joaquin-matamala-nos-cuenta-sobre-su-ultima-produccion\/#breadcrumb\"},\"inLanguage\":\"es\",\"potentialAction\":[{\"@type\":\"ReadAction\",\"target\":[\"https:\/\/dev.antudigital.cl\/sites\/vc\/cuando-te-vas-joaquin-matamala-nos-cuenta-sobre-su-ultima-produccion\/\"]}]},{\"@type\":\"ImageObject\",\"inLanguage\":\"es\",\"@id\":\"https:\/\/dev.antudigital.cl\/sites\/vc\/cuando-te-vas-joaquin-matamala-nos-cuenta-sobre-su-ultima-produccion\/#primaryimage\",\"url\":\"https:\/\/dev.antudigital.cl\/sites\/vc\/wp-content\/uploads\/2024\/03\/Captura-de-Pantalla-2024-03-11-a-las-20.23.15.png\",\"contentUrl\":\"https:\/\/dev.antudigital.cl\/sites\/vc\/wp-content\/uploads\/2024\/03\/Captura-de-Pantalla-2024-03-11-a-las-20.23.15.png\",\"width\":909,\"height\":616},{\"@type\":\"BreadcrumbList\",\"@id\":\"https:\/\/dev.antudigital.cl\/sites\/vc\/cuando-te-vas-joaquin-matamala-nos-cuenta-sobre-su-ultima-produccion\/#breadcrumb\",\"itemListElement\":[{\"@type\":\"ListItem\",\"position\":1,\"name\":\"Home\",\"item\":\"https:\/\/dev.antudigital.cl\/sites\/vc\/\"},{\"@type\":\"ListItem\",\"position\":2,\"name\":\"\u00ab\u00bfCu\u00e1ndo te vas?\u00bb: Joaqu\u00edn Matamala nos cuenta sobre su \u00faltima producci\u00f3n\"}]},{\"@type\":\"WebSite\",\"@id\":\"https:\/\/dev.antudigital.cl\/sites\/vc\/#website\",\"url\":\"https:\/\/dev.antudigital.cl\/sites\/vc\/\",\"name\":\"Valpara\u00ed\u00adso Creativo\",\"description\":\"\",\"potentialAction\":[{\"@type\":\"SearchAction\",\"target\":{\"@type\":\"EntryPoint\",\"urlTemplate\":\"https:\/\/dev.antudigital.cl\/sites\/vc\/?s={search_term_string}\"},\"query-input\":{\"@type\":\"PropertyValueSpecification\",\"valueRequired\":true,\"valueName\":\"search_term_string\"}}],\"inLanguage\":\"es\"},{\"@type\":\"Person\",\"@id\":\"https:\/\/dev.antudigital.cl\/sites\/vc\/#\/schema\/person\/c2b9da8dd545e27166fc5ab232837318\",\"name\":\"Valpara\u00edso Creativo\",\"description\":\"Periodista de cultura en la Regi\u00f3n de Valpara\u00edso.\",\"url\":\"https:\/\/dev.antudigital.cl\/sites\/vc\/author\/valpoadmin\/\"}]}<\/script>\n<!-- \/ Yoast SEO plugin. -->","yoast_head_json":{"title":"\"\u00bfCu\u00e1ndo te vas?\": Joaqu\u00edn Matamala nos cuenta sobre su \u00faltima producci\u00f3n - Valpara\u00ed\u00adso Creativo","robots":{"index":"index","follow":"follow","max-snippet":"max-snippet:-1","max-image-preview":"max-image-preview:large","max-video-preview":"max-video-preview:-1"},"canonical":"https:\/\/dev.antudigital.cl\/sites\/vc\/cuando-te-vas-joaquin-matamala-nos-cuenta-sobre-su-ultima-produccion\/","og_locale":"es_ES","og_type":"article","og_title":"\"\u00bfCu\u00e1ndo te vas?\": Joaqu\u00edn Matamala nos cuenta sobre su \u00faltima producci\u00f3n - Valpara\u00ed\u00adso Creativo","og_description":"Actualmente en los estudios de UCV Televisi\u00f3n en Nueva Aurora, se est\u00e1 filmando \u201c\u00bfCu\u00e1ndo te vas?\u201d, una co-producci\u00f3n de Atacama Pictures (Vi\u00f1a del Mar), Irrumpir y Poston Digital Arts que busca posicionar a la Regi\u00f3n como un territorio desde el cual se puede hacer cine comercial con proyecci\u00f3n internacional. Conversamos con Joaqu\u00edn Matamala, productor de [&hellip;]","og_url":"https:\/\/dev.antudigital.cl\/sites\/vc\/cuando-te-vas-joaquin-matamala-nos-cuenta-sobre-su-ultima-produccion\/","og_site_name":"Valpara\u00ed\u00adso Creativo","article_published_time":"2024-03-11T23:27:07+00:00","article_modified_time":"2024-03-11T23:27:14+00:00","og_image":[{"width":909,"height":616,"url":"https:\/\/dev.antudigital.cl\/sites\/vc\/wp-content\/uploads\/2024\/03\/Captura-de-Pantalla-2024-03-11-a-las-20.23.15.png","type":"image\/png"}],"author":"Valpara\u00edso Creativo","twitter_card":"summary_large_image","twitter_misc":{"Escrito por":"Valpara\u00edso Creativo","Tiempo de lectura":"9 minutos"},"schema":{"@context":"https:\/\/schema.org","@graph":[{"@type":"Article","@id":"https:\/\/dev.antudigital.cl\/sites\/vc\/cuando-te-vas-joaquin-matamala-nos-cuenta-sobre-su-ultima-produccion\/#article","isPartOf":{"@id":"https:\/\/dev.antudigital.cl\/sites\/vc\/cuando-te-vas-joaquin-matamala-nos-cuenta-sobre-su-ultima-produccion\/"},"author":{"name":"Valpara\u00edso Creativo","@id":"https:\/\/dev.antudigital.cl\/sites\/vc\/#\/schema\/person\/c2b9da8dd545e27166fc5ab232837318"},"headline":"\u00ab\u00bfCu\u00e1ndo te vas?\u00bb: Joaqu\u00edn Matamala nos cuenta sobre su \u00faltima producci\u00f3n","datePublished":"2024-03-11T23:27:07+00:00","dateModified":"2024-03-11T23:27:14+00:00","mainEntityOfPage":{"@id":"https:\/\/dev.antudigital.cl\/sites\/vc\/cuando-te-vas-joaquin-matamala-nos-cuenta-sobre-su-ultima-produccion\/"},"wordCount":1947,"image":{"@id":"https:\/\/dev.antudigital.cl\/sites\/vc\/cuando-te-vas-joaquin-matamala-nos-cuenta-sobre-su-ultima-produccion\/#primaryimage"},"thumbnailUrl":"https:\/\/dev.antudigital.cl\/sites\/vc\/wp-content\/uploads\/2024\/03\/Captura-de-Pantalla-2024-03-11-a-las-20.23.15.png","articleSection":["Blog"],"inLanguage":"es"},{"@type":"WebPage","@id":"https:\/\/dev.antudigital.cl\/sites\/vc\/cuando-te-vas-joaquin-matamala-nos-cuenta-sobre-su-ultima-produccion\/","url":"https:\/\/dev.antudigital.cl\/sites\/vc\/cuando-te-vas-joaquin-matamala-nos-cuenta-sobre-su-ultima-produccion\/","name":"\"\u00bfCu\u00e1ndo te vas?\": Joaqu\u00edn Matamala nos cuenta sobre su \u00faltima producci\u00f3n - Valpara\u00ed\u00adso Creativo","isPartOf":{"@id":"https:\/\/dev.antudigital.cl\/sites\/vc\/#website"},"primaryImageOfPage":{"@id":"https:\/\/dev.antudigital.cl\/sites\/vc\/cuando-te-vas-joaquin-matamala-nos-cuenta-sobre-su-ultima-produccion\/#primaryimage"},"image":{"@id":"https:\/\/dev.antudigital.cl\/sites\/vc\/cuando-te-vas-joaquin-matamala-nos-cuenta-sobre-su-ultima-produccion\/#primaryimage"},"thumbnailUrl":"https:\/\/dev.antudigital.cl\/sites\/vc\/wp-content\/uploads\/2024\/03\/Captura-de-Pantalla-2024-03-11-a-las-20.23.15.png","datePublished":"2024-03-11T23:27:07+00:00","dateModified":"2024-03-11T23:27:14+00:00","author":{"@id":"https:\/\/dev.antudigital.cl\/sites\/vc\/#\/schema\/person\/c2b9da8dd545e27166fc5ab232837318"},"breadcrumb":{"@id":"https:\/\/dev.antudigital.cl\/sites\/vc\/cuando-te-vas-joaquin-matamala-nos-cuenta-sobre-su-ultima-produccion\/#breadcrumb"},"inLanguage":"es","potentialAction":[{"@type":"ReadAction","target":["https:\/\/dev.antudigital.cl\/sites\/vc\/cuando-te-vas-joaquin-matamala-nos-cuenta-sobre-su-ultima-produccion\/"]}]},{"@type":"ImageObject","inLanguage":"es","@id":"https:\/\/dev.antudigital.cl\/sites\/vc\/cuando-te-vas-joaquin-matamala-nos-cuenta-sobre-su-ultima-produccion\/#primaryimage","url":"https:\/\/dev.antudigital.cl\/sites\/vc\/wp-content\/uploads\/2024\/03\/Captura-de-Pantalla-2024-03-11-a-las-20.23.15.png","contentUrl":"https:\/\/dev.antudigital.cl\/sites\/vc\/wp-content\/uploads\/2024\/03\/Captura-de-Pantalla-2024-03-11-a-las-20.23.15.png","width":909,"height":616},{"@type":"BreadcrumbList","@id":"https:\/\/dev.antudigital.cl\/sites\/vc\/cuando-te-vas-joaquin-matamala-nos-cuenta-sobre-su-ultima-produccion\/#breadcrumb","itemListElement":[{"@type":"ListItem","position":1,"name":"Home","item":"https:\/\/dev.antudigital.cl\/sites\/vc\/"},{"@type":"ListItem","position":2,"name":"\u00ab\u00bfCu\u00e1ndo te vas?\u00bb: Joaqu\u00edn Matamala nos cuenta sobre su \u00faltima producci\u00f3n"}]},{"@type":"WebSite","@id":"https:\/\/dev.antudigital.cl\/sites\/vc\/#website","url":"https:\/\/dev.antudigital.cl\/sites\/vc\/","name":"Valpara\u00ed\u00adso Creativo","description":"","potentialAction":[{"@type":"SearchAction","target":{"@type":"EntryPoint","urlTemplate":"https:\/\/dev.antudigital.cl\/sites\/vc\/?s={search_term_string}"},"query-input":{"@type":"PropertyValueSpecification","valueRequired":true,"valueName":"search_term_string"}}],"inLanguage":"es"},{"@type":"Person","@id":"https:\/\/dev.antudigital.cl\/sites\/vc\/#\/schema\/person\/c2b9da8dd545e27166fc5ab232837318","name":"Valpara\u00edso Creativo","description":"Periodista de cultura en la Regi\u00f3n de Valpara\u00edso.","url":"https:\/\/dev.antudigital.cl\/sites\/vc\/author\/valpoadmin\/"}]}},"_links":{"self":[{"href":"https:\/\/dev.antudigital.cl\/sites\/vc\/wp-json\/wp\/v2\/posts\/18605","targetHints":{"allow":["GET"]}}],"collection":[{"href":"https:\/\/dev.antudigital.cl\/sites\/vc\/wp-json\/wp\/v2\/posts"}],"about":[{"href":"https:\/\/dev.antudigital.cl\/sites\/vc\/wp-json\/wp\/v2\/types\/post"}],"author":[{"embeddable":true,"href":"https:\/\/dev.antudigital.cl\/sites\/vc\/wp-json\/wp\/v2\/users\/1"}],"replies":[{"embeddable":true,"href":"https:\/\/dev.antudigital.cl\/sites\/vc\/wp-json\/wp\/v2\/comments?post=18605"}],"version-history":[{"count":1,"href":"https:\/\/dev.antudigital.cl\/sites\/vc\/wp-json\/wp\/v2\/posts\/18605\/revisions"}],"predecessor-version":[{"id":18608,"href":"https:\/\/dev.antudigital.cl\/sites\/vc\/wp-json\/wp\/v2\/posts\/18605\/revisions\/18608"}],"wp:featuredmedia":[{"embeddable":true,"href":"https:\/\/dev.antudigital.cl\/sites\/vc\/wp-json\/wp\/v2\/media\/18606"}],"wp:attachment":[{"href":"https:\/\/dev.antudigital.cl\/sites\/vc\/wp-json\/wp\/v2\/media?parent=18605"}],"wp:term":[{"taxonomy":"category","embeddable":true,"href":"https:\/\/dev.antudigital.cl\/sites\/vc\/wp-json\/wp\/v2\/categories?post=18605"},{"taxonomy":"post_tag","embeddable":true,"href":"https:\/\/dev.antudigital.cl\/sites\/vc\/wp-json\/wp\/v2\/tags?post=18605"}],"curies":[{"name":"wp","href":"https:\/\/api.w.org\/{rel}","templated":true}]}}