{"id":18614,"date":"2024-03-14T17:27:42","date_gmt":"2024-03-14T17:27:42","guid":{"rendered":"https:\/\/www.valparaisocreativo.cl\/?p=18614"},"modified":"2024-03-14T17:27:48","modified_gmt":"2024-03-14T17:27:48","slug":"camila-banados-se-presenta-en-valparaiso","status":"publish","type":"post","link":"https:\/\/dev.antudigital.cl\/sites\/vc\/camila-banados-se-presenta-en-valparaiso\/","title":{"rendered":"Camila Ba\u00f1ados se presenta en Valpara\u00edso"},"content":{"rendered":"\n<p>Figura 1, da el nombre al nuevo Single de Camila Ba\u00f1ados.<br>Celebramos este lanzamiento en un concierto \u00edntimo y a d\u00fao junto al guitarrista&nbsp;<a href=\"https:\/\/www.instagram.com\/sebaspanguitar\/\">@sebaspanguitar<\/a><\/p>\n\n\n\n<p>\u00a1Nos vemos en Valpara\u00edso! En Maleza, ubicado en la Plazuela San Luis<br>Son poquitos cupos.<\/p>\n\n\n\n<p>Afiche por\u00a0<a href=\"https:\/\/www.instagram.com\/nadigallardo\/\">@nadigallardo<\/a><br>Fotograf\u00eda por\u00a0<a href=\"https:\/\/www.instagram.com\/alelimardo\/\">@alelimardo<\/a><br>Arte por\u00a0<a href=\"https:\/\/www.instagram.com\/camiladelaiglesia\/\">@camiladelaiglesia<\/a><br>Joyas de\u00a0<a href=\"https:\/\/www.instagram.com\/valentinacanesajoyas\/\">@valentinacanesajoyas<\/a><\/p>\n\n\n\n<p><a href=\"https:\/\/www.portaldisc.com\/evento\/camilabanadosfiguras1valpo\"><strong>Compra las entradas haciendo click aqu\u00ed<\/strong><\/a><\/p>\n\n\n\n<figure class=\"wp-block-image size-full\"><img fetchpriority=\"high\" decoding=\"async\" width=\"497\" height=\"578\" src=\"https:\/\/www.valparaisocreativo.cl\/wp-content\/uploads\/2024\/03\/Captura-de-Pantalla-2024-03-14-a-las-14.23.48.png\" alt=\"\" class=\"wp-image-18615\" srcset=\"https:\/\/dev.antudigital.cl\/sites\/vc\/wp-content\/uploads\/2024\/03\/Captura-de-Pantalla-2024-03-14-a-las-14.23.48.png 497w, https:\/\/dev.antudigital.cl\/sites\/vc\/wp-content\/uploads\/2024\/03\/Captura-de-Pantalla-2024-03-14-a-las-14.23.48-258x300.png 258w, https:\/\/dev.antudigital.cl\/sites\/vc\/wp-content\/uploads\/2024\/03\/Captura-de-Pantalla-2024-03-14-a-las-14.23.48-480x558.png 480w, https:\/\/dev.antudigital.cl\/sites\/vc\/wp-content\/uploads\/2024\/03\/Captura-de-Pantalla-2024-03-14-a-las-14.23.48-21x24.png 21w, https:\/\/dev.antudigital.cl\/sites\/vc\/wp-content\/uploads\/2024\/03\/Captura-de-Pantalla-2024-03-14-a-las-14.23.48-31x36.png 31w, https:\/\/dev.antudigital.cl\/sites\/vc\/wp-content\/uploads\/2024\/03\/Captura-de-Pantalla-2024-03-14-a-las-14.23.48-41x48.png 41w\" sizes=\"(max-width: 497px) 100vw, 497px\" \/><\/figure>\n","protected":false},"excerpt":{"rendered":"<p>Figura 1, da el nombre al nuevo Single de Camila Ba\u00f1ados.Celebramos este lanzamiento en un concierto \u00edntimo y a d\u00fao junto al guitarrista&nbsp;@sebaspanguitar \u00a1Nos vemos en Valpara\u00edso! En Maleza, ubicado en la Plazuela San LuisSon poquitos cupos. Afiche por\u00a0@nadigallardoFotograf\u00eda por\u00a0@alelimardoArte por\u00a0@camiladelaiglesiaJoyas de\u00a0@valentinacanesajoyas Compra las entradas haciendo click aqu\u00ed<\/p>\n","protected":false},"author":1,"featured_media":18616,"comment_status":"closed","ping_status":"closed","sticky":false,"template":"","format":"standard","meta":{"_acf_changed":false,"footnotes":""},"categories":[1],"tags":[],"class_list":["post-18614","post","type-post","status-publish","format-standard","has-post-thumbnail","hentry","category-uncategorized"],"acf":[],"yoast_head":"<!-- This site is optimized with the Yoast SEO plugin v27.1.1 - https:\/\/yoast.com\/product\/yoast-seo-wordpress\/ -->\n<title>Camila Ba\u00f1ados se presenta en Valpara\u00edso - Valpara\u00ed\u00adso Creativo<\/title>\n<meta name=\"robots\" content=\"index, follow, max-snippet:-1, max-image-preview:large, max-video-preview:-1\" \/>\n<link rel=\"canonical\" href=\"https:\/\/dev.antudigital.cl\/sites\/vc\/camila-banados-se-presenta-en-valparaiso\/\" \/>\n<meta property=\"og:locale\" content=\"es_ES\" \/>\n<meta property=\"og:type\" content=\"article\" \/>\n<meta property=\"og:title\" content=\"Camila Ba\u00f1ados se presenta en Valpara\u00edso - Valpara\u00ed\u00adso Creativo\" \/>\n<meta property=\"og:description\" content=\"Figura 1, da el nombre al nuevo Single de Camila Ba\u00f1ados.Celebramos este lanzamiento en un concierto \u00edntimo y a d\u00fao junto al guitarrista&nbsp;@sebaspanguitar \u00a1Nos vemos en Valpara\u00edso! En Maleza, ubicado en la Plazuela San LuisSon poquitos cupos. Afiche por\u00a0@nadigallardoFotograf\u00eda por\u00a0@alelimardoArte por\u00a0@camiladelaiglesiaJoyas de\u00a0@valentinacanesajoyas Compra las entradas haciendo click aqu\u00ed\" \/>\n<meta property=\"og:url\" content=\"https:\/\/dev.antudigital.cl\/sites\/vc\/camila-banados-se-presenta-en-valparaiso\/\" \/>\n<meta property=\"og:site_name\" content=\"Valpara\u00ed\u00adso Creativo\" \/>\n<meta property=\"article:published_time\" content=\"2024-03-14T17:27:42+00:00\" \/>\n<meta property=\"article:modified_time\" content=\"2024-03-14T17:27:48+00:00\" \/>\n<meta property=\"og:image\" content=\"https:\/\/dev.antudigital.cl\/sites\/vc\/wp-content\/uploads\/2024\/03\/Captura-de-Pantalla-2024-03-14-a-las-14.26.03.png\" \/>\n\t<meta property=\"og:image:width\" content=\"1135\" \/>\n\t<meta property=\"og:image:height\" content=\"429\" \/>\n\t<meta property=\"og:image:type\" content=\"image\/png\" \/>\n<meta name=\"author\" content=\"Valpara\u00edso Creativo\" \/>\n<meta name=\"twitter:card\" content=\"summary_large_image\" \/>\n<meta name=\"twitter:label1\" content=\"Escrito por\" \/>\n\t<meta name=\"twitter:data1\" content=\"Valpara\u00edso Creativo\" \/>\n\t<meta name=\"twitter:label2\" content=\"Tiempo de lectura\" \/>\n\t<meta name=\"twitter:data2\" content=\"1 minuto\" \/>\n<script type=\"application\/ld+json\" class=\"yoast-schema-graph\">{\"@context\":\"https:\/\/schema.org\",\"@graph\":[{\"@type\":\"Article\",\"@id\":\"https:\/\/dev.antudigital.cl\/sites\/vc\/camila-banados-se-presenta-en-valparaiso\/#article\",\"isPartOf\":{\"@id\":\"https:\/\/dev.antudigital.cl\/sites\/vc\/camila-banados-se-presenta-en-valparaiso\/\"},\"author\":{\"name\":\"Valpara\u00edso Creativo\",\"@id\":\"https:\/\/dev.antudigital.cl\/sites\/vc\/#\/schema\/person\/c2b9da8dd545e27166fc5ab232837318\"},\"headline\":\"Camila Ba\u00f1ados se presenta en Valpara\u00edso\",\"datePublished\":\"2024-03-14T17:27:42+00:00\",\"dateModified\":\"2024-03-14T17:27:48+00:00\",\"mainEntityOfPage\":{\"@id\":\"https:\/\/dev.antudigital.cl\/sites\/vc\/camila-banados-se-presenta-en-valparaiso\/\"},\"wordCount\":69,\"image\":{\"@id\":\"https:\/\/dev.antudigital.cl\/sites\/vc\/camila-banados-se-presenta-en-valparaiso\/#primaryimage\"},\"thumbnailUrl\":\"https:\/\/dev.antudigital.cl\/sites\/vc\/wp-content\/uploads\/2024\/03\/Captura-de-Pantalla-2024-03-14-a-las-14.26.03.png\",\"articleSection\":[\"Uncategorized\"],\"inLanguage\":\"es\"},{\"@type\":\"WebPage\",\"@id\":\"https:\/\/dev.antudigital.cl\/sites\/vc\/camila-banados-se-presenta-en-valparaiso\/\",\"url\":\"https:\/\/dev.antudigital.cl\/sites\/vc\/camila-banados-se-presenta-en-valparaiso\/\",\"name\":\"Camila Ba\u00f1ados se presenta en Valpara\u00edso - Valpara\u00ed\u00adso Creativo\",\"isPartOf\":{\"@id\":\"https:\/\/dev.antudigital.cl\/sites\/vc\/#website\"},\"primaryImageOfPage\":{\"@id\":\"https:\/\/dev.antudigital.cl\/sites\/vc\/camila-banados-se-presenta-en-valparaiso\/#primaryimage\"},\"image\":{\"@id\":\"https:\/\/dev.antudigital.cl\/sites\/vc\/camila-banados-se-presenta-en-valparaiso\/#primaryimage\"},\"thumbnailUrl\":\"https:\/\/dev.antudigital.cl\/sites\/vc\/wp-content\/uploads\/2024\/03\/Captura-de-Pantalla-2024-03-14-a-las-14.26.03.png\",\"datePublished\":\"2024-03-14T17:27:42+00:00\",\"dateModified\":\"2024-03-14T17:27:48+00:00\",\"author\":{\"@id\":\"https:\/\/dev.antudigital.cl\/sites\/vc\/#\/schema\/person\/c2b9da8dd545e27166fc5ab232837318\"},\"breadcrumb\":{\"@id\":\"https:\/\/dev.antudigital.cl\/sites\/vc\/camila-banados-se-presenta-en-valparaiso\/#breadcrumb\"},\"inLanguage\":\"es\",\"potentialAction\":[{\"@type\":\"ReadAction\",\"target\":[\"https:\/\/dev.antudigital.cl\/sites\/vc\/camila-banados-se-presenta-en-valparaiso\/\"]}]},{\"@type\":\"ImageObject\",\"inLanguage\":\"es\",\"@id\":\"https:\/\/dev.antudigital.cl\/sites\/vc\/camila-banados-se-presenta-en-valparaiso\/#primaryimage\",\"url\":\"https:\/\/dev.antudigital.cl\/sites\/vc\/wp-content\/uploads\/2024\/03\/Captura-de-Pantalla-2024-03-14-a-las-14.26.03.png\",\"contentUrl\":\"https:\/\/dev.antudigital.cl\/sites\/vc\/wp-content\/uploads\/2024\/03\/Captura-de-Pantalla-2024-03-14-a-las-14.26.03.png\",\"width\":1135,\"height\":429},{\"@type\":\"BreadcrumbList\",\"@id\":\"https:\/\/dev.antudigital.cl\/sites\/vc\/camila-banados-se-presenta-en-valparaiso\/#breadcrumb\",\"itemListElement\":[{\"@type\":\"ListItem\",\"position\":1,\"name\":\"Home\",\"item\":\"https:\/\/dev.antudigital.cl\/sites\/vc\/\"},{\"@type\":\"ListItem\",\"position\":2,\"name\":\"Camila Ba\u00f1ados se presenta en Valpara\u00edso\"}]},{\"@type\":\"WebSite\",\"@id\":\"https:\/\/dev.antudigital.cl\/sites\/vc\/#website\",\"url\":\"https:\/\/dev.antudigital.cl\/sites\/vc\/\",\"name\":\"Valpara\u00ed\u00adso Creativo\",\"description\":\"\",\"potentialAction\":[{\"@type\":\"SearchAction\",\"target\":{\"@type\":\"EntryPoint\",\"urlTemplate\":\"https:\/\/dev.antudigital.cl\/sites\/vc\/?s={search_term_string}\"},\"query-input\":{\"@type\":\"PropertyValueSpecification\",\"valueRequired\":true,\"valueName\":\"search_term_string\"}}],\"inLanguage\":\"es\"},{\"@type\":\"Person\",\"@id\":\"https:\/\/dev.antudigital.cl\/sites\/vc\/#\/schema\/person\/c2b9da8dd545e27166fc5ab232837318\",\"name\":\"Valpara\u00edso Creativo\",\"description\":\"Periodista de cultura en la Regi\u00f3n de Valpara\u00edso.\",\"url\":\"https:\/\/dev.antudigital.cl\/sites\/vc\/author\/valpoadmin\/\"}]}<\/script>\n<!-- \/ Yoast SEO plugin. -->","yoast_head_json":{"title":"Camila Ba\u00f1ados se presenta en Valpara\u00edso - Valpara\u00ed\u00adso Creativo","robots":{"index":"index","follow":"follow","max-snippet":"max-snippet:-1","max-image-preview":"max-image-preview:large","max-video-preview":"max-video-preview:-1"},"canonical":"https:\/\/dev.antudigital.cl\/sites\/vc\/camila-banados-se-presenta-en-valparaiso\/","og_locale":"es_ES","og_type":"article","og_title":"Camila Ba\u00f1ados se presenta en Valpara\u00edso - Valpara\u00ed\u00adso Creativo","og_description":"Figura 1, da el nombre al nuevo Single de Camila Ba\u00f1ados.Celebramos este lanzamiento en un concierto \u00edntimo y a d\u00fao junto al guitarrista&nbsp;@sebaspanguitar \u00a1Nos vemos en Valpara\u00edso! En Maleza, ubicado en la Plazuela San LuisSon poquitos cupos. Afiche por\u00a0@nadigallardoFotograf\u00eda por\u00a0@alelimardoArte por\u00a0@camiladelaiglesiaJoyas de\u00a0@valentinacanesajoyas Compra las entradas haciendo click aqu\u00ed","og_url":"https:\/\/dev.antudigital.cl\/sites\/vc\/camila-banados-se-presenta-en-valparaiso\/","og_site_name":"Valpara\u00ed\u00adso Creativo","article_published_time":"2024-03-14T17:27:42+00:00","article_modified_time":"2024-03-14T17:27:48+00:00","og_image":[{"width":1135,"height":429,"url":"https:\/\/dev.antudigital.cl\/sites\/vc\/wp-content\/uploads\/2024\/03\/Captura-de-Pantalla-2024-03-14-a-las-14.26.03.png","type":"image\/png"}],"author":"Valpara\u00edso Creativo","twitter_card":"summary_large_image","twitter_misc":{"Escrito por":"Valpara\u00edso Creativo","Tiempo de lectura":"1 minuto"},"schema":{"@context":"https:\/\/schema.org","@graph":[{"@type":"Article","@id":"https:\/\/dev.antudigital.cl\/sites\/vc\/camila-banados-se-presenta-en-valparaiso\/#article","isPartOf":{"@id":"https:\/\/dev.antudigital.cl\/sites\/vc\/camila-banados-se-presenta-en-valparaiso\/"},"author":{"name":"Valpara\u00edso Creativo","@id":"https:\/\/dev.antudigital.cl\/sites\/vc\/#\/schema\/person\/c2b9da8dd545e27166fc5ab232837318"},"headline":"Camila Ba\u00f1ados se presenta en Valpara\u00edso","datePublished":"2024-03-14T17:27:42+00:00","dateModified":"2024-03-14T17:27:48+00:00","mainEntityOfPage":{"@id":"https:\/\/dev.antudigital.cl\/sites\/vc\/camila-banados-se-presenta-en-valparaiso\/"},"wordCount":69,"image":{"@id":"https:\/\/dev.antudigital.cl\/sites\/vc\/camila-banados-se-presenta-en-valparaiso\/#primaryimage"},"thumbnailUrl":"https:\/\/dev.antudigital.cl\/sites\/vc\/wp-content\/uploads\/2024\/03\/Captura-de-Pantalla-2024-03-14-a-las-14.26.03.png","articleSection":["Uncategorized"],"inLanguage":"es"},{"@type":"WebPage","@id":"https:\/\/dev.antudigital.cl\/sites\/vc\/camila-banados-se-presenta-en-valparaiso\/","url":"https:\/\/dev.antudigital.cl\/sites\/vc\/camila-banados-se-presenta-en-valparaiso\/","name":"Camila Ba\u00f1ados se presenta en Valpara\u00edso - Valpara\u00ed\u00adso Creativo","isPartOf":{"@id":"https:\/\/dev.antudigital.cl\/sites\/vc\/#website"},"primaryImageOfPage":{"@id":"https:\/\/dev.antudigital.cl\/sites\/vc\/camila-banados-se-presenta-en-valparaiso\/#primaryimage"},"image":{"@id":"https:\/\/dev.antudigital.cl\/sites\/vc\/camila-banados-se-presenta-en-valparaiso\/#primaryimage"},"thumbnailUrl":"https:\/\/dev.antudigital.cl\/sites\/vc\/wp-content\/uploads\/2024\/03\/Captura-de-Pantalla-2024-03-14-a-las-14.26.03.png","datePublished":"2024-03-14T17:27:42+00:00","dateModified":"2024-03-14T17:27:48+00:00","author":{"@id":"https:\/\/dev.antudigital.cl\/sites\/vc\/#\/schema\/person\/c2b9da8dd545e27166fc5ab232837318"},"breadcrumb":{"@id":"https:\/\/dev.antudigital.cl\/sites\/vc\/camila-banados-se-presenta-en-valparaiso\/#breadcrumb"},"inLanguage":"es","potentialAction":[{"@type":"ReadAction","target":["https:\/\/dev.antudigital.cl\/sites\/vc\/camila-banados-se-presenta-en-valparaiso\/"]}]},{"@type":"ImageObject","inLanguage":"es","@id":"https:\/\/dev.antudigital.cl\/sites\/vc\/camila-banados-se-presenta-en-valparaiso\/#primaryimage","url":"https:\/\/dev.antudigital.cl\/sites\/vc\/wp-content\/uploads\/2024\/03\/Captura-de-Pantalla-2024-03-14-a-las-14.26.03.png","contentUrl":"https:\/\/dev.antudigital.cl\/sites\/vc\/wp-content\/uploads\/2024\/03\/Captura-de-Pantalla-2024-03-14-a-las-14.26.03.png","width":1135,"height":429},{"@type":"BreadcrumbList","@id":"https:\/\/dev.antudigital.cl\/sites\/vc\/camila-banados-se-presenta-en-valparaiso\/#breadcrumb","itemListElement":[{"@type":"ListItem","position":1,"name":"Home","item":"https:\/\/dev.antudigital.cl\/sites\/vc\/"},{"@type":"ListItem","position":2,"name":"Camila Ba\u00f1ados se presenta en Valpara\u00edso"}]},{"@type":"WebSite","@id":"https:\/\/dev.antudigital.cl\/sites\/vc\/#website","url":"https:\/\/dev.antudigital.cl\/sites\/vc\/","name":"Valpara\u00ed\u00adso Creativo","description":"","potentialAction":[{"@type":"SearchAction","target":{"@type":"EntryPoint","urlTemplate":"https:\/\/dev.antudigital.cl\/sites\/vc\/?s={search_term_string}"},"query-input":{"@type":"PropertyValueSpecification","valueRequired":true,"valueName":"search_term_string"}}],"inLanguage":"es"},{"@type":"Person","@id":"https:\/\/dev.antudigital.cl\/sites\/vc\/#\/schema\/person\/c2b9da8dd545e27166fc5ab232837318","name":"Valpara\u00edso Creativo","description":"Periodista de cultura en la Regi\u00f3n de Valpara\u00edso.","url":"https:\/\/dev.antudigital.cl\/sites\/vc\/author\/valpoadmin\/"}]}},"_links":{"self":[{"href":"https:\/\/dev.antudigital.cl\/sites\/vc\/wp-json\/wp\/v2\/posts\/18614","targetHints":{"allow":["GET"]}}],"collection":[{"href":"https:\/\/dev.antudigital.cl\/sites\/vc\/wp-json\/wp\/v2\/posts"}],"about":[{"href":"https:\/\/dev.antudigital.cl\/sites\/vc\/wp-json\/wp\/v2\/types\/post"}],"author":[{"embeddable":true,"href":"https:\/\/dev.antudigital.cl\/sites\/vc\/wp-json\/wp\/v2\/users\/1"}],"replies":[{"embeddable":true,"href":"https:\/\/dev.antudigital.cl\/sites\/vc\/wp-json\/wp\/v2\/comments?post=18614"}],"version-history":[{"count":1,"href":"https:\/\/dev.antudigital.cl\/sites\/vc\/wp-json\/wp\/v2\/posts\/18614\/revisions"}],"predecessor-version":[{"id":18617,"href":"https:\/\/dev.antudigital.cl\/sites\/vc\/wp-json\/wp\/v2\/posts\/18614\/revisions\/18617"}],"wp:featuredmedia":[{"embeddable":true,"href":"https:\/\/dev.antudigital.cl\/sites\/vc\/wp-json\/wp\/v2\/media\/18616"}],"wp:attachment":[{"href":"https:\/\/dev.antudigital.cl\/sites\/vc\/wp-json\/wp\/v2\/media?parent=18614"}],"wp:term":[{"taxonomy":"category","embeddable":true,"href":"https:\/\/dev.antudigital.cl\/sites\/vc\/wp-json\/wp\/v2\/categories?post=18614"},{"taxonomy":"post_tag","embeddable":true,"href":"https:\/\/dev.antudigital.cl\/sites\/vc\/wp-json\/wp\/v2\/tags?post=18614"}],"curies":[{"name":"wp","href":"https:\/\/api.w.org\/{rel}","templated":true}]}}