{"id":18624,"date":"2024-03-14T17:49:34","date_gmt":"2024-03-14T17:49:34","guid":{"rendered":"https:\/\/www.valparaisocreativo.cl\/?p=18624"},"modified":"2024-03-14T17:49:41","modified_gmt":"2024-03-14T17:49:41","slug":"la-alta-costura-llega-a-insomnia-con-el-estreno-mubi-sobre-el-ascenso-y-caida-del-disenador-john-galliano","status":"publish","type":"post","link":"https:\/\/dev.antudigital.cl\/sites\/vc\/la-alta-costura-llega-a-insomnia-con-el-estreno-mubi-sobre-el-ascenso-y-caida-del-disenador-john-galliano\/","title":{"rendered":"La alta costura llega a INSOMNIA con el estreno MUBI sobre el ascenso y ca\u00edda del dise\u00f1ador John Galliano"},"content":{"rendered":"\n<p>El director brit\u00e1nico&nbsp;Kevin Macdonald dirige el emocionante documental biogr\u00e1fico de John Galliano, un film que se estrena en INSOMNIA Teatro Condell, de la mano de la plataforma MUbi, este s\u00e1bado 16 de marzo a las 19:00 hrs. \u201cAscenso y ca\u00edda: John Galliano\u201d retrata la vida de Juan Carlos Antonio Galliano-Guill\u00e9n, el dise\u00f1ador de moda brit\u00e1nico de madre espa\u00f1ola y padre gibraltare\u00f1o, que fue mundialmente famoso por su participaci\u00f3n en firmas como Givenchy y Christian Dior.<\/p>\n\n\n\n<p>Ampliamente reconocido como uno de los dise\u00f1adores de moda m\u00e1s influyentes y exitosos de nuestro tiempo, John Galliano visti\u00f3 a los hombres y mujeres m\u00e1s bellos e influyentes del mundo durante casi 15 a\u00f1os en Givenchy y Dior. En 2011, la carrera de Galliano termin\u00f3 abruptamente tras ser grabado en video usando insultos antisemitas y racistas. La pel\u00edcula del ganador del Oscar Kevin Macdonald investiga las m\u00faltiples facetas y contradicciones del car\u00e1cter de Galliano y el contexto, que incluye d\u00e9cadas de presi\u00f3n de la industria y adicci\u00f3n a las drogas y el alcohol, que rodearon su ca\u00edda y su recuperaci\u00f3n.<\/p>\n\n\n\n<figure class=\"wp-block-image size-large\"><img fetchpriority=\"high\" decoding=\"async\" width=\"1024\" height=\"683\" src=\"https:\/\/www.valparaisocreativo.cl\/wp-content\/uploads\/2024\/03\/Copy-of-HIGH-LOW_Still_1-1024x683.jpg\" alt=\"\" class=\"wp-image-18627\" srcset=\"https:\/\/dev.antudigital.cl\/sites\/vc\/wp-content\/uploads\/2024\/03\/Copy-of-HIGH-LOW_Still_1-1024x683.jpg 1024w, https:\/\/dev.antudigital.cl\/sites\/vc\/wp-content\/uploads\/2024\/03\/Copy-of-HIGH-LOW_Still_1-300x200.jpg 300w, https:\/\/dev.antudigital.cl\/sites\/vc\/wp-content\/uploads\/2024\/03\/Copy-of-HIGH-LOW_Still_1-768x512.jpg 768w, https:\/\/dev.antudigital.cl\/sites\/vc\/wp-content\/uploads\/2024\/03\/Copy-of-HIGH-LOW_Still_1-1536x1024.jpg 1536w, https:\/\/dev.antudigital.cl\/sites\/vc\/wp-content\/uploads\/2024\/03\/Copy-of-HIGH-LOW_Still_1-2048x1366.jpg 2048w, https:\/\/dev.antudigital.cl\/sites\/vc\/wp-content\/uploads\/2024\/03\/Copy-of-HIGH-LOW_Still_1-1080x720.jpg 1080w, https:\/\/dev.antudigital.cl\/sites\/vc\/wp-content\/uploads\/2024\/03\/Copy-of-HIGH-LOW_Still_1-1280x854.jpg 1280w, https:\/\/dev.antudigital.cl\/sites\/vc\/wp-content\/uploads\/2024\/03\/Copy-of-HIGH-LOW_Still_1-980x653.jpg 980w, https:\/\/dev.antudigital.cl\/sites\/vc\/wp-content\/uploads\/2024\/03\/Copy-of-HIGH-LOW_Still_1-480x320.jpg 480w, https:\/\/dev.antudigital.cl\/sites\/vc\/wp-content\/uploads\/2024\/03\/Copy-of-HIGH-LOW_Still_1-24x16.jpg 24w, https:\/\/dev.antudigital.cl\/sites\/vc\/wp-content\/uploads\/2024\/03\/Copy-of-HIGH-LOW_Still_1-36x24.jpg 36w, https:\/\/dev.antudigital.cl\/sites\/vc\/wp-content\/uploads\/2024\/03\/Copy-of-HIGH-LOW_Still_1-48x32.jpg 48w\" sizes=\"(max-width: 1024px) 100vw, 1024px\" \/><\/figure>\n\n\n\n<p>A trav\u00e9s de entrevistas con sus amigos m\u00e1s \u00edntimos y su familia, as\u00ed como con algunas de las m\u00e1s conocidas celebridades del mundo de la moda y el pop (Naomi Campbell, Kate Moss, Pen\u00e9lope Cruz, Charlize Theron, Anna Wintour), y con el propio John Galliano, Macdonald retrata al hombre detr\u00e1s del genio de la moda y su b\u00fasqueda de redenci\u00f3n.<\/p>\n\n\n\n<p>Kevin Macdonald explic\u00f3 que su documental busca interpelar al p\u00fablico y llamarlo a reflexionar sobre temas como la redenci\u00f3n y el perd\u00f3n: \u201cestaba buscando un modo de realizar un film acerca de lo que pasa cuando la gente famosa transgrede reglas sociales, y comprender c\u00f3mo ellos manejan esa experiencia y buscan el perd\u00f3n de la sociedad. Nuestra sociedad tiene una relaci\u00f3n que evoluciona en torno a la idea de la redenci\u00f3n, qui\u00e9n puede ser redimido y c\u00f3mo. Yo estaba interesado en realizar un documental acerca de lo que pasa cuando haces algo absolutamente inaceptable, \u00bfc\u00f3mo buscas el perd\u00f3n y la redenci\u00f3n? \u00bfDeber\u00edas ser perdonado? Mi intenci\u00f3n era que esta pel\u00edcula invitara a la reflexi\u00f3n y tuviera matices. Espero que el p\u00fablico deje el teatro con preguntas y discusiones. En nuestras proyecciones de prueba, ha sido fascinante ver las diferencias de opini\u00f3n entre quienes las vieron\u201d.<\/p>\n\n\n\n<p>Galliano y Macdonald comenzaron a conversar despu\u00e9s de la primera cuarentena por la pandemia en 2020, gracias a que un amigo mutuo los puso en contacto. Su primera entrevista de prueba fue en agosto del 2021 durante las vacaciones de Galliano en el sur de Francia junto a su pareja Alexis Roche.<\/p>\n\n\n\n<figure class=\"wp-block-image size-large\"><img decoding=\"async\" width=\"1024\" height=\"683\" src=\"https:\/\/www.valparaisocreativo.cl\/wp-content\/uploads\/2024\/03\/HIGH-LOW_Still_7-1024x683.jpg\" alt=\"\" class=\"wp-image-18625\" srcset=\"https:\/\/dev.antudigital.cl\/sites\/vc\/wp-content\/uploads\/2024\/03\/HIGH-LOW_Still_7-1024x683.jpg 1024w, https:\/\/dev.antudigital.cl\/sites\/vc\/wp-content\/uploads\/2024\/03\/HIGH-LOW_Still_7-300x200.jpg 300w, https:\/\/dev.antudigital.cl\/sites\/vc\/wp-content\/uploads\/2024\/03\/HIGH-LOW_Still_7-768x512.jpg 768w, https:\/\/dev.antudigital.cl\/sites\/vc\/wp-content\/uploads\/2024\/03\/HIGH-LOW_Still_7-1536x1025.jpg 1536w, https:\/\/dev.antudigital.cl\/sites\/vc\/wp-content\/uploads\/2024\/03\/HIGH-LOW_Still_7-2048x1366.jpg 2048w, https:\/\/dev.antudigital.cl\/sites\/vc\/wp-content\/uploads\/2024\/03\/HIGH-LOW_Still_7-1080x720.jpg 1080w, https:\/\/dev.antudigital.cl\/sites\/vc\/wp-content\/uploads\/2024\/03\/HIGH-LOW_Still_7-1280x854.jpg 1280w, https:\/\/dev.antudigital.cl\/sites\/vc\/wp-content\/uploads\/2024\/03\/HIGH-LOW_Still_7-980x654.jpg 980w, https:\/\/dev.antudigital.cl\/sites\/vc\/wp-content\/uploads\/2024\/03\/HIGH-LOW_Still_7-480x320.jpg 480w, https:\/\/dev.antudigital.cl\/sites\/vc\/wp-content\/uploads\/2024\/03\/HIGH-LOW_Still_7-24x16.jpg 24w, https:\/\/dev.antudigital.cl\/sites\/vc\/wp-content\/uploads\/2024\/03\/HIGH-LOW_Still_7-36x24.jpg 36w, https:\/\/dev.antudigital.cl\/sites\/vc\/wp-content\/uploads\/2024\/03\/HIGH-LOW_Still_7-48x32.jpg 48w\" sizes=\"(max-width: 1024px) 100vw, 1024px\" \/><\/figure>\n\n\n\n<p>\u201cLo que m\u00e1s me impresion\u00f3 fue que John no entend\u00eda realmente lo que hab\u00eda sucedido; todav\u00eda era un misterio para \u00e9l. Durante esa primera entrevista de 6 horas (gran parte de la cual est\u00e1 en la pel\u00edcula terminada) me sorprendi\u00f3 lo c\u00f3modo que estaba John, mirando directamente a la lente de la c\u00e1mara. Ten\u00eda la sensaci\u00f3n de un confesionario\u201d, explic\u00f3 Macdonald.<\/p>\n\n\n\n<p>Finalmente, el director precis\u00f3: \u201cno tengo un inter\u00e9s particular en la moda, pero estaba interesado en Galliano como personaje y su papel en la transformaci\u00f3n de la industria desde finales de los 90 hasta principios de 2010. Tuvimos suerte de tener acceso a una enorme cantidad de material de archivo de sus d\u00edas en LVMH y fue extraordinario ver c\u00f3mo los modales t\u00edmidos de John se transforman a lo largo de los a\u00f1os. Incluso viendo este documental con el sonido apagado se puede ver en la evoluci\u00f3n del rostro de Galliano que est\u00e1 emprendiendo un viaje\u201d.<\/p>\n\n\n\n<p>La pel\u00edcula fue producida por Chloe Mamelok y Kevin Macdonald a trav\u00e9s de Macdonald&#8217;s. productora KGB Films, en asociaci\u00f3n con Cond\u00e9 Nast Entertainment. Adem\u00e1s de su fecha de estreno el s\u00e1bado 16 de marzo a las 19:00 hrs. se proyectar\u00e1 los d\u00edas mi\u00e9rcoles 20 (21:30) y domingo 31 de marzo (18:00). Para m\u00e1s informaci\u00f3n visita&nbsp;<a href=\"http:\/\/www.insomniacine.cl\/\" target=\"_blank\" rel=\"noreferrer noopener\">www.insomniacine.cl<\/a>.&nbsp;<\/p>\n","protected":false},"excerpt":{"rendered":"<p>El director brit\u00e1nico&nbsp;Kevin Macdonald dirige el emocionante documental biogr\u00e1fico de John Galliano, un film que se estrena en INSOMNIA Teatro Condell, de la mano de la plataforma MUbi, este s\u00e1bado 16 de marzo a las 19:00 hrs. \u201cAscenso y ca\u00edda: John Galliano\u201d retrata la vida de Juan Carlos Antonio Galliano-Guill\u00e9n, el dise\u00f1ador de moda brit\u00e1nico [&hellip;]<\/p>\n","protected":false},"author":1,"featured_media":18626,"comment_status":"closed","ping_status":"closed","sticky":false,"template":"","format":"standard","meta":{"_acf_changed":false,"footnotes":""},"categories":[1],"tags":[],"class_list":["post-18624","post","type-post","status-publish","format-standard","has-post-thumbnail","hentry","category-uncategorized"],"acf":[],"yoast_head":"<!-- This site is optimized with the Yoast SEO plugin v27.1.1 - https:\/\/yoast.com\/product\/yoast-seo-wordpress\/ -->\n<title>La alta costura llega a INSOMNIA con el estreno MUBI sobre el ascenso y ca\u00edda del dise\u00f1ador John Galliano - Valpara\u00ed\u00adso Creativo<\/title>\n<meta name=\"robots\" content=\"index, follow, max-snippet:-1, max-image-preview:large, max-video-preview:-1\" \/>\n<link rel=\"canonical\" href=\"https:\/\/dev.antudigital.cl\/sites\/vc\/la-alta-costura-llega-a-insomnia-con-el-estreno-mubi-sobre-el-ascenso-y-caida-del-disenador-john-galliano\/\" \/>\n<meta property=\"og:locale\" content=\"es_ES\" \/>\n<meta property=\"og:type\" content=\"article\" \/>\n<meta property=\"og:title\" content=\"La alta costura llega a INSOMNIA con el estreno MUBI sobre el ascenso y ca\u00edda del dise\u00f1ador John Galliano - Valpara\u00ed\u00adso Creativo\" \/>\n<meta property=\"og:description\" content=\"El director brit\u00e1nico&nbsp;Kevin Macdonald dirige el emocionante documental biogr\u00e1fico de John Galliano, un film que se estrena en INSOMNIA Teatro Condell, de la mano de la plataforma MUbi, este s\u00e1bado 16 de marzo a las 19:00 hrs. \u201cAscenso y ca\u00edda: John Galliano\u201d retrata la vida de Juan Carlos Antonio Galliano-Guill\u00e9n, el dise\u00f1ador de moda brit\u00e1nico [&hellip;]\" \/>\n<meta property=\"og:url\" content=\"https:\/\/dev.antudigital.cl\/sites\/vc\/la-alta-costura-llega-a-insomnia-con-el-estreno-mubi-sobre-el-ascenso-y-caida-del-disenador-john-galliano\/\" \/>\n<meta property=\"og:site_name\" content=\"Valpara\u00ed\u00adso Creativo\" \/>\n<meta property=\"article:published_time\" content=\"2024-03-14T17:49:34+00:00\" \/>\n<meta property=\"article:modified_time\" content=\"2024-03-14T17:49:41+00:00\" \/>\n<meta property=\"og:image\" content=\"https:\/\/dev.antudigital.cl\/sites\/vc\/wp-content\/uploads\/2024\/03\/Copy-of-HL_ES_QUAD_DIGITAL_COMING_SOON_4000x3000.jpg\" \/>\n\t<meta property=\"og:image:width\" content=\"1772\" \/>\n\t<meta property=\"og:image:height\" content=\"1329\" \/>\n\t<meta property=\"og:image:type\" content=\"image\/jpeg\" \/>\n<meta name=\"author\" content=\"Valpara\u00edso Creativo\" \/>\n<meta name=\"twitter:card\" content=\"summary_large_image\" \/>\n<meta name=\"twitter:label1\" content=\"Escrito por\" \/>\n\t<meta name=\"twitter:data1\" content=\"Valpara\u00edso Creativo\" \/>\n\t<meta name=\"twitter:label2\" content=\"Tiempo de lectura\" \/>\n\t<meta name=\"twitter:data2\" content=\"4 minutos\" \/>\n<script type=\"application\/ld+json\" class=\"yoast-schema-graph\">{\"@context\":\"https:\/\/schema.org\",\"@graph\":[{\"@type\":\"Article\",\"@id\":\"https:\/\/dev.antudigital.cl\/sites\/vc\/la-alta-costura-llega-a-insomnia-con-el-estreno-mubi-sobre-el-ascenso-y-caida-del-disenador-john-galliano\/#article\",\"isPartOf\":{\"@id\":\"https:\/\/dev.antudigital.cl\/sites\/vc\/la-alta-costura-llega-a-insomnia-con-el-estreno-mubi-sobre-el-ascenso-y-caida-del-disenador-john-galliano\/\"},\"author\":{\"name\":\"Valpara\u00edso Creativo\",\"@id\":\"https:\/\/dev.antudigital.cl\/sites\/vc\/#\/schema\/person\/c2b9da8dd545e27166fc5ab232837318\"},\"headline\":\"La alta costura llega a INSOMNIA con el estreno MUBI sobre el ascenso y ca\u00edda del dise\u00f1ador John Galliano\",\"datePublished\":\"2024-03-14T17:49:34+00:00\",\"dateModified\":\"2024-03-14T17:49:41+00:00\",\"mainEntityOfPage\":{\"@id\":\"https:\/\/dev.antudigital.cl\/sites\/vc\/la-alta-costura-llega-a-insomnia-con-el-estreno-mubi-sobre-el-ascenso-y-caida-del-disenador-john-galliano\/\"},\"wordCount\":731,\"image\":{\"@id\":\"https:\/\/dev.antudigital.cl\/sites\/vc\/la-alta-costura-llega-a-insomnia-con-el-estreno-mubi-sobre-el-ascenso-y-caida-del-disenador-john-galliano\/#primaryimage\"},\"thumbnailUrl\":\"https:\/\/dev.antudigital.cl\/sites\/vc\/wp-content\/uploads\/2024\/03\/Copy-of-HL_ES_QUAD_DIGITAL_COMING_SOON_4000x3000.jpg\",\"articleSection\":[\"Uncategorized\"],\"inLanguage\":\"es\"},{\"@type\":\"WebPage\",\"@id\":\"https:\/\/dev.antudigital.cl\/sites\/vc\/la-alta-costura-llega-a-insomnia-con-el-estreno-mubi-sobre-el-ascenso-y-caida-del-disenador-john-galliano\/\",\"url\":\"https:\/\/dev.antudigital.cl\/sites\/vc\/la-alta-costura-llega-a-insomnia-con-el-estreno-mubi-sobre-el-ascenso-y-caida-del-disenador-john-galliano\/\",\"name\":\"La alta costura llega a INSOMNIA con el estreno MUBI sobre el ascenso y ca\u00edda del dise\u00f1ador John Galliano - Valpara\u00ed\u00adso Creativo\",\"isPartOf\":{\"@id\":\"https:\/\/dev.antudigital.cl\/sites\/vc\/#website\"},\"primaryImageOfPage\":{\"@id\":\"https:\/\/dev.antudigital.cl\/sites\/vc\/la-alta-costura-llega-a-insomnia-con-el-estreno-mubi-sobre-el-ascenso-y-caida-del-disenador-john-galliano\/#primaryimage\"},\"image\":{\"@id\":\"https:\/\/dev.antudigital.cl\/sites\/vc\/la-alta-costura-llega-a-insomnia-con-el-estreno-mubi-sobre-el-ascenso-y-caida-del-disenador-john-galliano\/#primaryimage\"},\"thumbnailUrl\":\"https:\/\/dev.antudigital.cl\/sites\/vc\/wp-content\/uploads\/2024\/03\/Copy-of-HL_ES_QUAD_DIGITAL_COMING_SOON_4000x3000.jpg\",\"datePublished\":\"2024-03-14T17:49:34+00:00\",\"dateModified\":\"2024-03-14T17:49:41+00:00\",\"author\":{\"@id\":\"https:\/\/dev.antudigital.cl\/sites\/vc\/#\/schema\/person\/c2b9da8dd545e27166fc5ab232837318\"},\"breadcrumb\":{\"@id\":\"https:\/\/dev.antudigital.cl\/sites\/vc\/la-alta-costura-llega-a-insomnia-con-el-estreno-mubi-sobre-el-ascenso-y-caida-del-disenador-john-galliano\/#breadcrumb\"},\"inLanguage\":\"es\",\"potentialAction\":[{\"@type\":\"ReadAction\",\"target\":[\"https:\/\/dev.antudigital.cl\/sites\/vc\/la-alta-costura-llega-a-insomnia-con-el-estreno-mubi-sobre-el-ascenso-y-caida-del-disenador-john-galliano\/\"]}]},{\"@type\":\"ImageObject\",\"inLanguage\":\"es\",\"@id\":\"https:\/\/dev.antudigital.cl\/sites\/vc\/la-alta-costura-llega-a-insomnia-con-el-estreno-mubi-sobre-el-ascenso-y-caida-del-disenador-john-galliano\/#primaryimage\",\"url\":\"https:\/\/dev.antudigital.cl\/sites\/vc\/wp-content\/uploads\/2024\/03\/Copy-of-HL_ES_QUAD_DIGITAL_COMING_SOON_4000x3000.jpg\",\"contentUrl\":\"https:\/\/dev.antudigital.cl\/sites\/vc\/wp-content\/uploads\/2024\/03\/Copy-of-HL_ES_QUAD_DIGITAL_COMING_SOON_4000x3000.jpg\",\"width\":1772,\"height\":1329},{\"@type\":\"BreadcrumbList\",\"@id\":\"https:\/\/dev.antudigital.cl\/sites\/vc\/la-alta-costura-llega-a-insomnia-con-el-estreno-mubi-sobre-el-ascenso-y-caida-del-disenador-john-galliano\/#breadcrumb\",\"itemListElement\":[{\"@type\":\"ListItem\",\"position\":1,\"name\":\"Home\",\"item\":\"https:\/\/dev.antudigital.cl\/sites\/vc\/\"},{\"@type\":\"ListItem\",\"position\":2,\"name\":\"La alta costura llega a INSOMNIA con el estreno MUBI sobre el ascenso y ca\u00edda del dise\u00f1ador John Galliano\"}]},{\"@type\":\"WebSite\",\"@id\":\"https:\/\/dev.antudigital.cl\/sites\/vc\/#website\",\"url\":\"https:\/\/dev.antudigital.cl\/sites\/vc\/\",\"name\":\"Valpara\u00ed\u00adso Creativo\",\"description\":\"\",\"potentialAction\":[{\"@type\":\"SearchAction\",\"target\":{\"@type\":\"EntryPoint\",\"urlTemplate\":\"https:\/\/dev.antudigital.cl\/sites\/vc\/?s={search_term_string}\"},\"query-input\":{\"@type\":\"PropertyValueSpecification\",\"valueRequired\":true,\"valueName\":\"search_term_string\"}}],\"inLanguage\":\"es\"},{\"@type\":\"Person\",\"@id\":\"https:\/\/dev.antudigital.cl\/sites\/vc\/#\/schema\/person\/c2b9da8dd545e27166fc5ab232837318\",\"name\":\"Valpara\u00edso Creativo\",\"description\":\"Periodista de cultura en la Regi\u00f3n de Valpara\u00edso.\",\"url\":\"https:\/\/dev.antudigital.cl\/sites\/vc\/author\/valpoadmin\/\"}]}<\/script>\n<!-- \/ Yoast SEO plugin. -->","yoast_head_json":{"title":"La alta costura llega a INSOMNIA con el estreno MUBI sobre el ascenso y ca\u00edda del dise\u00f1ador John Galliano - Valpara\u00ed\u00adso Creativo","robots":{"index":"index","follow":"follow","max-snippet":"max-snippet:-1","max-image-preview":"max-image-preview:large","max-video-preview":"max-video-preview:-1"},"canonical":"https:\/\/dev.antudigital.cl\/sites\/vc\/la-alta-costura-llega-a-insomnia-con-el-estreno-mubi-sobre-el-ascenso-y-caida-del-disenador-john-galliano\/","og_locale":"es_ES","og_type":"article","og_title":"La alta costura llega a INSOMNIA con el estreno MUBI sobre el ascenso y ca\u00edda del dise\u00f1ador John Galliano - Valpara\u00ed\u00adso Creativo","og_description":"El director brit\u00e1nico&nbsp;Kevin Macdonald dirige el emocionante documental biogr\u00e1fico de John Galliano, un film que se estrena en INSOMNIA Teatro Condell, de la mano de la plataforma MUbi, este s\u00e1bado 16 de marzo a las 19:00 hrs. \u201cAscenso y ca\u00edda: John Galliano\u201d retrata la vida de Juan Carlos Antonio Galliano-Guill\u00e9n, el dise\u00f1ador de moda brit\u00e1nico [&hellip;]","og_url":"https:\/\/dev.antudigital.cl\/sites\/vc\/la-alta-costura-llega-a-insomnia-con-el-estreno-mubi-sobre-el-ascenso-y-caida-del-disenador-john-galliano\/","og_site_name":"Valpara\u00ed\u00adso Creativo","article_published_time":"2024-03-14T17:49:34+00:00","article_modified_time":"2024-03-14T17:49:41+00:00","og_image":[{"width":1772,"height":1329,"url":"https:\/\/dev.antudigital.cl\/sites\/vc\/wp-content\/uploads\/2024\/03\/Copy-of-HL_ES_QUAD_DIGITAL_COMING_SOON_4000x3000.jpg","type":"image\/jpeg"}],"author":"Valpara\u00edso Creativo","twitter_card":"summary_large_image","twitter_misc":{"Escrito por":"Valpara\u00edso Creativo","Tiempo de lectura":"4 minutos"},"schema":{"@context":"https:\/\/schema.org","@graph":[{"@type":"Article","@id":"https:\/\/dev.antudigital.cl\/sites\/vc\/la-alta-costura-llega-a-insomnia-con-el-estreno-mubi-sobre-el-ascenso-y-caida-del-disenador-john-galliano\/#article","isPartOf":{"@id":"https:\/\/dev.antudigital.cl\/sites\/vc\/la-alta-costura-llega-a-insomnia-con-el-estreno-mubi-sobre-el-ascenso-y-caida-del-disenador-john-galliano\/"},"author":{"name":"Valpara\u00edso Creativo","@id":"https:\/\/dev.antudigital.cl\/sites\/vc\/#\/schema\/person\/c2b9da8dd545e27166fc5ab232837318"},"headline":"La alta costura llega a INSOMNIA con el estreno MUBI sobre el ascenso y ca\u00edda del dise\u00f1ador John Galliano","datePublished":"2024-03-14T17:49:34+00:00","dateModified":"2024-03-14T17:49:41+00:00","mainEntityOfPage":{"@id":"https:\/\/dev.antudigital.cl\/sites\/vc\/la-alta-costura-llega-a-insomnia-con-el-estreno-mubi-sobre-el-ascenso-y-caida-del-disenador-john-galliano\/"},"wordCount":731,"image":{"@id":"https:\/\/dev.antudigital.cl\/sites\/vc\/la-alta-costura-llega-a-insomnia-con-el-estreno-mubi-sobre-el-ascenso-y-caida-del-disenador-john-galliano\/#primaryimage"},"thumbnailUrl":"https:\/\/dev.antudigital.cl\/sites\/vc\/wp-content\/uploads\/2024\/03\/Copy-of-HL_ES_QUAD_DIGITAL_COMING_SOON_4000x3000.jpg","articleSection":["Uncategorized"],"inLanguage":"es"},{"@type":"WebPage","@id":"https:\/\/dev.antudigital.cl\/sites\/vc\/la-alta-costura-llega-a-insomnia-con-el-estreno-mubi-sobre-el-ascenso-y-caida-del-disenador-john-galliano\/","url":"https:\/\/dev.antudigital.cl\/sites\/vc\/la-alta-costura-llega-a-insomnia-con-el-estreno-mubi-sobre-el-ascenso-y-caida-del-disenador-john-galliano\/","name":"La alta costura llega a INSOMNIA con el estreno MUBI sobre el ascenso y ca\u00edda del dise\u00f1ador John Galliano - Valpara\u00ed\u00adso Creativo","isPartOf":{"@id":"https:\/\/dev.antudigital.cl\/sites\/vc\/#website"},"primaryImageOfPage":{"@id":"https:\/\/dev.antudigital.cl\/sites\/vc\/la-alta-costura-llega-a-insomnia-con-el-estreno-mubi-sobre-el-ascenso-y-caida-del-disenador-john-galliano\/#primaryimage"},"image":{"@id":"https:\/\/dev.antudigital.cl\/sites\/vc\/la-alta-costura-llega-a-insomnia-con-el-estreno-mubi-sobre-el-ascenso-y-caida-del-disenador-john-galliano\/#primaryimage"},"thumbnailUrl":"https:\/\/dev.antudigital.cl\/sites\/vc\/wp-content\/uploads\/2024\/03\/Copy-of-HL_ES_QUAD_DIGITAL_COMING_SOON_4000x3000.jpg","datePublished":"2024-03-14T17:49:34+00:00","dateModified":"2024-03-14T17:49:41+00:00","author":{"@id":"https:\/\/dev.antudigital.cl\/sites\/vc\/#\/schema\/person\/c2b9da8dd545e27166fc5ab232837318"},"breadcrumb":{"@id":"https:\/\/dev.antudigital.cl\/sites\/vc\/la-alta-costura-llega-a-insomnia-con-el-estreno-mubi-sobre-el-ascenso-y-caida-del-disenador-john-galliano\/#breadcrumb"},"inLanguage":"es","potentialAction":[{"@type":"ReadAction","target":["https:\/\/dev.antudigital.cl\/sites\/vc\/la-alta-costura-llega-a-insomnia-con-el-estreno-mubi-sobre-el-ascenso-y-caida-del-disenador-john-galliano\/"]}]},{"@type":"ImageObject","inLanguage":"es","@id":"https:\/\/dev.antudigital.cl\/sites\/vc\/la-alta-costura-llega-a-insomnia-con-el-estreno-mubi-sobre-el-ascenso-y-caida-del-disenador-john-galliano\/#primaryimage","url":"https:\/\/dev.antudigital.cl\/sites\/vc\/wp-content\/uploads\/2024\/03\/Copy-of-HL_ES_QUAD_DIGITAL_COMING_SOON_4000x3000.jpg","contentUrl":"https:\/\/dev.antudigital.cl\/sites\/vc\/wp-content\/uploads\/2024\/03\/Copy-of-HL_ES_QUAD_DIGITAL_COMING_SOON_4000x3000.jpg","width":1772,"height":1329},{"@type":"BreadcrumbList","@id":"https:\/\/dev.antudigital.cl\/sites\/vc\/la-alta-costura-llega-a-insomnia-con-el-estreno-mubi-sobre-el-ascenso-y-caida-del-disenador-john-galliano\/#breadcrumb","itemListElement":[{"@type":"ListItem","position":1,"name":"Home","item":"https:\/\/dev.antudigital.cl\/sites\/vc\/"},{"@type":"ListItem","position":2,"name":"La alta costura llega a INSOMNIA con el estreno MUBI sobre el ascenso y ca\u00edda del dise\u00f1ador John Galliano"}]},{"@type":"WebSite","@id":"https:\/\/dev.antudigital.cl\/sites\/vc\/#website","url":"https:\/\/dev.antudigital.cl\/sites\/vc\/","name":"Valpara\u00ed\u00adso Creativo","description":"","potentialAction":[{"@type":"SearchAction","target":{"@type":"EntryPoint","urlTemplate":"https:\/\/dev.antudigital.cl\/sites\/vc\/?s={search_term_string}"},"query-input":{"@type":"PropertyValueSpecification","valueRequired":true,"valueName":"search_term_string"}}],"inLanguage":"es"},{"@type":"Person","@id":"https:\/\/dev.antudigital.cl\/sites\/vc\/#\/schema\/person\/c2b9da8dd545e27166fc5ab232837318","name":"Valpara\u00edso Creativo","description":"Periodista de cultura en la Regi\u00f3n de Valpara\u00edso.","url":"https:\/\/dev.antudigital.cl\/sites\/vc\/author\/valpoadmin\/"}]}},"_links":{"self":[{"href":"https:\/\/dev.antudigital.cl\/sites\/vc\/wp-json\/wp\/v2\/posts\/18624","targetHints":{"allow":["GET"]}}],"collection":[{"href":"https:\/\/dev.antudigital.cl\/sites\/vc\/wp-json\/wp\/v2\/posts"}],"about":[{"href":"https:\/\/dev.antudigital.cl\/sites\/vc\/wp-json\/wp\/v2\/types\/post"}],"author":[{"embeddable":true,"href":"https:\/\/dev.antudigital.cl\/sites\/vc\/wp-json\/wp\/v2\/users\/1"}],"replies":[{"embeddable":true,"href":"https:\/\/dev.antudigital.cl\/sites\/vc\/wp-json\/wp\/v2\/comments?post=18624"}],"version-history":[{"count":1,"href":"https:\/\/dev.antudigital.cl\/sites\/vc\/wp-json\/wp\/v2\/posts\/18624\/revisions"}],"predecessor-version":[{"id":18628,"href":"https:\/\/dev.antudigital.cl\/sites\/vc\/wp-json\/wp\/v2\/posts\/18624\/revisions\/18628"}],"wp:featuredmedia":[{"embeddable":true,"href":"https:\/\/dev.antudigital.cl\/sites\/vc\/wp-json\/wp\/v2\/media\/18626"}],"wp:attachment":[{"href":"https:\/\/dev.antudigital.cl\/sites\/vc\/wp-json\/wp\/v2\/media?parent=18624"}],"wp:term":[{"taxonomy":"category","embeddable":true,"href":"https:\/\/dev.antudigital.cl\/sites\/vc\/wp-json\/wp\/v2\/categories?post=18624"},{"taxonomy":"post_tag","embeddable":true,"href":"https:\/\/dev.antudigital.cl\/sites\/vc\/wp-json\/wp\/v2\/tags?post=18624"}],"curies":[{"name":"wp","href":"https:\/\/api.w.org\/{rel}","templated":true}]}}