{"id":18629,"date":"2024-03-14T17:52:14","date_gmt":"2024-03-14T17:52:14","guid":{"rendered":"https:\/\/www.valparaisocreativo.cl\/?p=18629"},"modified":"2024-03-14T17:52:21","modified_gmt":"2024-03-14T17:52:21","slug":"este-sabado-en-libroalegre-cuentos-a-la-rueda-relatos-de-pueblos-originarios-de-chile","status":"publish","type":"post","link":"https:\/\/dev.antudigital.cl\/sites\/vc\/este-sabado-en-libroalegre-cuentos-a-la-rueda-relatos-de-pueblos-originarios-de-chile\/","title":{"rendered":"Este s\u00e1bado en Libroalegre: \u00abCuentos a la rueda\u00bb, relatos de pueblos originarios de Chile"},"content":{"rendered":"\n<p>Libroalegre reabre sus puertas y con ello su programaci\u00f3n cultural dirigida a grandes y chicos, y financiada a trav\u00e9s del Programa de apoyo a organizaciones culturales colaboradoras (PAOCC), convocatoria 2023, del Ministerio de las Culturas, las Artes y el Patrimonio.&nbsp;<strong>Al ruedo de un gran fald\u00f3n, este s\u00e1bado 16 de marzo la actriz y narradora oral Vicky Silva, de la c\u00eda. Alumbra Creando,&nbsp;relatar\u00e1 dos historias de pueblos originarios chilenos.&nbsp;<\/strong><\/p>\n\n\n\n<p>Por un lado, tomando la imagen de un gran volc\u00e1n nace \u201cLamparitas rojas\u201d, leyenda mapuche que invitar\u00e1 a los asistentes a organizarse para defenderse de un brujo. Al reverso de la falda,\u00a0 se encontrar\u00e1n con \u201cV\u00edspera de Carnaval\u201d, relato donde la ni\u00f1a Nakara por primera vez bailar\u00e1 la Kacharpaya y vivir\u00e1 una experiencia m\u00e1gica.\u2711\u00a0 Dirigida a: p\u00fablico familiar sobre los 4 a\u00f1os de edad.\u00a0\u2711\u00a0\u00bfCu\u00e1ndo? S\u00e1bado 16 de marzo, 18.00 horas.<br>\u2711 \u00a0\u00bfD\u00f3nde? En Biblioteca Libroalegre de Cerro Alegre, ubicada en calle San Enrique 339 A, Valpara\u00edso.<br>\u2711 \u00bfC\u00f3mo participar? Quienes deseen asistir pueden reservar su cupo en este\u00a0<a href=\"https:\/\/forms.gle\/M5JpK462AcY6A4fo6\" target=\"_blank\" rel=\"noreferrer noopener\">formulario en l\u00ednea\u00a0<\/a>(la inscripci\u00f3n es gratuita con cupos limitados).<br>\u2711 Consultas al correo\u00a0<a href=\"mailto:bibliolibroalegre@gmail.com\" target=\"_blank\" rel=\"noreferrer noopener\">bibliolibroalegre@gmail.com<\/a><\/p>\n\n\n\n<figure class=\"wp-block-image size-full\"><img fetchpriority=\"high\" decoding=\"async\" width=\"800\" height=\"800\" src=\"https:\/\/www.valparaisocreativo.cl\/wp-content\/uploads\/2024\/03\/cuentos-a-la-rueda.jpg\" alt=\"\" class=\"wp-image-18631\" srcset=\"https:\/\/dev.antudigital.cl\/sites\/vc\/wp-content\/uploads\/2024\/03\/cuentos-a-la-rueda.jpg 800w, https:\/\/dev.antudigital.cl\/sites\/vc\/wp-content\/uploads\/2024\/03\/cuentos-a-la-rueda-300x300.jpg 300w, https:\/\/dev.antudigital.cl\/sites\/vc\/wp-content\/uploads\/2024\/03\/cuentos-a-la-rueda-150x150.jpg 150w, https:\/\/dev.antudigital.cl\/sites\/vc\/wp-content\/uploads\/2024\/03\/cuentos-a-la-rueda-768x768.jpg 768w, https:\/\/dev.antudigital.cl\/sites\/vc\/wp-content\/uploads\/2024\/03\/cuentos-a-la-rueda-480x480.jpg 480w, https:\/\/dev.antudigital.cl\/sites\/vc\/wp-content\/uploads\/2024\/03\/cuentos-a-la-rueda-24x24.jpg 24w, https:\/\/dev.antudigital.cl\/sites\/vc\/wp-content\/uploads\/2024\/03\/cuentos-a-la-rueda-36x36.jpg 36w, https:\/\/dev.antudigital.cl\/sites\/vc\/wp-content\/uploads\/2024\/03\/cuentos-a-la-rueda-48x48.jpg 48w\" sizes=\"(max-width: 800px) 100vw, 800px\" \/><\/figure>\n","protected":false},"excerpt":{"rendered":"<p>Libroalegre reabre sus puertas y con ello su programaci\u00f3n cultural dirigida a grandes y chicos, y financiada a trav\u00e9s del Programa de apoyo a organizaciones culturales colaboradoras (PAOCC), convocatoria 2023, del Ministerio de las Culturas, las Artes y el Patrimonio.&nbsp;Al ruedo de un gran fald\u00f3n, este s\u00e1bado 16 de marzo la actriz y narradora oral [&hellip;]<\/p>\n","protected":false},"author":1,"featured_media":18630,"comment_status":"closed","ping_status":"closed","sticky":false,"template":"","format":"standard","meta":{"_acf_changed":false,"footnotes":""},"categories":[1],"tags":[],"class_list":["post-18629","post","type-post","status-publish","format-standard","has-post-thumbnail","hentry","category-uncategorized"],"acf":[],"yoast_head":"<!-- This site is optimized with the Yoast SEO plugin v27.1.1 - https:\/\/yoast.com\/product\/yoast-seo-wordpress\/ -->\n<title>Este s\u00e1bado en Libroalegre: &quot;Cuentos a la rueda&quot;, relatos de pueblos originarios de Chile - Valpara\u00ed\u00adso Creativo<\/title>\n<meta name=\"robots\" content=\"index, follow, max-snippet:-1, max-image-preview:large, max-video-preview:-1\" \/>\n<link rel=\"canonical\" href=\"https:\/\/dev.antudigital.cl\/sites\/vc\/este-sabado-en-libroalegre-cuentos-a-la-rueda-relatos-de-pueblos-originarios-de-chile\/\" \/>\n<meta property=\"og:locale\" content=\"es_ES\" \/>\n<meta property=\"og:type\" content=\"article\" \/>\n<meta property=\"og:title\" content=\"Este s\u00e1bado en Libroalegre: &quot;Cuentos a la rueda&quot;, relatos de pueblos originarios de Chile - Valpara\u00ed\u00adso Creativo\" \/>\n<meta property=\"og:description\" content=\"Libroalegre reabre sus puertas y con ello su programaci\u00f3n cultural dirigida a grandes y chicos, y financiada a trav\u00e9s del Programa de apoyo a organizaciones culturales colaboradoras (PAOCC), convocatoria 2023, del Ministerio de las Culturas, las Artes y el Patrimonio.&nbsp;Al ruedo de un gran fald\u00f3n, este s\u00e1bado 16 de marzo la actriz y narradora oral [&hellip;]\" \/>\n<meta property=\"og:url\" content=\"https:\/\/dev.antudigital.cl\/sites\/vc\/este-sabado-en-libroalegre-cuentos-a-la-rueda-relatos-de-pueblos-originarios-de-chile\/\" \/>\n<meta property=\"og:site_name\" content=\"Valpara\u00ed\u00adso Creativo\" \/>\n<meta property=\"article:published_time\" content=\"2024-03-14T17:52:14+00:00\" \/>\n<meta property=\"article:modified_time\" content=\"2024-03-14T17:52:21+00:00\" \/>\n<meta property=\"og:image\" content=\"https:\/\/dev.antudigital.cl\/sites\/vc\/wp-content\/uploads\/2024\/03\/Cuentos-a-la-rueda-1.jpg\" \/>\n\t<meta property=\"og:image:width\" content=\"900\" \/>\n\t<meta property=\"og:image:height\" content=\"600\" \/>\n\t<meta property=\"og:image:type\" content=\"image\/jpeg\" \/>\n<meta name=\"author\" content=\"Valpara\u00edso Creativo\" \/>\n<meta name=\"twitter:card\" content=\"summary_large_image\" \/>\n<meta name=\"twitter:label1\" content=\"Escrito por\" \/>\n\t<meta name=\"twitter:data1\" content=\"Valpara\u00edso Creativo\" \/>\n\t<meta name=\"twitter:label2\" content=\"Tiempo de lectura\" \/>\n\t<meta name=\"twitter:data2\" content=\"2 minutos\" \/>\n<script type=\"application\/ld+json\" class=\"yoast-schema-graph\">{\"@context\":\"https:\/\/schema.org\",\"@graph\":[{\"@type\":\"Article\",\"@id\":\"https:\/\/dev.antudigital.cl\/sites\/vc\/este-sabado-en-libroalegre-cuentos-a-la-rueda-relatos-de-pueblos-originarios-de-chile\/#article\",\"isPartOf\":{\"@id\":\"https:\/\/dev.antudigital.cl\/sites\/vc\/este-sabado-en-libroalegre-cuentos-a-la-rueda-relatos-de-pueblos-originarios-de-chile\/\"},\"author\":{\"name\":\"Valpara\u00edso Creativo\",\"@id\":\"https:\/\/dev.antudigital.cl\/sites\/vc\/#\/schema\/person\/c2b9da8dd545e27166fc5ab232837318\"},\"headline\":\"Este s\u00e1bado en Libroalegre: \u00abCuentos a la rueda\u00bb, relatos de pueblos originarios de Chile\",\"datePublished\":\"2024-03-14T17:52:14+00:00\",\"dateModified\":\"2024-03-14T17:52:21+00:00\",\"mainEntityOfPage\":{\"@id\":\"https:\/\/dev.antudigital.cl\/sites\/vc\/este-sabado-en-libroalegre-cuentos-a-la-rueda-relatos-de-pueblos-originarios-de-chile\/\"},\"wordCount\":214,\"image\":{\"@id\":\"https:\/\/dev.antudigital.cl\/sites\/vc\/este-sabado-en-libroalegre-cuentos-a-la-rueda-relatos-de-pueblos-originarios-de-chile\/#primaryimage\"},\"thumbnailUrl\":\"https:\/\/dev.antudigital.cl\/sites\/vc\/wp-content\/uploads\/2024\/03\/Cuentos-a-la-rueda-1.jpg\",\"articleSection\":[\"Uncategorized\"],\"inLanguage\":\"es\"},{\"@type\":\"WebPage\",\"@id\":\"https:\/\/dev.antudigital.cl\/sites\/vc\/este-sabado-en-libroalegre-cuentos-a-la-rueda-relatos-de-pueblos-originarios-de-chile\/\",\"url\":\"https:\/\/dev.antudigital.cl\/sites\/vc\/este-sabado-en-libroalegre-cuentos-a-la-rueda-relatos-de-pueblos-originarios-de-chile\/\",\"name\":\"Este s\u00e1bado en Libroalegre: \\\"Cuentos a la rueda\\\", relatos de pueblos originarios de Chile - Valpara\u00ed\u00adso Creativo\",\"isPartOf\":{\"@id\":\"https:\/\/dev.antudigital.cl\/sites\/vc\/#website\"},\"primaryImageOfPage\":{\"@id\":\"https:\/\/dev.antudigital.cl\/sites\/vc\/este-sabado-en-libroalegre-cuentos-a-la-rueda-relatos-de-pueblos-originarios-de-chile\/#primaryimage\"},\"image\":{\"@id\":\"https:\/\/dev.antudigital.cl\/sites\/vc\/este-sabado-en-libroalegre-cuentos-a-la-rueda-relatos-de-pueblos-originarios-de-chile\/#primaryimage\"},\"thumbnailUrl\":\"https:\/\/dev.antudigital.cl\/sites\/vc\/wp-content\/uploads\/2024\/03\/Cuentos-a-la-rueda-1.jpg\",\"datePublished\":\"2024-03-14T17:52:14+00:00\",\"dateModified\":\"2024-03-14T17:52:21+00:00\",\"author\":{\"@id\":\"https:\/\/dev.antudigital.cl\/sites\/vc\/#\/schema\/person\/c2b9da8dd545e27166fc5ab232837318\"},\"breadcrumb\":{\"@id\":\"https:\/\/dev.antudigital.cl\/sites\/vc\/este-sabado-en-libroalegre-cuentos-a-la-rueda-relatos-de-pueblos-originarios-de-chile\/#breadcrumb\"},\"inLanguage\":\"es\",\"potentialAction\":[{\"@type\":\"ReadAction\",\"target\":[\"https:\/\/dev.antudigital.cl\/sites\/vc\/este-sabado-en-libroalegre-cuentos-a-la-rueda-relatos-de-pueblos-originarios-de-chile\/\"]}]},{\"@type\":\"ImageObject\",\"inLanguage\":\"es\",\"@id\":\"https:\/\/dev.antudigital.cl\/sites\/vc\/este-sabado-en-libroalegre-cuentos-a-la-rueda-relatos-de-pueblos-originarios-de-chile\/#primaryimage\",\"url\":\"https:\/\/dev.antudigital.cl\/sites\/vc\/wp-content\/uploads\/2024\/03\/Cuentos-a-la-rueda-1.jpg\",\"contentUrl\":\"https:\/\/dev.antudigital.cl\/sites\/vc\/wp-content\/uploads\/2024\/03\/Cuentos-a-la-rueda-1.jpg\",\"width\":900,\"height\":600},{\"@type\":\"BreadcrumbList\",\"@id\":\"https:\/\/dev.antudigital.cl\/sites\/vc\/este-sabado-en-libroalegre-cuentos-a-la-rueda-relatos-de-pueblos-originarios-de-chile\/#breadcrumb\",\"itemListElement\":[{\"@type\":\"ListItem\",\"position\":1,\"name\":\"Home\",\"item\":\"https:\/\/dev.antudigital.cl\/sites\/vc\/\"},{\"@type\":\"ListItem\",\"position\":2,\"name\":\"Este s\u00e1bado en Libroalegre: \u00abCuentos a la rueda\u00bb, relatos de pueblos originarios de Chile\"}]},{\"@type\":\"WebSite\",\"@id\":\"https:\/\/dev.antudigital.cl\/sites\/vc\/#website\",\"url\":\"https:\/\/dev.antudigital.cl\/sites\/vc\/\",\"name\":\"Valpara\u00ed\u00adso Creativo\",\"description\":\"\",\"potentialAction\":[{\"@type\":\"SearchAction\",\"target\":{\"@type\":\"EntryPoint\",\"urlTemplate\":\"https:\/\/dev.antudigital.cl\/sites\/vc\/?s={search_term_string}\"},\"query-input\":{\"@type\":\"PropertyValueSpecification\",\"valueRequired\":true,\"valueName\":\"search_term_string\"}}],\"inLanguage\":\"es\"},{\"@type\":\"Person\",\"@id\":\"https:\/\/dev.antudigital.cl\/sites\/vc\/#\/schema\/person\/c2b9da8dd545e27166fc5ab232837318\",\"name\":\"Valpara\u00edso Creativo\",\"description\":\"Periodista de cultura en la Regi\u00f3n de Valpara\u00edso.\",\"url\":\"https:\/\/dev.antudigital.cl\/sites\/vc\/author\/valpoadmin\/\"}]}<\/script>\n<!-- \/ Yoast SEO plugin. -->","yoast_head_json":{"title":"Este s\u00e1bado en Libroalegre: \"Cuentos a la rueda\", relatos de pueblos originarios de Chile - Valpara\u00ed\u00adso Creativo","robots":{"index":"index","follow":"follow","max-snippet":"max-snippet:-1","max-image-preview":"max-image-preview:large","max-video-preview":"max-video-preview:-1"},"canonical":"https:\/\/dev.antudigital.cl\/sites\/vc\/este-sabado-en-libroalegre-cuentos-a-la-rueda-relatos-de-pueblos-originarios-de-chile\/","og_locale":"es_ES","og_type":"article","og_title":"Este s\u00e1bado en Libroalegre: \"Cuentos a la rueda\", relatos de pueblos originarios de Chile - Valpara\u00ed\u00adso Creativo","og_description":"Libroalegre reabre sus puertas y con ello su programaci\u00f3n cultural dirigida a grandes y chicos, y financiada a trav\u00e9s del Programa de apoyo a organizaciones culturales colaboradoras (PAOCC), convocatoria 2023, del Ministerio de las Culturas, las Artes y el Patrimonio.&nbsp;Al ruedo de un gran fald\u00f3n, este s\u00e1bado 16 de marzo la actriz y narradora oral [&hellip;]","og_url":"https:\/\/dev.antudigital.cl\/sites\/vc\/este-sabado-en-libroalegre-cuentos-a-la-rueda-relatos-de-pueblos-originarios-de-chile\/","og_site_name":"Valpara\u00ed\u00adso Creativo","article_published_time":"2024-03-14T17:52:14+00:00","article_modified_time":"2024-03-14T17:52:21+00:00","og_image":[{"width":900,"height":600,"url":"https:\/\/dev.antudigital.cl\/sites\/vc\/wp-content\/uploads\/2024\/03\/Cuentos-a-la-rueda-1.jpg","type":"image\/jpeg"}],"author":"Valpara\u00edso Creativo","twitter_card":"summary_large_image","twitter_misc":{"Escrito por":"Valpara\u00edso Creativo","Tiempo de lectura":"2 minutos"},"schema":{"@context":"https:\/\/schema.org","@graph":[{"@type":"Article","@id":"https:\/\/dev.antudigital.cl\/sites\/vc\/este-sabado-en-libroalegre-cuentos-a-la-rueda-relatos-de-pueblos-originarios-de-chile\/#article","isPartOf":{"@id":"https:\/\/dev.antudigital.cl\/sites\/vc\/este-sabado-en-libroalegre-cuentos-a-la-rueda-relatos-de-pueblos-originarios-de-chile\/"},"author":{"name":"Valpara\u00edso Creativo","@id":"https:\/\/dev.antudigital.cl\/sites\/vc\/#\/schema\/person\/c2b9da8dd545e27166fc5ab232837318"},"headline":"Este s\u00e1bado en Libroalegre: \u00abCuentos a la rueda\u00bb, relatos de pueblos originarios de Chile","datePublished":"2024-03-14T17:52:14+00:00","dateModified":"2024-03-14T17:52:21+00:00","mainEntityOfPage":{"@id":"https:\/\/dev.antudigital.cl\/sites\/vc\/este-sabado-en-libroalegre-cuentos-a-la-rueda-relatos-de-pueblos-originarios-de-chile\/"},"wordCount":214,"image":{"@id":"https:\/\/dev.antudigital.cl\/sites\/vc\/este-sabado-en-libroalegre-cuentos-a-la-rueda-relatos-de-pueblos-originarios-de-chile\/#primaryimage"},"thumbnailUrl":"https:\/\/dev.antudigital.cl\/sites\/vc\/wp-content\/uploads\/2024\/03\/Cuentos-a-la-rueda-1.jpg","articleSection":["Uncategorized"],"inLanguage":"es"},{"@type":"WebPage","@id":"https:\/\/dev.antudigital.cl\/sites\/vc\/este-sabado-en-libroalegre-cuentos-a-la-rueda-relatos-de-pueblos-originarios-de-chile\/","url":"https:\/\/dev.antudigital.cl\/sites\/vc\/este-sabado-en-libroalegre-cuentos-a-la-rueda-relatos-de-pueblos-originarios-de-chile\/","name":"Este s\u00e1bado en Libroalegre: \"Cuentos a la rueda\", relatos de pueblos originarios de Chile - Valpara\u00ed\u00adso Creativo","isPartOf":{"@id":"https:\/\/dev.antudigital.cl\/sites\/vc\/#website"},"primaryImageOfPage":{"@id":"https:\/\/dev.antudigital.cl\/sites\/vc\/este-sabado-en-libroalegre-cuentos-a-la-rueda-relatos-de-pueblos-originarios-de-chile\/#primaryimage"},"image":{"@id":"https:\/\/dev.antudigital.cl\/sites\/vc\/este-sabado-en-libroalegre-cuentos-a-la-rueda-relatos-de-pueblos-originarios-de-chile\/#primaryimage"},"thumbnailUrl":"https:\/\/dev.antudigital.cl\/sites\/vc\/wp-content\/uploads\/2024\/03\/Cuentos-a-la-rueda-1.jpg","datePublished":"2024-03-14T17:52:14+00:00","dateModified":"2024-03-14T17:52:21+00:00","author":{"@id":"https:\/\/dev.antudigital.cl\/sites\/vc\/#\/schema\/person\/c2b9da8dd545e27166fc5ab232837318"},"breadcrumb":{"@id":"https:\/\/dev.antudigital.cl\/sites\/vc\/este-sabado-en-libroalegre-cuentos-a-la-rueda-relatos-de-pueblos-originarios-de-chile\/#breadcrumb"},"inLanguage":"es","potentialAction":[{"@type":"ReadAction","target":["https:\/\/dev.antudigital.cl\/sites\/vc\/este-sabado-en-libroalegre-cuentos-a-la-rueda-relatos-de-pueblos-originarios-de-chile\/"]}]},{"@type":"ImageObject","inLanguage":"es","@id":"https:\/\/dev.antudigital.cl\/sites\/vc\/este-sabado-en-libroalegre-cuentos-a-la-rueda-relatos-de-pueblos-originarios-de-chile\/#primaryimage","url":"https:\/\/dev.antudigital.cl\/sites\/vc\/wp-content\/uploads\/2024\/03\/Cuentos-a-la-rueda-1.jpg","contentUrl":"https:\/\/dev.antudigital.cl\/sites\/vc\/wp-content\/uploads\/2024\/03\/Cuentos-a-la-rueda-1.jpg","width":900,"height":600},{"@type":"BreadcrumbList","@id":"https:\/\/dev.antudigital.cl\/sites\/vc\/este-sabado-en-libroalegre-cuentos-a-la-rueda-relatos-de-pueblos-originarios-de-chile\/#breadcrumb","itemListElement":[{"@type":"ListItem","position":1,"name":"Home","item":"https:\/\/dev.antudigital.cl\/sites\/vc\/"},{"@type":"ListItem","position":2,"name":"Este s\u00e1bado en Libroalegre: \u00abCuentos a la rueda\u00bb, relatos de pueblos originarios de Chile"}]},{"@type":"WebSite","@id":"https:\/\/dev.antudigital.cl\/sites\/vc\/#website","url":"https:\/\/dev.antudigital.cl\/sites\/vc\/","name":"Valpara\u00ed\u00adso Creativo","description":"","potentialAction":[{"@type":"SearchAction","target":{"@type":"EntryPoint","urlTemplate":"https:\/\/dev.antudigital.cl\/sites\/vc\/?s={search_term_string}"},"query-input":{"@type":"PropertyValueSpecification","valueRequired":true,"valueName":"search_term_string"}}],"inLanguage":"es"},{"@type":"Person","@id":"https:\/\/dev.antudigital.cl\/sites\/vc\/#\/schema\/person\/c2b9da8dd545e27166fc5ab232837318","name":"Valpara\u00edso Creativo","description":"Periodista de cultura en la Regi\u00f3n de Valpara\u00edso.","url":"https:\/\/dev.antudigital.cl\/sites\/vc\/author\/valpoadmin\/"}]}},"_links":{"self":[{"href":"https:\/\/dev.antudigital.cl\/sites\/vc\/wp-json\/wp\/v2\/posts\/18629","targetHints":{"allow":["GET"]}}],"collection":[{"href":"https:\/\/dev.antudigital.cl\/sites\/vc\/wp-json\/wp\/v2\/posts"}],"about":[{"href":"https:\/\/dev.antudigital.cl\/sites\/vc\/wp-json\/wp\/v2\/types\/post"}],"author":[{"embeddable":true,"href":"https:\/\/dev.antudigital.cl\/sites\/vc\/wp-json\/wp\/v2\/users\/1"}],"replies":[{"embeddable":true,"href":"https:\/\/dev.antudigital.cl\/sites\/vc\/wp-json\/wp\/v2\/comments?post=18629"}],"version-history":[{"count":1,"href":"https:\/\/dev.antudigital.cl\/sites\/vc\/wp-json\/wp\/v2\/posts\/18629\/revisions"}],"predecessor-version":[{"id":18632,"href":"https:\/\/dev.antudigital.cl\/sites\/vc\/wp-json\/wp\/v2\/posts\/18629\/revisions\/18632"}],"wp:featuredmedia":[{"embeddable":true,"href":"https:\/\/dev.antudigital.cl\/sites\/vc\/wp-json\/wp\/v2\/media\/18630"}],"wp:attachment":[{"href":"https:\/\/dev.antudigital.cl\/sites\/vc\/wp-json\/wp\/v2\/media?parent=18629"}],"wp:term":[{"taxonomy":"category","embeddable":true,"href":"https:\/\/dev.antudigital.cl\/sites\/vc\/wp-json\/wp\/v2\/categories?post=18629"},{"taxonomy":"post_tag","embeddable":true,"href":"https:\/\/dev.antudigital.cl\/sites\/vc\/wp-json\/wp\/v2\/tags?post=18629"}],"curies":[{"name":"wp","href":"https:\/\/api.w.org\/{rel}","templated":true}]}}