{"id":18636,"date":"2024-03-18T22:19:46","date_gmt":"2024-03-18T22:19:46","guid":{"rendered":"https:\/\/www.valparaisocreativo.cl\/?p=18636"},"modified":"2024-03-18T22:19:53","modified_gmt":"2024-03-18T22:19:53","slug":"se-inaugura-la-exposicion-ven-a-valparaiso-15-anos-concurso-de-pintura-infantil-2005-2020","status":"publish","type":"post","link":"https:\/\/dev.antudigital.cl\/sites\/vc\/se-inaugura-la-exposicion-ven-a-valparaiso-15-anos-concurso-de-pintura-infantil-2005-2020\/","title":{"rendered":"Se inaugura la exposici\u00f3n \u201cVen a Valpara\u00edso, 15 a\u00f1os. Concurso de Pintura Infantil 2005-2020\u201d"},"content":{"rendered":"\n<p>Este\u00a0<strong>s\u00e1bado 9 de marzo<\/strong>, a las\u00a0<strong>12:00 horas<\/strong>\u00a0en la\u00a0<strong>Sala Laboratorio del Parque Cultural de Valpara\u00edso,<\/strong>\u00a0se inaugurar\u00e1 la exposici\u00f3n\u00a0<strong>\u201cVen a Valpara\u00edso, 15 a\u00f1os. Concurso de Pintura Infantil 2005-2020&#8243;<\/strong>, que recopila y conmemora los 15 a\u00f1os del Concurso de Pintura Infantil \u201cVen a Valpara\u00edso\u201d, proyecto sociocultural que se realiz\u00f3 entre los a\u00f1os 2005 y 2020 en la ciudad de Valpara\u00edso y que fue desde su inicio patrocinado por la Corporaci\u00f3n Municipal de Valpara\u00edso.<\/p>\n\n\n\n<figure class=\"wp-block-image size-large\"><img fetchpriority=\"high\" decoding=\"async\" width=\"769\" height=\"1024\" src=\"https:\/\/www.valparaisocreativo.cl\/wp-content\/uploads\/2024\/03\/2_Ven-a-Valparaiso_Concurso-769x1024.jpg\" alt=\"\" class=\"wp-image-18638\" srcset=\"https:\/\/dev.antudigital.cl\/sites\/vc\/wp-content\/uploads\/2024\/03\/2_Ven-a-Valparaiso_Concurso-769x1024.jpg 769w, https:\/\/dev.antudigital.cl\/sites\/vc\/wp-content\/uploads\/2024\/03\/2_Ven-a-Valparaiso_Concurso-225x300.jpg 225w, https:\/\/dev.antudigital.cl\/sites\/vc\/wp-content\/uploads\/2024\/03\/2_Ven-a-Valparaiso_Concurso-768x1023.jpg 768w, https:\/\/dev.antudigital.cl\/sites\/vc\/wp-content\/uploads\/2024\/03\/2_Ven-a-Valparaiso_Concurso-1154x1536.jpg 1154w, https:\/\/dev.antudigital.cl\/sites\/vc\/wp-content\/uploads\/2024\/03\/2_Ven-a-Valparaiso_Concurso-1080x1438.jpg 1080w, https:\/\/dev.antudigital.cl\/sites\/vc\/wp-content\/uploads\/2024\/03\/2_Ven-a-Valparaiso_Concurso-1280x1704.jpg 1280w, https:\/\/dev.antudigital.cl\/sites\/vc\/wp-content\/uploads\/2024\/03\/2_Ven-a-Valparaiso_Concurso-980x1305.jpg 980w, https:\/\/dev.antudigital.cl\/sites\/vc\/wp-content\/uploads\/2024\/03\/2_Ven-a-Valparaiso_Concurso-480x639.jpg 480w, https:\/\/dev.antudigital.cl\/sites\/vc\/wp-content\/uploads\/2024\/03\/2_Ven-a-Valparaiso_Concurso-18x24.jpg 18w, https:\/\/dev.antudigital.cl\/sites\/vc\/wp-content\/uploads\/2024\/03\/2_Ven-a-Valparaiso_Concurso-27x36.jpg 27w, https:\/\/dev.antudigital.cl\/sites\/vc\/wp-content\/uploads\/2024\/03\/2_Ven-a-Valparaiso_Concurso-36x48.jpg 36w, https:\/\/dev.antudigital.cl\/sites\/vc\/wp-content\/uploads\/2024\/03\/2_Ven-a-Valparaiso_Concurso.jpg 1490w\" sizes=\"(max-width: 769px) 100vw, 769px\" \/><\/figure>\n\n\n\n<p><br><br>La muestra re\u00fane 180 pinturas en papel y t\u00e9mpera realizadas por las ni\u00f1as y los ni\u00f1os ganadores de cada a\u00f1o. Adem\u00e1s, se exhibir\u00e1n objetos y documentos que fueron parte del Concurso, y una entrevista a su fundador Carlos Villalobos (1941-2022).<br><br>Durante sus 15 a\u00f1os, estudiantes de 6to b\u00e1sico de las escuelas municipalizadas de Valpara\u00edso, salieron cada primavera a pintar escenas porte\u00f1as a partir de un tema espec\u00edfico guiados por sus profesores de Artes Pl\u00e1sticas permitiendo atesorar un gran acervo pict\u00f3rico de la mirada infantil sobre su ciudad y que hoy se comparte como un patrimonio art\u00edstico \u00fanico, una colecci\u00f3n que atraviesa el imaginario de distintas generaciones que se estamp\u00f3 con una fuerza crom\u00e1tica, una libertad expresiva y con la subjetividad de cada mirada sobre un \u201ctrozo\u201d de Valpara\u00edso.<br><br>El proyecto es financiado por FONDART l\u00ednea Exposiciones Convocatoria 2022 y la entrevista a Carlos Villalobos est\u00e1 realizada por Valpara\u00edso Profundo.<\/p>\n\n\n\n<p><strong>Instagram:\u00a0<a>@venavalparaiso<\/a><\/strong><\/p>\n\n\n\n<figure class=\"wp-block-image size-large\"><img decoding=\"async\" width=\"1024\" height=\"1024\" src=\"https:\/\/www.valparaisocreativo.cl\/wp-content\/uploads\/2024\/03\/3_Ven-a-Valparaiso_Concurso1-1024x1024.jpg\" alt=\"\" class=\"wp-image-18639\" srcset=\"https:\/\/dev.antudigital.cl\/sites\/vc\/wp-content\/uploads\/2024\/03\/3_Ven-a-Valparaiso_Concurso1-1024x1024.jpg 1024w, https:\/\/dev.antudigital.cl\/sites\/vc\/wp-content\/uploads\/2024\/03\/3_Ven-a-Valparaiso_Concurso1-300x300.jpg 300w, https:\/\/dev.antudigital.cl\/sites\/vc\/wp-content\/uploads\/2024\/03\/3_Ven-a-Valparaiso_Concurso1-150x150.jpg 150w, https:\/\/dev.antudigital.cl\/sites\/vc\/wp-content\/uploads\/2024\/03\/3_Ven-a-Valparaiso_Concurso1-768x768.jpg 768w, https:\/\/dev.antudigital.cl\/sites\/vc\/wp-content\/uploads\/2024\/03\/3_Ven-a-Valparaiso_Concurso1-1080x1080.jpg 1080w, https:\/\/dev.antudigital.cl\/sites\/vc\/wp-content\/uploads\/2024\/03\/3_Ven-a-Valparaiso_Concurso1-1280x1280.jpg 1280w, https:\/\/dev.antudigital.cl\/sites\/vc\/wp-content\/uploads\/2024\/03\/3_Ven-a-Valparaiso_Concurso1-980x980.jpg 980w, https:\/\/dev.antudigital.cl\/sites\/vc\/wp-content\/uploads\/2024\/03\/3_Ven-a-Valparaiso_Concurso1-480x480.jpg 480w, https:\/\/dev.antudigital.cl\/sites\/vc\/wp-content\/uploads\/2024\/03\/3_Ven-a-Valparaiso_Concurso1-24x24.jpg 24w, https:\/\/dev.antudigital.cl\/sites\/vc\/wp-content\/uploads\/2024\/03\/3_Ven-a-Valparaiso_Concurso1-36x36.jpg 36w, https:\/\/dev.antudigital.cl\/sites\/vc\/wp-content\/uploads\/2024\/03\/3_Ven-a-Valparaiso_Concurso1-48x48.jpg 48w, https:\/\/dev.antudigital.cl\/sites\/vc\/wp-content\/uploads\/2024\/03\/3_Ven-a-Valparaiso_Concurso1.jpg 1339w\" sizes=\"(max-width: 1024px) 100vw, 1024px\" \/><\/figure>\n","protected":false},"excerpt":{"rendered":"<p>Este\u00a0s\u00e1bado 9 de marzo, a las\u00a012:00 horas\u00a0en la\u00a0Sala Laboratorio del Parque Cultural de Valpara\u00edso,\u00a0se inaugurar\u00e1 la exposici\u00f3n\u00a0\u201cVen a Valpara\u00edso, 15 a\u00f1os. Concurso de Pintura Infantil 2005-2020&#8243;, que recopila y conmemora los 15 a\u00f1os del Concurso de Pintura Infantil \u201cVen a Valpara\u00edso\u201d, proyecto sociocultural que se realiz\u00f3 entre los a\u00f1os 2005 y 2020 en la ciudad [&hellip;]<\/p>\n","protected":false},"author":1,"featured_media":18637,"comment_status":"closed","ping_status":"closed","sticky":false,"template":"","format":"standard","meta":{"_acf_changed":false,"footnotes":""},"categories":[1],"tags":[],"class_list":["post-18636","post","type-post","status-publish","format-standard","has-post-thumbnail","hentry","category-uncategorized"],"acf":[],"yoast_head":"<!-- This site is optimized with the Yoast SEO plugin v27.1.1 - https:\/\/yoast.com\/product\/yoast-seo-wordpress\/ -->\n<title>Se inaugura la exposici\u00f3n \u201cVen a Valpara\u00edso, 15 a\u00f1os. Concurso de Pintura Infantil 2005-2020\u201d - Valpara\u00ed\u00adso Creativo<\/title>\n<meta name=\"robots\" content=\"index, follow, max-snippet:-1, max-image-preview:large, max-video-preview:-1\" \/>\n<link rel=\"canonical\" href=\"https:\/\/dev.antudigital.cl\/sites\/vc\/se-inaugura-la-exposicion-ven-a-valparaiso-15-anos-concurso-de-pintura-infantil-2005-2020\/\" \/>\n<meta property=\"og:locale\" content=\"es_ES\" \/>\n<meta property=\"og:type\" content=\"article\" \/>\n<meta property=\"og:title\" content=\"Se inaugura la exposici\u00f3n \u201cVen a Valpara\u00edso, 15 a\u00f1os. Concurso de Pintura Infantil 2005-2020\u201d - Valpara\u00ed\u00adso Creativo\" \/>\n<meta property=\"og:description\" content=\"Este\u00a0s\u00e1bado 9 de marzo, a las\u00a012:00 horas\u00a0en la\u00a0Sala Laboratorio del Parque Cultural de Valpara\u00edso,\u00a0se inaugurar\u00e1 la exposici\u00f3n\u00a0\u201cVen a Valpara\u00edso, 15 a\u00f1os. Concurso de Pintura Infantil 2005-2020&#8243;, que recopila y conmemora los 15 a\u00f1os del Concurso de Pintura Infantil \u201cVen a Valpara\u00edso\u201d, proyecto sociocultural que se realiz\u00f3 entre los a\u00f1os 2005 y 2020 en la ciudad [&hellip;]\" \/>\n<meta property=\"og:url\" content=\"https:\/\/dev.antudigital.cl\/sites\/vc\/se-inaugura-la-exposicion-ven-a-valparaiso-15-anos-concurso-de-pintura-infantil-2005-2020\/\" \/>\n<meta property=\"og:site_name\" content=\"Valpara\u00ed\u00adso Creativo\" \/>\n<meta property=\"article:published_time\" content=\"2024-03-18T22:19:46+00:00\" \/>\n<meta property=\"article:modified_time\" content=\"2024-03-18T22:19:53+00:00\" \/>\n<meta property=\"og:image\" content=\"https:\/\/dev.antudigital.cl\/sites\/vc\/wp-content\/uploads\/2024\/03\/1_Ven-a-Valparaiso_Concurso.jpg\" \/>\n\t<meta property=\"og:image:width\" content=\"1575\" \/>\n\t<meta property=\"og:image:height\" content=\"1062\" \/>\n\t<meta property=\"og:image:type\" content=\"image\/jpeg\" \/>\n<meta name=\"author\" content=\"Valpara\u00edso Creativo\" \/>\n<meta name=\"twitter:card\" content=\"summary_large_image\" \/>\n<meta name=\"twitter:label1\" content=\"Escrito por\" \/>\n\t<meta name=\"twitter:data1\" content=\"Valpara\u00edso Creativo\" \/>\n\t<meta name=\"twitter:label2\" content=\"Tiempo de lectura\" \/>\n\t<meta name=\"twitter:data2\" content=\"2 minutos\" \/>\n<script type=\"application\/ld+json\" class=\"yoast-schema-graph\">{\"@context\":\"https:\/\/schema.org\",\"@graph\":[{\"@type\":\"Article\",\"@id\":\"https:\/\/dev.antudigital.cl\/sites\/vc\/se-inaugura-la-exposicion-ven-a-valparaiso-15-anos-concurso-de-pintura-infantil-2005-2020\/#article\",\"isPartOf\":{\"@id\":\"https:\/\/dev.antudigital.cl\/sites\/vc\/se-inaugura-la-exposicion-ven-a-valparaiso-15-anos-concurso-de-pintura-infantil-2005-2020\/\"},\"author\":{\"name\":\"Valpara\u00edso Creativo\",\"@id\":\"https:\/\/dev.antudigital.cl\/sites\/vc\/#\/schema\/person\/c2b9da8dd545e27166fc5ab232837318\"},\"headline\":\"Se inaugura la exposici\u00f3n \u201cVen a Valpara\u00edso, 15 a\u00f1os. Concurso de Pintura Infantil 2005-2020\u201d\",\"datePublished\":\"2024-03-18T22:19:46+00:00\",\"dateModified\":\"2024-03-18T22:19:53+00:00\",\"mainEntityOfPage\":{\"@id\":\"https:\/\/dev.antudigital.cl\/sites\/vc\/se-inaugura-la-exposicion-ven-a-valparaiso-15-anos-concurso-de-pintura-infantil-2005-2020\/\"},\"wordCount\":265,\"image\":{\"@id\":\"https:\/\/dev.antudigital.cl\/sites\/vc\/se-inaugura-la-exposicion-ven-a-valparaiso-15-anos-concurso-de-pintura-infantil-2005-2020\/#primaryimage\"},\"thumbnailUrl\":\"https:\/\/dev.antudigital.cl\/sites\/vc\/wp-content\/uploads\/2024\/03\/1_Ven-a-Valparaiso_Concurso.jpg\",\"articleSection\":[\"Uncategorized\"],\"inLanguage\":\"es\"},{\"@type\":\"WebPage\",\"@id\":\"https:\/\/dev.antudigital.cl\/sites\/vc\/se-inaugura-la-exposicion-ven-a-valparaiso-15-anos-concurso-de-pintura-infantil-2005-2020\/\",\"url\":\"https:\/\/dev.antudigital.cl\/sites\/vc\/se-inaugura-la-exposicion-ven-a-valparaiso-15-anos-concurso-de-pintura-infantil-2005-2020\/\",\"name\":\"Se inaugura la exposici\u00f3n \u201cVen a Valpara\u00edso, 15 a\u00f1os. Concurso de Pintura Infantil 2005-2020\u201d - Valpara\u00ed\u00adso Creativo\",\"isPartOf\":{\"@id\":\"https:\/\/dev.antudigital.cl\/sites\/vc\/#website\"},\"primaryImageOfPage\":{\"@id\":\"https:\/\/dev.antudigital.cl\/sites\/vc\/se-inaugura-la-exposicion-ven-a-valparaiso-15-anos-concurso-de-pintura-infantil-2005-2020\/#primaryimage\"},\"image\":{\"@id\":\"https:\/\/dev.antudigital.cl\/sites\/vc\/se-inaugura-la-exposicion-ven-a-valparaiso-15-anos-concurso-de-pintura-infantil-2005-2020\/#primaryimage\"},\"thumbnailUrl\":\"https:\/\/dev.antudigital.cl\/sites\/vc\/wp-content\/uploads\/2024\/03\/1_Ven-a-Valparaiso_Concurso.jpg\",\"datePublished\":\"2024-03-18T22:19:46+00:00\",\"dateModified\":\"2024-03-18T22:19:53+00:00\",\"author\":{\"@id\":\"https:\/\/dev.antudigital.cl\/sites\/vc\/#\/schema\/person\/c2b9da8dd545e27166fc5ab232837318\"},\"breadcrumb\":{\"@id\":\"https:\/\/dev.antudigital.cl\/sites\/vc\/se-inaugura-la-exposicion-ven-a-valparaiso-15-anos-concurso-de-pintura-infantil-2005-2020\/#breadcrumb\"},\"inLanguage\":\"es\",\"potentialAction\":[{\"@type\":\"ReadAction\",\"target\":[\"https:\/\/dev.antudigital.cl\/sites\/vc\/se-inaugura-la-exposicion-ven-a-valparaiso-15-anos-concurso-de-pintura-infantil-2005-2020\/\"]}]},{\"@type\":\"ImageObject\",\"inLanguage\":\"es\",\"@id\":\"https:\/\/dev.antudigital.cl\/sites\/vc\/se-inaugura-la-exposicion-ven-a-valparaiso-15-anos-concurso-de-pintura-infantil-2005-2020\/#primaryimage\",\"url\":\"https:\/\/dev.antudigital.cl\/sites\/vc\/wp-content\/uploads\/2024\/03\/1_Ven-a-Valparaiso_Concurso.jpg\",\"contentUrl\":\"https:\/\/dev.antudigital.cl\/sites\/vc\/wp-content\/uploads\/2024\/03\/1_Ven-a-Valparaiso_Concurso.jpg\",\"width\":1575,\"height\":1062},{\"@type\":\"BreadcrumbList\",\"@id\":\"https:\/\/dev.antudigital.cl\/sites\/vc\/se-inaugura-la-exposicion-ven-a-valparaiso-15-anos-concurso-de-pintura-infantil-2005-2020\/#breadcrumb\",\"itemListElement\":[{\"@type\":\"ListItem\",\"position\":1,\"name\":\"Home\",\"item\":\"https:\/\/dev.antudigital.cl\/sites\/vc\/\"},{\"@type\":\"ListItem\",\"position\":2,\"name\":\"Se inaugura la exposici\u00f3n \u201cVen a Valpara\u00edso, 15 a\u00f1os. Concurso de Pintura Infantil 2005-2020\u201d\"}]},{\"@type\":\"WebSite\",\"@id\":\"https:\/\/dev.antudigital.cl\/sites\/vc\/#website\",\"url\":\"https:\/\/dev.antudigital.cl\/sites\/vc\/\",\"name\":\"Valpara\u00ed\u00adso Creativo\",\"description\":\"\",\"potentialAction\":[{\"@type\":\"SearchAction\",\"target\":{\"@type\":\"EntryPoint\",\"urlTemplate\":\"https:\/\/dev.antudigital.cl\/sites\/vc\/?s={search_term_string}\"},\"query-input\":{\"@type\":\"PropertyValueSpecification\",\"valueRequired\":true,\"valueName\":\"search_term_string\"}}],\"inLanguage\":\"es\"},{\"@type\":\"Person\",\"@id\":\"https:\/\/dev.antudigital.cl\/sites\/vc\/#\/schema\/person\/c2b9da8dd545e27166fc5ab232837318\",\"name\":\"Valpara\u00edso Creativo\",\"description\":\"Periodista de cultura en la Regi\u00f3n de Valpara\u00edso.\",\"url\":\"https:\/\/dev.antudigital.cl\/sites\/vc\/author\/valpoadmin\/\"}]}<\/script>\n<!-- \/ Yoast SEO plugin. -->","yoast_head_json":{"title":"Se inaugura la exposici\u00f3n \u201cVen a Valpara\u00edso, 15 a\u00f1os. Concurso de Pintura Infantil 2005-2020\u201d - Valpara\u00ed\u00adso Creativo","robots":{"index":"index","follow":"follow","max-snippet":"max-snippet:-1","max-image-preview":"max-image-preview:large","max-video-preview":"max-video-preview:-1"},"canonical":"https:\/\/dev.antudigital.cl\/sites\/vc\/se-inaugura-la-exposicion-ven-a-valparaiso-15-anos-concurso-de-pintura-infantil-2005-2020\/","og_locale":"es_ES","og_type":"article","og_title":"Se inaugura la exposici\u00f3n \u201cVen a Valpara\u00edso, 15 a\u00f1os. Concurso de Pintura Infantil 2005-2020\u201d - Valpara\u00ed\u00adso Creativo","og_description":"Este\u00a0s\u00e1bado 9 de marzo, a las\u00a012:00 horas\u00a0en la\u00a0Sala Laboratorio del Parque Cultural de Valpara\u00edso,\u00a0se inaugurar\u00e1 la exposici\u00f3n\u00a0\u201cVen a Valpara\u00edso, 15 a\u00f1os. Concurso de Pintura Infantil 2005-2020&#8243;, que recopila y conmemora los 15 a\u00f1os del Concurso de Pintura Infantil \u201cVen a Valpara\u00edso\u201d, proyecto sociocultural que se realiz\u00f3 entre los a\u00f1os 2005 y 2020 en la ciudad [&hellip;]","og_url":"https:\/\/dev.antudigital.cl\/sites\/vc\/se-inaugura-la-exposicion-ven-a-valparaiso-15-anos-concurso-de-pintura-infantil-2005-2020\/","og_site_name":"Valpara\u00ed\u00adso Creativo","article_published_time":"2024-03-18T22:19:46+00:00","article_modified_time":"2024-03-18T22:19:53+00:00","og_image":[{"width":1575,"height":1062,"url":"https:\/\/dev.antudigital.cl\/sites\/vc\/wp-content\/uploads\/2024\/03\/1_Ven-a-Valparaiso_Concurso.jpg","type":"image\/jpeg"}],"author":"Valpara\u00edso Creativo","twitter_card":"summary_large_image","twitter_misc":{"Escrito por":"Valpara\u00edso Creativo","Tiempo de lectura":"2 minutos"},"schema":{"@context":"https:\/\/schema.org","@graph":[{"@type":"Article","@id":"https:\/\/dev.antudigital.cl\/sites\/vc\/se-inaugura-la-exposicion-ven-a-valparaiso-15-anos-concurso-de-pintura-infantil-2005-2020\/#article","isPartOf":{"@id":"https:\/\/dev.antudigital.cl\/sites\/vc\/se-inaugura-la-exposicion-ven-a-valparaiso-15-anos-concurso-de-pintura-infantil-2005-2020\/"},"author":{"name":"Valpara\u00edso Creativo","@id":"https:\/\/dev.antudigital.cl\/sites\/vc\/#\/schema\/person\/c2b9da8dd545e27166fc5ab232837318"},"headline":"Se inaugura la exposici\u00f3n \u201cVen a Valpara\u00edso, 15 a\u00f1os. Concurso de Pintura Infantil 2005-2020\u201d","datePublished":"2024-03-18T22:19:46+00:00","dateModified":"2024-03-18T22:19:53+00:00","mainEntityOfPage":{"@id":"https:\/\/dev.antudigital.cl\/sites\/vc\/se-inaugura-la-exposicion-ven-a-valparaiso-15-anos-concurso-de-pintura-infantil-2005-2020\/"},"wordCount":265,"image":{"@id":"https:\/\/dev.antudigital.cl\/sites\/vc\/se-inaugura-la-exposicion-ven-a-valparaiso-15-anos-concurso-de-pintura-infantil-2005-2020\/#primaryimage"},"thumbnailUrl":"https:\/\/dev.antudigital.cl\/sites\/vc\/wp-content\/uploads\/2024\/03\/1_Ven-a-Valparaiso_Concurso.jpg","articleSection":["Uncategorized"],"inLanguage":"es"},{"@type":"WebPage","@id":"https:\/\/dev.antudigital.cl\/sites\/vc\/se-inaugura-la-exposicion-ven-a-valparaiso-15-anos-concurso-de-pintura-infantil-2005-2020\/","url":"https:\/\/dev.antudigital.cl\/sites\/vc\/se-inaugura-la-exposicion-ven-a-valparaiso-15-anos-concurso-de-pintura-infantil-2005-2020\/","name":"Se inaugura la exposici\u00f3n \u201cVen a Valpara\u00edso, 15 a\u00f1os. Concurso de Pintura Infantil 2005-2020\u201d - Valpara\u00ed\u00adso Creativo","isPartOf":{"@id":"https:\/\/dev.antudigital.cl\/sites\/vc\/#website"},"primaryImageOfPage":{"@id":"https:\/\/dev.antudigital.cl\/sites\/vc\/se-inaugura-la-exposicion-ven-a-valparaiso-15-anos-concurso-de-pintura-infantil-2005-2020\/#primaryimage"},"image":{"@id":"https:\/\/dev.antudigital.cl\/sites\/vc\/se-inaugura-la-exposicion-ven-a-valparaiso-15-anos-concurso-de-pintura-infantil-2005-2020\/#primaryimage"},"thumbnailUrl":"https:\/\/dev.antudigital.cl\/sites\/vc\/wp-content\/uploads\/2024\/03\/1_Ven-a-Valparaiso_Concurso.jpg","datePublished":"2024-03-18T22:19:46+00:00","dateModified":"2024-03-18T22:19:53+00:00","author":{"@id":"https:\/\/dev.antudigital.cl\/sites\/vc\/#\/schema\/person\/c2b9da8dd545e27166fc5ab232837318"},"breadcrumb":{"@id":"https:\/\/dev.antudigital.cl\/sites\/vc\/se-inaugura-la-exposicion-ven-a-valparaiso-15-anos-concurso-de-pintura-infantil-2005-2020\/#breadcrumb"},"inLanguage":"es","potentialAction":[{"@type":"ReadAction","target":["https:\/\/dev.antudigital.cl\/sites\/vc\/se-inaugura-la-exposicion-ven-a-valparaiso-15-anos-concurso-de-pintura-infantil-2005-2020\/"]}]},{"@type":"ImageObject","inLanguage":"es","@id":"https:\/\/dev.antudigital.cl\/sites\/vc\/se-inaugura-la-exposicion-ven-a-valparaiso-15-anos-concurso-de-pintura-infantil-2005-2020\/#primaryimage","url":"https:\/\/dev.antudigital.cl\/sites\/vc\/wp-content\/uploads\/2024\/03\/1_Ven-a-Valparaiso_Concurso.jpg","contentUrl":"https:\/\/dev.antudigital.cl\/sites\/vc\/wp-content\/uploads\/2024\/03\/1_Ven-a-Valparaiso_Concurso.jpg","width":1575,"height":1062},{"@type":"BreadcrumbList","@id":"https:\/\/dev.antudigital.cl\/sites\/vc\/se-inaugura-la-exposicion-ven-a-valparaiso-15-anos-concurso-de-pintura-infantil-2005-2020\/#breadcrumb","itemListElement":[{"@type":"ListItem","position":1,"name":"Home","item":"https:\/\/dev.antudigital.cl\/sites\/vc\/"},{"@type":"ListItem","position":2,"name":"Se inaugura la exposici\u00f3n \u201cVen a Valpara\u00edso, 15 a\u00f1os. Concurso de Pintura Infantil 2005-2020\u201d"}]},{"@type":"WebSite","@id":"https:\/\/dev.antudigital.cl\/sites\/vc\/#website","url":"https:\/\/dev.antudigital.cl\/sites\/vc\/","name":"Valpara\u00ed\u00adso Creativo","description":"","potentialAction":[{"@type":"SearchAction","target":{"@type":"EntryPoint","urlTemplate":"https:\/\/dev.antudigital.cl\/sites\/vc\/?s={search_term_string}"},"query-input":{"@type":"PropertyValueSpecification","valueRequired":true,"valueName":"search_term_string"}}],"inLanguage":"es"},{"@type":"Person","@id":"https:\/\/dev.antudigital.cl\/sites\/vc\/#\/schema\/person\/c2b9da8dd545e27166fc5ab232837318","name":"Valpara\u00edso Creativo","description":"Periodista de cultura en la Regi\u00f3n de Valpara\u00edso.","url":"https:\/\/dev.antudigital.cl\/sites\/vc\/author\/valpoadmin\/"}]}},"_links":{"self":[{"href":"https:\/\/dev.antudigital.cl\/sites\/vc\/wp-json\/wp\/v2\/posts\/18636","targetHints":{"allow":["GET"]}}],"collection":[{"href":"https:\/\/dev.antudigital.cl\/sites\/vc\/wp-json\/wp\/v2\/posts"}],"about":[{"href":"https:\/\/dev.antudigital.cl\/sites\/vc\/wp-json\/wp\/v2\/types\/post"}],"author":[{"embeddable":true,"href":"https:\/\/dev.antudigital.cl\/sites\/vc\/wp-json\/wp\/v2\/users\/1"}],"replies":[{"embeddable":true,"href":"https:\/\/dev.antudigital.cl\/sites\/vc\/wp-json\/wp\/v2\/comments?post=18636"}],"version-history":[{"count":1,"href":"https:\/\/dev.antudigital.cl\/sites\/vc\/wp-json\/wp\/v2\/posts\/18636\/revisions"}],"predecessor-version":[{"id":18640,"href":"https:\/\/dev.antudigital.cl\/sites\/vc\/wp-json\/wp\/v2\/posts\/18636\/revisions\/18640"}],"wp:featuredmedia":[{"embeddable":true,"href":"https:\/\/dev.antudigital.cl\/sites\/vc\/wp-json\/wp\/v2\/media\/18637"}],"wp:attachment":[{"href":"https:\/\/dev.antudigital.cl\/sites\/vc\/wp-json\/wp\/v2\/media?parent=18636"}],"wp:term":[{"taxonomy":"category","embeddable":true,"href":"https:\/\/dev.antudigital.cl\/sites\/vc\/wp-json\/wp\/v2\/categories?post=18636"},{"taxonomy":"post_tag","embeddable":true,"href":"https:\/\/dev.antudigital.cl\/sites\/vc\/wp-json\/wp\/v2\/tags?post=18636"}],"curies":[{"name":"wp","href":"https:\/\/api.w.org\/{rel}","templated":true}]}}