{"id":18645,"date":"2024-03-19T11:30:13","date_gmt":"2024-03-19T11:30:13","guid":{"rendered":"https:\/\/www.valparaisocreativo.cl\/?p=18645"},"modified":"2024-03-19T11:30:20","modified_gmt":"2024-03-19T11:30:20","slug":"entretejiendo-nuevas-oportunidades","status":"publish","type":"post","link":"https:\/\/dev.antudigital.cl\/sites\/vc\/entretejiendo-nuevas-oportunidades\/","title":{"rendered":"Entretejiendo nuevas oportunidades"},"content":{"rendered":"\n<p>Pamela Gal\u00e1n lidera Microteje, emprendimiento creativo que en el pasado mes de febrero asisti\u00f3 a la pasarela del New York Fashion Week, donde mostraron su primera colecci\u00f3n especial para este formato. No cre\u00edan que pudiesen hacerlo, pero tras una campa\u00f1a virtual y mucho respaldo de sus seguidores, lograron llegar a la gran ciudad norteamericana a mostrar su arte.<\/p>\n\n\n\n<p>\u201cGeneramos piezas \u00fanicas, libres de crueldad animal y reutilizamos nuestros residuos\u201d, son algunas de las premisas de Microteje, cuyo equipo de tres personas entrevistamos en su particular taller ubicado en Vi\u00f1a del Mar. Conoce m\u00e1s en esta entrevista:<\/p>\n\n\n\n<p><strong>\u00bfDesde cu\u00e1ndo existen, c\u00f3mo nace Microteje?<\/strong><\/p>\n\n\n\n<p>&#8211; Microteje empez\u00f3 el 2014 aproximadamente, cuando trabajaba de arquitecta y paisajista y me puse a tejer plantitas. Me toc\u00f3 harto dise\u00f1ar proyectos con plantas y suculentas, y me gustaba tejer a crochet sobre todo, por lo que en las noches me pon\u00eda a hacer cactus y suculentas y se empezaron a vender, siempre como una alternativa, no pensaba vivir de ello.<\/p>\n\n\n\n<p>Despu\u00e9s me fui a vivir a Coyhaique, me llev\u00e9 todas mis lanas, pero siempre como algo paralelo, un hobby.<\/p>\n\n\n\n<p>El 2020 estaba estudiando en Jap\u00f3n, haciendo un mag\u00edster de mitigaci\u00f3n de desastres naturales en planificaci\u00f3n urbana, me vine a Chile y ah\u00ed explot\u00f3 la pandemia. Fue entonces que no pude encontrar trabajo. Me puse a tejer mientras esperaba, y el tejido empez\u00f3 a agarrar vuelo. Por lo que decid\u00ed que trabajar\u00eda con las lanas mientras no encontraba trabajo, y me compr\u00e9 una m\u00e1quina manual primero. Despu\u00e9s conoc\u00ed a Lucas, mi actual socio, con quien nos fuimos a vivir al campo y ah\u00ed se uni\u00f3 al proyecto, tejiendo ahora y en otras labores. As\u00ed partimos.<\/p>\n\n\n\n<figure class=\"wp-block-image size-full\"><img fetchpriority=\"high\" decoding=\"async\" width=\"904\" height=\"645\" src=\"https:\/\/www.valparaisocreativo.cl\/wp-content\/uploads\/2024\/03\/Captura-de-Pantalla-2024-03-19-a-las-08.08.59.png\" alt=\"\" class=\"wp-image-18650\" srcset=\"https:\/\/dev.antudigital.cl\/sites\/vc\/wp-content\/uploads\/2024\/03\/Captura-de-Pantalla-2024-03-19-a-las-08.08.59.png 904w, https:\/\/dev.antudigital.cl\/sites\/vc\/wp-content\/uploads\/2024\/03\/Captura-de-Pantalla-2024-03-19-a-las-08.08.59-300x214.png 300w, https:\/\/dev.antudigital.cl\/sites\/vc\/wp-content\/uploads\/2024\/03\/Captura-de-Pantalla-2024-03-19-a-las-08.08.59-768x548.png 768w, https:\/\/dev.antudigital.cl\/sites\/vc\/wp-content\/uploads\/2024\/03\/Captura-de-Pantalla-2024-03-19-a-las-08.08.59-400x284.png 400w, https:\/\/dev.antudigital.cl\/sites\/vc\/wp-content\/uploads\/2024\/03\/Captura-de-Pantalla-2024-03-19-a-las-08.08.59-480x342.png 480w, https:\/\/dev.antudigital.cl\/sites\/vc\/wp-content\/uploads\/2024\/03\/Captura-de-Pantalla-2024-03-19-a-las-08.08.59-24x17.png 24w, https:\/\/dev.antudigital.cl\/sites\/vc\/wp-content\/uploads\/2024\/03\/Captura-de-Pantalla-2024-03-19-a-las-08.08.59-36x26.png 36w, https:\/\/dev.antudigital.cl\/sites\/vc\/wp-content\/uploads\/2024\/03\/Captura-de-Pantalla-2024-03-19-a-las-08.08.59-48x34.png 48w\" sizes=\"(max-width: 904px) 100vw, 904px\" \/><\/figure>\n\n\n\n<p><strong>\u00bfQu\u00e9 es lo que buscas transmitir con cada pieza, que es \u00fanica?<\/strong><\/p>\n\n\n\n<p>&#8211; Principalmente cuando empec\u00e9 a hacer chalecos, pens\u00e9 que quer\u00eda mucha informaci\u00f3n de colores en un chaleco, saturaci\u00f3n de informaci\u00f3n. Por lo mismo, me resultaba tedioso hacerlo dos veces igual. Decid\u00ed no repetir chalecos con los pedidos, y buscaba eso y poder combinar los colores sin l\u00edmite, por otra parte. Me atrev\u00ed a ser s\u00faper libre en la decisi\u00f3n de los colores y tuvo buena recepci\u00f3n.<\/p>\n\n\n\n<p><strong>\u00bfCu\u00e1ndo aprendiste a tejer?<\/strong><\/p>\n\n\n\n<p>&#8211; Como a los 6 a\u00f1os, por mi abuela y mi mam\u00e1. Siempre me ha encantado tejer y de hecho despu\u00e9s de la pega sigo tejiendo, me entretiene mucho.&nbsp;<\/p>\n\n\n\n<p><strong>\u00bfC\u00f3mo empezaron a pensar que har\u00edan colecciones y la manera en que trabajan?<\/strong><\/p>\n\n\n\n<p>&#8211; Fue s\u00faper org\u00e1nico, como que se fue dando. Ten\u00eda en mente muchas ideas, que trabaj\u00e9 usando carpetas de Pinterest y agrupando estas ideas y referentes que ten\u00eda. Como con la Bauhaus, que tenemos una colecci\u00f3n llamada as\u00ed con inspiraci\u00f3n en estos arquitectos, dise\u00f1adores y artistas de esa corriente. Luego ten\u00eda otra carpeta con otra inspiraci\u00f3n. Siempre todas relacionadas a cosas que nos gustan o experiencias de vida. Nos han pedido hacer otras cosas, pero no nos podemos apropiar de algo que no nos hace sentido.<\/p>\n\n\n\n<p><strong>\u00bfC\u00f3mo ha sido para ustedes el trabajo, el proceso creativo, crear cada pieza?<\/strong><\/p>\n\n\n\n<p>&#8211; Cuando empec\u00e9 a trabajar en equipo con Lucas y Carolina, tuve que empezar a plasmarlo m\u00e1s en papel, las ideas. Pero antes miraba el techo, me imaginaba el chaleco y lo tej\u00eda, solo ejecutaba. B\u00e1sicamente hoy es conversarlo, ver hacia d\u00f3nde va la colecci\u00f3n, nos sentamos y disparamos ideas y en el camino del tejido vamos definiendo cosas. Con la colecci\u00f3n de Nueva York nos pas\u00f3 un poco as\u00ed: eran piezas nuevas que nos aventuramos a hacer, por lo que tuvimos que hacerlo dos veces para entender el proceso. Vamos en el camino resolviendo y aprendiendo. No tenemos estudios en confecci\u00f3n de modas, as\u00ed que somos s\u00faper experimentales y los tres en conjunto vamos decidiendo qu\u00e9 hacer.<\/p>\n\n\n\n<figure class=\"wp-block-image size-full\"><img decoding=\"async\" width=\"903\" height=\"499\" src=\"https:\/\/www.valparaisocreativo.cl\/wp-content\/uploads\/2024\/03\/Captura-de-Pantalla-2024-03-19-a-las-08.09.08.png\" alt=\"\" class=\"wp-image-18649\" srcset=\"https:\/\/dev.antudigital.cl\/sites\/vc\/wp-content\/uploads\/2024\/03\/Captura-de-Pantalla-2024-03-19-a-las-08.09.08.png 903w, https:\/\/dev.antudigital.cl\/sites\/vc\/wp-content\/uploads\/2024\/03\/Captura-de-Pantalla-2024-03-19-a-las-08.09.08-300x166.png 300w, https:\/\/dev.antudigital.cl\/sites\/vc\/wp-content\/uploads\/2024\/03\/Captura-de-Pantalla-2024-03-19-a-las-08.09.08-768x424.png 768w, https:\/\/dev.antudigital.cl\/sites\/vc\/wp-content\/uploads\/2024\/03\/Captura-de-Pantalla-2024-03-19-a-las-08.09.08-480x265.png 480w, https:\/\/dev.antudigital.cl\/sites\/vc\/wp-content\/uploads\/2024\/03\/Captura-de-Pantalla-2024-03-19-a-las-08.09.08-24x13.png 24w, https:\/\/dev.antudigital.cl\/sites\/vc\/wp-content\/uploads\/2024\/03\/Captura-de-Pantalla-2024-03-19-a-las-08.09.08-36x20.png 36w, https:\/\/dev.antudigital.cl\/sites\/vc\/wp-content\/uploads\/2024\/03\/Captura-de-Pantalla-2024-03-19-a-las-08.09.08-48x27.png 48w\" sizes=\"(max-width: 903px) 100vw, 903px\" \/><\/figure>\n\n\n\n<p><strong>\u00bfCu\u00e1l es su relaci\u00f3n con la moda?<\/strong><\/p>\n\n\n\n<p>&#8211; Qu\u00e9 dif\u00edcil. Es desde el desconocimiento igual, es un tema totalmente nuevo para nosotros como equipo, y es muy propositivo. Pienso un poco lo que a m\u00ed me gustar\u00eda tener, qu\u00e9 me gustar\u00eda que existiera y desde ah\u00ed creamos. Es como la b\u00fasqueda de la pieza que imaginamos y c\u00f3mo quisi\u00e9ramos tenerla.<\/p>\n\n\n\n<p>Partimos como tejedores, pero en la b\u00fasqueda de encontrar piezas nuevas nos hemos entrometido en el mundo de la moda, entendiendo que el tejido es moda y te identifica y todo. Pero incluso en Nueva York nos sent\u00edamos muy principiantes en la moda, as\u00ed que dispuestos a aprender siempre.<\/p>\n\n\n\n<p><strong>\u00bfC\u00f3mo surgi\u00f3 todo lo de Nueva York? Fueron en febrero a la Semana de la Moda. \u00bfC\u00f3mo empez\u00f3 toda esa aventura?<\/strong><\/p>\n\n\n\n<p>&#8211; Nueva York parti\u00f3 todo como el bichito al ver que unos dise\u00f1adores locales fueron al Fashion Week (Be Kanvas y Nicoletta Valentina), que pens\u00e9 que era inalcanzable, por lo que empec\u00e9 a preguntar c\u00f3mo hab\u00eda sido el proceso. Me puse a investigar y vi c\u00f3mo se pod\u00eda postular, que era a trav\u00e9s de agencias. Llen\u00e9 los formularios y nos lleg\u00f3 una invitaci\u00f3n para postular, a lo que pens\u00e9: quiz\u00e1s no es tan loco hacerlo.<\/p>\n\n\n\n<p>Tuvimos que hacer un book de moda, con nuestro concepto, hasta que mandamos la postulaci\u00f3n en tres agencias donde quedamos. Cuando nos enviaron el presupuesto, era impensable. Pero fuimos coment\u00e1ndolo con los amigos y familia y nos alentaron a compartir el proceso en redes sociales y ver qu\u00e9 pod\u00eda salir de ah\u00ed. Fue s\u00faper org\u00e1nico. A la gente le despert\u00f3 un sentimiento de ser parte de algo, pareciera, y explot\u00f3 que Microteje iba a Nueva York. Partimos buscando ayuda y mucha gente se involucr\u00f3 en el proceso, se gener\u00f3 una comunidad. La campa\u00f1a iba mutando seg\u00fan c\u00f3mo se mov\u00eda la cosa, al principio hicimos una rifa, contactamos a marcas, y mientras \u00edbamos avanzando ve\u00edamos c\u00f3mo seguir.<\/p>\n\n\n\n<p>Lleg\u00f3 el d\u00eda de irnos, compramos los pasajes dos d\u00edas antes, y la gente que nos acompa\u00f1\u00f3 en redes sociales nos alentaba y segu\u00eda y eso fue s\u00faper lindo. Antes nos daba mucha verg\u00fcenza hablarle a la c\u00e1mara y hacer eso de exponerse, pero ha funcionado muy bien. Ayuda mucho, ya que hay que vender el producto y la red social implica ver la realidad, el d\u00eda a d\u00eda, la vida y todo lo que hay detr\u00e1s de una marca. Es enriquecedor, porque la gente empatiza.<\/p>\n\n\n\n<p>Nueva York es un empujoncito para ver si pegamos un salto. En Chile es dif\u00edcil la competencia con la moda r\u00e1pida. La valorizaci\u00f3n al trabajo artesanal cuesta, pues es una sociedad que tiene otro tipo de problemas, no como en Nueva York donde la moda es parte del motor de la ciudad y eso nos ayud\u00f3 a entender que hay que seguir poni\u00e9ndole ganas.<\/p>\n\n\n\n<p><strong>Mientras hac\u00edan la campa\u00f1a, dise\u00f1aban las piezas adem\u00e1s.<\/strong><\/p>\n\n\n\n<p>&#8211; S\u00ed, hicimos todo en tres semanas, un disparate.&nbsp;<\/p>\n\n\n\n<p><strong>\u00bfC\u00f3mo fue salir del chaleco a pasar a estos trajes y piezas especiales para el Fashion Week?<\/strong><\/p>\n\n\n\n<p>&#8211; Fue s\u00faper lo que se nos viniera a la mente, me puse a dibujar. Ten\u00edamos que desarrollar 7 looks para abarcar distintas facetas de la moda. Un traje de dos piezas, un vestido despampanante, y otras m\u00e1s. Esta es la colecci\u00f3n Atacama, donde usamos muchas t\u00e9cnicas que hemos aprendido que a veces uno deja por temas de tiempo y desarrollo. La tipolog\u00eda de las prendas es abarcar distintas formas de vestirse con el tejido y que no son tan comunes. C\u00f3mo vestirse elegante con un tejido. Llevamos el tejido a la pasarela.&nbsp;<\/p>\n\n\n\n<p><strong>\u00bfC\u00f3mo les fue en Nueva York? Toda esa experiencia.<\/strong><\/p>\n\n\n\n<p>&#8211; Siento que nos fue bac\u00e1n y que fue un triunfo, para validarnos y tomar en serio que somos capaces de llegar a un mercado extranjero. La idea de este proyecto era internacionalizar la marca. Frente a eso, es un triunfo, porque aparte de mostrarnos, tuvimos mucho feedback sobre nuestros productos. Muchos no cre\u00edan que eran tejidos, las piezas que tenemos. Nos gust\u00f3 mucho tambi\u00e9n experimentar en la calle lo que la gente pensaba de nuestros tejidos, pues hicimos una convocatoria a modelos en la calle y llegaron all\u00e1 unas 300 personas. Fue genial, pues la gente paraba a tocar las prendas, a mirarlas, halagaban las piezas y eran peque\u00f1as victorias que las atesoramos y pensamos que por eso afuera nos puede ir bien. Ac\u00e1 no podemos bajar m\u00e1s los precios, y ac\u00e1 el p\u00fablico es muy acotado y nuestras ventas no aumentan, por eso queremos apostar afuera. Fue muy bac\u00e1n la experiencia y queremos repetirla en septiembre y darle para adelante, trabajando duro para obtener las cosas.<\/p>\n\n\n\n<p>Fue bonito poner los tejidos en pasarela. Pens\u00e1bamos que quiz\u00e1s ser\u00eda fuera de lugar, pero funcion\u00f3 s\u00faper bien.<\/p>\n\n\n\n<p><strong>En este sentido, \u00bfcu\u00e1les ser\u00edan sus proyecciones?<\/strong><\/p>\n\n\n\n<p>Nos gustar\u00eda abrir un estudio medio h\u00edbrido en Nueva York. Esta es una idea para posicionarnos con stock hecho desde Chile, que puedan mandarse a hacer, poder recibir estudiantes en pr\u00e1ctica\u2026 tenemos muchos proyectos y all\u00e1 el mercado lo amerita. En Chile es dif\u00edcil y la situaci\u00f3n no est\u00e1 f\u00e1cil como para invertir en prendas de este tipo. No buscamos elevar nuestros precios, sino que las ventas.<\/p>\n\n\n\n<figure class=\"wp-block-image size-full\"><img decoding=\"async\" width=\"910\" height=\"644\" src=\"https:\/\/www.valparaisocreativo.cl\/wp-content\/uploads\/2024\/03\/Captura-de-Pantalla-2024-03-19-a-las-08.08.42.png\" alt=\"\" class=\"wp-image-18647\" srcset=\"https:\/\/dev.antudigital.cl\/sites\/vc\/wp-content\/uploads\/2024\/03\/Captura-de-Pantalla-2024-03-19-a-las-08.08.42.png 910w, https:\/\/dev.antudigital.cl\/sites\/vc\/wp-content\/uploads\/2024\/03\/Captura-de-Pantalla-2024-03-19-a-las-08.08.42-300x212.png 300w, https:\/\/dev.antudigital.cl\/sites\/vc\/wp-content\/uploads\/2024\/03\/Captura-de-Pantalla-2024-03-19-a-las-08.08.42-768x544.png 768w, https:\/\/dev.antudigital.cl\/sites\/vc\/wp-content\/uploads\/2024\/03\/Captura-de-Pantalla-2024-03-19-a-las-08.08.42-400x284.png 400w, https:\/\/dev.antudigital.cl\/sites\/vc\/wp-content\/uploads\/2024\/03\/Captura-de-Pantalla-2024-03-19-a-las-08.08.42-480x340.png 480w, https:\/\/dev.antudigital.cl\/sites\/vc\/wp-content\/uploads\/2024\/03\/Captura-de-Pantalla-2024-03-19-a-las-08.08.42-24x17.png 24w, https:\/\/dev.antudigital.cl\/sites\/vc\/wp-content\/uploads\/2024\/03\/Captura-de-Pantalla-2024-03-19-a-las-08.08.42-36x25.png 36w, https:\/\/dev.antudigital.cl\/sites\/vc\/wp-content\/uploads\/2024\/03\/Captura-de-Pantalla-2024-03-19-a-las-08.08.42-48x34.png 48w\" sizes=\"(max-width: 910px) 100vw, 910px\" \/><\/figure>\n\n\n\n<p><strong>\u00bfC\u00f3mo ha sido el regreso de Nueva York a Chile?<\/strong><\/p>\n\n\n\n<p>&#8211; Ahora en marzo, hasta ahora todo estaba medio en <em>stand by <\/em>debido a las vacaciones. Retomamos algunas conexiones, como una alianza que tenemos con Rev\u00e9s Derecho que se traer\u00e1 una actividad prontamente. Adem\u00e1s estamos con esta idea de abrir un atelier all\u00e1 con ProChile, viendo nuestras opciones. Y haci\u00e9ndonos cargo de todo lo que la campa\u00f1a conlleva, los premios de la rifa y esos \u201cproblemas felices\u201d, de todos modos muy motivados, vino un boom energ\u00e9tico para hacer cosas nuevas y entretenidas. Ten\u00edamos ganas de hacer cosas nuevas y experimentar y lo logramos.<\/p>\n\n\n\n<p><strong>\u00bfQu\u00e9 cosas son parte de la misi\u00f3n y visi\u00f3n, por as\u00ed expresarlo, de Microteje?<\/strong><\/p>\n\n\n\n<p>&#8211; Lo primero y m\u00e1s importante es el bienestar del equipo. Propiciamos mucho la comodidad y confianza en el equipo, siendo responsables y cuidadosos con nosotros. En ese sentido, los tres nos llevamos s\u00faper bien. Lo otro primordial es no generar desperdicios, usar materiales libres de crueldad animal, comercio justo, la idea es que si Microteje crece, todos crecemos con el proyecto. Siento que la din\u00e1mica de comercio justo, por ejemplo, abarca todo esto que conversamos. Tambi\u00e9n el tema de reutilizar los residuos, que fue algo que hicimos para la colecci\u00f3n de Nueva York, donde en prendas se cre\u00f3 un aislante t\u00e9rmico con residuos de otros tejidos. Todo eso es uno de los valores que creo que se rescatan mucho de Microteje.<\/p>\n","protected":false},"excerpt":{"rendered":"<p>Pamela Gal\u00e1n lidera Microteje, emprendimiento creativo que en el pasado mes de febrero asisti\u00f3 a la pasarela del New York Fashion Week, donde mostraron su primera colecci\u00f3n especial para este formato. No cre\u00edan que pudiesen hacerlo, pero tras una campa\u00f1a virtual y mucho respaldo de sus seguidores, lograron llegar a la gran ciudad norteamericana a [&hellip;]<\/p>\n","protected":false},"author":1,"featured_media":18646,"comment_status":"closed","ping_status":"closed","sticky":false,"template":"","format":"standard","meta":{"_acf_changed":false,"footnotes":""},"categories":[218],"tags":[],"class_list":["post-18645","post","type-post","status-publish","format-standard","has-post-thumbnail","hentry","category-blog"],"acf":[],"yoast_head":"<!-- This site is optimized with the Yoast SEO plugin v27.1.1 - https:\/\/yoast.com\/product\/yoast-seo-wordpress\/ -->\n<title>Entretejiendo nuevas oportunidades - Valpara\u00ed\u00adso Creativo<\/title>\n<meta name=\"robots\" content=\"index, follow, max-snippet:-1, max-image-preview:large, max-video-preview:-1\" \/>\n<link rel=\"canonical\" href=\"https:\/\/dev.antudigital.cl\/sites\/vc\/entretejiendo-nuevas-oportunidades\/\" \/>\n<meta property=\"og:locale\" content=\"es_ES\" \/>\n<meta property=\"og:type\" content=\"article\" \/>\n<meta property=\"og:title\" content=\"Entretejiendo nuevas oportunidades - Valpara\u00ed\u00adso Creativo\" \/>\n<meta property=\"og:description\" content=\"Pamela Gal\u00e1n lidera Microteje, emprendimiento creativo que en el pasado mes de febrero asisti\u00f3 a la pasarela del New York Fashion Week, donde mostraron su primera colecci\u00f3n especial para este formato. No cre\u00edan que pudiesen hacerlo, pero tras una campa\u00f1a virtual y mucho respaldo de sus seguidores, lograron llegar a la gran ciudad norteamericana a [&hellip;]\" \/>\n<meta property=\"og:url\" content=\"https:\/\/dev.antudigital.cl\/sites\/vc\/entretejiendo-nuevas-oportunidades\/\" \/>\n<meta property=\"og:site_name\" content=\"Valpara\u00ed\u00adso Creativo\" \/>\n<meta property=\"article:published_time\" content=\"2024-03-19T11:30:13+00:00\" \/>\n<meta property=\"article:modified_time\" content=\"2024-03-19T11:30:20+00:00\" \/>\n<meta property=\"og:image\" content=\"https:\/\/dev.antudigital.cl\/sites\/vc\/wp-content\/uploads\/2024\/03\/Captura-de-Pantalla-2024-03-19-a-las-08.08.28.png\" \/>\n\t<meta property=\"og:image:width\" content=\"830\" \/>\n\t<meta property=\"og:image:height\" content=\"528\" \/>\n\t<meta property=\"og:image:type\" content=\"image\/png\" \/>\n<meta name=\"author\" content=\"Valpara\u00edso Creativo\" \/>\n<meta name=\"twitter:card\" content=\"summary_large_image\" \/>\n<meta name=\"twitter:label1\" content=\"Escrito por\" \/>\n\t<meta name=\"twitter:data1\" content=\"Valpara\u00edso Creativo\" \/>\n\t<meta name=\"twitter:label2\" content=\"Tiempo de lectura\" \/>\n\t<meta name=\"twitter:data2\" content=\"9 minutos\" \/>\n<script type=\"application\/ld+json\" class=\"yoast-schema-graph\">{\"@context\":\"https:\/\/schema.org\",\"@graph\":[{\"@type\":\"Article\",\"@id\":\"https:\/\/dev.antudigital.cl\/sites\/vc\/entretejiendo-nuevas-oportunidades\/#article\",\"isPartOf\":{\"@id\":\"https:\/\/dev.antudigital.cl\/sites\/vc\/entretejiendo-nuevas-oportunidades\/\"},\"author\":{\"name\":\"Valpara\u00edso Creativo\",\"@id\":\"https:\/\/dev.antudigital.cl\/sites\/vc\/#\/schema\/person\/c2b9da8dd545e27166fc5ab232837318\"},\"headline\":\"Entretejiendo nuevas oportunidades\",\"datePublished\":\"2024-03-19T11:30:13+00:00\",\"dateModified\":\"2024-03-19T11:30:20+00:00\",\"mainEntityOfPage\":{\"@id\":\"https:\/\/dev.antudigital.cl\/sites\/vc\/entretejiendo-nuevas-oportunidades\/\"},\"wordCount\":1866,\"image\":{\"@id\":\"https:\/\/dev.antudigital.cl\/sites\/vc\/entretejiendo-nuevas-oportunidades\/#primaryimage\"},\"thumbnailUrl\":\"https:\/\/dev.antudigital.cl\/sites\/vc\/wp-content\/uploads\/2024\/03\/Captura-de-Pantalla-2024-03-19-a-las-08.08.28.png\",\"articleSection\":[\"Blog\"],\"inLanguage\":\"es\"},{\"@type\":\"WebPage\",\"@id\":\"https:\/\/dev.antudigital.cl\/sites\/vc\/entretejiendo-nuevas-oportunidades\/\",\"url\":\"https:\/\/dev.antudigital.cl\/sites\/vc\/entretejiendo-nuevas-oportunidades\/\",\"name\":\"Entretejiendo nuevas oportunidades - Valpara\u00ed\u00adso Creativo\",\"isPartOf\":{\"@id\":\"https:\/\/dev.antudigital.cl\/sites\/vc\/#website\"},\"primaryImageOfPage\":{\"@id\":\"https:\/\/dev.antudigital.cl\/sites\/vc\/entretejiendo-nuevas-oportunidades\/#primaryimage\"},\"image\":{\"@id\":\"https:\/\/dev.antudigital.cl\/sites\/vc\/entretejiendo-nuevas-oportunidades\/#primaryimage\"},\"thumbnailUrl\":\"https:\/\/dev.antudigital.cl\/sites\/vc\/wp-content\/uploads\/2024\/03\/Captura-de-Pantalla-2024-03-19-a-las-08.08.28.png\",\"datePublished\":\"2024-03-19T11:30:13+00:00\",\"dateModified\":\"2024-03-19T11:30:20+00:00\",\"author\":{\"@id\":\"https:\/\/dev.antudigital.cl\/sites\/vc\/#\/schema\/person\/c2b9da8dd545e27166fc5ab232837318\"},\"breadcrumb\":{\"@id\":\"https:\/\/dev.antudigital.cl\/sites\/vc\/entretejiendo-nuevas-oportunidades\/#breadcrumb\"},\"inLanguage\":\"es\",\"potentialAction\":[{\"@type\":\"ReadAction\",\"target\":[\"https:\/\/dev.antudigital.cl\/sites\/vc\/entretejiendo-nuevas-oportunidades\/\"]}]},{\"@type\":\"ImageObject\",\"inLanguage\":\"es\",\"@id\":\"https:\/\/dev.antudigital.cl\/sites\/vc\/entretejiendo-nuevas-oportunidades\/#primaryimage\",\"url\":\"https:\/\/dev.antudigital.cl\/sites\/vc\/wp-content\/uploads\/2024\/03\/Captura-de-Pantalla-2024-03-19-a-las-08.08.28.png\",\"contentUrl\":\"https:\/\/dev.antudigital.cl\/sites\/vc\/wp-content\/uploads\/2024\/03\/Captura-de-Pantalla-2024-03-19-a-las-08.08.28.png\",\"width\":830,\"height\":528},{\"@type\":\"BreadcrumbList\",\"@id\":\"https:\/\/dev.antudigital.cl\/sites\/vc\/entretejiendo-nuevas-oportunidades\/#breadcrumb\",\"itemListElement\":[{\"@type\":\"ListItem\",\"position\":1,\"name\":\"Home\",\"item\":\"https:\/\/dev.antudigital.cl\/sites\/vc\/\"},{\"@type\":\"ListItem\",\"position\":2,\"name\":\"Entretejiendo nuevas oportunidades\"}]},{\"@type\":\"WebSite\",\"@id\":\"https:\/\/dev.antudigital.cl\/sites\/vc\/#website\",\"url\":\"https:\/\/dev.antudigital.cl\/sites\/vc\/\",\"name\":\"Valpara\u00ed\u00adso Creativo\",\"description\":\"\",\"potentialAction\":[{\"@type\":\"SearchAction\",\"target\":{\"@type\":\"EntryPoint\",\"urlTemplate\":\"https:\/\/dev.antudigital.cl\/sites\/vc\/?s={search_term_string}\"},\"query-input\":{\"@type\":\"PropertyValueSpecification\",\"valueRequired\":true,\"valueName\":\"search_term_string\"}}],\"inLanguage\":\"es\"},{\"@type\":\"Person\",\"@id\":\"https:\/\/dev.antudigital.cl\/sites\/vc\/#\/schema\/person\/c2b9da8dd545e27166fc5ab232837318\",\"name\":\"Valpara\u00edso Creativo\",\"description\":\"Periodista de cultura en la Regi\u00f3n de Valpara\u00edso.\",\"url\":\"https:\/\/dev.antudigital.cl\/sites\/vc\/author\/valpoadmin\/\"}]}<\/script>\n<!-- \/ Yoast SEO plugin. -->","yoast_head_json":{"title":"Entretejiendo nuevas oportunidades - Valpara\u00ed\u00adso Creativo","robots":{"index":"index","follow":"follow","max-snippet":"max-snippet:-1","max-image-preview":"max-image-preview:large","max-video-preview":"max-video-preview:-1"},"canonical":"https:\/\/dev.antudigital.cl\/sites\/vc\/entretejiendo-nuevas-oportunidades\/","og_locale":"es_ES","og_type":"article","og_title":"Entretejiendo nuevas oportunidades - Valpara\u00ed\u00adso Creativo","og_description":"Pamela Gal\u00e1n lidera Microteje, emprendimiento creativo que en el pasado mes de febrero asisti\u00f3 a la pasarela del New York Fashion Week, donde mostraron su primera colecci\u00f3n especial para este formato. No cre\u00edan que pudiesen hacerlo, pero tras una campa\u00f1a virtual y mucho respaldo de sus seguidores, lograron llegar a la gran ciudad norteamericana a [&hellip;]","og_url":"https:\/\/dev.antudigital.cl\/sites\/vc\/entretejiendo-nuevas-oportunidades\/","og_site_name":"Valpara\u00ed\u00adso Creativo","article_published_time":"2024-03-19T11:30:13+00:00","article_modified_time":"2024-03-19T11:30:20+00:00","og_image":[{"width":830,"height":528,"url":"https:\/\/dev.antudigital.cl\/sites\/vc\/wp-content\/uploads\/2024\/03\/Captura-de-Pantalla-2024-03-19-a-las-08.08.28.png","type":"image\/png"}],"author":"Valpara\u00edso Creativo","twitter_card":"summary_large_image","twitter_misc":{"Escrito por":"Valpara\u00edso Creativo","Tiempo de lectura":"9 minutos"},"schema":{"@context":"https:\/\/schema.org","@graph":[{"@type":"Article","@id":"https:\/\/dev.antudigital.cl\/sites\/vc\/entretejiendo-nuevas-oportunidades\/#article","isPartOf":{"@id":"https:\/\/dev.antudigital.cl\/sites\/vc\/entretejiendo-nuevas-oportunidades\/"},"author":{"name":"Valpara\u00edso Creativo","@id":"https:\/\/dev.antudigital.cl\/sites\/vc\/#\/schema\/person\/c2b9da8dd545e27166fc5ab232837318"},"headline":"Entretejiendo nuevas oportunidades","datePublished":"2024-03-19T11:30:13+00:00","dateModified":"2024-03-19T11:30:20+00:00","mainEntityOfPage":{"@id":"https:\/\/dev.antudigital.cl\/sites\/vc\/entretejiendo-nuevas-oportunidades\/"},"wordCount":1866,"image":{"@id":"https:\/\/dev.antudigital.cl\/sites\/vc\/entretejiendo-nuevas-oportunidades\/#primaryimage"},"thumbnailUrl":"https:\/\/dev.antudigital.cl\/sites\/vc\/wp-content\/uploads\/2024\/03\/Captura-de-Pantalla-2024-03-19-a-las-08.08.28.png","articleSection":["Blog"],"inLanguage":"es"},{"@type":"WebPage","@id":"https:\/\/dev.antudigital.cl\/sites\/vc\/entretejiendo-nuevas-oportunidades\/","url":"https:\/\/dev.antudigital.cl\/sites\/vc\/entretejiendo-nuevas-oportunidades\/","name":"Entretejiendo nuevas oportunidades - Valpara\u00ed\u00adso Creativo","isPartOf":{"@id":"https:\/\/dev.antudigital.cl\/sites\/vc\/#website"},"primaryImageOfPage":{"@id":"https:\/\/dev.antudigital.cl\/sites\/vc\/entretejiendo-nuevas-oportunidades\/#primaryimage"},"image":{"@id":"https:\/\/dev.antudigital.cl\/sites\/vc\/entretejiendo-nuevas-oportunidades\/#primaryimage"},"thumbnailUrl":"https:\/\/dev.antudigital.cl\/sites\/vc\/wp-content\/uploads\/2024\/03\/Captura-de-Pantalla-2024-03-19-a-las-08.08.28.png","datePublished":"2024-03-19T11:30:13+00:00","dateModified":"2024-03-19T11:30:20+00:00","author":{"@id":"https:\/\/dev.antudigital.cl\/sites\/vc\/#\/schema\/person\/c2b9da8dd545e27166fc5ab232837318"},"breadcrumb":{"@id":"https:\/\/dev.antudigital.cl\/sites\/vc\/entretejiendo-nuevas-oportunidades\/#breadcrumb"},"inLanguage":"es","potentialAction":[{"@type":"ReadAction","target":["https:\/\/dev.antudigital.cl\/sites\/vc\/entretejiendo-nuevas-oportunidades\/"]}]},{"@type":"ImageObject","inLanguage":"es","@id":"https:\/\/dev.antudigital.cl\/sites\/vc\/entretejiendo-nuevas-oportunidades\/#primaryimage","url":"https:\/\/dev.antudigital.cl\/sites\/vc\/wp-content\/uploads\/2024\/03\/Captura-de-Pantalla-2024-03-19-a-las-08.08.28.png","contentUrl":"https:\/\/dev.antudigital.cl\/sites\/vc\/wp-content\/uploads\/2024\/03\/Captura-de-Pantalla-2024-03-19-a-las-08.08.28.png","width":830,"height":528},{"@type":"BreadcrumbList","@id":"https:\/\/dev.antudigital.cl\/sites\/vc\/entretejiendo-nuevas-oportunidades\/#breadcrumb","itemListElement":[{"@type":"ListItem","position":1,"name":"Home","item":"https:\/\/dev.antudigital.cl\/sites\/vc\/"},{"@type":"ListItem","position":2,"name":"Entretejiendo nuevas oportunidades"}]},{"@type":"WebSite","@id":"https:\/\/dev.antudigital.cl\/sites\/vc\/#website","url":"https:\/\/dev.antudigital.cl\/sites\/vc\/","name":"Valpara\u00ed\u00adso Creativo","description":"","potentialAction":[{"@type":"SearchAction","target":{"@type":"EntryPoint","urlTemplate":"https:\/\/dev.antudigital.cl\/sites\/vc\/?s={search_term_string}"},"query-input":{"@type":"PropertyValueSpecification","valueRequired":true,"valueName":"search_term_string"}}],"inLanguage":"es"},{"@type":"Person","@id":"https:\/\/dev.antudigital.cl\/sites\/vc\/#\/schema\/person\/c2b9da8dd545e27166fc5ab232837318","name":"Valpara\u00edso Creativo","description":"Periodista de cultura en la Regi\u00f3n de Valpara\u00edso.","url":"https:\/\/dev.antudigital.cl\/sites\/vc\/author\/valpoadmin\/"}]}},"_links":{"self":[{"href":"https:\/\/dev.antudigital.cl\/sites\/vc\/wp-json\/wp\/v2\/posts\/18645","targetHints":{"allow":["GET"]}}],"collection":[{"href":"https:\/\/dev.antudigital.cl\/sites\/vc\/wp-json\/wp\/v2\/posts"}],"about":[{"href":"https:\/\/dev.antudigital.cl\/sites\/vc\/wp-json\/wp\/v2\/types\/post"}],"author":[{"embeddable":true,"href":"https:\/\/dev.antudigital.cl\/sites\/vc\/wp-json\/wp\/v2\/users\/1"}],"replies":[{"embeddable":true,"href":"https:\/\/dev.antudigital.cl\/sites\/vc\/wp-json\/wp\/v2\/comments?post=18645"}],"version-history":[{"count":1,"href":"https:\/\/dev.antudigital.cl\/sites\/vc\/wp-json\/wp\/v2\/posts\/18645\/revisions"}],"predecessor-version":[{"id":18651,"href":"https:\/\/dev.antudigital.cl\/sites\/vc\/wp-json\/wp\/v2\/posts\/18645\/revisions\/18651"}],"wp:featuredmedia":[{"embeddable":true,"href":"https:\/\/dev.antudigital.cl\/sites\/vc\/wp-json\/wp\/v2\/media\/18646"}],"wp:attachment":[{"href":"https:\/\/dev.antudigital.cl\/sites\/vc\/wp-json\/wp\/v2\/media?parent=18645"}],"wp:term":[{"taxonomy":"category","embeddable":true,"href":"https:\/\/dev.antudigital.cl\/sites\/vc\/wp-json\/wp\/v2\/categories?post=18645"},{"taxonomy":"post_tag","embeddable":true,"href":"https:\/\/dev.antudigital.cl\/sites\/vc\/wp-json\/wp\/v2\/tags?post=18645"}],"curies":[{"name":"wp","href":"https:\/\/api.w.org\/{rel}","templated":true}]}}