{"id":18655,"date":"2024-03-25T12:30:19","date_gmt":"2024-03-25T12:30:19","guid":{"rendered":"https:\/\/www.valparaisocreativo.cl\/?p=18655"},"modified":"2024-03-25T12:30:26","modified_gmt":"2024-03-25T12:30:26","slug":"cinco-clasicos-de-la-bohemia-portena-son-los-primeros-en-recibir-el-sello-local-musical-emblematico","status":"publish","type":"post","link":"https:\/\/dev.antudigital.cl\/sites\/vc\/cinco-clasicos-de-la-bohemia-portena-son-los-primeros-en-recibir-el-sello-local-musical-emblematico\/","title":{"rendered":"Cinco cl\u00e1sicos de la bohemia porte\u00f1a son los primeros en recibir el \u201cSello Local Musical Emblem\u00e1tico\u201d"},"content":{"rendered":"\n<p class=\"has-text-align-left has-medium-font-size\">La Convencional, el Bar Liberty, El Molin\u00f3n, La Par\u00e1 Kultural y Del Barrio son los recintos que, este 21 de marzo, recibieron el reconocimiento por parte de la Municipalidad de Valpara\u00edso y el Programa Estrat\u00e9gico Regional Valpara\u00edso Creativo. Se trata del primer sello en el pa\u00eds que reconoce a los locales, restaurantes y bares que cumplen con las condiciones requeridas por cultores y artistas para el trabajo musical digno.<\/p>\n\n\n\n<p><\/p>\n\n\n\n<p>Son el escenario de las celebraciones porte\u00f1as, parte esencial de su oferta tur\u00edstica y cultural, y despliegue vivo de su patrimonio: los bares y restaurantes de Valpara\u00edso son actores fundamentales en una comuna reconocida como Ciudad Creativa de la M\u00fasica por la Unesco. Y ahora, cinco de esos locales porte\u00f1os se engalanan para ser el centro de los festejos, convirti\u00e9ndose en<strong> los primeros en la comuna -y el pa\u00eds- en recibir el \u201cSello Local Musical Emblem\u00e1tico\u201d.<\/strong><\/p>\n\n\n\n<p>El \u201cSello Local Musical Emblem\u00e1tico\u201d surge como una iniciativa de la <strong>Ilustre Municipalidad de Valpara\u00edso <\/strong>y es apoyada en su financiamiento por Corfo a trav\u00e9s de su <strong>Programa Estrat\u00e9gico Regional Valpara\u00edso Creativo<\/strong>, contando adem\u00e1s con la participaci\u00f3n de la <strong>Secretar\u00eda Regional Ministerial de las Culturas, las Artes y el Patrimonio Regi\u00f3n de Valpara\u00edso<\/strong> y la Corporaci\u00f3n<strong> Sitio Patrimonio Mundial de Valpara\u00edso<\/strong>. El reconocimiento fue entregado el jueves \u00a021 de marzo y recae en cinco recintos: <a href=\"https:\/\/www.instagram.com\/la_convencional\/\" target=\"_blank\" rel=\"noreferrer noopener\">La Convencional<\/a> (Victoria #2345), <a href=\"https:\/\/www.instagram.com\/bar.restaurantliberty\/\" target=\"_blank\" rel=\"noreferrer noopener\">Bar Liberty<\/a> (Almirante Riveros #9), <a href=\"https:\/\/www.instagram.com\/lapara_kultural\/\" target=\"_blank\" rel=\"noreferrer noopener\">La Par\u00e1 Kultural<\/a> (Serrano #452), <a href=\"https:\/\/www.instagram.com\/delbarriovalpo\/\">Del Barrio<\/a> (Pedro Montt #2302) y <a href=\"https:\/\/www.instagram.com\/elmolinon_sucasa\/\" target=\"_blank\" rel=\"noreferrer noopener\">El Molin\u00f3n<\/a> (Freire #582).<\/p>\n\n\n\n<p>\u201cEl Sello Local Musical Emblem\u00e1tico es una iniciativa de la Alcald\u00eda Ciudadana, in\u00e9dita en Valpara\u00edso y en el pa\u00eds, que nos permitir\u00e1 potenciar el ecosistema musical y la dignificaci\u00f3n del trabajo de artistas locales, mediante la generaci\u00f3n de <strong>incentivos para el desarrollo de espect\u00e1culos musicales en locales de nuestra Ciudad Creativa de la M\u00fasica de la Unesco<\/strong>\u201d, comenta al respecto <strong>el alcalde de Valpara\u00edso, Jorge Sharp<\/strong>.<\/p>\n\n\n\n<p><strong>Bohemia a sus anchas<\/strong><\/p>\n\n\n\n<p>Cada uno de los locales reconocidos con el sello tuvieron que superar una etapa de postulaci\u00f3n, que exige acreditar ciertas condiciones en su relaci\u00f3n con los artistas de la bohemia y la dignidad de su labor: camarines, pagos, condiciones t\u00e9cnicas, entre otras. Requerimientos que emanan desde el <strong>Decreto Municipal n\u00ba 1961, el primero de su tipo en el pa\u00eds, que surge como iniciativa pionera desde Valpara\u00edso.<\/strong><\/p>\n\n\n\n<figure class=\"wp-block-image size-large\"><img fetchpriority=\"high\" decoding=\"async\" width=\"1024\" height=\"682\" src=\"https:\/\/www.valparaisocreativo.cl\/wp-content\/uploads\/2024\/03\/IMG-20240321-WA0140-1024x682.jpeg\" alt=\"\" class=\"wp-image-18657\" srcset=\"https:\/\/dev.antudigital.cl\/sites\/vc\/wp-content\/uploads\/2024\/03\/IMG-20240321-WA0140-1024x682.jpeg 1024w, https:\/\/dev.antudigital.cl\/sites\/vc\/wp-content\/uploads\/2024\/03\/IMG-20240321-WA0140-300x200.jpeg 300w, https:\/\/dev.antudigital.cl\/sites\/vc\/wp-content\/uploads\/2024\/03\/IMG-20240321-WA0140-768x512.jpeg 768w, https:\/\/dev.antudigital.cl\/sites\/vc\/wp-content\/uploads\/2024\/03\/IMG-20240321-WA0140-1080x720.jpeg 1080w, https:\/\/dev.antudigital.cl\/sites\/vc\/wp-content\/uploads\/2024\/03\/IMG-20240321-WA0140-980x653.jpeg 980w, https:\/\/dev.antudigital.cl\/sites\/vc\/wp-content\/uploads\/2024\/03\/IMG-20240321-WA0140-480x320.jpeg 480w, https:\/\/dev.antudigital.cl\/sites\/vc\/wp-content\/uploads\/2024\/03\/IMG-20240321-WA0140-24x16.jpeg 24w, https:\/\/dev.antudigital.cl\/sites\/vc\/wp-content\/uploads\/2024\/03\/IMG-20240321-WA0140-36x24.jpeg 36w, https:\/\/dev.antudigital.cl\/sites\/vc\/wp-content\/uploads\/2024\/03\/IMG-20240321-WA0140-48x32.jpeg 48w, https:\/\/dev.antudigital.cl\/sites\/vc\/wp-content\/uploads\/2024\/03\/IMG-20240321-WA0140.jpeg 1280w\" sizes=\"(max-width: 1024px) 100vw, 1024px\" \/><\/figure>\n\n\n\n<p>\u201cDesde la inauguraci\u00f3n de este local estamos conscientes del respeto y dignidad que se le debe dar, no solamente al cliente o a los trabajadores, sino tambi\u00e9n al mundo del arte, de distintas \u00e1reas. Tuvimos que protocolizar y estandarizar algunos procesos respecto a las exigencias del sello y fue una buena experiencia: <strong>creemos y apostamos a una dignidad y un trato m\u00ednimo de respeto para todos los que estamos involucrados y en la cadena tur\u00edstica de Valpara\u00edso.\u201d, cuenta Jaime Blaauboer Paredes<\/strong>, socio y encargado de programaci\u00f3n de <a href=\"https:\/\/www.instagram.com\/la_convencional\/\" target=\"_blank\" rel=\"noreferrer noopener\">La Convencional<\/a>, local que inaugura funciones en 2022. As\u00ed, el \u201cSello Musical Emblem\u00e1tico\u201d dibuja un circuito que se despliega desde el Barrio Puerto hasta el Almendral, articulando a una serie de actores creativos de la Regi\u00f3n.<\/p>\n\n\n\n<p>\u201cDesde Corfo Valpara\u00edso creemos que iniciativas como esta son de gran relevancia porque buscan apoyar y distinguir tradicionales locales de m\u00fasica porte\u00f1a, lo que va de la mano con la identidad regional de creatividad e innovaci\u00f3n de Valpara\u00edso que hemos ido profundizando en los \u00faltimos a\u00f1os desde el Programa Valpara\u00edso Creativo, destac\u00f3 el director regional de Corfo, Etienne Choupay.<\/p>\n\n\n\n<p>El \u201cSello Local Musical Emblem\u00e1tico\u201d es un proyecto que forma parte de las <a href=\"https:\/\/www.valparaisocreativo.cl\/las-diez-iniciativas-reunen-a-los-proyectos-mas-destacados-de-la-economia-creativa-en-valparaiso\/\">9 <\/a><a href=\"https:\/\/www.valparaisocreativo.cl\/las-diez-iniciativas-reunen-a-los-proyectos-mas-destacados-de-la-economia-creativa-en-valparaiso\/\" target=\"_blank\" rel=\"noreferrer noopener\">iniciativas<\/a><a href=\"https:\/\/www.valparaisocreativo.cl\/las-diez-iniciativas-reunen-a-los-proyectos-mas-destacados-de-la-economia-creativa-en-valparaiso\/\"> relacionadas a las econom\u00edas creativas<\/a> que son apoyadas por Corfo a trav\u00e9s de su Programa Estrat\u00e9gico Valpara\u00edso Creativo, que se ejecutan durante este a\u00f1o y que, en conjunto, re\u00fanen casi $110 millones en financiamiento, tanto desde la Hoja de Ruta de Valpara\u00edso Creativo, as\u00ed como de los aportes valorados y pecuniarios de la gobernanza del programa.\u00a0<\/p>\n","protected":false},"excerpt":{"rendered":"<p>La Convencional, el Bar Liberty, El Molin\u00f3n, La Par\u00e1 Kultural y Del Barrio son los recintos que, este 21 de marzo, recibieron el reconocimiento por parte de la Municipalidad de Valpara\u00edso y el Programa Estrat\u00e9gico Regional Valpara\u00edso Creativo. Se trata del primer sello en el pa\u00eds que reconoce a los locales, restaurantes y bares que [&hellip;]<\/p>\n","protected":false},"author":1,"featured_media":18656,"comment_status":"closed","ping_status":"closed","sticky":false,"template":"","format":"standard","meta":{"_acf_changed":false,"footnotes":""},"categories":[218,47],"tags":[589,596,233,590,52,587,595,593,588,591,594,597,592,598,166,10],"class_list":["post-18655","post","type-post","status-publish","format-standard","has-post-thumbnail","hentry","category-blog","category-musica-y-sonido","tag-alcaldia","tag-bohemia","tag-ciudad-creativa-de-la-musica","tag-ciudadana","tag-corfo","tag-creativo","tag-emblematico","tag-local","tag-molinon","tag-municipalidad","tag-musical","tag-portena","tag-sello","tag-servicios-patrimoniales","tag-unesco","tag-valparaiso"],"acf":[],"yoast_head":"<!-- This site is optimized with the Yoast SEO plugin v27.1.1 - https:\/\/yoast.com\/product\/yoast-seo-wordpress\/ -->\n<title>Cinco cl\u00e1sicos de la bohemia porte\u00f1a son los primeros en recibir el \u201cSello Local Musical Emblem\u00e1tico\u201d - Valpara\u00ed\u00adso Creativo<\/title>\n<meta name=\"robots\" content=\"index, follow, max-snippet:-1, max-image-preview:large, max-video-preview:-1\" \/>\n<link rel=\"canonical\" href=\"https:\/\/dev.antudigital.cl\/sites\/vc\/cinco-clasicos-de-la-bohemia-portena-son-los-primeros-en-recibir-el-sello-local-musical-emblematico\/\" \/>\n<meta property=\"og:locale\" content=\"es_ES\" \/>\n<meta property=\"og:type\" content=\"article\" \/>\n<meta property=\"og:title\" content=\"Cinco cl\u00e1sicos de la bohemia porte\u00f1a son los primeros en recibir el \u201cSello Local Musical Emblem\u00e1tico\u201d - Valpara\u00ed\u00adso Creativo\" \/>\n<meta property=\"og:description\" content=\"La Convencional, el Bar Liberty, El Molin\u00f3n, La Par\u00e1 Kultural y Del Barrio son los recintos que, este 21 de marzo, recibieron el reconocimiento por parte de la Municipalidad de Valpara\u00edso y el Programa Estrat\u00e9gico Regional Valpara\u00edso Creativo. Se trata del primer sello en el pa\u00eds que reconoce a los locales, restaurantes y bares que [&hellip;]\" \/>\n<meta property=\"og:url\" content=\"https:\/\/dev.antudigital.cl\/sites\/vc\/cinco-clasicos-de-la-bohemia-portena-son-los-primeros-en-recibir-el-sello-local-musical-emblematico\/\" \/>\n<meta property=\"og:site_name\" content=\"Valpara\u00ed\u00adso Creativo\" \/>\n<meta property=\"article:published_time\" content=\"2024-03-25T12:30:19+00:00\" \/>\n<meta property=\"article:modified_time\" content=\"2024-03-25T12:30:26+00:00\" \/>\n<meta property=\"og:image\" content=\"https:\/\/dev.antudigital.cl\/sites\/vc\/wp-content\/uploads\/2024\/03\/IMG-20240321-WA0144.jpeg\" \/>\n\t<meta property=\"og:image:width\" content=\"1280\" \/>\n\t<meta property=\"og:image:height\" content=\"853\" \/>\n\t<meta property=\"og:image:type\" content=\"image\/jpeg\" \/>\n<meta name=\"author\" content=\"Valpara\u00edso Creativo\" \/>\n<meta name=\"twitter:card\" content=\"summary_large_image\" \/>\n<meta name=\"twitter:label1\" content=\"Escrito por\" \/>\n\t<meta name=\"twitter:data1\" content=\"Valpara\u00edso Creativo\" \/>\n\t<meta name=\"twitter:label2\" content=\"Tiempo de lectura\" \/>\n\t<meta name=\"twitter:data2\" content=\"4 minutos\" \/>\n<script type=\"application\/ld+json\" class=\"yoast-schema-graph\">{\"@context\":\"https:\/\/schema.org\",\"@graph\":[{\"@type\":\"Article\",\"@id\":\"https:\/\/dev.antudigital.cl\/sites\/vc\/cinco-clasicos-de-la-bohemia-portena-son-los-primeros-en-recibir-el-sello-local-musical-emblematico\/#article\",\"isPartOf\":{\"@id\":\"https:\/\/dev.antudigital.cl\/sites\/vc\/cinco-clasicos-de-la-bohemia-portena-son-los-primeros-en-recibir-el-sello-local-musical-emblematico\/\"},\"author\":{\"name\":\"Valpara\u00edso Creativo\",\"@id\":\"https:\/\/dev.antudigital.cl\/sites\/vc\/#\/schema\/person\/c2b9da8dd545e27166fc5ab232837318\"},\"headline\":\"Cinco cl\u00e1sicos de la bohemia porte\u00f1a son los primeros en recibir el \u201cSello Local Musical Emblem\u00e1tico\u201d\",\"datePublished\":\"2024-03-25T12:30:19+00:00\",\"dateModified\":\"2024-03-25T12:30:26+00:00\",\"mainEntityOfPage\":{\"@id\":\"https:\/\/dev.antudigital.cl\/sites\/vc\/cinco-clasicos-de-la-bohemia-portena-son-los-primeros-en-recibir-el-sello-local-musical-emblematico\/\"},\"wordCount\":705,\"image\":{\"@id\":\"https:\/\/dev.antudigital.cl\/sites\/vc\/cinco-clasicos-de-la-bohemia-portena-son-los-primeros-en-recibir-el-sello-local-musical-emblematico\/#primaryimage\"},\"thumbnailUrl\":\"https:\/\/dev.antudigital.cl\/sites\/vc\/wp-content\/uploads\/2024\/03\/IMG-20240321-WA0144.jpeg\",\"keywords\":[\"alcald\u00eda\",\"bohemia\",\"Ciudad Creativa de la M\u00fasica\",\"ciudadana\",\"corfo\",\"creativo\",\"emblem\u00e1tico\",\"local\",\"molin\u00f3n\",\"municipalidad\",\"musical\",\"porte\u00f1a\",\"sello\",\"servicios patrimoniales\",\"Unesco\",\"valpara\u00edso\"],\"articleSection\":[\"Blog\",\"M\u00fasica y sonido\"],\"inLanguage\":\"es\"},{\"@type\":\"WebPage\",\"@id\":\"https:\/\/dev.antudigital.cl\/sites\/vc\/cinco-clasicos-de-la-bohemia-portena-son-los-primeros-en-recibir-el-sello-local-musical-emblematico\/\",\"url\":\"https:\/\/dev.antudigital.cl\/sites\/vc\/cinco-clasicos-de-la-bohemia-portena-son-los-primeros-en-recibir-el-sello-local-musical-emblematico\/\",\"name\":\"Cinco cl\u00e1sicos de la bohemia porte\u00f1a son los primeros en recibir el \u201cSello Local Musical Emblem\u00e1tico\u201d - Valpara\u00ed\u00adso Creativo\",\"isPartOf\":{\"@id\":\"https:\/\/dev.antudigital.cl\/sites\/vc\/#website\"},\"primaryImageOfPage\":{\"@id\":\"https:\/\/dev.antudigital.cl\/sites\/vc\/cinco-clasicos-de-la-bohemia-portena-son-los-primeros-en-recibir-el-sello-local-musical-emblematico\/#primaryimage\"},\"image\":{\"@id\":\"https:\/\/dev.antudigital.cl\/sites\/vc\/cinco-clasicos-de-la-bohemia-portena-son-los-primeros-en-recibir-el-sello-local-musical-emblematico\/#primaryimage\"},\"thumbnailUrl\":\"https:\/\/dev.antudigital.cl\/sites\/vc\/wp-content\/uploads\/2024\/03\/IMG-20240321-WA0144.jpeg\",\"datePublished\":\"2024-03-25T12:30:19+00:00\",\"dateModified\":\"2024-03-25T12:30:26+00:00\",\"author\":{\"@id\":\"https:\/\/dev.antudigital.cl\/sites\/vc\/#\/schema\/person\/c2b9da8dd545e27166fc5ab232837318\"},\"breadcrumb\":{\"@id\":\"https:\/\/dev.antudigital.cl\/sites\/vc\/cinco-clasicos-de-la-bohemia-portena-son-los-primeros-en-recibir-el-sello-local-musical-emblematico\/#breadcrumb\"},\"inLanguage\":\"es\",\"potentialAction\":[{\"@type\":\"ReadAction\",\"target\":[\"https:\/\/dev.antudigital.cl\/sites\/vc\/cinco-clasicos-de-la-bohemia-portena-son-los-primeros-en-recibir-el-sello-local-musical-emblematico\/\"]}]},{\"@type\":\"ImageObject\",\"inLanguage\":\"es\",\"@id\":\"https:\/\/dev.antudigital.cl\/sites\/vc\/cinco-clasicos-de-la-bohemia-portena-son-los-primeros-en-recibir-el-sello-local-musical-emblematico\/#primaryimage\",\"url\":\"https:\/\/dev.antudigital.cl\/sites\/vc\/wp-content\/uploads\/2024\/03\/IMG-20240321-WA0144.jpeg\",\"contentUrl\":\"https:\/\/dev.antudigital.cl\/sites\/vc\/wp-content\/uploads\/2024\/03\/IMG-20240321-WA0144.jpeg\",\"width\":1280,\"height\":853},{\"@type\":\"BreadcrumbList\",\"@id\":\"https:\/\/dev.antudigital.cl\/sites\/vc\/cinco-clasicos-de-la-bohemia-portena-son-los-primeros-en-recibir-el-sello-local-musical-emblematico\/#breadcrumb\",\"itemListElement\":[{\"@type\":\"ListItem\",\"position\":1,\"name\":\"Home\",\"item\":\"https:\/\/dev.antudigital.cl\/sites\/vc\/\"},{\"@type\":\"ListItem\",\"position\":2,\"name\":\"Cinco cl\u00e1sicos de la bohemia porte\u00f1a son los primeros en recibir el \u201cSello Local Musical Emblem\u00e1tico\u201d\"}]},{\"@type\":\"WebSite\",\"@id\":\"https:\/\/dev.antudigital.cl\/sites\/vc\/#website\",\"url\":\"https:\/\/dev.antudigital.cl\/sites\/vc\/\",\"name\":\"Valpara\u00ed\u00adso Creativo\",\"description\":\"\",\"potentialAction\":[{\"@type\":\"SearchAction\",\"target\":{\"@type\":\"EntryPoint\",\"urlTemplate\":\"https:\/\/dev.antudigital.cl\/sites\/vc\/?s={search_term_string}\"},\"query-input\":{\"@type\":\"PropertyValueSpecification\",\"valueRequired\":true,\"valueName\":\"search_term_string\"}}],\"inLanguage\":\"es\"},{\"@type\":\"Person\",\"@id\":\"https:\/\/dev.antudigital.cl\/sites\/vc\/#\/schema\/person\/c2b9da8dd545e27166fc5ab232837318\",\"name\":\"Valpara\u00edso Creativo\",\"description\":\"Periodista de cultura en la Regi\u00f3n de Valpara\u00edso.\",\"url\":\"https:\/\/dev.antudigital.cl\/sites\/vc\/author\/valpoadmin\/\"}]}<\/script>\n<!-- \/ Yoast SEO plugin. -->","yoast_head_json":{"title":"Cinco cl\u00e1sicos de la bohemia porte\u00f1a son los primeros en recibir el \u201cSello Local Musical Emblem\u00e1tico\u201d - Valpara\u00ed\u00adso Creativo","robots":{"index":"index","follow":"follow","max-snippet":"max-snippet:-1","max-image-preview":"max-image-preview:large","max-video-preview":"max-video-preview:-1"},"canonical":"https:\/\/dev.antudigital.cl\/sites\/vc\/cinco-clasicos-de-la-bohemia-portena-son-los-primeros-en-recibir-el-sello-local-musical-emblematico\/","og_locale":"es_ES","og_type":"article","og_title":"Cinco cl\u00e1sicos de la bohemia porte\u00f1a son los primeros en recibir el \u201cSello Local Musical Emblem\u00e1tico\u201d - Valpara\u00ed\u00adso Creativo","og_description":"La Convencional, el Bar Liberty, El Molin\u00f3n, La Par\u00e1 Kultural y Del Barrio son los recintos que, este 21 de marzo, recibieron el reconocimiento por parte de la Municipalidad de Valpara\u00edso y el Programa Estrat\u00e9gico Regional Valpara\u00edso Creativo. Se trata del primer sello en el pa\u00eds que reconoce a los locales, restaurantes y bares que [&hellip;]","og_url":"https:\/\/dev.antudigital.cl\/sites\/vc\/cinco-clasicos-de-la-bohemia-portena-son-los-primeros-en-recibir-el-sello-local-musical-emblematico\/","og_site_name":"Valpara\u00ed\u00adso Creativo","article_published_time":"2024-03-25T12:30:19+00:00","article_modified_time":"2024-03-25T12:30:26+00:00","og_image":[{"width":1280,"height":853,"url":"https:\/\/dev.antudigital.cl\/sites\/vc\/wp-content\/uploads\/2024\/03\/IMG-20240321-WA0144.jpeg","type":"image\/jpeg"}],"author":"Valpara\u00edso Creativo","twitter_card":"summary_large_image","twitter_misc":{"Escrito por":"Valpara\u00edso Creativo","Tiempo de lectura":"4 minutos"},"schema":{"@context":"https:\/\/schema.org","@graph":[{"@type":"Article","@id":"https:\/\/dev.antudigital.cl\/sites\/vc\/cinco-clasicos-de-la-bohemia-portena-son-los-primeros-en-recibir-el-sello-local-musical-emblematico\/#article","isPartOf":{"@id":"https:\/\/dev.antudigital.cl\/sites\/vc\/cinco-clasicos-de-la-bohemia-portena-son-los-primeros-en-recibir-el-sello-local-musical-emblematico\/"},"author":{"name":"Valpara\u00edso Creativo","@id":"https:\/\/dev.antudigital.cl\/sites\/vc\/#\/schema\/person\/c2b9da8dd545e27166fc5ab232837318"},"headline":"Cinco cl\u00e1sicos de la bohemia porte\u00f1a son los primeros en recibir el \u201cSello Local Musical Emblem\u00e1tico\u201d","datePublished":"2024-03-25T12:30:19+00:00","dateModified":"2024-03-25T12:30:26+00:00","mainEntityOfPage":{"@id":"https:\/\/dev.antudigital.cl\/sites\/vc\/cinco-clasicos-de-la-bohemia-portena-son-los-primeros-en-recibir-el-sello-local-musical-emblematico\/"},"wordCount":705,"image":{"@id":"https:\/\/dev.antudigital.cl\/sites\/vc\/cinco-clasicos-de-la-bohemia-portena-son-los-primeros-en-recibir-el-sello-local-musical-emblematico\/#primaryimage"},"thumbnailUrl":"https:\/\/dev.antudigital.cl\/sites\/vc\/wp-content\/uploads\/2024\/03\/IMG-20240321-WA0144.jpeg","keywords":["alcald\u00eda","bohemia","Ciudad Creativa de la M\u00fasica","ciudadana","corfo","creativo","emblem\u00e1tico","local","molin\u00f3n","municipalidad","musical","porte\u00f1a","sello","servicios patrimoniales","Unesco","valpara\u00edso"],"articleSection":["Blog","M\u00fasica y sonido"],"inLanguage":"es"},{"@type":"WebPage","@id":"https:\/\/dev.antudigital.cl\/sites\/vc\/cinco-clasicos-de-la-bohemia-portena-son-los-primeros-en-recibir-el-sello-local-musical-emblematico\/","url":"https:\/\/dev.antudigital.cl\/sites\/vc\/cinco-clasicos-de-la-bohemia-portena-son-los-primeros-en-recibir-el-sello-local-musical-emblematico\/","name":"Cinco cl\u00e1sicos de la bohemia porte\u00f1a son los primeros en recibir el \u201cSello Local Musical Emblem\u00e1tico\u201d - Valpara\u00ed\u00adso Creativo","isPartOf":{"@id":"https:\/\/dev.antudigital.cl\/sites\/vc\/#website"},"primaryImageOfPage":{"@id":"https:\/\/dev.antudigital.cl\/sites\/vc\/cinco-clasicos-de-la-bohemia-portena-son-los-primeros-en-recibir-el-sello-local-musical-emblematico\/#primaryimage"},"image":{"@id":"https:\/\/dev.antudigital.cl\/sites\/vc\/cinco-clasicos-de-la-bohemia-portena-son-los-primeros-en-recibir-el-sello-local-musical-emblematico\/#primaryimage"},"thumbnailUrl":"https:\/\/dev.antudigital.cl\/sites\/vc\/wp-content\/uploads\/2024\/03\/IMG-20240321-WA0144.jpeg","datePublished":"2024-03-25T12:30:19+00:00","dateModified":"2024-03-25T12:30:26+00:00","author":{"@id":"https:\/\/dev.antudigital.cl\/sites\/vc\/#\/schema\/person\/c2b9da8dd545e27166fc5ab232837318"},"breadcrumb":{"@id":"https:\/\/dev.antudigital.cl\/sites\/vc\/cinco-clasicos-de-la-bohemia-portena-son-los-primeros-en-recibir-el-sello-local-musical-emblematico\/#breadcrumb"},"inLanguage":"es","potentialAction":[{"@type":"ReadAction","target":["https:\/\/dev.antudigital.cl\/sites\/vc\/cinco-clasicos-de-la-bohemia-portena-son-los-primeros-en-recibir-el-sello-local-musical-emblematico\/"]}]},{"@type":"ImageObject","inLanguage":"es","@id":"https:\/\/dev.antudigital.cl\/sites\/vc\/cinco-clasicos-de-la-bohemia-portena-son-los-primeros-en-recibir-el-sello-local-musical-emblematico\/#primaryimage","url":"https:\/\/dev.antudigital.cl\/sites\/vc\/wp-content\/uploads\/2024\/03\/IMG-20240321-WA0144.jpeg","contentUrl":"https:\/\/dev.antudigital.cl\/sites\/vc\/wp-content\/uploads\/2024\/03\/IMG-20240321-WA0144.jpeg","width":1280,"height":853},{"@type":"BreadcrumbList","@id":"https:\/\/dev.antudigital.cl\/sites\/vc\/cinco-clasicos-de-la-bohemia-portena-son-los-primeros-en-recibir-el-sello-local-musical-emblematico\/#breadcrumb","itemListElement":[{"@type":"ListItem","position":1,"name":"Home","item":"https:\/\/dev.antudigital.cl\/sites\/vc\/"},{"@type":"ListItem","position":2,"name":"Cinco cl\u00e1sicos de la bohemia porte\u00f1a son los primeros en recibir el \u201cSello Local Musical Emblem\u00e1tico\u201d"}]},{"@type":"WebSite","@id":"https:\/\/dev.antudigital.cl\/sites\/vc\/#website","url":"https:\/\/dev.antudigital.cl\/sites\/vc\/","name":"Valpara\u00ed\u00adso Creativo","description":"","potentialAction":[{"@type":"SearchAction","target":{"@type":"EntryPoint","urlTemplate":"https:\/\/dev.antudigital.cl\/sites\/vc\/?s={search_term_string}"},"query-input":{"@type":"PropertyValueSpecification","valueRequired":true,"valueName":"search_term_string"}}],"inLanguage":"es"},{"@type":"Person","@id":"https:\/\/dev.antudigital.cl\/sites\/vc\/#\/schema\/person\/c2b9da8dd545e27166fc5ab232837318","name":"Valpara\u00edso Creativo","description":"Periodista de cultura en la Regi\u00f3n de Valpara\u00edso.","url":"https:\/\/dev.antudigital.cl\/sites\/vc\/author\/valpoadmin\/"}]}},"_links":{"self":[{"href":"https:\/\/dev.antudigital.cl\/sites\/vc\/wp-json\/wp\/v2\/posts\/18655","targetHints":{"allow":["GET"]}}],"collection":[{"href":"https:\/\/dev.antudigital.cl\/sites\/vc\/wp-json\/wp\/v2\/posts"}],"about":[{"href":"https:\/\/dev.antudigital.cl\/sites\/vc\/wp-json\/wp\/v2\/types\/post"}],"author":[{"embeddable":true,"href":"https:\/\/dev.antudigital.cl\/sites\/vc\/wp-json\/wp\/v2\/users\/1"}],"replies":[{"embeddable":true,"href":"https:\/\/dev.antudigital.cl\/sites\/vc\/wp-json\/wp\/v2\/comments?post=18655"}],"version-history":[{"count":1,"href":"https:\/\/dev.antudigital.cl\/sites\/vc\/wp-json\/wp\/v2\/posts\/18655\/revisions"}],"predecessor-version":[{"id":18658,"href":"https:\/\/dev.antudigital.cl\/sites\/vc\/wp-json\/wp\/v2\/posts\/18655\/revisions\/18658"}],"wp:featuredmedia":[{"embeddable":true,"href":"https:\/\/dev.antudigital.cl\/sites\/vc\/wp-json\/wp\/v2\/media\/18656"}],"wp:attachment":[{"href":"https:\/\/dev.antudigital.cl\/sites\/vc\/wp-json\/wp\/v2\/media?parent=18655"}],"wp:term":[{"taxonomy":"category","embeddable":true,"href":"https:\/\/dev.antudigital.cl\/sites\/vc\/wp-json\/wp\/v2\/categories?post=18655"},{"taxonomy":"post_tag","embeddable":true,"href":"https:\/\/dev.antudigital.cl\/sites\/vc\/wp-json\/wp\/v2\/tags?post=18655"}],"curies":[{"name":"wp","href":"https:\/\/api.w.org\/{rel}","templated":true}]}}