{"id":18661,"date":"2024-03-25T18:06:16","date_gmt":"2024-03-25T18:06:16","guid":{"rendered":"https:\/\/www.valparaisocreativo.cl\/?p=18661"},"modified":"2024-03-25T18:06:23","modified_gmt":"2024-03-25T18:06:23","slug":"otraronda-sabores-vinos-la-fiesta-vitivinicola-que-abre-la-temporada-de-vendimia-en-casablanca","status":"publish","type":"post","link":"https:\/\/dev.antudigital.cl\/sites\/vc\/otraronda-sabores-vinos-la-fiesta-vitivinicola-que-abre-la-temporada-de-vendimia-en-casablanca\/","title":{"rendered":"#OTRARONDA \u201cSabores &amp; Vinos\u201d: la fiesta vitivin\u00edcola que abre la temporada de vendimia en Casablanca"},"content":{"rendered":"\n<p><span id=\"docs-internal-guid-b373e16b-7fff-479c-69f3-d570da183b3b\"><p dir=\"ltr\" style=\"line-height:1.295;text-align: justify;margin-top:0pt;margin-bottom:8pt;\"><span style=\"font-size: 12pt; font-family: Arial, sans-serif; color: rgb(0, 0, 0); background-color: transparent; font-style: italic; font-variant-numeric: normal; font-variant-east-asian: normal; font-variant-alternates: normal; font-variant-position: normal; vertical-align: baseline;\">Chardonnay, Sauvignon Blanc, Pinot Noir, Syrah, Merlot, Malbec, y Cabernet Franc<\/span><span style=\"font-size: 12pt; font-family: Arial, sans-serif; color: rgb(0, 0, 0); background-color: transparent; font-variant-numeric: normal; font-variant-east-asian: normal; font-variant-alternates: normal; font-variant-position: normal; vertical-align: baseline;\"> ser\u00e1n las cepas protagonistas de esta festividad que se realizar\u00e1 en la <\/span><span style=\"font-size: 12pt; font-family: Arial, sans-serif; color: rgb(0, 0, 0); background-color: transparent; font-style: italic; font-variant-numeric: normal; font-variant-east-asian: normal; font-variant-alternates: normal; font-variant-position: normal; vertical-align: baseline;\">\u201c10\u00aa Capital Mundial del Vino\u201d, t\u00edtulo otorgado por la Great Wine Capitals <\/span><span style=\"font-size: 12pt; font-family: Arial, sans-serif; color: rgb(0, 0, 0); background-color: transparent; font-variant-numeric: normal; font-variant-east-asian: normal; font-variant-alternates: normal; font-variant-position: normal; vertical-align: baseline;\">(GWC) para Casablanca, V Regi\u00f3n.<\/span><\/p><\/span><\/p>\n\n\n\n<p><span id=\"docs-internal-guid-b373e16b-7fff-479c-69f3-d570da183b3b\"><p dir=\"ltr\" style=\"line-height:1.295;text-align: justify;margin-top:0pt;margin-bottom:8pt;\"><span style=\"font-size: 12pt; font-family: Arial, sans-serif; color: rgb(0, 0, 0); background-color: transparent; font-variant-numeric: normal; font-variant-east-asian: normal; font-variant-alternates: normal; font-variant-position: normal; vertical-align: baseline;\">La temporada de vendimias ya comenz\u00f3 en nuestro pa\u00eds y Casablanca le da la bienvenida con #<\/span><span style=\"font-size: 12pt; font-family: Arial, sans-serif; color: rgb(0, 0, 0); background-color: transparent; font-weight: 700; font-variant-numeric: normal; font-variant-east-asian: normal; font-variant-alternates: normal; font-variant-position: normal; vertical-align: baseline;\">OTRARONDA \u201cSabores &amp; Vinos\u201d<\/span><span style=\"font-size: 12pt; font-family: Arial, sans-serif; color: rgb(0, 0, 0); background-color: transparent; font-variant-numeric: normal; font-variant-east-asian: normal; font-variant-alternates: normal; font-variant-position: normal; vertical-align: baseline;\">, evento que busca visibilizar y potenciar el valle vitivin\u00edcola de la regi\u00f3n, as\u00ed como tambi\u00e9n, promover el enoturismo, el intercambio cultural y el desarrollo econ\u00f3mico local.<\/span><\/p><\/span><\/p>\n\n\n\n<p><span id=\"docs-internal-guid-b373e16b-7fff-479c-69f3-d570da183b3b\"><p dir=\"ltr\" style=\"line-height:1.295;text-align: justify;margin-top:0pt;margin-bottom:8pt;\"><span style=\"font-size: 12pt; font-family: Arial, sans-serif; color: rgb(0, 0, 0); font-variant-numeric: normal; font-variant-east-asian: normal; font-variant-alternates: normal; font-variant-position: normal; vertical-align: baseline;\">Esta fiesta del vino, que se realizar\u00e1 el s\u00e1bado 30 de marzo, est\u00e1 cargo de \u201cKarla Montt Producciones\u201d y el tradicional restaurant \u201cMacerado Casablanca\u201d, quienes se unieron para realizar una actividad <\/span><span style=\"font-size: 12pt; font-family: Arial, sans-serif; color: rgb(0, 0, 0); background-color: transparent; font-variant-numeric: normal; font-variant-east-asian: normal; font-variant-alternates: normal; font-variant-position: normal; vertical-align: baseline;\">que aporte a un objetivo en com\u00fan: el fortalecimiento y la vinculaci\u00f3n del enoturismo con el territorio y la comunidad.<\/span><\/p><\/span><\/p>\n\n\n\n<figure class=\"wp-block-image size-large\"><img fetchpriority=\"high\" decoding=\"async\" width=\"1024\" height=\"682\" src=\"https:\/\/www.valparaisocreativo.cl\/wp-content\/uploads\/2024\/03\/Degustacion-de-vinos-1024x682.jpeg\" alt=\"\" class=\"wp-image-18664\" srcset=\"https:\/\/dev.antudigital.cl\/sites\/vc\/wp-content\/uploads\/2024\/03\/Degustacion-de-vinos-1024x682.jpeg 1024w, https:\/\/dev.antudigital.cl\/sites\/vc\/wp-content\/uploads\/2024\/03\/Degustacion-de-vinos-300x200.jpeg 300w, https:\/\/dev.antudigital.cl\/sites\/vc\/wp-content\/uploads\/2024\/03\/Degustacion-de-vinos-768x512.jpeg 768w, https:\/\/dev.antudigital.cl\/sites\/vc\/wp-content\/uploads\/2024\/03\/Degustacion-de-vinos-1536x1023.jpeg 1536w, https:\/\/dev.antudigital.cl\/sites\/vc\/wp-content\/uploads\/2024\/03\/Degustacion-de-vinos-1080x720.jpeg 1080w, https:\/\/dev.antudigital.cl\/sites\/vc\/wp-content\/uploads\/2024\/03\/Degustacion-de-vinos-1280x853.jpeg 1280w, https:\/\/dev.antudigital.cl\/sites\/vc\/wp-content\/uploads\/2024\/03\/Degustacion-de-vinos-980x653.jpeg 980w, https:\/\/dev.antudigital.cl\/sites\/vc\/wp-content\/uploads\/2024\/03\/Degustacion-de-vinos-480x320.jpeg 480w, https:\/\/dev.antudigital.cl\/sites\/vc\/wp-content\/uploads\/2024\/03\/Degustacion-de-vinos-24x16.jpeg 24w, https:\/\/dev.antudigital.cl\/sites\/vc\/wp-content\/uploads\/2024\/03\/Degustacion-de-vinos-36x24.jpeg 36w, https:\/\/dev.antudigital.cl\/sites\/vc\/wp-content\/uploads\/2024\/03\/Degustacion-de-vinos-48x32.jpeg 48w, https:\/\/dev.antudigital.cl\/sites\/vc\/wp-content\/uploads\/2024\/03\/Degustacion-de-vinos.jpeg 1600w\" sizes=\"(max-width: 1024px) 100vw, 1024px\" \/><\/figure>\n\n\n\n<p><span id=\"docs-internal-guid-b373e16b-7fff-479c-69f3-d570da183b3b\"><p dir=\"ltr\" style=\"line-height:1.295;text-align: justify;margin-top:0pt;margin-bottom:8pt;\"><span style=\"font-size: 12pt; font-family: Arial, sans-serif; color: rgb(0, 0, 0); background-color: transparent; font-variant-numeric: normal; font-variant-east-asian: normal; font-variant-alternates: normal; font-variant-position: normal; vertical-align: baseline;\">Este panorama contar\u00e1 con la participaci\u00f3n de vi\u00f1as como \u201c<\/span><span style=\"font-size: 12pt; font-family: Arial, sans-serif; color: rgb(0, 0, 0); background-color: transparent; font-weight: 700; font-variant-numeric: normal; font-variant-east-asian: normal; font-variant-alternates: normal; font-variant-position: normal; vertical-align: baseline;\">Casas de Bucalemu\u201d, \u201cTerra Franca\u201d, \u201cLa Recova\u201d, \u201cL\u00f3pez Pangue\u201d, \u201cWeichafe\u201d <\/span><span style=\"font-size: 12pt; font-family: Arial, sans-serif; color: rgb(0, 0, 0); background-color: transparent; font-variant-numeric: normal; font-variant-east-asian: normal; font-variant-alternates: normal; font-variant-position: normal; vertical-align: baseline;\">y<\/span><span style=\"font-size: 12pt; font-family: Arial, sans-serif; color: rgb(0, 0, 0); background-color: transparent; font-weight: 700; font-variant-numeric: normal; font-variant-east-asian: normal; font-variant-alternates: normal; font-variant-position: normal; vertical-align: baseline;\"> \u201cCasa Romero\u201d<\/span><span style=\"font-size: 12pt; font-family: Arial, sans-serif; color: rgb(0, 0, 0); background-color: transparent; font-variant-numeric: normal; font-variant-east-asian: normal; font-variant-alternates: normal; font-variant-position: normal; vertical-align: baseline;\">, todas con variados vinos donde destacan cepas como la <\/span><span style=\"font-size: 12pt; font-family: Arial, sans-serif; color: rgb(0, 0, 0); background-color: transparent; font-style: italic; font-variant-numeric: normal; font-variant-east-asian: normal; font-variant-alternates: normal; font-variant-position: normal; vertical-align: baseline;\">Chardonnay, Sauvignon Blanc, Pinot Noir, Syrah, Merlot, Malbec y Cabernet Franc; <\/span><span style=\"font-size: 12pt; font-family: Arial, sans-serif; color: rgb(0, 0, 0); background-color: transparent; font-variant-numeric: normal; font-variant-east-asian: normal; font-variant-alternates: normal; font-variant-position: normal; vertical-align: baseline;\">adem\u00e1s, habr\u00e1 refrescantes espumantes del valle, cervezas artesanales y una barra con c\u00f3cteles de autor.<\/span><\/p><\/span><\/p>\n\n\n\n<p><span id=\"docs-internal-guid-b373e16b-7fff-479c-69f3-d570da183b3b\"><p dir=\"ltr\" style=\"line-height:1.295;text-align: justify;margin-top:0pt;margin-bottom:8pt;\"><span style=\"font-size: 12pt; font-family: Arial, sans-serif; color: rgb(0, 0, 0); background-color: transparent; font-variant-numeric: normal; font-variant-east-asian: normal; font-variant-alternates: normal; font-variant-position: normal; vertical-align: baseline;\">Como una alternativa de Semana Santa, habr\u00e1 una a<\/span><span style=\"font-size: 12pt; font-family: Arial, sans-serif; color: rgb(0, 0, 0); font-variant-numeric: normal; font-variant-east-asian: normal; font-variant-alternates: normal; font-variant-position: normal; vertical-align: baseline;\">puesta gastron\u00f3mica con pescados y mariscos del litoral, as\u00ed como tambi\u00e9n, los asistentes podr\u00e1n maridar las cepas de vino con cordero al palo, cortes <\/span><span style=\"font-size: 12pt; font-family: Arial, sans-serif; color: rgb(0, 0, 0); font-style: italic; font-variant-numeric: normal; font-variant-east-asian: normal; font-variant-alternates: normal; font-variant-position: normal; vertical-align: baseline;\">premium<\/span><span style=\"font-size: 12pt; font-family: Arial, sans-serif; color: rgb(0, 0, 0); font-variant-numeric: normal; font-variant-east-asian: normal; font-variant-alternates: normal; font-variant-position: normal; vertical-align: baseline;\"> de carnes, quesos artesanales, entre otros productos <\/span><span style=\"font-size: 12pt; font-family: Arial, sans-serif; color: rgb(0, 0, 0); font-style: italic; font-variant-numeric: normal; font-variant-east-asian: normal; font-variant-alternates: normal; font-variant-position: normal; vertical-align: baseline;\">gourmet.<\/span><\/p><\/span><\/p>\n\n\n\n<p><span id=\"docs-internal-guid-b373e16b-7fff-479c-69f3-d570da183b3b\"><p dir=\"ltr\" style=\"line-height:1.295;text-align: justify;margin-top:0pt;margin-bottom:8pt;\"><span style=\"font-size: 12pt; font-family: Arial, sans-serif; color: rgb(0, 0, 0); background-color: transparent; font-variant-numeric: normal; font-variant-east-asian: normal; font-variant-alternates: normal; font-variant-position: normal; vertical-align: baseline;\">En representaci\u00f3n de la organizaci\u00f3n del evento, Cristian Donoso, due\u00f1o de Restaurante Macerado, indic\u00f3 que \u201ceste es un encuentro pensado para todas las personas que vibran y se apasionan con el vino y la gastronom\u00eda en una misma experiencia. Es aportar con nuestro granito de arena a la econom\u00eda circular y al turismo enograstron\u00f3mico del valle, ya que en un mismo espacio se encontrar\u00e1n productores vitivin\u00edcolas, emprendedores locales, productores gastron\u00f3micos y visitantes. Habr\u00e1 cepas de vino de alta gama de diversos valles del pa\u00eds, espumantes, cervezas artesanales y tambi\u00e9n tendremos gastronom\u00eda de origen, entre muchas otras preparaciones\u201d, dijo.<\/span><\/p><\/span><\/p>\n\n\n\n<p><span id=\"docs-internal-guid-b373e16b-7fff-479c-69f3-d570da183b3b\"><p dir=\"ltr\" style=\"line-height:1.295;text-align: justify;margin-top:0pt;margin-bottom:8pt;\"><span style=\"font-size: 12pt; font-family: Arial, sans-serif; color: rgb(0, 0, 0); background-color: transparent; font-variant-numeric: normal; font-variant-east-asian: normal; font-variant-alternates: normal; font-variant-position: normal; vertical-align: baseline;\">La primera versi\u00f3n de esta festividad vitivin\u00edcola se realizar\u00e1 el s\u00e1bado 30 de marzo, desde las 11:00 hrs. en \u201cCasa Macerado\u201d (sector jardines), ubicada en Av. Portales #1685, Casablanca; y la entrada general (sin degustaciones), tendr\u00e1 un valor de $8.000, mientras que el <\/span><span style=\"font-size: 12pt; font-family: Arial, sans-serif; color: rgb(0, 0, 0); background-color: transparent; font-style: italic; font-variant-numeric: normal; font-variant-east-asian: normal; font-variant-alternates: normal; font-variant-position: normal; vertical-align: baseline;\">ticket<\/span><span style=\"font-size: 12pt; font-family: Arial, sans-serif; color: rgb(0, 0, 0); background-color: transparent; font-variant-numeric: normal; font-variant-east-asian: normal; font-variant-alternates: normal; font-variant-position: normal; vertical-align: baseline;\"> con degustaciones costar\u00e1 $15.000 por persona, venta a trav\u00e9s de sistema Passline\u00a0 o en el siguiente enlace: <\/span><a style=\"text-decoration-line: none;\" href=\"https:\/\/www.passline.com\/eventos\/otra-ronda-sabores-y-vinos\"><span style=\"font-size: 12pt; font-family: Arial, sans-serif; color: rgb(5, 99, 193); background-color: transparent; font-variant-numeric: normal; font-variant-east-asian: normal; font-variant-alternates: normal; font-variant-position: normal; text-decoration-line: underline; text-decoration-skip-ink: none; vertical-align: baseline;\">https:\/\/www.passline.com\/eventos\/otra-ronda-sabores-y-vinos<\/span><\/a><span style=\"font-size: 12pt; font-family: Arial, sans-serif; color: rgb(0, 0, 0); background-color: transparent; font-variant-numeric: normal; font-variant-east-asian: normal; font-variant-alternates: normal; font-variant-position: normal; vertical-align: baseline;\">\u00a0<\/span><\/p><\/span><\/p>\n\n\n\n<figure class=\"wp-block-image size-large\"><img decoding=\"async\" width=\"1024\" height=\"1024\" src=\"https:\/\/www.valparaisocreativo.cl\/wp-content\/uploads\/2024\/03\/Musica-en-vivo-1024x1024.png\" alt=\"\" class=\"wp-image-18667\" srcset=\"https:\/\/dev.antudigital.cl\/sites\/vc\/wp-content\/uploads\/2024\/03\/Musica-en-vivo-1024x1024.png 1024w, https:\/\/dev.antudigital.cl\/sites\/vc\/wp-content\/uploads\/2024\/03\/Musica-en-vivo-300x300.png 300w, https:\/\/dev.antudigital.cl\/sites\/vc\/wp-content\/uploads\/2024\/03\/Musica-en-vivo-150x150.png 150w, https:\/\/dev.antudigital.cl\/sites\/vc\/wp-content\/uploads\/2024\/03\/Musica-en-vivo-768x768.png 768w, https:\/\/dev.antudigital.cl\/sites\/vc\/wp-content\/uploads\/2024\/03\/Musica-en-vivo-1536x1536.png 1536w, https:\/\/dev.antudigital.cl\/sites\/vc\/wp-content\/uploads\/2024\/03\/Musica-en-vivo-2048x2048.png 2048w, https:\/\/dev.antudigital.cl\/sites\/vc\/wp-content\/uploads\/2024\/03\/Musica-en-vivo-1080x1080.png 1080w, https:\/\/dev.antudigital.cl\/sites\/vc\/wp-content\/uploads\/2024\/03\/Musica-en-vivo-1280x1280.png 1280w, https:\/\/dev.antudigital.cl\/sites\/vc\/wp-content\/uploads\/2024\/03\/Musica-en-vivo-980x980.png 980w, https:\/\/dev.antudigital.cl\/sites\/vc\/wp-content\/uploads\/2024\/03\/Musica-en-vivo-480x480.png 480w, https:\/\/dev.antudigital.cl\/sites\/vc\/wp-content\/uploads\/2024\/03\/Musica-en-vivo-24x24.png 24w, https:\/\/dev.antudigital.cl\/sites\/vc\/wp-content\/uploads\/2024\/03\/Musica-en-vivo-36x36.png 36w, https:\/\/dev.antudigital.cl\/sites\/vc\/wp-content\/uploads\/2024\/03\/Musica-en-vivo-48x48.png 48w\" sizes=\"(max-width: 1024px) 100vw, 1024px\" \/><\/figure>\n\n\n\n<p><span id=\"docs-internal-guid-b373e16b-7fff-479c-69f3-d570da183b3b\"><p dir=\"ltr\" style=\"line-height:1.295;text-align: justify;margin-top:0pt;margin-bottom:8pt;\"><span style=\"font-size: 12pt; font-family: Arial, sans-serif; color: rgb(0, 0, 0); background-color: transparent; font-weight: 700; font-variant-numeric: normal; font-variant-east-asian: normal; font-variant-alternates: normal; font-variant-position: normal; vertical-align: baseline;\">\u00bfQu\u00e9 incluye esta experiencia #OtraRonda?<\/span><span style=\"font-size: 12pt; background-color: transparent; font-variant-numeric: normal; font-variant-east-asian: normal; font-variant-alternates: normal; font-variant-position: normal; vertical-align: baseline; text-wrap: wrap;\">Copa oficial + 3 degustaciones de tus vinos favoritos.M\u00fasica en vivo a cargo de la cantante nacional P\u00eda Carpanetti (bossanova, pop y rock).Dj Yimmy con m\u00fasica de los 80\u2019s y 90\u2019s.Un grato ambiente familiar para disfrutar de una entretenida tarde con buena compa\u00f1\u00eda.<\/span><\/p><span style=\"font-size: 12pt; font-family: Arial, sans-serif; color: rgb(0, 0, 0); background-color: transparent; font-weight: 700; font-variant-numeric: normal; font-variant-east-asian: normal; font-variant-alternates: normal; font-variant-position: normal; vertical-align: baseline;\">OTRARONDA \u201cSabores &amp; Vinos\u201d<\/span><span style=\"font-size: 12pt; font-family: Arial, sans-serif; color: rgb(0, 0, 0); background-color: transparent; font-variant-numeric: normal; font-variant-east-asian: normal; font-variant-alternates: normal; font-variant-position: normal; vertical-align: baseline;\"> <\/span><span style=\"font-size: 12pt; font-family: Arial, sans-serif; color: rgb(0, 0, 0); font-variant-numeric: normal; font-variant-east-asian: normal; font-variant-alternates: normal; font-variant-position: normal; vertical-align: baseline;\">cuenta con el patrocinio de ProChile, Sernatur, Corporaci\u00f3n Regional de Turismo Valpara\u00edso y Corporaci\u00f3n Casablanca.<\/span><\/span><\/p>\n\n\n\n<figure class=\"wp-block-image size-large\"><img decoding=\"async\" width=\"819\" height=\"1024\" src=\"https:\/\/www.valparaisocreativo.cl\/wp-content\/uploads\/2024\/03\/Afiche-oficial-819x1024.jpeg\" alt=\"\" class=\"wp-image-18663\" srcset=\"https:\/\/dev.antudigital.cl\/sites\/vc\/wp-content\/uploads\/2024\/03\/Afiche-oficial-819x1024.jpeg 819w, https:\/\/dev.antudigital.cl\/sites\/vc\/wp-content\/uploads\/2024\/03\/Afiche-oficial-240x300.jpeg 240w, https:\/\/dev.antudigital.cl\/sites\/vc\/wp-content\/uploads\/2024\/03\/Afiche-oficial-768x961.jpeg 768w, https:\/\/dev.antudigital.cl\/sites\/vc\/wp-content\/uploads\/2024\/03\/Afiche-oficial-1228x1536.jpeg 1228w, https:\/\/dev.antudigital.cl\/sites\/vc\/wp-content\/uploads\/2024\/03\/Afiche-oficial-1080x1351.jpeg 1080w, https:\/\/dev.antudigital.cl\/sites\/vc\/wp-content\/uploads\/2024\/03\/Afiche-oficial-980x1226.jpeg 980w, https:\/\/dev.antudigital.cl\/sites\/vc\/wp-content\/uploads\/2024\/03\/Afiche-oficial-480x600.jpeg 480w, https:\/\/dev.antudigital.cl\/sites\/vc\/wp-content\/uploads\/2024\/03\/Afiche-oficial-19x24.jpeg 19w, https:\/\/dev.antudigital.cl\/sites\/vc\/wp-content\/uploads\/2024\/03\/Afiche-oficial-29x36.jpeg 29w, https:\/\/dev.antudigital.cl\/sites\/vc\/wp-content\/uploads\/2024\/03\/Afiche-oficial-38x48.jpeg 38w, https:\/\/dev.antudigital.cl\/sites\/vc\/wp-content\/uploads\/2024\/03\/Afiche-oficial.jpeg 1279w\" sizes=\"(max-width: 819px) 100vw, 819px\" \/><\/figure>\n","protected":false},"excerpt":{"rendered":"<p>Chardonnay, Sauvignon Blanc, Pinot Noir, Syrah, Merlot, Malbec, y Cabernet Franc ser\u00e1n las cepas protagonistas de esta festividad que se realizar\u00e1 en la \u201c10\u00aa Capital Mundial del Vino\u201d, t\u00edtulo otorgado por la Great Wine Capitals (GWC) para Casablanca, V Regi\u00f3n. La temporada de vendimias ya comenz\u00f3 en nuestro pa\u00eds y Casablanca le da la bienvenida [&hellip;]<\/p>\n","protected":false},"author":1,"featured_media":18665,"comment_status":"closed","ping_status":"closed","sticky":false,"template":"","format":"standard","meta":{"_acf_changed":false,"footnotes":""},"categories":[1],"tags":[],"class_list":["post-18661","post","type-post","status-publish","format-standard","has-post-thumbnail","hentry","category-uncategorized"],"acf":[],"yoast_head":"<!-- This site is optimized with the Yoast SEO plugin v27.1.1 - https:\/\/yoast.com\/product\/yoast-seo-wordpress\/ -->\n<title>#OTRARONDA \u201cSabores &amp; Vinos\u201d: la fiesta vitivin\u00edcola que abre la temporada de vendimia en Casablanca - Valpara\u00ed\u00adso Creativo<\/title>\n<meta name=\"robots\" content=\"index, follow, max-snippet:-1, max-image-preview:large, max-video-preview:-1\" \/>\n<link rel=\"canonical\" href=\"https:\/\/dev.antudigital.cl\/sites\/vc\/otraronda-sabores-vinos-la-fiesta-vitivinicola-que-abre-la-temporada-de-vendimia-en-casablanca\/\" \/>\n<meta property=\"og:locale\" content=\"es_ES\" \/>\n<meta property=\"og:type\" content=\"article\" \/>\n<meta property=\"og:title\" content=\"#OTRARONDA \u201cSabores &amp; Vinos\u201d: la fiesta vitivin\u00edcola que abre la temporada de vendimia en Casablanca - Valpara\u00ed\u00adso Creativo\" \/>\n<meta property=\"og:description\" content=\"Chardonnay, Sauvignon Blanc, Pinot Noir, Syrah, Merlot, Malbec, y Cabernet Franc ser\u00e1n las cepas protagonistas de esta festividad que se realizar\u00e1 en la \u201c10\u00aa Capital Mundial del Vino\u201d, t\u00edtulo otorgado por la Great Wine Capitals (GWC) para Casablanca, V Regi\u00f3n. La temporada de vendimias ya comenz\u00f3 en nuestro pa\u00eds y Casablanca le da la bienvenida [&hellip;]\" \/>\n<meta property=\"og:url\" content=\"https:\/\/dev.antudigital.cl\/sites\/vc\/otraronda-sabores-vinos-la-fiesta-vitivinicola-que-abre-la-temporada-de-vendimia-en-casablanca\/\" \/>\n<meta property=\"og:site_name\" content=\"Valpara\u00ed\u00adso Creativo\" \/>\n<meta property=\"article:published_time\" content=\"2024-03-25T18:06:16+00:00\" \/>\n<meta property=\"article:modified_time\" content=\"2024-03-25T18:06:23+00:00\" \/>\n<meta property=\"og:image\" content=\"https:\/\/dev.antudigital.cl\/sites\/vc\/wp-content\/uploads\/2024\/03\/Fiesta-en-Macerado.jpeg\" \/>\n\t<meta property=\"og:image:width\" content=\"1600\" \/>\n\t<meta property=\"og:image:height\" content=\"1068\" \/>\n\t<meta property=\"og:image:type\" content=\"image\/jpeg\" \/>\n<meta name=\"author\" content=\"Valpara\u00edso Creativo\" \/>\n<meta name=\"twitter:card\" content=\"summary_large_image\" \/>\n<meta name=\"twitter:label1\" content=\"Escrito por\" \/>\n\t<meta name=\"twitter:data1\" content=\"Valpara\u00edso Creativo\" \/>\n\t<meta name=\"twitter:label2\" content=\"Tiempo de lectura\" \/>\n\t<meta name=\"twitter:data2\" content=\"3 minutos\" \/>\n<script type=\"application\/ld+json\" class=\"yoast-schema-graph\">{\"@context\":\"https:\/\/schema.org\",\"@graph\":[{\"@type\":\"Article\",\"@id\":\"https:\/\/dev.antudigital.cl\/sites\/vc\/otraronda-sabores-vinos-la-fiesta-vitivinicola-que-abre-la-temporada-de-vendimia-en-casablanca\/#article\",\"isPartOf\":{\"@id\":\"https:\/\/dev.antudigital.cl\/sites\/vc\/otraronda-sabores-vinos-la-fiesta-vitivinicola-que-abre-la-temporada-de-vendimia-en-casablanca\/\"},\"author\":{\"name\":\"Valpara\u00edso Creativo\",\"@id\":\"https:\/\/dev.antudigital.cl\/sites\/vc\/#\/schema\/person\/c2b9da8dd545e27166fc5ab232837318\"},\"headline\":\"#OTRARONDA \u201cSabores &amp; Vinos\u201d: la fiesta vitivin\u00edcola que abre la temporada de vendimia en Casablanca\",\"datePublished\":\"2024-03-25T18:06:16+00:00\",\"dateModified\":\"2024-03-25T18:06:23+00:00\",\"mainEntityOfPage\":{\"@id\":\"https:\/\/dev.antudigital.cl\/sites\/vc\/otraronda-sabores-vinos-la-fiesta-vitivinicola-que-abre-la-temporada-de-vendimia-en-casablanca\/\"},\"wordCount\":520,\"image\":{\"@id\":\"https:\/\/dev.antudigital.cl\/sites\/vc\/otraronda-sabores-vinos-la-fiesta-vitivinicola-que-abre-la-temporada-de-vendimia-en-casablanca\/#primaryimage\"},\"thumbnailUrl\":\"https:\/\/dev.antudigital.cl\/sites\/vc\/wp-content\/uploads\/2024\/03\/Fiesta-en-Macerado.jpeg\",\"articleSection\":[\"Uncategorized\"],\"inLanguage\":\"es\"},{\"@type\":\"WebPage\",\"@id\":\"https:\/\/dev.antudigital.cl\/sites\/vc\/otraronda-sabores-vinos-la-fiesta-vitivinicola-que-abre-la-temporada-de-vendimia-en-casablanca\/\",\"url\":\"https:\/\/dev.antudigital.cl\/sites\/vc\/otraronda-sabores-vinos-la-fiesta-vitivinicola-que-abre-la-temporada-de-vendimia-en-casablanca\/\",\"name\":\"#OTRARONDA \u201cSabores &amp; Vinos\u201d: la fiesta vitivin\u00edcola que abre la temporada de vendimia en Casablanca - Valpara\u00ed\u00adso Creativo\",\"isPartOf\":{\"@id\":\"https:\/\/dev.antudigital.cl\/sites\/vc\/#website\"},\"primaryImageOfPage\":{\"@id\":\"https:\/\/dev.antudigital.cl\/sites\/vc\/otraronda-sabores-vinos-la-fiesta-vitivinicola-que-abre-la-temporada-de-vendimia-en-casablanca\/#primaryimage\"},\"image\":{\"@id\":\"https:\/\/dev.antudigital.cl\/sites\/vc\/otraronda-sabores-vinos-la-fiesta-vitivinicola-que-abre-la-temporada-de-vendimia-en-casablanca\/#primaryimage\"},\"thumbnailUrl\":\"https:\/\/dev.antudigital.cl\/sites\/vc\/wp-content\/uploads\/2024\/03\/Fiesta-en-Macerado.jpeg\",\"datePublished\":\"2024-03-25T18:06:16+00:00\",\"dateModified\":\"2024-03-25T18:06:23+00:00\",\"author\":{\"@id\":\"https:\/\/dev.antudigital.cl\/sites\/vc\/#\/schema\/person\/c2b9da8dd545e27166fc5ab232837318\"},\"breadcrumb\":{\"@id\":\"https:\/\/dev.antudigital.cl\/sites\/vc\/otraronda-sabores-vinos-la-fiesta-vitivinicola-que-abre-la-temporada-de-vendimia-en-casablanca\/#breadcrumb\"},\"inLanguage\":\"es\",\"potentialAction\":[{\"@type\":\"ReadAction\",\"target\":[\"https:\/\/dev.antudigital.cl\/sites\/vc\/otraronda-sabores-vinos-la-fiesta-vitivinicola-que-abre-la-temporada-de-vendimia-en-casablanca\/\"]}]},{\"@type\":\"ImageObject\",\"inLanguage\":\"es\",\"@id\":\"https:\/\/dev.antudigital.cl\/sites\/vc\/otraronda-sabores-vinos-la-fiesta-vitivinicola-que-abre-la-temporada-de-vendimia-en-casablanca\/#primaryimage\",\"url\":\"https:\/\/dev.antudigital.cl\/sites\/vc\/wp-content\/uploads\/2024\/03\/Fiesta-en-Macerado.jpeg\",\"contentUrl\":\"https:\/\/dev.antudigital.cl\/sites\/vc\/wp-content\/uploads\/2024\/03\/Fiesta-en-Macerado.jpeg\",\"width\":1600,\"height\":1068},{\"@type\":\"BreadcrumbList\",\"@id\":\"https:\/\/dev.antudigital.cl\/sites\/vc\/otraronda-sabores-vinos-la-fiesta-vitivinicola-que-abre-la-temporada-de-vendimia-en-casablanca\/#breadcrumb\",\"itemListElement\":[{\"@type\":\"ListItem\",\"position\":1,\"name\":\"Home\",\"item\":\"https:\/\/dev.antudigital.cl\/sites\/vc\/\"},{\"@type\":\"ListItem\",\"position\":2,\"name\":\"#OTRARONDA \u201cSabores &amp; Vinos\u201d: la fiesta vitivin\u00edcola que abre la temporada de vendimia en Casablanca\"}]},{\"@type\":\"WebSite\",\"@id\":\"https:\/\/dev.antudigital.cl\/sites\/vc\/#website\",\"url\":\"https:\/\/dev.antudigital.cl\/sites\/vc\/\",\"name\":\"Valpara\u00ed\u00adso Creativo\",\"description\":\"\",\"potentialAction\":[{\"@type\":\"SearchAction\",\"target\":{\"@type\":\"EntryPoint\",\"urlTemplate\":\"https:\/\/dev.antudigital.cl\/sites\/vc\/?s={search_term_string}\"},\"query-input\":{\"@type\":\"PropertyValueSpecification\",\"valueRequired\":true,\"valueName\":\"search_term_string\"}}],\"inLanguage\":\"es\"},{\"@type\":\"Person\",\"@id\":\"https:\/\/dev.antudigital.cl\/sites\/vc\/#\/schema\/person\/c2b9da8dd545e27166fc5ab232837318\",\"name\":\"Valpara\u00edso Creativo\",\"description\":\"Periodista de cultura en la Regi\u00f3n de Valpara\u00edso.\",\"url\":\"https:\/\/dev.antudigital.cl\/sites\/vc\/author\/valpoadmin\/\"}]}<\/script>\n<!-- \/ Yoast SEO plugin. -->","yoast_head_json":{"title":"#OTRARONDA \u201cSabores &amp; Vinos\u201d: la fiesta vitivin\u00edcola que abre la temporada de vendimia en Casablanca - Valpara\u00ed\u00adso Creativo","robots":{"index":"index","follow":"follow","max-snippet":"max-snippet:-1","max-image-preview":"max-image-preview:large","max-video-preview":"max-video-preview:-1"},"canonical":"https:\/\/dev.antudigital.cl\/sites\/vc\/otraronda-sabores-vinos-la-fiesta-vitivinicola-que-abre-la-temporada-de-vendimia-en-casablanca\/","og_locale":"es_ES","og_type":"article","og_title":"#OTRARONDA \u201cSabores &amp; Vinos\u201d: la fiesta vitivin\u00edcola que abre la temporada de vendimia en Casablanca - Valpara\u00ed\u00adso Creativo","og_description":"Chardonnay, Sauvignon Blanc, Pinot Noir, Syrah, Merlot, Malbec, y Cabernet Franc ser\u00e1n las cepas protagonistas de esta festividad que se realizar\u00e1 en la \u201c10\u00aa Capital Mundial del Vino\u201d, t\u00edtulo otorgado por la Great Wine Capitals (GWC) para Casablanca, V Regi\u00f3n. La temporada de vendimias ya comenz\u00f3 en nuestro pa\u00eds y Casablanca le da la bienvenida [&hellip;]","og_url":"https:\/\/dev.antudigital.cl\/sites\/vc\/otraronda-sabores-vinos-la-fiesta-vitivinicola-que-abre-la-temporada-de-vendimia-en-casablanca\/","og_site_name":"Valpara\u00ed\u00adso Creativo","article_published_time":"2024-03-25T18:06:16+00:00","article_modified_time":"2024-03-25T18:06:23+00:00","og_image":[{"width":1600,"height":1068,"url":"https:\/\/dev.antudigital.cl\/sites\/vc\/wp-content\/uploads\/2024\/03\/Fiesta-en-Macerado.jpeg","type":"image\/jpeg"}],"author":"Valpara\u00edso Creativo","twitter_card":"summary_large_image","twitter_misc":{"Escrito por":"Valpara\u00edso Creativo","Tiempo de lectura":"3 minutos"},"schema":{"@context":"https:\/\/schema.org","@graph":[{"@type":"Article","@id":"https:\/\/dev.antudigital.cl\/sites\/vc\/otraronda-sabores-vinos-la-fiesta-vitivinicola-que-abre-la-temporada-de-vendimia-en-casablanca\/#article","isPartOf":{"@id":"https:\/\/dev.antudigital.cl\/sites\/vc\/otraronda-sabores-vinos-la-fiesta-vitivinicola-que-abre-la-temporada-de-vendimia-en-casablanca\/"},"author":{"name":"Valpara\u00edso Creativo","@id":"https:\/\/dev.antudigital.cl\/sites\/vc\/#\/schema\/person\/c2b9da8dd545e27166fc5ab232837318"},"headline":"#OTRARONDA \u201cSabores &amp; Vinos\u201d: la fiesta vitivin\u00edcola que abre la temporada de vendimia en Casablanca","datePublished":"2024-03-25T18:06:16+00:00","dateModified":"2024-03-25T18:06:23+00:00","mainEntityOfPage":{"@id":"https:\/\/dev.antudigital.cl\/sites\/vc\/otraronda-sabores-vinos-la-fiesta-vitivinicola-que-abre-la-temporada-de-vendimia-en-casablanca\/"},"wordCount":520,"image":{"@id":"https:\/\/dev.antudigital.cl\/sites\/vc\/otraronda-sabores-vinos-la-fiesta-vitivinicola-que-abre-la-temporada-de-vendimia-en-casablanca\/#primaryimage"},"thumbnailUrl":"https:\/\/dev.antudigital.cl\/sites\/vc\/wp-content\/uploads\/2024\/03\/Fiesta-en-Macerado.jpeg","articleSection":["Uncategorized"],"inLanguage":"es"},{"@type":"WebPage","@id":"https:\/\/dev.antudigital.cl\/sites\/vc\/otraronda-sabores-vinos-la-fiesta-vitivinicola-que-abre-la-temporada-de-vendimia-en-casablanca\/","url":"https:\/\/dev.antudigital.cl\/sites\/vc\/otraronda-sabores-vinos-la-fiesta-vitivinicola-que-abre-la-temporada-de-vendimia-en-casablanca\/","name":"#OTRARONDA \u201cSabores &amp; Vinos\u201d: la fiesta vitivin\u00edcola que abre la temporada de vendimia en Casablanca - Valpara\u00ed\u00adso Creativo","isPartOf":{"@id":"https:\/\/dev.antudigital.cl\/sites\/vc\/#website"},"primaryImageOfPage":{"@id":"https:\/\/dev.antudigital.cl\/sites\/vc\/otraronda-sabores-vinos-la-fiesta-vitivinicola-que-abre-la-temporada-de-vendimia-en-casablanca\/#primaryimage"},"image":{"@id":"https:\/\/dev.antudigital.cl\/sites\/vc\/otraronda-sabores-vinos-la-fiesta-vitivinicola-que-abre-la-temporada-de-vendimia-en-casablanca\/#primaryimage"},"thumbnailUrl":"https:\/\/dev.antudigital.cl\/sites\/vc\/wp-content\/uploads\/2024\/03\/Fiesta-en-Macerado.jpeg","datePublished":"2024-03-25T18:06:16+00:00","dateModified":"2024-03-25T18:06:23+00:00","author":{"@id":"https:\/\/dev.antudigital.cl\/sites\/vc\/#\/schema\/person\/c2b9da8dd545e27166fc5ab232837318"},"breadcrumb":{"@id":"https:\/\/dev.antudigital.cl\/sites\/vc\/otraronda-sabores-vinos-la-fiesta-vitivinicola-que-abre-la-temporada-de-vendimia-en-casablanca\/#breadcrumb"},"inLanguage":"es","potentialAction":[{"@type":"ReadAction","target":["https:\/\/dev.antudigital.cl\/sites\/vc\/otraronda-sabores-vinos-la-fiesta-vitivinicola-que-abre-la-temporada-de-vendimia-en-casablanca\/"]}]},{"@type":"ImageObject","inLanguage":"es","@id":"https:\/\/dev.antudigital.cl\/sites\/vc\/otraronda-sabores-vinos-la-fiesta-vitivinicola-que-abre-la-temporada-de-vendimia-en-casablanca\/#primaryimage","url":"https:\/\/dev.antudigital.cl\/sites\/vc\/wp-content\/uploads\/2024\/03\/Fiesta-en-Macerado.jpeg","contentUrl":"https:\/\/dev.antudigital.cl\/sites\/vc\/wp-content\/uploads\/2024\/03\/Fiesta-en-Macerado.jpeg","width":1600,"height":1068},{"@type":"BreadcrumbList","@id":"https:\/\/dev.antudigital.cl\/sites\/vc\/otraronda-sabores-vinos-la-fiesta-vitivinicola-que-abre-la-temporada-de-vendimia-en-casablanca\/#breadcrumb","itemListElement":[{"@type":"ListItem","position":1,"name":"Home","item":"https:\/\/dev.antudigital.cl\/sites\/vc\/"},{"@type":"ListItem","position":2,"name":"#OTRARONDA \u201cSabores &amp; Vinos\u201d: la fiesta vitivin\u00edcola que abre la temporada de vendimia en Casablanca"}]},{"@type":"WebSite","@id":"https:\/\/dev.antudigital.cl\/sites\/vc\/#website","url":"https:\/\/dev.antudigital.cl\/sites\/vc\/","name":"Valpara\u00ed\u00adso Creativo","description":"","potentialAction":[{"@type":"SearchAction","target":{"@type":"EntryPoint","urlTemplate":"https:\/\/dev.antudigital.cl\/sites\/vc\/?s={search_term_string}"},"query-input":{"@type":"PropertyValueSpecification","valueRequired":true,"valueName":"search_term_string"}}],"inLanguage":"es"},{"@type":"Person","@id":"https:\/\/dev.antudigital.cl\/sites\/vc\/#\/schema\/person\/c2b9da8dd545e27166fc5ab232837318","name":"Valpara\u00edso Creativo","description":"Periodista de cultura en la Regi\u00f3n de Valpara\u00edso.","url":"https:\/\/dev.antudigital.cl\/sites\/vc\/author\/valpoadmin\/"}]}},"_links":{"self":[{"href":"https:\/\/dev.antudigital.cl\/sites\/vc\/wp-json\/wp\/v2\/posts\/18661","targetHints":{"allow":["GET"]}}],"collection":[{"href":"https:\/\/dev.antudigital.cl\/sites\/vc\/wp-json\/wp\/v2\/posts"}],"about":[{"href":"https:\/\/dev.antudigital.cl\/sites\/vc\/wp-json\/wp\/v2\/types\/post"}],"author":[{"embeddable":true,"href":"https:\/\/dev.antudigital.cl\/sites\/vc\/wp-json\/wp\/v2\/users\/1"}],"replies":[{"embeddable":true,"href":"https:\/\/dev.antudigital.cl\/sites\/vc\/wp-json\/wp\/v2\/comments?post=18661"}],"version-history":[{"count":1,"href":"https:\/\/dev.antudigital.cl\/sites\/vc\/wp-json\/wp\/v2\/posts\/18661\/revisions"}],"predecessor-version":[{"id":18669,"href":"https:\/\/dev.antudigital.cl\/sites\/vc\/wp-json\/wp\/v2\/posts\/18661\/revisions\/18669"}],"wp:featuredmedia":[{"embeddable":true,"href":"https:\/\/dev.antudigital.cl\/sites\/vc\/wp-json\/wp\/v2\/media\/18665"}],"wp:attachment":[{"href":"https:\/\/dev.antudigital.cl\/sites\/vc\/wp-json\/wp\/v2\/media?parent=18661"}],"wp:term":[{"taxonomy":"category","embeddable":true,"href":"https:\/\/dev.antudigital.cl\/sites\/vc\/wp-json\/wp\/v2\/categories?post=18661"},{"taxonomy":"post_tag","embeddable":true,"href":"https:\/\/dev.antudigital.cl\/sites\/vc\/wp-json\/wp\/v2\/tags?post=18661"}],"curies":[{"name":"wp","href":"https:\/\/api.w.org\/{rel}","templated":true}]}}