{"id":18670,"date":"2024-03-25T18:14:20","date_gmt":"2024-03-25T18:14:20","guid":{"rendered":"https:\/\/www.valparaisocreativo.cl\/?p=18670"},"modified":"2024-03-25T18:14:26","modified_gmt":"2024-03-25T18:14:26","slug":"hub-creativo-el-evento-que-pone-al-centro-el-cruce-entre-arte-ciencia-y-tecnologia-en-valparaiso","status":"publish","type":"post","link":"https:\/\/dev.antudigital.cl\/sites\/vc\/hub-creativo-el-evento-que-pone-al-centro-el-cruce-entre-arte-ciencia-y-tecnologia-en-valparaiso\/","title":{"rendered":"Hub Creativo: El evento que pone al centro el cruce entre arte, ciencia y tecnolog\u00eda en Valpara\u00edso"},"content":{"rendered":"\n<p><em>Destacadas pensadoras latinoamericanas, investigadores y artistas nacionales e internacionales, ser\u00e1n parte de este encuentro gratuito en Espacio La Compa\u00f1\u00eda.<\/em><\/p>\n\n\n\n<p>Fijado para los d\u00edas<strong> 28, 29 y 30 de marzo, <\/strong>en la ciudad de Valpara\u00edso, se realizar\u00e1 una nueva edici\u00f3n del evento impulsado por HUB Creativo. Se trata de la Conferencia Internacional de Arte, Ciencia y Tecnolog\u00eda; y el Festival de Artes Mediales de Valpara\u00edso, instancias completamente abiertas y gratuitas al p\u00fablico, que ponen en relevancia tem\u00e1ticas en torno a los nuevos medios, la innovaci\u00f3n, la tecnolog\u00eda, la creatividad, el pensamiento y m\u00e1s, desde una mirada cr\u00edtica y situada en el territorio.<\/p>\n\n\n\n<p>Exposiciones, paneles, di\u00e1logos y presentaci\u00f3n de casos de emprendimiento y artes, junto a invitados nacionales e internacionales, forman parte de la programaci\u00f3n de la <strong>Conferencia<\/strong>, junto con las exhibiciones y experiencias inmersivas del festival. Sobre ello, <strong>Mat\u00edas Mancisidor, director de la iniciativa<\/strong>, se\u00f1al\u00f3 que<em> \u201ceste encuentro ser\u00e1 un espacio de di\u00e1logo, reflexi\u00f3n y generaci\u00f3n de redes, donde se podr\u00e1n desentra\u00f1ar las complejidades de nuestra relaci\u00f3n con lo digital. Mientras que el <\/em><strong><em>Festival<\/em><\/strong><em>, a trav\u00e9s de una diversa selecci\u00f3n de obras de artistas <\/em><em>ofrece un viaje a trav\u00e9s de visiones \u00fanicas y narrativas poderosas desde las <\/em><em>&nbsp;m\u00faltiples facetas de la identidad y la experiencia latinoamericana en la era digital\u201d.<\/em><\/p>\n\n\n\n<p>Nombres de destacadas pensadoras como <strong>Flavia Costa (ARG)<\/strong>, Dra. en Ciencias Sociales y destacada pensadora, autora del reconocido libro \u201cTecnoceno. Algoritmos, biohackers y nuevas formas de vida\u201d; y <strong>Paula Sibilia (ARG\/BR)<\/strong>, antrop\u00f3loga e investigadora especializada en temas culturales contempor\u00e1neos que abordan las relaciones entre medios de comunicaci\u00f3n, tecnolog\u00edas digitales, manifestaciones art\u00edsticas, cuerpo humano y subjetividades; ser\u00e1n las encargadas de llevar adelante las charlas magistrales de este encuentro. A ellas, se suman destacados exponentes de Argentina, M\u00e9xico, Espa\u00f1a y Chile.<\/p>\n\n\n\n<p>Cabe destacar que, durante el primer d\u00eda de programaci\u00f3n, se lanzar\u00e1 el programa de difusi\u00f3n tecnol\u00f3gica <em>\u201cTecnolog\u00edas emergentes para la innovaci\u00f3n en empresas creativas y culturales de la regi\u00f3n de Valpara\u00edso\u201d<\/em>, lo que ser\u00e1 seguido de la charla magistral <strong>\u201c<\/strong><strong><em>La creaci\u00f3n en la era de la Inteligencia Artificial y la web3\u201d<\/em><\/strong>, realizada por Nicol\u00e1s Madoery (ARG), coordinador de FUTURX y experto en industrias creativas de base tecnol\u00f3gica con foco en la web3.<\/p>\n\n\n\n<p>El d\u00eda jueves 28\/03, pondr\u00e1 el foco en la tecnolog\u00eda, innovaci\u00f3n y creatividad, mientras que el d\u00eda viernes 29\/03 se centrar\u00e1 en las humanidades, artes y las ciencias sociales. La conferencia es una instancia donde los amantes del arte, la ciencia y la tecnolog\u00eda, podr\u00e1n sumergirse en estas tem\u00e1ticas y ampliar sus horizontes de creatividad. Este espacio de di\u00e1logo y reflexi\u00f3n se realizar\u00e1 en Espacio La Compa\u00f1\u00eda, ubicado en Eusebio Lillo 409, los d\u00edas 28 y 29 de marzo.<\/p>\n\n\n\n<figure class=\"wp-block-image size-full\"><img decoding=\"async\" src=\"https:\/\/www.valparaisocreativo.cl\/wp-content\/uploads\/2024\/03\/OBRA-CLITEMNESTRA-CARINA-ASPILLAGA.jpg\" alt=\"\" class=\"wp-image-18673\"\/><\/figure>\n\n\n\n<p><strong>Experiencias multimediales en Valpara\u00edso<\/strong><\/p>\n\n\n\n<p>Artes vivas, nuevas tecnolog\u00edas y arte digital, confluyen en lo que ser\u00e1 el Festival de Artes Mediales de la ciudad Puerto, a trav\u00e9s de una delicada selecci\u00f3n de obras que ser\u00e1n puestas en escena durante el 28, 29 y 30 de marzo. Desde instalaciones interactivas y artes vivas que ense\u00f1an la relaci\u00f3n entre cuerpo y m\u00e1quina, hasta el uso de inteligencia artificial y obras de realidad virtual, podemos experienciar visiones \u00fanicas y narrativas poderosas que buscan interpelar nuestra identidad y lugar en el mundo.<\/p>\n\n\n\n<p>Obras como <strong>\u201c<\/strong><strong><em>Kimsa\u201d<\/em><\/strong>, que hacen un cruce entre la m\u00fasica experimental, el procesamiento electr\u00f3nico y el video; a cargo del Ensamble Experimental Latinoamericano y la artista medial Kardaver (ARG); el cortometraje generado con inteligencia artificial <strong><em>\u201cLa copia feliz del Ed\u00e9n\u201d<\/em><\/strong>, dirigido por Az1fr3, ganador Laboratorio Hub Creativo \/ Edici\u00f3n 2023; <strong><em>\u201cEscape\u201d<\/em><\/strong>, videodanza de Felipe D\u00edaz Galarce y Heidi Duckler; y la experiencia de concierto inmersivo <strong><em>\u201cSummoning\u201d<\/em><\/strong>, de la mano de Trimex Collective, conforman el primer d\u00eda de festival.&nbsp;<\/p>\n\n\n\n<p>(<strong>28\/03, desde las 20.00 horas, en Espacio La Compa\u00f1\u00eda).<\/strong><\/p>\n\n\n\n<p>El segundo d\u00eda del festival, iniciar\u00e1 con la obra <strong><em>\u201cNagomi\u201d<\/em><\/strong>, de la mano de <strong>Andr\u00e9s Rivera<\/strong>, m\u00fasico; <strong>Roc\u00edo Rivera<\/strong>, bailarina; <strong>Paola Olea<\/strong>, artista medial y <strong>Diego Henr\u00edquez<\/strong>, ingeniero electr\u00f3nico; seguir\u00e1 con la pieza de videodanza realizada en el conjunto Siete Hermanas de Vi\u00f1a del Mar e inspirada en la obra de Juan Luis Mart\u00ednez, <strong><em>\u201cEl s\u00e9ptimo tiempo antes de volver\u201d,<\/em><\/strong> de Franco Oviedo; y concluir\u00e1 con <strong><em>\u201cClitemnestra\u201d<\/em><\/strong>, montaje esc\u00e9nico dirigido por Carina Aspillaga, que contar\u00e1 con la colaboraci\u00f3n del artista digital Tolch (ARG).<\/p>\n\n\n\n<figure class=\"wp-block-image size-large\"><img fetchpriority=\"high\" decoding=\"async\" width=\"1024\" height=\"576\" src=\"https:\/\/www.valparaisocreativo.cl\/wp-content\/uploads\/2024\/03\/OBRA-SUMMONING-TRIMEX-1024x576.jpg\" alt=\"\" class=\"wp-image-18674\" srcset=\"https:\/\/dev.antudigital.cl\/sites\/vc\/wp-content\/uploads\/2024\/03\/OBRA-SUMMONING-TRIMEX-1024x576.jpg 1024w, https:\/\/dev.antudigital.cl\/sites\/vc\/wp-content\/uploads\/2024\/03\/OBRA-SUMMONING-TRIMEX-300x169.jpg 300w, https:\/\/dev.antudigital.cl\/sites\/vc\/wp-content\/uploads\/2024\/03\/OBRA-SUMMONING-TRIMEX-768x432.jpg 768w, https:\/\/dev.antudigital.cl\/sites\/vc\/wp-content\/uploads\/2024\/03\/OBRA-SUMMONING-TRIMEX-1536x864.jpg 1536w, https:\/\/dev.antudigital.cl\/sites\/vc\/wp-content\/uploads\/2024\/03\/OBRA-SUMMONING-TRIMEX-1080x608.jpg 1080w, https:\/\/dev.antudigital.cl\/sites\/vc\/wp-content\/uploads\/2024\/03\/OBRA-SUMMONING-TRIMEX-1280x720.jpg 1280w, https:\/\/dev.antudigital.cl\/sites\/vc\/wp-content\/uploads\/2024\/03\/OBRA-SUMMONING-TRIMEX-980x551.jpg 980w, https:\/\/dev.antudigital.cl\/sites\/vc\/wp-content\/uploads\/2024\/03\/OBRA-SUMMONING-TRIMEX-480x270.jpg 480w, https:\/\/dev.antudigital.cl\/sites\/vc\/wp-content\/uploads\/2024\/03\/OBRA-SUMMONING-TRIMEX-24x14.jpg 24w, https:\/\/dev.antudigital.cl\/sites\/vc\/wp-content\/uploads\/2024\/03\/OBRA-SUMMONING-TRIMEX-36x20.jpg 36w, https:\/\/dev.antudigital.cl\/sites\/vc\/wp-content\/uploads\/2024\/03\/OBRA-SUMMONING-TRIMEX-48x27.jpg 48w, https:\/\/dev.antudigital.cl\/sites\/vc\/wp-content\/uploads\/2024\/03\/OBRA-SUMMONING-TRIMEX.jpg 1920w\" sizes=\"(max-width: 1024px) 100vw, 1024px\" \/><\/figure>\n\n\n\n<p>(<strong>29\/03, desde las 20.00 horas, en Espacio La Compa\u00f1\u00eda).<\/strong><\/p>\n\n\n\n<p>El Festival de Artes Mediales de Valpara\u00edso cerrar\u00e1 en el espacio f\u00edsico del Hub Creativo, ubicado en Condell 1477, Valpara\u00edso, el d\u00eda 30 de marzo desde las 16.00 horas. All\u00ed habr\u00e1n experiencias interactivas con las obras <strong><em>\u201cCrear Planeta: Horizontes Fr\u00e1giles\u201d<\/em><\/strong>, a cargo de Cristobal Almagia (Almagico VR); \u201cRemolinos\u00bb, de Taller D\u00ednamo; y la instalaci\u00f3n <strong><em>\u201cSonotropismos \/ Sistema Interactivo Sonoficado\u201d<\/em><\/strong>, una obra que apuesta por la biotecnolog\u00eda y el uso de sensores, a cargo del Taller de Teknolog\u00eda Libre; y <strong><em>\u201cTextisla\u201d<\/em><\/strong>, videoinstalaci\u00f3n de la artista Javiera Ovalle. Este \u00faltimo d\u00eda de programaci\u00f3n, contar\u00e1 con un espacio de gesti\u00f3n de redes donde participar\u00e1n diversas iniciativas que trabajan en torno a tem\u00e1ticas vinculadas a las Artes, la Ciencias y la Tecnolog\u00eda:&nbsp; Tsonami, Medimorfosis, Feria Fast, Cimuad, Toda la teor\u00eda del Universo, Plataforma de Artes y Medios, y Caja de Pandora.<\/p>\n\n\n\n<p>(<strong>30\/04, desde las 16.00 horas, en Hub Creativo).<\/strong><\/p>\n\n\n\n<p>La Conferencia Internacional de Arte Ciencia y Tecnolog\u00eda, y el Festival de Artes Mediales de Valpara\u00edso, es una iniciativa apoyada por Corfo, el Ministerio de las Culturas, las Artes y el Patrimonio, y es organizada por Hub Creativo, producida por Susurro Ensordece y Recolector Spa, junto con la colaboraci\u00f3n de Valpara\u00edso Creativo y Espacio La Compa\u00f1\u00eda.<\/p>\n\n\n\n<figure class=\"wp-block-image size-large\"><img decoding=\"async\" width=\"1024\" height=\"682\" src=\"https:\/\/www.valparaisocreativo.cl\/wp-content\/uploads\/2024\/03\/OBRA-EN-SEPTIMO-TIEMPO-ANTES-DE-VOLVER-FRANCO-OVIEDO-1024x682.jpg\" alt=\"\" class=\"wp-image-18675\" srcset=\"https:\/\/dev.antudigital.cl\/sites\/vc\/wp-content\/uploads\/2024\/03\/OBRA-EN-SEPTIMO-TIEMPO-ANTES-DE-VOLVER-FRANCO-OVIEDO-1024x682.jpg 1024w, https:\/\/dev.antudigital.cl\/sites\/vc\/wp-content\/uploads\/2024\/03\/OBRA-EN-SEPTIMO-TIEMPO-ANTES-DE-VOLVER-FRANCO-OVIEDO-300x200.jpg 300w, https:\/\/dev.antudigital.cl\/sites\/vc\/wp-content\/uploads\/2024\/03\/OBRA-EN-SEPTIMO-TIEMPO-ANTES-DE-VOLVER-FRANCO-OVIEDO-768x511.jpg 768w, https:\/\/dev.antudigital.cl\/sites\/vc\/wp-content\/uploads\/2024\/03\/OBRA-EN-SEPTIMO-TIEMPO-ANTES-DE-VOLVER-FRANCO-OVIEDO-1536x1023.jpg 1536w, https:\/\/dev.antudigital.cl\/sites\/vc\/wp-content\/uploads\/2024\/03\/OBRA-EN-SEPTIMO-TIEMPO-ANTES-DE-VOLVER-FRANCO-OVIEDO-1080x719.jpg 1080w, https:\/\/dev.antudigital.cl\/sites\/vc\/wp-content\/uploads\/2024\/03\/OBRA-EN-SEPTIMO-TIEMPO-ANTES-DE-VOLVER-FRANCO-OVIEDO-1280x852.jpg 1280w, https:\/\/dev.antudigital.cl\/sites\/vc\/wp-content\/uploads\/2024\/03\/OBRA-EN-SEPTIMO-TIEMPO-ANTES-DE-VOLVER-FRANCO-OVIEDO-980x653.jpg 980w, https:\/\/dev.antudigital.cl\/sites\/vc\/wp-content\/uploads\/2024\/03\/OBRA-EN-SEPTIMO-TIEMPO-ANTES-DE-VOLVER-FRANCO-OVIEDO-480x320.jpg 480w, https:\/\/dev.antudigital.cl\/sites\/vc\/wp-content\/uploads\/2024\/03\/OBRA-EN-SEPTIMO-TIEMPO-ANTES-DE-VOLVER-FRANCO-OVIEDO-24x16.jpg 24w, https:\/\/dev.antudigital.cl\/sites\/vc\/wp-content\/uploads\/2024\/03\/OBRA-EN-SEPTIMO-TIEMPO-ANTES-DE-VOLVER-FRANCO-OVIEDO-36x24.jpg 36w, https:\/\/dev.antudigital.cl\/sites\/vc\/wp-content\/uploads\/2024\/03\/OBRA-EN-SEPTIMO-TIEMPO-ANTES-DE-VOLVER-FRANCO-OVIEDO-48x32.jpg 48w, https:\/\/dev.antudigital.cl\/sites\/vc\/wp-content\/uploads\/2024\/03\/OBRA-EN-SEPTIMO-TIEMPO-ANTES-DE-VOLVER-FRANCO-OVIEDO.jpg 2000w\" sizes=\"(max-width: 1024px) 100vw, 1024px\" \/><\/figure>\n\n\n\n<p><strong>PROGRAMA: <\/strong><a href=\"http:\/\/www.hub-creativo.cl\">www.hub-creativo.cl<\/a>&nbsp;<\/p>\n\n\n\n<p><strong>REDES SOCIALES:<\/strong> <a href=\"https:\/\/linktr.ee\/hubcreativocl\">@hub.creativocl&nbsp;<\/a><strong>I<\/strong><\/p>\n\n\n\n<p><strong>NSCRIPCIONES GRATUITAS: <\/strong><a href=\"https:\/\/linktr.ee\/hubcreativocl\">Formulario<\/a><\/p>\n","protected":false},"excerpt":{"rendered":"<p>Destacadas pensadoras latinoamericanas, investigadores y artistas nacionales e internacionales, ser\u00e1n parte de este encuentro gratuito en Espacio La Compa\u00f1\u00eda. Fijado para los d\u00edas 28, 29 y 30 de marzo, en la ciudad de Valpara\u00edso, se realizar\u00e1 una nueva edici\u00f3n del evento impulsado por HUB Creativo. Se trata de la Conferencia Internacional de Arte, Ciencia y [&hellip;]<\/p>\n","protected":false},"author":1,"featured_media":18672,"comment_status":"closed","ping_status":"closed","sticky":false,"template":"","format":"standard","meta":{"_acf_changed":false,"footnotes":""},"categories":[1],"tags":[],"class_list":["post-18670","post","type-post","status-publish","format-standard","has-post-thumbnail","hentry","category-uncategorized"],"acf":[],"yoast_head":"<!-- This site is optimized with the Yoast SEO plugin v27.1.1 - https:\/\/yoast.com\/product\/yoast-seo-wordpress\/ -->\n<title>Hub Creativo: El evento que pone al centro el cruce entre arte, ciencia y tecnolog\u00eda en Valpara\u00edso - Valpara\u00ed\u00adso Creativo<\/title>\n<meta name=\"robots\" content=\"index, follow, max-snippet:-1, max-image-preview:large, max-video-preview:-1\" \/>\n<link rel=\"canonical\" href=\"https:\/\/dev.antudigital.cl\/sites\/vc\/hub-creativo-el-evento-que-pone-al-centro-el-cruce-entre-arte-ciencia-y-tecnologia-en-valparaiso\/\" \/>\n<meta property=\"og:locale\" content=\"es_ES\" \/>\n<meta property=\"og:type\" content=\"article\" \/>\n<meta property=\"og:title\" content=\"Hub Creativo: El evento que pone al centro el cruce entre arte, ciencia y tecnolog\u00eda en Valpara\u00edso - Valpara\u00ed\u00adso Creativo\" \/>\n<meta property=\"og:description\" content=\"Destacadas pensadoras latinoamericanas, investigadores y artistas nacionales e internacionales, ser\u00e1n parte de este encuentro gratuito en Espacio La Compa\u00f1\u00eda. Fijado para los d\u00edas 28, 29 y 30 de marzo, en la ciudad de Valpara\u00edso, se realizar\u00e1 una nueva edici\u00f3n del evento impulsado por HUB Creativo. Se trata de la Conferencia Internacional de Arte, Ciencia y [&hellip;]\" \/>\n<meta property=\"og:url\" content=\"https:\/\/dev.antudigital.cl\/sites\/vc\/hub-creativo-el-evento-que-pone-al-centro-el-cruce-entre-arte-ciencia-y-tecnologia-en-valparaiso\/\" \/>\n<meta property=\"og:site_name\" content=\"Valpara\u00ed\u00adso Creativo\" \/>\n<meta property=\"article:published_time\" content=\"2024-03-25T18:14:20+00:00\" \/>\n<meta property=\"article:modified_time\" content=\"2024-03-25T18:14:26+00:00\" \/>\n<meta property=\"og:image\" content=\"https:\/\/dev.antudigital.cl\/sites\/vc\/wp-content\/uploads\/2024\/03\/BANNER-copia-1.jpg\" \/>\n\t<meta property=\"og:image:width\" content=\"1400\" \/>\n\t<meta property=\"og:image:height\" content=\"700\" \/>\n\t<meta property=\"og:image:type\" content=\"image\/jpeg\" \/>\n<meta name=\"author\" content=\"Valpara\u00edso Creativo\" \/>\n<meta name=\"twitter:card\" content=\"summary_large_image\" \/>\n<meta name=\"twitter:label1\" content=\"Escrito por\" \/>\n\t<meta name=\"twitter:data1\" content=\"Valpara\u00edso Creativo\" \/>\n\t<meta name=\"twitter:label2\" content=\"Tiempo de lectura\" \/>\n\t<meta name=\"twitter:data2\" content=\"6 minutos\" \/>\n<script type=\"application\/ld+json\" class=\"yoast-schema-graph\">{\"@context\":\"https:\/\/schema.org\",\"@graph\":[{\"@type\":\"Article\",\"@id\":\"https:\/\/dev.antudigital.cl\/sites\/vc\/hub-creativo-el-evento-que-pone-al-centro-el-cruce-entre-arte-ciencia-y-tecnologia-en-valparaiso\/#article\",\"isPartOf\":{\"@id\":\"https:\/\/dev.antudigital.cl\/sites\/vc\/hub-creativo-el-evento-que-pone-al-centro-el-cruce-entre-arte-ciencia-y-tecnologia-en-valparaiso\/\"},\"author\":{\"name\":\"Valpara\u00edso Creativo\",\"@id\":\"https:\/\/dev.antudigital.cl\/sites\/vc\/#\/schema\/person\/c2b9da8dd545e27166fc5ab232837318\"},\"headline\":\"Hub Creativo: El evento que pone al centro el cruce entre arte, ciencia y tecnolog\u00eda en Valpara\u00edso\",\"datePublished\":\"2024-03-25T18:14:20+00:00\",\"dateModified\":\"2024-03-25T18:14:26+00:00\",\"mainEntityOfPage\":{\"@id\":\"https:\/\/dev.antudigital.cl\/sites\/vc\/hub-creativo-el-evento-que-pone-al-centro-el-cruce-entre-arte-ciencia-y-tecnologia-en-valparaiso\/\"},\"wordCount\":1030,\"image\":{\"@id\":\"https:\/\/dev.antudigital.cl\/sites\/vc\/hub-creativo-el-evento-que-pone-al-centro-el-cruce-entre-arte-ciencia-y-tecnologia-en-valparaiso\/#primaryimage\"},\"thumbnailUrl\":\"https:\/\/dev.antudigital.cl\/sites\/vc\/wp-content\/uploads\/2024\/03\/BANNER-copia-1.jpg\",\"articleSection\":[\"Uncategorized\"],\"inLanguage\":\"es\"},{\"@type\":\"WebPage\",\"@id\":\"https:\/\/dev.antudigital.cl\/sites\/vc\/hub-creativo-el-evento-que-pone-al-centro-el-cruce-entre-arte-ciencia-y-tecnologia-en-valparaiso\/\",\"url\":\"https:\/\/dev.antudigital.cl\/sites\/vc\/hub-creativo-el-evento-que-pone-al-centro-el-cruce-entre-arte-ciencia-y-tecnologia-en-valparaiso\/\",\"name\":\"Hub Creativo: El evento que pone al centro el cruce entre arte, ciencia y tecnolog\u00eda en Valpara\u00edso - Valpara\u00ed\u00adso Creativo\",\"isPartOf\":{\"@id\":\"https:\/\/dev.antudigital.cl\/sites\/vc\/#website\"},\"primaryImageOfPage\":{\"@id\":\"https:\/\/dev.antudigital.cl\/sites\/vc\/hub-creativo-el-evento-que-pone-al-centro-el-cruce-entre-arte-ciencia-y-tecnologia-en-valparaiso\/#primaryimage\"},\"image\":{\"@id\":\"https:\/\/dev.antudigital.cl\/sites\/vc\/hub-creativo-el-evento-que-pone-al-centro-el-cruce-entre-arte-ciencia-y-tecnologia-en-valparaiso\/#primaryimage\"},\"thumbnailUrl\":\"https:\/\/dev.antudigital.cl\/sites\/vc\/wp-content\/uploads\/2024\/03\/BANNER-copia-1.jpg\",\"datePublished\":\"2024-03-25T18:14:20+00:00\",\"dateModified\":\"2024-03-25T18:14:26+00:00\",\"author\":{\"@id\":\"https:\/\/dev.antudigital.cl\/sites\/vc\/#\/schema\/person\/c2b9da8dd545e27166fc5ab232837318\"},\"breadcrumb\":{\"@id\":\"https:\/\/dev.antudigital.cl\/sites\/vc\/hub-creativo-el-evento-que-pone-al-centro-el-cruce-entre-arte-ciencia-y-tecnologia-en-valparaiso\/#breadcrumb\"},\"inLanguage\":\"es\",\"potentialAction\":[{\"@type\":\"ReadAction\",\"target\":[\"https:\/\/dev.antudigital.cl\/sites\/vc\/hub-creativo-el-evento-que-pone-al-centro-el-cruce-entre-arte-ciencia-y-tecnologia-en-valparaiso\/\"]}]},{\"@type\":\"ImageObject\",\"inLanguage\":\"es\",\"@id\":\"https:\/\/dev.antudigital.cl\/sites\/vc\/hub-creativo-el-evento-que-pone-al-centro-el-cruce-entre-arte-ciencia-y-tecnologia-en-valparaiso\/#primaryimage\",\"url\":\"https:\/\/dev.antudigital.cl\/sites\/vc\/wp-content\/uploads\/2024\/03\/BANNER-copia-1.jpg\",\"contentUrl\":\"https:\/\/dev.antudigital.cl\/sites\/vc\/wp-content\/uploads\/2024\/03\/BANNER-copia-1.jpg\",\"width\":1400,\"height\":700},{\"@type\":\"BreadcrumbList\",\"@id\":\"https:\/\/dev.antudigital.cl\/sites\/vc\/hub-creativo-el-evento-que-pone-al-centro-el-cruce-entre-arte-ciencia-y-tecnologia-en-valparaiso\/#breadcrumb\",\"itemListElement\":[{\"@type\":\"ListItem\",\"position\":1,\"name\":\"Home\",\"item\":\"https:\/\/dev.antudigital.cl\/sites\/vc\/\"},{\"@type\":\"ListItem\",\"position\":2,\"name\":\"Hub Creativo: El evento que pone al centro el cruce entre arte, ciencia y tecnolog\u00eda en Valpara\u00edso\"}]},{\"@type\":\"WebSite\",\"@id\":\"https:\/\/dev.antudigital.cl\/sites\/vc\/#website\",\"url\":\"https:\/\/dev.antudigital.cl\/sites\/vc\/\",\"name\":\"Valpara\u00ed\u00adso Creativo\",\"description\":\"\",\"potentialAction\":[{\"@type\":\"SearchAction\",\"target\":{\"@type\":\"EntryPoint\",\"urlTemplate\":\"https:\/\/dev.antudigital.cl\/sites\/vc\/?s={search_term_string}\"},\"query-input\":{\"@type\":\"PropertyValueSpecification\",\"valueRequired\":true,\"valueName\":\"search_term_string\"}}],\"inLanguage\":\"es\"},{\"@type\":\"Person\",\"@id\":\"https:\/\/dev.antudigital.cl\/sites\/vc\/#\/schema\/person\/c2b9da8dd545e27166fc5ab232837318\",\"name\":\"Valpara\u00edso Creativo\",\"description\":\"Periodista de cultura en la Regi\u00f3n de Valpara\u00edso.\",\"url\":\"https:\/\/dev.antudigital.cl\/sites\/vc\/author\/valpoadmin\/\"}]}<\/script>\n<!-- \/ Yoast SEO plugin. -->","yoast_head_json":{"title":"Hub Creativo: El evento que pone al centro el cruce entre arte, ciencia y tecnolog\u00eda en Valpara\u00edso - Valpara\u00ed\u00adso Creativo","robots":{"index":"index","follow":"follow","max-snippet":"max-snippet:-1","max-image-preview":"max-image-preview:large","max-video-preview":"max-video-preview:-1"},"canonical":"https:\/\/dev.antudigital.cl\/sites\/vc\/hub-creativo-el-evento-que-pone-al-centro-el-cruce-entre-arte-ciencia-y-tecnologia-en-valparaiso\/","og_locale":"es_ES","og_type":"article","og_title":"Hub Creativo: El evento que pone al centro el cruce entre arte, ciencia y tecnolog\u00eda en Valpara\u00edso - Valpara\u00ed\u00adso Creativo","og_description":"Destacadas pensadoras latinoamericanas, investigadores y artistas nacionales e internacionales, ser\u00e1n parte de este encuentro gratuito en Espacio La Compa\u00f1\u00eda. Fijado para los d\u00edas 28, 29 y 30 de marzo, en la ciudad de Valpara\u00edso, se realizar\u00e1 una nueva edici\u00f3n del evento impulsado por HUB Creativo. Se trata de la Conferencia Internacional de Arte, Ciencia y [&hellip;]","og_url":"https:\/\/dev.antudigital.cl\/sites\/vc\/hub-creativo-el-evento-que-pone-al-centro-el-cruce-entre-arte-ciencia-y-tecnologia-en-valparaiso\/","og_site_name":"Valpara\u00ed\u00adso Creativo","article_published_time":"2024-03-25T18:14:20+00:00","article_modified_time":"2024-03-25T18:14:26+00:00","og_image":[{"width":1400,"height":700,"url":"https:\/\/dev.antudigital.cl\/sites\/vc\/wp-content\/uploads\/2024\/03\/BANNER-copia-1.jpg","type":"image\/jpeg"}],"author":"Valpara\u00edso Creativo","twitter_card":"summary_large_image","twitter_misc":{"Escrito por":"Valpara\u00edso Creativo","Tiempo de lectura":"6 minutos"},"schema":{"@context":"https:\/\/schema.org","@graph":[{"@type":"Article","@id":"https:\/\/dev.antudigital.cl\/sites\/vc\/hub-creativo-el-evento-que-pone-al-centro-el-cruce-entre-arte-ciencia-y-tecnologia-en-valparaiso\/#article","isPartOf":{"@id":"https:\/\/dev.antudigital.cl\/sites\/vc\/hub-creativo-el-evento-que-pone-al-centro-el-cruce-entre-arte-ciencia-y-tecnologia-en-valparaiso\/"},"author":{"name":"Valpara\u00edso Creativo","@id":"https:\/\/dev.antudigital.cl\/sites\/vc\/#\/schema\/person\/c2b9da8dd545e27166fc5ab232837318"},"headline":"Hub Creativo: El evento que pone al centro el cruce entre arte, ciencia y tecnolog\u00eda en Valpara\u00edso","datePublished":"2024-03-25T18:14:20+00:00","dateModified":"2024-03-25T18:14:26+00:00","mainEntityOfPage":{"@id":"https:\/\/dev.antudigital.cl\/sites\/vc\/hub-creativo-el-evento-que-pone-al-centro-el-cruce-entre-arte-ciencia-y-tecnologia-en-valparaiso\/"},"wordCount":1030,"image":{"@id":"https:\/\/dev.antudigital.cl\/sites\/vc\/hub-creativo-el-evento-que-pone-al-centro-el-cruce-entre-arte-ciencia-y-tecnologia-en-valparaiso\/#primaryimage"},"thumbnailUrl":"https:\/\/dev.antudigital.cl\/sites\/vc\/wp-content\/uploads\/2024\/03\/BANNER-copia-1.jpg","articleSection":["Uncategorized"],"inLanguage":"es"},{"@type":"WebPage","@id":"https:\/\/dev.antudigital.cl\/sites\/vc\/hub-creativo-el-evento-que-pone-al-centro-el-cruce-entre-arte-ciencia-y-tecnologia-en-valparaiso\/","url":"https:\/\/dev.antudigital.cl\/sites\/vc\/hub-creativo-el-evento-que-pone-al-centro-el-cruce-entre-arte-ciencia-y-tecnologia-en-valparaiso\/","name":"Hub Creativo: El evento que pone al centro el cruce entre arte, ciencia y tecnolog\u00eda en Valpara\u00edso - Valpara\u00ed\u00adso Creativo","isPartOf":{"@id":"https:\/\/dev.antudigital.cl\/sites\/vc\/#website"},"primaryImageOfPage":{"@id":"https:\/\/dev.antudigital.cl\/sites\/vc\/hub-creativo-el-evento-que-pone-al-centro-el-cruce-entre-arte-ciencia-y-tecnologia-en-valparaiso\/#primaryimage"},"image":{"@id":"https:\/\/dev.antudigital.cl\/sites\/vc\/hub-creativo-el-evento-que-pone-al-centro-el-cruce-entre-arte-ciencia-y-tecnologia-en-valparaiso\/#primaryimage"},"thumbnailUrl":"https:\/\/dev.antudigital.cl\/sites\/vc\/wp-content\/uploads\/2024\/03\/BANNER-copia-1.jpg","datePublished":"2024-03-25T18:14:20+00:00","dateModified":"2024-03-25T18:14:26+00:00","author":{"@id":"https:\/\/dev.antudigital.cl\/sites\/vc\/#\/schema\/person\/c2b9da8dd545e27166fc5ab232837318"},"breadcrumb":{"@id":"https:\/\/dev.antudigital.cl\/sites\/vc\/hub-creativo-el-evento-que-pone-al-centro-el-cruce-entre-arte-ciencia-y-tecnologia-en-valparaiso\/#breadcrumb"},"inLanguage":"es","potentialAction":[{"@type":"ReadAction","target":["https:\/\/dev.antudigital.cl\/sites\/vc\/hub-creativo-el-evento-que-pone-al-centro-el-cruce-entre-arte-ciencia-y-tecnologia-en-valparaiso\/"]}]},{"@type":"ImageObject","inLanguage":"es","@id":"https:\/\/dev.antudigital.cl\/sites\/vc\/hub-creativo-el-evento-que-pone-al-centro-el-cruce-entre-arte-ciencia-y-tecnologia-en-valparaiso\/#primaryimage","url":"https:\/\/dev.antudigital.cl\/sites\/vc\/wp-content\/uploads\/2024\/03\/BANNER-copia-1.jpg","contentUrl":"https:\/\/dev.antudigital.cl\/sites\/vc\/wp-content\/uploads\/2024\/03\/BANNER-copia-1.jpg","width":1400,"height":700},{"@type":"BreadcrumbList","@id":"https:\/\/dev.antudigital.cl\/sites\/vc\/hub-creativo-el-evento-que-pone-al-centro-el-cruce-entre-arte-ciencia-y-tecnologia-en-valparaiso\/#breadcrumb","itemListElement":[{"@type":"ListItem","position":1,"name":"Home","item":"https:\/\/dev.antudigital.cl\/sites\/vc\/"},{"@type":"ListItem","position":2,"name":"Hub Creativo: El evento que pone al centro el cruce entre arte, ciencia y tecnolog\u00eda en Valpara\u00edso"}]},{"@type":"WebSite","@id":"https:\/\/dev.antudigital.cl\/sites\/vc\/#website","url":"https:\/\/dev.antudigital.cl\/sites\/vc\/","name":"Valpara\u00ed\u00adso Creativo","description":"","potentialAction":[{"@type":"SearchAction","target":{"@type":"EntryPoint","urlTemplate":"https:\/\/dev.antudigital.cl\/sites\/vc\/?s={search_term_string}"},"query-input":{"@type":"PropertyValueSpecification","valueRequired":true,"valueName":"search_term_string"}}],"inLanguage":"es"},{"@type":"Person","@id":"https:\/\/dev.antudigital.cl\/sites\/vc\/#\/schema\/person\/c2b9da8dd545e27166fc5ab232837318","name":"Valpara\u00edso Creativo","description":"Periodista de cultura en la Regi\u00f3n de Valpara\u00edso.","url":"https:\/\/dev.antudigital.cl\/sites\/vc\/author\/valpoadmin\/"}]}},"_links":{"self":[{"href":"https:\/\/dev.antudigital.cl\/sites\/vc\/wp-json\/wp\/v2\/posts\/18670","targetHints":{"allow":["GET"]}}],"collection":[{"href":"https:\/\/dev.antudigital.cl\/sites\/vc\/wp-json\/wp\/v2\/posts"}],"about":[{"href":"https:\/\/dev.antudigital.cl\/sites\/vc\/wp-json\/wp\/v2\/types\/post"}],"author":[{"embeddable":true,"href":"https:\/\/dev.antudigital.cl\/sites\/vc\/wp-json\/wp\/v2\/users\/1"}],"replies":[{"embeddable":true,"href":"https:\/\/dev.antudigital.cl\/sites\/vc\/wp-json\/wp\/v2\/comments?post=18670"}],"version-history":[{"count":2,"href":"https:\/\/dev.antudigital.cl\/sites\/vc\/wp-json\/wp\/v2\/posts\/18670\/revisions"}],"predecessor-version":[{"id":18676,"href":"https:\/\/dev.antudigital.cl\/sites\/vc\/wp-json\/wp\/v2\/posts\/18670\/revisions\/18676"}],"wp:featuredmedia":[{"embeddable":true,"href":"https:\/\/dev.antudigital.cl\/sites\/vc\/wp-json\/wp\/v2\/media\/18672"}],"wp:attachment":[{"href":"https:\/\/dev.antudigital.cl\/sites\/vc\/wp-json\/wp\/v2\/media?parent=18670"}],"wp:term":[{"taxonomy":"category","embeddable":true,"href":"https:\/\/dev.antudigital.cl\/sites\/vc\/wp-json\/wp\/v2\/categories?post=18670"},{"taxonomy":"post_tag","embeddable":true,"href":"https:\/\/dev.antudigital.cl\/sites\/vc\/wp-json\/wp\/v2\/tags?post=18670"}],"curies":[{"name":"wp","href":"https:\/\/api.w.org\/{rel}","templated":true}]}}