{"id":18678,"date":"2024-03-25T18:19:51","date_gmt":"2024-03-25T18:19:51","guid":{"rendered":"https:\/\/www.valparaisocreativo.cl\/?p=18678"},"modified":"2024-03-25T18:19:58","modified_gmt":"2024-03-25T18:19:58","slug":"anuncian-feria-sobremesa-edicion-solidaria-para-el-proximo-fin-de-semana-largo-en-el-sporting-club","status":"publish","type":"post","link":"https:\/\/dev.antudigital.cl\/sites\/vc\/anuncian-feria-sobremesa-edicion-solidaria-para-el-proximo-fin-de-semana-largo-en-el-sporting-club\/","title":{"rendered":"Anuncian Feria Sobremesa Edici\u00f3n Solidaria para el pr\u00f3ximo fin de semana largo en el Sporting Club"},"content":{"rendered":"\n<p><strong><em>El s\u00e1bado 30 y domingo 31 de marzo vuelve a Vi\u00f1a del Mar, la feria gastron\u00f3mica m\u00e1s importante de la regi\u00f3n de Valpara\u00edso, en su d\u00e9cima versi\u00f3n y con un especial de Semana Santa.<\/em><\/strong><\/p>\n\n\n\n<p>Con la presencia de la Subsecretaria de Turismo, Ver\u00f3nica Pardo, junto a autoridades regionales y de la comuna, representantes de la organizaci\u00f3n de Sobremesa y de Duoc UC Sede Valpara\u00edso, a trav\u00e9s de un punto de prensa que tuvo lugar, el jueves 21 de marzo, en el Sporting Club, anunciaron el panorama del primer fin de semana largo del a\u00f1o en Vi\u00f1a del Mar es \u201cSobremesa\u201d, evento cuya recaudaci\u00f3n de entradas ir\u00e1 en ayuda de los damnificados de los incendios en un 100%.<\/p>\n\n\n\n<p>Esta feria promete actividades durante todo el d\u00eda y para toda la familia, como m\u00fasica, concursos, charlas, que se complementar\u00e1n con la oferta de m\u00e1s de 100 pymes y exponentes gastron\u00f3micos de la regi\u00f3n dentro de estas: Natural Bohio, Empanadas Luc\u00eda, Tan\u00fa Helados y Valpo Ramen, quienes se presentar\u00e1n sus propuestas gastron\u00f3micas en este evento por primera vez.<\/p>\n\n\n\n<p>Durante el punto de prensa, la Subsecretaria de Turismo, expres\u00f3 que: \u201cEsta va a ser una fiesta de encuentro, familiar, donde el p\u00fablico adem\u00e1s de disfrutar y probar una variada oferta gastron\u00f3mica podr\u00e1 aportar y ser solidarios en el primer fin de semana largo del a\u00f1o, en la regi\u00f3n que m\u00e1s espera recibir viajeros para la semana santa\u201d.<\/p>\n\n\n\n<p>Pablo Pizarro, Director de Turismo de la I. Municipalidad de Vi\u00f1a del Mar, indic\u00f3 que \u201cestamos felices que Sobremesa vuelva a Vi\u00f1a del Mar, la ciudad que la vio nacer la feria. Adem\u00e1s, esta edici\u00f3n es de car\u00e1cter solidario y va en ayuda directa a las personas damnificadas, ya que las necesidades son amplias\u201d, agregando que \u201cel municipio dispondr\u00e1 de los buses de turismo para trasladar a los asistentes a Sobremesa y acercarlos desde el Teatro Municipal\u201d.<\/p>\n\n\n\n<p>Javier \u00c1lvarez, representante de la Organizaci\u00f3n de Sobremesa, asever\u00f3 que: \u201cEl esp\u00edritu de esta feria es apoyar a los damnificados del incendio, adem\u00e1s de generar m\u00e1s de 1.500 empleos durante estos dos d\u00edas de evento, pudiendo ayudar a levantar a la regi\u00f3n con una actividad para toda la familia, incluidos las mascotas, siendo un panorama entretenido que adem\u00e1s es amigable con el medio ambiente\u201d.<\/p>\n\n\n\n<p>Como ya es tradici\u00f3n, Duoc UC Sede Valpara\u00edso nuevamente colabora con la realizaci\u00f3n de la feria a trav\u00e9s de la participaci\u00f3n de sus estudiantes de las Escuelas de Gastronom\u00eda y Turismo. En tanto, la Directora de Carreras de la Escuela de Gastronom\u00eda, Soledad Venegas, coment\u00f3 que: \u201cSobremesa es una instancia de vinculaci\u00f3n con el medio, donde nuestros estudiantes tienen la posibilidad de poner en pr\u00e1ctica sus habilidades y competencias en apoyo a los emprendedores, adem\u00e1s de apoyar en una iniciativa solidaria en la que estaremos presentes junto a docentes de nuestras carreras con cavas y tertulias gastron\u00f3micas\u201d.<\/p>\n\n\n\n<p>Sobremesa tambi\u00e9n es amigable para las mascotas, ya que tal como en todas sus ediciones anteriores, se permite ingresar con ellas. Por otro lado, la feria tiene una marcada preocupaci\u00f3n por el medio ambiente, priorizando la utilizaci\u00f3n de envases biodegradables y vasos reutilizables, como tambi\u00e9n la limpieza total del entorno, una vez terminada la festividad.<\/p>\n\n\n\n<p>Finalmente, Eduardo Urriola, uno de los emprendedores que participar\u00e1 en con su stand y que adem\u00e1s ser\u00e1 beneficiado por sobremesa, coment\u00f3 que: \u201cEsta feria es darnos la mano entre los amigos y cada una de las familias que lo perdimos todo. Con Sobremesa yo voy a dar vuelta la p\u00e1gina, por lo que espero que convoquemos mucha gente para que todos juntos salgamos adelante y acciones como esta nos encaminan a esto\u201d, concluy\u00f3.<\/p>\n\n\n\n<p>La invitaci\u00f3n queda hecha para s\u00e1bado 30 y domingo 31 de marzo el 12:00 a 21:00 hrs, en Sector de las Caballerizas del Sporting Club de Vi\u00f1a del Mar. La venta de entradas para los tres d\u00edas, se pueden adquirir a trav\u00e9s de www.vesti.cl.<\/p>\n\n\n\n<p>Para consultas o mayor informaci\u00f3n, dir\u00edjase a www.feriasobremesa.cl o a feriasobremesa, en Instagram y Facebook.<\/p>\n\n\n\n<figure class=\"wp-block-image size-full\"><img fetchpriority=\"high\" decoding=\"async\" width=\"624\" height=\"623\" src=\"https:\/\/www.valparaisocreativo.cl\/wp-content\/uploads\/2024\/03\/Captura-de-Pantalla-2024-03-25-a-las-15.19.18.png\" alt=\"\" class=\"wp-image-18680\" srcset=\"https:\/\/dev.antudigital.cl\/sites\/vc\/wp-content\/uploads\/2024\/03\/Captura-de-Pantalla-2024-03-25-a-las-15.19.18.png 624w, https:\/\/dev.antudigital.cl\/sites\/vc\/wp-content\/uploads\/2024\/03\/Captura-de-Pantalla-2024-03-25-a-las-15.19.18-300x300.png 300w, https:\/\/dev.antudigital.cl\/sites\/vc\/wp-content\/uploads\/2024\/03\/Captura-de-Pantalla-2024-03-25-a-las-15.19.18-150x150.png 150w, https:\/\/dev.antudigital.cl\/sites\/vc\/wp-content\/uploads\/2024\/03\/Captura-de-Pantalla-2024-03-25-a-las-15.19.18-480x479.png 480w, https:\/\/dev.antudigital.cl\/sites\/vc\/wp-content\/uploads\/2024\/03\/Captura-de-Pantalla-2024-03-25-a-las-15.19.18-24x24.png 24w, https:\/\/dev.antudigital.cl\/sites\/vc\/wp-content\/uploads\/2024\/03\/Captura-de-Pantalla-2024-03-25-a-las-15.19.18-36x36.png 36w, https:\/\/dev.antudigital.cl\/sites\/vc\/wp-content\/uploads\/2024\/03\/Captura-de-Pantalla-2024-03-25-a-las-15.19.18-48x48.png 48w\" sizes=\"(max-width: 624px) 100vw, 624px\" \/><\/figure>\n","protected":false},"excerpt":{"rendered":"<p>El s\u00e1bado 30 y domingo 31 de marzo vuelve a Vi\u00f1a del Mar, la feria gastron\u00f3mica m\u00e1s importante de la regi\u00f3n de Valpara\u00edso, en su d\u00e9cima versi\u00f3n y con un especial de Semana Santa. Con la presencia de la Subsecretaria de Turismo, Ver\u00f3nica Pardo, junto a autoridades regionales y de la comuna, representantes de la [&hellip;]<\/p>\n","protected":false},"author":1,"featured_media":18679,"comment_status":"closed","ping_status":"closed","sticky":false,"template":"","format":"standard","meta":{"_acf_changed":false,"footnotes":""},"categories":[1],"tags":[],"class_list":["post-18678","post","type-post","status-publish","format-standard","has-post-thumbnail","hentry","category-uncategorized"],"acf":[],"yoast_head":"<!-- This site is optimized with the Yoast SEO plugin v27.1.1 - https:\/\/yoast.com\/product\/yoast-seo-wordpress\/ -->\n<title>Anuncian Feria Sobremesa Edici\u00f3n Solidaria para el pr\u00f3ximo fin de semana largo en el Sporting Club - Valpara\u00ed\u00adso Creativo<\/title>\n<meta name=\"robots\" content=\"index, follow, max-snippet:-1, max-image-preview:large, max-video-preview:-1\" \/>\n<link rel=\"canonical\" href=\"https:\/\/dev.antudigital.cl\/sites\/vc\/anuncian-feria-sobremesa-edicion-solidaria-para-el-proximo-fin-de-semana-largo-en-el-sporting-club\/\" \/>\n<meta property=\"og:locale\" content=\"es_ES\" \/>\n<meta property=\"og:type\" content=\"article\" \/>\n<meta property=\"og:title\" content=\"Anuncian Feria Sobremesa Edici\u00f3n Solidaria para el pr\u00f3ximo fin de semana largo en el Sporting Club - Valpara\u00ed\u00adso Creativo\" \/>\n<meta property=\"og:description\" content=\"El s\u00e1bado 30 y domingo 31 de marzo vuelve a Vi\u00f1a del Mar, la feria gastron\u00f3mica m\u00e1s importante de la regi\u00f3n de Valpara\u00edso, en su d\u00e9cima versi\u00f3n y con un especial de Semana Santa. Con la presencia de la Subsecretaria de Turismo, Ver\u00f3nica Pardo, junto a autoridades regionales y de la comuna, representantes de la [&hellip;]\" \/>\n<meta property=\"og:url\" content=\"https:\/\/dev.antudigital.cl\/sites\/vc\/anuncian-feria-sobremesa-edicion-solidaria-para-el-proximo-fin-de-semana-largo-en-el-sporting-club\/\" \/>\n<meta property=\"og:site_name\" content=\"Valpara\u00ed\u00adso Creativo\" \/>\n<meta property=\"article:published_time\" content=\"2024-03-25T18:19:51+00:00\" \/>\n<meta property=\"article:modified_time\" content=\"2024-03-25T18:19:58+00:00\" \/>\n<meta property=\"og:image\" content=\"https:\/\/dev.antudigital.cl\/sites\/vc\/wp-content\/uploads\/2024\/03\/sobremesa-2-1920x600-1.jpeg\" \/>\n\t<meta property=\"og:image:width\" content=\"1920\" \/>\n\t<meta property=\"og:image:height\" content=\"600\" \/>\n\t<meta property=\"og:image:type\" content=\"image\/jpeg\" \/>\n<meta name=\"author\" content=\"Valpara\u00edso Creativo\" \/>\n<meta name=\"twitter:card\" content=\"summary_large_image\" \/>\n<meta name=\"twitter:label1\" content=\"Escrito por\" \/>\n\t<meta name=\"twitter:data1\" content=\"Valpara\u00edso Creativo\" \/>\n\t<meta name=\"twitter:label2\" content=\"Tiempo de lectura\" \/>\n\t<meta name=\"twitter:data2\" content=\"4 minutos\" \/>\n<script type=\"application\/ld+json\" class=\"yoast-schema-graph\">{\"@context\":\"https:\/\/schema.org\",\"@graph\":[{\"@type\":\"Article\",\"@id\":\"https:\/\/dev.antudigital.cl\/sites\/vc\/anuncian-feria-sobremesa-edicion-solidaria-para-el-proximo-fin-de-semana-largo-en-el-sporting-club\/#article\",\"isPartOf\":{\"@id\":\"https:\/\/dev.antudigital.cl\/sites\/vc\/anuncian-feria-sobremesa-edicion-solidaria-para-el-proximo-fin-de-semana-largo-en-el-sporting-club\/\"},\"author\":{\"name\":\"Valpara\u00edso Creativo\",\"@id\":\"https:\/\/dev.antudigital.cl\/sites\/vc\/#\/schema\/person\/c2b9da8dd545e27166fc5ab232837318\"},\"headline\":\"Anuncian Feria Sobremesa Edici\u00f3n Solidaria para el pr\u00f3ximo fin de semana largo en el Sporting Club\",\"datePublished\":\"2024-03-25T18:19:51+00:00\",\"dateModified\":\"2024-03-25T18:19:58+00:00\",\"mainEntityOfPage\":{\"@id\":\"https:\/\/dev.antudigital.cl\/sites\/vc\/anuncian-feria-sobremesa-edicion-solidaria-para-el-proximo-fin-de-semana-largo-en-el-sporting-club\/\"},\"wordCount\":736,\"image\":{\"@id\":\"https:\/\/dev.antudigital.cl\/sites\/vc\/anuncian-feria-sobremesa-edicion-solidaria-para-el-proximo-fin-de-semana-largo-en-el-sporting-club\/#primaryimage\"},\"thumbnailUrl\":\"https:\/\/dev.antudigital.cl\/sites\/vc\/wp-content\/uploads\/2024\/03\/sobremesa-2-1920x600-1.jpeg\",\"articleSection\":[\"Uncategorized\"],\"inLanguage\":\"es\"},{\"@type\":\"WebPage\",\"@id\":\"https:\/\/dev.antudigital.cl\/sites\/vc\/anuncian-feria-sobremesa-edicion-solidaria-para-el-proximo-fin-de-semana-largo-en-el-sporting-club\/\",\"url\":\"https:\/\/dev.antudigital.cl\/sites\/vc\/anuncian-feria-sobremesa-edicion-solidaria-para-el-proximo-fin-de-semana-largo-en-el-sporting-club\/\",\"name\":\"Anuncian Feria Sobremesa Edici\u00f3n Solidaria para el pr\u00f3ximo fin de semana largo en el Sporting Club - Valpara\u00ed\u00adso Creativo\",\"isPartOf\":{\"@id\":\"https:\/\/dev.antudigital.cl\/sites\/vc\/#website\"},\"primaryImageOfPage\":{\"@id\":\"https:\/\/dev.antudigital.cl\/sites\/vc\/anuncian-feria-sobremesa-edicion-solidaria-para-el-proximo-fin-de-semana-largo-en-el-sporting-club\/#primaryimage\"},\"image\":{\"@id\":\"https:\/\/dev.antudigital.cl\/sites\/vc\/anuncian-feria-sobremesa-edicion-solidaria-para-el-proximo-fin-de-semana-largo-en-el-sporting-club\/#primaryimage\"},\"thumbnailUrl\":\"https:\/\/dev.antudigital.cl\/sites\/vc\/wp-content\/uploads\/2024\/03\/sobremesa-2-1920x600-1.jpeg\",\"datePublished\":\"2024-03-25T18:19:51+00:00\",\"dateModified\":\"2024-03-25T18:19:58+00:00\",\"author\":{\"@id\":\"https:\/\/dev.antudigital.cl\/sites\/vc\/#\/schema\/person\/c2b9da8dd545e27166fc5ab232837318\"},\"breadcrumb\":{\"@id\":\"https:\/\/dev.antudigital.cl\/sites\/vc\/anuncian-feria-sobremesa-edicion-solidaria-para-el-proximo-fin-de-semana-largo-en-el-sporting-club\/#breadcrumb\"},\"inLanguage\":\"es\",\"potentialAction\":[{\"@type\":\"ReadAction\",\"target\":[\"https:\/\/dev.antudigital.cl\/sites\/vc\/anuncian-feria-sobremesa-edicion-solidaria-para-el-proximo-fin-de-semana-largo-en-el-sporting-club\/\"]}]},{\"@type\":\"ImageObject\",\"inLanguage\":\"es\",\"@id\":\"https:\/\/dev.antudigital.cl\/sites\/vc\/anuncian-feria-sobremesa-edicion-solidaria-para-el-proximo-fin-de-semana-largo-en-el-sporting-club\/#primaryimage\",\"url\":\"https:\/\/dev.antudigital.cl\/sites\/vc\/wp-content\/uploads\/2024\/03\/sobremesa-2-1920x600-1.jpeg\",\"contentUrl\":\"https:\/\/dev.antudigital.cl\/sites\/vc\/wp-content\/uploads\/2024\/03\/sobremesa-2-1920x600-1.jpeg\",\"width\":1920,\"height\":600},{\"@type\":\"BreadcrumbList\",\"@id\":\"https:\/\/dev.antudigital.cl\/sites\/vc\/anuncian-feria-sobremesa-edicion-solidaria-para-el-proximo-fin-de-semana-largo-en-el-sporting-club\/#breadcrumb\",\"itemListElement\":[{\"@type\":\"ListItem\",\"position\":1,\"name\":\"Home\",\"item\":\"https:\/\/dev.antudigital.cl\/sites\/vc\/\"},{\"@type\":\"ListItem\",\"position\":2,\"name\":\"Anuncian Feria Sobremesa Edici\u00f3n Solidaria para el pr\u00f3ximo fin de semana largo en el Sporting Club\"}]},{\"@type\":\"WebSite\",\"@id\":\"https:\/\/dev.antudigital.cl\/sites\/vc\/#website\",\"url\":\"https:\/\/dev.antudigital.cl\/sites\/vc\/\",\"name\":\"Valpara\u00ed\u00adso Creativo\",\"description\":\"\",\"potentialAction\":[{\"@type\":\"SearchAction\",\"target\":{\"@type\":\"EntryPoint\",\"urlTemplate\":\"https:\/\/dev.antudigital.cl\/sites\/vc\/?s={search_term_string}\"},\"query-input\":{\"@type\":\"PropertyValueSpecification\",\"valueRequired\":true,\"valueName\":\"search_term_string\"}}],\"inLanguage\":\"es\"},{\"@type\":\"Person\",\"@id\":\"https:\/\/dev.antudigital.cl\/sites\/vc\/#\/schema\/person\/c2b9da8dd545e27166fc5ab232837318\",\"name\":\"Valpara\u00edso Creativo\",\"description\":\"Periodista de cultura en la Regi\u00f3n de Valpara\u00edso.\",\"url\":\"https:\/\/dev.antudigital.cl\/sites\/vc\/author\/valpoadmin\/\"}]}<\/script>\n<!-- \/ Yoast SEO plugin. -->","yoast_head_json":{"title":"Anuncian Feria Sobremesa Edici\u00f3n Solidaria para el pr\u00f3ximo fin de semana largo en el Sporting Club - Valpara\u00ed\u00adso Creativo","robots":{"index":"index","follow":"follow","max-snippet":"max-snippet:-1","max-image-preview":"max-image-preview:large","max-video-preview":"max-video-preview:-1"},"canonical":"https:\/\/dev.antudigital.cl\/sites\/vc\/anuncian-feria-sobremesa-edicion-solidaria-para-el-proximo-fin-de-semana-largo-en-el-sporting-club\/","og_locale":"es_ES","og_type":"article","og_title":"Anuncian Feria Sobremesa Edici\u00f3n Solidaria para el pr\u00f3ximo fin de semana largo en el Sporting Club - Valpara\u00ed\u00adso Creativo","og_description":"El s\u00e1bado 30 y domingo 31 de marzo vuelve a Vi\u00f1a del Mar, la feria gastron\u00f3mica m\u00e1s importante de la regi\u00f3n de Valpara\u00edso, en su d\u00e9cima versi\u00f3n y con un especial de Semana Santa. Con la presencia de la Subsecretaria de Turismo, Ver\u00f3nica Pardo, junto a autoridades regionales y de la comuna, representantes de la [&hellip;]","og_url":"https:\/\/dev.antudigital.cl\/sites\/vc\/anuncian-feria-sobremesa-edicion-solidaria-para-el-proximo-fin-de-semana-largo-en-el-sporting-club\/","og_site_name":"Valpara\u00ed\u00adso Creativo","article_published_time":"2024-03-25T18:19:51+00:00","article_modified_time":"2024-03-25T18:19:58+00:00","og_image":[{"width":1920,"height":600,"url":"https:\/\/dev.antudigital.cl\/sites\/vc\/wp-content\/uploads\/2024\/03\/sobremesa-2-1920x600-1.jpeg","type":"image\/jpeg"}],"author":"Valpara\u00edso Creativo","twitter_card":"summary_large_image","twitter_misc":{"Escrito por":"Valpara\u00edso Creativo","Tiempo de lectura":"4 minutos"},"schema":{"@context":"https:\/\/schema.org","@graph":[{"@type":"Article","@id":"https:\/\/dev.antudigital.cl\/sites\/vc\/anuncian-feria-sobremesa-edicion-solidaria-para-el-proximo-fin-de-semana-largo-en-el-sporting-club\/#article","isPartOf":{"@id":"https:\/\/dev.antudigital.cl\/sites\/vc\/anuncian-feria-sobremesa-edicion-solidaria-para-el-proximo-fin-de-semana-largo-en-el-sporting-club\/"},"author":{"name":"Valpara\u00edso Creativo","@id":"https:\/\/dev.antudigital.cl\/sites\/vc\/#\/schema\/person\/c2b9da8dd545e27166fc5ab232837318"},"headline":"Anuncian Feria Sobremesa Edici\u00f3n Solidaria para el pr\u00f3ximo fin de semana largo en el Sporting Club","datePublished":"2024-03-25T18:19:51+00:00","dateModified":"2024-03-25T18:19:58+00:00","mainEntityOfPage":{"@id":"https:\/\/dev.antudigital.cl\/sites\/vc\/anuncian-feria-sobremesa-edicion-solidaria-para-el-proximo-fin-de-semana-largo-en-el-sporting-club\/"},"wordCount":736,"image":{"@id":"https:\/\/dev.antudigital.cl\/sites\/vc\/anuncian-feria-sobremesa-edicion-solidaria-para-el-proximo-fin-de-semana-largo-en-el-sporting-club\/#primaryimage"},"thumbnailUrl":"https:\/\/dev.antudigital.cl\/sites\/vc\/wp-content\/uploads\/2024\/03\/sobremesa-2-1920x600-1.jpeg","articleSection":["Uncategorized"],"inLanguage":"es"},{"@type":"WebPage","@id":"https:\/\/dev.antudigital.cl\/sites\/vc\/anuncian-feria-sobremesa-edicion-solidaria-para-el-proximo-fin-de-semana-largo-en-el-sporting-club\/","url":"https:\/\/dev.antudigital.cl\/sites\/vc\/anuncian-feria-sobremesa-edicion-solidaria-para-el-proximo-fin-de-semana-largo-en-el-sporting-club\/","name":"Anuncian Feria Sobremesa Edici\u00f3n Solidaria para el pr\u00f3ximo fin de semana largo en el Sporting Club - Valpara\u00ed\u00adso Creativo","isPartOf":{"@id":"https:\/\/dev.antudigital.cl\/sites\/vc\/#website"},"primaryImageOfPage":{"@id":"https:\/\/dev.antudigital.cl\/sites\/vc\/anuncian-feria-sobremesa-edicion-solidaria-para-el-proximo-fin-de-semana-largo-en-el-sporting-club\/#primaryimage"},"image":{"@id":"https:\/\/dev.antudigital.cl\/sites\/vc\/anuncian-feria-sobremesa-edicion-solidaria-para-el-proximo-fin-de-semana-largo-en-el-sporting-club\/#primaryimage"},"thumbnailUrl":"https:\/\/dev.antudigital.cl\/sites\/vc\/wp-content\/uploads\/2024\/03\/sobremesa-2-1920x600-1.jpeg","datePublished":"2024-03-25T18:19:51+00:00","dateModified":"2024-03-25T18:19:58+00:00","author":{"@id":"https:\/\/dev.antudigital.cl\/sites\/vc\/#\/schema\/person\/c2b9da8dd545e27166fc5ab232837318"},"breadcrumb":{"@id":"https:\/\/dev.antudigital.cl\/sites\/vc\/anuncian-feria-sobremesa-edicion-solidaria-para-el-proximo-fin-de-semana-largo-en-el-sporting-club\/#breadcrumb"},"inLanguage":"es","potentialAction":[{"@type":"ReadAction","target":["https:\/\/dev.antudigital.cl\/sites\/vc\/anuncian-feria-sobremesa-edicion-solidaria-para-el-proximo-fin-de-semana-largo-en-el-sporting-club\/"]}]},{"@type":"ImageObject","inLanguage":"es","@id":"https:\/\/dev.antudigital.cl\/sites\/vc\/anuncian-feria-sobremesa-edicion-solidaria-para-el-proximo-fin-de-semana-largo-en-el-sporting-club\/#primaryimage","url":"https:\/\/dev.antudigital.cl\/sites\/vc\/wp-content\/uploads\/2024\/03\/sobremesa-2-1920x600-1.jpeg","contentUrl":"https:\/\/dev.antudigital.cl\/sites\/vc\/wp-content\/uploads\/2024\/03\/sobremesa-2-1920x600-1.jpeg","width":1920,"height":600},{"@type":"BreadcrumbList","@id":"https:\/\/dev.antudigital.cl\/sites\/vc\/anuncian-feria-sobremesa-edicion-solidaria-para-el-proximo-fin-de-semana-largo-en-el-sporting-club\/#breadcrumb","itemListElement":[{"@type":"ListItem","position":1,"name":"Home","item":"https:\/\/dev.antudigital.cl\/sites\/vc\/"},{"@type":"ListItem","position":2,"name":"Anuncian Feria Sobremesa Edici\u00f3n Solidaria para el pr\u00f3ximo fin de semana largo en el Sporting Club"}]},{"@type":"WebSite","@id":"https:\/\/dev.antudigital.cl\/sites\/vc\/#website","url":"https:\/\/dev.antudigital.cl\/sites\/vc\/","name":"Valpara\u00ed\u00adso Creativo","description":"","potentialAction":[{"@type":"SearchAction","target":{"@type":"EntryPoint","urlTemplate":"https:\/\/dev.antudigital.cl\/sites\/vc\/?s={search_term_string}"},"query-input":{"@type":"PropertyValueSpecification","valueRequired":true,"valueName":"search_term_string"}}],"inLanguage":"es"},{"@type":"Person","@id":"https:\/\/dev.antudigital.cl\/sites\/vc\/#\/schema\/person\/c2b9da8dd545e27166fc5ab232837318","name":"Valpara\u00edso Creativo","description":"Periodista de cultura en la Regi\u00f3n de Valpara\u00edso.","url":"https:\/\/dev.antudigital.cl\/sites\/vc\/author\/valpoadmin\/"}]}},"_links":{"self":[{"href":"https:\/\/dev.antudigital.cl\/sites\/vc\/wp-json\/wp\/v2\/posts\/18678","targetHints":{"allow":["GET"]}}],"collection":[{"href":"https:\/\/dev.antudigital.cl\/sites\/vc\/wp-json\/wp\/v2\/posts"}],"about":[{"href":"https:\/\/dev.antudigital.cl\/sites\/vc\/wp-json\/wp\/v2\/types\/post"}],"author":[{"embeddable":true,"href":"https:\/\/dev.antudigital.cl\/sites\/vc\/wp-json\/wp\/v2\/users\/1"}],"replies":[{"embeddable":true,"href":"https:\/\/dev.antudigital.cl\/sites\/vc\/wp-json\/wp\/v2\/comments?post=18678"}],"version-history":[{"count":1,"href":"https:\/\/dev.antudigital.cl\/sites\/vc\/wp-json\/wp\/v2\/posts\/18678\/revisions"}],"predecessor-version":[{"id":18681,"href":"https:\/\/dev.antudigital.cl\/sites\/vc\/wp-json\/wp\/v2\/posts\/18678\/revisions\/18681"}],"wp:featuredmedia":[{"embeddable":true,"href":"https:\/\/dev.antudigital.cl\/sites\/vc\/wp-json\/wp\/v2\/media\/18679"}],"wp:attachment":[{"href":"https:\/\/dev.antudigital.cl\/sites\/vc\/wp-json\/wp\/v2\/media?parent=18678"}],"wp:term":[{"taxonomy":"category","embeddable":true,"href":"https:\/\/dev.antudigital.cl\/sites\/vc\/wp-json\/wp\/v2\/categories?post=18678"},{"taxonomy":"post_tag","embeddable":true,"href":"https:\/\/dev.antudigital.cl\/sites\/vc\/wp-json\/wp\/v2\/tags?post=18678"}],"curies":[{"name":"wp","href":"https:\/\/api.w.org\/{rel}","templated":true}]}}