{"id":18686,"date":"2024-03-25T18:43:51","date_gmt":"2024-03-25T18:43:51","guid":{"rendered":"https:\/\/www.valparaisocreativo.cl\/?p=18686"},"modified":"2024-03-25T18:43:58","modified_gmt":"2024-03-25T18:43:58","slug":"casa-oani-parte-el-otono-con-un-taller-de-creacion-y-la-4a-muestra-de-teatro-lambe-lambe","status":"publish","type":"post","link":"https:\/\/dev.antudigital.cl\/sites\/vc\/casa-oani-parte-el-otono-con-un-taller-de-creacion-y-la-4a-muestra-de-teatro-lambe-lambe\/","title":{"rendered":"Casa OANI parte el oto\u00f1o con un Taller de Creaci\u00f3n y la 4a Muestra de Teatro Lambe Lambe"},"content":{"rendered":"\n<p><strong>El s\u00e1bado 13 de abril, de 10:30 a 13:30 horas, Marcela Chiappe facilitar\u00e1 el Taller \u201cConstrucci\u00f3n de una Marioneta en Miniatura\u201d en Casa OANI<\/strong>, Lo Venegas #489, Cerro C\u00e1rcel, Valpara\u00edso. El objetivo del taller es proporcionar herramientas y consejos pr\u00e1cticos para la construcci\u00f3n de personajes en miniatura. Est\u00e1 enfocado para p\u00fablico mayor de 15 a\u00f1os con cupos limitados. El valor de la inscripci\u00f3n es de $5.000. Las personas se deben inscribir en el siguiente enlace: <a href=\"https:\/\/forms.gle\/zrxT5kcERVQ3gHHAA\" target=\"_blank\" rel=\"noreferrer noopener\">https:\/\/forms.gle\/zrxT5kcERVQ3gHHAA<\/a>&nbsp;<\/p>\n\n\n\n<p><strong>El mismo s\u00e1bado 13 de abril a las 16:00 se realizar\u00e1 la 4\u00aa Muestra de Teatro Lambe Lambe, en esta oportunidad en el Mercado Puerto de Valpara\u00edso.<\/strong> Se presentar\u00e1n tres espect\u00e1culos de teatro en miniatura de 4 minutos de duraci\u00f3n: HUMANO, GREGARIOS y AMORES DE PUERTO. Las obras estar\u00e1n disponibles de 16:00 a 18:00 horas con un aporte desde $1.000 por funci\u00f3n.<\/p>\n\n\n\n<p>Esta iniciativa cuenta con el financiamiento de la <strong>Convocatoria 2023 de Apoyo a Puntos de Cultura Comunitaria del Ministerio de las Culturas, las Artes y el Patrimonio.<\/strong><\/p>\n\n\n\n<figure class=\"wp-block-image size-large\"><img fetchpriority=\"high\" decoding=\"async\" width=\"1024\" height=\"683\" src=\"https:\/\/www.valparaisocreativo.cl\/wp-content\/uploads\/2024\/03\/14HUMANO-de-@oaniteatro-Foto-Marcelo-Olivares-Melendez-1024x683.jpg\" alt=\"\" class=\"wp-image-18687\" srcset=\"https:\/\/dev.antudigital.cl\/sites\/vc\/wp-content\/uploads\/2024\/03\/14HUMANO-de-@oaniteatro-Foto-Marcelo-Olivares-Melendez-1024x683.jpg 1024w, https:\/\/dev.antudigital.cl\/sites\/vc\/wp-content\/uploads\/2024\/03\/14HUMANO-de-@oaniteatro-Foto-Marcelo-Olivares-Melendez-300x200.jpg 300w, https:\/\/dev.antudigital.cl\/sites\/vc\/wp-content\/uploads\/2024\/03\/14HUMANO-de-@oaniteatro-Foto-Marcelo-Olivares-Melendez-768x512.jpg 768w, https:\/\/dev.antudigital.cl\/sites\/vc\/wp-content\/uploads\/2024\/03\/14HUMANO-de-@oaniteatro-Foto-Marcelo-Olivares-Melendez-1080x720.jpg 1080w, https:\/\/dev.antudigital.cl\/sites\/vc\/wp-content\/uploads\/2024\/03\/14HUMANO-de-@oaniteatro-Foto-Marcelo-Olivares-Melendez-1280x853.jpg 1280w, https:\/\/dev.antudigital.cl\/sites\/vc\/wp-content\/uploads\/2024\/03\/14HUMANO-de-@oaniteatro-Foto-Marcelo-Olivares-Melendez-980x653.jpg 980w, https:\/\/dev.antudigital.cl\/sites\/vc\/wp-content\/uploads\/2024\/03\/14HUMANO-de-@oaniteatro-Foto-Marcelo-Olivares-Melendez-480x320.jpg 480w, https:\/\/dev.antudigital.cl\/sites\/vc\/wp-content\/uploads\/2024\/03\/14HUMANO-de-@oaniteatro-Foto-Marcelo-Olivares-Melendez-24x16.jpg 24w, https:\/\/dev.antudigital.cl\/sites\/vc\/wp-content\/uploads\/2024\/03\/14HUMANO-de-@oaniteatro-Foto-Marcelo-Olivares-Melendez-36x24.jpg 36w, https:\/\/dev.antudigital.cl\/sites\/vc\/wp-content\/uploads\/2024\/03\/14HUMANO-de-@oaniteatro-Foto-Marcelo-Olivares-Melendez-48x32.jpg 48w, https:\/\/dev.antudigital.cl\/sites\/vc\/wp-content\/uploads\/2024\/03\/14HUMANO-de-@oaniteatro-Foto-Marcelo-Olivares-Melendez.jpg 1350w\" sizes=\"(max-width: 1024px) 100vw, 1024px\" \/><\/figure>\n\n\n\n<p><strong>Taller<\/strong><\/p>\n\n\n\n<p><strong>Marcela Chiappe<\/strong> tuvo una infancia rodeada de t\u00edteres. Sus padres eran unos apasionados por el mundo art\u00edstico cultural y desde el a\u00f1o 1963 empezaron a construir t\u00edteres para vender. Desde los tres a\u00f1os ya creaba historias con su hermano. En 1979 Marcela entra a estudiar Licenciatura en Artes y paralelamente se adentra de manera autodidacta en el teatro de mu\u00f1ecos. La docencia es importante para ella, as\u00ed transmite experiencias y conocimientos adquiridos a otras generaciones. Comenta:<\/p>\n\n\n\n<p>\u201cEl teatro en miniatura es un formato que va de persona a persona, logra cautivar corazones y sensibilizar a cualquier ser humano. Creo en la importancia de mostrar el oficio, el cual es parte de una trayectoria mayor en la cultura universal, revalorizando la oralidad, los cuentos, el arte de los t\u00edteres, y las artes esc\u00e9nicas que tienen memorias ancestrales. El t\u00edtere es el viejo sue\u00f1o del hombre que recrea la vida por medio de este arte. A trav\u00e9s de este taller te puedes adentrar al oficio, cada participante crear\u00e1 su personaje. Les hablar\u00e9 de materialidad y otras posibilidades de construcci\u00f3n, seg\u00fan la necesidad de la puesta en escena, y entregar\u00e9 algunos tips de manipulaci\u00f3n y posibles mecanismos\u201d.<\/p>\n\n\n\n<figure class=\"wp-block-image size-large\"><img decoding=\"async\" width=\"1024\" height=\"622\" src=\"https:\/\/www.valparaisocreativo.cl\/wp-content\/uploads\/2024\/03\/PERPETUO-ROMANCE-FOTO-MACETERO-PRODUCCIONES-5-copia-1024x622.jpg\" alt=\"\" class=\"wp-image-18689\" srcset=\"https:\/\/dev.antudigital.cl\/sites\/vc\/wp-content\/uploads\/2024\/03\/PERPETUO-ROMANCE-FOTO-MACETERO-PRODUCCIONES-5-copia-1024x622.jpg 1024w, https:\/\/dev.antudigital.cl\/sites\/vc\/wp-content\/uploads\/2024\/03\/PERPETUO-ROMANCE-FOTO-MACETERO-PRODUCCIONES-5-copia-300x182.jpg 300w, https:\/\/dev.antudigital.cl\/sites\/vc\/wp-content\/uploads\/2024\/03\/PERPETUO-ROMANCE-FOTO-MACETERO-PRODUCCIONES-5-copia-768x466.jpg 768w, https:\/\/dev.antudigital.cl\/sites\/vc\/wp-content\/uploads\/2024\/03\/PERPETUO-ROMANCE-FOTO-MACETERO-PRODUCCIONES-5-copia-1080x656.jpg 1080w, https:\/\/dev.antudigital.cl\/sites\/vc\/wp-content\/uploads\/2024\/03\/PERPETUO-ROMANCE-FOTO-MACETERO-PRODUCCIONES-5-copia-980x595.jpg 980w, https:\/\/dev.antudigital.cl\/sites\/vc\/wp-content\/uploads\/2024\/03\/PERPETUO-ROMANCE-FOTO-MACETERO-PRODUCCIONES-5-copia-480x291.jpg 480w, https:\/\/dev.antudigital.cl\/sites\/vc\/wp-content\/uploads\/2024\/03\/PERPETUO-ROMANCE-FOTO-MACETERO-PRODUCCIONES-5-copia-24x15.jpg 24w, https:\/\/dev.antudigital.cl\/sites\/vc\/wp-content\/uploads\/2024\/03\/PERPETUO-ROMANCE-FOTO-MACETERO-PRODUCCIONES-5-copia-36x22.jpg 36w, https:\/\/dev.antudigital.cl\/sites\/vc\/wp-content\/uploads\/2024\/03\/PERPETUO-ROMANCE-FOTO-MACETERO-PRODUCCIONES-5-copia-48x29.jpg 48w, https:\/\/dev.antudigital.cl\/sites\/vc\/wp-content\/uploads\/2024\/03\/PERPETUO-ROMANCE-FOTO-MACETERO-PRODUCCIONES-5-copia.jpg 1181w\" sizes=\"(max-width: 1024px) 100vw, 1024px\" \/><\/figure>\n\n\n\n<p><strong>Muestra<\/strong><\/p>\n\n\n\n<p>Las int\u00e9rpretes en esta cuarta muestra son Adelaida Loyer, Camila Landon, Jos\u00e9 Moraga y una invitada especial, Carlota Riveros, directora del proyecto teatral Ruby Box Theater.<\/p>\n\n\n\n<p><strong>Carlota Riveros <\/strong>se relaciona con el teatro de animaci\u00f3n hace 20 a\u00f1os y es la int\u00e9rprete de HUMANO, obra que nace de un proyecto Iberescena en coproducci\u00f3n con los pa\u00edses de Brasil, Argentina y Chile. Comparte: \u201cLa invitaci\u00f3n de Camila Landon ha sido una grata sorpresa y me siento muy contenta de poder ser parte de este equipo. Sin dudas ha sido muy interesante involucrarme en la obra HUMANO y adentrarme en el universo art\u00edstico y dramat\u00fargico de Camila Landon y su reflexi\u00f3n sobre la migraci\u00f3n. Personalmente me ha hecho pensar sobre esta terminolog\u00eda, en donde me involucro desde las muchas migraciones que hacemos dentro de nosotros mismos. El&nbsp; teatro lambe lambe es tan \u00edntimo que me hace viajar hacia adentro\u201d.&nbsp;&nbsp;<\/p>\n\n\n\n<p><strong>Camila Landon<\/strong> interpreta GREGARIOS junto a Jos\u00e9 Moraga, coproducci\u00f3n de la Fundaci\u00f3n Teatro a Mil y Fundaci\u00f3n OANI de Teatro. Se\u00f1ala: \u201cEsta obra fue creada con un equipo de artistas multidisciplinares: multimedia, mapping, ilustraciones, composici\u00f3n musical, escultura, iluminaci\u00f3n, dise\u00f1o industrial, artesan\u00eda miniatura. GREGARIOS es un viaje visual en alta definici\u00f3n, que juega con el contraste entre una marioneta real (tallada en madera) y las proyecciones multimedia. Una experiencia inmersiva del Teatro Lambe Lambe en una obra que reflexiona sobre la soledad y aislamiento que vive una mujer en el encierro de la crisis sanitaria mundial\u201d.<\/p>\n\n\n\n<p>Para m\u00e1s informaci\u00f3n seguir a @casaoani en Instagram.<\/p>\n","protected":false},"excerpt":{"rendered":"<p>El s\u00e1bado 13 de abril, de 10:30 a 13:30 horas, Marcela Chiappe facilitar\u00e1 el Taller \u201cConstrucci\u00f3n de una Marioneta en Miniatura\u201d en Casa OANI, Lo Venegas #489, Cerro C\u00e1rcel, Valpara\u00edso. El objetivo del taller es proporcionar herramientas y consejos pr\u00e1cticos para la construcci\u00f3n de personajes en miniatura. Est\u00e1 enfocado para p\u00fablico mayor de 15 a\u00f1os [&hellip;]<\/p>\n","protected":false},"author":1,"featured_media":18688,"comment_status":"closed","ping_status":"closed","sticky":false,"template":"","format":"standard","meta":{"_acf_changed":false,"footnotes":""},"categories":[1],"tags":[],"class_list":["post-18686","post","type-post","status-publish","format-standard","has-post-thumbnail","hentry","category-uncategorized"],"acf":[],"yoast_head":"<!-- This site is optimized with the Yoast SEO plugin v27.1.1 - https:\/\/yoast.com\/product\/yoast-seo-wordpress\/ -->\n<title>Casa OANI parte el oto\u00f1o con un Taller de Creaci\u00f3n y la 4a Muestra de Teatro Lambe Lambe - Valpara\u00ed\u00adso Creativo<\/title>\n<meta name=\"robots\" content=\"index, follow, max-snippet:-1, max-image-preview:large, max-video-preview:-1\" \/>\n<link rel=\"canonical\" href=\"https:\/\/dev.antudigital.cl\/sites\/vc\/casa-oani-parte-el-otono-con-un-taller-de-creacion-y-la-4a-muestra-de-teatro-lambe-lambe\/\" \/>\n<meta property=\"og:locale\" content=\"es_ES\" \/>\n<meta property=\"og:type\" content=\"article\" \/>\n<meta property=\"og:title\" content=\"Casa OANI parte el oto\u00f1o con un Taller de Creaci\u00f3n y la 4a Muestra de Teatro Lambe Lambe - Valpara\u00ed\u00adso Creativo\" \/>\n<meta property=\"og:description\" content=\"El s\u00e1bado 13 de abril, de 10:30 a 13:30 horas, Marcela Chiappe facilitar\u00e1 el Taller \u201cConstrucci\u00f3n de una Marioneta en Miniatura\u201d en Casa OANI, Lo Venegas #489, Cerro C\u00e1rcel, Valpara\u00edso. El objetivo del taller es proporcionar herramientas y consejos pr\u00e1cticos para la construcci\u00f3n de personajes en miniatura. Est\u00e1 enfocado para p\u00fablico mayor de 15 a\u00f1os [&hellip;]\" \/>\n<meta property=\"og:url\" content=\"https:\/\/dev.antudigital.cl\/sites\/vc\/casa-oani-parte-el-otono-con-un-taller-de-creacion-y-la-4a-muestra-de-teatro-lambe-lambe\/\" \/>\n<meta property=\"og:site_name\" content=\"Valpara\u00ed\u00adso Creativo\" \/>\n<meta property=\"article:published_time\" content=\"2024-03-25T18:43:51+00:00\" \/>\n<meta property=\"article:modified_time\" content=\"2024-03-25T18:43:58+00:00\" \/>\n<meta property=\"og:image\" content=\"https:\/\/dev.antudigital.cl\/sites\/vc\/wp-content\/uploads\/2024\/03\/gregarios-2-@oaniteatro.jpeg\" \/>\n\t<meta property=\"og:image:width\" content=\"1600\" \/>\n\t<meta property=\"og:image:height\" content=\"900\" \/>\n\t<meta property=\"og:image:type\" content=\"image\/jpeg\" \/>\n<meta name=\"author\" content=\"Valpara\u00edso Creativo\" \/>\n<meta name=\"twitter:card\" content=\"summary_large_image\" \/>\n<meta name=\"twitter:label1\" content=\"Escrito por\" \/>\n\t<meta name=\"twitter:data1\" content=\"Valpara\u00edso Creativo\" \/>\n\t<meta name=\"twitter:label2\" content=\"Tiempo de lectura\" \/>\n\t<meta name=\"twitter:data2\" content=\"4 minutos\" \/>\n<script type=\"application\/ld+json\" class=\"yoast-schema-graph\">{\"@context\":\"https:\/\/schema.org\",\"@graph\":[{\"@type\":\"Article\",\"@id\":\"https:\/\/dev.antudigital.cl\/sites\/vc\/casa-oani-parte-el-otono-con-un-taller-de-creacion-y-la-4a-muestra-de-teatro-lambe-lambe\/#article\",\"isPartOf\":{\"@id\":\"https:\/\/dev.antudigital.cl\/sites\/vc\/casa-oani-parte-el-otono-con-un-taller-de-creacion-y-la-4a-muestra-de-teatro-lambe-lambe\/\"},\"author\":{\"name\":\"Valpara\u00edso Creativo\",\"@id\":\"https:\/\/dev.antudigital.cl\/sites\/vc\/#\/schema\/person\/c2b9da8dd545e27166fc5ab232837318\"},\"headline\":\"Casa OANI parte el oto\u00f1o con un Taller de Creaci\u00f3n y la 4a Muestra de Teatro Lambe Lambe\",\"datePublished\":\"2024-03-25T18:43:51+00:00\",\"dateModified\":\"2024-03-25T18:43:58+00:00\",\"mainEntityOfPage\":{\"@id\":\"https:\/\/dev.antudigital.cl\/sites\/vc\/casa-oani-parte-el-otono-con-un-taller-de-creacion-y-la-4a-muestra-de-teatro-lambe-lambe\/\"},\"wordCount\":676,\"image\":{\"@id\":\"https:\/\/dev.antudigital.cl\/sites\/vc\/casa-oani-parte-el-otono-con-un-taller-de-creacion-y-la-4a-muestra-de-teatro-lambe-lambe\/#primaryimage\"},\"thumbnailUrl\":\"https:\/\/dev.antudigital.cl\/sites\/vc\/wp-content\/uploads\/2024\/03\/gregarios-2-@oaniteatro.jpeg\",\"articleSection\":[\"Uncategorized\"],\"inLanguage\":\"es\"},{\"@type\":\"WebPage\",\"@id\":\"https:\/\/dev.antudigital.cl\/sites\/vc\/casa-oani-parte-el-otono-con-un-taller-de-creacion-y-la-4a-muestra-de-teatro-lambe-lambe\/\",\"url\":\"https:\/\/dev.antudigital.cl\/sites\/vc\/casa-oani-parte-el-otono-con-un-taller-de-creacion-y-la-4a-muestra-de-teatro-lambe-lambe\/\",\"name\":\"Casa OANI parte el oto\u00f1o con un Taller de Creaci\u00f3n y la 4a Muestra de Teatro Lambe Lambe - Valpara\u00ed\u00adso Creativo\",\"isPartOf\":{\"@id\":\"https:\/\/dev.antudigital.cl\/sites\/vc\/#website\"},\"primaryImageOfPage\":{\"@id\":\"https:\/\/dev.antudigital.cl\/sites\/vc\/casa-oani-parte-el-otono-con-un-taller-de-creacion-y-la-4a-muestra-de-teatro-lambe-lambe\/#primaryimage\"},\"image\":{\"@id\":\"https:\/\/dev.antudigital.cl\/sites\/vc\/casa-oani-parte-el-otono-con-un-taller-de-creacion-y-la-4a-muestra-de-teatro-lambe-lambe\/#primaryimage\"},\"thumbnailUrl\":\"https:\/\/dev.antudigital.cl\/sites\/vc\/wp-content\/uploads\/2024\/03\/gregarios-2-@oaniteatro.jpeg\",\"datePublished\":\"2024-03-25T18:43:51+00:00\",\"dateModified\":\"2024-03-25T18:43:58+00:00\",\"author\":{\"@id\":\"https:\/\/dev.antudigital.cl\/sites\/vc\/#\/schema\/person\/c2b9da8dd545e27166fc5ab232837318\"},\"breadcrumb\":{\"@id\":\"https:\/\/dev.antudigital.cl\/sites\/vc\/casa-oani-parte-el-otono-con-un-taller-de-creacion-y-la-4a-muestra-de-teatro-lambe-lambe\/#breadcrumb\"},\"inLanguage\":\"es\",\"potentialAction\":[{\"@type\":\"ReadAction\",\"target\":[\"https:\/\/dev.antudigital.cl\/sites\/vc\/casa-oani-parte-el-otono-con-un-taller-de-creacion-y-la-4a-muestra-de-teatro-lambe-lambe\/\"]}]},{\"@type\":\"ImageObject\",\"inLanguage\":\"es\",\"@id\":\"https:\/\/dev.antudigital.cl\/sites\/vc\/casa-oani-parte-el-otono-con-un-taller-de-creacion-y-la-4a-muestra-de-teatro-lambe-lambe\/#primaryimage\",\"url\":\"https:\/\/dev.antudigital.cl\/sites\/vc\/wp-content\/uploads\/2024\/03\/gregarios-2-@oaniteatro.jpeg\",\"contentUrl\":\"https:\/\/dev.antudigital.cl\/sites\/vc\/wp-content\/uploads\/2024\/03\/gregarios-2-@oaniteatro.jpeg\",\"width\":1600,\"height\":900},{\"@type\":\"BreadcrumbList\",\"@id\":\"https:\/\/dev.antudigital.cl\/sites\/vc\/casa-oani-parte-el-otono-con-un-taller-de-creacion-y-la-4a-muestra-de-teatro-lambe-lambe\/#breadcrumb\",\"itemListElement\":[{\"@type\":\"ListItem\",\"position\":1,\"name\":\"Home\",\"item\":\"https:\/\/dev.antudigital.cl\/sites\/vc\/\"},{\"@type\":\"ListItem\",\"position\":2,\"name\":\"Casa OANI parte el oto\u00f1o con un Taller de Creaci\u00f3n y la 4a Muestra de Teatro Lambe Lambe\"}]},{\"@type\":\"WebSite\",\"@id\":\"https:\/\/dev.antudigital.cl\/sites\/vc\/#website\",\"url\":\"https:\/\/dev.antudigital.cl\/sites\/vc\/\",\"name\":\"Valpara\u00ed\u00adso Creativo\",\"description\":\"\",\"potentialAction\":[{\"@type\":\"SearchAction\",\"target\":{\"@type\":\"EntryPoint\",\"urlTemplate\":\"https:\/\/dev.antudigital.cl\/sites\/vc\/?s={search_term_string}\"},\"query-input\":{\"@type\":\"PropertyValueSpecification\",\"valueRequired\":true,\"valueName\":\"search_term_string\"}}],\"inLanguage\":\"es\"},{\"@type\":\"Person\",\"@id\":\"https:\/\/dev.antudigital.cl\/sites\/vc\/#\/schema\/person\/c2b9da8dd545e27166fc5ab232837318\",\"name\":\"Valpara\u00edso Creativo\",\"description\":\"Periodista de cultura en la Regi\u00f3n de Valpara\u00edso.\",\"url\":\"https:\/\/dev.antudigital.cl\/sites\/vc\/author\/valpoadmin\/\"}]}<\/script>\n<!-- \/ Yoast SEO plugin. -->","yoast_head_json":{"title":"Casa OANI parte el oto\u00f1o con un Taller de Creaci\u00f3n y la 4a Muestra de Teatro Lambe Lambe - Valpara\u00ed\u00adso Creativo","robots":{"index":"index","follow":"follow","max-snippet":"max-snippet:-1","max-image-preview":"max-image-preview:large","max-video-preview":"max-video-preview:-1"},"canonical":"https:\/\/dev.antudigital.cl\/sites\/vc\/casa-oani-parte-el-otono-con-un-taller-de-creacion-y-la-4a-muestra-de-teatro-lambe-lambe\/","og_locale":"es_ES","og_type":"article","og_title":"Casa OANI parte el oto\u00f1o con un Taller de Creaci\u00f3n y la 4a Muestra de Teatro Lambe Lambe - Valpara\u00ed\u00adso Creativo","og_description":"El s\u00e1bado 13 de abril, de 10:30 a 13:30 horas, Marcela Chiappe facilitar\u00e1 el Taller \u201cConstrucci\u00f3n de una Marioneta en Miniatura\u201d en Casa OANI, Lo Venegas #489, Cerro C\u00e1rcel, Valpara\u00edso. El objetivo del taller es proporcionar herramientas y consejos pr\u00e1cticos para la construcci\u00f3n de personajes en miniatura. Est\u00e1 enfocado para p\u00fablico mayor de 15 a\u00f1os [&hellip;]","og_url":"https:\/\/dev.antudigital.cl\/sites\/vc\/casa-oani-parte-el-otono-con-un-taller-de-creacion-y-la-4a-muestra-de-teatro-lambe-lambe\/","og_site_name":"Valpara\u00ed\u00adso Creativo","article_published_time":"2024-03-25T18:43:51+00:00","article_modified_time":"2024-03-25T18:43:58+00:00","og_image":[{"width":1600,"height":900,"url":"https:\/\/dev.antudigital.cl\/sites\/vc\/wp-content\/uploads\/2024\/03\/gregarios-2-@oaniteatro.jpeg","type":"image\/jpeg"}],"author":"Valpara\u00edso Creativo","twitter_card":"summary_large_image","twitter_misc":{"Escrito por":"Valpara\u00edso Creativo","Tiempo de lectura":"4 minutos"},"schema":{"@context":"https:\/\/schema.org","@graph":[{"@type":"Article","@id":"https:\/\/dev.antudigital.cl\/sites\/vc\/casa-oani-parte-el-otono-con-un-taller-de-creacion-y-la-4a-muestra-de-teatro-lambe-lambe\/#article","isPartOf":{"@id":"https:\/\/dev.antudigital.cl\/sites\/vc\/casa-oani-parte-el-otono-con-un-taller-de-creacion-y-la-4a-muestra-de-teatro-lambe-lambe\/"},"author":{"name":"Valpara\u00edso Creativo","@id":"https:\/\/dev.antudigital.cl\/sites\/vc\/#\/schema\/person\/c2b9da8dd545e27166fc5ab232837318"},"headline":"Casa OANI parte el oto\u00f1o con un Taller de Creaci\u00f3n y la 4a Muestra de Teatro Lambe Lambe","datePublished":"2024-03-25T18:43:51+00:00","dateModified":"2024-03-25T18:43:58+00:00","mainEntityOfPage":{"@id":"https:\/\/dev.antudigital.cl\/sites\/vc\/casa-oani-parte-el-otono-con-un-taller-de-creacion-y-la-4a-muestra-de-teatro-lambe-lambe\/"},"wordCount":676,"image":{"@id":"https:\/\/dev.antudigital.cl\/sites\/vc\/casa-oani-parte-el-otono-con-un-taller-de-creacion-y-la-4a-muestra-de-teatro-lambe-lambe\/#primaryimage"},"thumbnailUrl":"https:\/\/dev.antudigital.cl\/sites\/vc\/wp-content\/uploads\/2024\/03\/gregarios-2-@oaniteatro.jpeg","articleSection":["Uncategorized"],"inLanguage":"es"},{"@type":"WebPage","@id":"https:\/\/dev.antudigital.cl\/sites\/vc\/casa-oani-parte-el-otono-con-un-taller-de-creacion-y-la-4a-muestra-de-teatro-lambe-lambe\/","url":"https:\/\/dev.antudigital.cl\/sites\/vc\/casa-oani-parte-el-otono-con-un-taller-de-creacion-y-la-4a-muestra-de-teatro-lambe-lambe\/","name":"Casa OANI parte el oto\u00f1o con un Taller de Creaci\u00f3n y la 4a Muestra de Teatro Lambe Lambe - Valpara\u00ed\u00adso Creativo","isPartOf":{"@id":"https:\/\/dev.antudigital.cl\/sites\/vc\/#website"},"primaryImageOfPage":{"@id":"https:\/\/dev.antudigital.cl\/sites\/vc\/casa-oani-parte-el-otono-con-un-taller-de-creacion-y-la-4a-muestra-de-teatro-lambe-lambe\/#primaryimage"},"image":{"@id":"https:\/\/dev.antudigital.cl\/sites\/vc\/casa-oani-parte-el-otono-con-un-taller-de-creacion-y-la-4a-muestra-de-teatro-lambe-lambe\/#primaryimage"},"thumbnailUrl":"https:\/\/dev.antudigital.cl\/sites\/vc\/wp-content\/uploads\/2024\/03\/gregarios-2-@oaniteatro.jpeg","datePublished":"2024-03-25T18:43:51+00:00","dateModified":"2024-03-25T18:43:58+00:00","author":{"@id":"https:\/\/dev.antudigital.cl\/sites\/vc\/#\/schema\/person\/c2b9da8dd545e27166fc5ab232837318"},"breadcrumb":{"@id":"https:\/\/dev.antudigital.cl\/sites\/vc\/casa-oani-parte-el-otono-con-un-taller-de-creacion-y-la-4a-muestra-de-teatro-lambe-lambe\/#breadcrumb"},"inLanguage":"es","potentialAction":[{"@type":"ReadAction","target":["https:\/\/dev.antudigital.cl\/sites\/vc\/casa-oani-parte-el-otono-con-un-taller-de-creacion-y-la-4a-muestra-de-teatro-lambe-lambe\/"]}]},{"@type":"ImageObject","inLanguage":"es","@id":"https:\/\/dev.antudigital.cl\/sites\/vc\/casa-oani-parte-el-otono-con-un-taller-de-creacion-y-la-4a-muestra-de-teatro-lambe-lambe\/#primaryimage","url":"https:\/\/dev.antudigital.cl\/sites\/vc\/wp-content\/uploads\/2024\/03\/gregarios-2-@oaniteatro.jpeg","contentUrl":"https:\/\/dev.antudigital.cl\/sites\/vc\/wp-content\/uploads\/2024\/03\/gregarios-2-@oaniteatro.jpeg","width":1600,"height":900},{"@type":"BreadcrumbList","@id":"https:\/\/dev.antudigital.cl\/sites\/vc\/casa-oani-parte-el-otono-con-un-taller-de-creacion-y-la-4a-muestra-de-teatro-lambe-lambe\/#breadcrumb","itemListElement":[{"@type":"ListItem","position":1,"name":"Home","item":"https:\/\/dev.antudigital.cl\/sites\/vc\/"},{"@type":"ListItem","position":2,"name":"Casa OANI parte el oto\u00f1o con un Taller de Creaci\u00f3n y la 4a Muestra de Teatro Lambe Lambe"}]},{"@type":"WebSite","@id":"https:\/\/dev.antudigital.cl\/sites\/vc\/#website","url":"https:\/\/dev.antudigital.cl\/sites\/vc\/","name":"Valpara\u00ed\u00adso Creativo","description":"","potentialAction":[{"@type":"SearchAction","target":{"@type":"EntryPoint","urlTemplate":"https:\/\/dev.antudigital.cl\/sites\/vc\/?s={search_term_string}"},"query-input":{"@type":"PropertyValueSpecification","valueRequired":true,"valueName":"search_term_string"}}],"inLanguage":"es"},{"@type":"Person","@id":"https:\/\/dev.antudigital.cl\/sites\/vc\/#\/schema\/person\/c2b9da8dd545e27166fc5ab232837318","name":"Valpara\u00edso Creativo","description":"Periodista de cultura en la Regi\u00f3n de Valpara\u00edso.","url":"https:\/\/dev.antudigital.cl\/sites\/vc\/author\/valpoadmin\/"}]}},"_links":{"self":[{"href":"https:\/\/dev.antudigital.cl\/sites\/vc\/wp-json\/wp\/v2\/posts\/18686","targetHints":{"allow":["GET"]}}],"collection":[{"href":"https:\/\/dev.antudigital.cl\/sites\/vc\/wp-json\/wp\/v2\/posts"}],"about":[{"href":"https:\/\/dev.antudigital.cl\/sites\/vc\/wp-json\/wp\/v2\/types\/post"}],"author":[{"embeddable":true,"href":"https:\/\/dev.antudigital.cl\/sites\/vc\/wp-json\/wp\/v2\/users\/1"}],"replies":[{"embeddable":true,"href":"https:\/\/dev.antudigital.cl\/sites\/vc\/wp-json\/wp\/v2\/comments?post=18686"}],"version-history":[{"count":1,"href":"https:\/\/dev.antudigital.cl\/sites\/vc\/wp-json\/wp\/v2\/posts\/18686\/revisions"}],"predecessor-version":[{"id":18690,"href":"https:\/\/dev.antudigital.cl\/sites\/vc\/wp-json\/wp\/v2\/posts\/18686\/revisions\/18690"}],"wp:featuredmedia":[{"embeddable":true,"href":"https:\/\/dev.antudigital.cl\/sites\/vc\/wp-json\/wp\/v2\/media\/18688"}],"wp:attachment":[{"href":"https:\/\/dev.antudigital.cl\/sites\/vc\/wp-json\/wp\/v2\/media?parent=18686"}],"wp:term":[{"taxonomy":"category","embeddable":true,"href":"https:\/\/dev.antudigital.cl\/sites\/vc\/wp-json\/wp\/v2\/categories?post=18686"},{"taxonomy":"post_tag","embeddable":true,"href":"https:\/\/dev.antudigital.cl\/sites\/vc\/wp-json\/wp\/v2\/tags?post=18686"}],"curies":[{"name":"wp","href":"https:\/\/api.w.org\/{rel}","templated":true}]}}