{"id":18691,"date":"2024-03-25T18:51:26","date_gmt":"2024-03-25T18:51:26","guid":{"rendered":"https:\/\/www.valparaisocreativo.cl\/?p=18691"},"modified":"2024-03-25T18:51:32","modified_gmt":"2024-03-25T18:51:32","slug":"inscripciones-abiertas-para-estudiar-fotografia-artistica-en-valparaiso","status":"publish","type":"post","link":"https:\/\/dev.antudigital.cl\/sites\/vc\/inscripciones-abiertas-para-estudiar-fotografia-artistica-en-valparaiso\/","title":{"rendered":"Inscripciones abiertas para estudiar\u00a0Fotograf\u00eda Art\u00edstica en Valpara\u00edso"},"content":{"rendered":"\n<p>La iniciativa cuenta con el financiamiento del Ministerio de las Culturas, las Artes y el Patrimonio a trav\u00e9s de su Programa de Apoyo a Organizaciones Culturales Colaboradoras.<\/p>\n\n\n\n<p>Con una trayectoria de 25 a\u00f1os en Valpara\u00edso, Camaralucida se ha levantado como un espacio de experimentaci\u00f3n y creaci\u00f3n de proyectos fotogr\u00e1ficos que nacen desde la diversidad que caracteriza a nuestros estudiantes.&nbsp;<\/p>\n\n\n\n<p>Junto a oto\u00f1o comienza en abril la segunda temporada de talleres del a\u00f1o. Gracias al financiamiento del Ministerio de las Culturas, las Artes y el Patrimonio a trav\u00e9s de su Programa de Apoyo a Organizaciones Culturales Colaboradoras, son 9 talleres guiados por un equipo docente de vasta experiencia en el arte visual, con obras publicadas y algunas hasta reconocidas a nivel internacional.<\/p>\n\n\n\n<p>Todos los talleres que se imparten son certificados y cubren un amplio espectro del arte fotogr\u00e1fico, desde lo pr\u00e1ctico hacia lo te\u00f3rico; entre lo an\u00e1logo y lo digital; desde el manejo de recursos luminosos y de postproducci\u00f3n hasta el desarrollo de un proyecto autoral.&nbsp;<\/p>\n\n\n\n<p>El arte de lo visual cada vez tiene mayor relevancia en nuestra sociedad y la imagen con sus m\u00faltiples funciones e interpretaciones puede llegar a ser muy poderosa. Por esto, es que en la escuela de fotograf\u00eda Camaralucida se pone en valor la \u00e9tica y el conocimiento fundamentado en a\u00f1os de experiencia formando fot\u00f3grafos y fot\u00f3grafas.&nbsp;<\/p>\n\n\n\n<p>Por su parte, el Diplomado en Fotograf\u00eda Art\u00edstica es un programa anual certificado con los 9 talleres de fotograf\u00eda que se imparten en la escuela, con cuatro exposiciones fotogr\u00e1ficas colectivas, un viaje de residencia art\u00edstica a otra ciudad o pa\u00eds, y una exposici\u00f3n final e individual.&nbsp;<\/p>\n\n\n\n<p>En estos momentos est\u00e1n abiertas las inscripciones con un descuento especial para ex estudiantes y nuevos estudiantes. Adem\u00e1s de las becas disponibles para cursar tanto los talleres como el diplomado.&nbsp;<\/p>\n\n\n\n<p>La escuela adem\u00e1s comparte espacio con una cafeter\u00eda que acompa\u00f1a a los y las estudiantes en sus d\u00edas de clases, as\u00ed como tambi\u00e9n la tienda de fotograf\u00eda que se encuentra al interior del edificio provisiona a sus estudiantes con materiales para llevar a cabo los talleres.&nbsp;&nbsp;<\/p>\n","protected":false},"excerpt":{"rendered":"<p>La iniciativa cuenta con el financiamiento del Ministerio de las Culturas, las Artes y el Patrimonio a trav\u00e9s de su Programa de Apoyo a Organizaciones Culturales Colaboradoras. Con una trayectoria de 25 a\u00f1os en Valpara\u00edso, Camaralucida se ha levantado como un espacio de experimentaci\u00f3n y creaci\u00f3n de proyectos fotogr\u00e1ficos que nacen desde la diversidad que [&hellip;]<\/p>\n","protected":false},"author":1,"featured_media":18692,"comment_status":"closed","ping_status":"closed","sticky":false,"template":"","format":"standard","meta":{"_acf_changed":false,"footnotes":""},"categories":[1],"tags":[],"class_list":["post-18691","post","type-post","status-publish","format-standard","has-post-thumbnail","hentry","category-uncategorized"],"acf":[],"yoast_head":"<!-- This site is optimized with the Yoast SEO plugin v27.1.1 - https:\/\/yoast.com\/product\/yoast-seo-wordpress\/ -->\n<title>Inscripciones abiertas para estudiar\u00a0Fotograf\u00eda Art\u00edstica en Valpara\u00edso - Valpara\u00ed\u00adso Creativo<\/title>\n<meta name=\"robots\" content=\"index, follow, max-snippet:-1, max-image-preview:large, max-video-preview:-1\" \/>\n<link rel=\"canonical\" href=\"https:\/\/dev.antudigital.cl\/sites\/vc\/inscripciones-abiertas-para-estudiar-fotografia-artistica-en-valparaiso\/\" \/>\n<meta property=\"og:locale\" content=\"es_ES\" \/>\n<meta property=\"og:type\" content=\"article\" \/>\n<meta property=\"og:title\" content=\"Inscripciones abiertas para estudiar\u00a0Fotograf\u00eda Art\u00edstica en Valpara\u00edso - Valpara\u00ed\u00adso Creativo\" \/>\n<meta property=\"og:description\" content=\"La iniciativa cuenta con el financiamiento del Ministerio de las Culturas, las Artes y el Patrimonio a trav\u00e9s de su Programa de Apoyo a Organizaciones Culturales Colaboradoras. Con una trayectoria de 25 a\u00f1os en Valpara\u00edso, Camaralucida se ha levantado como un espacio de experimentaci\u00f3n y creaci\u00f3n de proyectos fotogr\u00e1ficos que nacen desde la diversidad que [&hellip;]\" \/>\n<meta property=\"og:url\" content=\"https:\/\/dev.antudigital.cl\/sites\/vc\/inscripciones-abiertas-para-estudiar-fotografia-artistica-en-valparaiso\/\" \/>\n<meta property=\"og:site_name\" content=\"Valpara\u00ed\u00adso Creativo\" \/>\n<meta property=\"article:published_time\" content=\"2024-03-25T18:51:26+00:00\" \/>\n<meta property=\"article:modified_time\" content=\"2024-03-25T18:51:32+00:00\" \/>\n<meta property=\"og:image\" content=\"https:\/\/dev.antudigital.cl\/sites\/vc\/wp-content\/uploads\/2024\/03\/IMG_4498.jpeg\" \/>\n\t<meta property=\"og:image:width\" content=\"1500\" \/>\n\t<meta property=\"og:image:height\" content=\"1000\" \/>\n\t<meta property=\"og:image:type\" content=\"image\/jpeg\" \/>\n<meta name=\"author\" content=\"Valpara\u00edso Creativo\" \/>\n<meta name=\"twitter:card\" content=\"summary_large_image\" \/>\n<meta name=\"twitter:label1\" content=\"Escrito por\" \/>\n\t<meta name=\"twitter:data1\" content=\"Valpara\u00edso Creativo\" \/>\n\t<meta name=\"twitter:label2\" content=\"Tiempo de lectura\" \/>\n\t<meta name=\"twitter:data2\" content=\"2 minutos\" \/>\n<script type=\"application\/ld+json\" class=\"yoast-schema-graph\">{\"@context\":\"https:\/\/schema.org\",\"@graph\":[{\"@type\":\"Article\",\"@id\":\"https:\/\/dev.antudigital.cl\/sites\/vc\/inscripciones-abiertas-para-estudiar-fotografia-artistica-en-valparaiso\/#article\",\"isPartOf\":{\"@id\":\"https:\/\/dev.antudigital.cl\/sites\/vc\/inscripciones-abiertas-para-estudiar-fotografia-artistica-en-valparaiso\/\"},\"author\":{\"name\":\"Valpara\u00edso Creativo\",\"@id\":\"https:\/\/dev.antudigital.cl\/sites\/vc\/#\/schema\/person\/c2b9da8dd545e27166fc5ab232837318\"},\"headline\":\"Inscripciones abiertas para estudiar\u00a0Fotograf\u00eda Art\u00edstica en Valpara\u00edso\",\"datePublished\":\"2024-03-25T18:51:26+00:00\",\"dateModified\":\"2024-03-25T18:51:32+00:00\",\"mainEntityOfPage\":{\"@id\":\"https:\/\/dev.antudigital.cl\/sites\/vc\/inscripciones-abiertas-para-estudiar-fotografia-artistica-en-valparaiso\/\"},\"wordCount\":392,\"image\":{\"@id\":\"https:\/\/dev.antudigital.cl\/sites\/vc\/inscripciones-abiertas-para-estudiar-fotografia-artistica-en-valparaiso\/#primaryimage\"},\"thumbnailUrl\":\"https:\/\/dev.antudigital.cl\/sites\/vc\/wp-content\/uploads\/2024\/03\/IMG_4498.jpeg\",\"articleSection\":[\"Uncategorized\"],\"inLanguage\":\"es\"},{\"@type\":\"WebPage\",\"@id\":\"https:\/\/dev.antudigital.cl\/sites\/vc\/inscripciones-abiertas-para-estudiar-fotografia-artistica-en-valparaiso\/\",\"url\":\"https:\/\/dev.antudigital.cl\/sites\/vc\/inscripciones-abiertas-para-estudiar-fotografia-artistica-en-valparaiso\/\",\"name\":\"Inscripciones abiertas para estudiar\u00a0Fotograf\u00eda Art\u00edstica en Valpara\u00edso - Valpara\u00ed\u00adso Creativo\",\"isPartOf\":{\"@id\":\"https:\/\/dev.antudigital.cl\/sites\/vc\/#website\"},\"primaryImageOfPage\":{\"@id\":\"https:\/\/dev.antudigital.cl\/sites\/vc\/inscripciones-abiertas-para-estudiar-fotografia-artistica-en-valparaiso\/#primaryimage\"},\"image\":{\"@id\":\"https:\/\/dev.antudigital.cl\/sites\/vc\/inscripciones-abiertas-para-estudiar-fotografia-artistica-en-valparaiso\/#primaryimage\"},\"thumbnailUrl\":\"https:\/\/dev.antudigital.cl\/sites\/vc\/wp-content\/uploads\/2024\/03\/IMG_4498.jpeg\",\"datePublished\":\"2024-03-25T18:51:26+00:00\",\"dateModified\":\"2024-03-25T18:51:32+00:00\",\"author\":{\"@id\":\"https:\/\/dev.antudigital.cl\/sites\/vc\/#\/schema\/person\/c2b9da8dd545e27166fc5ab232837318\"},\"breadcrumb\":{\"@id\":\"https:\/\/dev.antudigital.cl\/sites\/vc\/inscripciones-abiertas-para-estudiar-fotografia-artistica-en-valparaiso\/#breadcrumb\"},\"inLanguage\":\"es\",\"potentialAction\":[{\"@type\":\"ReadAction\",\"target\":[\"https:\/\/dev.antudigital.cl\/sites\/vc\/inscripciones-abiertas-para-estudiar-fotografia-artistica-en-valparaiso\/\"]}]},{\"@type\":\"ImageObject\",\"inLanguage\":\"es\",\"@id\":\"https:\/\/dev.antudigital.cl\/sites\/vc\/inscripciones-abiertas-para-estudiar-fotografia-artistica-en-valparaiso\/#primaryimage\",\"url\":\"https:\/\/dev.antudigital.cl\/sites\/vc\/wp-content\/uploads\/2024\/03\/IMG_4498.jpeg\",\"contentUrl\":\"https:\/\/dev.antudigital.cl\/sites\/vc\/wp-content\/uploads\/2024\/03\/IMG_4498.jpeg\",\"width\":1500,\"height\":1000},{\"@type\":\"BreadcrumbList\",\"@id\":\"https:\/\/dev.antudigital.cl\/sites\/vc\/inscripciones-abiertas-para-estudiar-fotografia-artistica-en-valparaiso\/#breadcrumb\",\"itemListElement\":[{\"@type\":\"ListItem\",\"position\":1,\"name\":\"Home\",\"item\":\"https:\/\/dev.antudigital.cl\/sites\/vc\/\"},{\"@type\":\"ListItem\",\"position\":2,\"name\":\"Inscripciones abiertas para estudiar\u00a0Fotograf\u00eda Art\u00edstica en Valpara\u00edso\"}]},{\"@type\":\"WebSite\",\"@id\":\"https:\/\/dev.antudigital.cl\/sites\/vc\/#website\",\"url\":\"https:\/\/dev.antudigital.cl\/sites\/vc\/\",\"name\":\"Valpara\u00ed\u00adso Creativo\",\"description\":\"\",\"potentialAction\":[{\"@type\":\"SearchAction\",\"target\":{\"@type\":\"EntryPoint\",\"urlTemplate\":\"https:\/\/dev.antudigital.cl\/sites\/vc\/?s={search_term_string}\"},\"query-input\":{\"@type\":\"PropertyValueSpecification\",\"valueRequired\":true,\"valueName\":\"search_term_string\"}}],\"inLanguage\":\"es\"},{\"@type\":\"Person\",\"@id\":\"https:\/\/dev.antudigital.cl\/sites\/vc\/#\/schema\/person\/c2b9da8dd545e27166fc5ab232837318\",\"name\":\"Valpara\u00edso Creativo\",\"description\":\"Periodista de cultura en la Regi\u00f3n de Valpara\u00edso.\",\"url\":\"https:\/\/dev.antudigital.cl\/sites\/vc\/author\/valpoadmin\/\"}]}<\/script>\n<!-- \/ Yoast SEO plugin. -->","yoast_head_json":{"title":"Inscripciones abiertas para estudiar\u00a0Fotograf\u00eda Art\u00edstica en Valpara\u00edso - Valpara\u00ed\u00adso Creativo","robots":{"index":"index","follow":"follow","max-snippet":"max-snippet:-1","max-image-preview":"max-image-preview:large","max-video-preview":"max-video-preview:-1"},"canonical":"https:\/\/dev.antudigital.cl\/sites\/vc\/inscripciones-abiertas-para-estudiar-fotografia-artistica-en-valparaiso\/","og_locale":"es_ES","og_type":"article","og_title":"Inscripciones abiertas para estudiar\u00a0Fotograf\u00eda Art\u00edstica en Valpara\u00edso - Valpara\u00ed\u00adso Creativo","og_description":"La iniciativa cuenta con el financiamiento del Ministerio de las Culturas, las Artes y el Patrimonio a trav\u00e9s de su Programa de Apoyo a Organizaciones Culturales Colaboradoras. Con una trayectoria de 25 a\u00f1os en Valpara\u00edso, Camaralucida se ha levantado como un espacio de experimentaci\u00f3n y creaci\u00f3n de proyectos fotogr\u00e1ficos que nacen desde la diversidad que [&hellip;]","og_url":"https:\/\/dev.antudigital.cl\/sites\/vc\/inscripciones-abiertas-para-estudiar-fotografia-artistica-en-valparaiso\/","og_site_name":"Valpara\u00ed\u00adso Creativo","article_published_time":"2024-03-25T18:51:26+00:00","article_modified_time":"2024-03-25T18:51:32+00:00","og_image":[{"width":1500,"height":1000,"url":"https:\/\/dev.antudigital.cl\/sites\/vc\/wp-content\/uploads\/2024\/03\/IMG_4498.jpeg","type":"image\/jpeg"}],"author":"Valpara\u00edso Creativo","twitter_card":"summary_large_image","twitter_misc":{"Escrito por":"Valpara\u00edso Creativo","Tiempo de lectura":"2 minutos"},"schema":{"@context":"https:\/\/schema.org","@graph":[{"@type":"Article","@id":"https:\/\/dev.antudigital.cl\/sites\/vc\/inscripciones-abiertas-para-estudiar-fotografia-artistica-en-valparaiso\/#article","isPartOf":{"@id":"https:\/\/dev.antudigital.cl\/sites\/vc\/inscripciones-abiertas-para-estudiar-fotografia-artistica-en-valparaiso\/"},"author":{"name":"Valpara\u00edso Creativo","@id":"https:\/\/dev.antudigital.cl\/sites\/vc\/#\/schema\/person\/c2b9da8dd545e27166fc5ab232837318"},"headline":"Inscripciones abiertas para estudiar\u00a0Fotograf\u00eda Art\u00edstica en Valpara\u00edso","datePublished":"2024-03-25T18:51:26+00:00","dateModified":"2024-03-25T18:51:32+00:00","mainEntityOfPage":{"@id":"https:\/\/dev.antudigital.cl\/sites\/vc\/inscripciones-abiertas-para-estudiar-fotografia-artistica-en-valparaiso\/"},"wordCount":392,"image":{"@id":"https:\/\/dev.antudigital.cl\/sites\/vc\/inscripciones-abiertas-para-estudiar-fotografia-artistica-en-valparaiso\/#primaryimage"},"thumbnailUrl":"https:\/\/dev.antudigital.cl\/sites\/vc\/wp-content\/uploads\/2024\/03\/IMG_4498.jpeg","articleSection":["Uncategorized"],"inLanguage":"es"},{"@type":"WebPage","@id":"https:\/\/dev.antudigital.cl\/sites\/vc\/inscripciones-abiertas-para-estudiar-fotografia-artistica-en-valparaiso\/","url":"https:\/\/dev.antudigital.cl\/sites\/vc\/inscripciones-abiertas-para-estudiar-fotografia-artistica-en-valparaiso\/","name":"Inscripciones abiertas para estudiar\u00a0Fotograf\u00eda Art\u00edstica en Valpara\u00edso - Valpara\u00ed\u00adso Creativo","isPartOf":{"@id":"https:\/\/dev.antudigital.cl\/sites\/vc\/#website"},"primaryImageOfPage":{"@id":"https:\/\/dev.antudigital.cl\/sites\/vc\/inscripciones-abiertas-para-estudiar-fotografia-artistica-en-valparaiso\/#primaryimage"},"image":{"@id":"https:\/\/dev.antudigital.cl\/sites\/vc\/inscripciones-abiertas-para-estudiar-fotografia-artistica-en-valparaiso\/#primaryimage"},"thumbnailUrl":"https:\/\/dev.antudigital.cl\/sites\/vc\/wp-content\/uploads\/2024\/03\/IMG_4498.jpeg","datePublished":"2024-03-25T18:51:26+00:00","dateModified":"2024-03-25T18:51:32+00:00","author":{"@id":"https:\/\/dev.antudigital.cl\/sites\/vc\/#\/schema\/person\/c2b9da8dd545e27166fc5ab232837318"},"breadcrumb":{"@id":"https:\/\/dev.antudigital.cl\/sites\/vc\/inscripciones-abiertas-para-estudiar-fotografia-artistica-en-valparaiso\/#breadcrumb"},"inLanguage":"es","potentialAction":[{"@type":"ReadAction","target":["https:\/\/dev.antudigital.cl\/sites\/vc\/inscripciones-abiertas-para-estudiar-fotografia-artistica-en-valparaiso\/"]}]},{"@type":"ImageObject","inLanguage":"es","@id":"https:\/\/dev.antudigital.cl\/sites\/vc\/inscripciones-abiertas-para-estudiar-fotografia-artistica-en-valparaiso\/#primaryimage","url":"https:\/\/dev.antudigital.cl\/sites\/vc\/wp-content\/uploads\/2024\/03\/IMG_4498.jpeg","contentUrl":"https:\/\/dev.antudigital.cl\/sites\/vc\/wp-content\/uploads\/2024\/03\/IMG_4498.jpeg","width":1500,"height":1000},{"@type":"BreadcrumbList","@id":"https:\/\/dev.antudigital.cl\/sites\/vc\/inscripciones-abiertas-para-estudiar-fotografia-artistica-en-valparaiso\/#breadcrumb","itemListElement":[{"@type":"ListItem","position":1,"name":"Home","item":"https:\/\/dev.antudigital.cl\/sites\/vc\/"},{"@type":"ListItem","position":2,"name":"Inscripciones abiertas para estudiar\u00a0Fotograf\u00eda Art\u00edstica en Valpara\u00edso"}]},{"@type":"WebSite","@id":"https:\/\/dev.antudigital.cl\/sites\/vc\/#website","url":"https:\/\/dev.antudigital.cl\/sites\/vc\/","name":"Valpara\u00ed\u00adso Creativo","description":"","potentialAction":[{"@type":"SearchAction","target":{"@type":"EntryPoint","urlTemplate":"https:\/\/dev.antudigital.cl\/sites\/vc\/?s={search_term_string}"},"query-input":{"@type":"PropertyValueSpecification","valueRequired":true,"valueName":"search_term_string"}}],"inLanguage":"es"},{"@type":"Person","@id":"https:\/\/dev.antudigital.cl\/sites\/vc\/#\/schema\/person\/c2b9da8dd545e27166fc5ab232837318","name":"Valpara\u00edso Creativo","description":"Periodista de cultura en la Regi\u00f3n de Valpara\u00edso.","url":"https:\/\/dev.antudigital.cl\/sites\/vc\/author\/valpoadmin\/"}]}},"_links":{"self":[{"href":"https:\/\/dev.antudigital.cl\/sites\/vc\/wp-json\/wp\/v2\/posts\/18691","targetHints":{"allow":["GET"]}}],"collection":[{"href":"https:\/\/dev.antudigital.cl\/sites\/vc\/wp-json\/wp\/v2\/posts"}],"about":[{"href":"https:\/\/dev.antudigital.cl\/sites\/vc\/wp-json\/wp\/v2\/types\/post"}],"author":[{"embeddable":true,"href":"https:\/\/dev.antudigital.cl\/sites\/vc\/wp-json\/wp\/v2\/users\/1"}],"replies":[{"embeddable":true,"href":"https:\/\/dev.antudigital.cl\/sites\/vc\/wp-json\/wp\/v2\/comments?post=18691"}],"version-history":[{"count":1,"href":"https:\/\/dev.antudigital.cl\/sites\/vc\/wp-json\/wp\/v2\/posts\/18691\/revisions"}],"predecessor-version":[{"id":18693,"href":"https:\/\/dev.antudigital.cl\/sites\/vc\/wp-json\/wp\/v2\/posts\/18691\/revisions\/18693"}],"wp:featuredmedia":[{"embeddable":true,"href":"https:\/\/dev.antudigital.cl\/sites\/vc\/wp-json\/wp\/v2\/media\/18692"}],"wp:attachment":[{"href":"https:\/\/dev.antudigital.cl\/sites\/vc\/wp-json\/wp\/v2\/media?parent=18691"}],"wp:term":[{"taxonomy":"category","embeddable":true,"href":"https:\/\/dev.antudigital.cl\/sites\/vc\/wp-json\/wp\/v2\/categories?post=18691"},{"taxonomy":"post_tag","embeddable":true,"href":"https:\/\/dev.antudigital.cl\/sites\/vc\/wp-json\/wp\/v2\/tags?post=18691"}],"curies":[{"name":"wp","href":"https:\/\/api.w.org\/{rel}","templated":true}]}}