{"id":18694,"date":"2024-03-25T19:10:28","date_gmt":"2024-03-25T19:10:28","guid":{"rendered":"https:\/\/www.valparaisocreativo.cl\/?p=18694"},"modified":"2024-03-25T19:10:37","modified_gmt":"2024-03-25T19:10:37","slug":"innovador-proyecto-tecnologico-que-beneficiara-a-22-empresas-de-la-v-region-fue-lanzado-en-conjunto-por-corfo-y-la-empresa-500-nanometros","status":"publish","type":"post","link":"https:\/\/dev.antudigital.cl\/sites\/vc\/innovador-proyecto-tecnologico-que-beneficiara-a-22-empresas-de-la-v-region-fue-lanzado-en-conjunto-por-corfo-y-la-empresa-500-nanometros\/","title":{"rendered":"Innovador proyecto tecnol\u00f3gico que beneficiar\u00e1 a 22 empresas de la\u00a0V regi\u00f3n fue lanzado en conjunto por CORFO y la empresa 500 Nan\u00f3metros"},"content":{"rendered":"\n<p><em>\u00abPotenciando la innovaci\u00f3n regional: Incorporaci\u00f3n de Motion Capture en empresas tecno creativas de la regi\u00f3n de Valpara\u00edso\u201d<\/em><em> <\/em>es el nombre que lleva este curso formativo,<em> <\/em>cuyo&nbsp; objetivo es transferir conocimientos en el uso y aplicaci\u00f3n de hardware y software de captura de movimiento.<\/p>\n\n\n\n<p>Durante los pr\u00f3ximos tres meses, un total de 22 empresas de la V Regi\u00f3n ser\u00e1n beneficiados con el programa <strong><em>\u00abPotenciando la innovaci\u00f3n regional: Incorporaci\u00f3n de Motion Capture en empresas tecno creativas de la regi\u00f3n de Valpara\u00edso\u201d<\/em><\/strong><em>, <\/em>el cual es organizado\u00a0 por 500 Nan\u00f3metros, empresa que se especializa en procesos creativos y tecnolog\u00edas inmersivas, quien se adjudic\u00f3 el Programa de Transferencia Tecnol\u00f3gica de\u00a0 CORFO para implementarlo.<\/p>\n\n\n\n<figure class=\"wp-block-image size-large\"><img fetchpriority=\"high\" decoding=\"async\" width=\"1024\" height=\"680\" src=\"https:\/\/www.valparaisocreativo.cl\/wp-content\/uploads\/2024\/03\/Lanzamiento-PDT-Motion-Capture-1024x680.jpg\" alt=\"\" class=\"wp-image-18700\" srcset=\"https:\/\/dev.antudigital.cl\/sites\/vc\/wp-content\/uploads\/2024\/03\/Lanzamiento-PDT-Motion-Capture-1024x680.jpg 1024w, https:\/\/dev.antudigital.cl\/sites\/vc\/wp-content\/uploads\/2024\/03\/Lanzamiento-PDT-Motion-Capture-300x199.jpg 300w, https:\/\/dev.antudigital.cl\/sites\/vc\/wp-content\/uploads\/2024\/03\/Lanzamiento-PDT-Motion-Capture-768x510.jpg 768w, https:\/\/dev.antudigital.cl\/sites\/vc\/wp-content\/uploads\/2024\/03\/Lanzamiento-PDT-Motion-Capture-1536x1020.jpg 1536w, https:\/\/dev.antudigital.cl\/sites\/vc\/wp-content\/uploads\/2024\/03\/Lanzamiento-PDT-Motion-Capture-1080x717.jpg 1080w, https:\/\/dev.antudigital.cl\/sites\/vc\/wp-content\/uploads\/2024\/03\/Lanzamiento-PDT-Motion-Capture-1280x850.jpg 1280w, https:\/\/dev.antudigital.cl\/sites\/vc\/wp-content\/uploads\/2024\/03\/Lanzamiento-PDT-Motion-Capture-980x651.jpg 980w, https:\/\/dev.antudigital.cl\/sites\/vc\/wp-content\/uploads\/2024\/03\/Lanzamiento-PDT-Motion-Capture-480x319.jpg 480w, https:\/\/dev.antudigital.cl\/sites\/vc\/wp-content\/uploads\/2024\/03\/Lanzamiento-PDT-Motion-Capture-24x16.jpg 24w, https:\/\/dev.antudigital.cl\/sites\/vc\/wp-content\/uploads\/2024\/03\/Lanzamiento-PDT-Motion-Capture-36x24.jpg 36w, https:\/\/dev.antudigital.cl\/sites\/vc\/wp-content\/uploads\/2024\/03\/Lanzamiento-PDT-Motion-Capture-48x32.jpg 48w, https:\/\/dev.antudigital.cl\/sites\/vc\/wp-content\/uploads\/2024\/03\/Lanzamiento-PDT-Motion-Capture.jpg 2048w\" sizes=\"(max-width: 1024px) 100vw, 1024px\" \/><\/figure>\n\n\n\n<p>El encargado de liderar esta capacitaci\u00f3n es Daniel Cappelletti, cineasta, programador y especialista en el desarrollo de tecnolog\u00edas inmersivas y producciones virtuales, quien dict\u00f3 la conferencia \u201cMotion Capture en la industria creativa\u201d.<\/p>\n\n\n\n<p>El objetivo central de este proyecto es capacitar a creativos de la regi\u00f3n en tecnolog\u00edas de captura de movimiento, enfoc\u00e1ndose en IA, trajes inerciales y <em>face tracking<\/em>, a fin de optimizar procesos de animaci\u00f3n y <em>live streaming<\/em>.&nbsp; Esto, con el prop\u00f3sito de aumentar competencias en innovaci\u00f3n, productividad y competitividad de dichas empresas tanto en Chile como en el extranjero, posibilitando su inclusi\u00f3n en un mercado global y vanguardista.<\/p>\n\n\n\n<p>&nbsp;\u201cPara nosotros como Corfo Valpara\u00edso es s\u00faper importante apoyar este tipo de proyectos toda vez que buscan la difusi\u00f3n de tecnolog\u00edas t\u00e9cnicas, conocimiento, la transferencia tambi\u00e9n de tecnolog\u00edas de expertos con empresas emprendedoras o pymes de la regi\u00f3n de Valpara\u00edso en un tema tan importante como es econom\u00eda creativa\u201d, se\u00f1al\u00f3 Etienne Choupay, Director regional Corfo Valpara\u00edso, durante el lanzamiento del programa realizado en la Universidad T\u00e9cnica Federico Santa Mar\u00eda.<\/p>\n\n\n\n<p>Valentina Ripamonti, socia de 500 Nan\u00f3metros, destac\u00f3 que \u201cesta es una tremenda oportunidad para que estas 22 empresas est\u00e9n a la vanguardia tecnol\u00f3gica. Por eso, valoramos esta instancia y agradecemos a CORFO por confiar en nosotros para desarrollar las capacitaciones que estaremos ejecutando por los pr\u00f3ximos meses. Desde 500 Nan\u00f3metros, como ente articulador, pondremos nuestro m\u00e1ximo esfuerzo para entregarles a todos un programa de primer\u00edsima calidad, con una visi\u00f3n de futuro que los ayude a potenciar sus metas\u201d.<\/p>\n\n\n\n<p>El motion capture, o captura de movimiento, es una tecnolog\u00eda innovadora que registra y digitaliza los movimientos de personas o objetos reales para luego aplicarlos a personajes digitales en pel\u00edculas, videojuegos, publicidad y m\u00e1s. Imagina que cada movimiento que haces puede ser grabado y transferido a un personaje virtual, d\u00e1ndole vida de manera realista. Su utilizaci\u00f3n es cada vez m\u00e1s frecuente e intensiva (Hibbitts, 2020) y ha sido fundamental para la creaci\u00f3n de \u00e9xitos de taquilla como \u201cAvatar\u201d.<\/p>\n\n\n\n<figure class=\"wp-block-gallery has-nested-images columns-default is-cropped wp-block-gallery-1 is-layout-flex wp-block-gallery-is-layout-flex\">\n<figure class=\"wp-block-image size-large\"><img decoding=\"async\" width=\"1024\" height=\"680\" data-id=\"18697\" src=\"https:\/\/www.valparaisocreativo.cl\/wp-content\/uploads\/2024\/03\/Daniel-Cappelletti-Camila-Bolados-GORE-Valparaiso-Florencia-Larrea-1024x680.jpg\" alt=\"\" class=\"wp-image-18697\" srcset=\"https:\/\/dev.antudigital.cl\/sites\/vc\/wp-content\/uploads\/2024\/03\/Daniel-Cappelletti-Camila-Bolados-GORE-Valparaiso-Florencia-Larrea-1024x680.jpg 1024w, https:\/\/dev.antudigital.cl\/sites\/vc\/wp-content\/uploads\/2024\/03\/Daniel-Cappelletti-Camila-Bolados-GORE-Valparaiso-Florencia-Larrea-300x199.jpg 300w, https:\/\/dev.antudigital.cl\/sites\/vc\/wp-content\/uploads\/2024\/03\/Daniel-Cappelletti-Camila-Bolados-GORE-Valparaiso-Florencia-Larrea-768x510.jpg 768w, https:\/\/dev.antudigital.cl\/sites\/vc\/wp-content\/uploads\/2024\/03\/Daniel-Cappelletti-Camila-Bolados-GORE-Valparaiso-Florencia-Larrea-1536x1020.jpg 1536w, https:\/\/dev.antudigital.cl\/sites\/vc\/wp-content\/uploads\/2024\/03\/Daniel-Cappelletti-Camila-Bolados-GORE-Valparaiso-Florencia-Larrea-1080x717.jpg 1080w, https:\/\/dev.antudigital.cl\/sites\/vc\/wp-content\/uploads\/2024\/03\/Daniel-Cappelletti-Camila-Bolados-GORE-Valparaiso-Florencia-Larrea-1280x850.jpg 1280w, https:\/\/dev.antudigital.cl\/sites\/vc\/wp-content\/uploads\/2024\/03\/Daniel-Cappelletti-Camila-Bolados-GORE-Valparaiso-Florencia-Larrea-980x651.jpg 980w, https:\/\/dev.antudigital.cl\/sites\/vc\/wp-content\/uploads\/2024\/03\/Daniel-Cappelletti-Camila-Bolados-GORE-Valparaiso-Florencia-Larrea-480x319.jpg 480w, https:\/\/dev.antudigital.cl\/sites\/vc\/wp-content\/uploads\/2024\/03\/Daniel-Cappelletti-Camila-Bolados-GORE-Valparaiso-Florencia-Larrea-24x16.jpg 24w, https:\/\/dev.antudigital.cl\/sites\/vc\/wp-content\/uploads\/2024\/03\/Daniel-Cappelletti-Camila-Bolados-GORE-Valparaiso-Florencia-Larrea-36x24.jpg 36w, https:\/\/dev.antudigital.cl\/sites\/vc\/wp-content\/uploads\/2024\/03\/Daniel-Cappelletti-Camila-Bolados-GORE-Valparaiso-Florencia-Larrea-48x32.jpg 48w, https:\/\/dev.antudigital.cl\/sites\/vc\/wp-content\/uploads\/2024\/03\/Daniel-Cappelletti-Camila-Bolados-GORE-Valparaiso-Florencia-Larrea.jpg 2048w\" sizes=\"(max-width: 1024px) 100vw, 1024px\" \/><\/figure>\n\n\n\n<figure class=\"wp-block-image size-large\"><img decoding=\"async\" width=\"1024\" height=\"680\" data-id=\"18696\" src=\"https:\/\/www.valparaisocreativo.cl\/wp-content\/uploads\/2024\/03\/Daniel-Cappelletti-Antonia-Valenzuela-500NM-Mauricio-Cifuentes-Valparaiso-Creativo-Jorge-Riquelme-Corfo-Valparaiso-Loreto-Aravena-ARCOS-Valparaiso-1024x680.jpg\" alt=\"\" class=\"wp-image-18696\" srcset=\"https:\/\/dev.antudigital.cl\/sites\/vc\/wp-content\/uploads\/2024\/03\/Daniel-Cappelletti-Antonia-Valenzuela-500NM-Mauricio-Cifuentes-Valparaiso-Creativo-Jorge-Riquelme-Corfo-Valparaiso-Loreto-Aravena-ARCOS-Valparaiso-1024x680.jpg 1024w, https:\/\/dev.antudigital.cl\/sites\/vc\/wp-content\/uploads\/2024\/03\/Daniel-Cappelletti-Antonia-Valenzuela-500NM-Mauricio-Cifuentes-Valparaiso-Creativo-Jorge-Riquelme-Corfo-Valparaiso-Loreto-Aravena-ARCOS-Valparaiso-300x199.jpg 300w, https:\/\/dev.antudigital.cl\/sites\/vc\/wp-content\/uploads\/2024\/03\/Daniel-Cappelletti-Antonia-Valenzuela-500NM-Mauricio-Cifuentes-Valparaiso-Creativo-Jorge-Riquelme-Corfo-Valparaiso-Loreto-Aravena-ARCOS-Valparaiso-768x510.jpg 768w, https:\/\/dev.antudigital.cl\/sites\/vc\/wp-content\/uploads\/2024\/03\/Daniel-Cappelletti-Antonia-Valenzuela-500NM-Mauricio-Cifuentes-Valparaiso-Creativo-Jorge-Riquelme-Corfo-Valparaiso-Loreto-Aravena-ARCOS-Valparaiso-1536x1020.jpg 1536w, https:\/\/dev.antudigital.cl\/sites\/vc\/wp-content\/uploads\/2024\/03\/Daniel-Cappelletti-Antonia-Valenzuela-500NM-Mauricio-Cifuentes-Valparaiso-Creativo-Jorge-Riquelme-Corfo-Valparaiso-Loreto-Aravena-ARCOS-Valparaiso-1080x717.jpg 1080w, https:\/\/dev.antudigital.cl\/sites\/vc\/wp-content\/uploads\/2024\/03\/Daniel-Cappelletti-Antonia-Valenzuela-500NM-Mauricio-Cifuentes-Valparaiso-Creativo-Jorge-Riquelme-Corfo-Valparaiso-Loreto-Aravena-ARCOS-Valparaiso-1280x850.jpg 1280w, https:\/\/dev.antudigital.cl\/sites\/vc\/wp-content\/uploads\/2024\/03\/Daniel-Cappelletti-Antonia-Valenzuela-500NM-Mauricio-Cifuentes-Valparaiso-Creativo-Jorge-Riquelme-Corfo-Valparaiso-Loreto-Aravena-ARCOS-Valparaiso-980x651.jpg 980w, https:\/\/dev.antudigital.cl\/sites\/vc\/wp-content\/uploads\/2024\/03\/Daniel-Cappelletti-Antonia-Valenzuela-500NM-Mauricio-Cifuentes-Valparaiso-Creativo-Jorge-Riquelme-Corfo-Valparaiso-Loreto-Aravena-ARCOS-Valparaiso-480x319.jpg 480w, https:\/\/dev.antudigital.cl\/sites\/vc\/wp-content\/uploads\/2024\/03\/Daniel-Cappelletti-Antonia-Valenzuela-500NM-Mauricio-Cifuentes-Valparaiso-Creativo-Jorge-Riquelme-Corfo-Valparaiso-Loreto-Aravena-ARCOS-Valparaiso-24x16.jpg 24w, https:\/\/dev.antudigital.cl\/sites\/vc\/wp-content\/uploads\/2024\/03\/Daniel-Cappelletti-Antonia-Valenzuela-500NM-Mauricio-Cifuentes-Valparaiso-Creativo-Jorge-Riquelme-Corfo-Valparaiso-Loreto-Aravena-ARCOS-Valparaiso-36x24.jpg 36w, https:\/\/dev.antudigital.cl\/sites\/vc\/wp-content\/uploads\/2024\/03\/Daniel-Cappelletti-Antonia-Valenzuela-500NM-Mauricio-Cifuentes-Valparaiso-Creativo-Jorge-Riquelme-Corfo-Valparaiso-Loreto-Aravena-ARCOS-Valparaiso-48x32.jpg 48w, https:\/\/dev.antudigital.cl\/sites\/vc\/wp-content\/uploads\/2024\/03\/Daniel-Cappelletti-Antonia-Valenzuela-500NM-Mauricio-Cifuentes-Valparaiso-Creativo-Jorge-Riquelme-Corfo-Valparaiso-Loreto-Aravena-ARCOS-Valparaiso.jpg 2048w\" sizes=\"(max-width: 1024px) 100vw, 1024px\" \/><\/figure>\n\n\n\n<figure class=\"wp-block-image size-large\"><img loading=\"lazy\" decoding=\"async\" width=\"1024\" height=\"680\" data-id=\"18695\" src=\"https:\/\/www.valparaisocreativo.cl\/wp-content\/uploads\/2024\/03\/Camila-Bolados-GORE-Valparaiso-Maria-Jose-Escobar-USM-Teresa-Diaz-MetaDistritos-UVM-Etienne-Choupay-Director-Regional-Corfo-Valparaiso--1024x680.jpg\" alt=\"\" class=\"wp-image-18695\" srcset=\"https:\/\/dev.antudigital.cl\/sites\/vc\/wp-content\/uploads\/2024\/03\/Camila-Bolados-GORE-Valparaiso-Maria-Jose-Escobar-USM-Teresa-Diaz-MetaDistritos-UVM-Etienne-Choupay-Director-Regional-Corfo-Valparaiso--1024x680.jpg 1024w, https:\/\/dev.antudigital.cl\/sites\/vc\/wp-content\/uploads\/2024\/03\/Camila-Bolados-GORE-Valparaiso-Maria-Jose-Escobar-USM-Teresa-Diaz-MetaDistritos-UVM-Etienne-Choupay-Director-Regional-Corfo-Valparaiso--300x199.jpg 300w, https:\/\/dev.antudigital.cl\/sites\/vc\/wp-content\/uploads\/2024\/03\/Camila-Bolados-GORE-Valparaiso-Maria-Jose-Escobar-USM-Teresa-Diaz-MetaDistritos-UVM-Etienne-Choupay-Director-Regional-Corfo-Valparaiso--768x510.jpg 768w, https:\/\/dev.antudigital.cl\/sites\/vc\/wp-content\/uploads\/2024\/03\/Camila-Bolados-GORE-Valparaiso-Maria-Jose-Escobar-USM-Teresa-Diaz-MetaDistritos-UVM-Etienne-Choupay-Director-Regional-Corfo-Valparaiso--1536x1020.jpg 1536w, https:\/\/dev.antudigital.cl\/sites\/vc\/wp-content\/uploads\/2024\/03\/Camila-Bolados-GORE-Valparaiso-Maria-Jose-Escobar-USM-Teresa-Diaz-MetaDistritos-UVM-Etienne-Choupay-Director-Regional-Corfo-Valparaiso--1080x717.jpg 1080w, https:\/\/dev.antudigital.cl\/sites\/vc\/wp-content\/uploads\/2024\/03\/Camila-Bolados-GORE-Valparaiso-Maria-Jose-Escobar-USM-Teresa-Diaz-MetaDistritos-UVM-Etienne-Choupay-Director-Regional-Corfo-Valparaiso--1280x850.jpg 1280w, https:\/\/dev.antudigital.cl\/sites\/vc\/wp-content\/uploads\/2024\/03\/Camila-Bolados-GORE-Valparaiso-Maria-Jose-Escobar-USM-Teresa-Diaz-MetaDistritos-UVM-Etienne-Choupay-Director-Regional-Corfo-Valparaiso--980x651.jpg 980w, https:\/\/dev.antudigital.cl\/sites\/vc\/wp-content\/uploads\/2024\/03\/Camila-Bolados-GORE-Valparaiso-Maria-Jose-Escobar-USM-Teresa-Diaz-MetaDistritos-UVM-Etienne-Choupay-Director-Regional-Corfo-Valparaiso--480x319.jpg 480w, https:\/\/dev.antudigital.cl\/sites\/vc\/wp-content\/uploads\/2024\/03\/Camila-Bolados-GORE-Valparaiso-Maria-Jose-Escobar-USM-Teresa-Diaz-MetaDistritos-UVM-Etienne-Choupay-Director-Regional-Corfo-Valparaiso--24x16.jpg 24w, https:\/\/dev.antudigital.cl\/sites\/vc\/wp-content\/uploads\/2024\/03\/Camila-Bolados-GORE-Valparaiso-Maria-Jose-Escobar-USM-Teresa-Diaz-MetaDistritos-UVM-Etienne-Choupay-Director-Regional-Corfo-Valparaiso--36x24.jpg 36w, https:\/\/dev.antudigital.cl\/sites\/vc\/wp-content\/uploads\/2024\/03\/Camila-Bolados-GORE-Valparaiso-Maria-Jose-Escobar-USM-Teresa-Diaz-MetaDistritos-UVM-Etienne-Choupay-Director-Regional-Corfo-Valparaiso--48x32.jpg 48w, https:\/\/dev.antudigital.cl\/sites\/vc\/wp-content\/uploads\/2024\/03\/Camila-Bolados-GORE-Valparaiso-Maria-Jose-Escobar-USM-Teresa-Diaz-MetaDistritos-UVM-Etienne-Choupay-Director-Regional-Corfo-Valparaiso-.jpg 2048w\" sizes=\"(max-width: 1024px) 100vw, 1024px\" \/><\/figure>\n\n\n\n<figure class=\"wp-block-image size-large\"><img loading=\"lazy\" decoding=\"async\" width=\"1024\" height=\"680\" data-id=\"18699\" src=\"https:\/\/www.valparaisocreativo.cl\/wp-content\/uploads\/2024\/03\/Lanzamiento-PDT-Motion-Capture--1024x680.jpg\" alt=\"\" class=\"wp-image-18699\" srcset=\"https:\/\/dev.antudigital.cl\/sites\/vc\/wp-content\/uploads\/2024\/03\/Lanzamiento-PDT-Motion-Capture--1024x680.jpg 1024w, https:\/\/dev.antudigital.cl\/sites\/vc\/wp-content\/uploads\/2024\/03\/Lanzamiento-PDT-Motion-Capture--300x199.jpg 300w, https:\/\/dev.antudigital.cl\/sites\/vc\/wp-content\/uploads\/2024\/03\/Lanzamiento-PDT-Motion-Capture--768x510.jpg 768w, https:\/\/dev.antudigital.cl\/sites\/vc\/wp-content\/uploads\/2024\/03\/Lanzamiento-PDT-Motion-Capture--1536x1020.jpg 1536w, https:\/\/dev.antudigital.cl\/sites\/vc\/wp-content\/uploads\/2024\/03\/Lanzamiento-PDT-Motion-Capture--1080x717.jpg 1080w, https:\/\/dev.antudigital.cl\/sites\/vc\/wp-content\/uploads\/2024\/03\/Lanzamiento-PDT-Motion-Capture--1280x850.jpg 1280w, https:\/\/dev.antudigital.cl\/sites\/vc\/wp-content\/uploads\/2024\/03\/Lanzamiento-PDT-Motion-Capture--980x651.jpg 980w, https:\/\/dev.antudigital.cl\/sites\/vc\/wp-content\/uploads\/2024\/03\/Lanzamiento-PDT-Motion-Capture--480x319.jpg 480w, https:\/\/dev.antudigital.cl\/sites\/vc\/wp-content\/uploads\/2024\/03\/Lanzamiento-PDT-Motion-Capture--24x16.jpg 24w, https:\/\/dev.antudigital.cl\/sites\/vc\/wp-content\/uploads\/2024\/03\/Lanzamiento-PDT-Motion-Capture--36x24.jpg 36w, https:\/\/dev.antudigital.cl\/sites\/vc\/wp-content\/uploads\/2024\/03\/Lanzamiento-PDT-Motion-Capture--48x32.jpg 48w, https:\/\/dev.antudigital.cl\/sites\/vc\/wp-content\/uploads\/2024\/03\/Lanzamiento-PDT-Motion-Capture-.jpg 2048w\" sizes=\"(max-width: 1024px) 100vw, 1024px\" \/><\/figure>\n<\/figure>\n","protected":false},"excerpt":{"rendered":"<p>\u00abPotenciando la innovaci\u00f3n regional: Incorporaci\u00f3n de Motion Capture en empresas tecno creativas de la regi\u00f3n de Valpara\u00edso\u201d es el nombre que lleva este curso formativo, cuyo&nbsp; objetivo es transferir conocimientos en el uso y aplicaci\u00f3n de hardware y software de captura de movimiento. Durante los pr\u00f3ximos tres meses, un total de 22 empresas de la [&hellip;]<\/p>\n","protected":false},"author":1,"featured_media":18698,"comment_status":"closed","ping_status":"closed","sticky":false,"template":"","format":"standard","meta":{"_acf_changed":false,"footnotes":""},"categories":[1],"tags":[],"class_list":["post-18694","post","type-post","status-publish","format-standard","has-post-thumbnail","hentry","category-uncategorized"],"acf":[],"yoast_head":"<!-- This site is optimized with the Yoast SEO plugin v27.1.1 - https:\/\/yoast.com\/product\/yoast-seo-wordpress\/ -->\n<title>Innovador proyecto tecnol\u00f3gico que beneficiar\u00e1 a 22 empresas de la\u00a0V regi\u00f3n fue lanzado en conjunto por CORFO y la empresa 500 Nan\u00f3metros - Valpara\u00ed\u00adso Creativo<\/title>\n<meta name=\"robots\" content=\"index, follow, max-snippet:-1, max-image-preview:large, max-video-preview:-1\" \/>\n<link rel=\"canonical\" href=\"https:\/\/dev.antudigital.cl\/sites\/vc\/innovador-proyecto-tecnologico-que-beneficiara-a-22-empresas-de-la-v-region-fue-lanzado-en-conjunto-por-corfo-y-la-empresa-500-nanometros\/\" \/>\n<meta property=\"og:locale\" content=\"es_ES\" \/>\n<meta property=\"og:type\" content=\"article\" \/>\n<meta property=\"og:title\" content=\"Innovador proyecto tecnol\u00f3gico que beneficiar\u00e1 a 22 empresas de la\u00a0V regi\u00f3n fue lanzado en conjunto por CORFO y la empresa 500 Nan\u00f3metros - Valpara\u00ed\u00adso Creativo\" \/>\n<meta property=\"og:description\" content=\"\u00abPotenciando la innovaci\u00f3n regional: Incorporaci\u00f3n de Motion Capture en empresas tecno creativas de la regi\u00f3n de Valpara\u00edso\u201d es el nombre que lleva este curso formativo, cuyo&nbsp; objetivo es transferir conocimientos en el uso y aplicaci\u00f3n de hardware y software de captura de movimiento. Durante los pr\u00f3ximos tres meses, un total de 22 empresas de la [&hellip;]\" \/>\n<meta property=\"og:url\" content=\"https:\/\/dev.antudigital.cl\/sites\/vc\/innovador-proyecto-tecnologico-que-beneficiara-a-22-empresas-de-la-v-region-fue-lanzado-en-conjunto-por-corfo-y-la-empresa-500-nanometros\/\" \/>\n<meta property=\"og:site_name\" content=\"Valpara\u00ed\u00adso Creativo\" \/>\n<meta property=\"article:published_time\" content=\"2024-03-25T19:10:28+00:00\" \/>\n<meta property=\"article:modified_time\" content=\"2024-03-25T19:10:37+00:00\" \/>\n<meta property=\"og:image\" content=\"https:\/\/dev.antudigital.cl\/sites\/vc\/wp-content\/uploads\/2024\/03\/Introduccion-Motion-Capture-por-el-tutor-Daniel-Cappelletti.jpg\" \/>\n\t<meta property=\"og:image:width\" content=\"2048\" \/>\n\t<meta property=\"og:image:height\" content=\"1360\" \/>\n\t<meta property=\"og:image:type\" content=\"image\/jpeg\" \/>\n<meta name=\"author\" content=\"Valpara\u00edso Creativo\" \/>\n<meta name=\"twitter:card\" content=\"summary_large_image\" \/>\n<meta name=\"twitter:label1\" content=\"Escrito por\" \/>\n\t<meta name=\"twitter:data1\" content=\"Valpara\u00edso Creativo\" \/>\n\t<meta name=\"twitter:label2\" content=\"Tiempo de lectura\" \/>\n\t<meta name=\"twitter:data2\" content=\"4 minutos\" \/>\n<script type=\"application\/ld+json\" class=\"yoast-schema-graph\">{\"@context\":\"https:\/\/schema.org\",\"@graph\":[{\"@type\":\"Article\",\"@id\":\"https:\/\/dev.antudigital.cl\/sites\/vc\/innovador-proyecto-tecnologico-que-beneficiara-a-22-empresas-de-la-v-region-fue-lanzado-en-conjunto-por-corfo-y-la-empresa-500-nanometros\/#article\",\"isPartOf\":{\"@id\":\"https:\/\/dev.antudigital.cl\/sites\/vc\/innovador-proyecto-tecnologico-que-beneficiara-a-22-empresas-de-la-v-region-fue-lanzado-en-conjunto-por-corfo-y-la-empresa-500-nanometros\/\"},\"author\":{\"name\":\"Valpara\u00edso Creativo\",\"@id\":\"https:\/\/dev.antudigital.cl\/sites\/vc\/#\/schema\/person\/c2b9da8dd545e27166fc5ab232837318\"},\"headline\":\"Innovador proyecto tecnol\u00f3gico que beneficiar\u00e1 a 22 empresas de la\u00a0V regi\u00f3n fue lanzado en conjunto por CORFO y la empresa 500 Nan\u00f3metros\",\"datePublished\":\"2024-03-25T19:10:28+00:00\",\"dateModified\":\"2024-03-25T19:10:37+00:00\",\"mainEntityOfPage\":{\"@id\":\"https:\/\/dev.antudigital.cl\/sites\/vc\/innovador-proyecto-tecnologico-que-beneficiara-a-22-empresas-de-la-v-region-fue-lanzado-en-conjunto-por-corfo-y-la-empresa-500-nanometros\/\"},\"wordCount\":507,\"image\":{\"@id\":\"https:\/\/dev.antudigital.cl\/sites\/vc\/innovador-proyecto-tecnologico-que-beneficiara-a-22-empresas-de-la-v-region-fue-lanzado-en-conjunto-por-corfo-y-la-empresa-500-nanometros\/#primaryimage\"},\"thumbnailUrl\":\"https:\/\/dev.antudigital.cl\/sites\/vc\/wp-content\/uploads\/2024\/03\/Introduccion-Motion-Capture-por-el-tutor-Daniel-Cappelletti.jpg\",\"articleSection\":[\"Uncategorized\"],\"inLanguage\":\"es\"},{\"@type\":\"WebPage\",\"@id\":\"https:\/\/dev.antudigital.cl\/sites\/vc\/innovador-proyecto-tecnologico-que-beneficiara-a-22-empresas-de-la-v-region-fue-lanzado-en-conjunto-por-corfo-y-la-empresa-500-nanometros\/\",\"url\":\"https:\/\/dev.antudigital.cl\/sites\/vc\/innovador-proyecto-tecnologico-que-beneficiara-a-22-empresas-de-la-v-region-fue-lanzado-en-conjunto-por-corfo-y-la-empresa-500-nanometros\/\",\"name\":\"Innovador proyecto tecnol\u00f3gico que beneficiar\u00e1 a 22 empresas de la\u00a0V regi\u00f3n fue lanzado en conjunto por CORFO y la empresa 500 Nan\u00f3metros - Valpara\u00ed\u00adso Creativo\",\"isPartOf\":{\"@id\":\"https:\/\/dev.antudigital.cl\/sites\/vc\/#website\"},\"primaryImageOfPage\":{\"@id\":\"https:\/\/dev.antudigital.cl\/sites\/vc\/innovador-proyecto-tecnologico-que-beneficiara-a-22-empresas-de-la-v-region-fue-lanzado-en-conjunto-por-corfo-y-la-empresa-500-nanometros\/#primaryimage\"},\"image\":{\"@id\":\"https:\/\/dev.antudigital.cl\/sites\/vc\/innovador-proyecto-tecnologico-que-beneficiara-a-22-empresas-de-la-v-region-fue-lanzado-en-conjunto-por-corfo-y-la-empresa-500-nanometros\/#primaryimage\"},\"thumbnailUrl\":\"https:\/\/dev.antudigital.cl\/sites\/vc\/wp-content\/uploads\/2024\/03\/Introduccion-Motion-Capture-por-el-tutor-Daniel-Cappelletti.jpg\",\"datePublished\":\"2024-03-25T19:10:28+00:00\",\"dateModified\":\"2024-03-25T19:10:37+00:00\",\"author\":{\"@id\":\"https:\/\/dev.antudigital.cl\/sites\/vc\/#\/schema\/person\/c2b9da8dd545e27166fc5ab232837318\"},\"breadcrumb\":{\"@id\":\"https:\/\/dev.antudigital.cl\/sites\/vc\/innovador-proyecto-tecnologico-que-beneficiara-a-22-empresas-de-la-v-region-fue-lanzado-en-conjunto-por-corfo-y-la-empresa-500-nanometros\/#breadcrumb\"},\"inLanguage\":\"es\",\"potentialAction\":[{\"@type\":\"ReadAction\",\"target\":[\"https:\/\/dev.antudigital.cl\/sites\/vc\/innovador-proyecto-tecnologico-que-beneficiara-a-22-empresas-de-la-v-region-fue-lanzado-en-conjunto-por-corfo-y-la-empresa-500-nanometros\/\"]}]},{\"@type\":\"ImageObject\",\"inLanguage\":\"es\",\"@id\":\"https:\/\/dev.antudigital.cl\/sites\/vc\/innovador-proyecto-tecnologico-que-beneficiara-a-22-empresas-de-la-v-region-fue-lanzado-en-conjunto-por-corfo-y-la-empresa-500-nanometros\/#primaryimage\",\"url\":\"https:\/\/dev.antudigital.cl\/sites\/vc\/wp-content\/uploads\/2024\/03\/Introduccion-Motion-Capture-por-el-tutor-Daniel-Cappelletti.jpg\",\"contentUrl\":\"https:\/\/dev.antudigital.cl\/sites\/vc\/wp-content\/uploads\/2024\/03\/Introduccion-Motion-Capture-por-el-tutor-Daniel-Cappelletti.jpg\",\"width\":2048,\"height\":1360},{\"@type\":\"BreadcrumbList\",\"@id\":\"https:\/\/dev.antudigital.cl\/sites\/vc\/innovador-proyecto-tecnologico-que-beneficiara-a-22-empresas-de-la-v-region-fue-lanzado-en-conjunto-por-corfo-y-la-empresa-500-nanometros\/#breadcrumb\",\"itemListElement\":[{\"@type\":\"ListItem\",\"position\":1,\"name\":\"Home\",\"item\":\"https:\/\/dev.antudigital.cl\/sites\/vc\/\"},{\"@type\":\"ListItem\",\"position\":2,\"name\":\"Innovador proyecto tecnol\u00f3gico que beneficiar\u00e1 a 22 empresas de la\u00a0V regi\u00f3n fue lanzado en conjunto por CORFO y la empresa 500 Nan\u00f3metros\"}]},{\"@type\":\"WebSite\",\"@id\":\"https:\/\/dev.antudigital.cl\/sites\/vc\/#website\",\"url\":\"https:\/\/dev.antudigital.cl\/sites\/vc\/\",\"name\":\"Valpara\u00ed\u00adso Creativo\",\"description\":\"\",\"potentialAction\":[{\"@type\":\"SearchAction\",\"target\":{\"@type\":\"EntryPoint\",\"urlTemplate\":\"https:\/\/dev.antudigital.cl\/sites\/vc\/?s={search_term_string}\"},\"query-input\":{\"@type\":\"PropertyValueSpecification\",\"valueRequired\":true,\"valueName\":\"search_term_string\"}}],\"inLanguage\":\"es\"},{\"@type\":\"Person\",\"@id\":\"https:\/\/dev.antudigital.cl\/sites\/vc\/#\/schema\/person\/c2b9da8dd545e27166fc5ab232837318\",\"name\":\"Valpara\u00edso Creativo\",\"description\":\"Periodista de cultura en la Regi\u00f3n de Valpara\u00edso.\",\"url\":\"https:\/\/dev.antudigital.cl\/sites\/vc\/author\/valpoadmin\/\"}]}<\/script>\n<!-- \/ Yoast SEO plugin. -->","yoast_head_json":{"title":"Innovador proyecto tecnol\u00f3gico que beneficiar\u00e1 a 22 empresas de la\u00a0V regi\u00f3n fue lanzado en conjunto por CORFO y la empresa 500 Nan\u00f3metros - Valpara\u00ed\u00adso Creativo","robots":{"index":"index","follow":"follow","max-snippet":"max-snippet:-1","max-image-preview":"max-image-preview:large","max-video-preview":"max-video-preview:-1"},"canonical":"https:\/\/dev.antudigital.cl\/sites\/vc\/innovador-proyecto-tecnologico-que-beneficiara-a-22-empresas-de-la-v-region-fue-lanzado-en-conjunto-por-corfo-y-la-empresa-500-nanometros\/","og_locale":"es_ES","og_type":"article","og_title":"Innovador proyecto tecnol\u00f3gico que beneficiar\u00e1 a 22 empresas de la\u00a0V regi\u00f3n fue lanzado en conjunto por CORFO y la empresa 500 Nan\u00f3metros - Valpara\u00ed\u00adso Creativo","og_description":"\u00abPotenciando la innovaci\u00f3n regional: Incorporaci\u00f3n de Motion Capture en empresas tecno creativas de la regi\u00f3n de Valpara\u00edso\u201d es el nombre que lleva este curso formativo, cuyo&nbsp; objetivo es transferir conocimientos en el uso y aplicaci\u00f3n de hardware y software de captura de movimiento. Durante los pr\u00f3ximos tres meses, un total de 22 empresas de la [&hellip;]","og_url":"https:\/\/dev.antudigital.cl\/sites\/vc\/innovador-proyecto-tecnologico-que-beneficiara-a-22-empresas-de-la-v-region-fue-lanzado-en-conjunto-por-corfo-y-la-empresa-500-nanometros\/","og_site_name":"Valpara\u00ed\u00adso Creativo","article_published_time":"2024-03-25T19:10:28+00:00","article_modified_time":"2024-03-25T19:10:37+00:00","og_image":[{"width":2048,"height":1360,"url":"https:\/\/dev.antudigital.cl\/sites\/vc\/wp-content\/uploads\/2024\/03\/Introduccion-Motion-Capture-por-el-tutor-Daniel-Cappelletti.jpg","type":"image\/jpeg"}],"author":"Valpara\u00edso Creativo","twitter_card":"summary_large_image","twitter_misc":{"Escrito por":"Valpara\u00edso Creativo","Tiempo de lectura":"4 minutos"},"schema":{"@context":"https:\/\/schema.org","@graph":[{"@type":"Article","@id":"https:\/\/dev.antudigital.cl\/sites\/vc\/innovador-proyecto-tecnologico-que-beneficiara-a-22-empresas-de-la-v-region-fue-lanzado-en-conjunto-por-corfo-y-la-empresa-500-nanometros\/#article","isPartOf":{"@id":"https:\/\/dev.antudigital.cl\/sites\/vc\/innovador-proyecto-tecnologico-que-beneficiara-a-22-empresas-de-la-v-region-fue-lanzado-en-conjunto-por-corfo-y-la-empresa-500-nanometros\/"},"author":{"name":"Valpara\u00edso Creativo","@id":"https:\/\/dev.antudigital.cl\/sites\/vc\/#\/schema\/person\/c2b9da8dd545e27166fc5ab232837318"},"headline":"Innovador proyecto tecnol\u00f3gico que beneficiar\u00e1 a 22 empresas de la\u00a0V regi\u00f3n fue lanzado en conjunto por CORFO y la empresa 500 Nan\u00f3metros","datePublished":"2024-03-25T19:10:28+00:00","dateModified":"2024-03-25T19:10:37+00:00","mainEntityOfPage":{"@id":"https:\/\/dev.antudigital.cl\/sites\/vc\/innovador-proyecto-tecnologico-que-beneficiara-a-22-empresas-de-la-v-region-fue-lanzado-en-conjunto-por-corfo-y-la-empresa-500-nanometros\/"},"wordCount":507,"image":{"@id":"https:\/\/dev.antudigital.cl\/sites\/vc\/innovador-proyecto-tecnologico-que-beneficiara-a-22-empresas-de-la-v-region-fue-lanzado-en-conjunto-por-corfo-y-la-empresa-500-nanometros\/#primaryimage"},"thumbnailUrl":"https:\/\/dev.antudigital.cl\/sites\/vc\/wp-content\/uploads\/2024\/03\/Introduccion-Motion-Capture-por-el-tutor-Daniel-Cappelletti.jpg","articleSection":["Uncategorized"],"inLanguage":"es"},{"@type":"WebPage","@id":"https:\/\/dev.antudigital.cl\/sites\/vc\/innovador-proyecto-tecnologico-que-beneficiara-a-22-empresas-de-la-v-region-fue-lanzado-en-conjunto-por-corfo-y-la-empresa-500-nanometros\/","url":"https:\/\/dev.antudigital.cl\/sites\/vc\/innovador-proyecto-tecnologico-que-beneficiara-a-22-empresas-de-la-v-region-fue-lanzado-en-conjunto-por-corfo-y-la-empresa-500-nanometros\/","name":"Innovador proyecto tecnol\u00f3gico que beneficiar\u00e1 a 22 empresas de la\u00a0V regi\u00f3n fue lanzado en conjunto por CORFO y la empresa 500 Nan\u00f3metros - Valpara\u00ed\u00adso Creativo","isPartOf":{"@id":"https:\/\/dev.antudigital.cl\/sites\/vc\/#website"},"primaryImageOfPage":{"@id":"https:\/\/dev.antudigital.cl\/sites\/vc\/innovador-proyecto-tecnologico-que-beneficiara-a-22-empresas-de-la-v-region-fue-lanzado-en-conjunto-por-corfo-y-la-empresa-500-nanometros\/#primaryimage"},"image":{"@id":"https:\/\/dev.antudigital.cl\/sites\/vc\/innovador-proyecto-tecnologico-que-beneficiara-a-22-empresas-de-la-v-region-fue-lanzado-en-conjunto-por-corfo-y-la-empresa-500-nanometros\/#primaryimage"},"thumbnailUrl":"https:\/\/dev.antudigital.cl\/sites\/vc\/wp-content\/uploads\/2024\/03\/Introduccion-Motion-Capture-por-el-tutor-Daniel-Cappelletti.jpg","datePublished":"2024-03-25T19:10:28+00:00","dateModified":"2024-03-25T19:10:37+00:00","author":{"@id":"https:\/\/dev.antudigital.cl\/sites\/vc\/#\/schema\/person\/c2b9da8dd545e27166fc5ab232837318"},"breadcrumb":{"@id":"https:\/\/dev.antudigital.cl\/sites\/vc\/innovador-proyecto-tecnologico-que-beneficiara-a-22-empresas-de-la-v-region-fue-lanzado-en-conjunto-por-corfo-y-la-empresa-500-nanometros\/#breadcrumb"},"inLanguage":"es","potentialAction":[{"@type":"ReadAction","target":["https:\/\/dev.antudigital.cl\/sites\/vc\/innovador-proyecto-tecnologico-que-beneficiara-a-22-empresas-de-la-v-region-fue-lanzado-en-conjunto-por-corfo-y-la-empresa-500-nanometros\/"]}]},{"@type":"ImageObject","inLanguage":"es","@id":"https:\/\/dev.antudigital.cl\/sites\/vc\/innovador-proyecto-tecnologico-que-beneficiara-a-22-empresas-de-la-v-region-fue-lanzado-en-conjunto-por-corfo-y-la-empresa-500-nanometros\/#primaryimage","url":"https:\/\/dev.antudigital.cl\/sites\/vc\/wp-content\/uploads\/2024\/03\/Introduccion-Motion-Capture-por-el-tutor-Daniel-Cappelletti.jpg","contentUrl":"https:\/\/dev.antudigital.cl\/sites\/vc\/wp-content\/uploads\/2024\/03\/Introduccion-Motion-Capture-por-el-tutor-Daniel-Cappelletti.jpg","width":2048,"height":1360},{"@type":"BreadcrumbList","@id":"https:\/\/dev.antudigital.cl\/sites\/vc\/innovador-proyecto-tecnologico-que-beneficiara-a-22-empresas-de-la-v-region-fue-lanzado-en-conjunto-por-corfo-y-la-empresa-500-nanometros\/#breadcrumb","itemListElement":[{"@type":"ListItem","position":1,"name":"Home","item":"https:\/\/dev.antudigital.cl\/sites\/vc\/"},{"@type":"ListItem","position":2,"name":"Innovador proyecto tecnol\u00f3gico que beneficiar\u00e1 a 22 empresas de la\u00a0V regi\u00f3n fue lanzado en conjunto por CORFO y la empresa 500 Nan\u00f3metros"}]},{"@type":"WebSite","@id":"https:\/\/dev.antudigital.cl\/sites\/vc\/#website","url":"https:\/\/dev.antudigital.cl\/sites\/vc\/","name":"Valpara\u00ed\u00adso Creativo","description":"","potentialAction":[{"@type":"SearchAction","target":{"@type":"EntryPoint","urlTemplate":"https:\/\/dev.antudigital.cl\/sites\/vc\/?s={search_term_string}"},"query-input":{"@type":"PropertyValueSpecification","valueRequired":true,"valueName":"search_term_string"}}],"inLanguage":"es"},{"@type":"Person","@id":"https:\/\/dev.antudigital.cl\/sites\/vc\/#\/schema\/person\/c2b9da8dd545e27166fc5ab232837318","name":"Valpara\u00edso Creativo","description":"Periodista de cultura en la Regi\u00f3n de Valpara\u00edso.","url":"https:\/\/dev.antudigital.cl\/sites\/vc\/author\/valpoadmin\/"}]}},"_links":{"self":[{"href":"https:\/\/dev.antudigital.cl\/sites\/vc\/wp-json\/wp\/v2\/posts\/18694","targetHints":{"allow":["GET"]}}],"collection":[{"href":"https:\/\/dev.antudigital.cl\/sites\/vc\/wp-json\/wp\/v2\/posts"}],"about":[{"href":"https:\/\/dev.antudigital.cl\/sites\/vc\/wp-json\/wp\/v2\/types\/post"}],"author":[{"embeddable":true,"href":"https:\/\/dev.antudigital.cl\/sites\/vc\/wp-json\/wp\/v2\/users\/1"}],"replies":[{"embeddable":true,"href":"https:\/\/dev.antudigital.cl\/sites\/vc\/wp-json\/wp\/v2\/comments?post=18694"}],"version-history":[{"count":1,"href":"https:\/\/dev.antudigital.cl\/sites\/vc\/wp-json\/wp\/v2\/posts\/18694\/revisions"}],"predecessor-version":[{"id":18702,"href":"https:\/\/dev.antudigital.cl\/sites\/vc\/wp-json\/wp\/v2\/posts\/18694\/revisions\/18702"}],"wp:featuredmedia":[{"embeddable":true,"href":"https:\/\/dev.antudigital.cl\/sites\/vc\/wp-json\/wp\/v2\/media\/18698"}],"wp:attachment":[{"href":"https:\/\/dev.antudigital.cl\/sites\/vc\/wp-json\/wp\/v2\/media?parent=18694"}],"wp:term":[{"taxonomy":"category","embeddable":true,"href":"https:\/\/dev.antudigital.cl\/sites\/vc\/wp-json\/wp\/v2\/categories?post=18694"},{"taxonomy":"post_tag","embeddable":true,"href":"https:\/\/dev.antudigital.cl\/sites\/vc\/wp-json\/wp\/v2\/tags?post=18694"}],"curies":[{"name":"wp","href":"https:\/\/api.w.org\/{rel}","templated":true}]}}