{"id":18710,"date":"2024-03-26T03:33:55","date_gmt":"2024-03-26T03:33:55","guid":{"rendered":"https:\/\/www.valparaisocreativo.cl\/?p=18710"},"modified":"2024-03-26T03:34:03","modified_gmt":"2024-03-26T03:34:03","slug":"aca-caben-todos-entrevista-a-la-convencional-local-con-sello-local-musical-emblematico","status":"publish","type":"post","link":"https:\/\/dev.antudigital.cl\/sites\/vc\/aca-caben-todos-entrevista-a-la-convencional-local-con-sello-local-musical-emblematico\/","title":{"rendered":"\u00abAc\u00e1 caben todos\u00bb: entrevista a La Convencional, local con Sello Local Musical Emblem\u00e1tico"},"content":{"rendered":"\n<p>Compuesto por tres socios, <a href=\"https:\/\/laconvencional.cl\/\">La Convencional<\/a> es una propuesta que busca revitalizar un inmueble que tiene rescate patrimonial, con el prop\u00f3sito de ampliar la oferta de locales nocturnos en Valpara\u00edso. Un estilo industrial caracteriza al espacio, que es amplio para recibir todo tipo de eventos.<\/p>\n\n\n\n<p>Jaime Blaauboer, Sergio Daniel Guerin y Alex Blaauboer, siendo este \u00faltimo quien nos cuenta que comenzaron en abril del 2022 con esta innovadora opci\u00f3n para la cultura en pleno Barrio El Almendral. Lee m\u00e1s sobre este gran espacio:<\/p>\n\n\n\n<p><strong>Por favor, cu\u00e9ntanos un poco de la historia de La Convencional, Alex.<\/strong><\/p>\n\n\n\n<p>&#8211; Como te dec\u00eda, empezamos el 2022 y en octubre del 2023 abrimos las puertas de este local. Ha sido muy dif\u00edcil, pues hoy Valpara\u00edso tiene un problema estructural, donde cambiaron los gustos y las preferencias de la gente, quienes salen menos y ha sido complejo poder generar la tracci\u00f3n que necesitamos para que puedan llegar clientes. Hemos generado v\u00ednculos e intentado incorporarnos al tejido cultural que hay en Valpara\u00edso, ofreciendo este espacio para distintas actividades patrimoniales, no solo eventos art\u00edsticos, sino tambi\u00e9n fuera de la m\u00fasica en otras artes que pueden ocupar este espacio para que sea un polo de atracci\u00f3n cultural.<\/p>\n\n\n\n<p><strong>\u00bfC\u00f3mo surge la idea de hacer este rescate?<\/strong><\/p>\n\n\n\n<p>&#8211; La verdad es que mi hermano Jaime, con otro socio que se fue fuera del pa\u00eds, me llam\u00f3 para hacer fiestas ochenteras cada quincena. El problema en ese entonces es que arrendar un local ocasionalmente costaba mucho m\u00e1s, era mejor arrendar por completo un local, un desaf\u00edo interesante. Esto fue en febrero del 2022.&nbsp;<\/p>\n\n\n\n<p>Yo llevo cerca de 15 a\u00f1os trabajando en el mundo del emprendimiento e innovaci\u00f3n, vengo de ah\u00ed. Por lo que cuando me contaron que hab\u00eda cerrado en ese entonces La Piedra Feliz, el Cinzano, dije \u201cWow, quiz\u00e1s hay gente que no tiene donde ir\u201d. Entonces hicimos un estudio de mercado donde fuimos a 40 locales entre los cerros y el plan, pregunt\u00e1ndole a la gente qu\u00e9 quer\u00edan. La respuesta fue un espacio seguro, amplio y que tuviera estacionamiento en la puerta, por lo que empezamos a buscar un local que cumpliera con esas condiciones hasta llegar ac\u00e1.<\/p>\n\n\n\n<p>Lo que hoy se ve no tiene nada que ver con respecto a lo que era, hubo una gran restauraci\u00f3n. Dijimos: \u201ceste es un buque grande con el que debemos ver qu\u00e9 queremos hacer\u201d. Nos dimos cuenta que este es el cuarto mecano que lleg\u00f3 a Valpara\u00edso en 1906, con el edificio Cardonal, el edificio Hucke y el edificio Aldunate. Esto no estaba registrado en ninguna parte. As\u00ed que dijimos, tenemos un tremendo desaf\u00edo de rescatar este edificio industrial, que era una f\u00e1brica de zapatos, de los hermanos Fagalde, franceses, que construyeron despu\u00e9s de que en el terremoto la f\u00e1brica se les vino abajo y trajeron este edificio. Hasta 1950 funcion\u00f3 como f\u00e1brica hasta que pas\u00f3 a ser un molino, donde todo Valpara\u00edso ven\u00eda a comprar harina.&nbsp;<\/p>\n\n\n\n<p>Tiene una gran historia. Mucha gente lo recuerda. Hemos estado investigando, lo que es muy bonito y demandante a la vez en t\u00e9rminos comerciales, ya que el poder explicarle a los porte\u00f1os que hoy tienen un espacio c\u00f3modo para hacer un evento, lo que no hab\u00eda en Valpara\u00edso, es el desaf\u00edo de este a\u00f1o y medio que hemos estado operando. Es seguro, espacioso y habitable, hoy esto habla por s\u00ed s\u00f3lo de lo que era Valpara\u00edso el siglo pasado y lo rescatamos tal cual se inaugur\u00f3 en 1910.<\/p>\n\n\n\n<p><strong>La impronta de ustedes, \u00bfc\u00f3mo fueron decidiendo su editorial, por as\u00ed decirlo?<\/strong><\/p>\n\n\n\n<p>&#8211; Mi hermano es gestor cultural y \u00e9l est\u00e1 muy compenetrado con los actores culturales de Valpara\u00edso. Conoce a mucha gente. La idea nuestra era darle primeramente un espacio a los cantantes y artistas quienes quiz\u00e1s no ten\u00edan un lugar donde ir a tocar y donde le podemos entregar dignidad. De verdad eso tratamos de hacer, intentando tener un espacio donde cambiarse, ba\u00f1os, y eso de alguna manera nos ha tra\u00eddo una mirada distinta de los cultores. Entonces partimos ofreciendo esto a ellos, nos contactamos tambi\u00e9n con escritores para hacer el lanzamiento de un libro ac\u00e1 con una Universidad a la que le gust\u00f3 el espacio. Nuestra prioridad es la cultura, luego vienen los eventos privados, eso es lo que nos mueve.<\/p>\n\n\n\n<p><strong>As\u00ed llegamos a lo del Sello Local Musical Emblem\u00e1tico para la Bohemia Tradicional Porte\u00f1a. \u00bfC\u00f3mo llegan a la postulaci\u00f3n y qu\u00e9 les parece esta iniciativa?<\/strong><\/p>\n\n\n\n<p>&#8211; En un momento la Municipalidad nos invit\u00f3 a participar en sus mesas de trabajo. Como somos \u201cnuevos\u201d, fuimos a escuchar, donde nos sorprendi\u00f3 o\u00edr algunos conceptos y situaciones en las que no se respetaba la identidad e integridad de los cultores y cultoras. Nosotros creemos que todos tienen un valor, lo que significa poder vincularnos con artistas y que se sientan c\u00f3modos donde har\u00e1n sus shows o eventos. Justamente nosotros pensamos este lugar tomando en cuenta que los artistas se sintieran contentos con venir y recomendar el lugar. Ac\u00e1 se pueden hacer cosas y se les va a tratar bien. Nosotros tenemos experiencia con eventos y producci\u00f3n, por lo que conocemos el trato que a veces hay. Somos flexibles, emp\u00e1ticos, buscamos ayudar a los y las artistas y eso se agradece. Creemos que estamos en la era de la colaboraci\u00f3n, lo que espero que pase con todos los c\u00edrculos de Industrias Creativas ac\u00e1 en Valpara\u00edso.<\/p>\n\n\n\n<p>Dentro de ese proceso, la Municipalidad nos coment\u00f3 lo del Sello. Vimos las bases, cumplimos y postulamos.<\/p>\n\n\n\n<p><strong>\u00bfC\u00f3mo crees t\u00fa que el Sello aporta a la escena cultural de la ciudad, c\u00f3mo ves su proyecci\u00f3n tras el lanzamiento con estos 5 primeros locales?<\/strong><\/p>\n\n\n\n<p>&#8211; Efectivamente todas las \u00e1reas de los negocios tienen que mantener un est\u00e1ndar de calidad, y el Sello busca estandarizar la calidad de los servicios que pueden tener algunos locales. Parece que los criterios fueran b\u00e1sicos, pero hay muchos locales que no tienen c\u00f3mo cumplir. Con esto se da un primer paso. Son medidas m\u00ednimas de seguridad y de dignidad, para reducir, por ejemplo, riesgos. Nosotros buscamos preocuparnos de esos detalles. Creo que tenemos que cumplir con cosas t\u00e9cnicas de infraestructura, como locatarios. Por otra parte, lo vemos como algo estrat\u00e9gico: ya que los artistas pueden reconocer que hay un espacio cuyos est\u00e1ndares de calidad les puede acomodar. Adem\u00e1s se abre la posibilidad de que se difundan los locales para que se sepa que pueden venir a disfrutar de un evento, una experiencia.<\/p>\n\n\n\n<p><strong>Hablando de otro tema, comentabas que cada uno de los socios tiene una experiencia en eventos desde distintos puntos de vista: t\u00fa con las fiestas, tu hermano y Daniel con la producci\u00f3n. \u00bfC\u00f3mo se relacionan con la cultura y la m\u00fasica?<\/strong><\/p>\n\n\n\n<p>&#8211; Yo creo que la m\u00fasica nos moviliza a todos. Los seres humanos somos seres emocionales que razonamos, por lo que nuestras emociones fluyen. Las artes son una habilidad que no todos desarrollamos, pero s\u00ed a todos nos movilizan, nos convoca, cambia nuestro \u00e1nimo. Para nosotros algo que nos conecta a los tres son las actividades culturales, desde lo audiovisual, a la m\u00fasica o a otras artes. Conocemos desde dentro las necesidades y debilidades del rubro, y eso tratamos de implementar ac\u00e1.<\/p>\n\n\n\n<p><strong>\u00bfPor qu\u00e9 se llama La Convencional?<\/strong><\/p>\n\n\n\n<p>&#8211; Primero, porque en ese momento estaba de moda el t\u00e9rmino, pero lo usamos porque creemos que aqu\u00ed caben todos. Tal como el t\u00e9rmino de la Convenci\u00f3n Constituyente. Entonces ac\u00e1 viene Valparatango, Quebrada Soundsystem, o se puede hacer una presentaci\u00f3n de libro. Ac\u00e1 da lo mismo el partido pol\u00edtico, ac\u00e1 lo que buscamos es que se fomenten las artes y las culturas.<\/p>\n\n\n\n<p><strong>\u00bfC\u00f3mo ves el estado de las artes y sus espacios en Valpara\u00edso? Desde que volviste el 2023 a Valpara\u00edso.<\/strong><\/p>\n\n\n\n<p>&#8211; Siento que falta fomentarlo. Desde lo p\u00fablico y lo privado. Creo que falta mucho trabajo de encadenamiento productivo en la Industria Creativa. En El Almendral tambi\u00e9n est\u00e1n pasando cosas, y as\u00ed en los distintos polos de la ciudad. Pienso que falta un plan estrat\u00e9gico para la ciudad con lo cultural que es. Quiero que vengan turistas internacionales, podemos fomentar eso, a trav\u00e9s de los transatl\u00e1nticos, entre otras cosas. Somos capital universitaria, tenemos un mont\u00f3n de potencial. Creo que hay mucho que hacer.&nbsp;<\/p>\n\n\n\n<p><strong>Para cerrar, cu\u00e9ntanos qu\u00e9 tienen pr\u00f3ximamente.<\/strong><\/p>\n\n\n\n<p>&#8211; Se realizar\u00e1n dos jornadas de Valparatango en La Convencional, con sus Milongas Nocturnas el 5 y 6 de abril. Adem\u00e1s est\u00e1 agendada una fecha de Quebrada Soundsystem. Se viene el aniversario de la Radio Bohemia, para la tercera edad, que nos interesa sobremanera.<\/p>\n\n\n\n<p><strong>Finalmente, cu\u00e9ntanos cu\u00e1ndo operan:<\/strong><\/p>\n\n\n\n<p>Operamos de lunes a viernes de las 12:00 hasta las 21:00hrs. con excepci\u00f3n de las fechas agendadas. Actualmente tenemos opciones de almuerzo durante el d\u00eda.<\/p>\n\n\n\n<p><\/p>\n\n\n\n<p><\/p>\n\n\n\n<p><\/p>\n\n\n\n<p>No dejes de seguirlos en su<a href=\"https:\/\/laconvencional.cl\/\"> p\u00e1gina web y redes sociales.<\/a><\/p>\n","protected":false},"excerpt":{"rendered":"<p>Compuesto por tres socios, La Convencional es una propuesta que busca revitalizar un inmueble que tiene rescate patrimonial, con el prop\u00f3sito de ampliar la oferta de locales nocturnos en Valpara\u00edso. Un estilo industrial caracteriza al espacio, que es amplio para recibir todo tipo de eventos. Jaime Blaauboer, Sergio Daniel Guerin y Alex Blaauboer, siendo este [&hellip;]<\/p>\n","protected":false},"author":1,"featured_media":18733,"comment_status":"closed","ping_status":"closed","sticky":false,"template":"","format":"standard","meta":{"_acf_changed":false,"footnotes":""},"categories":[1],"tags":[],"class_list":["post-18710","post","type-post","status-publish","format-standard","has-post-thumbnail","hentry","category-uncategorized"],"acf":[],"yoast_head":"<!-- This site is optimized with the Yoast SEO plugin v27.1.1 - https:\/\/yoast.com\/product\/yoast-seo-wordpress\/ -->\n<title>&quot;Ac\u00e1 caben todos&quot;: entrevista a La Convencional, local con Sello Local Musical Emblem\u00e1tico - Valpara\u00ed\u00adso Creativo<\/title>\n<meta name=\"robots\" content=\"index, follow, max-snippet:-1, max-image-preview:large, max-video-preview:-1\" \/>\n<link rel=\"canonical\" href=\"https:\/\/dev.antudigital.cl\/sites\/vc\/aca-caben-todos-entrevista-a-la-convencional-local-con-sello-local-musical-emblematico\/\" \/>\n<meta property=\"og:locale\" content=\"es_ES\" \/>\n<meta property=\"og:type\" content=\"article\" \/>\n<meta property=\"og:title\" content=\"&quot;Ac\u00e1 caben todos&quot;: entrevista a La Convencional, local con Sello Local Musical Emblem\u00e1tico - Valpara\u00ed\u00adso Creativo\" \/>\n<meta property=\"og:description\" content=\"Compuesto por tres socios, La Convencional es una propuesta que busca revitalizar un inmueble que tiene rescate patrimonial, con el prop\u00f3sito de ampliar la oferta de locales nocturnos en Valpara\u00edso. Un estilo industrial caracteriza al espacio, que es amplio para recibir todo tipo de eventos. Jaime Blaauboer, Sergio Daniel Guerin y Alex Blaauboer, siendo este [&hellip;]\" \/>\n<meta property=\"og:url\" content=\"https:\/\/dev.antudigital.cl\/sites\/vc\/aca-caben-todos-entrevista-a-la-convencional-local-con-sello-local-musical-emblematico\/\" \/>\n<meta property=\"og:site_name\" content=\"Valpara\u00ed\u00adso Creativo\" \/>\n<meta property=\"article:published_time\" content=\"2024-03-26T03:33:55+00:00\" \/>\n<meta property=\"article:modified_time\" content=\"2024-03-26T03:34:03+00:00\" \/>\n<meta property=\"og:image\" content=\"https:\/\/dev.antudigital.cl\/sites\/vc\/wp-content\/uploads\/2024\/03\/Captura-de-Pantalla-2024-03-26-a-las-00.32.24.png\" \/>\n\t<meta property=\"og:image:width\" content=\"904\" \/>\n\t<meta property=\"og:image:height\" content=\"532\" \/>\n\t<meta property=\"og:image:type\" content=\"image\/png\" \/>\n<meta name=\"author\" content=\"Valpara\u00edso Creativo\" \/>\n<meta name=\"twitter:card\" content=\"summary_large_image\" \/>\n<meta name=\"twitter:label1\" content=\"Escrito por\" \/>\n\t<meta name=\"twitter:data1\" content=\"Valpara\u00edso Creativo\" \/>\n\t<meta name=\"twitter:label2\" content=\"Tiempo de lectura\" \/>\n\t<meta name=\"twitter:data2\" content=\"7 minutos\" \/>\n<script type=\"application\/ld+json\" class=\"yoast-schema-graph\">{\"@context\":\"https:\/\/schema.org\",\"@graph\":[{\"@type\":\"Article\",\"@id\":\"https:\/\/dev.antudigital.cl\/sites\/vc\/aca-caben-todos-entrevista-a-la-convencional-local-con-sello-local-musical-emblematico\/#article\",\"isPartOf\":{\"@id\":\"https:\/\/dev.antudigital.cl\/sites\/vc\/aca-caben-todos-entrevista-a-la-convencional-local-con-sello-local-musical-emblematico\/\"},\"author\":{\"name\":\"Valpara\u00edso Creativo\",\"@id\":\"https:\/\/dev.antudigital.cl\/sites\/vc\/#\/schema\/person\/c2b9da8dd545e27166fc5ab232837318\"},\"headline\":\"\u00abAc\u00e1 caben todos\u00bb: entrevista a La Convencional, local con Sello Local Musical Emblem\u00e1tico\",\"datePublished\":\"2024-03-26T03:33:55+00:00\",\"dateModified\":\"2024-03-26T03:34:03+00:00\",\"mainEntityOfPage\":{\"@id\":\"https:\/\/dev.antudigital.cl\/sites\/vc\/aca-caben-todos-entrevista-a-la-convencional-local-con-sello-local-musical-emblematico\/\"},\"wordCount\":1552,\"image\":{\"@id\":\"https:\/\/dev.antudigital.cl\/sites\/vc\/aca-caben-todos-entrevista-a-la-convencional-local-con-sello-local-musical-emblematico\/#primaryimage\"},\"thumbnailUrl\":\"https:\/\/dev.antudigital.cl\/sites\/vc\/wp-content\/uploads\/2024\/03\/Captura-de-Pantalla-2024-03-26-a-las-00.32.24.png\",\"articleSection\":[\"Uncategorized\"],\"inLanguage\":\"es\"},{\"@type\":\"WebPage\",\"@id\":\"https:\/\/dev.antudigital.cl\/sites\/vc\/aca-caben-todos-entrevista-a-la-convencional-local-con-sello-local-musical-emblematico\/\",\"url\":\"https:\/\/dev.antudigital.cl\/sites\/vc\/aca-caben-todos-entrevista-a-la-convencional-local-con-sello-local-musical-emblematico\/\",\"name\":\"\\\"Ac\u00e1 caben todos\\\": entrevista a La Convencional, local con Sello Local Musical Emblem\u00e1tico - Valpara\u00ed\u00adso Creativo\",\"isPartOf\":{\"@id\":\"https:\/\/dev.antudigital.cl\/sites\/vc\/#website\"},\"primaryImageOfPage\":{\"@id\":\"https:\/\/dev.antudigital.cl\/sites\/vc\/aca-caben-todos-entrevista-a-la-convencional-local-con-sello-local-musical-emblematico\/#primaryimage\"},\"image\":{\"@id\":\"https:\/\/dev.antudigital.cl\/sites\/vc\/aca-caben-todos-entrevista-a-la-convencional-local-con-sello-local-musical-emblematico\/#primaryimage\"},\"thumbnailUrl\":\"https:\/\/dev.antudigital.cl\/sites\/vc\/wp-content\/uploads\/2024\/03\/Captura-de-Pantalla-2024-03-26-a-las-00.32.24.png\",\"datePublished\":\"2024-03-26T03:33:55+00:00\",\"dateModified\":\"2024-03-26T03:34:03+00:00\",\"author\":{\"@id\":\"https:\/\/dev.antudigital.cl\/sites\/vc\/#\/schema\/person\/c2b9da8dd545e27166fc5ab232837318\"},\"breadcrumb\":{\"@id\":\"https:\/\/dev.antudigital.cl\/sites\/vc\/aca-caben-todos-entrevista-a-la-convencional-local-con-sello-local-musical-emblematico\/#breadcrumb\"},\"inLanguage\":\"es\",\"potentialAction\":[{\"@type\":\"ReadAction\",\"target\":[\"https:\/\/dev.antudigital.cl\/sites\/vc\/aca-caben-todos-entrevista-a-la-convencional-local-con-sello-local-musical-emblematico\/\"]}]},{\"@type\":\"ImageObject\",\"inLanguage\":\"es\",\"@id\":\"https:\/\/dev.antudigital.cl\/sites\/vc\/aca-caben-todos-entrevista-a-la-convencional-local-con-sello-local-musical-emblematico\/#primaryimage\",\"url\":\"https:\/\/dev.antudigital.cl\/sites\/vc\/wp-content\/uploads\/2024\/03\/Captura-de-Pantalla-2024-03-26-a-las-00.32.24.png\",\"contentUrl\":\"https:\/\/dev.antudigital.cl\/sites\/vc\/wp-content\/uploads\/2024\/03\/Captura-de-Pantalla-2024-03-26-a-las-00.32.24.png\",\"width\":904,\"height\":532},{\"@type\":\"BreadcrumbList\",\"@id\":\"https:\/\/dev.antudigital.cl\/sites\/vc\/aca-caben-todos-entrevista-a-la-convencional-local-con-sello-local-musical-emblematico\/#breadcrumb\",\"itemListElement\":[{\"@type\":\"ListItem\",\"position\":1,\"name\":\"Home\",\"item\":\"https:\/\/dev.antudigital.cl\/sites\/vc\/\"},{\"@type\":\"ListItem\",\"position\":2,\"name\":\"\u00abAc\u00e1 caben todos\u00bb: entrevista a La Convencional, local con Sello Local Musical Emblem\u00e1tico\"}]},{\"@type\":\"WebSite\",\"@id\":\"https:\/\/dev.antudigital.cl\/sites\/vc\/#website\",\"url\":\"https:\/\/dev.antudigital.cl\/sites\/vc\/\",\"name\":\"Valpara\u00ed\u00adso Creativo\",\"description\":\"\",\"potentialAction\":[{\"@type\":\"SearchAction\",\"target\":{\"@type\":\"EntryPoint\",\"urlTemplate\":\"https:\/\/dev.antudigital.cl\/sites\/vc\/?s={search_term_string}\"},\"query-input\":{\"@type\":\"PropertyValueSpecification\",\"valueRequired\":true,\"valueName\":\"search_term_string\"}}],\"inLanguage\":\"es\"},{\"@type\":\"Person\",\"@id\":\"https:\/\/dev.antudigital.cl\/sites\/vc\/#\/schema\/person\/c2b9da8dd545e27166fc5ab232837318\",\"name\":\"Valpara\u00edso Creativo\",\"description\":\"Periodista de cultura en la Regi\u00f3n de Valpara\u00edso.\",\"url\":\"https:\/\/dev.antudigital.cl\/sites\/vc\/author\/valpoadmin\/\"}]}<\/script>\n<!-- \/ Yoast SEO plugin. -->","yoast_head_json":{"title":"\"Ac\u00e1 caben todos\": entrevista a La Convencional, local con Sello Local Musical Emblem\u00e1tico - Valpara\u00ed\u00adso Creativo","robots":{"index":"index","follow":"follow","max-snippet":"max-snippet:-1","max-image-preview":"max-image-preview:large","max-video-preview":"max-video-preview:-1"},"canonical":"https:\/\/dev.antudigital.cl\/sites\/vc\/aca-caben-todos-entrevista-a-la-convencional-local-con-sello-local-musical-emblematico\/","og_locale":"es_ES","og_type":"article","og_title":"\"Ac\u00e1 caben todos\": entrevista a La Convencional, local con Sello Local Musical Emblem\u00e1tico - Valpara\u00ed\u00adso Creativo","og_description":"Compuesto por tres socios, La Convencional es una propuesta que busca revitalizar un inmueble que tiene rescate patrimonial, con el prop\u00f3sito de ampliar la oferta de locales nocturnos en Valpara\u00edso. Un estilo industrial caracteriza al espacio, que es amplio para recibir todo tipo de eventos. Jaime Blaauboer, Sergio Daniel Guerin y Alex Blaauboer, siendo este [&hellip;]","og_url":"https:\/\/dev.antudigital.cl\/sites\/vc\/aca-caben-todos-entrevista-a-la-convencional-local-con-sello-local-musical-emblematico\/","og_site_name":"Valpara\u00ed\u00adso Creativo","article_published_time":"2024-03-26T03:33:55+00:00","article_modified_time":"2024-03-26T03:34:03+00:00","og_image":[{"width":904,"height":532,"url":"https:\/\/dev.antudigital.cl\/sites\/vc\/wp-content\/uploads\/2024\/03\/Captura-de-Pantalla-2024-03-26-a-las-00.32.24.png","type":"image\/png"}],"author":"Valpara\u00edso Creativo","twitter_card":"summary_large_image","twitter_misc":{"Escrito por":"Valpara\u00edso Creativo","Tiempo de lectura":"7 minutos"},"schema":{"@context":"https:\/\/schema.org","@graph":[{"@type":"Article","@id":"https:\/\/dev.antudigital.cl\/sites\/vc\/aca-caben-todos-entrevista-a-la-convencional-local-con-sello-local-musical-emblematico\/#article","isPartOf":{"@id":"https:\/\/dev.antudigital.cl\/sites\/vc\/aca-caben-todos-entrevista-a-la-convencional-local-con-sello-local-musical-emblematico\/"},"author":{"name":"Valpara\u00edso Creativo","@id":"https:\/\/dev.antudigital.cl\/sites\/vc\/#\/schema\/person\/c2b9da8dd545e27166fc5ab232837318"},"headline":"\u00abAc\u00e1 caben todos\u00bb: entrevista a La Convencional, local con Sello Local Musical Emblem\u00e1tico","datePublished":"2024-03-26T03:33:55+00:00","dateModified":"2024-03-26T03:34:03+00:00","mainEntityOfPage":{"@id":"https:\/\/dev.antudigital.cl\/sites\/vc\/aca-caben-todos-entrevista-a-la-convencional-local-con-sello-local-musical-emblematico\/"},"wordCount":1552,"image":{"@id":"https:\/\/dev.antudigital.cl\/sites\/vc\/aca-caben-todos-entrevista-a-la-convencional-local-con-sello-local-musical-emblematico\/#primaryimage"},"thumbnailUrl":"https:\/\/dev.antudigital.cl\/sites\/vc\/wp-content\/uploads\/2024\/03\/Captura-de-Pantalla-2024-03-26-a-las-00.32.24.png","articleSection":["Uncategorized"],"inLanguage":"es"},{"@type":"WebPage","@id":"https:\/\/dev.antudigital.cl\/sites\/vc\/aca-caben-todos-entrevista-a-la-convencional-local-con-sello-local-musical-emblematico\/","url":"https:\/\/dev.antudigital.cl\/sites\/vc\/aca-caben-todos-entrevista-a-la-convencional-local-con-sello-local-musical-emblematico\/","name":"\"Ac\u00e1 caben todos\": entrevista a La Convencional, local con Sello Local Musical Emblem\u00e1tico - Valpara\u00ed\u00adso Creativo","isPartOf":{"@id":"https:\/\/dev.antudigital.cl\/sites\/vc\/#website"},"primaryImageOfPage":{"@id":"https:\/\/dev.antudigital.cl\/sites\/vc\/aca-caben-todos-entrevista-a-la-convencional-local-con-sello-local-musical-emblematico\/#primaryimage"},"image":{"@id":"https:\/\/dev.antudigital.cl\/sites\/vc\/aca-caben-todos-entrevista-a-la-convencional-local-con-sello-local-musical-emblematico\/#primaryimage"},"thumbnailUrl":"https:\/\/dev.antudigital.cl\/sites\/vc\/wp-content\/uploads\/2024\/03\/Captura-de-Pantalla-2024-03-26-a-las-00.32.24.png","datePublished":"2024-03-26T03:33:55+00:00","dateModified":"2024-03-26T03:34:03+00:00","author":{"@id":"https:\/\/dev.antudigital.cl\/sites\/vc\/#\/schema\/person\/c2b9da8dd545e27166fc5ab232837318"},"breadcrumb":{"@id":"https:\/\/dev.antudigital.cl\/sites\/vc\/aca-caben-todos-entrevista-a-la-convencional-local-con-sello-local-musical-emblematico\/#breadcrumb"},"inLanguage":"es","potentialAction":[{"@type":"ReadAction","target":["https:\/\/dev.antudigital.cl\/sites\/vc\/aca-caben-todos-entrevista-a-la-convencional-local-con-sello-local-musical-emblematico\/"]}]},{"@type":"ImageObject","inLanguage":"es","@id":"https:\/\/dev.antudigital.cl\/sites\/vc\/aca-caben-todos-entrevista-a-la-convencional-local-con-sello-local-musical-emblematico\/#primaryimage","url":"https:\/\/dev.antudigital.cl\/sites\/vc\/wp-content\/uploads\/2024\/03\/Captura-de-Pantalla-2024-03-26-a-las-00.32.24.png","contentUrl":"https:\/\/dev.antudigital.cl\/sites\/vc\/wp-content\/uploads\/2024\/03\/Captura-de-Pantalla-2024-03-26-a-las-00.32.24.png","width":904,"height":532},{"@type":"BreadcrumbList","@id":"https:\/\/dev.antudigital.cl\/sites\/vc\/aca-caben-todos-entrevista-a-la-convencional-local-con-sello-local-musical-emblematico\/#breadcrumb","itemListElement":[{"@type":"ListItem","position":1,"name":"Home","item":"https:\/\/dev.antudigital.cl\/sites\/vc\/"},{"@type":"ListItem","position":2,"name":"\u00abAc\u00e1 caben todos\u00bb: entrevista a La Convencional, local con Sello Local Musical Emblem\u00e1tico"}]},{"@type":"WebSite","@id":"https:\/\/dev.antudigital.cl\/sites\/vc\/#website","url":"https:\/\/dev.antudigital.cl\/sites\/vc\/","name":"Valpara\u00ed\u00adso Creativo","description":"","potentialAction":[{"@type":"SearchAction","target":{"@type":"EntryPoint","urlTemplate":"https:\/\/dev.antudigital.cl\/sites\/vc\/?s={search_term_string}"},"query-input":{"@type":"PropertyValueSpecification","valueRequired":true,"valueName":"search_term_string"}}],"inLanguage":"es"},{"@type":"Person","@id":"https:\/\/dev.antudigital.cl\/sites\/vc\/#\/schema\/person\/c2b9da8dd545e27166fc5ab232837318","name":"Valpara\u00edso Creativo","description":"Periodista de cultura en la Regi\u00f3n de Valpara\u00edso.","url":"https:\/\/dev.antudigital.cl\/sites\/vc\/author\/valpoadmin\/"}]}},"_links":{"self":[{"href":"https:\/\/dev.antudigital.cl\/sites\/vc\/wp-json\/wp\/v2\/posts\/18710","targetHints":{"allow":["GET"]}}],"collection":[{"href":"https:\/\/dev.antudigital.cl\/sites\/vc\/wp-json\/wp\/v2\/posts"}],"about":[{"href":"https:\/\/dev.antudigital.cl\/sites\/vc\/wp-json\/wp\/v2\/types\/post"}],"author":[{"embeddable":true,"href":"https:\/\/dev.antudigital.cl\/sites\/vc\/wp-json\/wp\/v2\/users\/1"}],"replies":[{"embeddable":true,"href":"https:\/\/dev.antudigital.cl\/sites\/vc\/wp-json\/wp\/v2\/comments?post=18710"}],"version-history":[{"count":1,"href":"https:\/\/dev.antudigital.cl\/sites\/vc\/wp-json\/wp\/v2\/posts\/18710\/revisions"}],"predecessor-version":[{"id":18734,"href":"https:\/\/dev.antudigital.cl\/sites\/vc\/wp-json\/wp\/v2\/posts\/18710\/revisions\/18734"}],"wp:featuredmedia":[{"embeddable":true,"href":"https:\/\/dev.antudigital.cl\/sites\/vc\/wp-json\/wp\/v2\/media\/18733"}],"wp:attachment":[{"href":"https:\/\/dev.antudigital.cl\/sites\/vc\/wp-json\/wp\/v2\/media?parent=18710"}],"wp:term":[{"taxonomy":"category","embeddable":true,"href":"https:\/\/dev.antudigital.cl\/sites\/vc\/wp-json\/wp\/v2\/categories?post=18710"},{"taxonomy":"post_tag","embeddable":true,"href":"https:\/\/dev.antudigital.cl\/sites\/vc\/wp-json\/wp\/v2\/tags?post=18710"}],"curies":[{"name":"wp","href":"https:\/\/api.w.org\/{rel}","templated":true}]}}