{"id":18735,"date":"2024-03-26T03:40:20","date_gmt":"2024-03-26T03:40:20","guid":{"rendered":"https:\/\/www.valparaisocreativo.cl\/?p=18735"},"modified":"2024-03-26T03:40:27","modified_gmt":"2024-03-26T03:40:27","slug":"insomnia-estrena-comedia-de-francois-ozon-ese-crimen-es-mio","status":"publish","type":"post","link":"https:\/\/dev.antudigital.cl\/sites\/vc\/insomnia-estrena-comedia-de-francois-ozon-ese-crimen-es-mio\/","title":{"rendered":"INSOMNIA estrena comedia de Fran\u00e7ois Ozon \u201cEse crimen es m\u00edo\u201d\u00a0"},"content":{"rendered":"\n<p>El destacado realizador Fran\u00e7ois Ozon (Por Gracia de Dios, 8 Mujeres), sorprende con la realizaci\u00f3n de la comedia \u201cEse crimen es m\u00edo\u201d inspirada libremente en la pieza teatral &#8216;Mon Crime&#8217; montada por los franceses Georges Berr y Louis Verneuil en 1934. La pel\u00edcula est\u00e1 ambientada en el a\u00f1o 1935, periodo entreguerras, y divierte como una farsa llena de glamour en donde, al contrario de cualquier intriga criminal, el protagonista en lugar de esconder su culpa debe ocultar su inocencia. El estreno en INSOMNIA se realizar\u00e1 este jueves 28 a las 21:30 horas.<\/p>\n\n\n\n<p>En el Par\u00eds de los a\u00f1os 30 la fortuna de dos muchachas entrampadas en una vida mediocre cambia s\u00fabitamente cuando un crimen milagrosamente las eleva al estrellato en sus respectivas disciplinas. Madeleine (Nadia Tereszkiewicz) es una actriz sin trabajo ni mucho talento que espera en vano a un pretendiente acaudalado que se resiste a desposarla. Su mejor amiga Pauline (Rebecca Marder) es una abogada desempleada que esquiva con perspicacia el pago de la renta cada fin de mes. La muerte de un importante empresario teatral har\u00e1 que ambas comiencen una nueva vida de fama y \u00e9xito justo a la vuelta de la esquina. Pero la verdad pronto saldr\u00e1 a la luz pues otros querr\u00e1n adjudicarse la autor\u00eda de este suculento asesinato.<\/p>\n\n\n\n<figure class=\"wp-block-image size-large\"><img fetchpriority=\"high\" decoding=\"async\" width=\"1024\" height=\"576\" src=\"https:\/\/www.valparaisocreativo.cl\/wp-content\/uploads\/2024\/03\/MON_CRIME_PHOTO-03-1024x576.jpg\" alt=\"\" class=\"wp-image-18737\" srcset=\"https:\/\/dev.antudigital.cl\/sites\/vc\/wp-content\/uploads\/2024\/03\/MON_CRIME_PHOTO-03-1024x576.jpg 1024w, https:\/\/dev.antudigital.cl\/sites\/vc\/wp-content\/uploads\/2024\/03\/MON_CRIME_PHOTO-03-300x169.jpg 300w, https:\/\/dev.antudigital.cl\/sites\/vc\/wp-content\/uploads\/2024\/03\/MON_CRIME_PHOTO-03-768x432.jpg 768w, https:\/\/dev.antudigital.cl\/sites\/vc\/wp-content\/uploads\/2024\/03\/MON_CRIME_PHOTO-03-1536x864.jpg 1536w, https:\/\/dev.antudigital.cl\/sites\/vc\/wp-content\/uploads\/2024\/03\/MON_CRIME_PHOTO-03-2048x1151.jpg 2048w, https:\/\/dev.antudigital.cl\/sites\/vc\/wp-content\/uploads\/2024\/03\/MON_CRIME_PHOTO-03-1080x607.jpg 1080w, https:\/\/dev.antudigital.cl\/sites\/vc\/wp-content\/uploads\/2024\/03\/MON_CRIME_PHOTO-03-1280x720.jpg 1280w, https:\/\/dev.antudigital.cl\/sites\/vc\/wp-content\/uploads\/2024\/03\/MON_CRIME_PHOTO-03-980x551.jpg 980w, https:\/\/dev.antudigital.cl\/sites\/vc\/wp-content\/uploads\/2024\/03\/MON_CRIME_PHOTO-03-480x270.jpg 480w, https:\/\/dev.antudigital.cl\/sites\/vc\/wp-content\/uploads\/2024\/03\/MON_CRIME_PHOTO-03-24x13.jpg 24w, https:\/\/dev.antudigital.cl\/sites\/vc\/wp-content\/uploads\/2024\/03\/MON_CRIME_PHOTO-03-36x20.jpg 36w, https:\/\/dev.antudigital.cl\/sites\/vc\/wp-content\/uploads\/2024\/03\/MON_CRIME_PHOTO-03-48x27.jpg 48w\" sizes=\"(max-width: 1024px) 100vw, 1024px\" \/><\/figure>\n\n\n\n<p>En palabras del propio director, \u201clas pel\u00edculas siempre me han parecido el arte de mentir por excelencia y, desde que tengo memoria, he querido contar la historia de un falso delincuente. Conserv\u00e9 el contexto hist\u00f3rico y pol\u00edtico de los a\u00f1os 30, pero adapt\u00e9 libremente la trama para que pudiera identificarse con las tem\u00e1ticas actuales sobre el poder y el control en las pol\u00edticas de g\u00e9nero. A su vez quise jugar con los paralelismos entre el teatro y la justicia\u201d.<\/p>\n\n\n\n<p>Para Claudio Pereira, programador de INSOMNIA, el director: \u201cFran\u00e7ois Ozon, se ha ido caracterizando por una filmograf\u00eda construida por elegantes thrillers como La piscina, En la casa o Joven y bonita, donde destaca lo retorcido y c\u00ednico de una clase media acomodada francesa. Esta vez con \u201cEse crimen es m\u00edo\u201d mantiene algo de aquello, pero en clave de comedia, contextualizada en los a\u00f1os 30, y con di\u00e1logos y reflexiones actuales sobre la desigualdad de g\u00e9nero, el machismo como redactor de todos los relatos sociales y el poder. Con una impecable visualidad, con un montaje y ritmo, nos lleva a gran velocidad con un humor necesario para estar tardes de oto\u00f1o\u201d.&nbsp;<\/p>\n\n\n\n<p>Producida por&nbsp;Gaumont, Mandarin Films, tiene un elenco que funciona impecable en escena compuesto por Nadia Tereszkiewicz, Isabelle Huppert, Fabrice Luchini, Dany Boon e, incluso, la estrella del cine franc\u00e9s Andr\u00e9 Dussollier, qui\u00e9n ha participado en m\u00e1s de 100 pel\u00edculas. Adem\u00e1s de la fecha del estreno, \u201cEse crimen es m\u00edo\u201d se proyectar\u00e1 en marzo el viernes 30 (19:30) y en abril el jueves 4 (17:00), domingo 7 (17:00) y lunes 8 (17:00).<\/p>\n","protected":false},"excerpt":{"rendered":"<p>El destacado realizador Fran\u00e7ois Ozon (Por Gracia de Dios, 8 Mujeres), sorprende con la realizaci\u00f3n de la comedia \u201cEse crimen es m\u00edo\u201d inspirada libremente en la pieza teatral &#8216;Mon Crime&#8217; montada por los franceses Georges Berr y Louis Verneuil en 1934. La pel\u00edcula est\u00e1 ambientada en el a\u00f1o 1935, periodo entreguerras, y divierte como una [&hellip;]<\/p>\n","protected":false},"author":1,"featured_media":18736,"comment_status":"closed","ping_status":"closed","sticky":false,"template":"","format":"standard","meta":{"_acf_changed":false,"footnotes":""},"categories":[1],"tags":[],"class_list":["post-18735","post","type-post","status-publish","format-standard","has-post-thumbnail","hentry","category-uncategorized"],"acf":[],"yoast_head":"<!-- This site is optimized with the Yoast SEO plugin v27.1.1 - https:\/\/yoast.com\/product\/yoast-seo-wordpress\/ -->\n<title>INSOMNIA estrena comedia de Fran\u00e7ois Ozon \u201cEse crimen es m\u00edo\u201d\u00a0 - Valpara\u00ed\u00adso Creativo<\/title>\n<meta name=\"robots\" content=\"index, follow, max-snippet:-1, max-image-preview:large, max-video-preview:-1\" \/>\n<link rel=\"canonical\" href=\"https:\/\/dev.antudigital.cl\/sites\/vc\/insomnia-estrena-comedia-de-francois-ozon-ese-crimen-es-mio\/\" \/>\n<meta property=\"og:locale\" content=\"es_ES\" \/>\n<meta property=\"og:type\" content=\"article\" \/>\n<meta property=\"og:title\" content=\"INSOMNIA estrena comedia de Fran\u00e7ois Ozon \u201cEse crimen es m\u00edo\u201d\u00a0 - Valpara\u00ed\u00adso Creativo\" \/>\n<meta property=\"og:description\" content=\"El destacado realizador Fran\u00e7ois Ozon (Por Gracia de Dios, 8 Mujeres), sorprende con la realizaci\u00f3n de la comedia \u201cEse crimen es m\u00edo\u201d inspirada libremente en la pieza teatral &#8216;Mon Crime&#8217; montada por los franceses Georges Berr y Louis Verneuil en 1934. La pel\u00edcula est\u00e1 ambientada en el a\u00f1o 1935, periodo entreguerras, y divierte como una [&hellip;]\" \/>\n<meta property=\"og:url\" content=\"https:\/\/dev.antudigital.cl\/sites\/vc\/insomnia-estrena-comedia-de-francois-ozon-ese-crimen-es-mio\/\" \/>\n<meta property=\"og:site_name\" content=\"Valpara\u00ed\u00adso Creativo\" \/>\n<meta property=\"article:published_time\" content=\"2024-03-26T03:40:20+00:00\" \/>\n<meta property=\"article:modified_time\" content=\"2024-03-26T03:40:27+00:00\" \/>\n<meta property=\"og:image\" content=\"https:\/\/dev.antudigital.cl\/sites\/vc\/wp-content\/uploads\/2024\/03\/MON_CRIME_PHOTO-01.jpg\" \/>\n\t<meta property=\"og:image:width\" content=\"2362\" \/>\n\t<meta property=\"og:image:height\" content=\"1457\" \/>\n\t<meta property=\"og:image:type\" content=\"image\/jpeg\" \/>\n<meta name=\"author\" content=\"Valpara\u00edso Creativo\" \/>\n<meta name=\"twitter:card\" content=\"summary_large_image\" \/>\n<meta name=\"twitter:label1\" content=\"Escrito por\" \/>\n\t<meta name=\"twitter:data1\" content=\"Valpara\u00edso Creativo\" \/>\n\t<meta name=\"twitter:label2\" content=\"Tiempo de lectura\" \/>\n\t<meta name=\"twitter:data2\" content=\"3 minutos\" \/>\n<script type=\"application\/ld+json\" class=\"yoast-schema-graph\">{\"@context\":\"https:\/\/schema.org\",\"@graph\":[{\"@type\":\"Article\",\"@id\":\"https:\/\/dev.antudigital.cl\/sites\/vc\/insomnia-estrena-comedia-de-francois-ozon-ese-crimen-es-mio\/#article\",\"isPartOf\":{\"@id\":\"https:\/\/dev.antudigital.cl\/sites\/vc\/insomnia-estrena-comedia-de-francois-ozon-ese-crimen-es-mio\/\"},\"author\":{\"name\":\"Valpara\u00edso Creativo\",\"@id\":\"https:\/\/dev.antudigital.cl\/sites\/vc\/#\/schema\/person\/c2b9da8dd545e27166fc5ab232837318\"},\"headline\":\"INSOMNIA estrena comedia de Fran\u00e7ois Ozon \u201cEse crimen es m\u00edo\u201d\u00a0\",\"datePublished\":\"2024-03-26T03:40:20+00:00\",\"dateModified\":\"2024-03-26T03:40:27+00:00\",\"mainEntityOfPage\":{\"@id\":\"https:\/\/dev.antudigital.cl\/sites\/vc\/insomnia-estrena-comedia-de-francois-ozon-ese-crimen-es-mio\/\"},\"wordCount\":502,\"image\":{\"@id\":\"https:\/\/dev.antudigital.cl\/sites\/vc\/insomnia-estrena-comedia-de-francois-ozon-ese-crimen-es-mio\/#primaryimage\"},\"thumbnailUrl\":\"https:\/\/dev.antudigital.cl\/sites\/vc\/wp-content\/uploads\/2024\/03\/MON_CRIME_PHOTO-01.jpg\",\"articleSection\":[\"Uncategorized\"],\"inLanguage\":\"es\"},{\"@type\":\"WebPage\",\"@id\":\"https:\/\/dev.antudigital.cl\/sites\/vc\/insomnia-estrena-comedia-de-francois-ozon-ese-crimen-es-mio\/\",\"url\":\"https:\/\/dev.antudigital.cl\/sites\/vc\/insomnia-estrena-comedia-de-francois-ozon-ese-crimen-es-mio\/\",\"name\":\"INSOMNIA estrena comedia de Fran\u00e7ois Ozon \u201cEse crimen es m\u00edo\u201d\u00a0 - Valpara\u00ed\u00adso Creativo\",\"isPartOf\":{\"@id\":\"https:\/\/dev.antudigital.cl\/sites\/vc\/#website\"},\"primaryImageOfPage\":{\"@id\":\"https:\/\/dev.antudigital.cl\/sites\/vc\/insomnia-estrena-comedia-de-francois-ozon-ese-crimen-es-mio\/#primaryimage\"},\"image\":{\"@id\":\"https:\/\/dev.antudigital.cl\/sites\/vc\/insomnia-estrena-comedia-de-francois-ozon-ese-crimen-es-mio\/#primaryimage\"},\"thumbnailUrl\":\"https:\/\/dev.antudigital.cl\/sites\/vc\/wp-content\/uploads\/2024\/03\/MON_CRIME_PHOTO-01.jpg\",\"datePublished\":\"2024-03-26T03:40:20+00:00\",\"dateModified\":\"2024-03-26T03:40:27+00:00\",\"author\":{\"@id\":\"https:\/\/dev.antudigital.cl\/sites\/vc\/#\/schema\/person\/c2b9da8dd545e27166fc5ab232837318\"},\"breadcrumb\":{\"@id\":\"https:\/\/dev.antudigital.cl\/sites\/vc\/insomnia-estrena-comedia-de-francois-ozon-ese-crimen-es-mio\/#breadcrumb\"},\"inLanguage\":\"es\",\"potentialAction\":[{\"@type\":\"ReadAction\",\"target\":[\"https:\/\/dev.antudigital.cl\/sites\/vc\/insomnia-estrena-comedia-de-francois-ozon-ese-crimen-es-mio\/\"]}]},{\"@type\":\"ImageObject\",\"inLanguage\":\"es\",\"@id\":\"https:\/\/dev.antudigital.cl\/sites\/vc\/insomnia-estrena-comedia-de-francois-ozon-ese-crimen-es-mio\/#primaryimage\",\"url\":\"https:\/\/dev.antudigital.cl\/sites\/vc\/wp-content\/uploads\/2024\/03\/MON_CRIME_PHOTO-01.jpg\",\"contentUrl\":\"https:\/\/dev.antudigital.cl\/sites\/vc\/wp-content\/uploads\/2024\/03\/MON_CRIME_PHOTO-01.jpg\",\"width\":2362,\"height\":1457},{\"@type\":\"BreadcrumbList\",\"@id\":\"https:\/\/dev.antudigital.cl\/sites\/vc\/insomnia-estrena-comedia-de-francois-ozon-ese-crimen-es-mio\/#breadcrumb\",\"itemListElement\":[{\"@type\":\"ListItem\",\"position\":1,\"name\":\"Home\",\"item\":\"https:\/\/dev.antudigital.cl\/sites\/vc\/\"},{\"@type\":\"ListItem\",\"position\":2,\"name\":\"INSOMNIA estrena comedia de Fran\u00e7ois Ozon \u201cEse crimen es m\u00edo\u201d\u00a0\"}]},{\"@type\":\"WebSite\",\"@id\":\"https:\/\/dev.antudigital.cl\/sites\/vc\/#website\",\"url\":\"https:\/\/dev.antudigital.cl\/sites\/vc\/\",\"name\":\"Valpara\u00ed\u00adso Creativo\",\"description\":\"\",\"potentialAction\":[{\"@type\":\"SearchAction\",\"target\":{\"@type\":\"EntryPoint\",\"urlTemplate\":\"https:\/\/dev.antudigital.cl\/sites\/vc\/?s={search_term_string}\"},\"query-input\":{\"@type\":\"PropertyValueSpecification\",\"valueRequired\":true,\"valueName\":\"search_term_string\"}}],\"inLanguage\":\"es\"},{\"@type\":\"Person\",\"@id\":\"https:\/\/dev.antudigital.cl\/sites\/vc\/#\/schema\/person\/c2b9da8dd545e27166fc5ab232837318\",\"name\":\"Valpara\u00edso Creativo\",\"description\":\"Periodista de cultura en la Regi\u00f3n de Valpara\u00edso.\",\"url\":\"https:\/\/dev.antudigital.cl\/sites\/vc\/author\/valpoadmin\/\"}]}<\/script>\n<!-- \/ Yoast SEO plugin. -->","yoast_head_json":{"title":"INSOMNIA estrena comedia de Fran\u00e7ois Ozon \u201cEse crimen es m\u00edo\u201d\u00a0 - Valpara\u00ed\u00adso Creativo","robots":{"index":"index","follow":"follow","max-snippet":"max-snippet:-1","max-image-preview":"max-image-preview:large","max-video-preview":"max-video-preview:-1"},"canonical":"https:\/\/dev.antudigital.cl\/sites\/vc\/insomnia-estrena-comedia-de-francois-ozon-ese-crimen-es-mio\/","og_locale":"es_ES","og_type":"article","og_title":"INSOMNIA estrena comedia de Fran\u00e7ois Ozon \u201cEse crimen es m\u00edo\u201d\u00a0 - Valpara\u00ed\u00adso Creativo","og_description":"El destacado realizador Fran\u00e7ois Ozon (Por Gracia de Dios, 8 Mujeres), sorprende con la realizaci\u00f3n de la comedia \u201cEse crimen es m\u00edo\u201d inspirada libremente en la pieza teatral &#8216;Mon Crime&#8217; montada por los franceses Georges Berr y Louis Verneuil en 1934. La pel\u00edcula est\u00e1 ambientada en el a\u00f1o 1935, periodo entreguerras, y divierte como una [&hellip;]","og_url":"https:\/\/dev.antudigital.cl\/sites\/vc\/insomnia-estrena-comedia-de-francois-ozon-ese-crimen-es-mio\/","og_site_name":"Valpara\u00ed\u00adso Creativo","article_published_time":"2024-03-26T03:40:20+00:00","article_modified_time":"2024-03-26T03:40:27+00:00","og_image":[{"width":2362,"height":1457,"url":"https:\/\/dev.antudigital.cl\/sites\/vc\/wp-content\/uploads\/2024\/03\/MON_CRIME_PHOTO-01.jpg","type":"image\/jpeg"}],"author":"Valpara\u00edso Creativo","twitter_card":"summary_large_image","twitter_misc":{"Escrito por":"Valpara\u00edso Creativo","Tiempo de lectura":"3 minutos"},"schema":{"@context":"https:\/\/schema.org","@graph":[{"@type":"Article","@id":"https:\/\/dev.antudigital.cl\/sites\/vc\/insomnia-estrena-comedia-de-francois-ozon-ese-crimen-es-mio\/#article","isPartOf":{"@id":"https:\/\/dev.antudigital.cl\/sites\/vc\/insomnia-estrena-comedia-de-francois-ozon-ese-crimen-es-mio\/"},"author":{"name":"Valpara\u00edso Creativo","@id":"https:\/\/dev.antudigital.cl\/sites\/vc\/#\/schema\/person\/c2b9da8dd545e27166fc5ab232837318"},"headline":"INSOMNIA estrena comedia de Fran\u00e7ois Ozon \u201cEse crimen es m\u00edo\u201d\u00a0","datePublished":"2024-03-26T03:40:20+00:00","dateModified":"2024-03-26T03:40:27+00:00","mainEntityOfPage":{"@id":"https:\/\/dev.antudigital.cl\/sites\/vc\/insomnia-estrena-comedia-de-francois-ozon-ese-crimen-es-mio\/"},"wordCount":502,"image":{"@id":"https:\/\/dev.antudigital.cl\/sites\/vc\/insomnia-estrena-comedia-de-francois-ozon-ese-crimen-es-mio\/#primaryimage"},"thumbnailUrl":"https:\/\/dev.antudigital.cl\/sites\/vc\/wp-content\/uploads\/2024\/03\/MON_CRIME_PHOTO-01.jpg","articleSection":["Uncategorized"],"inLanguage":"es"},{"@type":"WebPage","@id":"https:\/\/dev.antudigital.cl\/sites\/vc\/insomnia-estrena-comedia-de-francois-ozon-ese-crimen-es-mio\/","url":"https:\/\/dev.antudigital.cl\/sites\/vc\/insomnia-estrena-comedia-de-francois-ozon-ese-crimen-es-mio\/","name":"INSOMNIA estrena comedia de Fran\u00e7ois Ozon \u201cEse crimen es m\u00edo\u201d\u00a0 - Valpara\u00ed\u00adso Creativo","isPartOf":{"@id":"https:\/\/dev.antudigital.cl\/sites\/vc\/#website"},"primaryImageOfPage":{"@id":"https:\/\/dev.antudigital.cl\/sites\/vc\/insomnia-estrena-comedia-de-francois-ozon-ese-crimen-es-mio\/#primaryimage"},"image":{"@id":"https:\/\/dev.antudigital.cl\/sites\/vc\/insomnia-estrena-comedia-de-francois-ozon-ese-crimen-es-mio\/#primaryimage"},"thumbnailUrl":"https:\/\/dev.antudigital.cl\/sites\/vc\/wp-content\/uploads\/2024\/03\/MON_CRIME_PHOTO-01.jpg","datePublished":"2024-03-26T03:40:20+00:00","dateModified":"2024-03-26T03:40:27+00:00","author":{"@id":"https:\/\/dev.antudigital.cl\/sites\/vc\/#\/schema\/person\/c2b9da8dd545e27166fc5ab232837318"},"breadcrumb":{"@id":"https:\/\/dev.antudigital.cl\/sites\/vc\/insomnia-estrena-comedia-de-francois-ozon-ese-crimen-es-mio\/#breadcrumb"},"inLanguage":"es","potentialAction":[{"@type":"ReadAction","target":["https:\/\/dev.antudigital.cl\/sites\/vc\/insomnia-estrena-comedia-de-francois-ozon-ese-crimen-es-mio\/"]}]},{"@type":"ImageObject","inLanguage":"es","@id":"https:\/\/dev.antudigital.cl\/sites\/vc\/insomnia-estrena-comedia-de-francois-ozon-ese-crimen-es-mio\/#primaryimage","url":"https:\/\/dev.antudigital.cl\/sites\/vc\/wp-content\/uploads\/2024\/03\/MON_CRIME_PHOTO-01.jpg","contentUrl":"https:\/\/dev.antudigital.cl\/sites\/vc\/wp-content\/uploads\/2024\/03\/MON_CRIME_PHOTO-01.jpg","width":2362,"height":1457},{"@type":"BreadcrumbList","@id":"https:\/\/dev.antudigital.cl\/sites\/vc\/insomnia-estrena-comedia-de-francois-ozon-ese-crimen-es-mio\/#breadcrumb","itemListElement":[{"@type":"ListItem","position":1,"name":"Home","item":"https:\/\/dev.antudigital.cl\/sites\/vc\/"},{"@type":"ListItem","position":2,"name":"INSOMNIA estrena comedia de Fran\u00e7ois Ozon \u201cEse crimen es m\u00edo\u201d\u00a0"}]},{"@type":"WebSite","@id":"https:\/\/dev.antudigital.cl\/sites\/vc\/#website","url":"https:\/\/dev.antudigital.cl\/sites\/vc\/","name":"Valpara\u00ed\u00adso Creativo","description":"","potentialAction":[{"@type":"SearchAction","target":{"@type":"EntryPoint","urlTemplate":"https:\/\/dev.antudigital.cl\/sites\/vc\/?s={search_term_string}"},"query-input":{"@type":"PropertyValueSpecification","valueRequired":true,"valueName":"search_term_string"}}],"inLanguage":"es"},{"@type":"Person","@id":"https:\/\/dev.antudigital.cl\/sites\/vc\/#\/schema\/person\/c2b9da8dd545e27166fc5ab232837318","name":"Valpara\u00edso Creativo","description":"Periodista de cultura en la Regi\u00f3n de Valpara\u00edso.","url":"https:\/\/dev.antudigital.cl\/sites\/vc\/author\/valpoadmin\/"}]}},"_links":{"self":[{"href":"https:\/\/dev.antudigital.cl\/sites\/vc\/wp-json\/wp\/v2\/posts\/18735","targetHints":{"allow":["GET"]}}],"collection":[{"href":"https:\/\/dev.antudigital.cl\/sites\/vc\/wp-json\/wp\/v2\/posts"}],"about":[{"href":"https:\/\/dev.antudigital.cl\/sites\/vc\/wp-json\/wp\/v2\/types\/post"}],"author":[{"embeddable":true,"href":"https:\/\/dev.antudigital.cl\/sites\/vc\/wp-json\/wp\/v2\/users\/1"}],"replies":[{"embeddable":true,"href":"https:\/\/dev.antudigital.cl\/sites\/vc\/wp-json\/wp\/v2\/comments?post=18735"}],"version-history":[{"count":1,"href":"https:\/\/dev.antudigital.cl\/sites\/vc\/wp-json\/wp\/v2\/posts\/18735\/revisions"}],"predecessor-version":[{"id":18738,"href":"https:\/\/dev.antudigital.cl\/sites\/vc\/wp-json\/wp\/v2\/posts\/18735\/revisions\/18738"}],"wp:featuredmedia":[{"embeddable":true,"href":"https:\/\/dev.antudigital.cl\/sites\/vc\/wp-json\/wp\/v2\/media\/18736"}],"wp:attachment":[{"href":"https:\/\/dev.antudigital.cl\/sites\/vc\/wp-json\/wp\/v2\/media?parent=18735"}],"wp:term":[{"taxonomy":"category","embeddable":true,"href":"https:\/\/dev.antudigital.cl\/sites\/vc\/wp-json\/wp\/v2\/categories?post=18735"},{"taxonomy":"post_tag","embeddable":true,"href":"https:\/\/dev.antudigital.cl\/sites\/vc\/wp-json\/wp\/v2\/tags?post=18735"}],"curies":[{"name":"wp","href":"https:\/\/api.w.org\/{rel}","templated":true}]}}