{"id":18742,"date":"2024-04-02T00:13:33","date_gmt":"2024-04-02T00:13:33","guid":{"rendered":"https:\/\/www.valparaisocreativo.cl\/?p=18742"},"modified":"2024-04-02T00:13:55","modified_gmt":"2024-04-02T00:13:55","slug":"newen-afrobeat-estrena-grietas-su-quinto-disco-de-estudio","status":"publish","type":"post","link":"https:\/\/dev.antudigital.cl\/sites\/vc\/newen-afrobeat-estrena-grietas-su-quinto-disco-de-estudio\/","title":{"rendered":"Newen Afrobeat estrena\u00a0\u00abGrietas\u00bb, su quinto disco de estudio\u00a0"},"content":{"rendered":"\n<p>La banda de afrobeat m\u00e1s importante de Chile celebra 15 a\u00f1os de carrera con un nuevo paso discogr\u00e1fico, que ser\u00e1 presentado en vivo junto a grandes voces invitadas en\u00a0<strong>Santiago, el 5 de abril en Sala Metr\u00f3nomo.\u00a0<\/strong>Adem\u00e1s, agendaron visitas a\u00a0<strong>Quilpu\u00e9 y Concepci\u00f3n\u00a0<\/strong>durante el mes de abril, y volver\u00e1n a girar por\u00a0<strong>Europa<\/strong>\u00a0en julio.<\/p>\n\n\n\n<figure class=\"wp-block-table\"><table><tbody><tr><td>Son 15 a\u00f1os de historia que este 2024 se materializan en un quinto disco de estudio. Luego de adelantar cuatro sencillos, una de las orquestas m\u00e1s populares del g\u00e9nero afrobeat a nivel mundial estrena&nbsp;<a href=\"https:\/\/bh1ik.r.a.d.sendibm1.com\/mk\/cl\/f\/sh\/SMK1E8tHeG13GZB6HuHbH2zmqP4Q\/CI1Z2iDjlo8G\" target=\"_blank\" rel=\"noreferrer noopener\"><strong>\u00abGrietas\u00bb<\/strong><\/a>, su esperado nuevo LP.&nbsp;<strong>&#8216;Somos el presente&#8217; junto a Joe Vasconcellos<\/strong>,&nbsp;<strong>&#8216;Mare Mare&#8217; con Dele Sosimi<\/strong>,<strong>&nbsp;&#8216;Grietas&#8217; junto a Lido Pimienta<\/strong>, y la m\u00e1s reciente&nbsp;<strong>&#8216;Es La Vida&#8217;, con la eminencia brasile\u00f1a Chico C\u00e9sar<\/strong>, fueron la antesala perfecta para el \u00e1lbum que llega con la banda llena de experiencias, despu\u00e9s de haber pasado por los escenarios m\u00e1s importantes del mundo, como&nbsp;<strong>Lollapalooza, Festival de Jazz de Montreal, WOMAD, Shambala<\/strong>&nbsp;(Reino Unido)<strong>, Fusion&nbsp;<\/strong>(Alemania)o<strong>&nbsp;Felabration<\/strong>&nbsp;(Nigeria)<strong>.<\/strong>&nbsp;<strong>\u201cEstamos en un mundo fascinante, pero lleno de grietas. El t\u00edtulo del disco responde a esa dualidad entre la vida y la muerte, el deterioro y la reconstrucci\u00f3n, as\u00ed como la interconexi\u00f3n entre diversas culturas y ra\u00edces, en un mundo cambiante. Esa misma l\u00f3gica se aborda a trav\u00e9s de reflexiones sobre las controversias del mundo actual, o con relatos m\u00e1s cotidianos y emotivos. La complejidad de nuestra propia existencia se transforma en un viaje sonoro provocativo, diverso y \u00fanico\u00bb,&nbsp;<\/strong>asegura&nbsp;<a href=\"https:\/\/bh1ik.r.a.d.sendibm1.com\/mk\/cl\/f\/sh\/SMK1E8tHeG7uii03T4R5MsIWoheg\/leTwhqR8_mAi\" target=\"_blank\" rel=\"noreferrer noopener\"><strong>Newen Afrobeat<\/strong><\/a><a><strong>.<\/strong><\/a><\/td><\/tr><tr><td><strong>\u00ab<\/strong><a href=\"https:\/\/bh1ik.r.a.d.sendibm1.com\/mk\/cl\/f\/sh\/SMK1E8tHeGEmAqp0eEaZShbGn0Ew\/jbLU6UZotrHl\" target=\"_blank\" rel=\"noreferrer noopener\"><strong>\u00abGrietas\u00bb<\/strong><\/a><strong>&nbsp;expone una mirada propositiva y positiva respecto al rol que cumplimos como sociedades para enfrentar problemas globales como calentamiento global, sequ\u00edas, guerras, desconexi\u00f3n con el presente y el ensimismamiento del individuo producto de las sociedades de consumo, adem\u00e1s de la superficialidad o el apego a las tecnolog\u00edas. Al mismo tiempo, contiene canciones orientadas a la b\u00fasqueda del movimiento como eje canalizador de nuestras emociones. Es un trabajo transversal, con muchos colores y mensajes\u00bb,<\/strong>&nbsp;agregan.&nbsp;Un salto moderno y fresco en su repertorio, donde los elementos sonoros del highlife, el jazz, la electr\u00f3nica, el funk, el rock y el soul conviven con elegancia, mientras las rupturas se alzan como la demostraci\u00f3n de la dualidad que abunda en este mundo cambiante. Un viaje discogr\u00e1fico complejo, emotivo, profundo y transformador, que ya est\u00e1 disponible en todas las plataformas.<\/td><\/tr><\/tbody><\/table><\/figure>\n\n\n\n<p>La celebraci\u00f3n de\u00a0<a href=\"https:\/\/bh1ik.r.a.d.sendibm1.com\/mk\/cl\/f\/sh\/SMK1E8tHeGLdczdxpOk3YWu0lIpC\/NsI-FYgFJy-6\" target=\"_blank\" rel=\"noreferrer noopener\"><strong>\u00abGrietas\u00bb<\/strong><\/a>\u00a0suceder\u00e1 en\u00a0<strong>Santiago el pr\u00f3ximo viernes 5 de abril en Sala Metr\u00f3nomo<\/strong>. Un espect\u00e1culo cautivador en t\u00e9rminos esc\u00e9nicos, que adem\u00e1s contar\u00e1 con destacados invitados como\u00a0<strong>ChysteMC, Masquemusica o Seamoon<\/strong>, que acompa\u00f1ar\u00e1n el robusto y contundente camino trazado por la agrupaci\u00f3n m\u00e1s importante de Chile en el g\u00e9nero.<\/p>\n\n\n\n<p><strong>Quilpu\u00e9\u00a0<\/strong>tambi\u00e9n recibir\u00e1 a<a href=\"https:\/\/bh1ik.r.a.d.sendibm1.com\/mk\/cl\/f\/sh\/SMK1E8tHeGSV58Sv0YtXeMCkjbPS\/SPBcl24Rn8oN\" target=\"_blank\" rel=\"noreferrer noopener\"><strong>Newen Afrobeat<\/strong><\/a>,con un show agendado para el<strong>\u00a013 de abril en Trotamundos<\/strong>\u00a0desde las 21:00 horas, y en<strong>\u00a0Concepci\u00f3n<\/strong>\u00a0tendr\u00e1 su propio estreno en vivo el\u00a0<strong>20 de abril en<\/strong>\u00a0<strong>La Bodeguita de Nicanor. \u00a0La gira de<\/strong><a href=\"https:\/\/bh1ik.r.a.d.sendibm1.com\/mk\/cl\/f\/sh\/SMK1E8tHeGZMXHHsBj31kBVUhtzi\/fYqwZLpbS3OY\" target=\"_blank\" rel=\"noreferrer noopener\"><strong>\u00abGrietas\u00bb<\/strong><\/a><strong>continuar\u00e1 el 13 de julio en Par\u00eds, el 14 en Berl\u00edn, el 16 del mismo mes en Barcelona, al d\u00eda siguiente en Madrid, para terminar el 8 de agosto en Londres.\u00a0<\/strong><\/p>\n\n\n\n<p><a href=\"https:\/\/linktr.ee\/newenafrobeat\"><strong>Compra tus entradas aqu\u00ed<\/strong><\/a><\/p>\n\n\n\n<figure class=\"wp-block-image size-large\"><img fetchpriority=\"high\" decoding=\"async\" width=\"819\" height=\"1024\" src=\"https:\/\/www.valparaisocreativo.cl\/wp-content\/uploads\/2024\/04\/QUILPUE-IG-ticketera-819x1024.jpg\" alt=\"\" class=\"wp-image-18743\" srcset=\"https:\/\/dev.antudigital.cl\/sites\/vc\/wp-content\/uploads\/2024\/04\/QUILPUE-IG-ticketera-819x1024.jpg 819w, https:\/\/dev.antudigital.cl\/sites\/vc\/wp-content\/uploads\/2024\/04\/QUILPUE-IG-ticketera-240x300.jpg 240w, https:\/\/dev.antudigital.cl\/sites\/vc\/wp-content\/uploads\/2024\/04\/QUILPUE-IG-ticketera-768x960.jpg 768w, https:\/\/dev.antudigital.cl\/sites\/vc\/wp-content\/uploads\/2024\/04\/QUILPUE-IG-ticketera-1229x1536.jpg 1229w, https:\/\/dev.antudigital.cl\/sites\/vc\/wp-content\/uploads\/2024\/04\/QUILPUE-IG-ticketera-1638x2048.jpg 1638w, https:\/\/dev.antudigital.cl\/sites\/vc\/wp-content\/uploads\/2024\/04\/QUILPUE-IG-ticketera-1080x1350.jpg 1080w, https:\/\/dev.antudigital.cl\/sites\/vc\/wp-content\/uploads\/2024\/04\/QUILPUE-IG-ticketera-1280x1600.jpg 1280w, https:\/\/dev.antudigital.cl\/sites\/vc\/wp-content\/uploads\/2024\/04\/QUILPUE-IG-ticketera-980x1225.jpg 980w, https:\/\/dev.antudigital.cl\/sites\/vc\/wp-content\/uploads\/2024\/04\/QUILPUE-IG-ticketera-480x600.jpg 480w, https:\/\/dev.antudigital.cl\/sites\/vc\/wp-content\/uploads\/2024\/04\/QUILPUE-IG-ticketera-19x24.jpg 19w, https:\/\/dev.antudigital.cl\/sites\/vc\/wp-content\/uploads\/2024\/04\/QUILPUE-IG-ticketera-29x36.jpg 29w, https:\/\/dev.antudigital.cl\/sites\/vc\/wp-content\/uploads\/2024\/04\/QUILPUE-IG-ticketera-38x48.jpg 38w, https:\/\/dev.antudigital.cl\/sites\/vc\/wp-content\/uploads\/2024\/04\/QUILPUE-IG-ticketera-scaled.jpg 2048w\" sizes=\"(max-width: 819px) 100vw, 819px\" \/><\/figure>\n","protected":false},"excerpt":{"rendered":"<p>La banda de afrobeat m\u00e1s importante de Chile celebra 15 a\u00f1os de carrera con un nuevo paso discogr\u00e1fico, que ser\u00e1 presentado en vivo junto a grandes voces invitadas en\u00a0Santiago, el 5 de abril en Sala Metr\u00f3nomo.\u00a0Adem\u00e1s, agendaron visitas a\u00a0Quilpu\u00e9 y Concepci\u00f3n\u00a0durante el mes de abril, y volver\u00e1n a girar por\u00a0Europa\u00a0en julio. Son 15 a\u00f1os de [&hellip;]<\/p>\n","protected":false},"author":1,"featured_media":18744,"comment_status":"closed","ping_status":"closed","sticky":false,"template":"","format":"standard","meta":{"_acf_changed":false,"footnotes":""},"categories":[1],"tags":[],"class_list":["post-18742","post","type-post","status-publish","format-standard","has-post-thumbnail","hentry","category-uncategorized"],"acf":[],"yoast_head":"<!-- This site is optimized with the Yoast SEO plugin v27.1.1 - https:\/\/yoast.com\/product\/yoast-seo-wordpress\/ -->\n<title>Newen Afrobeat estrena\u00a0&quot;Grietas&quot;, su quinto disco de estudio\u00a0 - Valpara\u00ed\u00adso Creativo<\/title>\n<meta name=\"robots\" content=\"index, follow, max-snippet:-1, max-image-preview:large, max-video-preview:-1\" \/>\n<link rel=\"canonical\" href=\"https:\/\/dev.antudigital.cl\/sites\/vc\/newen-afrobeat-estrena-grietas-su-quinto-disco-de-estudio\/\" \/>\n<meta property=\"og:locale\" content=\"es_ES\" \/>\n<meta property=\"og:type\" content=\"article\" \/>\n<meta property=\"og:title\" content=\"Newen Afrobeat estrena\u00a0&quot;Grietas&quot;, su quinto disco de estudio\u00a0 - Valpara\u00ed\u00adso Creativo\" \/>\n<meta property=\"og:description\" content=\"La banda de afrobeat m\u00e1s importante de Chile celebra 15 a\u00f1os de carrera con un nuevo paso discogr\u00e1fico, que ser\u00e1 presentado en vivo junto a grandes voces invitadas en\u00a0Santiago, el 5 de abril en Sala Metr\u00f3nomo.\u00a0Adem\u00e1s, agendaron visitas a\u00a0Quilpu\u00e9 y Concepci\u00f3n\u00a0durante el mes de abril, y volver\u00e1n a girar por\u00a0Europa\u00a0en julio. Son 15 a\u00f1os de [&hellip;]\" \/>\n<meta property=\"og:url\" content=\"https:\/\/dev.antudigital.cl\/sites\/vc\/newen-afrobeat-estrena-grietas-su-quinto-disco-de-estudio\/\" \/>\n<meta property=\"og:site_name\" content=\"Valpara\u00ed\u00adso Creativo\" \/>\n<meta property=\"article:published_time\" content=\"2024-04-02T00:13:33+00:00\" \/>\n<meta property=\"article:modified_time\" content=\"2024-04-02T00:13:55+00:00\" \/>\n<meta property=\"og:image\" content=\"https:\/\/dev.antudigital.cl\/sites\/vc\/wp-content\/uploads\/2024\/04\/Newen-Afrobeat-x-Carlos-Poblete1-scaled.jpg\" \/>\n\t<meta property=\"og:image:width\" content=\"2560\" \/>\n\t<meta property=\"og:image:height\" content=\"1707\" \/>\n\t<meta property=\"og:image:type\" content=\"image\/jpeg\" \/>\n<meta name=\"author\" content=\"Valpara\u00edso Creativo\" \/>\n<meta name=\"twitter:card\" content=\"summary_large_image\" \/>\n<meta name=\"twitter:label1\" content=\"Escrito por\" \/>\n\t<meta name=\"twitter:data1\" content=\"Valpara\u00edso Creativo\" \/>\n\t<meta name=\"twitter:label2\" content=\"Tiempo de lectura\" \/>\n\t<meta name=\"twitter:data2\" content=\"3 minutos\" \/>\n<script type=\"application\/ld+json\" class=\"yoast-schema-graph\">{\"@context\":\"https:\/\/schema.org\",\"@graph\":[{\"@type\":\"Article\",\"@id\":\"https:\/\/dev.antudigital.cl\/sites\/vc\/newen-afrobeat-estrena-grietas-su-quinto-disco-de-estudio\/#article\",\"isPartOf\":{\"@id\":\"https:\/\/dev.antudigital.cl\/sites\/vc\/newen-afrobeat-estrena-grietas-su-quinto-disco-de-estudio\/\"},\"author\":{\"name\":\"Valpara\u00edso Creativo\",\"@id\":\"https:\/\/dev.antudigital.cl\/sites\/vc\/#\/schema\/person\/c2b9da8dd545e27166fc5ab232837318\"},\"headline\":\"Newen Afrobeat estrena\u00a0\u00abGrietas\u00bb, su quinto disco de estudio\u00a0\",\"datePublished\":\"2024-04-02T00:13:33+00:00\",\"dateModified\":\"2024-04-02T00:13:55+00:00\",\"mainEntityOfPage\":{\"@id\":\"https:\/\/dev.antudigital.cl\/sites\/vc\/newen-afrobeat-estrena-grietas-su-quinto-disco-de-estudio\/\"},\"wordCount\":575,\"image\":{\"@id\":\"https:\/\/dev.antudigital.cl\/sites\/vc\/newen-afrobeat-estrena-grietas-su-quinto-disco-de-estudio\/#primaryimage\"},\"thumbnailUrl\":\"https:\/\/dev.antudigital.cl\/sites\/vc\/wp-content\/uploads\/2024\/04\/Newen-Afrobeat-x-Carlos-Poblete1-scaled.jpg\",\"articleSection\":[\"Uncategorized\"],\"inLanguage\":\"es\"},{\"@type\":\"WebPage\",\"@id\":\"https:\/\/dev.antudigital.cl\/sites\/vc\/newen-afrobeat-estrena-grietas-su-quinto-disco-de-estudio\/\",\"url\":\"https:\/\/dev.antudigital.cl\/sites\/vc\/newen-afrobeat-estrena-grietas-su-quinto-disco-de-estudio\/\",\"name\":\"Newen Afrobeat estrena\u00a0\\\"Grietas\\\", su quinto disco de estudio\u00a0 - Valpara\u00ed\u00adso Creativo\",\"isPartOf\":{\"@id\":\"https:\/\/dev.antudigital.cl\/sites\/vc\/#website\"},\"primaryImageOfPage\":{\"@id\":\"https:\/\/dev.antudigital.cl\/sites\/vc\/newen-afrobeat-estrena-grietas-su-quinto-disco-de-estudio\/#primaryimage\"},\"image\":{\"@id\":\"https:\/\/dev.antudigital.cl\/sites\/vc\/newen-afrobeat-estrena-grietas-su-quinto-disco-de-estudio\/#primaryimage\"},\"thumbnailUrl\":\"https:\/\/dev.antudigital.cl\/sites\/vc\/wp-content\/uploads\/2024\/04\/Newen-Afrobeat-x-Carlos-Poblete1-scaled.jpg\",\"datePublished\":\"2024-04-02T00:13:33+00:00\",\"dateModified\":\"2024-04-02T00:13:55+00:00\",\"author\":{\"@id\":\"https:\/\/dev.antudigital.cl\/sites\/vc\/#\/schema\/person\/c2b9da8dd545e27166fc5ab232837318\"},\"breadcrumb\":{\"@id\":\"https:\/\/dev.antudigital.cl\/sites\/vc\/newen-afrobeat-estrena-grietas-su-quinto-disco-de-estudio\/#breadcrumb\"},\"inLanguage\":\"es\",\"potentialAction\":[{\"@type\":\"ReadAction\",\"target\":[\"https:\/\/dev.antudigital.cl\/sites\/vc\/newen-afrobeat-estrena-grietas-su-quinto-disco-de-estudio\/\"]}]},{\"@type\":\"ImageObject\",\"inLanguage\":\"es\",\"@id\":\"https:\/\/dev.antudigital.cl\/sites\/vc\/newen-afrobeat-estrena-grietas-su-quinto-disco-de-estudio\/#primaryimage\",\"url\":\"https:\/\/dev.antudigital.cl\/sites\/vc\/wp-content\/uploads\/2024\/04\/Newen-Afrobeat-x-Carlos-Poblete1-scaled.jpg\",\"contentUrl\":\"https:\/\/dev.antudigital.cl\/sites\/vc\/wp-content\/uploads\/2024\/04\/Newen-Afrobeat-x-Carlos-Poblete1-scaled.jpg\",\"width\":2560,\"height\":1707},{\"@type\":\"BreadcrumbList\",\"@id\":\"https:\/\/dev.antudigital.cl\/sites\/vc\/newen-afrobeat-estrena-grietas-su-quinto-disco-de-estudio\/#breadcrumb\",\"itemListElement\":[{\"@type\":\"ListItem\",\"position\":1,\"name\":\"Home\",\"item\":\"https:\/\/dev.antudigital.cl\/sites\/vc\/\"},{\"@type\":\"ListItem\",\"position\":2,\"name\":\"Newen Afrobeat estrena\u00a0\u00abGrietas\u00bb, su quinto disco de estudio\u00a0\"}]},{\"@type\":\"WebSite\",\"@id\":\"https:\/\/dev.antudigital.cl\/sites\/vc\/#website\",\"url\":\"https:\/\/dev.antudigital.cl\/sites\/vc\/\",\"name\":\"Valpara\u00ed\u00adso Creativo\",\"description\":\"\",\"potentialAction\":[{\"@type\":\"SearchAction\",\"target\":{\"@type\":\"EntryPoint\",\"urlTemplate\":\"https:\/\/dev.antudigital.cl\/sites\/vc\/?s={search_term_string}\"},\"query-input\":{\"@type\":\"PropertyValueSpecification\",\"valueRequired\":true,\"valueName\":\"search_term_string\"}}],\"inLanguage\":\"es\"},{\"@type\":\"Person\",\"@id\":\"https:\/\/dev.antudigital.cl\/sites\/vc\/#\/schema\/person\/c2b9da8dd545e27166fc5ab232837318\",\"name\":\"Valpara\u00edso Creativo\",\"description\":\"Periodista de cultura en la Regi\u00f3n de Valpara\u00edso.\",\"url\":\"https:\/\/dev.antudigital.cl\/sites\/vc\/author\/valpoadmin\/\"}]}<\/script>\n<!-- \/ Yoast SEO plugin. -->","yoast_head_json":{"title":"Newen Afrobeat estrena\u00a0\"Grietas\", su quinto disco de estudio\u00a0 - Valpara\u00ed\u00adso Creativo","robots":{"index":"index","follow":"follow","max-snippet":"max-snippet:-1","max-image-preview":"max-image-preview:large","max-video-preview":"max-video-preview:-1"},"canonical":"https:\/\/dev.antudigital.cl\/sites\/vc\/newen-afrobeat-estrena-grietas-su-quinto-disco-de-estudio\/","og_locale":"es_ES","og_type":"article","og_title":"Newen Afrobeat estrena\u00a0\"Grietas\", su quinto disco de estudio\u00a0 - Valpara\u00ed\u00adso Creativo","og_description":"La banda de afrobeat m\u00e1s importante de Chile celebra 15 a\u00f1os de carrera con un nuevo paso discogr\u00e1fico, que ser\u00e1 presentado en vivo junto a grandes voces invitadas en\u00a0Santiago, el 5 de abril en Sala Metr\u00f3nomo.\u00a0Adem\u00e1s, agendaron visitas a\u00a0Quilpu\u00e9 y Concepci\u00f3n\u00a0durante el mes de abril, y volver\u00e1n a girar por\u00a0Europa\u00a0en julio. Son 15 a\u00f1os de [&hellip;]","og_url":"https:\/\/dev.antudigital.cl\/sites\/vc\/newen-afrobeat-estrena-grietas-su-quinto-disco-de-estudio\/","og_site_name":"Valpara\u00ed\u00adso Creativo","article_published_time":"2024-04-02T00:13:33+00:00","article_modified_time":"2024-04-02T00:13:55+00:00","og_image":[{"width":2560,"height":1707,"url":"https:\/\/dev.antudigital.cl\/sites\/vc\/wp-content\/uploads\/2024\/04\/Newen-Afrobeat-x-Carlos-Poblete1-scaled.jpg","type":"image\/jpeg"}],"author":"Valpara\u00edso Creativo","twitter_card":"summary_large_image","twitter_misc":{"Escrito por":"Valpara\u00edso Creativo","Tiempo de lectura":"3 minutos"},"schema":{"@context":"https:\/\/schema.org","@graph":[{"@type":"Article","@id":"https:\/\/dev.antudigital.cl\/sites\/vc\/newen-afrobeat-estrena-grietas-su-quinto-disco-de-estudio\/#article","isPartOf":{"@id":"https:\/\/dev.antudigital.cl\/sites\/vc\/newen-afrobeat-estrena-grietas-su-quinto-disco-de-estudio\/"},"author":{"name":"Valpara\u00edso Creativo","@id":"https:\/\/dev.antudigital.cl\/sites\/vc\/#\/schema\/person\/c2b9da8dd545e27166fc5ab232837318"},"headline":"Newen Afrobeat estrena\u00a0\u00abGrietas\u00bb, su quinto disco de estudio\u00a0","datePublished":"2024-04-02T00:13:33+00:00","dateModified":"2024-04-02T00:13:55+00:00","mainEntityOfPage":{"@id":"https:\/\/dev.antudigital.cl\/sites\/vc\/newen-afrobeat-estrena-grietas-su-quinto-disco-de-estudio\/"},"wordCount":575,"image":{"@id":"https:\/\/dev.antudigital.cl\/sites\/vc\/newen-afrobeat-estrena-grietas-su-quinto-disco-de-estudio\/#primaryimage"},"thumbnailUrl":"https:\/\/dev.antudigital.cl\/sites\/vc\/wp-content\/uploads\/2024\/04\/Newen-Afrobeat-x-Carlos-Poblete1-scaled.jpg","articleSection":["Uncategorized"],"inLanguage":"es"},{"@type":"WebPage","@id":"https:\/\/dev.antudigital.cl\/sites\/vc\/newen-afrobeat-estrena-grietas-su-quinto-disco-de-estudio\/","url":"https:\/\/dev.antudigital.cl\/sites\/vc\/newen-afrobeat-estrena-grietas-su-quinto-disco-de-estudio\/","name":"Newen Afrobeat estrena\u00a0\"Grietas\", su quinto disco de estudio\u00a0 - Valpara\u00ed\u00adso Creativo","isPartOf":{"@id":"https:\/\/dev.antudigital.cl\/sites\/vc\/#website"},"primaryImageOfPage":{"@id":"https:\/\/dev.antudigital.cl\/sites\/vc\/newen-afrobeat-estrena-grietas-su-quinto-disco-de-estudio\/#primaryimage"},"image":{"@id":"https:\/\/dev.antudigital.cl\/sites\/vc\/newen-afrobeat-estrena-grietas-su-quinto-disco-de-estudio\/#primaryimage"},"thumbnailUrl":"https:\/\/dev.antudigital.cl\/sites\/vc\/wp-content\/uploads\/2024\/04\/Newen-Afrobeat-x-Carlos-Poblete1-scaled.jpg","datePublished":"2024-04-02T00:13:33+00:00","dateModified":"2024-04-02T00:13:55+00:00","author":{"@id":"https:\/\/dev.antudigital.cl\/sites\/vc\/#\/schema\/person\/c2b9da8dd545e27166fc5ab232837318"},"breadcrumb":{"@id":"https:\/\/dev.antudigital.cl\/sites\/vc\/newen-afrobeat-estrena-grietas-su-quinto-disco-de-estudio\/#breadcrumb"},"inLanguage":"es","potentialAction":[{"@type":"ReadAction","target":["https:\/\/dev.antudigital.cl\/sites\/vc\/newen-afrobeat-estrena-grietas-su-quinto-disco-de-estudio\/"]}]},{"@type":"ImageObject","inLanguage":"es","@id":"https:\/\/dev.antudigital.cl\/sites\/vc\/newen-afrobeat-estrena-grietas-su-quinto-disco-de-estudio\/#primaryimage","url":"https:\/\/dev.antudigital.cl\/sites\/vc\/wp-content\/uploads\/2024\/04\/Newen-Afrobeat-x-Carlos-Poblete1-scaled.jpg","contentUrl":"https:\/\/dev.antudigital.cl\/sites\/vc\/wp-content\/uploads\/2024\/04\/Newen-Afrobeat-x-Carlos-Poblete1-scaled.jpg","width":2560,"height":1707},{"@type":"BreadcrumbList","@id":"https:\/\/dev.antudigital.cl\/sites\/vc\/newen-afrobeat-estrena-grietas-su-quinto-disco-de-estudio\/#breadcrumb","itemListElement":[{"@type":"ListItem","position":1,"name":"Home","item":"https:\/\/dev.antudigital.cl\/sites\/vc\/"},{"@type":"ListItem","position":2,"name":"Newen Afrobeat estrena\u00a0\u00abGrietas\u00bb, su quinto disco de estudio\u00a0"}]},{"@type":"WebSite","@id":"https:\/\/dev.antudigital.cl\/sites\/vc\/#website","url":"https:\/\/dev.antudigital.cl\/sites\/vc\/","name":"Valpara\u00ed\u00adso Creativo","description":"","potentialAction":[{"@type":"SearchAction","target":{"@type":"EntryPoint","urlTemplate":"https:\/\/dev.antudigital.cl\/sites\/vc\/?s={search_term_string}"},"query-input":{"@type":"PropertyValueSpecification","valueRequired":true,"valueName":"search_term_string"}}],"inLanguage":"es"},{"@type":"Person","@id":"https:\/\/dev.antudigital.cl\/sites\/vc\/#\/schema\/person\/c2b9da8dd545e27166fc5ab232837318","name":"Valpara\u00edso Creativo","description":"Periodista de cultura en la Regi\u00f3n de Valpara\u00edso.","url":"https:\/\/dev.antudigital.cl\/sites\/vc\/author\/valpoadmin\/"}]}},"_links":{"self":[{"href":"https:\/\/dev.antudigital.cl\/sites\/vc\/wp-json\/wp\/v2\/posts\/18742","targetHints":{"allow":["GET"]}}],"collection":[{"href":"https:\/\/dev.antudigital.cl\/sites\/vc\/wp-json\/wp\/v2\/posts"}],"about":[{"href":"https:\/\/dev.antudigital.cl\/sites\/vc\/wp-json\/wp\/v2\/types\/post"}],"author":[{"embeddable":true,"href":"https:\/\/dev.antudigital.cl\/sites\/vc\/wp-json\/wp\/v2\/users\/1"}],"replies":[{"embeddable":true,"href":"https:\/\/dev.antudigital.cl\/sites\/vc\/wp-json\/wp\/v2\/comments?post=18742"}],"version-history":[{"count":1,"href":"https:\/\/dev.antudigital.cl\/sites\/vc\/wp-json\/wp\/v2\/posts\/18742\/revisions"}],"predecessor-version":[{"id":18745,"href":"https:\/\/dev.antudigital.cl\/sites\/vc\/wp-json\/wp\/v2\/posts\/18742\/revisions\/18745"}],"wp:featuredmedia":[{"embeddable":true,"href":"https:\/\/dev.antudigital.cl\/sites\/vc\/wp-json\/wp\/v2\/media\/18744"}],"wp:attachment":[{"href":"https:\/\/dev.antudigital.cl\/sites\/vc\/wp-json\/wp\/v2\/media?parent=18742"}],"wp:term":[{"taxonomy":"category","embeddable":true,"href":"https:\/\/dev.antudigital.cl\/sites\/vc\/wp-json\/wp\/v2\/categories?post=18742"},{"taxonomy":"post_tag","embeddable":true,"href":"https:\/\/dev.antudigital.cl\/sites\/vc\/wp-json\/wp\/v2\/tags?post=18742"}],"curies":[{"name":"wp","href":"https:\/\/api.w.org\/{rel}","templated":true}]}}