{"id":18747,"date":"2024-04-02T00:17:27","date_gmt":"2024-04-02T00:17:27","guid":{"rendered":"https:\/\/www.valparaisocreativo.cl\/?p=18747"},"modified":"2024-04-02T00:17:46","modified_gmt":"2024-04-02T00:17:46","slug":"evento-tertulias-musicales-se-realizara-en-campus-valparaiso-de-i-p-arcos","status":"publish","type":"post","link":"https:\/\/dev.antudigital.cl\/sites\/vc\/evento-tertulias-musicales-se-realizara-en-campus-valparaiso-de-i-p-arcos\/","title":{"rendered":"EVENTO \u00abTERTULIAS MUSICALES\u00bb SE REALIZAR\u00c1 EN CAMPUS VALPARA\u00cdSO DE I.P. ARCOS"},"content":{"rendered":"\n<h2 class=\"wp-block-heading\">El mi\u00e9rcoles 3 de abril se realizar\u00e1 el segundo encuentro de tertulias musicales \u00abMujeres en la m\u00fasica de Valpara\u00edso\u00bb, evento organizado por la Fundaci\u00f3n Buen Puerto y Moderado por su directora&nbsp;<strong>Mar\u00eda&nbsp;Cecilia Toledo<\/strong>.<\/h2>\n\n\n\n<p>La instancia busca destacar y valorar el papel de las mujeres en la m\u00fasica, demostrando que su capacidad para crear y transformar es esencial para el desarrollo cultural y art\u00edstico de la ciudad.<br>En esta ocasi\u00f3n, las invitadas son mujeres que se destacan por su trabajo en el \u00e1mbito docto o acad\u00e9mico, como m\u00fasicas, compositoras, gestoras culturales y creadoras de festivales:<\/p>\n\n\n\n<p><strong>Valeria Valle<\/strong>, compositora, investigadora y acad\u00e9mica de la PUCV.<br><strong>Ximena Soto<\/strong>, directora del Coro y Camerata Vocal de la Universidad de Valpara\u00edso.<br><strong>Mar\u00eda Carolina L\u00f3pez<\/strong>, acad\u00e9mica y directora de Orquesta de la UTFSM, y de la Orquesta Sinf\u00f3nica Juvenil Regional de Valpara\u00edso.<br><strong>Danitza Villarroel<\/strong>, directora de la Orquesta Alimapu, violinista y gestora cultural.<br><strong>Loreto Aravena<\/strong>, jefa de Vinculaci\u00f3n con el Medio del Instituto Profesional ARCOS de Valpara\u00edso.<\/p>\n\n\n\n<figure class=\"wp-block-embed is-type-video is-provider-youtube wp-block-embed-youtube wp-embed-aspect-16-9 wp-has-aspect-ratio\"><div class=\"wp-block-embed__wrapper\">\n<iframe title=\"EVENTO &quot;TERTULIAS MUSICALES&quot; SE REALIZAR\u00c1 EN CAMPUS VALPARA\u00cdSO\" width=\"800\" height=\"450\" src=\"https:\/\/www.youtube.com\/embed\/Vm2K9PtUcss?feature=oembed\" frameborder=\"0\" allow=\"accelerometer; autoplay; clipboard-write; encrypted-media; gyroscope; picture-in-picture; web-share\" referrerpolicy=\"strict-origin-when-cross-origin\" allowfullscreen><\/iframe>\n<\/div><\/figure>\n\n\n\n<p>El evento es abierto a todo p\u00fablico y se realizar\u00e1 el mi\u00e9rcoles 3 de abril a las 11:00 horas en el Auditorio del Campus Valpara\u00edso de I.P. ARCOS (Av. Altamirano 1424).<\/p>\n\n\n\n<p><strong>Loreto Aravena<\/strong>\u00a0invita a toda la comunidad a participar de este conversatorio.\u00a0<em>\u201cEs un \u00e1mbito que est\u00e1 siempre muy entregado a lo masculino, y queremos abordarlo desde lo femenino. Visibilizar el trabajo que estas grandes mujeres realizan y el aporte hacia la sociedad chilena y comunidades art\u00edsticas, en este caso\u201d<\/em>.<\/p>\n\n\n\n<figure class=\"wp-block-image size-full\"><img fetchpriority=\"high\" decoding=\"async\" width=\"721\" height=\"906\" src=\"https:\/\/www.valparaisocreativo.cl\/wp-content\/uploads\/2024\/04\/flyer_Tertulias.jpeg\" alt=\"\" class=\"wp-image-18748\" srcset=\"https:\/\/dev.antudigital.cl\/sites\/vc\/wp-content\/uploads\/2024\/04\/flyer_Tertulias.jpeg 721w, https:\/\/dev.antudigital.cl\/sites\/vc\/wp-content\/uploads\/2024\/04\/flyer_Tertulias-239x300.jpeg 239w, https:\/\/dev.antudigital.cl\/sites\/vc\/wp-content\/uploads\/2024\/04\/flyer_Tertulias-480x603.jpeg 480w, https:\/\/dev.antudigital.cl\/sites\/vc\/wp-content\/uploads\/2024\/04\/flyer_Tertulias-19x24.jpeg 19w, https:\/\/dev.antudigital.cl\/sites\/vc\/wp-content\/uploads\/2024\/04\/flyer_Tertulias-29x36.jpeg 29w, https:\/\/dev.antudigital.cl\/sites\/vc\/wp-content\/uploads\/2024\/04\/flyer_Tertulias-38x48.jpeg 38w\" sizes=\"(max-width: 721px) 100vw, 721px\" \/><\/figure>\n","protected":false},"excerpt":{"rendered":"<p>El mi\u00e9rcoles 3 de abril se realizar\u00e1 el segundo encuentro de tertulias musicales \u00abMujeres en la m\u00fasica de Valpara\u00edso\u00bb, evento organizado por la Fundaci\u00f3n Buen Puerto y Moderado por su directora&nbsp;Mar\u00eda&nbsp;Cecilia Toledo. La instancia busca destacar y valorar el papel de las mujeres en la m\u00fasica, demostrando que su capacidad para crear y transformar es [&hellip;]<\/p>\n","protected":false},"author":1,"featured_media":18749,"comment_status":"closed","ping_status":"closed","sticky":false,"template":"","format":"standard","meta":{"_acf_changed":false,"footnotes":""},"categories":[1],"tags":[],"class_list":["post-18747","post","type-post","status-publish","format-standard","has-post-thumbnail","hentry","category-uncategorized"],"acf":[],"yoast_head":"<!-- This site is optimized with the Yoast SEO plugin v27.1.1 - https:\/\/yoast.com\/product\/yoast-seo-wordpress\/ -->\n<title>EVENTO \u00abTERTULIAS MUSICALES\u00bb SE REALIZAR\u00c1 EN CAMPUS VALPARA\u00cdSO DE I.P. ARCOS - Valpara\u00ed\u00adso Creativo<\/title>\n<meta name=\"robots\" content=\"index, follow, max-snippet:-1, max-image-preview:large, max-video-preview:-1\" \/>\n<link rel=\"canonical\" href=\"https:\/\/dev.antudigital.cl\/sites\/vc\/evento-tertulias-musicales-se-realizara-en-campus-valparaiso-de-i-p-arcos\/\" \/>\n<meta property=\"og:locale\" content=\"es_ES\" \/>\n<meta property=\"og:type\" content=\"article\" \/>\n<meta property=\"og:title\" content=\"EVENTO \u00abTERTULIAS MUSICALES\u00bb SE REALIZAR\u00c1 EN CAMPUS VALPARA\u00cdSO DE I.P. ARCOS - Valpara\u00ed\u00adso Creativo\" \/>\n<meta property=\"og:description\" content=\"El mi\u00e9rcoles 3 de abril se realizar\u00e1 el segundo encuentro de tertulias musicales \u00abMujeres en la m\u00fasica de Valpara\u00edso\u00bb, evento organizado por la Fundaci\u00f3n Buen Puerto y Moderado por su directora&nbsp;Mar\u00eda&nbsp;Cecilia Toledo. La instancia busca destacar y valorar el papel de las mujeres en la m\u00fasica, demostrando que su capacidad para crear y transformar es [&hellip;]\" \/>\n<meta property=\"og:url\" content=\"https:\/\/dev.antudigital.cl\/sites\/vc\/evento-tertulias-musicales-se-realizara-en-campus-valparaiso-de-i-p-arcos\/\" \/>\n<meta property=\"og:site_name\" content=\"Valpara\u00ed\u00adso Creativo\" \/>\n<meta property=\"article:published_time\" content=\"2024-04-02T00:17:27+00:00\" \/>\n<meta property=\"article:modified_time\" content=\"2024-04-02T00:17:46+00:00\" \/>\n<meta property=\"og:image\" content=\"https:\/\/dev.antudigital.cl\/sites\/vc\/wp-content\/uploads\/2024\/04\/ARCOS-sede-Valparaiso-2-scaled-1.jpeg\" \/>\n\t<meta property=\"og:image:width\" content=\"2560\" \/>\n\t<meta property=\"og:image:height\" content=\"1707\" \/>\n\t<meta property=\"og:image:type\" content=\"image\/jpeg\" \/>\n<meta name=\"author\" content=\"Valpara\u00edso Creativo\" \/>\n<meta name=\"twitter:card\" content=\"summary_large_image\" \/>\n<meta name=\"twitter:label1\" content=\"Escrito por\" \/>\n\t<meta name=\"twitter:data1\" content=\"Valpara\u00edso Creativo\" \/>\n\t<meta name=\"twitter:label2\" content=\"Tiempo de lectura\" \/>\n\t<meta name=\"twitter:data2\" content=\"2 minutos\" \/>\n<script type=\"application\/ld+json\" class=\"yoast-schema-graph\">{\"@context\":\"https:\/\/schema.org\",\"@graph\":[{\"@type\":\"Article\",\"@id\":\"https:\/\/dev.antudigital.cl\/sites\/vc\/evento-tertulias-musicales-se-realizara-en-campus-valparaiso-de-i-p-arcos\/#article\",\"isPartOf\":{\"@id\":\"https:\/\/dev.antudigital.cl\/sites\/vc\/evento-tertulias-musicales-se-realizara-en-campus-valparaiso-de-i-p-arcos\/\"},\"author\":{\"name\":\"Valpara\u00edso Creativo\",\"@id\":\"https:\/\/dev.antudigital.cl\/sites\/vc\/#\/schema\/person\/c2b9da8dd545e27166fc5ab232837318\"},\"headline\":\"EVENTO \u00abTERTULIAS MUSICALES\u00bb SE REALIZAR\u00c1 EN CAMPUS VALPARA\u00cdSO DE I.P. ARCOS\",\"datePublished\":\"2024-04-02T00:17:27+00:00\",\"dateModified\":\"2024-04-02T00:17:46+00:00\",\"mainEntityOfPage\":{\"@id\":\"https:\/\/dev.antudigital.cl\/sites\/vc\/evento-tertulias-musicales-se-realizara-en-campus-valparaiso-de-i-p-arcos\/\"},\"wordCount\":286,\"image\":{\"@id\":\"https:\/\/dev.antudigital.cl\/sites\/vc\/evento-tertulias-musicales-se-realizara-en-campus-valparaiso-de-i-p-arcos\/#primaryimage\"},\"thumbnailUrl\":\"https:\/\/dev.antudigital.cl\/sites\/vc\/wp-content\/uploads\/2024\/04\/ARCOS-sede-Valparaiso-2-scaled-1.jpeg\",\"articleSection\":[\"Uncategorized\"],\"inLanguage\":\"es\"},{\"@type\":\"WebPage\",\"@id\":\"https:\/\/dev.antudigital.cl\/sites\/vc\/evento-tertulias-musicales-se-realizara-en-campus-valparaiso-de-i-p-arcos\/\",\"url\":\"https:\/\/dev.antudigital.cl\/sites\/vc\/evento-tertulias-musicales-se-realizara-en-campus-valparaiso-de-i-p-arcos\/\",\"name\":\"EVENTO \u00abTERTULIAS MUSICALES\u00bb SE REALIZAR\u00c1 EN CAMPUS VALPARA\u00cdSO DE I.P. ARCOS - Valpara\u00ed\u00adso Creativo\",\"isPartOf\":{\"@id\":\"https:\/\/dev.antudigital.cl\/sites\/vc\/#website\"},\"primaryImageOfPage\":{\"@id\":\"https:\/\/dev.antudigital.cl\/sites\/vc\/evento-tertulias-musicales-se-realizara-en-campus-valparaiso-de-i-p-arcos\/#primaryimage\"},\"image\":{\"@id\":\"https:\/\/dev.antudigital.cl\/sites\/vc\/evento-tertulias-musicales-se-realizara-en-campus-valparaiso-de-i-p-arcos\/#primaryimage\"},\"thumbnailUrl\":\"https:\/\/dev.antudigital.cl\/sites\/vc\/wp-content\/uploads\/2024\/04\/ARCOS-sede-Valparaiso-2-scaled-1.jpeg\",\"datePublished\":\"2024-04-02T00:17:27+00:00\",\"dateModified\":\"2024-04-02T00:17:46+00:00\",\"author\":{\"@id\":\"https:\/\/dev.antudigital.cl\/sites\/vc\/#\/schema\/person\/c2b9da8dd545e27166fc5ab232837318\"},\"breadcrumb\":{\"@id\":\"https:\/\/dev.antudigital.cl\/sites\/vc\/evento-tertulias-musicales-se-realizara-en-campus-valparaiso-de-i-p-arcos\/#breadcrumb\"},\"inLanguage\":\"es\",\"potentialAction\":[{\"@type\":\"ReadAction\",\"target\":[\"https:\/\/dev.antudigital.cl\/sites\/vc\/evento-tertulias-musicales-se-realizara-en-campus-valparaiso-de-i-p-arcos\/\"]}]},{\"@type\":\"ImageObject\",\"inLanguage\":\"es\",\"@id\":\"https:\/\/dev.antudigital.cl\/sites\/vc\/evento-tertulias-musicales-se-realizara-en-campus-valparaiso-de-i-p-arcos\/#primaryimage\",\"url\":\"https:\/\/dev.antudigital.cl\/sites\/vc\/wp-content\/uploads\/2024\/04\/ARCOS-sede-Valparaiso-2-scaled-1.jpeg\",\"contentUrl\":\"https:\/\/dev.antudigital.cl\/sites\/vc\/wp-content\/uploads\/2024\/04\/ARCOS-sede-Valparaiso-2-scaled-1.jpeg\",\"width\":2560,\"height\":1707},{\"@type\":\"BreadcrumbList\",\"@id\":\"https:\/\/dev.antudigital.cl\/sites\/vc\/evento-tertulias-musicales-se-realizara-en-campus-valparaiso-de-i-p-arcos\/#breadcrumb\",\"itemListElement\":[{\"@type\":\"ListItem\",\"position\":1,\"name\":\"Home\",\"item\":\"https:\/\/dev.antudigital.cl\/sites\/vc\/\"},{\"@type\":\"ListItem\",\"position\":2,\"name\":\"EVENTO \u00abTERTULIAS MUSICALES\u00bb SE REALIZAR\u00c1 EN CAMPUS VALPARA\u00cdSO DE I.P. ARCOS\"}]},{\"@type\":\"WebSite\",\"@id\":\"https:\/\/dev.antudigital.cl\/sites\/vc\/#website\",\"url\":\"https:\/\/dev.antudigital.cl\/sites\/vc\/\",\"name\":\"Valpara\u00ed\u00adso Creativo\",\"description\":\"\",\"potentialAction\":[{\"@type\":\"SearchAction\",\"target\":{\"@type\":\"EntryPoint\",\"urlTemplate\":\"https:\/\/dev.antudigital.cl\/sites\/vc\/?s={search_term_string}\"},\"query-input\":{\"@type\":\"PropertyValueSpecification\",\"valueRequired\":true,\"valueName\":\"search_term_string\"}}],\"inLanguage\":\"es\"},{\"@type\":\"Person\",\"@id\":\"https:\/\/dev.antudigital.cl\/sites\/vc\/#\/schema\/person\/c2b9da8dd545e27166fc5ab232837318\",\"name\":\"Valpara\u00edso Creativo\",\"description\":\"Periodista de cultura en la Regi\u00f3n de Valpara\u00edso.\",\"url\":\"https:\/\/dev.antudigital.cl\/sites\/vc\/author\/valpoadmin\/\"}]}<\/script>\n<!-- \/ Yoast SEO plugin. -->","yoast_head_json":{"title":"EVENTO \u00abTERTULIAS MUSICALES\u00bb SE REALIZAR\u00c1 EN CAMPUS VALPARA\u00cdSO DE I.P. ARCOS - Valpara\u00ed\u00adso Creativo","robots":{"index":"index","follow":"follow","max-snippet":"max-snippet:-1","max-image-preview":"max-image-preview:large","max-video-preview":"max-video-preview:-1"},"canonical":"https:\/\/dev.antudigital.cl\/sites\/vc\/evento-tertulias-musicales-se-realizara-en-campus-valparaiso-de-i-p-arcos\/","og_locale":"es_ES","og_type":"article","og_title":"EVENTO \u00abTERTULIAS MUSICALES\u00bb SE REALIZAR\u00c1 EN CAMPUS VALPARA\u00cdSO DE I.P. ARCOS - Valpara\u00ed\u00adso Creativo","og_description":"El mi\u00e9rcoles 3 de abril se realizar\u00e1 el segundo encuentro de tertulias musicales \u00abMujeres en la m\u00fasica de Valpara\u00edso\u00bb, evento organizado por la Fundaci\u00f3n Buen Puerto y Moderado por su directora&nbsp;Mar\u00eda&nbsp;Cecilia Toledo. La instancia busca destacar y valorar el papel de las mujeres en la m\u00fasica, demostrando que su capacidad para crear y transformar es [&hellip;]","og_url":"https:\/\/dev.antudigital.cl\/sites\/vc\/evento-tertulias-musicales-se-realizara-en-campus-valparaiso-de-i-p-arcos\/","og_site_name":"Valpara\u00ed\u00adso Creativo","article_published_time":"2024-04-02T00:17:27+00:00","article_modified_time":"2024-04-02T00:17:46+00:00","og_image":[{"width":2560,"height":1707,"url":"https:\/\/dev.antudigital.cl\/sites\/vc\/wp-content\/uploads\/2024\/04\/ARCOS-sede-Valparaiso-2-scaled-1.jpeg","type":"image\/jpeg"}],"author":"Valpara\u00edso Creativo","twitter_card":"summary_large_image","twitter_misc":{"Escrito por":"Valpara\u00edso Creativo","Tiempo de lectura":"2 minutos"},"schema":{"@context":"https:\/\/schema.org","@graph":[{"@type":"Article","@id":"https:\/\/dev.antudigital.cl\/sites\/vc\/evento-tertulias-musicales-se-realizara-en-campus-valparaiso-de-i-p-arcos\/#article","isPartOf":{"@id":"https:\/\/dev.antudigital.cl\/sites\/vc\/evento-tertulias-musicales-se-realizara-en-campus-valparaiso-de-i-p-arcos\/"},"author":{"name":"Valpara\u00edso Creativo","@id":"https:\/\/dev.antudigital.cl\/sites\/vc\/#\/schema\/person\/c2b9da8dd545e27166fc5ab232837318"},"headline":"EVENTO \u00abTERTULIAS MUSICALES\u00bb SE REALIZAR\u00c1 EN CAMPUS VALPARA\u00cdSO DE I.P. ARCOS","datePublished":"2024-04-02T00:17:27+00:00","dateModified":"2024-04-02T00:17:46+00:00","mainEntityOfPage":{"@id":"https:\/\/dev.antudigital.cl\/sites\/vc\/evento-tertulias-musicales-se-realizara-en-campus-valparaiso-de-i-p-arcos\/"},"wordCount":286,"image":{"@id":"https:\/\/dev.antudigital.cl\/sites\/vc\/evento-tertulias-musicales-se-realizara-en-campus-valparaiso-de-i-p-arcos\/#primaryimage"},"thumbnailUrl":"https:\/\/dev.antudigital.cl\/sites\/vc\/wp-content\/uploads\/2024\/04\/ARCOS-sede-Valparaiso-2-scaled-1.jpeg","articleSection":["Uncategorized"],"inLanguage":"es"},{"@type":"WebPage","@id":"https:\/\/dev.antudigital.cl\/sites\/vc\/evento-tertulias-musicales-se-realizara-en-campus-valparaiso-de-i-p-arcos\/","url":"https:\/\/dev.antudigital.cl\/sites\/vc\/evento-tertulias-musicales-se-realizara-en-campus-valparaiso-de-i-p-arcos\/","name":"EVENTO \u00abTERTULIAS MUSICALES\u00bb SE REALIZAR\u00c1 EN CAMPUS VALPARA\u00cdSO DE I.P. ARCOS - Valpara\u00ed\u00adso Creativo","isPartOf":{"@id":"https:\/\/dev.antudigital.cl\/sites\/vc\/#website"},"primaryImageOfPage":{"@id":"https:\/\/dev.antudigital.cl\/sites\/vc\/evento-tertulias-musicales-se-realizara-en-campus-valparaiso-de-i-p-arcos\/#primaryimage"},"image":{"@id":"https:\/\/dev.antudigital.cl\/sites\/vc\/evento-tertulias-musicales-se-realizara-en-campus-valparaiso-de-i-p-arcos\/#primaryimage"},"thumbnailUrl":"https:\/\/dev.antudigital.cl\/sites\/vc\/wp-content\/uploads\/2024\/04\/ARCOS-sede-Valparaiso-2-scaled-1.jpeg","datePublished":"2024-04-02T00:17:27+00:00","dateModified":"2024-04-02T00:17:46+00:00","author":{"@id":"https:\/\/dev.antudigital.cl\/sites\/vc\/#\/schema\/person\/c2b9da8dd545e27166fc5ab232837318"},"breadcrumb":{"@id":"https:\/\/dev.antudigital.cl\/sites\/vc\/evento-tertulias-musicales-se-realizara-en-campus-valparaiso-de-i-p-arcos\/#breadcrumb"},"inLanguage":"es","potentialAction":[{"@type":"ReadAction","target":["https:\/\/dev.antudigital.cl\/sites\/vc\/evento-tertulias-musicales-se-realizara-en-campus-valparaiso-de-i-p-arcos\/"]}]},{"@type":"ImageObject","inLanguage":"es","@id":"https:\/\/dev.antudigital.cl\/sites\/vc\/evento-tertulias-musicales-se-realizara-en-campus-valparaiso-de-i-p-arcos\/#primaryimage","url":"https:\/\/dev.antudigital.cl\/sites\/vc\/wp-content\/uploads\/2024\/04\/ARCOS-sede-Valparaiso-2-scaled-1.jpeg","contentUrl":"https:\/\/dev.antudigital.cl\/sites\/vc\/wp-content\/uploads\/2024\/04\/ARCOS-sede-Valparaiso-2-scaled-1.jpeg","width":2560,"height":1707},{"@type":"BreadcrumbList","@id":"https:\/\/dev.antudigital.cl\/sites\/vc\/evento-tertulias-musicales-se-realizara-en-campus-valparaiso-de-i-p-arcos\/#breadcrumb","itemListElement":[{"@type":"ListItem","position":1,"name":"Home","item":"https:\/\/dev.antudigital.cl\/sites\/vc\/"},{"@type":"ListItem","position":2,"name":"EVENTO \u00abTERTULIAS MUSICALES\u00bb SE REALIZAR\u00c1 EN CAMPUS VALPARA\u00cdSO DE I.P. ARCOS"}]},{"@type":"WebSite","@id":"https:\/\/dev.antudigital.cl\/sites\/vc\/#website","url":"https:\/\/dev.antudigital.cl\/sites\/vc\/","name":"Valpara\u00ed\u00adso Creativo","description":"","potentialAction":[{"@type":"SearchAction","target":{"@type":"EntryPoint","urlTemplate":"https:\/\/dev.antudigital.cl\/sites\/vc\/?s={search_term_string}"},"query-input":{"@type":"PropertyValueSpecification","valueRequired":true,"valueName":"search_term_string"}}],"inLanguage":"es"},{"@type":"Person","@id":"https:\/\/dev.antudigital.cl\/sites\/vc\/#\/schema\/person\/c2b9da8dd545e27166fc5ab232837318","name":"Valpara\u00edso Creativo","description":"Periodista de cultura en la Regi\u00f3n de Valpara\u00edso.","url":"https:\/\/dev.antudigital.cl\/sites\/vc\/author\/valpoadmin\/"}]}},"_links":{"self":[{"href":"https:\/\/dev.antudigital.cl\/sites\/vc\/wp-json\/wp\/v2\/posts\/18747","targetHints":{"allow":["GET"]}}],"collection":[{"href":"https:\/\/dev.antudigital.cl\/sites\/vc\/wp-json\/wp\/v2\/posts"}],"about":[{"href":"https:\/\/dev.antudigital.cl\/sites\/vc\/wp-json\/wp\/v2\/types\/post"}],"author":[{"embeddable":true,"href":"https:\/\/dev.antudigital.cl\/sites\/vc\/wp-json\/wp\/v2\/users\/1"}],"replies":[{"embeddable":true,"href":"https:\/\/dev.antudigital.cl\/sites\/vc\/wp-json\/wp\/v2\/comments?post=18747"}],"version-history":[{"count":1,"href":"https:\/\/dev.antudigital.cl\/sites\/vc\/wp-json\/wp\/v2\/posts\/18747\/revisions"}],"predecessor-version":[{"id":18750,"href":"https:\/\/dev.antudigital.cl\/sites\/vc\/wp-json\/wp\/v2\/posts\/18747\/revisions\/18750"}],"wp:featuredmedia":[{"embeddable":true,"href":"https:\/\/dev.antudigital.cl\/sites\/vc\/wp-json\/wp\/v2\/media\/18749"}],"wp:attachment":[{"href":"https:\/\/dev.antudigital.cl\/sites\/vc\/wp-json\/wp\/v2\/media?parent=18747"}],"wp:term":[{"taxonomy":"category","embeddable":true,"href":"https:\/\/dev.antudigital.cl\/sites\/vc\/wp-json\/wp\/v2\/categories?post=18747"},{"taxonomy":"post_tag","embeddable":true,"href":"https:\/\/dev.antudigital.cl\/sites\/vc\/wp-json\/wp\/v2\/tags?post=18747"}],"curies":[{"name":"wp","href":"https:\/\/api.w.org\/{rel}","templated":true}]}}