{"id":18751,"date":"2024-04-02T00:22:07","date_gmt":"2024-04-02T00:22:07","guid":{"rendered":"https:\/\/www.valparaisocreativo.cl\/?p=18751"},"modified":"2024-04-02T00:22:24","modified_gmt":"2024-04-02T00:22:24","slug":"usm-y-museo-artequin-de-vina-del-mar-firman-convenio-para-promover-la-ciencia-educacion-y-cultura-en-la-region","status":"publish","type":"post","link":"https:\/\/dev.antudigital.cl\/sites\/vc\/usm-y-museo-artequin-de-vina-del-mar-firman-convenio-para-promover-la-ciencia-educacion-y-cultura-en-la-region\/","title":{"rendered":"USM y museo Artequin de Vi\u00f1a del Mar firman convenio para promover la ciencia, educaci\u00f3n y cultura en la regi\u00f3n"},"content":{"rendered":"\n<p><em>La muestra interactiva \u201cEl arte de la f\u00edsica: ondas y sonidos\u201d ser\u00e1 la primera actividad en el marco de esta alianza, que potenciar\u00e1 el desarrollo de actividades de divulgaci\u00f3n cient\u00edfica y transferencia de conocimiento a la comunidad.&nbsp;<\/em><\/p>\n\n\n\n<p>Con la presencia de autoridades comunales y acad\u00e9micas, el museo Artequin de Vi\u00f1a del Mar y la Universidad T\u00e9cnica Federico Santa Mar\u00eda sellaron un convenio colaborativo para la transferencia de conocimiento y tecnolog\u00eda a trav\u00e9s de muestras experimentales, charlas y talleres educativos.<\/p>\n\n\n\n<p>El acuerdo,\u00a0 firmado en el Parque Quinta Vergara por el rector de la casa de estudios, Juan Yuz, y la directora ejecutiva de Artequin, Macarena Ruiz, inicia una alianza para la divulgaci\u00f3n cient\u00edfica que, entre otras cosas, permitir\u00e1 a p\u00fablico de todas las edades acercarse al trabajo en innovaci\u00f3n y desarrollo impulsado en la regi\u00f3n, especialmente a partir de la labor que cumplen el Centro Cient\u00edfico Tecnol\u00f3gico de Valpara\u00edso (CCTVal) y el Centro Avanzado de Ingenier\u00eda El\u00e9ctrica y Electr\u00f3nica (AC3E), ambos pertenecientes a la USM.\u00a0<\/p>\n\n\n\n<figure class=\"wp-block-image size-large\"><img fetchpriority=\"high\" decoding=\"async\" width=\"1024\" height=\"683\" src=\"https:\/\/www.valparaisocreativo.cl\/wp-content\/uploads\/2024\/04\/Fima-Convenio-ALTA-5low-1024x683.jpg\" alt=\"\" class=\"wp-image-18752\" srcset=\"https:\/\/dev.antudigital.cl\/sites\/vc\/wp-content\/uploads\/2024\/04\/Fima-Convenio-ALTA-5low-1024x683.jpg 1024w, https:\/\/dev.antudigital.cl\/sites\/vc\/wp-content\/uploads\/2024\/04\/Fima-Convenio-ALTA-5low-300x200.jpg 300w, https:\/\/dev.antudigital.cl\/sites\/vc\/wp-content\/uploads\/2024\/04\/Fima-Convenio-ALTA-5low-768x512.jpg 768w, https:\/\/dev.antudigital.cl\/sites\/vc\/wp-content\/uploads\/2024\/04\/Fima-Convenio-ALTA-5low-980x653.jpg 980w, https:\/\/dev.antudigital.cl\/sites\/vc\/wp-content\/uploads\/2024\/04\/Fima-Convenio-ALTA-5low-480x320.jpg 480w, https:\/\/dev.antudigital.cl\/sites\/vc\/wp-content\/uploads\/2024\/04\/Fima-Convenio-ALTA-5low-24x16.jpg 24w, https:\/\/dev.antudigital.cl\/sites\/vc\/wp-content\/uploads\/2024\/04\/Fima-Convenio-ALTA-5low-36x24.jpg 36w, https:\/\/dev.antudigital.cl\/sites\/vc\/wp-content\/uploads\/2024\/04\/Fima-Convenio-ALTA-5low-48x32.jpg 48w, https:\/\/dev.antudigital.cl\/sites\/vc\/wp-content\/uploads\/2024\/04\/Fima-Convenio-ALTA-5low.jpg 1080w\" sizes=\"(max-width: 1024px) 100vw, 1024px\" \/><\/figure>\n\n\n\n<p>\u201cEste convenio refleja el compromiso de la Universidad T\u00e9cnica Federico Santa Mar\u00eda con el fomento del conocimiento y la cultura cient\u00edfica en nuestra regi\u00f3n. Estamos felices por la oportunidad de compartir nuestra experiencia e impulsar iniciativas en conjunto con el museo Artequin, que por a\u00f1os ha brindado a la comunidad un lugar para el aprendizaje del arte y la ciencia\u201d, destac\u00f3 la m\u00e1xima autoridad de la casa de estudios.<\/p>\n\n\n\n<p>Existente desde 2008, el museo Artequin de Vi\u00f1a del Mar ofrece un espacio educativo en la ciudad jard\u00edn, que complementa reproducciones de arte universal con experiencias interactivas que invitan a descubrir la ciencia, a trav\u00e9s de metodolog\u00edas participativas y material did\u00e1ctico. Es justamente por esta raz\u00f3n que este convenio potenciar\u00e1 el trabajo realizado por el museo durante m\u00e1s de 15 a\u00f1os y abrir\u00e1 nuevas oportunidades a partir de la colaboraci\u00f3n entre ambas instituciones.&nbsp;<\/p>\n\n\n\n<p>\u201cPara nuestro museo, un pilar fundamental del crecimiento es la exploraci\u00f3n, la investigaci\u00f3n y el desarrollo creativo; es por esto que estamos convencidos que esta alianza abre un sinn\u00famero de posibilidades para ayudar a estimular la curiosidad y el esp\u00edritu cient\u00edfico en nuestros visitantes, especialmente en las ni\u00f1as y ni\u00f1os. Con la USM ya hemos tenido valiosas experiencias con dos m\u00f3dulos did\u00e1cticos, uno actualmente en nuestro recorrido, concursos de arte y ciencia junto a la AC3E, tambi\u00e9n nos han visitado varios de sus cursos y tenemos en carpeta una pr\u00f3xima exposici\u00f3n de ondas, vibraciones y arte junto a CCTVal\u201d, sostuvo Macarena Ruiz.&nbsp;<\/p>\n\n\n\n<p>En el marco de este acuerdo, se inaugurar\u00e1 a fines de abril la muestra interactiva <em>El arte de la f\u00edsica: ondas y sonidos<\/em>, del Centro Cient\u00edfico Tecnol\u00f3gico de Valpara\u00edso. La exposici\u00f3n es parte de su programa F\u00edsica en Acci\u00f3n, que desde su creaci\u00f3n busca despertar la motivaci\u00f3n por la ciencia en ni\u00f1as y ni\u00f1os, fomentando su inclusi\u00f3n en espacios de innovaci\u00f3n, investigaci\u00f3n y tecnolog\u00eda.<\/p>\n\n\n\n<p>\u201cEsta exposici\u00f3n consistir\u00e1 en dos m\u00f3dulos interactivos a trav\u00e9s de los cuales el p\u00fablico podr\u00e1 acercarse a conceptos de la f\u00edsica, como son las ondas del sonido y del agua y conocer sus caracter\u00edsticas. Esta muestra les permitir\u00e1 abrir su imaginaci\u00f3n y descubrir estos fen\u00f3menos presentes en la naturaleza por medio de la interacci\u00f3n y el fomento de est\u00edmulos visuales y auditivos\u201d, se\u00f1al\u00f3 el director del CCTVal, William Brooks.<\/p>\n\n\n\n<p><em>El arte de la f\u00edsica: ondas y sonidos<\/em> estar\u00e1 disponible a partir de junio en los horarios establecidos por el museo: de martes a viernes de 9:00 a 14:00 y de 15:00 a 17:00, y s\u00e1bados y domingos de 10:00 a 14:00 y de 15:00 a 18:00 horas. La entrada general es de $2.000, mientras que para ni\u00f1as, ni\u00f1os, estudiantes y tercera edad $1.200.<\/p>\n","protected":false},"excerpt":{"rendered":"<p>La muestra interactiva \u201cEl arte de la f\u00edsica: ondas y sonidos\u201d ser\u00e1 la primera actividad en el marco de esta alianza, que potenciar\u00e1 el desarrollo de actividades de divulgaci\u00f3n cient\u00edfica y transferencia de conocimiento a la comunidad.&nbsp; Con la presencia de autoridades comunales y acad\u00e9micas, el museo Artequin de Vi\u00f1a del Mar y la Universidad [&hellip;]<\/p>\n","protected":false},"author":1,"featured_media":18753,"comment_status":"closed","ping_status":"closed","sticky":false,"template":"","format":"standard","meta":{"_acf_changed":false,"footnotes":""},"categories":[1],"tags":[],"class_list":["post-18751","post","type-post","status-publish","format-standard","has-post-thumbnail","hentry","category-uncategorized"],"acf":[],"yoast_head":"<!-- This site is optimized with the Yoast SEO plugin v27.1.1 - https:\/\/yoast.com\/product\/yoast-seo-wordpress\/ -->\n<title>USM y museo Artequin de Vi\u00f1a del Mar firman convenio para promover la ciencia, educaci\u00f3n y cultura en la regi\u00f3n - Valpara\u00ed\u00adso Creativo<\/title>\n<meta name=\"robots\" content=\"index, follow, max-snippet:-1, max-image-preview:large, max-video-preview:-1\" \/>\n<link rel=\"canonical\" href=\"https:\/\/dev.antudigital.cl\/sites\/vc\/usm-y-museo-artequin-de-vina-del-mar-firman-convenio-para-promover-la-ciencia-educacion-y-cultura-en-la-region\/\" \/>\n<meta property=\"og:locale\" content=\"es_ES\" \/>\n<meta property=\"og:type\" content=\"article\" \/>\n<meta property=\"og:title\" content=\"USM y museo Artequin de Vi\u00f1a del Mar firman convenio para promover la ciencia, educaci\u00f3n y cultura en la regi\u00f3n - Valpara\u00ed\u00adso Creativo\" \/>\n<meta property=\"og:description\" content=\"La muestra interactiva \u201cEl arte de la f\u00edsica: ondas y sonidos\u201d ser\u00e1 la primera actividad en el marco de esta alianza, que potenciar\u00e1 el desarrollo de actividades de divulgaci\u00f3n cient\u00edfica y transferencia de conocimiento a la comunidad.&nbsp; Con la presencia de autoridades comunales y acad\u00e9micas, el museo Artequin de Vi\u00f1a del Mar y la Universidad [&hellip;]\" \/>\n<meta property=\"og:url\" content=\"https:\/\/dev.antudigital.cl\/sites\/vc\/usm-y-museo-artequin-de-vina-del-mar-firman-convenio-para-promover-la-ciencia-educacion-y-cultura-en-la-region\/\" \/>\n<meta property=\"og:site_name\" content=\"Valpara\u00ed\u00adso Creativo\" \/>\n<meta property=\"article:published_time\" content=\"2024-04-02T00:22:07+00:00\" \/>\n<meta property=\"article:modified_time\" content=\"2024-04-02T00:22:24+00:00\" \/>\n<meta property=\"og:image\" content=\"https:\/\/dev.antudigital.cl\/sites\/vc\/wp-content\/uploads\/2024\/04\/Fima-Convenio-ALTA-6low.jpg\" \/>\n\t<meta property=\"og:image:width\" content=\"1254\" \/>\n\t<meta property=\"og:image:height\" content=\"836\" \/>\n\t<meta property=\"og:image:type\" content=\"image\/jpeg\" \/>\n<meta name=\"author\" content=\"Valpara\u00edso Creativo\" \/>\n<meta name=\"twitter:card\" content=\"summary_large_image\" \/>\n<meta name=\"twitter:label1\" content=\"Escrito por\" \/>\n\t<meta name=\"twitter:data1\" content=\"Valpara\u00edso Creativo\" \/>\n\t<meta name=\"twitter:label2\" content=\"Tiempo de lectura\" \/>\n\t<meta name=\"twitter:data2\" content=\"4 minutos\" \/>\n<script type=\"application\/ld+json\" class=\"yoast-schema-graph\">{\"@context\":\"https:\/\/schema.org\",\"@graph\":[{\"@type\":\"Article\",\"@id\":\"https:\/\/dev.antudigital.cl\/sites\/vc\/usm-y-museo-artequin-de-vina-del-mar-firman-convenio-para-promover-la-ciencia-educacion-y-cultura-en-la-region\/#article\",\"isPartOf\":{\"@id\":\"https:\/\/dev.antudigital.cl\/sites\/vc\/usm-y-museo-artequin-de-vina-del-mar-firman-convenio-para-promover-la-ciencia-educacion-y-cultura-en-la-region\/\"},\"author\":{\"name\":\"Valpara\u00edso Creativo\",\"@id\":\"https:\/\/dev.antudigital.cl\/sites\/vc\/#\/schema\/person\/c2b9da8dd545e27166fc5ab232837318\"},\"headline\":\"USM y museo Artequin de Vi\u00f1a del Mar firman convenio para promover la ciencia, educaci\u00f3n y cultura en la regi\u00f3n\",\"datePublished\":\"2024-04-02T00:22:07+00:00\",\"dateModified\":\"2024-04-02T00:22:24+00:00\",\"mainEntityOfPage\":{\"@id\":\"https:\/\/dev.antudigital.cl\/sites\/vc\/usm-y-museo-artequin-de-vina-del-mar-firman-convenio-para-promover-la-ciencia-educacion-y-cultura-en-la-region\/\"},\"wordCount\":698,\"image\":{\"@id\":\"https:\/\/dev.antudigital.cl\/sites\/vc\/usm-y-museo-artequin-de-vina-del-mar-firman-convenio-para-promover-la-ciencia-educacion-y-cultura-en-la-region\/#primaryimage\"},\"thumbnailUrl\":\"https:\/\/dev.antudigital.cl\/sites\/vc\/wp-content\/uploads\/2024\/04\/Fima-Convenio-ALTA-6low.jpg\",\"articleSection\":[\"Uncategorized\"],\"inLanguage\":\"es\"},{\"@type\":\"WebPage\",\"@id\":\"https:\/\/dev.antudigital.cl\/sites\/vc\/usm-y-museo-artequin-de-vina-del-mar-firman-convenio-para-promover-la-ciencia-educacion-y-cultura-en-la-region\/\",\"url\":\"https:\/\/dev.antudigital.cl\/sites\/vc\/usm-y-museo-artequin-de-vina-del-mar-firman-convenio-para-promover-la-ciencia-educacion-y-cultura-en-la-region\/\",\"name\":\"USM y museo Artequin de Vi\u00f1a del Mar firman convenio para promover la ciencia, educaci\u00f3n y cultura en la regi\u00f3n - Valpara\u00ed\u00adso Creativo\",\"isPartOf\":{\"@id\":\"https:\/\/dev.antudigital.cl\/sites\/vc\/#website\"},\"primaryImageOfPage\":{\"@id\":\"https:\/\/dev.antudigital.cl\/sites\/vc\/usm-y-museo-artequin-de-vina-del-mar-firman-convenio-para-promover-la-ciencia-educacion-y-cultura-en-la-region\/#primaryimage\"},\"image\":{\"@id\":\"https:\/\/dev.antudigital.cl\/sites\/vc\/usm-y-museo-artequin-de-vina-del-mar-firman-convenio-para-promover-la-ciencia-educacion-y-cultura-en-la-region\/#primaryimage\"},\"thumbnailUrl\":\"https:\/\/dev.antudigital.cl\/sites\/vc\/wp-content\/uploads\/2024\/04\/Fima-Convenio-ALTA-6low.jpg\",\"datePublished\":\"2024-04-02T00:22:07+00:00\",\"dateModified\":\"2024-04-02T00:22:24+00:00\",\"author\":{\"@id\":\"https:\/\/dev.antudigital.cl\/sites\/vc\/#\/schema\/person\/c2b9da8dd545e27166fc5ab232837318\"},\"breadcrumb\":{\"@id\":\"https:\/\/dev.antudigital.cl\/sites\/vc\/usm-y-museo-artequin-de-vina-del-mar-firman-convenio-para-promover-la-ciencia-educacion-y-cultura-en-la-region\/#breadcrumb\"},\"inLanguage\":\"es\",\"potentialAction\":[{\"@type\":\"ReadAction\",\"target\":[\"https:\/\/dev.antudigital.cl\/sites\/vc\/usm-y-museo-artequin-de-vina-del-mar-firman-convenio-para-promover-la-ciencia-educacion-y-cultura-en-la-region\/\"]}]},{\"@type\":\"ImageObject\",\"inLanguage\":\"es\",\"@id\":\"https:\/\/dev.antudigital.cl\/sites\/vc\/usm-y-museo-artequin-de-vina-del-mar-firman-convenio-para-promover-la-ciencia-educacion-y-cultura-en-la-region\/#primaryimage\",\"url\":\"https:\/\/dev.antudigital.cl\/sites\/vc\/wp-content\/uploads\/2024\/04\/Fima-Convenio-ALTA-6low.jpg\",\"contentUrl\":\"https:\/\/dev.antudigital.cl\/sites\/vc\/wp-content\/uploads\/2024\/04\/Fima-Convenio-ALTA-6low.jpg\",\"width\":1254,\"height\":836},{\"@type\":\"BreadcrumbList\",\"@id\":\"https:\/\/dev.antudigital.cl\/sites\/vc\/usm-y-museo-artequin-de-vina-del-mar-firman-convenio-para-promover-la-ciencia-educacion-y-cultura-en-la-region\/#breadcrumb\",\"itemListElement\":[{\"@type\":\"ListItem\",\"position\":1,\"name\":\"Home\",\"item\":\"https:\/\/dev.antudigital.cl\/sites\/vc\/\"},{\"@type\":\"ListItem\",\"position\":2,\"name\":\"USM y museo Artequin de Vi\u00f1a del Mar firman convenio para promover la ciencia, educaci\u00f3n y cultura en la regi\u00f3n\"}]},{\"@type\":\"WebSite\",\"@id\":\"https:\/\/dev.antudigital.cl\/sites\/vc\/#website\",\"url\":\"https:\/\/dev.antudigital.cl\/sites\/vc\/\",\"name\":\"Valpara\u00ed\u00adso Creativo\",\"description\":\"\",\"potentialAction\":[{\"@type\":\"SearchAction\",\"target\":{\"@type\":\"EntryPoint\",\"urlTemplate\":\"https:\/\/dev.antudigital.cl\/sites\/vc\/?s={search_term_string}\"},\"query-input\":{\"@type\":\"PropertyValueSpecification\",\"valueRequired\":true,\"valueName\":\"search_term_string\"}}],\"inLanguage\":\"es\"},{\"@type\":\"Person\",\"@id\":\"https:\/\/dev.antudigital.cl\/sites\/vc\/#\/schema\/person\/c2b9da8dd545e27166fc5ab232837318\",\"name\":\"Valpara\u00edso Creativo\",\"description\":\"Periodista de cultura en la Regi\u00f3n de Valpara\u00edso.\",\"url\":\"https:\/\/dev.antudigital.cl\/sites\/vc\/author\/valpoadmin\/\"}]}<\/script>\n<!-- \/ Yoast SEO plugin. -->","yoast_head_json":{"title":"USM y museo Artequin de Vi\u00f1a del Mar firman convenio para promover la ciencia, educaci\u00f3n y cultura en la regi\u00f3n - Valpara\u00ed\u00adso Creativo","robots":{"index":"index","follow":"follow","max-snippet":"max-snippet:-1","max-image-preview":"max-image-preview:large","max-video-preview":"max-video-preview:-1"},"canonical":"https:\/\/dev.antudigital.cl\/sites\/vc\/usm-y-museo-artequin-de-vina-del-mar-firman-convenio-para-promover-la-ciencia-educacion-y-cultura-en-la-region\/","og_locale":"es_ES","og_type":"article","og_title":"USM y museo Artequin de Vi\u00f1a del Mar firman convenio para promover la ciencia, educaci\u00f3n y cultura en la regi\u00f3n - Valpara\u00ed\u00adso Creativo","og_description":"La muestra interactiva \u201cEl arte de la f\u00edsica: ondas y sonidos\u201d ser\u00e1 la primera actividad en el marco de esta alianza, que potenciar\u00e1 el desarrollo de actividades de divulgaci\u00f3n cient\u00edfica y transferencia de conocimiento a la comunidad.&nbsp; Con la presencia de autoridades comunales y acad\u00e9micas, el museo Artequin de Vi\u00f1a del Mar y la Universidad [&hellip;]","og_url":"https:\/\/dev.antudigital.cl\/sites\/vc\/usm-y-museo-artequin-de-vina-del-mar-firman-convenio-para-promover-la-ciencia-educacion-y-cultura-en-la-region\/","og_site_name":"Valpara\u00ed\u00adso Creativo","article_published_time":"2024-04-02T00:22:07+00:00","article_modified_time":"2024-04-02T00:22:24+00:00","og_image":[{"width":1254,"height":836,"url":"https:\/\/dev.antudigital.cl\/sites\/vc\/wp-content\/uploads\/2024\/04\/Fima-Convenio-ALTA-6low.jpg","type":"image\/jpeg"}],"author":"Valpara\u00edso Creativo","twitter_card":"summary_large_image","twitter_misc":{"Escrito por":"Valpara\u00edso Creativo","Tiempo de lectura":"4 minutos"},"schema":{"@context":"https:\/\/schema.org","@graph":[{"@type":"Article","@id":"https:\/\/dev.antudigital.cl\/sites\/vc\/usm-y-museo-artequin-de-vina-del-mar-firman-convenio-para-promover-la-ciencia-educacion-y-cultura-en-la-region\/#article","isPartOf":{"@id":"https:\/\/dev.antudigital.cl\/sites\/vc\/usm-y-museo-artequin-de-vina-del-mar-firman-convenio-para-promover-la-ciencia-educacion-y-cultura-en-la-region\/"},"author":{"name":"Valpara\u00edso Creativo","@id":"https:\/\/dev.antudigital.cl\/sites\/vc\/#\/schema\/person\/c2b9da8dd545e27166fc5ab232837318"},"headline":"USM y museo Artequin de Vi\u00f1a del Mar firman convenio para promover la ciencia, educaci\u00f3n y cultura en la regi\u00f3n","datePublished":"2024-04-02T00:22:07+00:00","dateModified":"2024-04-02T00:22:24+00:00","mainEntityOfPage":{"@id":"https:\/\/dev.antudigital.cl\/sites\/vc\/usm-y-museo-artequin-de-vina-del-mar-firman-convenio-para-promover-la-ciencia-educacion-y-cultura-en-la-region\/"},"wordCount":698,"image":{"@id":"https:\/\/dev.antudigital.cl\/sites\/vc\/usm-y-museo-artequin-de-vina-del-mar-firman-convenio-para-promover-la-ciencia-educacion-y-cultura-en-la-region\/#primaryimage"},"thumbnailUrl":"https:\/\/dev.antudigital.cl\/sites\/vc\/wp-content\/uploads\/2024\/04\/Fima-Convenio-ALTA-6low.jpg","articleSection":["Uncategorized"],"inLanguage":"es"},{"@type":"WebPage","@id":"https:\/\/dev.antudigital.cl\/sites\/vc\/usm-y-museo-artequin-de-vina-del-mar-firman-convenio-para-promover-la-ciencia-educacion-y-cultura-en-la-region\/","url":"https:\/\/dev.antudigital.cl\/sites\/vc\/usm-y-museo-artequin-de-vina-del-mar-firman-convenio-para-promover-la-ciencia-educacion-y-cultura-en-la-region\/","name":"USM y museo Artequin de Vi\u00f1a del Mar firman convenio para promover la ciencia, educaci\u00f3n y cultura en la regi\u00f3n - Valpara\u00ed\u00adso Creativo","isPartOf":{"@id":"https:\/\/dev.antudigital.cl\/sites\/vc\/#website"},"primaryImageOfPage":{"@id":"https:\/\/dev.antudigital.cl\/sites\/vc\/usm-y-museo-artequin-de-vina-del-mar-firman-convenio-para-promover-la-ciencia-educacion-y-cultura-en-la-region\/#primaryimage"},"image":{"@id":"https:\/\/dev.antudigital.cl\/sites\/vc\/usm-y-museo-artequin-de-vina-del-mar-firman-convenio-para-promover-la-ciencia-educacion-y-cultura-en-la-region\/#primaryimage"},"thumbnailUrl":"https:\/\/dev.antudigital.cl\/sites\/vc\/wp-content\/uploads\/2024\/04\/Fima-Convenio-ALTA-6low.jpg","datePublished":"2024-04-02T00:22:07+00:00","dateModified":"2024-04-02T00:22:24+00:00","author":{"@id":"https:\/\/dev.antudigital.cl\/sites\/vc\/#\/schema\/person\/c2b9da8dd545e27166fc5ab232837318"},"breadcrumb":{"@id":"https:\/\/dev.antudigital.cl\/sites\/vc\/usm-y-museo-artequin-de-vina-del-mar-firman-convenio-para-promover-la-ciencia-educacion-y-cultura-en-la-region\/#breadcrumb"},"inLanguage":"es","potentialAction":[{"@type":"ReadAction","target":["https:\/\/dev.antudigital.cl\/sites\/vc\/usm-y-museo-artequin-de-vina-del-mar-firman-convenio-para-promover-la-ciencia-educacion-y-cultura-en-la-region\/"]}]},{"@type":"ImageObject","inLanguage":"es","@id":"https:\/\/dev.antudigital.cl\/sites\/vc\/usm-y-museo-artequin-de-vina-del-mar-firman-convenio-para-promover-la-ciencia-educacion-y-cultura-en-la-region\/#primaryimage","url":"https:\/\/dev.antudigital.cl\/sites\/vc\/wp-content\/uploads\/2024\/04\/Fima-Convenio-ALTA-6low.jpg","contentUrl":"https:\/\/dev.antudigital.cl\/sites\/vc\/wp-content\/uploads\/2024\/04\/Fima-Convenio-ALTA-6low.jpg","width":1254,"height":836},{"@type":"BreadcrumbList","@id":"https:\/\/dev.antudigital.cl\/sites\/vc\/usm-y-museo-artequin-de-vina-del-mar-firman-convenio-para-promover-la-ciencia-educacion-y-cultura-en-la-region\/#breadcrumb","itemListElement":[{"@type":"ListItem","position":1,"name":"Home","item":"https:\/\/dev.antudigital.cl\/sites\/vc\/"},{"@type":"ListItem","position":2,"name":"USM y museo Artequin de Vi\u00f1a del Mar firman convenio para promover la ciencia, educaci\u00f3n y cultura en la regi\u00f3n"}]},{"@type":"WebSite","@id":"https:\/\/dev.antudigital.cl\/sites\/vc\/#website","url":"https:\/\/dev.antudigital.cl\/sites\/vc\/","name":"Valpara\u00ed\u00adso Creativo","description":"","potentialAction":[{"@type":"SearchAction","target":{"@type":"EntryPoint","urlTemplate":"https:\/\/dev.antudigital.cl\/sites\/vc\/?s={search_term_string}"},"query-input":{"@type":"PropertyValueSpecification","valueRequired":true,"valueName":"search_term_string"}}],"inLanguage":"es"},{"@type":"Person","@id":"https:\/\/dev.antudigital.cl\/sites\/vc\/#\/schema\/person\/c2b9da8dd545e27166fc5ab232837318","name":"Valpara\u00edso Creativo","description":"Periodista de cultura en la Regi\u00f3n de Valpara\u00edso.","url":"https:\/\/dev.antudigital.cl\/sites\/vc\/author\/valpoadmin\/"}]}},"_links":{"self":[{"href":"https:\/\/dev.antudigital.cl\/sites\/vc\/wp-json\/wp\/v2\/posts\/18751","targetHints":{"allow":["GET"]}}],"collection":[{"href":"https:\/\/dev.antudigital.cl\/sites\/vc\/wp-json\/wp\/v2\/posts"}],"about":[{"href":"https:\/\/dev.antudigital.cl\/sites\/vc\/wp-json\/wp\/v2\/types\/post"}],"author":[{"embeddable":true,"href":"https:\/\/dev.antudigital.cl\/sites\/vc\/wp-json\/wp\/v2\/users\/1"}],"replies":[{"embeddable":true,"href":"https:\/\/dev.antudigital.cl\/sites\/vc\/wp-json\/wp\/v2\/comments?post=18751"}],"version-history":[{"count":1,"href":"https:\/\/dev.antudigital.cl\/sites\/vc\/wp-json\/wp\/v2\/posts\/18751\/revisions"}],"predecessor-version":[{"id":18754,"href":"https:\/\/dev.antudigital.cl\/sites\/vc\/wp-json\/wp\/v2\/posts\/18751\/revisions\/18754"}],"wp:featuredmedia":[{"embeddable":true,"href":"https:\/\/dev.antudigital.cl\/sites\/vc\/wp-json\/wp\/v2\/media\/18753"}],"wp:attachment":[{"href":"https:\/\/dev.antudigital.cl\/sites\/vc\/wp-json\/wp\/v2\/media?parent=18751"}],"wp:term":[{"taxonomy":"category","embeddable":true,"href":"https:\/\/dev.antudigital.cl\/sites\/vc\/wp-json\/wp\/v2\/categories?post=18751"},{"taxonomy":"post_tag","embeddable":true,"href":"https:\/\/dev.antudigital.cl\/sites\/vc\/wp-json\/wp\/v2\/tags?post=18751"}],"curies":[{"name":"wp","href":"https:\/\/api.w.org\/{rel}","templated":true}]}}