{"id":18760,"date":"2024-04-08T23:22:52","date_gmt":"2024-04-08T23:22:52","guid":{"rendered":"https:\/\/www.valparaisocreativo.cl\/?p=18760"},"modified":"2024-04-08T23:26:44","modified_gmt":"2024-04-08T23:26:44","slug":"convocan-a-residentes-del-gran-valparaiso-a-taller-literario-gratuito-con-la-escritora-arelis-uribe","status":"publish","type":"post","link":"https:\/\/dev.antudigital.cl\/sites\/vc\/convocan-a-residentes-del-gran-valparaiso-a-taller-literario-gratuito-con-la-escritora-arelis-uribe\/","title":{"rendered":"Convocan a residentes del Gran Valpara\u00edso a taller literario gratuito con la escritora Arelis Uribe"},"content":{"rendered":"\n<ul class=\"wp-block-list\">\n<li>Hasta el 30 de abril est\u00e1 abierta la postulaci\u00f3n a este espacio creativo a cargo de la escritora chilena, actualmente residente en la ciudad puerto. De la convocatoria -dirigida a habitantes del Gran Valpara\u00edso mayores de 15 a\u00f1os- ser\u00e1n seleccionados 20 participantes que trabajar\u00e1n con la autora de \u201cQuiltras\u201d los d\u00edas s\u00e1bados, entre el 18 de mayo y 31 de agosto, en el Parque Cultural de Valpara\u00edso gracias al\u00a0Fondo del Libro 2024 del MINCAP.<\/li>\n<\/ul>\n\n\n\n<p>Un espacio dedicado al di\u00e1logo, la lectura y por sobre todo a la escritura. Esta es la invitaci\u00f3n que extiende la escritora&nbsp;Arelis&nbsp;Uribe, actual residente en la ciudad de Valpara\u00edso, quien convoca a un taller de creaci\u00f3n literaria gratuito en la ciudad puerto, gracias al&nbsp;Fondo Nacional de Fomento del Libro y la Lectura, Convocatoria 2024.<\/p>\n\n\n\n<p>El taller, que cuenta con el&nbsp;apoyo del Parque Cultural y EFE, est\u00e1 dirigido a personas mayores de 15 a\u00f1os que residan en el Gran Valpara\u00edso, y propone abordar la identidad literaria del territorio y las inquietudes creativas de sus habitantes, estimulando sus imaginarios con lecturas locales seleccionadas por la escritora, incluyendo cl\u00e1sicos como Manuel Rojas y Mar\u00eda Luisa Bombal, al igual que nuevas generaciones, como Crist\u00f3bal Gaete y Gladys Gonz\u00e1lez.<\/p>\n\n\n\n<p>Como se\u00f1ala la escritora&nbsp;Arelis&nbsp;Uribe, este proyecto \u201cnace como respuesta al llamado del Fondo del Libro 2024 que por primera vez financia talleres literarios gratuitos para la comunidad. Como obrera de la literatura, vivo de dar talleres y me da mucha satisfacci\u00f3n por fin abrir un espacio de formaci\u00f3n sin costo para sus asistentes\u201d.&nbsp;<\/p>\n\n\n\n<p>En la instancia, que equilibrar\u00e1 la lectura y la escritura activa, se propone&nbsp;\u201cacompa\u00f1ar el proceso creativo de textos en cualquier g\u00e9nero literario para que alcancen un nivel publicable. Quiero regalar mis ojos editores a quienes tengan proyectos \u00e1vidos de ver la luz\u201d. Dentro del programa, asimismo, se proyecta la visita de dos autores vinculados a la regi\u00f3n de Valpara\u00edso: Daniel Hidalgo (autor de \u201cCanciones Punk Para Se\u00f1oritas Autodestructivas\u201d) y Daniela Catrileo (autora de \u201cChilco\u201d).&nbsp;<\/p>\n\n\n\n<p>El taller estar\u00e1 integrado por 20 personas,&nbsp;previa selecci\u00f3n,&nbsp;las cuales deben ser&nbsp;residentes del Gran Valpara\u00edso. Los encuentros se desarrollar\u00e1n los s\u00e1bados de 11:00 a 13:00 hrs., durante 14 sesiones, del 18 de mayo al 31 de agosto en el Parque Cultural de Valpara\u00edso. Las&nbsp;postulaciones est\u00e1n disponibles hasta el 30 de abril mediante el correo&nbsp;<a href=\"mailto:editorialnegra@gmail.com\" target=\"_blank\" rel=\"noreferrer noopener\">editorialnegra@gmail.com<\/a>&nbsp;<\/p>\n\n\n\n<p>Arelis\u00a0Uribe es escritora, periodista y\u00a0m\u00e1ster en Escritura Creativa de la\u00a0<a href=\"https:\/\/es.wikipedia.org\/wiki\/Universidad_de_Nueva_York\" target=\"_blank\" rel=\"noreferrer noopener\">Universidad de Nueva York<\/a>.\u00a0Es autora de los libros \u201cQuiltras\u201d (Los Libros de la Mujer Rota, 2016); \u201cQue explote todo\u201d (Los Libros de la Mujer Rota, 2017); y \u201cLas heridas\u201d (Emec\u00e9, 2021). Su obra literaria ha sido publicada en Espa\u00f1a, Francia\u00a0 y M\u00e9xico.\u00a0<\/p>\n\n\n\n<figure class=\"wp-block-image size-large\"><img fetchpriority=\"high\" decoding=\"async\" width=\"747\" height=\"1024\" src=\"https:\/\/www.valparaisocreativo.cl\/wp-content\/uploads\/2024\/04\/Afiche-Taller-de-Creacion-Literaria-con-Arelis-Uribe-1-747x1024.png\" alt=\"\" class=\"wp-image-18827\" srcset=\"https:\/\/dev.antudigital.cl\/sites\/vc\/wp-content\/uploads\/2024\/04\/Afiche-Taller-de-Creacion-Literaria-con-Arelis-Uribe-1-747x1024.png 747w, https:\/\/dev.antudigital.cl\/sites\/vc\/wp-content\/uploads\/2024\/04\/Afiche-Taller-de-Creacion-Literaria-con-Arelis-Uribe-1-219x300.png 219w, https:\/\/dev.antudigital.cl\/sites\/vc\/wp-content\/uploads\/2024\/04\/Afiche-Taller-de-Creacion-Literaria-con-Arelis-Uribe-1-768x1053.png 768w, https:\/\/dev.antudigital.cl\/sites\/vc\/wp-content\/uploads\/2024\/04\/Afiche-Taller-de-Creacion-Literaria-con-Arelis-Uribe-1-1120x1536.png 1120w, https:\/\/dev.antudigital.cl\/sites\/vc\/wp-content\/uploads\/2024\/04\/Afiche-Taller-de-Creacion-Literaria-con-Arelis-Uribe-1-1493x2048.png 1493w, https:\/\/dev.antudigital.cl\/sites\/vc\/wp-content\/uploads\/2024\/04\/Afiche-Taller-de-Creacion-Literaria-con-Arelis-Uribe-1-1080x1481.png 1080w, https:\/\/dev.antudigital.cl\/sites\/vc\/wp-content\/uploads\/2024\/04\/Afiche-Taller-de-Creacion-Literaria-con-Arelis-Uribe-1-1280x1756.png 1280w, https:\/\/dev.antudigital.cl\/sites\/vc\/wp-content\/uploads\/2024\/04\/Afiche-Taller-de-Creacion-Literaria-con-Arelis-Uribe-1-980x1344.png 980w, https:\/\/dev.antudigital.cl\/sites\/vc\/wp-content\/uploads\/2024\/04\/Afiche-Taller-de-Creacion-Literaria-con-Arelis-Uribe-1-480x658.png 480w, https:\/\/dev.antudigital.cl\/sites\/vc\/wp-content\/uploads\/2024\/04\/Afiche-Taller-de-Creacion-Literaria-con-Arelis-Uribe-1-17x24.png 17w, https:\/\/dev.antudigital.cl\/sites\/vc\/wp-content\/uploads\/2024\/04\/Afiche-Taller-de-Creacion-Literaria-con-Arelis-Uribe-1-26x36.png 26w, https:\/\/dev.antudigital.cl\/sites\/vc\/wp-content\/uploads\/2024\/04\/Afiche-Taller-de-Creacion-Literaria-con-Arelis-Uribe-1-35x48.png 35w\" sizes=\"(max-width: 747px) 100vw, 747px\" \/><\/figure>\n","protected":false},"excerpt":{"rendered":"<p>Un espacio dedicado al di\u00e1logo, la lectura y por sobre todo a la escritura. Esta es la invitaci\u00f3n que extiende la escritora&nbsp;Arelis&nbsp;Uribe, actual residente en la ciudad de Valpara\u00edso, quien convoca a un taller de creaci\u00f3n literaria gratuito en la ciudad puerto, gracias al&nbsp;Fondo Nacional de Fomento del Libro y la Lectura, Convocatoria 2024. El [&hellip;]<\/p>\n","protected":false},"author":1,"featured_media":18763,"comment_status":"closed","ping_status":"closed","sticky":false,"template":"","format":"standard","meta":{"_acf_changed":false,"footnotes":""},"categories":[1],"tags":[],"class_list":["post-18760","post","type-post","status-publish","format-standard","has-post-thumbnail","hentry","category-uncategorized"],"acf":[],"yoast_head":"<!-- This site is optimized with the Yoast SEO plugin v27.1.1 - https:\/\/yoast.com\/product\/yoast-seo-wordpress\/ -->\n<title>Convocan a residentes del Gran Valpara\u00edso a taller literario gratuito con la escritora Arelis Uribe - Valpara\u00ed\u00adso Creativo<\/title>\n<meta name=\"robots\" content=\"index, follow, max-snippet:-1, max-image-preview:large, max-video-preview:-1\" \/>\n<link rel=\"canonical\" href=\"https:\/\/dev.antudigital.cl\/sites\/vc\/convocan-a-residentes-del-gran-valparaiso-a-taller-literario-gratuito-con-la-escritora-arelis-uribe\/\" \/>\n<meta property=\"og:locale\" content=\"es_ES\" \/>\n<meta property=\"og:type\" content=\"article\" \/>\n<meta property=\"og:title\" content=\"Convocan a residentes del Gran Valpara\u00edso a taller literario gratuito con la escritora Arelis Uribe - Valpara\u00ed\u00adso Creativo\" \/>\n<meta property=\"og:description\" content=\"Un espacio dedicado al di\u00e1logo, la lectura y por sobre todo a la escritura. Esta es la invitaci\u00f3n que extiende la escritora&nbsp;Arelis&nbsp;Uribe, actual residente en la ciudad de Valpara\u00edso, quien convoca a un taller de creaci\u00f3n literaria gratuito en la ciudad puerto, gracias al&nbsp;Fondo Nacional de Fomento del Libro y la Lectura, Convocatoria 2024. El [&hellip;]\" \/>\n<meta property=\"og:url\" content=\"https:\/\/dev.antudigital.cl\/sites\/vc\/convocan-a-residentes-del-gran-valparaiso-a-taller-literario-gratuito-con-la-escritora-arelis-uribe\/\" \/>\n<meta property=\"og:site_name\" content=\"Valpara\u00ed\u00adso Creativo\" \/>\n<meta property=\"article:published_time\" content=\"2024-04-08T23:22:52+00:00\" \/>\n<meta property=\"article:modified_time\" content=\"2024-04-08T23:26:44+00:00\" \/>\n<meta property=\"og:image\" content=\"https:\/\/dev.antudigital.cl\/sites\/vc\/wp-content\/uploads\/2024\/04\/Arelis-Uribe-horizontal.jpg\" \/>\n\t<meta property=\"og:image:width\" content=\"1599\" \/>\n\t<meta property=\"og:image:height\" content=\"1200\" \/>\n\t<meta property=\"og:image:type\" content=\"image\/jpeg\" \/>\n<meta name=\"author\" content=\"Valpara\u00edso Creativo\" \/>\n<meta name=\"twitter:card\" content=\"summary_large_image\" \/>\n<meta name=\"twitter:label1\" content=\"Escrito por\" \/>\n\t<meta name=\"twitter:data1\" content=\"Valpara\u00edso Creativo\" \/>\n\t<meta name=\"twitter:label2\" content=\"Tiempo de lectura\" \/>\n\t<meta name=\"twitter:data2\" content=\"1 minuto\" \/>\n<script type=\"application\/ld+json\" class=\"yoast-schema-graph\">{\"@context\":\"https:\/\/schema.org\",\"@graph\":[{\"@type\":\"Article\",\"@id\":\"https:\/\/dev.antudigital.cl\/sites\/vc\/convocan-a-residentes-del-gran-valparaiso-a-taller-literario-gratuito-con-la-escritora-arelis-uribe\/#article\",\"isPartOf\":{\"@id\":\"https:\/\/dev.antudigital.cl\/sites\/vc\/convocan-a-residentes-del-gran-valparaiso-a-taller-literario-gratuito-con-la-escritora-arelis-uribe\/\"},\"author\":{\"name\":\"Valpara\u00edso Creativo\",\"@id\":\"https:\/\/dev.antudigital.cl\/sites\/vc\/#\/schema\/person\/c2b9da8dd545e27166fc5ab232837318\"},\"headline\":\"Convocan a residentes del Gran Valpara\u00edso a taller literario gratuito con la escritora Arelis Uribe\",\"datePublished\":\"2024-04-08T23:22:52+00:00\",\"dateModified\":\"2024-04-08T23:26:44+00:00\",\"mainEntityOfPage\":{\"@id\":\"https:\/\/dev.antudigital.cl\/sites\/vc\/convocan-a-residentes-del-gran-valparaiso-a-taller-literario-gratuito-con-la-escritora-arelis-uribe\/\"},\"wordCount\":495,\"image\":{\"@id\":\"https:\/\/dev.antudigital.cl\/sites\/vc\/convocan-a-residentes-del-gran-valparaiso-a-taller-literario-gratuito-con-la-escritora-arelis-uribe\/#primaryimage\"},\"thumbnailUrl\":\"https:\/\/dev.antudigital.cl\/sites\/vc\/wp-content\/uploads\/2024\/04\/Arelis-Uribe-horizontal.jpg\",\"articleSection\":[\"Uncategorized\"],\"inLanguage\":\"es\"},{\"@type\":\"WebPage\",\"@id\":\"https:\/\/dev.antudigital.cl\/sites\/vc\/convocan-a-residentes-del-gran-valparaiso-a-taller-literario-gratuito-con-la-escritora-arelis-uribe\/\",\"url\":\"https:\/\/dev.antudigital.cl\/sites\/vc\/convocan-a-residentes-del-gran-valparaiso-a-taller-literario-gratuito-con-la-escritora-arelis-uribe\/\",\"name\":\"Convocan a residentes del Gran Valpara\u00edso a taller literario gratuito con la escritora Arelis Uribe - Valpara\u00ed\u00adso Creativo\",\"isPartOf\":{\"@id\":\"https:\/\/dev.antudigital.cl\/sites\/vc\/#website\"},\"primaryImageOfPage\":{\"@id\":\"https:\/\/dev.antudigital.cl\/sites\/vc\/convocan-a-residentes-del-gran-valparaiso-a-taller-literario-gratuito-con-la-escritora-arelis-uribe\/#primaryimage\"},\"image\":{\"@id\":\"https:\/\/dev.antudigital.cl\/sites\/vc\/convocan-a-residentes-del-gran-valparaiso-a-taller-literario-gratuito-con-la-escritora-arelis-uribe\/#primaryimage\"},\"thumbnailUrl\":\"https:\/\/dev.antudigital.cl\/sites\/vc\/wp-content\/uploads\/2024\/04\/Arelis-Uribe-horizontal.jpg\",\"datePublished\":\"2024-04-08T23:22:52+00:00\",\"dateModified\":\"2024-04-08T23:26:44+00:00\",\"author\":{\"@id\":\"https:\/\/dev.antudigital.cl\/sites\/vc\/#\/schema\/person\/c2b9da8dd545e27166fc5ab232837318\"},\"breadcrumb\":{\"@id\":\"https:\/\/dev.antudigital.cl\/sites\/vc\/convocan-a-residentes-del-gran-valparaiso-a-taller-literario-gratuito-con-la-escritora-arelis-uribe\/#breadcrumb\"},\"inLanguage\":\"es\",\"potentialAction\":[{\"@type\":\"ReadAction\",\"target\":[\"https:\/\/dev.antudigital.cl\/sites\/vc\/convocan-a-residentes-del-gran-valparaiso-a-taller-literario-gratuito-con-la-escritora-arelis-uribe\/\"]}]},{\"@type\":\"ImageObject\",\"inLanguage\":\"es\",\"@id\":\"https:\/\/dev.antudigital.cl\/sites\/vc\/convocan-a-residentes-del-gran-valparaiso-a-taller-literario-gratuito-con-la-escritora-arelis-uribe\/#primaryimage\",\"url\":\"https:\/\/dev.antudigital.cl\/sites\/vc\/wp-content\/uploads\/2024\/04\/Arelis-Uribe-horizontal.jpg\",\"contentUrl\":\"https:\/\/dev.antudigital.cl\/sites\/vc\/wp-content\/uploads\/2024\/04\/Arelis-Uribe-horizontal.jpg\",\"width\":1599,\"height\":1200},{\"@type\":\"BreadcrumbList\",\"@id\":\"https:\/\/dev.antudigital.cl\/sites\/vc\/convocan-a-residentes-del-gran-valparaiso-a-taller-literario-gratuito-con-la-escritora-arelis-uribe\/#breadcrumb\",\"itemListElement\":[{\"@type\":\"ListItem\",\"position\":1,\"name\":\"Home\",\"item\":\"https:\/\/dev.antudigital.cl\/sites\/vc\/\"},{\"@type\":\"ListItem\",\"position\":2,\"name\":\"Convocan a residentes del Gran Valpara\u00edso a taller literario gratuito con la escritora Arelis Uribe\"}]},{\"@type\":\"WebSite\",\"@id\":\"https:\/\/dev.antudigital.cl\/sites\/vc\/#website\",\"url\":\"https:\/\/dev.antudigital.cl\/sites\/vc\/\",\"name\":\"Valpara\u00ed\u00adso Creativo\",\"description\":\"\",\"potentialAction\":[{\"@type\":\"SearchAction\",\"target\":{\"@type\":\"EntryPoint\",\"urlTemplate\":\"https:\/\/dev.antudigital.cl\/sites\/vc\/?s={search_term_string}\"},\"query-input\":{\"@type\":\"PropertyValueSpecification\",\"valueRequired\":true,\"valueName\":\"search_term_string\"}}],\"inLanguage\":\"es\"},{\"@type\":\"Person\",\"@id\":\"https:\/\/dev.antudigital.cl\/sites\/vc\/#\/schema\/person\/c2b9da8dd545e27166fc5ab232837318\",\"name\":\"Valpara\u00edso Creativo\",\"description\":\"Periodista de cultura en la Regi\u00f3n de Valpara\u00edso.\",\"url\":\"https:\/\/dev.antudigital.cl\/sites\/vc\/author\/valpoadmin\/\"}]}<\/script>\n<!-- \/ Yoast SEO plugin. -->","yoast_head_json":{"title":"Convocan a residentes del Gran Valpara\u00edso a taller literario gratuito con la escritora Arelis Uribe - Valpara\u00ed\u00adso Creativo","robots":{"index":"index","follow":"follow","max-snippet":"max-snippet:-1","max-image-preview":"max-image-preview:large","max-video-preview":"max-video-preview:-1"},"canonical":"https:\/\/dev.antudigital.cl\/sites\/vc\/convocan-a-residentes-del-gran-valparaiso-a-taller-literario-gratuito-con-la-escritora-arelis-uribe\/","og_locale":"es_ES","og_type":"article","og_title":"Convocan a residentes del Gran Valpara\u00edso a taller literario gratuito con la escritora Arelis Uribe - Valpara\u00ed\u00adso Creativo","og_description":"Un espacio dedicado al di\u00e1logo, la lectura y por sobre todo a la escritura. Esta es la invitaci\u00f3n que extiende la escritora&nbsp;Arelis&nbsp;Uribe, actual residente en la ciudad de Valpara\u00edso, quien convoca a un taller de creaci\u00f3n literaria gratuito en la ciudad puerto, gracias al&nbsp;Fondo Nacional de Fomento del Libro y la Lectura, Convocatoria 2024. El [&hellip;]","og_url":"https:\/\/dev.antudigital.cl\/sites\/vc\/convocan-a-residentes-del-gran-valparaiso-a-taller-literario-gratuito-con-la-escritora-arelis-uribe\/","og_site_name":"Valpara\u00ed\u00adso Creativo","article_published_time":"2024-04-08T23:22:52+00:00","article_modified_time":"2024-04-08T23:26:44+00:00","og_image":[{"width":1599,"height":1200,"url":"https:\/\/dev.antudigital.cl\/sites\/vc\/wp-content\/uploads\/2024\/04\/Arelis-Uribe-horizontal.jpg","type":"image\/jpeg"}],"author":"Valpara\u00edso Creativo","twitter_card":"summary_large_image","twitter_misc":{"Escrito por":"Valpara\u00edso Creativo","Tiempo de lectura":"1 minuto"},"schema":{"@context":"https:\/\/schema.org","@graph":[{"@type":"Article","@id":"https:\/\/dev.antudigital.cl\/sites\/vc\/convocan-a-residentes-del-gran-valparaiso-a-taller-literario-gratuito-con-la-escritora-arelis-uribe\/#article","isPartOf":{"@id":"https:\/\/dev.antudigital.cl\/sites\/vc\/convocan-a-residentes-del-gran-valparaiso-a-taller-literario-gratuito-con-la-escritora-arelis-uribe\/"},"author":{"name":"Valpara\u00edso Creativo","@id":"https:\/\/dev.antudigital.cl\/sites\/vc\/#\/schema\/person\/c2b9da8dd545e27166fc5ab232837318"},"headline":"Convocan a residentes del Gran Valpara\u00edso a taller literario gratuito con la escritora Arelis Uribe","datePublished":"2024-04-08T23:22:52+00:00","dateModified":"2024-04-08T23:26:44+00:00","mainEntityOfPage":{"@id":"https:\/\/dev.antudigital.cl\/sites\/vc\/convocan-a-residentes-del-gran-valparaiso-a-taller-literario-gratuito-con-la-escritora-arelis-uribe\/"},"wordCount":495,"image":{"@id":"https:\/\/dev.antudigital.cl\/sites\/vc\/convocan-a-residentes-del-gran-valparaiso-a-taller-literario-gratuito-con-la-escritora-arelis-uribe\/#primaryimage"},"thumbnailUrl":"https:\/\/dev.antudigital.cl\/sites\/vc\/wp-content\/uploads\/2024\/04\/Arelis-Uribe-horizontal.jpg","articleSection":["Uncategorized"],"inLanguage":"es"},{"@type":"WebPage","@id":"https:\/\/dev.antudigital.cl\/sites\/vc\/convocan-a-residentes-del-gran-valparaiso-a-taller-literario-gratuito-con-la-escritora-arelis-uribe\/","url":"https:\/\/dev.antudigital.cl\/sites\/vc\/convocan-a-residentes-del-gran-valparaiso-a-taller-literario-gratuito-con-la-escritora-arelis-uribe\/","name":"Convocan a residentes del Gran Valpara\u00edso a taller literario gratuito con la escritora Arelis Uribe - Valpara\u00ed\u00adso Creativo","isPartOf":{"@id":"https:\/\/dev.antudigital.cl\/sites\/vc\/#website"},"primaryImageOfPage":{"@id":"https:\/\/dev.antudigital.cl\/sites\/vc\/convocan-a-residentes-del-gran-valparaiso-a-taller-literario-gratuito-con-la-escritora-arelis-uribe\/#primaryimage"},"image":{"@id":"https:\/\/dev.antudigital.cl\/sites\/vc\/convocan-a-residentes-del-gran-valparaiso-a-taller-literario-gratuito-con-la-escritora-arelis-uribe\/#primaryimage"},"thumbnailUrl":"https:\/\/dev.antudigital.cl\/sites\/vc\/wp-content\/uploads\/2024\/04\/Arelis-Uribe-horizontal.jpg","datePublished":"2024-04-08T23:22:52+00:00","dateModified":"2024-04-08T23:26:44+00:00","author":{"@id":"https:\/\/dev.antudigital.cl\/sites\/vc\/#\/schema\/person\/c2b9da8dd545e27166fc5ab232837318"},"breadcrumb":{"@id":"https:\/\/dev.antudigital.cl\/sites\/vc\/convocan-a-residentes-del-gran-valparaiso-a-taller-literario-gratuito-con-la-escritora-arelis-uribe\/#breadcrumb"},"inLanguage":"es","potentialAction":[{"@type":"ReadAction","target":["https:\/\/dev.antudigital.cl\/sites\/vc\/convocan-a-residentes-del-gran-valparaiso-a-taller-literario-gratuito-con-la-escritora-arelis-uribe\/"]}]},{"@type":"ImageObject","inLanguage":"es","@id":"https:\/\/dev.antudigital.cl\/sites\/vc\/convocan-a-residentes-del-gran-valparaiso-a-taller-literario-gratuito-con-la-escritora-arelis-uribe\/#primaryimage","url":"https:\/\/dev.antudigital.cl\/sites\/vc\/wp-content\/uploads\/2024\/04\/Arelis-Uribe-horizontal.jpg","contentUrl":"https:\/\/dev.antudigital.cl\/sites\/vc\/wp-content\/uploads\/2024\/04\/Arelis-Uribe-horizontal.jpg","width":1599,"height":1200},{"@type":"BreadcrumbList","@id":"https:\/\/dev.antudigital.cl\/sites\/vc\/convocan-a-residentes-del-gran-valparaiso-a-taller-literario-gratuito-con-la-escritora-arelis-uribe\/#breadcrumb","itemListElement":[{"@type":"ListItem","position":1,"name":"Home","item":"https:\/\/dev.antudigital.cl\/sites\/vc\/"},{"@type":"ListItem","position":2,"name":"Convocan a residentes del Gran Valpara\u00edso a taller literario gratuito con la escritora Arelis Uribe"}]},{"@type":"WebSite","@id":"https:\/\/dev.antudigital.cl\/sites\/vc\/#website","url":"https:\/\/dev.antudigital.cl\/sites\/vc\/","name":"Valpara\u00ed\u00adso Creativo","description":"","potentialAction":[{"@type":"SearchAction","target":{"@type":"EntryPoint","urlTemplate":"https:\/\/dev.antudigital.cl\/sites\/vc\/?s={search_term_string}"},"query-input":{"@type":"PropertyValueSpecification","valueRequired":true,"valueName":"search_term_string"}}],"inLanguage":"es"},{"@type":"Person","@id":"https:\/\/dev.antudigital.cl\/sites\/vc\/#\/schema\/person\/c2b9da8dd545e27166fc5ab232837318","name":"Valpara\u00edso Creativo","description":"Periodista de cultura en la Regi\u00f3n de Valpara\u00edso.","url":"https:\/\/dev.antudigital.cl\/sites\/vc\/author\/valpoadmin\/"}]}},"_links":{"self":[{"href":"https:\/\/dev.antudigital.cl\/sites\/vc\/wp-json\/wp\/v2\/posts\/18760","targetHints":{"allow":["GET"]}}],"collection":[{"href":"https:\/\/dev.antudigital.cl\/sites\/vc\/wp-json\/wp\/v2\/posts"}],"about":[{"href":"https:\/\/dev.antudigital.cl\/sites\/vc\/wp-json\/wp\/v2\/types\/post"}],"author":[{"embeddable":true,"href":"https:\/\/dev.antudigital.cl\/sites\/vc\/wp-json\/wp\/v2\/users\/1"}],"replies":[{"embeddable":true,"href":"https:\/\/dev.antudigital.cl\/sites\/vc\/wp-json\/wp\/v2\/comments?post=18760"}],"version-history":[{"count":5,"href":"https:\/\/dev.antudigital.cl\/sites\/vc\/wp-json\/wp\/v2\/posts\/18760\/revisions"}],"predecessor-version":[{"id":18829,"href":"https:\/\/dev.antudigital.cl\/sites\/vc\/wp-json\/wp\/v2\/posts\/18760\/revisions\/18829"}],"wp:featuredmedia":[{"embeddable":true,"href":"https:\/\/dev.antudigital.cl\/sites\/vc\/wp-json\/wp\/v2\/media\/18763"}],"wp:attachment":[{"href":"https:\/\/dev.antudigital.cl\/sites\/vc\/wp-json\/wp\/v2\/media?parent=18760"}],"wp:term":[{"taxonomy":"category","embeddable":true,"href":"https:\/\/dev.antudigital.cl\/sites\/vc\/wp-json\/wp\/v2\/categories?post=18760"},{"taxonomy":"post_tag","embeddable":true,"href":"https:\/\/dev.antudigital.cl\/sites\/vc\/wp-json\/wp\/v2\/tags?post=18760"}],"curies":[{"name":"wp","href":"https:\/\/api.w.org\/{rel}","templated":true}]}}