{"id":18765,"date":"2024-03-29T00:46:30","date_gmt":"2024-03-29T00:46:30","guid":{"rendered":"https:\/\/www.valparaisocreativo.cl\/?p=18765"},"modified":"2024-04-02T01:24:19","modified_gmt":"2024-04-02T01:24:19","slug":"la-vida-y-obra-teresa-wilms-montt-encarnan-en-obra-teatral-creada-por-colectivo-escenico-agua-cero","status":"publish","type":"post","link":"https:\/\/dev.antudigital.cl\/sites\/vc\/la-vida-y-obra-teresa-wilms-montt-encarnan-en-obra-teatral-creada-por-colectivo-escenico-agua-cero\/","title":{"rendered":"La vida y obra Teresa Wilms Montt encarnan en obra teatral creada por Colectivo Esc\u00e9nico Agua-Cero"},"content":{"rendered":"\n<p><strong>S\u00e1bado 30 de marzo 2024, a las 20 horas, Sala Arnaldo Berrios, en el espacio cultural Valpara\u00edso Profundo.<\/strong><\/p>\n\n\n\n<p>Teresa Wilms Montt, transgresora, inteligente y m\u00edstica. Acaparaba las miradas de la sociedad de principios del siglo XX por desacatar los mandatos del g\u00e9nero y vivir de una manera poco decorosa para la burgues\u00eda de aquella \u00e9poca. Extractos de su vida y pasajes autobiogr\u00e1ficos cargados de poes\u00eda forman parte de la obra teatral \u201cTERESA DE LA +\u201d, creada por Colectivo Esc\u00e9nico Agua-Cero.<\/p>\n\n\n\n<p>Teresa Wilms Montt ser\u00e1 interpretada por la actriz Gabriela Arancibia, quien recorrer\u00e1, en cuerpo y ret\u00f3rica, diferentes momentos biogr\u00e1ficos de la escritora: la maternidad, la fatalidad, el juicio familiar, el matrimonio, y el destino.<\/p>\n\n\n\n<p>La pieza unipersonal es una experiencia esc\u00e9nica para conocer, comprender y leer la vida y obra de la poetisa vi\u00f1amarina, en cuya dramaturgia se incorporan los escritos de sus \u201cDiarios \u00cdntimos\u201d y sus libros de prosa po\u00e9tica \u201cInquietudes Sentimentales\u201d(1917), \u201cLos Tres Cantos\u201d(1917), \u201cLa quietud del M\u00e1rmol\u201d(1918) y \u201cAnuar\u00ed\u201d(1918). Gran parte de estos textos fueron escritos en un escenario donde la cr\u00edtica literaria manten\u00eda una posici\u00f3n conservadora y mis\u00f3gina hacia las escritoras femeninas, que surg\u00edan en los clubes femeninos y salones literarios de la \u00e9poca.<\/p>\n\n\n\n<p>La funci\u00f3n de&nbsp;&nbsp;\u201cTERESA DE LA + \u201d ser\u00e1 el s\u00e1bado 30 de marzo a las 20 horas, en la \u201cSala Arnaldo Berrios\u201d del espacio cultural Valpara\u00edso Profundo (pasaje Fischer 24, cerro Concepci\u00f3n, Valpara\u00edso). La adhesi\u00f3n es de $5.000 por persona. La obra es para personas mayores de 14 a\u00f1os de edad.<\/p>\n\n\n\n<p>Entradas y reservas en el +569 3098 7170.<\/p>\n\n\n\n<figure class=\"wp-block-image size-large\"><img fetchpriority=\"high\" decoding=\"async\" width=\"1024\" height=\"1024\" src=\"https:\/\/www.valparaisocreativo.cl\/wp-content\/uploads\/2024\/04\/TERESA-DE-LA-S-1024x1024.jpg\" alt=\"\" class=\"wp-image-18766\" srcset=\"https:\/\/dev.antudigital.cl\/sites\/vc\/wp-content\/uploads\/2024\/04\/TERESA-DE-LA-S-1024x1024.jpg 1024w, https:\/\/dev.antudigital.cl\/sites\/vc\/wp-content\/uploads\/2024\/04\/TERESA-DE-LA-S-300x300.jpg 300w, https:\/\/dev.antudigital.cl\/sites\/vc\/wp-content\/uploads\/2024\/04\/TERESA-DE-LA-S-150x150.jpg 150w, https:\/\/dev.antudigital.cl\/sites\/vc\/wp-content\/uploads\/2024\/04\/TERESA-DE-LA-S-768x768.jpg 768w, https:\/\/dev.antudigital.cl\/sites\/vc\/wp-content\/uploads\/2024\/04\/TERESA-DE-LA-S-1536x1536.jpg 1536w, https:\/\/dev.antudigital.cl\/sites\/vc\/wp-content\/uploads\/2024\/04\/TERESA-DE-LA-S-1080x1080.jpg 1080w, https:\/\/dev.antudigital.cl\/sites\/vc\/wp-content\/uploads\/2024\/04\/TERESA-DE-LA-S-1280x1280.jpg 1280w, https:\/\/dev.antudigital.cl\/sites\/vc\/wp-content\/uploads\/2024\/04\/TERESA-DE-LA-S-980x980.jpg 980w, https:\/\/dev.antudigital.cl\/sites\/vc\/wp-content\/uploads\/2024\/04\/TERESA-DE-LA-S-480x480.jpg 480w, https:\/\/dev.antudigital.cl\/sites\/vc\/wp-content\/uploads\/2024\/04\/TERESA-DE-LA-S-24x24.jpg 24w, https:\/\/dev.antudigital.cl\/sites\/vc\/wp-content\/uploads\/2024\/04\/TERESA-DE-LA-S-36x36.jpg 36w, https:\/\/dev.antudigital.cl\/sites\/vc\/wp-content\/uploads\/2024\/04\/TERESA-DE-LA-S-48x48.jpg 48w, https:\/\/dev.antudigital.cl\/sites\/vc\/wp-content\/uploads\/2024\/04\/TERESA-DE-LA-S.jpg 1600w\" sizes=\"(max-width: 1024px) 100vw, 1024px\" \/><\/figure>\n","protected":false},"excerpt":{"rendered":"<p>S\u00e1bado 30 de marzo 2024, a las 20 horas, Sala Arnaldo Berrios, en el espacio cultural Valpara\u00edso Profundo. Teresa Wilms Montt, transgresora, inteligente y m\u00edstica. Acaparaba las miradas de la sociedad de principios del siglo XX por desacatar los mandatos del g\u00e9nero y vivir de una manera poco decorosa para la burgues\u00eda de aquella \u00e9poca. [&hellip;]<\/p>\n","protected":false},"author":1,"featured_media":0,"comment_status":"closed","ping_status":"closed","sticky":false,"template":"","format":"standard","meta":{"_acf_changed":false,"footnotes":""},"categories":[1],"tags":[],"class_list":["post-18765","post","type-post","status-publish","format-standard","hentry","category-uncategorized"],"acf":[],"yoast_head":"<!-- This site is optimized with the Yoast SEO plugin v27.1.1 - https:\/\/yoast.com\/product\/yoast-seo-wordpress\/ -->\n<title>La vida y obra Teresa Wilms Montt encarnan en obra teatral creada por Colectivo Esc\u00e9nico Agua-Cero - Valpara\u00ed\u00adso Creativo<\/title>\n<meta name=\"robots\" content=\"index, follow, max-snippet:-1, max-image-preview:large, max-video-preview:-1\" \/>\n<link rel=\"canonical\" href=\"https:\/\/dev.antudigital.cl\/sites\/vc\/la-vida-y-obra-teresa-wilms-montt-encarnan-en-obra-teatral-creada-por-colectivo-escenico-agua-cero\/\" \/>\n<meta property=\"og:locale\" content=\"es_ES\" \/>\n<meta property=\"og:type\" content=\"article\" \/>\n<meta property=\"og:title\" content=\"La vida y obra Teresa Wilms Montt encarnan en obra teatral creada por Colectivo Esc\u00e9nico Agua-Cero - Valpara\u00ed\u00adso Creativo\" \/>\n<meta property=\"og:description\" content=\"S\u00e1bado 30 de marzo 2024, a las 20 horas, Sala Arnaldo Berrios, en el espacio cultural Valpara\u00edso Profundo. Teresa Wilms Montt, transgresora, inteligente y m\u00edstica. Acaparaba las miradas de la sociedad de principios del siglo XX por desacatar los mandatos del g\u00e9nero y vivir de una manera poco decorosa para la burgues\u00eda de aquella \u00e9poca. [&hellip;]\" \/>\n<meta property=\"og:url\" content=\"https:\/\/dev.antudigital.cl\/sites\/vc\/la-vida-y-obra-teresa-wilms-montt-encarnan-en-obra-teatral-creada-por-colectivo-escenico-agua-cero\/\" \/>\n<meta property=\"og:site_name\" content=\"Valpara\u00ed\u00adso Creativo\" \/>\n<meta property=\"article:published_time\" content=\"2024-03-29T00:46:30+00:00\" \/>\n<meta property=\"article:modified_time\" content=\"2024-04-02T01:24:19+00:00\" \/>\n<meta property=\"og:image\" content=\"https:\/\/www.valparaisocreativo.cl\/wp-content\/uploads\/2024\/04\/TERESA-DE-LA-S-1024x1024.jpg\" \/>\n<meta name=\"author\" content=\"Valpara\u00edso Creativo\" \/>\n<meta name=\"twitter:card\" content=\"summary_large_image\" \/>\n<meta name=\"twitter:label1\" content=\"Escrito por\" \/>\n\t<meta name=\"twitter:data1\" content=\"Valpara\u00edso Creativo\" \/>\n\t<meta name=\"twitter:label2\" content=\"Tiempo de lectura\" \/>\n\t<meta name=\"twitter:data2\" content=\"2 minutos\" \/>\n<script type=\"application\/ld+json\" class=\"yoast-schema-graph\">{\"@context\":\"https:\/\/schema.org\",\"@graph\":[{\"@type\":\"Article\",\"@id\":\"https:\/\/dev.antudigital.cl\/sites\/vc\/la-vida-y-obra-teresa-wilms-montt-encarnan-en-obra-teatral-creada-por-colectivo-escenico-agua-cero\/#article\",\"isPartOf\":{\"@id\":\"https:\/\/dev.antudigital.cl\/sites\/vc\/la-vida-y-obra-teresa-wilms-montt-encarnan-en-obra-teatral-creada-por-colectivo-escenico-agua-cero\/\"},\"author\":{\"name\":\"Valpara\u00edso Creativo\",\"@id\":\"https:\/\/dev.antudigital.cl\/sites\/vc\/#\/schema\/person\/c2b9da8dd545e27166fc5ab232837318\"},\"headline\":\"La vida y obra Teresa Wilms Montt encarnan en obra teatral creada por Colectivo Esc\u00e9nico Agua-Cero\",\"datePublished\":\"2024-03-29T00:46:30+00:00\",\"dateModified\":\"2024-04-02T01:24:19+00:00\",\"mainEntityOfPage\":{\"@id\":\"https:\/\/dev.antudigital.cl\/sites\/vc\/la-vida-y-obra-teresa-wilms-montt-encarnan-en-obra-teatral-creada-por-colectivo-escenico-agua-cero\/\"},\"wordCount\":289,\"image\":{\"@id\":\"https:\/\/dev.antudigital.cl\/sites\/vc\/la-vida-y-obra-teresa-wilms-montt-encarnan-en-obra-teatral-creada-por-colectivo-escenico-agua-cero\/#primaryimage\"},\"thumbnailUrl\":\"https:\/\/www.valparaisocreativo.cl\/wp-content\/uploads\/2024\/04\/TERESA-DE-LA-S-1024x1024.jpg\",\"articleSection\":[\"Uncategorized\"],\"inLanguage\":\"es\"},{\"@type\":\"WebPage\",\"@id\":\"https:\/\/dev.antudigital.cl\/sites\/vc\/la-vida-y-obra-teresa-wilms-montt-encarnan-en-obra-teatral-creada-por-colectivo-escenico-agua-cero\/\",\"url\":\"https:\/\/dev.antudigital.cl\/sites\/vc\/la-vida-y-obra-teresa-wilms-montt-encarnan-en-obra-teatral-creada-por-colectivo-escenico-agua-cero\/\",\"name\":\"La vida y obra Teresa Wilms Montt encarnan en obra teatral creada por Colectivo Esc\u00e9nico Agua-Cero - Valpara\u00ed\u00adso Creativo\",\"isPartOf\":{\"@id\":\"https:\/\/dev.antudigital.cl\/sites\/vc\/#website\"},\"primaryImageOfPage\":{\"@id\":\"https:\/\/dev.antudigital.cl\/sites\/vc\/la-vida-y-obra-teresa-wilms-montt-encarnan-en-obra-teatral-creada-por-colectivo-escenico-agua-cero\/#primaryimage\"},\"image\":{\"@id\":\"https:\/\/dev.antudigital.cl\/sites\/vc\/la-vida-y-obra-teresa-wilms-montt-encarnan-en-obra-teatral-creada-por-colectivo-escenico-agua-cero\/#primaryimage\"},\"thumbnailUrl\":\"https:\/\/www.valparaisocreativo.cl\/wp-content\/uploads\/2024\/04\/TERESA-DE-LA-S-1024x1024.jpg\",\"datePublished\":\"2024-03-29T00:46:30+00:00\",\"dateModified\":\"2024-04-02T01:24:19+00:00\",\"author\":{\"@id\":\"https:\/\/dev.antudigital.cl\/sites\/vc\/#\/schema\/person\/c2b9da8dd545e27166fc5ab232837318\"},\"breadcrumb\":{\"@id\":\"https:\/\/dev.antudigital.cl\/sites\/vc\/la-vida-y-obra-teresa-wilms-montt-encarnan-en-obra-teatral-creada-por-colectivo-escenico-agua-cero\/#breadcrumb\"},\"inLanguage\":\"es\",\"potentialAction\":[{\"@type\":\"ReadAction\",\"target\":[\"https:\/\/dev.antudigital.cl\/sites\/vc\/la-vida-y-obra-teresa-wilms-montt-encarnan-en-obra-teatral-creada-por-colectivo-escenico-agua-cero\/\"]}]},{\"@type\":\"ImageObject\",\"inLanguage\":\"es\",\"@id\":\"https:\/\/dev.antudigital.cl\/sites\/vc\/la-vida-y-obra-teresa-wilms-montt-encarnan-en-obra-teatral-creada-por-colectivo-escenico-agua-cero\/#primaryimage\",\"url\":\"https:\/\/www.valparaisocreativo.cl\/wp-content\/uploads\/2024\/04\/TERESA-DE-LA-S-1024x1024.jpg\",\"contentUrl\":\"https:\/\/www.valparaisocreativo.cl\/wp-content\/uploads\/2024\/04\/TERESA-DE-LA-S-1024x1024.jpg\"},{\"@type\":\"BreadcrumbList\",\"@id\":\"https:\/\/dev.antudigital.cl\/sites\/vc\/la-vida-y-obra-teresa-wilms-montt-encarnan-en-obra-teatral-creada-por-colectivo-escenico-agua-cero\/#breadcrumb\",\"itemListElement\":[{\"@type\":\"ListItem\",\"position\":1,\"name\":\"Home\",\"item\":\"https:\/\/dev.antudigital.cl\/sites\/vc\/\"},{\"@type\":\"ListItem\",\"position\":2,\"name\":\"La vida y obra Teresa Wilms Montt encarnan en obra teatral creada por Colectivo Esc\u00e9nico Agua-Cero\"}]},{\"@type\":\"WebSite\",\"@id\":\"https:\/\/dev.antudigital.cl\/sites\/vc\/#website\",\"url\":\"https:\/\/dev.antudigital.cl\/sites\/vc\/\",\"name\":\"Valpara\u00ed\u00adso Creativo\",\"description\":\"\",\"potentialAction\":[{\"@type\":\"SearchAction\",\"target\":{\"@type\":\"EntryPoint\",\"urlTemplate\":\"https:\/\/dev.antudigital.cl\/sites\/vc\/?s={search_term_string}\"},\"query-input\":{\"@type\":\"PropertyValueSpecification\",\"valueRequired\":true,\"valueName\":\"search_term_string\"}}],\"inLanguage\":\"es\"},{\"@type\":\"Person\",\"@id\":\"https:\/\/dev.antudigital.cl\/sites\/vc\/#\/schema\/person\/c2b9da8dd545e27166fc5ab232837318\",\"name\":\"Valpara\u00edso Creativo\",\"description\":\"Periodista de cultura en la Regi\u00f3n de Valpara\u00edso.\",\"url\":\"https:\/\/dev.antudigital.cl\/sites\/vc\/author\/valpoadmin\/\"}]}<\/script>\n<!-- \/ Yoast SEO plugin. -->","yoast_head_json":{"title":"La vida y obra Teresa Wilms Montt encarnan en obra teatral creada por Colectivo Esc\u00e9nico Agua-Cero - Valpara\u00ed\u00adso Creativo","robots":{"index":"index","follow":"follow","max-snippet":"max-snippet:-1","max-image-preview":"max-image-preview:large","max-video-preview":"max-video-preview:-1"},"canonical":"https:\/\/dev.antudigital.cl\/sites\/vc\/la-vida-y-obra-teresa-wilms-montt-encarnan-en-obra-teatral-creada-por-colectivo-escenico-agua-cero\/","og_locale":"es_ES","og_type":"article","og_title":"La vida y obra Teresa Wilms Montt encarnan en obra teatral creada por Colectivo Esc\u00e9nico Agua-Cero - Valpara\u00ed\u00adso Creativo","og_description":"S\u00e1bado 30 de marzo 2024, a las 20 horas, Sala Arnaldo Berrios, en el espacio cultural Valpara\u00edso Profundo. Teresa Wilms Montt, transgresora, inteligente y m\u00edstica. Acaparaba las miradas de la sociedad de principios del siglo XX por desacatar los mandatos del g\u00e9nero y vivir de una manera poco decorosa para la burgues\u00eda de aquella \u00e9poca. [&hellip;]","og_url":"https:\/\/dev.antudigital.cl\/sites\/vc\/la-vida-y-obra-teresa-wilms-montt-encarnan-en-obra-teatral-creada-por-colectivo-escenico-agua-cero\/","og_site_name":"Valpara\u00ed\u00adso Creativo","article_published_time":"2024-03-29T00:46:30+00:00","article_modified_time":"2024-04-02T01:24:19+00:00","og_image":[{"url":"https:\/\/www.valparaisocreativo.cl\/wp-content\/uploads\/2024\/04\/TERESA-DE-LA-S-1024x1024.jpg","type":"","width":"","height":""}],"author":"Valpara\u00edso Creativo","twitter_card":"summary_large_image","twitter_misc":{"Escrito por":"Valpara\u00edso Creativo","Tiempo de lectura":"2 minutos"},"schema":{"@context":"https:\/\/schema.org","@graph":[{"@type":"Article","@id":"https:\/\/dev.antudigital.cl\/sites\/vc\/la-vida-y-obra-teresa-wilms-montt-encarnan-en-obra-teatral-creada-por-colectivo-escenico-agua-cero\/#article","isPartOf":{"@id":"https:\/\/dev.antudigital.cl\/sites\/vc\/la-vida-y-obra-teresa-wilms-montt-encarnan-en-obra-teatral-creada-por-colectivo-escenico-agua-cero\/"},"author":{"name":"Valpara\u00edso Creativo","@id":"https:\/\/dev.antudigital.cl\/sites\/vc\/#\/schema\/person\/c2b9da8dd545e27166fc5ab232837318"},"headline":"La vida y obra Teresa Wilms Montt encarnan en obra teatral creada por Colectivo Esc\u00e9nico Agua-Cero","datePublished":"2024-03-29T00:46:30+00:00","dateModified":"2024-04-02T01:24:19+00:00","mainEntityOfPage":{"@id":"https:\/\/dev.antudigital.cl\/sites\/vc\/la-vida-y-obra-teresa-wilms-montt-encarnan-en-obra-teatral-creada-por-colectivo-escenico-agua-cero\/"},"wordCount":289,"image":{"@id":"https:\/\/dev.antudigital.cl\/sites\/vc\/la-vida-y-obra-teresa-wilms-montt-encarnan-en-obra-teatral-creada-por-colectivo-escenico-agua-cero\/#primaryimage"},"thumbnailUrl":"https:\/\/www.valparaisocreativo.cl\/wp-content\/uploads\/2024\/04\/TERESA-DE-LA-S-1024x1024.jpg","articleSection":["Uncategorized"],"inLanguage":"es"},{"@type":"WebPage","@id":"https:\/\/dev.antudigital.cl\/sites\/vc\/la-vida-y-obra-teresa-wilms-montt-encarnan-en-obra-teatral-creada-por-colectivo-escenico-agua-cero\/","url":"https:\/\/dev.antudigital.cl\/sites\/vc\/la-vida-y-obra-teresa-wilms-montt-encarnan-en-obra-teatral-creada-por-colectivo-escenico-agua-cero\/","name":"La vida y obra Teresa Wilms Montt encarnan en obra teatral creada por Colectivo Esc\u00e9nico Agua-Cero - Valpara\u00ed\u00adso Creativo","isPartOf":{"@id":"https:\/\/dev.antudigital.cl\/sites\/vc\/#website"},"primaryImageOfPage":{"@id":"https:\/\/dev.antudigital.cl\/sites\/vc\/la-vida-y-obra-teresa-wilms-montt-encarnan-en-obra-teatral-creada-por-colectivo-escenico-agua-cero\/#primaryimage"},"image":{"@id":"https:\/\/dev.antudigital.cl\/sites\/vc\/la-vida-y-obra-teresa-wilms-montt-encarnan-en-obra-teatral-creada-por-colectivo-escenico-agua-cero\/#primaryimage"},"thumbnailUrl":"https:\/\/www.valparaisocreativo.cl\/wp-content\/uploads\/2024\/04\/TERESA-DE-LA-S-1024x1024.jpg","datePublished":"2024-03-29T00:46:30+00:00","dateModified":"2024-04-02T01:24:19+00:00","author":{"@id":"https:\/\/dev.antudigital.cl\/sites\/vc\/#\/schema\/person\/c2b9da8dd545e27166fc5ab232837318"},"breadcrumb":{"@id":"https:\/\/dev.antudigital.cl\/sites\/vc\/la-vida-y-obra-teresa-wilms-montt-encarnan-en-obra-teatral-creada-por-colectivo-escenico-agua-cero\/#breadcrumb"},"inLanguage":"es","potentialAction":[{"@type":"ReadAction","target":["https:\/\/dev.antudigital.cl\/sites\/vc\/la-vida-y-obra-teresa-wilms-montt-encarnan-en-obra-teatral-creada-por-colectivo-escenico-agua-cero\/"]}]},{"@type":"ImageObject","inLanguage":"es","@id":"https:\/\/dev.antudigital.cl\/sites\/vc\/la-vida-y-obra-teresa-wilms-montt-encarnan-en-obra-teatral-creada-por-colectivo-escenico-agua-cero\/#primaryimage","url":"https:\/\/www.valparaisocreativo.cl\/wp-content\/uploads\/2024\/04\/TERESA-DE-LA-S-1024x1024.jpg","contentUrl":"https:\/\/www.valparaisocreativo.cl\/wp-content\/uploads\/2024\/04\/TERESA-DE-LA-S-1024x1024.jpg"},{"@type":"BreadcrumbList","@id":"https:\/\/dev.antudigital.cl\/sites\/vc\/la-vida-y-obra-teresa-wilms-montt-encarnan-en-obra-teatral-creada-por-colectivo-escenico-agua-cero\/#breadcrumb","itemListElement":[{"@type":"ListItem","position":1,"name":"Home","item":"https:\/\/dev.antudigital.cl\/sites\/vc\/"},{"@type":"ListItem","position":2,"name":"La vida y obra Teresa Wilms Montt encarnan en obra teatral creada por Colectivo Esc\u00e9nico Agua-Cero"}]},{"@type":"WebSite","@id":"https:\/\/dev.antudigital.cl\/sites\/vc\/#website","url":"https:\/\/dev.antudigital.cl\/sites\/vc\/","name":"Valpara\u00ed\u00adso Creativo","description":"","potentialAction":[{"@type":"SearchAction","target":{"@type":"EntryPoint","urlTemplate":"https:\/\/dev.antudigital.cl\/sites\/vc\/?s={search_term_string}"},"query-input":{"@type":"PropertyValueSpecification","valueRequired":true,"valueName":"search_term_string"}}],"inLanguage":"es"},{"@type":"Person","@id":"https:\/\/dev.antudigital.cl\/sites\/vc\/#\/schema\/person\/c2b9da8dd545e27166fc5ab232837318","name":"Valpara\u00edso Creativo","description":"Periodista de cultura en la Regi\u00f3n de Valpara\u00edso.","url":"https:\/\/dev.antudigital.cl\/sites\/vc\/author\/valpoadmin\/"}]}},"_links":{"self":[{"href":"https:\/\/dev.antudigital.cl\/sites\/vc\/wp-json\/wp\/v2\/posts\/18765","targetHints":{"allow":["GET"]}}],"collection":[{"href":"https:\/\/dev.antudigital.cl\/sites\/vc\/wp-json\/wp\/v2\/posts"}],"about":[{"href":"https:\/\/dev.antudigital.cl\/sites\/vc\/wp-json\/wp\/v2\/types\/post"}],"author":[{"embeddable":true,"href":"https:\/\/dev.antudigital.cl\/sites\/vc\/wp-json\/wp\/v2\/users\/1"}],"replies":[{"embeddable":true,"href":"https:\/\/dev.antudigital.cl\/sites\/vc\/wp-json\/wp\/v2\/comments?post=18765"}],"version-history":[{"count":1,"href":"https:\/\/dev.antudigital.cl\/sites\/vc\/wp-json\/wp\/v2\/posts\/18765\/revisions"}],"predecessor-version":[{"id":18767,"href":"https:\/\/dev.antudigital.cl\/sites\/vc\/wp-json\/wp\/v2\/posts\/18765\/revisions\/18767"}],"wp:attachment":[{"href":"https:\/\/dev.antudigital.cl\/sites\/vc\/wp-json\/wp\/v2\/media?parent=18765"}],"wp:term":[{"taxonomy":"category","embeddable":true,"href":"https:\/\/dev.antudigital.cl\/sites\/vc\/wp-json\/wp\/v2\/categories?post=18765"},{"taxonomy":"post_tag","embeddable":true,"href":"https:\/\/dev.antudigital.cl\/sites\/vc\/wp-json\/wp\/v2\/tags?post=18765"}],"curies":[{"name":"wp","href":"https:\/\/api.w.org\/{rel}","templated":true}]}}