{"id":18768,"date":"2024-04-02T02:13:50","date_gmt":"2024-04-02T02:13:50","guid":{"rendered":"https:\/\/www.valparaisocreativo.cl\/?p=18768"},"modified":"2024-04-02T02:14:08","modified_gmt":"2024-04-02T02:14:08","slug":"nueva-inauguracion-en-judas-galeria","status":"publish","type":"post","link":"https:\/\/dev.antudigital.cl\/sites\/vc\/nueva-inauguracion-en-judas-galeria\/","title":{"rendered":"Nueva inauguraci\u00f3n en Judas Galer\u00eda"},"content":{"rendered":"\n<p>Tenemos el agrado de anunciar la pr\u00f3xima exposici\u00f3n en JUDAS , se trata de VOYEURISMO-QUIR\u00daRGICO del artista peruano <a href=\"https:\/\/www.instagram.com\/stefano_campodonico\/\">@stefano_campodonico<\/a>.<\/p>\n\n\n\n<p>El trabajo de Stefano parte de una perspectiva materialista influenciada por la industria, la imagen medi\u00e1tica y la configuraci\u00f3n del deseo. Las instalaciones escult\u00f3ricas y el trabajo pict\u00f3rico, buscan destejer las bases materiales del objeto de consumo, para especular a partir de este, nuevas formas de pensar y desear desde la fragmentaci\u00f3n de sus bases ontol\u00f3gicas.<\/p>\n\n\n\n<p>Destacar que \u00e9sta muestra es la primera de una serie de colaboraciones que estamos generando en alianza con galer\u00eda <a href=\"https:\/\/www.instagram.com\/thisisnow.art\/\">@thisisnow.art<\/a> , Lima, despu\u00e9s de participar en las misiones comerciales de prospecci\u00f3n realizadas por <a href=\"https:\/\/www.instagram.com\/prochilecl\/\">@prochilecl<\/a><br><a href=\"https:\/\/www.instagram.com\/prochile_pe\/\">@prochile_pe<\/a><\/p>\n\n\n\n<p>Adem\u00e1s, esta exposici\u00f3n es parte programaci\u00f3n de la Bienal de Valpara\u00edso <a href=\"https:\/\/www.instagram.com\/biav_valpo\/\">@biav_valpo<\/a><\/p>\n\n\n\n<p>La inauguraci\u00f3n es este 5 de abril a las 19.00hrs en la galer\u00eda ubicada en Pasaje G\u00e1lvez 167, Cerro Concepci\u00f3n, Valpara\u00edso, Chile.<br>Contar\u00e1n con el auspicio de <a href=\"https:\/\/www.instagram.com\/giardinomalandrino\/\">@giardinomalandrino<\/a> con los deliciosos vinos de su cava.<\/p>\n\n\n\n<figure class=\"wp-block-image size-full\"><img fetchpriority=\"high\" decoding=\"async\" width=\"525\" height=\"598\" src=\"https:\/\/www.valparaisocreativo.cl\/wp-content\/uploads\/2024\/04\/Captura-de-Pantalla-2024-04-01-a-las-22.35.38.png\" alt=\"\" class=\"wp-image-18769\" srcset=\"https:\/\/dev.antudigital.cl\/sites\/vc\/wp-content\/uploads\/2024\/04\/Captura-de-Pantalla-2024-04-01-a-las-22.35.38.png 525w, https:\/\/dev.antudigital.cl\/sites\/vc\/wp-content\/uploads\/2024\/04\/Captura-de-Pantalla-2024-04-01-a-las-22.35.38-263x300.png 263w, https:\/\/dev.antudigital.cl\/sites\/vc\/wp-content\/uploads\/2024\/04\/Captura-de-Pantalla-2024-04-01-a-las-22.35.38-480x547.png 480w, https:\/\/dev.antudigital.cl\/sites\/vc\/wp-content\/uploads\/2024\/04\/Captura-de-Pantalla-2024-04-01-a-las-22.35.38-21x24.png 21w, https:\/\/dev.antudigital.cl\/sites\/vc\/wp-content\/uploads\/2024\/04\/Captura-de-Pantalla-2024-04-01-a-las-22.35.38-32x36.png 32w, https:\/\/dev.antudigital.cl\/sites\/vc\/wp-content\/uploads\/2024\/04\/Captura-de-Pantalla-2024-04-01-a-las-22.35.38-42x48.png 42w\" sizes=\"(max-width: 525px) 100vw, 525px\" \/><\/figure>\n","protected":false},"excerpt":{"rendered":"<p>Tenemos el agrado de anunciar la pr\u00f3xima exposici\u00f3n en JUDAS , se trata de VOYEURISMO-QUIR\u00daRGICO del artista peruano @stefano_campodonico. El trabajo de Stefano parte de una perspectiva materialista influenciada por la industria, la imagen medi\u00e1tica y la configuraci\u00f3n del deseo. Las instalaciones escult\u00f3ricas y el trabajo pict\u00f3rico, buscan destejer las bases materiales del objeto de [&hellip;]<\/p>\n","protected":false},"author":1,"featured_media":18770,"comment_status":"closed","ping_status":"closed","sticky":false,"template":"","format":"standard","meta":{"_acf_changed":false,"footnotes":""},"categories":[1],"tags":[],"class_list":["post-18768","post","type-post","status-publish","format-standard","has-post-thumbnail","hentry","category-uncategorized"],"acf":[],"yoast_head":"<!-- This site is optimized with the Yoast SEO plugin v27.1.1 - https:\/\/yoast.com\/product\/yoast-seo-wordpress\/ -->\n<title>Nueva inauguraci\u00f3n en Judas Galer\u00eda - Valpara\u00ed\u00adso Creativo<\/title>\n<meta name=\"robots\" content=\"index, follow, max-snippet:-1, max-image-preview:large, max-video-preview:-1\" \/>\n<link rel=\"canonical\" href=\"https:\/\/dev.antudigital.cl\/sites\/vc\/nueva-inauguracion-en-judas-galeria\/\" \/>\n<meta property=\"og:locale\" content=\"es_ES\" \/>\n<meta property=\"og:type\" content=\"article\" \/>\n<meta property=\"og:title\" content=\"Nueva inauguraci\u00f3n en Judas Galer\u00eda - Valpara\u00ed\u00adso Creativo\" \/>\n<meta property=\"og:description\" content=\"Tenemos el agrado de anunciar la pr\u00f3xima exposici\u00f3n en JUDAS , se trata de VOYEURISMO-QUIR\u00daRGICO del artista peruano @stefano_campodonico. El trabajo de Stefano parte de una perspectiva materialista influenciada por la industria, la imagen medi\u00e1tica y la configuraci\u00f3n del deseo. Las instalaciones escult\u00f3ricas y el trabajo pict\u00f3rico, buscan destejer las bases materiales del objeto de [&hellip;]\" \/>\n<meta property=\"og:url\" content=\"https:\/\/dev.antudigital.cl\/sites\/vc\/nueva-inauguracion-en-judas-galeria\/\" \/>\n<meta property=\"og:site_name\" content=\"Valpara\u00ed\u00adso Creativo\" \/>\n<meta property=\"article:published_time\" content=\"2024-04-02T02:13:50+00:00\" \/>\n<meta property=\"article:modified_time\" content=\"2024-04-02T02:14:08+00:00\" \/>\n<meta property=\"og:image\" content=\"https:\/\/dev.antudigital.cl\/sites\/vc\/wp-content\/uploads\/2024\/04\/ExpoMara.jpeg\" \/>\n\t<meta property=\"og:image:width\" content=\"640\" \/>\n\t<meta property=\"og:image:height\" content=\"427\" \/>\n\t<meta property=\"og:image:type\" content=\"image\/jpeg\" \/>\n<meta name=\"author\" content=\"Valpara\u00edso Creativo\" \/>\n<meta name=\"twitter:card\" content=\"summary_large_image\" \/>\n<meta name=\"twitter:label1\" content=\"Escrito por\" \/>\n\t<meta name=\"twitter:data1\" content=\"Valpara\u00edso Creativo\" \/>\n\t<meta name=\"twitter:label2\" content=\"Tiempo de lectura\" \/>\n\t<meta name=\"twitter:data2\" content=\"2 minutos\" \/>\n<script type=\"application\/ld+json\" class=\"yoast-schema-graph\">{\"@context\":\"https:\/\/schema.org\",\"@graph\":[{\"@type\":\"Article\",\"@id\":\"https:\/\/dev.antudigital.cl\/sites\/vc\/nueva-inauguracion-en-judas-galeria\/#article\",\"isPartOf\":{\"@id\":\"https:\/\/dev.antudigital.cl\/sites\/vc\/nueva-inauguracion-en-judas-galeria\/\"},\"author\":{\"name\":\"Valpara\u00edso Creativo\",\"@id\":\"https:\/\/dev.antudigital.cl\/sites\/vc\/#\/schema\/person\/c2b9da8dd545e27166fc5ab232837318\"},\"headline\":\"Nueva inauguraci\u00f3n en Judas Galer\u00eda\",\"datePublished\":\"2024-04-02T02:13:50+00:00\",\"dateModified\":\"2024-04-02T02:14:08+00:00\",\"mainEntityOfPage\":{\"@id\":\"https:\/\/dev.antudigital.cl\/sites\/vc\/nueva-inauguracion-en-judas-galeria\/\"},\"wordCount\":186,\"image\":{\"@id\":\"https:\/\/dev.antudigital.cl\/sites\/vc\/nueva-inauguracion-en-judas-galeria\/#primaryimage\"},\"thumbnailUrl\":\"https:\/\/dev.antudigital.cl\/sites\/vc\/wp-content\/uploads\/2024\/04\/ExpoMara.jpeg\",\"articleSection\":[\"Uncategorized\"],\"inLanguage\":\"es\"},{\"@type\":\"WebPage\",\"@id\":\"https:\/\/dev.antudigital.cl\/sites\/vc\/nueva-inauguracion-en-judas-galeria\/\",\"url\":\"https:\/\/dev.antudigital.cl\/sites\/vc\/nueva-inauguracion-en-judas-galeria\/\",\"name\":\"Nueva inauguraci\u00f3n en Judas Galer\u00eda - Valpara\u00ed\u00adso Creativo\",\"isPartOf\":{\"@id\":\"https:\/\/dev.antudigital.cl\/sites\/vc\/#website\"},\"primaryImageOfPage\":{\"@id\":\"https:\/\/dev.antudigital.cl\/sites\/vc\/nueva-inauguracion-en-judas-galeria\/#primaryimage\"},\"image\":{\"@id\":\"https:\/\/dev.antudigital.cl\/sites\/vc\/nueva-inauguracion-en-judas-galeria\/#primaryimage\"},\"thumbnailUrl\":\"https:\/\/dev.antudigital.cl\/sites\/vc\/wp-content\/uploads\/2024\/04\/ExpoMara.jpeg\",\"datePublished\":\"2024-04-02T02:13:50+00:00\",\"dateModified\":\"2024-04-02T02:14:08+00:00\",\"author\":{\"@id\":\"https:\/\/dev.antudigital.cl\/sites\/vc\/#\/schema\/person\/c2b9da8dd545e27166fc5ab232837318\"},\"breadcrumb\":{\"@id\":\"https:\/\/dev.antudigital.cl\/sites\/vc\/nueva-inauguracion-en-judas-galeria\/#breadcrumb\"},\"inLanguage\":\"es\",\"potentialAction\":[{\"@type\":\"ReadAction\",\"target\":[\"https:\/\/dev.antudigital.cl\/sites\/vc\/nueva-inauguracion-en-judas-galeria\/\"]}]},{\"@type\":\"ImageObject\",\"inLanguage\":\"es\",\"@id\":\"https:\/\/dev.antudigital.cl\/sites\/vc\/nueva-inauguracion-en-judas-galeria\/#primaryimage\",\"url\":\"https:\/\/dev.antudigital.cl\/sites\/vc\/wp-content\/uploads\/2024\/04\/ExpoMara.jpeg\",\"contentUrl\":\"https:\/\/dev.antudigital.cl\/sites\/vc\/wp-content\/uploads\/2024\/04\/ExpoMara.jpeg\",\"width\":640,\"height\":427},{\"@type\":\"BreadcrumbList\",\"@id\":\"https:\/\/dev.antudigital.cl\/sites\/vc\/nueva-inauguracion-en-judas-galeria\/#breadcrumb\",\"itemListElement\":[{\"@type\":\"ListItem\",\"position\":1,\"name\":\"Home\",\"item\":\"https:\/\/dev.antudigital.cl\/sites\/vc\/\"},{\"@type\":\"ListItem\",\"position\":2,\"name\":\"Nueva inauguraci\u00f3n en Judas Galer\u00eda\"}]},{\"@type\":\"WebSite\",\"@id\":\"https:\/\/dev.antudigital.cl\/sites\/vc\/#website\",\"url\":\"https:\/\/dev.antudigital.cl\/sites\/vc\/\",\"name\":\"Valpara\u00ed\u00adso Creativo\",\"description\":\"\",\"potentialAction\":[{\"@type\":\"SearchAction\",\"target\":{\"@type\":\"EntryPoint\",\"urlTemplate\":\"https:\/\/dev.antudigital.cl\/sites\/vc\/?s={search_term_string}\"},\"query-input\":{\"@type\":\"PropertyValueSpecification\",\"valueRequired\":true,\"valueName\":\"search_term_string\"}}],\"inLanguage\":\"es\"},{\"@type\":\"Person\",\"@id\":\"https:\/\/dev.antudigital.cl\/sites\/vc\/#\/schema\/person\/c2b9da8dd545e27166fc5ab232837318\",\"name\":\"Valpara\u00edso Creativo\",\"description\":\"Periodista de cultura en la Regi\u00f3n de Valpara\u00edso.\",\"url\":\"https:\/\/dev.antudigital.cl\/sites\/vc\/author\/valpoadmin\/\"}]}<\/script>\n<!-- \/ Yoast SEO plugin. -->","yoast_head_json":{"title":"Nueva inauguraci\u00f3n en Judas Galer\u00eda - Valpara\u00ed\u00adso Creativo","robots":{"index":"index","follow":"follow","max-snippet":"max-snippet:-1","max-image-preview":"max-image-preview:large","max-video-preview":"max-video-preview:-1"},"canonical":"https:\/\/dev.antudigital.cl\/sites\/vc\/nueva-inauguracion-en-judas-galeria\/","og_locale":"es_ES","og_type":"article","og_title":"Nueva inauguraci\u00f3n en Judas Galer\u00eda - Valpara\u00ed\u00adso Creativo","og_description":"Tenemos el agrado de anunciar la pr\u00f3xima exposici\u00f3n en JUDAS , se trata de VOYEURISMO-QUIR\u00daRGICO del artista peruano @stefano_campodonico. El trabajo de Stefano parte de una perspectiva materialista influenciada por la industria, la imagen medi\u00e1tica y la configuraci\u00f3n del deseo. Las instalaciones escult\u00f3ricas y el trabajo pict\u00f3rico, buscan destejer las bases materiales del objeto de [&hellip;]","og_url":"https:\/\/dev.antudigital.cl\/sites\/vc\/nueva-inauguracion-en-judas-galeria\/","og_site_name":"Valpara\u00ed\u00adso Creativo","article_published_time":"2024-04-02T02:13:50+00:00","article_modified_time":"2024-04-02T02:14:08+00:00","og_image":[{"width":640,"height":427,"url":"https:\/\/dev.antudigital.cl\/sites\/vc\/wp-content\/uploads\/2024\/04\/ExpoMara.jpeg","type":"image\/jpeg"}],"author":"Valpara\u00edso Creativo","twitter_card":"summary_large_image","twitter_misc":{"Escrito por":"Valpara\u00edso Creativo","Tiempo de lectura":"2 minutos"},"schema":{"@context":"https:\/\/schema.org","@graph":[{"@type":"Article","@id":"https:\/\/dev.antudigital.cl\/sites\/vc\/nueva-inauguracion-en-judas-galeria\/#article","isPartOf":{"@id":"https:\/\/dev.antudigital.cl\/sites\/vc\/nueva-inauguracion-en-judas-galeria\/"},"author":{"name":"Valpara\u00edso Creativo","@id":"https:\/\/dev.antudigital.cl\/sites\/vc\/#\/schema\/person\/c2b9da8dd545e27166fc5ab232837318"},"headline":"Nueva inauguraci\u00f3n en Judas Galer\u00eda","datePublished":"2024-04-02T02:13:50+00:00","dateModified":"2024-04-02T02:14:08+00:00","mainEntityOfPage":{"@id":"https:\/\/dev.antudigital.cl\/sites\/vc\/nueva-inauguracion-en-judas-galeria\/"},"wordCount":186,"image":{"@id":"https:\/\/dev.antudigital.cl\/sites\/vc\/nueva-inauguracion-en-judas-galeria\/#primaryimage"},"thumbnailUrl":"https:\/\/dev.antudigital.cl\/sites\/vc\/wp-content\/uploads\/2024\/04\/ExpoMara.jpeg","articleSection":["Uncategorized"],"inLanguage":"es"},{"@type":"WebPage","@id":"https:\/\/dev.antudigital.cl\/sites\/vc\/nueva-inauguracion-en-judas-galeria\/","url":"https:\/\/dev.antudigital.cl\/sites\/vc\/nueva-inauguracion-en-judas-galeria\/","name":"Nueva inauguraci\u00f3n en Judas Galer\u00eda - Valpara\u00ed\u00adso Creativo","isPartOf":{"@id":"https:\/\/dev.antudigital.cl\/sites\/vc\/#website"},"primaryImageOfPage":{"@id":"https:\/\/dev.antudigital.cl\/sites\/vc\/nueva-inauguracion-en-judas-galeria\/#primaryimage"},"image":{"@id":"https:\/\/dev.antudigital.cl\/sites\/vc\/nueva-inauguracion-en-judas-galeria\/#primaryimage"},"thumbnailUrl":"https:\/\/dev.antudigital.cl\/sites\/vc\/wp-content\/uploads\/2024\/04\/ExpoMara.jpeg","datePublished":"2024-04-02T02:13:50+00:00","dateModified":"2024-04-02T02:14:08+00:00","author":{"@id":"https:\/\/dev.antudigital.cl\/sites\/vc\/#\/schema\/person\/c2b9da8dd545e27166fc5ab232837318"},"breadcrumb":{"@id":"https:\/\/dev.antudigital.cl\/sites\/vc\/nueva-inauguracion-en-judas-galeria\/#breadcrumb"},"inLanguage":"es","potentialAction":[{"@type":"ReadAction","target":["https:\/\/dev.antudigital.cl\/sites\/vc\/nueva-inauguracion-en-judas-galeria\/"]}]},{"@type":"ImageObject","inLanguage":"es","@id":"https:\/\/dev.antudigital.cl\/sites\/vc\/nueva-inauguracion-en-judas-galeria\/#primaryimage","url":"https:\/\/dev.antudigital.cl\/sites\/vc\/wp-content\/uploads\/2024\/04\/ExpoMara.jpeg","contentUrl":"https:\/\/dev.antudigital.cl\/sites\/vc\/wp-content\/uploads\/2024\/04\/ExpoMara.jpeg","width":640,"height":427},{"@type":"BreadcrumbList","@id":"https:\/\/dev.antudigital.cl\/sites\/vc\/nueva-inauguracion-en-judas-galeria\/#breadcrumb","itemListElement":[{"@type":"ListItem","position":1,"name":"Home","item":"https:\/\/dev.antudigital.cl\/sites\/vc\/"},{"@type":"ListItem","position":2,"name":"Nueva inauguraci\u00f3n en Judas Galer\u00eda"}]},{"@type":"WebSite","@id":"https:\/\/dev.antudigital.cl\/sites\/vc\/#website","url":"https:\/\/dev.antudigital.cl\/sites\/vc\/","name":"Valpara\u00ed\u00adso Creativo","description":"","potentialAction":[{"@type":"SearchAction","target":{"@type":"EntryPoint","urlTemplate":"https:\/\/dev.antudigital.cl\/sites\/vc\/?s={search_term_string}"},"query-input":{"@type":"PropertyValueSpecification","valueRequired":true,"valueName":"search_term_string"}}],"inLanguage":"es"},{"@type":"Person","@id":"https:\/\/dev.antudigital.cl\/sites\/vc\/#\/schema\/person\/c2b9da8dd545e27166fc5ab232837318","name":"Valpara\u00edso Creativo","description":"Periodista de cultura en la Regi\u00f3n de Valpara\u00edso.","url":"https:\/\/dev.antudigital.cl\/sites\/vc\/author\/valpoadmin\/"}]}},"_links":{"self":[{"href":"https:\/\/dev.antudigital.cl\/sites\/vc\/wp-json\/wp\/v2\/posts\/18768","targetHints":{"allow":["GET"]}}],"collection":[{"href":"https:\/\/dev.antudigital.cl\/sites\/vc\/wp-json\/wp\/v2\/posts"}],"about":[{"href":"https:\/\/dev.antudigital.cl\/sites\/vc\/wp-json\/wp\/v2\/types\/post"}],"author":[{"embeddable":true,"href":"https:\/\/dev.antudigital.cl\/sites\/vc\/wp-json\/wp\/v2\/users\/1"}],"replies":[{"embeddable":true,"href":"https:\/\/dev.antudigital.cl\/sites\/vc\/wp-json\/wp\/v2\/comments?post=18768"}],"version-history":[{"count":1,"href":"https:\/\/dev.antudigital.cl\/sites\/vc\/wp-json\/wp\/v2\/posts\/18768\/revisions"}],"predecessor-version":[{"id":18771,"href":"https:\/\/dev.antudigital.cl\/sites\/vc\/wp-json\/wp\/v2\/posts\/18768\/revisions\/18771"}],"wp:featuredmedia":[{"embeddable":true,"href":"https:\/\/dev.antudigital.cl\/sites\/vc\/wp-json\/wp\/v2\/media\/18770"}],"wp:attachment":[{"href":"https:\/\/dev.antudigital.cl\/sites\/vc\/wp-json\/wp\/v2\/media?parent=18768"}],"wp:term":[{"taxonomy":"category","embeddable":true,"href":"https:\/\/dev.antudigital.cl\/sites\/vc\/wp-json\/wp\/v2\/categories?post=18768"},{"taxonomy":"post_tag","embeddable":true,"href":"https:\/\/dev.antudigital.cl\/sites\/vc\/wp-json\/wp\/v2\/tags?post=18768"}],"curies":[{"name":"wp","href":"https:\/\/api.w.org\/{rel}","templated":true}]}}