{"id":18778,"date":"2024-04-02T03:56:22","date_gmt":"2024-04-02T03:56:22","guid":{"rendered":"https:\/\/www.valparaisocreativo.cl\/?p=18778"},"modified":"2024-04-02T03:56:40","modified_gmt":"2024-04-02T03:56:40","slug":"brigidamente-mente-sabia-cru-y-la-brigida-orquesta-llegan-a-valpo","status":"publish","type":"post","link":"https:\/\/dev.antudigital.cl\/sites\/vc\/brigidamente-mente-sabia-cru-y-la-brigida-orquesta-llegan-a-valpo\/","title":{"rendered":"Br\u00edgidamente: Mente Sabia Cr\u00fa y La Br\u00edgida Orquesta llegan a Valpo"},"content":{"rendered":"\n<p>Mente Sabia Cr\u00fa y La Br\u00edgida Orquesta llevan a\u00f1os de trayectoria respectivamente, creciendo musicalmente y desarroll\u00e1ndose en la escena nacional. Hab\u00edan compartido en ocasiones el escenario, pero ahora decidieron fusionarse en <a href=\"https:\/\/www.valparaisocreativo.cl\/la-brigida-orquesta-y-mente-sabia-cru-llegan-a-valparaiso-con-la-gira-brigidamente\/\">Br\u00edgidamente<\/a>, gira que los trae este 7 de abril a Valpara\u00edso, donde se presentar\u00e1n en el Parque Cultural de la ciudad. Luego, seguir\u00e1n recorriendo el resto del pa\u00eds.<\/p>\n\n\n\n<p>Para saber m\u00e1s detalles de esta colaboraci\u00f3n y su tour por Chile hablamos con Terrible, integrante de Mente Sabia Cr\u00fa. Lee m\u00e1s detalles en la entrevista:<\/p>\n\n\n\n<p><strong>\u00bfC\u00f3mo es la qu\u00edmica entre ambas bandas?<\/strong><\/p>\n\n\n\n<p>-Bien buena, con los chicos hay una s\u00faper buena onda. Si bien La Br\u00edgida Orquesta tiene una mezcla de m\u00fasica mucho m\u00e1s marcada, ya que hacen m\u00e1s jazz, de la mano del hip hop. Nosotros, con Mente Sabia Cr\u00fa, hemos hecho hip hop m\u00e1s crudo, por decirlo as\u00ed. La qu\u00edmica entre ambas bandas es buena, la energ\u00eda, la amistad, es s\u00faper importante al momento de juntarnos a trabajar. Nos funciona bastante bien. Los cabezas de LBO son bastante abiertos a colaborar con ellos, por lo que siempre ha estado una buena onda y para nosotros es bac\u00e1n tocar con ellos, por la puesta en escena y el talento que implica.<\/p>\n\n\n\n<p><strong>\u00bfC\u00f3mo es la experiencia de las giras? \u00bfQu\u00e9 sienten, que cambia de ciudad en ciudad, o en los diversos polos del pa\u00eds?&nbsp;<\/strong><\/p>\n\n\n\n<p>&#8211; S\u00ed, de todas maneras. En ese sentido, de energ\u00eda y entrega hacia la banda, hay ciudades muy marcadas como Valpara\u00edso, donde siempre est\u00e1n muy prendidos y con buena onda, cantando, lo que nos motiva en el escenario y se ve reflejado en las redes sociales, en los comentarios.&nbsp;<\/p>\n\n\n\n<p>Particularmente en esta gira, nosotros como Mente Sabia Cr\u00fa, tenemos el desaf\u00edo de que se juntaron varias fechas para ir al norte, que siempre ha sido nuestro tal\u00f3n de aquiles, nos piden mucho ir. Siento que all\u00e1 no hay muchos espacios abiertos donde hacer cosas para el hip hop. Creo que la apuesta siempre ha sido m\u00e1s por otros g\u00e9neros all\u00e1, por lo que es una interrogante c\u00f3mo nos ir\u00e1. Hace muchos a\u00f1os que no vamos. Pero algo me dice que estar\u00e1 muy bueno, ya que al fin podremos ir. Para el sur tambi\u00e9n, iremos a ciudades grandes como Puerto Montt, donde siempre la gente &#8211; en general para el sur &#8211; es muy cari\u00f1osa, lo que nos hace que se genere otra energ\u00eda en el show mismo.<\/p>\n\n\n\n<p><strong>Dentro de estas ciudades, hay algunas que no hab\u00edan visitado antes.<\/strong><\/p>\n\n\n\n<p>&#8211; Claro, como Iquique, esa es una fecha.&nbsp;<\/p>\n\n\n\n<p><strong>Le\u00ed que esta era una experiencia, Br\u00edgidamente, \u00bfen qu\u00e9 viaje nos llevar\u00e1n? \u00bfCon qu\u00e9 nos vamos a encontrar?<\/strong><\/p>\n\n\n\n<p>&#8211; Yo creo que la gente se encontrar\u00e1 con un grupo de m\u00fasicos, donde siempre intentamos hacerlo cada vez m\u00e1s profesional, con un equipo comprometido, con luces y visuales incre\u00edbles. Aparte vamos a cumplir 20 a\u00f1os como Mente Sabia Cr\u00fa, por lo que est\u00e1 toda nuestra trayectoria. Haremos un repaso por todos nuestros discos desde \u201cNo me olvides tan pronto\u201d hasta \u201cPercibal &amp; the Wawis\u201d del a\u00f1o pasado. Nosotros nos caracterizamos por tener individualidades en el grupo, quienes tenemos proyectos aparte que tambi\u00e9n forman parte de la presentaci\u00f3n y hacemos mezclas. Por lo general en las presentaciones y discos nos colaboramos, entonces eso podemos ofrecer dentro de las sorpresas.\u00a0<\/p>\n\n\n\n<figure class=\"wp-block-image size-large\"><img fetchpriority=\"high\" decoding=\"async\" width=\"1024\" height=\"683\" src=\"https:\/\/www.valparaisocreativo.cl\/wp-content\/uploads\/2024\/04\/LBO-2023-x-Reyemenato-1024x683.jpg\" alt=\"\" class=\"wp-image-18779\" srcset=\"https:\/\/dev.antudigital.cl\/sites\/vc\/wp-content\/uploads\/2024\/04\/LBO-2023-x-Reyemenato-1024x683.jpg 1024w, https:\/\/dev.antudigital.cl\/sites\/vc\/wp-content\/uploads\/2024\/04\/LBO-2023-x-Reyemenato-300x200.jpg 300w, https:\/\/dev.antudigital.cl\/sites\/vc\/wp-content\/uploads\/2024\/04\/LBO-2023-x-Reyemenato-768x512.jpg 768w, https:\/\/dev.antudigital.cl\/sites\/vc\/wp-content\/uploads\/2024\/04\/LBO-2023-x-Reyemenato-980x653.jpg 980w, https:\/\/dev.antudigital.cl\/sites\/vc\/wp-content\/uploads\/2024\/04\/LBO-2023-x-Reyemenato-480x320.jpg 480w, https:\/\/dev.antudigital.cl\/sites\/vc\/wp-content\/uploads\/2024\/04\/LBO-2023-x-Reyemenato-24x16.jpg 24w, https:\/\/dev.antudigital.cl\/sites\/vc\/wp-content\/uploads\/2024\/04\/LBO-2023-x-Reyemenato-36x24.jpg 36w, https:\/\/dev.antudigital.cl\/sites\/vc\/wp-content\/uploads\/2024\/04\/LBO-2023-x-Reyemenato-48x32.jpg 48w, https:\/\/dev.antudigital.cl\/sites\/vc\/wp-content\/uploads\/2024\/04\/LBO-2023-x-Reyemenato.jpg 1080w\" sizes=\"(max-width: 1024px) 100vw, 1024px\" \/><\/figure>\n\n\n\n<p><strong>\u00bfC\u00f3mo definir\u00edas su b\u00fasqueda musical actual?<\/strong><\/p>\n\n\n\n<p>&#8211; En cuanto a la l\u00edrica siempre ir puliendo, mejorando las estructuras, la m\u00e9trica, de c\u00f3mo uno escribe y dice las cosas, en contexto de la actualidad, que es algo que nos caracteriza: escribir cosas que est\u00e1n pasando en el momento, lo que tambi\u00e9n creo que es importante, pues en un disco marca \u00e9pocas. En cuanto a lo musical, creo que ahora estamos bien preocupados de incorporar instrumentos. Nosotros siempre hemos hecho hip hop m\u00e1s crudo, y ahora intentamos incorporar m\u00fasicos en los \u00e1lbumes, para darle ese toque ac\u00fastico, por lo que creo que estamos ah\u00ed, cada vez metiendo m\u00e1s instrumentos. Dj P\u00e9rez tambi\u00e9n se encarga de incorporar elementos a las canciones, lo que tambi\u00e9n es entretenido y a la gente le gusta esa experimentaci\u00f3n, para all\u00e1 creo que vamos.<\/p>\n\n\n\n<p><strong>\u00bfC\u00f3mo se siente llevar tanta trayectoria? \u00bfDe qu\u00e9 manera crees que el tiempo los ha cambiado?&nbsp;<\/strong><\/p>\n\n\n\n<p>&#8211; S\u00ed cambiamos pues crecemos, obviamente las letras ya no son las mismas de hace 15 a\u00f1os atr\u00e1s, entonces, vamos acorde a lo que crecemos. Creo que seg\u00fan eso hemos ido evolucionando, de acuerdo a las b\u00fasquedas musicales que vamos teniendo, pero no en cuanto a c\u00f3mo vemos el movimiento hip hop, que es de lo que cada uno se enamor\u00f3. De la libertad para decir, para crear. Creo que el cambio va netamente ligado al crecimiento personal y siempre intentamos mantener la misma l\u00ednea. Pienso que mantenernos tiene que ver con nuestra amistad desde ni\u00f1os, lo que es rico y no siempre se da.<\/p>\n\n\n\n<p><strong>Algo personal, \u00bfqu\u00e9 te ha marcado musicalmente?<\/strong><\/p>\n\n\n\n<p>&#8211; Me recuerdo cuando reci\u00e9n comenzamos, las tocatas de barrio, de cancha, donde lleg\u00e1bamos con nuestros cds para que por favor nos diera 5 o 10 minutos para mostrar la m\u00fasica. Despu\u00e9s de un tiempo, ellos nos llamaban a nosotros, lo que nos motivaba. Eso era bac\u00e1n. Un tiempo se coleccionaban hartos cd, lo que ahora est\u00e1 obsoleto, pero cuando sacamos nuestro primer disco el 2008 aproximadamente, anunci\u00e1bamos que vender\u00edamos cds en el metro y llegaba mucha gente, lo que era muy lindo y lo seguimos viendo. Es bonita esa comunicaci\u00f3n con la gente que te escucha, que no todas las bandas lo hacen, y te ayuda para saber qu\u00e9 piensa la gente que te sigue m\u00e1s de cerca.<\/p>\n\n\n\n<p><strong>\u00bfQu\u00e9 nos pueden comentar sobre esta jornada de apertura de gira que se viene en Valpara\u00edso?<\/strong><\/p>\n\n\n\n<p>&#8211; Nos vamos a encontrar con las dos bandas, cada una con una madurez buena. LBO no lleva tantos a\u00f1os, pero son m\u00fasicos experimentados, en ese sentido, encontrar\u00e1n madurez. Tambi\u00e9n tendremos invitadas, en este caso dos chicas, quienes nos mostrar\u00e1n sus propuestas musicales. Va a ser una jornada larga con harta m\u00fasica bonita, hecha con bastante amor, como todo lo que intentamos hacer. La gente se podr\u00e1 entretener y ser\u00e1 una instancia linda para compartir en familia.<\/p>\n\n\n\n<figure class=\"wp-block-image size-large\"><img decoding=\"async\" width=\"819\" height=\"1024\" src=\"https:\/\/www.valparaisocreativo.cl\/wp-content\/uploads\/2024\/04\/Afiche-Brigidamente-Gira-2024-1-819x1024.jpg\" alt=\"\" class=\"wp-image-18781\" srcset=\"https:\/\/dev.antudigital.cl\/sites\/vc\/wp-content\/uploads\/2024\/04\/Afiche-Brigidamente-Gira-2024-1-819x1024.jpg 819w, https:\/\/dev.antudigital.cl\/sites\/vc\/wp-content\/uploads\/2024\/04\/Afiche-Brigidamente-Gira-2024-1-240x300.jpg 240w, https:\/\/dev.antudigital.cl\/sites\/vc\/wp-content\/uploads\/2024\/04\/Afiche-Brigidamente-Gira-2024-1-768x960.jpg 768w, https:\/\/dev.antudigital.cl\/sites\/vc\/wp-content\/uploads\/2024\/04\/Afiche-Brigidamente-Gira-2024-1-1229x1536.jpg 1229w, https:\/\/dev.antudigital.cl\/sites\/vc\/wp-content\/uploads\/2024\/04\/Afiche-Brigidamente-Gira-2024-1-1638x2048.jpg 1638w, https:\/\/dev.antudigital.cl\/sites\/vc\/wp-content\/uploads\/2024\/04\/Afiche-Brigidamente-Gira-2024-1-1080x1350.jpg 1080w, https:\/\/dev.antudigital.cl\/sites\/vc\/wp-content\/uploads\/2024\/04\/Afiche-Brigidamente-Gira-2024-1-1280x1600.jpg 1280w, https:\/\/dev.antudigital.cl\/sites\/vc\/wp-content\/uploads\/2024\/04\/Afiche-Brigidamente-Gira-2024-1-980x1225.jpg 980w, https:\/\/dev.antudigital.cl\/sites\/vc\/wp-content\/uploads\/2024\/04\/Afiche-Brigidamente-Gira-2024-1-480x600.jpg 480w, https:\/\/dev.antudigital.cl\/sites\/vc\/wp-content\/uploads\/2024\/04\/Afiche-Brigidamente-Gira-2024-1-19x24.jpg 19w, https:\/\/dev.antudigital.cl\/sites\/vc\/wp-content\/uploads\/2024\/04\/Afiche-Brigidamente-Gira-2024-1-29x36.jpg 29w, https:\/\/dev.antudigital.cl\/sites\/vc\/wp-content\/uploads\/2024\/04\/Afiche-Brigidamente-Gira-2024-1-38x48.jpg 38w, https:\/\/dev.antudigital.cl\/sites\/vc\/wp-content\/uploads\/2024\/04\/Afiche-Brigidamente-Gira-2024-1-scaled.jpg 2048w\" sizes=\"(max-width: 819px) 100vw, 819px\" \/><\/figure>\n","protected":false},"excerpt":{"rendered":"<p>Mente Sabia Cr\u00fa y La Br\u00edgida Orquesta llevan a\u00f1os de trayectoria respectivamente, creciendo musicalmente y desarroll\u00e1ndose en la escena nacional. Hab\u00edan compartido en ocasiones el escenario, pero ahora decidieron fusionarse en Br\u00edgidamente, gira que los trae este 7 de abril a Valpara\u00edso, donde se presentar\u00e1n en el Parque Cultural de la ciudad. Luego, seguir\u00e1n recorriendo [&hellip;]<\/p>\n","protected":false},"author":1,"featured_media":18780,"comment_status":"closed","ping_status":"closed","sticky":false,"template":"","format":"standard","meta":{"_acf_changed":false,"footnotes":""},"categories":[218],"tags":[],"class_list":["post-18778","post","type-post","status-publish","format-standard","has-post-thumbnail","hentry","category-blog"],"acf":[],"yoast_head":"<!-- This site is optimized with the Yoast SEO plugin v27.1.1 - https:\/\/yoast.com\/product\/yoast-seo-wordpress\/ -->\n<title>Br\u00edgidamente: Mente Sabia Cr\u00fa y La Br\u00edgida Orquesta llegan a Valpo - Valpara\u00ed\u00adso Creativo<\/title>\n<meta name=\"robots\" content=\"index, follow, max-snippet:-1, max-image-preview:large, max-video-preview:-1\" \/>\n<link rel=\"canonical\" href=\"https:\/\/dev.antudigital.cl\/sites\/vc\/brigidamente-mente-sabia-cru-y-la-brigida-orquesta-llegan-a-valpo\/\" \/>\n<meta property=\"og:locale\" content=\"es_ES\" \/>\n<meta property=\"og:type\" content=\"article\" \/>\n<meta property=\"og:title\" content=\"Br\u00edgidamente: Mente Sabia Cr\u00fa y La Br\u00edgida Orquesta llegan a Valpo - Valpara\u00ed\u00adso Creativo\" \/>\n<meta property=\"og:description\" content=\"Mente Sabia Cr\u00fa y La Br\u00edgida Orquesta llevan a\u00f1os de trayectoria respectivamente, creciendo musicalmente y desarroll\u00e1ndose en la escena nacional. Hab\u00edan compartido en ocasiones el escenario, pero ahora decidieron fusionarse en Br\u00edgidamente, gira que los trae este 7 de abril a Valpara\u00edso, donde se presentar\u00e1n en el Parque Cultural de la ciudad. Luego, seguir\u00e1n recorriendo [&hellip;]\" \/>\n<meta property=\"og:url\" content=\"https:\/\/dev.antudigital.cl\/sites\/vc\/brigidamente-mente-sabia-cru-y-la-brigida-orquesta-llegan-a-valpo\/\" \/>\n<meta property=\"og:site_name\" content=\"Valpara\u00ed\u00adso Creativo\" \/>\n<meta property=\"article:published_time\" content=\"2024-04-02T03:56:22+00:00\" \/>\n<meta property=\"article:modified_time\" content=\"2024-04-02T03:56:40+00:00\" \/>\n<meta property=\"og:image\" content=\"https:\/\/dev.antudigital.cl\/sites\/vc\/wp-content\/uploads\/2024\/04\/Mente-Sabia-Cru-Foto-scaled.jpg\" \/>\n\t<meta property=\"og:image:width\" content=\"2560\" \/>\n\t<meta property=\"og:image:height\" content=\"1718\" \/>\n\t<meta property=\"og:image:type\" content=\"image\/jpeg\" \/>\n<meta name=\"author\" content=\"Valpara\u00edso Creativo\" \/>\n<meta name=\"twitter:card\" content=\"summary_large_image\" \/>\n<meta name=\"twitter:label1\" content=\"Escrito por\" \/>\n\t<meta name=\"twitter:data1\" content=\"Valpara\u00edso Creativo\" \/>\n\t<meta name=\"twitter:label2\" content=\"Tiempo de lectura\" \/>\n\t<meta name=\"twitter:data2\" content=\"6 minutos\" \/>\n<script type=\"application\/ld+json\" class=\"yoast-schema-graph\">{\"@context\":\"https:\/\/schema.org\",\"@graph\":[{\"@type\":\"Article\",\"@id\":\"https:\/\/dev.antudigital.cl\/sites\/vc\/brigidamente-mente-sabia-cru-y-la-brigida-orquesta-llegan-a-valpo\/#article\",\"isPartOf\":{\"@id\":\"https:\/\/dev.antudigital.cl\/sites\/vc\/brigidamente-mente-sabia-cru-y-la-brigida-orquesta-llegan-a-valpo\/\"},\"author\":{\"name\":\"Valpara\u00edso Creativo\",\"@id\":\"https:\/\/dev.antudigital.cl\/sites\/vc\/#\/schema\/person\/c2b9da8dd545e27166fc5ab232837318\"},\"headline\":\"Br\u00edgidamente: Mente Sabia Cr\u00fa y La Br\u00edgida Orquesta llegan a Valpo\",\"datePublished\":\"2024-04-02T03:56:22+00:00\",\"dateModified\":\"2024-04-02T03:56:40+00:00\",\"mainEntityOfPage\":{\"@id\":\"https:\/\/dev.antudigital.cl\/sites\/vc\/brigidamente-mente-sabia-cru-y-la-brigida-orquesta-llegan-a-valpo\/\"},\"wordCount\":1122,\"image\":{\"@id\":\"https:\/\/dev.antudigital.cl\/sites\/vc\/brigidamente-mente-sabia-cru-y-la-brigida-orquesta-llegan-a-valpo\/#primaryimage\"},\"thumbnailUrl\":\"https:\/\/dev.antudigital.cl\/sites\/vc\/wp-content\/uploads\/2024\/04\/Mente-Sabia-Cru-Foto-scaled.jpg\",\"articleSection\":[\"Blog\"],\"inLanguage\":\"es\"},{\"@type\":\"WebPage\",\"@id\":\"https:\/\/dev.antudigital.cl\/sites\/vc\/brigidamente-mente-sabia-cru-y-la-brigida-orquesta-llegan-a-valpo\/\",\"url\":\"https:\/\/dev.antudigital.cl\/sites\/vc\/brigidamente-mente-sabia-cru-y-la-brigida-orquesta-llegan-a-valpo\/\",\"name\":\"Br\u00edgidamente: Mente Sabia Cr\u00fa y La Br\u00edgida Orquesta llegan a Valpo - Valpara\u00ed\u00adso Creativo\",\"isPartOf\":{\"@id\":\"https:\/\/dev.antudigital.cl\/sites\/vc\/#website\"},\"primaryImageOfPage\":{\"@id\":\"https:\/\/dev.antudigital.cl\/sites\/vc\/brigidamente-mente-sabia-cru-y-la-brigida-orquesta-llegan-a-valpo\/#primaryimage\"},\"image\":{\"@id\":\"https:\/\/dev.antudigital.cl\/sites\/vc\/brigidamente-mente-sabia-cru-y-la-brigida-orquesta-llegan-a-valpo\/#primaryimage\"},\"thumbnailUrl\":\"https:\/\/dev.antudigital.cl\/sites\/vc\/wp-content\/uploads\/2024\/04\/Mente-Sabia-Cru-Foto-scaled.jpg\",\"datePublished\":\"2024-04-02T03:56:22+00:00\",\"dateModified\":\"2024-04-02T03:56:40+00:00\",\"author\":{\"@id\":\"https:\/\/dev.antudigital.cl\/sites\/vc\/#\/schema\/person\/c2b9da8dd545e27166fc5ab232837318\"},\"breadcrumb\":{\"@id\":\"https:\/\/dev.antudigital.cl\/sites\/vc\/brigidamente-mente-sabia-cru-y-la-brigida-orquesta-llegan-a-valpo\/#breadcrumb\"},\"inLanguage\":\"es\",\"potentialAction\":[{\"@type\":\"ReadAction\",\"target\":[\"https:\/\/dev.antudigital.cl\/sites\/vc\/brigidamente-mente-sabia-cru-y-la-brigida-orquesta-llegan-a-valpo\/\"]}]},{\"@type\":\"ImageObject\",\"inLanguage\":\"es\",\"@id\":\"https:\/\/dev.antudigital.cl\/sites\/vc\/brigidamente-mente-sabia-cru-y-la-brigida-orquesta-llegan-a-valpo\/#primaryimage\",\"url\":\"https:\/\/dev.antudigital.cl\/sites\/vc\/wp-content\/uploads\/2024\/04\/Mente-Sabia-Cru-Foto-scaled.jpg\",\"contentUrl\":\"https:\/\/dev.antudigital.cl\/sites\/vc\/wp-content\/uploads\/2024\/04\/Mente-Sabia-Cru-Foto-scaled.jpg\",\"width\":2560,\"height\":1718},{\"@type\":\"BreadcrumbList\",\"@id\":\"https:\/\/dev.antudigital.cl\/sites\/vc\/brigidamente-mente-sabia-cru-y-la-brigida-orquesta-llegan-a-valpo\/#breadcrumb\",\"itemListElement\":[{\"@type\":\"ListItem\",\"position\":1,\"name\":\"Home\",\"item\":\"https:\/\/dev.antudigital.cl\/sites\/vc\/\"},{\"@type\":\"ListItem\",\"position\":2,\"name\":\"Br\u00edgidamente: Mente Sabia Cr\u00fa y La Br\u00edgida Orquesta llegan a Valpo\"}]},{\"@type\":\"WebSite\",\"@id\":\"https:\/\/dev.antudigital.cl\/sites\/vc\/#website\",\"url\":\"https:\/\/dev.antudigital.cl\/sites\/vc\/\",\"name\":\"Valpara\u00ed\u00adso Creativo\",\"description\":\"\",\"potentialAction\":[{\"@type\":\"SearchAction\",\"target\":{\"@type\":\"EntryPoint\",\"urlTemplate\":\"https:\/\/dev.antudigital.cl\/sites\/vc\/?s={search_term_string}\"},\"query-input\":{\"@type\":\"PropertyValueSpecification\",\"valueRequired\":true,\"valueName\":\"search_term_string\"}}],\"inLanguage\":\"es\"},{\"@type\":\"Person\",\"@id\":\"https:\/\/dev.antudigital.cl\/sites\/vc\/#\/schema\/person\/c2b9da8dd545e27166fc5ab232837318\",\"name\":\"Valpara\u00edso Creativo\",\"description\":\"Periodista de cultura en la Regi\u00f3n de Valpara\u00edso.\",\"url\":\"https:\/\/dev.antudigital.cl\/sites\/vc\/author\/valpoadmin\/\"}]}<\/script>\n<!-- \/ Yoast SEO plugin. -->","yoast_head_json":{"title":"Br\u00edgidamente: Mente Sabia Cr\u00fa y La Br\u00edgida Orquesta llegan a Valpo - Valpara\u00ed\u00adso Creativo","robots":{"index":"index","follow":"follow","max-snippet":"max-snippet:-1","max-image-preview":"max-image-preview:large","max-video-preview":"max-video-preview:-1"},"canonical":"https:\/\/dev.antudigital.cl\/sites\/vc\/brigidamente-mente-sabia-cru-y-la-brigida-orquesta-llegan-a-valpo\/","og_locale":"es_ES","og_type":"article","og_title":"Br\u00edgidamente: Mente Sabia Cr\u00fa y La Br\u00edgida Orquesta llegan a Valpo - Valpara\u00ed\u00adso Creativo","og_description":"Mente Sabia Cr\u00fa y La Br\u00edgida Orquesta llevan a\u00f1os de trayectoria respectivamente, creciendo musicalmente y desarroll\u00e1ndose en la escena nacional. Hab\u00edan compartido en ocasiones el escenario, pero ahora decidieron fusionarse en Br\u00edgidamente, gira que los trae este 7 de abril a Valpara\u00edso, donde se presentar\u00e1n en el Parque Cultural de la ciudad. Luego, seguir\u00e1n recorriendo [&hellip;]","og_url":"https:\/\/dev.antudigital.cl\/sites\/vc\/brigidamente-mente-sabia-cru-y-la-brigida-orquesta-llegan-a-valpo\/","og_site_name":"Valpara\u00ed\u00adso Creativo","article_published_time":"2024-04-02T03:56:22+00:00","article_modified_time":"2024-04-02T03:56:40+00:00","og_image":[{"width":2560,"height":1718,"url":"https:\/\/dev.antudigital.cl\/sites\/vc\/wp-content\/uploads\/2024\/04\/Mente-Sabia-Cru-Foto-scaled.jpg","type":"image\/jpeg"}],"author":"Valpara\u00edso Creativo","twitter_card":"summary_large_image","twitter_misc":{"Escrito por":"Valpara\u00edso Creativo","Tiempo de lectura":"6 minutos"},"schema":{"@context":"https:\/\/schema.org","@graph":[{"@type":"Article","@id":"https:\/\/dev.antudigital.cl\/sites\/vc\/brigidamente-mente-sabia-cru-y-la-brigida-orquesta-llegan-a-valpo\/#article","isPartOf":{"@id":"https:\/\/dev.antudigital.cl\/sites\/vc\/brigidamente-mente-sabia-cru-y-la-brigida-orquesta-llegan-a-valpo\/"},"author":{"name":"Valpara\u00edso Creativo","@id":"https:\/\/dev.antudigital.cl\/sites\/vc\/#\/schema\/person\/c2b9da8dd545e27166fc5ab232837318"},"headline":"Br\u00edgidamente: Mente Sabia Cr\u00fa y La Br\u00edgida Orquesta llegan a Valpo","datePublished":"2024-04-02T03:56:22+00:00","dateModified":"2024-04-02T03:56:40+00:00","mainEntityOfPage":{"@id":"https:\/\/dev.antudigital.cl\/sites\/vc\/brigidamente-mente-sabia-cru-y-la-brigida-orquesta-llegan-a-valpo\/"},"wordCount":1122,"image":{"@id":"https:\/\/dev.antudigital.cl\/sites\/vc\/brigidamente-mente-sabia-cru-y-la-brigida-orquesta-llegan-a-valpo\/#primaryimage"},"thumbnailUrl":"https:\/\/dev.antudigital.cl\/sites\/vc\/wp-content\/uploads\/2024\/04\/Mente-Sabia-Cru-Foto-scaled.jpg","articleSection":["Blog"],"inLanguage":"es"},{"@type":"WebPage","@id":"https:\/\/dev.antudigital.cl\/sites\/vc\/brigidamente-mente-sabia-cru-y-la-brigida-orquesta-llegan-a-valpo\/","url":"https:\/\/dev.antudigital.cl\/sites\/vc\/brigidamente-mente-sabia-cru-y-la-brigida-orquesta-llegan-a-valpo\/","name":"Br\u00edgidamente: Mente Sabia Cr\u00fa y La Br\u00edgida Orquesta llegan a Valpo - Valpara\u00ed\u00adso Creativo","isPartOf":{"@id":"https:\/\/dev.antudigital.cl\/sites\/vc\/#website"},"primaryImageOfPage":{"@id":"https:\/\/dev.antudigital.cl\/sites\/vc\/brigidamente-mente-sabia-cru-y-la-brigida-orquesta-llegan-a-valpo\/#primaryimage"},"image":{"@id":"https:\/\/dev.antudigital.cl\/sites\/vc\/brigidamente-mente-sabia-cru-y-la-brigida-orquesta-llegan-a-valpo\/#primaryimage"},"thumbnailUrl":"https:\/\/dev.antudigital.cl\/sites\/vc\/wp-content\/uploads\/2024\/04\/Mente-Sabia-Cru-Foto-scaled.jpg","datePublished":"2024-04-02T03:56:22+00:00","dateModified":"2024-04-02T03:56:40+00:00","author":{"@id":"https:\/\/dev.antudigital.cl\/sites\/vc\/#\/schema\/person\/c2b9da8dd545e27166fc5ab232837318"},"breadcrumb":{"@id":"https:\/\/dev.antudigital.cl\/sites\/vc\/brigidamente-mente-sabia-cru-y-la-brigida-orquesta-llegan-a-valpo\/#breadcrumb"},"inLanguage":"es","potentialAction":[{"@type":"ReadAction","target":["https:\/\/dev.antudigital.cl\/sites\/vc\/brigidamente-mente-sabia-cru-y-la-brigida-orquesta-llegan-a-valpo\/"]}]},{"@type":"ImageObject","inLanguage":"es","@id":"https:\/\/dev.antudigital.cl\/sites\/vc\/brigidamente-mente-sabia-cru-y-la-brigida-orquesta-llegan-a-valpo\/#primaryimage","url":"https:\/\/dev.antudigital.cl\/sites\/vc\/wp-content\/uploads\/2024\/04\/Mente-Sabia-Cru-Foto-scaled.jpg","contentUrl":"https:\/\/dev.antudigital.cl\/sites\/vc\/wp-content\/uploads\/2024\/04\/Mente-Sabia-Cru-Foto-scaled.jpg","width":2560,"height":1718},{"@type":"BreadcrumbList","@id":"https:\/\/dev.antudigital.cl\/sites\/vc\/brigidamente-mente-sabia-cru-y-la-brigida-orquesta-llegan-a-valpo\/#breadcrumb","itemListElement":[{"@type":"ListItem","position":1,"name":"Home","item":"https:\/\/dev.antudigital.cl\/sites\/vc\/"},{"@type":"ListItem","position":2,"name":"Br\u00edgidamente: Mente Sabia Cr\u00fa y La Br\u00edgida Orquesta llegan a Valpo"}]},{"@type":"WebSite","@id":"https:\/\/dev.antudigital.cl\/sites\/vc\/#website","url":"https:\/\/dev.antudigital.cl\/sites\/vc\/","name":"Valpara\u00ed\u00adso Creativo","description":"","potentialAction":[{"@type":"SearchAction","target":{"@type":"EntryPoint","urlTemplate":"https:\/\/dev.antudigital.cl\/sites\/vc\/?s={search_term_string}"},"query-input":{"@type":"PropertyValueSpecification","valueRequired":true,"valueName":"search_term_string"}}],"inLanguage":"es"},{"@type":"Person","@id":"https:\/\/dev.antudigital.cl\/sites\/vc\/#\/schema\/person\/c2b9da8dd545e27166fc5ab232837318","name":"Valpara\u00edso Creativo","description":"Periodista de cultura en la Regi\u00f3n de Valpara\u00edso.","url":"https:\/\/dev.antudigital.cl\/sites\/vc\/author\/valpoadmin\/"}]}},"_links":{"self":[{"href":"https:\/\/dev.antudigital.cl\/sites\/vc\/wp-json\/wp\/v2\/posts\/18778","targetHints":{"allow":["GET"]}}],"collection":[{"href":"https:\/\/dev.antudigital.cl\/sites\/vc\/wp-json\/wp\/v2\/posts"}],"about":[{"href":"https:\/\/dev.antudigital.cl\/sites\/vc\/wp-json\/wp\/v2\/types\/post"}],"author":[{"embeddable":true,"href":"https:\/\/dev.antudigital.cl\/sites\/vc\/wp-json\/wp\/v2\/users\/1"}],"replies":[{"embeddable":true,"href":"https:\/\/dev.antudigital.cl\/sites\/vc\/wp-json\/wp\/v2\/comments?post=18778"}],"version-history":[{"count":1,"href":"https:\/\/dev.antudigital.cl\/sites\/vc\/wp-json\/wp\/v2\/posts\/18778\/revisions"}],"predecessor-version":[{"id":18782,"href":"https:\/\/dev.antudigital.cl\/sites\/vc\/wp-json\/wp\/v2\/posts\/18778\/revisions\/18782"}],"wp:featuredmedia":[{"embeddable":true,"href":"https:\/\/dev.antudigital.cl\/sites\/vc\/wp-json\/wp\/v2\/media\/18780"}],"wp:attachment":[{"href":"https:\/\/dev.antudigital.cl\/sites\/vc\/wp-json\/wp\/v2\/media?parent=18778"}],"wp:term":[{"taxonomy":"category","embeddable":true,"href":"https:\/\/dev.antudigital.cl\/sites\/vc\/wp-json\/wp\/v2\/categories?post=18778"},{"taxonomy":"post_tag","embeddable":true,"href":"https:\/\/dev.antudigital.cl\/sites\/vc\/wp-json\/wp\/v2\/tags?post=18778"}],"curies":[{"name":"wp","href":"https:\/\/api.w.org\/{rel}","templated":true}]}}