{"id":18801,"date":"2024-04-08T22:27:24","date_gmt":"2024-04-08T22:27:24","guid":{"rendered":"https:\/\/www.valparaisocreativo.cl\/?p=18801"},"modified":"2024-04-08T22:29:18","modified_gmt":"2024-04-08T22:29:18","slug":"el-colectivo-interdisciplinar-experiencia-humana-celebra-sus-tres-anos-de-vida-con-un-ciclo-en-retrospectiva-de-su-trilogia-de-experiencias-escenicas","status":"publish","type":"post","link":"https:\/\/dev.antudigital.cl\/sites\/vc\/el-colectivo-interdisciplinar-experiencia-humana-celebra-sus-tres-anos-de-vida-con-un-ciclo-en-retrospectiva-de-su-trilogia-de-experiencias-escenicas\/","title":{"rendered":"El Colectivo Interdisciplinar Experiencia Humana celebra sus tres a\u00f1os de vida con un ciclo en retrospectiva de su Trilog\u00eda de Experiencias Esc\u00e9nicas"},"content":{"rendered":"\n<p>Durante el mes de abril, el Colectivo Interdisciplinario Experiencia Humana comenzar\u00e1 la celebraci\u00f3n de su tercer aniversario. Si bien sus trabajos estar\u00e1n en circulaci\u00f3n durante todo el a\u00f1o, abril ser\u00e1 una fecha importante que marcar\u00e1 el hito de inicio.&nbsp;<\/p>\n\n\n\n<p>Al mismo tiempo, Experiencia Humana est\u00e1 habilitando un nuevo espacio, como lo hizo en un momento inaugurando la sala Olga Quezada en el Corporaci\u00f3n Educaci\u00f3n Arte y Cultura, CEAC. Frente al contexto que vive la ciudad de Valpara\u00edso, que sufri\u00f3 el cierre de dos salas de teatro durante el 2023, el colectivo ha trabajado en colaboraci\u00f3n con \u201cLa Madriguera\u201d, un antiguo jard\u00edn de ni\u00f1os\/as ubicado en Cerro O\u2019Higgins, para darle vida como sala de teatro y centro cultural.&nbsp;<\/p>\n\n\n\n<p>El ciclo que tendr\u00e1 lugar en el espacio La Madriguera comienza el viernes 12 de abril con la un retrospectiva de su Trilog\u00eda de Experiencias Humanas: Desatino de la Soledad, con funciones los d\u00edas viernes, s\u00e1bado y domingo a las 20:00 hrs.&nbsp;<\/p>\n\n\n\n<p>Luego, le sigue \u201cDesvanecerse es poco\u201d y, finalmente, \u201cDespedida\u201d, completando el ciclo de los trabajos del colectivo. Cada obra contar\u00e1 con tres funciones y se realizar\u00e1 un valor sugerido, siguiendo con la propuesta de \u201cpaga lo que puedas\u201d.&nbsp;<\/p>\n\n\n\n<p>La propuesta de Experiencia Humana es compartir no s\u00f3lo las obras sino tambi\u00e9n sus procesos creativos. Al mismo tiempo, es una invitaci\u00f3n a repensar las relaciones y emociones del cotidiano, en colectivo, a trav\u00e9s de experiencias esc\u00e9nicas que han sido elaboradas a trav\u00e9s de preguntas y levantamiento de insumos, parte central de los procedimientos art\u00edsticos&nbsp; del colectivo.&nbsp;<\/p>\n\n\n\n<p>Para conocer de cerca los detalles sobre el ciclo de aniversario, les compartimos su instagram: @proyecto.experienciahumana.&nbsp;<\/p>\n\n\n\n<p>Para que no se queden fuera, les dejamos las fechas del mes de abril y el link donde podr\u00e1n comprar sus entradas:<\/p>\n\n\n\n<p>\u201cDespedida\u201d 12, 13 y 14 a las 20:00 hrs&nbsp;<\/p>\n\n\n\n<p>\u201cDesvanecerse es poco\u201d 19, 20 y 21 a las 20:00 hrs&nbsp;<\/p>\n\n\n\n<p>\u201cDesatino de la soledad\u201d 26, 27 y 28 a las 20:00 hrs<\/p>\n\n\n\n<p><a href=\"https:\/\/www.passline.com\/sitio\/despedida-experiencia-human\">https:\/\/www.passline.com\/sitio\/despedida-experiencia-human<\/a><\/p>\n\n\n\n<figure class=\"wp-block-image size-large\"><img fetchpriority=\"high\" decoding=\"async\" width=\"724\" height=\"1024\" src=\"https:\/\/www.valparaisocreativo.cl\/wp-content\/uploads\/2024\/04\/afiche-4-abril-22-724x1024.jpg\" alt=\"\" class=\"wp-image-18804\" srcset=\"https:\/\/dev.antudigital.cl\/sites\/vc\/wp-content\/uploads\/2024\/04\/afiche-4-abril-22-724x1024.jpg 724w, https:\/\/dev.antudigital.cl\/sites\/vc\/wp-content\/uploads\/2024\/04\/afiche-4-abril-22-212x300.jpg 212w, https:\/\/dev.antudigital.cl\/sites\/vc\/wp-content\/uploads\/2024\/04\/afiche-4-abril-22-768x1086.jpg 768w, https:\/\/dev.antudigital.cl\/sites\/vc\/wp-content\/uploads\/2024\/04\/afiche-4-abril-22-1086x1536.jpg 1086w, https:\/\/dev.antudigital.cl\/sites\/vc\/wp-content\/uploads\/2024\/04\/afiche-4-abril-22-1448x2048.jpg 1448w, https:\/\/dev.antudigital.cl\/sites\/vc\/wp-content\/uploads\/2024\/04\/afiche-4-abril-22-1080x1527.jpg 1080w, https:\/\/dev.antudigital.cl\/sites\/vc\/wp-content\/uploads\/2024\/04\/afiche-4-abril-22-1280x1810.jpg 1280w, https:\/\/dev.antudigital.cl\/sites\/vc\/wp-content\/uploads\/2024\/04\/afiche-4-abril-22-980x1386.jpg 980w, https:\/\/dev.antudigital.cl\/sites\/vc\/wp-content\/uploads\/2024\/04\/afiche-4-abril-22-480x679.jpg 480w, https:\/\/dev.antudigital.cl\/sites\/vc\/wp-content\/uploads\/2024\/04\/afiche-4-abril-22-17x24.jpg 17w, https:\/\/dev.antudigital.cl\/sites\/vc\/wp-content\/uploads\/2024\/04\/afiche-4-abril-22-25x36.jpg 25w, https:\/\/dev.antudigital.cl\/sites\/vc\/wp-content\/uploads\/2024\/04\/afiche-4-abril-22-34x48.jpg 34w, https:\/\/dev.antudigital.cl\/sites\/vc\/wp-content\/uploads\/2024\/04\/afiche-4-abril-22-scaled.jpg 1810w\" sizes=\"(max-width: 724px) 100vw, 724px\" \/><\/figure>\n","protected":false},"excerpt":{"rendered":"<p>Durante el mes de abril, el Colectivo Interdisciplinario Experiencia Humana comenzar\u00e1 la celebraci\u00f3n de su tercer aniversario. Si bien sus trabajos estar\u00e1n en circulaci\u00f3n durante todo el a\u00f1o, abril ser\u00e1 una fecha importante que marcar\u00e1 el hito de inicio.&nbsp; Al mismo tiempo, Experiencia Humana est\u00e1 habilitando un nuevo espacio, como lo hizo en un momento [&hellip;]<\/p>\n","protected":false},"author":1,"featured_media":18802,"comment_status":"closed","ping_status":"closed","sticky":false,"template":"","format":"standard","meta":{"_acf_changed":false,"footnotes":""},"categories":[1],"tags":[],"class_list":["post-18801","post","type-post","status-publish","format-standard","has-post-thumbnail","hentry","category-uncategorized"],"acf":[],"yoast_head":"<!-- This site is optimized with the Yoast SEO plugin v27.1.1 - https:\/\/yoast.com\/product\/yoast-seo-wordpress\/ -->\n<title>El Colectivo Interdisciplinar Experiencia Humana celebra sus tres a\u00f1os de vida con un ciclo en retrospectiva de su Trilog\u00eda de Experiencias Esc\u00e9nicas - Valpara\u00ed\u00adso Creativo<\/title>\n<meta name=\"robots\" content=\"index, follow, max-snippet:-1, max-image-preview:large, max-video-preview:-1\" \/>\n<link rel=\"canonical\" href=\"https:\/\/dev.antudigital.cl\/sites\/vc\/el-colectivo-interdisciplinar-experiencia-humana-celebra-sus-tres-anos-de-vida-con-un-ciclo-en-retrospectiva-de-su-trilogia-de-experiencias-escenicas\/\" \/>\n<meta property=\"og:locale\" content=\"es_ES\" \/>\n<meta property=\"og:type\" content=\"article\" \/>\n<meta property=\"og:title\" content=\"El Colectivo Interdisciplinar Experiencia Humana celebra sus tres a\u00f1os de vida con un ciclo en retrospectiva de su Trilog\u00eda de Experiencias Esc\u00e9nicas - Valpara\u00ed\u00adso Creativo\" \/>\n<meta property=\"og:description\" content=\"Durante el mes de abril, el Colectivo Interdisciplinario Experiencia Humana comenzar\u00e1 la celebraci\u00f3n de su tercer aniversario. Si bien sus trabajos estar\u00e1n en circulaci\u00f3n durante todo el a\u00f1o, abril ser\u00e1 una fecha importante que marcar\u00e1 el hito de inicio.&nbsp; Al mismo tiempo, Experiencia Humana est\u00e1 habilitando un nuevo espacio, como lo hizo en un momento [&hellip;]\" \/>\n<meta property=\"og:url\" content=\"https:\/\/dev.antudigital.cl\/sites\/vc\/el-colectivo-interdisciplinar-experiencia-humana-celebra-sus-tres-anos-de-vida-con-un-ciclo-en-retrospectiva-de-su-trilogia-de-experiencias-escenicas\/\" \/>\n<meta property=\"og:site_name\" content=\"Valpara\u00ed\u00adso Creativo\" \/>\n<meta property=\"article:published_time\" content=\"2024-04-08T22:27:24+00:00\" \/>\n<meta property=\"article:modified_time\" content=\"2024-04-08T22:29:18+00:00\" \/>\n<meta property=\"og:image\" content=\"https:\/\/dev.antudigital.cl\/sites\/vc\/wp-content\/uploads\/2024\/04\/Desatino-de-la-Soledad-2-scaled.jpg\" \/>\n\t<meta property=\"og:image:width\" content=\"2560\" \/>\n\t<meta property=\"og:image:height\" content=\"1707\" \/>\n\t<meta property=\"og:image:type\" content=\"image\/jpeg\" \/>\n<meta name=\"author\" content=\"Valpara\u00edso Creativo\" \/>\n<meta name=\"twitter:card\" content=\"summary_large_image\" \/>\n<meta name=\"twitter:label1\" content=\"Escrito por\" \/>\n\t<meta name=\"twitter:data1\" content=\"Valpara\u00edso Creativo\" \/>\n\t<meta name=\"twitter:label2\" content=\"Tiempo de lectura\" \/>\n\t<meta name=\"twitter:data2\" content=\"2 minutos\" \/>\n<script type=\"application\/ld+json\" class=\"yoast-schema-graph\">{\"@context\":\"https:\/\/schema.org\",\"@graph\":[{\"@type\":\"Article\",\"@id\":\"https:\/\/dev.antudigital.cl\/sites\/vc\/el-colectivo-interdisciplinar-experiencia-humana-celebra-sus-tres-anos-de-vida-con-un-ciclo-en-retrospectiva-de-su-trilogia-de-experiencias-escenicas\/#article\",\"isPartOf\":{\"@id\":\"https:\/\/dev.antudigital.cl\/sites\/vc\/el-colectivo-interdisciplinar-experiencia-humana-celebra-sus-tres-anos-de-vida-con-un-ciclo-en-retrospectiva-de-su-trilogia-de-experiencias-escenicas\/\"},\"author\":{\"name\":\"Valpara\u00edso Creativo\",\"@id\":\"https:\/\/dev.antudigital.cl\/sites\/vc\/#\/schema\/person\/c2b9da8dd545e27166fc5ab232837318\"},\"headline\":\"El Colectivo Interdisciplinar Experiencia Humana celebra sus tres a\u00f1os de vida con un ciclo en retrospectiva de su Trilog\u00eda de Experiencias Esc\u00e9nicas\",\"datePublished\":\"2024-04-08T22:27:24+00:00\",\"dateModified\":\"2024-04-08T22:29:18+00:00\",\"mainEntityOfPage\":{\"@id\":\"https:\/\/dev.antudigital.cl\/sites\/vc\/el-colectivo-interdisciplinar-experiencia-humana-celebra-sus-tres-anos-de-vida-con-un-ciclo-en-retrospectiva-de-su-trilogia-de-experiencias-escenicas\/\"},\"wordCount\":373,\"image\":{\"@id\":\"https:\/\/dev.antudigital.cl\/sites\/vc\/el-colectivo-interdisciplinar-experiencia-humana-celebra-sus-tres-anos-de-vida-con-un-ciclo-en-retrospectiva-de-su-trilogia-de-experiencias-escenicas\/#primaryimage\"},\"thumbnailUrl\":\"https:\/\/dev.antudigital.cl\/sites\/vc\/wp-content\/uploads\/2024\/04\/Desatino-de-la-Soledad-2-scaled.jpg\",\"articleSection\":[\"Uncategorized\"],\"inLanguage\":\"es\"},{\"@type\":\"WebPage\",\"@id\":\"https:\/\/dev.antudigital.cl\/sites\/vc\/el-colectivo-interdisciplinar-experiencia-humana-celebra-sus-tres-anos-de-vida-con-un-ciclo-en-retrospectiva-de-su-trilogia-de-experiencias-escenicas\/\",\"url\":\"https:\/\/dev.antudigital.cl\/sites\/vc\/el-colectivo-interdisciplinar-experiencia-humana-celebra-sus-tres-anos-de-vida-con-un-ciclo-en-retrospectiva-de-su-trilogia-de-experiencias-escenicas\/\",\"name\":\"El Colectivo Interdisciplinar Experiencia Humana celebra sus tres a\u00f1os de vida con un ciclo en retrospectiva de su Trilog\u00eda de Experiencias Esc\u00e9nicas - Valpara\u00ed\u00adso Creativo\",\"isPartOf\":{\"@id\":\"https:\/\/dev.antudigital.cl\/sites\/vc\/#website\"},\"primaryImageOfPage\":{\"@id\":\"https:\/\/dev.antudigital.cl\/sites\/vc\/el-colectivo-interdisciplinar-experiencia-humana-celebra-sus-tres-anos-de-vida-con-un-ciclo-en-retrospectiva-de-su-trilogia-de-experiencias-escenicas\/#primaryimage\"},\"image\":{\"@id\":\"https:\/\/dev.antudigital.cl\/sites\/vc\/el-colectivo-interdisciplinar-experiencia-humana-celebra-sus-tres-anos-de-vida-con-un-ciclo-en-retrospectiva-de-su-trilogia-de-experiencias-escenicas\/#primaryimage\"},\"thumbnailUrl\":\"https:\/\/dev.antudigital.cl\/sites\/vc\/wp-content\/uploads\/2024\/04\/Desatino-de-la-Soledad-2-scaled.jpg\",\"datePublished\":\"2024-04-08T22:27:24+00:00\",\"dateModified\":\"2024-04-08T22:29:18+00:00\",\"author\":{\"@id\":\"https:\/\/dev.antudigital.cl\/sites\/vc\/#\/schema\/person\/c2b9da8dd545e27166fc5ab232837318\"},\"breadcrumb\":{\"@id\":\"https:\/\/dev.antudigital.cl\/sites\/vc\/el-colectivo-interdisciplinar-experiencia-humana-celebra-sus-tres-anos-de-vida-con-un-ciclo-en-retrospectiva-de-su-trilogia-de-experiencias-escenicas\/#breadcrumb\"},\"inLanguage\":\"es\",\"potentialAction\":[{\"@type\":\"ReadAction\",\"target\":[\"https:\/\/dev.antudigital.cl\/sites\/vc\/el-colectivo-interdisciplinar-experiencia-humana-celebra-sus-tres-anos-de-vida-con-un-ciclo-en-retrospectiva-de-su-trilogia-de-experiencias-escenicas\/\"]}]},{\"@type\":\"ImageObject\",\"inLanguage\":\"es\",\"@id\":\"https:\/\/dev.antudigital.cl\/sites\/vc\/el-colectivo-interdisciplinar-experiencia-humana-celebra-sus-tres-anos-de-vida-con-un-ciclo-en-retrospectiva-de-su-trilogia-de-experiencias-escenicas\/#primaryimage\",\"url\":\"https:\/\/dev.antudigital.cl\/sites\/vc\/wp-content\/uploads\/2024\/04\/Desatino-de-la-Soledad-2-scaled.jpg\",\"contentUrl\":\"https:\/\/dev.antudigital.cl\/sites\/vc\/wp-content\/uploads\/2024\/04\/Desatino-de-la-Soledad-2-scaled.jpg\",\"width\":2560,\"height\":1707},{\"@type\":\"BreadcrumbList\",\"@id\":\"https:\/\/dev.antudigital.cl\/sites\/vc\/el-colectivo-interdisciplinar-experiencia-humana-celebra-sus-tres-anos-de-vida-con-un-ciclo-en-retrospectiva-de-su-trilogia-de-experiencias-escenicas\/#breadcrumb\",\"itemListElement\":[{\"@type\":\"ListItem\",\"position\":1,\"name\":\"Home\",\"item\":\"https:\/\/dev.antudigital.cl\/sites\/vc\/\"},{\"@type\":\"ListItem\",\"position\":2,\"name\":\"El Colectivo Interdisciplinar Experiencia Humana celebra sus tres a\u00f1os de vida con un ciclo en retrospectiva de su Trilog\u00eda de Experiencias Esc\u00e9nicas\"}]},{\"@type\":\"WebSite\",\"@id\":\"https:\/\/dev.antudigital.cl\/sites\/vc\/#website\",\"url\":\"https:\/\/dev.antudigital.cl\/sites\/vc\/\",\"name\":\"Valpara\u00ed\u00adso Creativo\",\"description\":\"\",\"potentialAction\":[{\"@type\":\"SearchAction\",\"target\":{\"@type\":\"EntryPoint\",\"urlTemplate\":\"https:\/\/dev.antudigital.cl\/sites\/vc\/?s={search_term_string}\"},\"query-input\":{\"@type\":\"PropertyValueSpecification\",\"valueRequired\":true,\"valueName\":\"search_term_string\"}}],\"inLanguage\":\"es\"},{\"@type\":\"Person\",\"@id\":\"https:\/\/dev.antudigital.cl\/sites\/vc\/#\/schema\/person\/c2b9da8dd545e27166fc5ab232837318\",\"name\":\"Valpara\u00edso Creativo\",\"description\":\"Periodista de cultura en la Regi\u00f3n de Valpara\u00edso.\",\"url\":\"https:\/\/dev.antudigital.cl\/sites\/vc\/author\/valpoadmin\/\"}]}<\/script>\n<!-- \/ Yoast SEO plugin. -->","yoast_head_json":{"title":"El Colectivo Interdisciplinar Experiencia Humana celebra sus tres a\u00f1os de vida con un ciclo en retrospectiva de su Trilog\u00eda de Experiencias Esc\u00e9nicas - Valpara\u00ed\u00adso Creativo","robots":{"index":"index","follow":"follow","max-snippet":"max-snippet:-1","max-image-preview":"max-image-preview:large","max-video-preview":"max-video-preview:-1"},"canonical":"https:\/\/dev.antudigital.cl\/sites\/vc\/el-colectivo-interdisciplinar-experiencia-humana-celebra-sus-tres-anos-de-vida-con-un-ciclo-en-retrospectiva-de-su-trilogia-de-experiencias-escenicas\/","og_locale":"es_ES","og_type":"article","og_title":"El Colectivo Interdisciplinar Experiencia Humana celebra sus tres a\u00f1os de vida con un ciclo en retrospectiva de su Trilog\u00eda de Experiencias Esc\u00e9nicas - Valpara\u00ed\u00adso Creativo","og_description":"Durante el mes de abril, el Colectivo Interdisciplinario Experiencia Humana comenzar\u00e1 la celebraci\u00f3n de su tercer aniversario. Si bien sus trabajos estar\u00e1n en circulaci\u00f3n durante todo el a\u00f1o, abril ser\u00e1 una fecha importante que marcar\u00e1 el hito de inicio.&nbsp; Al mismo tiempo, Experiencia Humana est\u00e1 habilitando un nuevo espacio, como lo hizo en un momento [&hellip;]","og_url":"https:\/\/dev.antudigital.cl\/sites\/vc\/el-colectivo-interdisciplinar-experiencia-humana-celebra-sus-tres-anos-de-vida-con-un-ciclo-en-retrospectiva-de-su-trilogia-de-experiencias-escenicas\/","og_site_name":"Valpara\u00ed\u00adso Creativo","article_published_time":"2024-04-08T22:27:24+00:00","article_modified_time":"2024-04-08T22:29:18+00:00","og_image":[{"width":2560,"height":1707,"url":"https:\/\/dev.antudigital.cl\/sites\/vc\/wp-content\/uploads\/2024\/04\/Desatino-de-la-Soledad-2-scaled.jpg","type":"image\/jpeg"}],"author":"Valpara\u00edso Creativo","twitter_card":"summary_large_image","twitter_misc":{"Escrito por":"Valpara\u00edso Creativo","Tiempo de lectura":"2 minutos"},"schema":{"@context":"https:\/\/schema.org","@graph":[{"@type":"Article","@id":"https:\/\/dev.antudigital.cl\/sites\/vc\/el-colectivo-interdisciplinar-experiencia-humana-celebra-sus-tres-anos-de-vida-con-un-ciclo-en-retrospectiva-de-su-trilogia-de-experiencias-escenicas\/#article","isPartOf":{"@id":"https:\/\/dev.antudigital.cl\/sites\/vc\/el-colectivo-interdisciplinar-experiencia-humana-celebra-sus-tres-anos-de-vida-con-un-ciclo-en-retrospectiva-de-su-trilogia-de-experiencias-escenicas\/"},"author":{"name":"Valpara\u00edso Creativo","@id":"https:\/\/dev.antudigital.cl\/sites\/vc\/#\/schema\/person\/c2b9da8dd545e27166fc5ab232837318"},"headline":"El Colectivo Interdisciplinar Experiencia Humana celebra sus tres a\u00f1os de vida con un ciclo en retrospectiva de su Trilog\u00eda de Experiencias Esc\u00e9nicas","datePublished":"2024-04-08T22:27:24+00:00","dateModified":"2024-04-08T22:29:18+00:00","mainEntityOfPage":{"@id":"https:\/\/dev.antudigital.cl\/sites\/vc\/el-colectivo-interdisciplinar-experiencia-humana-celebra-sus-tres-anos-de-vida-con-un-ciclo-en-retrospectiva-de-su-trilogia-de-experiencias-escenicas\/"},"wordCount":373,"image":{"@id":"https:\/\/dev.antudigital.cl\/sites\/vc\/el-colectivo-interdisciplinar-experiencia-humana-celebra-sus-tres-anos-de-vida-con-un-ciclo-en-retrospectiva-de-su-trilogia-de-experiencias-escenicas\/#primaryimage"},"thumbnailUrl":"https:\/\/dev.antudigital.cl\/sites\/vc\/wp-content\/uploads\/2024\/04\/Desatino-de-la-Soledad-2-scaled.jpg","articleSection":["Uncategorized"],"inLanguage":"es"},{"@type":"WebPage","@id":"https:\/\/dev.antudigital.cl\/sites\/vc\/el-colectivo-interdisciplinar-experiencia-humana-celebra-sus-tres-anos-de-vida-con-un-ciclo-en-retrospectiva-de-su-trilogia-de-experiencias-escenicas\/","url":"https:\/\/dev.antudigital.cl\/sites\/vc\/el-colectivo-interdisciplinar-experiencia-humana-celebra-sus-tres-anos-de-vida-con-un-ciclo-en-retrospectiva-de-su-trilogia-de-experiencias-escenicas\/","name":"El Colectivo Interdisciplinar Experiencia Humana celebra sus tres a\u00f1os de vida con un ciclo en retrospectiva de su Trilog\u00eda de Experiencias Esc\u00e9nicas - Valpara\u00ed\u00adso Creativo","isPartOf":{"@id":"https:\/\/dev.antudigital.cl\/sites\/vc\/#website"},"primaryImageOfPage":{"@id":"https:\/\/dev.antudigital.cl\/sites\/vc\/el-colectivo-interdisciplinar-experiencia-humana-celebra-sus-tres-anos-de-vida-con-un-ciclo-en-retrospectiva-de-su-trilogia-de-experiencias-escenicas\/#primaryimage"},"image":{"@id":"https:\/\/dev.antudigital.cl\/sites\/vc\/el-colectivo-interdisciplinar-experiencia-humana-celebra-sus-tres-anos-de-vida-con-un-ciclo-en-retrospectiva-de-su-trilogia-de-experiencias-escenicas\/#primaryimage"},"thumbnailUrl":"https:\/\/dev.antudigital.cl\/sites\/vc\/wp-content\/uploads\/2024\/04\/Desatino-de-la-Soledad-2-scaled.jpg","datePublished":"2024-04-08T22:27:24+00:00","dateModified":"2024-04-08T22:29:18+00:00","author":{"@id":"https:\/\/dev.antudigital.cl\/sites\/vc\/#\/schema\/person\/c2b9da8dd545e27166fc5ab232837318"},"breadcrumb":{"@id":"https:\/\/dev.antudigital.cl\/sites\/vc\/el-colectivo-interdisciplinar-experiencia-humana-celebra-sus-tres-anos-de-vida-con-un-ciclo-en-retrospectiva-de-su-trilogia-de-experiencias-escenicas\/#breadcrumb"},"inLanguage":"es","potentialAction":[{"@type":"ReadAction","target":["https:\/\/dev.antudigital.cl\/sites\/vc\/el-colectivo-interdisciplinar-experiencia-humana-celebra-sus-tres-anos-de-vida-con-un-ciclo-en-retrospectiva-de-su-trilogia-de-experiencias-escenicas\/"]}]},{"@type":"ImageObject","inLanguage":"es","@id":"https:\/\/dev.antudigital.cl\/sites\/vc\/el-colectivo-interdisciplinar-experiencia-humana-celebra-sus-tres-anos-de-vida-con-un-ciclo-en-retrospectiva-de-su-trilogia-de-experiencias-escenicas\/#primaryimage","url":"https:\/\/dev.antudigital.cl\/sites\/vc\/wp-content\/uploads\/2024\/04\/Desatino-de-la-Soledad-2-scaled.jpg","contentUrl":"https:\/\/dev.antudigital.cl\/sites\/vc\/wp-content\/uploads\/2024\/04\/Desatino-de-la-Soledad-2-scaled.jpg","width":2560,"height":1707},{"@type":"BreadcrumbList","@id":"https:\/\/dev.antudigital.cl\/sites\/vc\/el-colectivo-interdisciplinar-experiencia-humana-celebra-sus-tres-anos-de-vida-con-un-ciclo-en-retrospectiva-de-su-trilogia-de-experiencias-escenicas\/#breadcrumb","itemListElement":[{"@type":"ListItem","position":1,"name":"Home","item":"https:\/\/dev.antudigital.cl\/sites\/vc\/"},{"@type":"ListItem","position":2,"name":"El Colectivo Interdisciplinar Experiencia Humana celebra sus tres a\u00f1os de vida con un ciclo en retrospectiva de su Trilog\u00eda de Experiencias Esc\u00e9nicas"}]},{"@type":"WebSite","@id":"https:\/\/dev.antudigital.cl\/sites\/vc\/#website","url":"https:\/\/dev.antudigital.cl\/sites\/vc\/","name":"Valpara\u00ed\u00adso Creativo","description":"","potentialAction":[{"@type":"SearchAction","target":{"@type":"EntryPoint","urlTemplate":"https:\/\/dev.antudigital.cl\/sites\/vc\/?s={search_term_string}"},"query-input":{"@type":"PropertyValueSpecification","valueRequired":true,"valueName":"search_term_string"}}],"inLanguage":"es"},{"@type":"Person","@id":"https:\/\/dev.antudigital.cl\/sites\/vc\/#\/schema\/person\/c2b9da8dd545e27166fc5ab232837318","name":"Valpara\u00edso Creativo","description":"Periodista de cultura en la Regi\u00f3n de Valpara\u00edso.","url":"https:\/\/dev.antudigital.cl\/sites\/vc\/author\/valpoadmin\/"}]}},"_links":{"self":[{"href":"https:\/\/dev.antudigital.cl\/sites\/vc\/wp-json\/wp\/v2\/posts\/18801","targetHints":{"allow":["GET"]}}],"collection":[{"href":"https:\/\/dev.antudigital.cl\/sites\/vc\/wp-json\/wp\/v2\/posts"}],"about":[{"href":"https:\/\/dev.antudigital.cl\/sites\/vc\/wp-json\/wp\/v2\/types\/post"}],"author":[{"embeddable":true,"href":"https:\/\/dev.antudigital.cl\/sites\/vc\/wp-json\/wp\/v2\/users\/1"}],"replies":[{"embeddable":true,"href":"https:\/\/dev.antudigital.cl\/sites\/vc\/wp-json\/wp\/v2\/comments?post=18801"}],"version-history":[{"count":2,"href":"https:\/\/dev.antudigital.cl\/sites\/vc\/wp-json\/wp\/v2\/posts\/18801\/revisions"}],"predecessor-version":[{"id":18805,"href":"https:\/\/dev.antudigital.cl\/sites\/vc\/wp-json\/wp\/v2\/posts\/18801\/revisions\/18805"}],"wp:featuredmedia":[{"embeddable":true,"href":"https:\/\/dev.antudigital.cl\/sites\/vc\/wp-json\/wp\/v2\/media\/18802"}],"wp:attachment":[{"href":"https:\/\/dev.antudigital.cl\/sites\/vc\/wp-json\/wp\/v2\/media?parent=18801"}],"wp:term":[{"taxonomy":"category","embeddable":true,"href":"https:\/\/dev.antudigital.cl\/sites\/vc\/wp-json\/wp\/v2\/categories?post=18801"},{"taxonomy":"post_tag","embeddable":true,"href":"https:\/\/dev.antudigital.cl\/sites\/vc\/wp-json\/wp\/v2\/tags?post=18801"}],"curies":[{"name":"wp","href":"https:\/\/api.w.org\/{rel}","templated":true}]}}