{"id":18807,"date":"2024-04-08T22:51:00","date_gmt":"2024-04-08T22:51:00","guid":{"rendered":"https:\/\/www.valparaisocreativo.cl\/?p=18807"},"modified":"2024-04-08T22:51:18","modified_gmt":"2024-04-08T22:51:18","slug":"detonadas-el-encuentro-porteno-que-potencia-el-trabajo-de-mujeres-y-disidencias-en-las-artes","status":"publish","type":"post","link":"https:\/\/dev.antudigital.cl\/sites\/vc\/detonadas-el-encuentro-porteno-que-potencia-el-trabajo-de-mujeres-y-disidencias-en-las-artes\/","title":{"rendered":"Detonadas: El encuentro porte\u00f1o que potencia el trabajo de mujeres y disidencias en las artes"},"content":{"rendered":"\n<p><em>La iniciativa contempla talleres formativos y espacios de exhibici\u00f3n para la m\u00fasica, oficios, performance y m\u00e1s, en Valpara\u00edso. Este encuentro art\u00edstico es financiado por el Fondo de la M\u00fasica del Ministerio de las Culturas, las Artes y el Patrimonio, convocatoria 2024.<\/em><\/p>\n\n\n\n<p>Como una forma de dar voz, visibilidad y escenario a proyectos liderados por mujeres y disidencias en la regi\u00f3n, es que surge\u00a0<strong>Detonadas<\/strong>, una instancia de trabajo colectivo que busca compartir y relevar trabajos art\u00edsticos que impulsan contenidos cr\u00edticos y de alto nivel. Se trata de un encuentro que se llevar\u00e1 a cabo el\u00a0<strong>13 de abril, en dependencias del Parque Cultural de Valpara\u00edso, desde las 14.00 horas<\/strong>, de manera gratuita.\u00a0<\/p>\n\n\n\n<figure class=\"wp-block-image size-full\"><img fetchpriority=\"high\" decoding=\"async\" width=\"900\" height=\"600\" src=\"https:\/\/www.valparaisocreativo.cl\/wp-content\/uploads\/2024\/04\/MORA-LUCAY.jpeg\" alt=\"\" class=\"wp-image-18810\" srcset=\"https:\/\/dev.antudigital.cl\/sites\/vc\/wp-content\/uploads\/2024\/04\/MORA-LUCAY.jpeg 900w, https:\/\/dev.antudigital.cl\/sites\/vc\/wp-content\/uploads\/2024\/04\/MORA-LUCAY-300x200.jpeg 300w, https:\/\/dev.antudigital.cl\/sites\/vc\/wp-content\/uploads\/2024\/04\/MORA-LUCAY-768x512.jpeg 768w, https:\/\/dev.antudigital.cl\/sites\/vc\/wp-content\/uploads\/2024\/04\/MORA-LUCAY-480x320.jpeg 480w, https:\/\/dev.antudigital.cl\/sites\/vc\/wp-content\/uploads\/2024\/04\/MORA-LUCAY-24x16.jpeg 24w, https:\/\/dev.antudigital.cl\/sites\/vc\/wp-content\/uploads\/2024\/04\/MORA-LUCAY-36x24.jpeg 36w, https:\/\/dev.antudigital.cl\/sites\/vc\/wp-content\/uploads\/2024\/04\/MORA-LUCAY-48x32.jpeg 48w\" sizes=\"(max-width: 900px) 100vw, 900px\" \/><\/figure>\n\n\n\n<p>Un proyecto que contempla en su programaci\u00f3n instancias formativas, stand up comedy, performances, y una programaci\u00f3n musical con destacadas artistas nacionales, e internacionales, a trav\u00e9s de una curator\u00eda que da cuenta de la diversidad de estilos y propuestas novedosas que oscilan entre la fusi\u00f3n contempor\u00e1nea, la m\u00fasica de ra\u00edz latinoamericana, el hip hop y los sonidos m\u00e1s experimentales.<\/p>\n\n\n\n<p>Sobre esta programaci\u00f3n,&nbsp;<strong>Dania Neko, artista y tambi\u00e9n miembro de la organizaci\u00f3n de Detonadas<\/strong>, se\u00f1ala que&nbsp;<em>\u201cla idea es convocar en el parque a las personas del territorio y organizaciones que est\u00e1n pulsando arte y cultura en la regi\u00f3n, ojal\u00e1 mayor cantidad de ellas que compartan algo de lo que buscamos, ya que creemos que el trabajo en red puede hacer crecer iniciativas que favorezcan objetivos comunes, desde ah\u00ed la idea del encuentro (&#8230;).&nbsp; A nosotras nos parece que debemos fortalecer el objetivo central, que es ver arte de calidad venga de donde venga, siempre que cumpla con el contenido cr\u00edtico, claro\u201d.<\/em><\/p>\n\n\n\n<p><strong>Consuelohm, Pascuala Ilabaca, Amapola, Mora Lucay, Guerrilla Marica<\/strong>&nbsp;y&nbsp;<strong>Metalengua<\/strong>, forman parte de la programaci\u00f3n musical de la jornada, que tendr\u00e1 lugar tanto en la explanada del PCdeV, como en el teatro del recinto. En tanto, como una forma de dar espacio a las nuevas voces, la organizaci\u00f3n liber\u00f3 una convocatoria para postular y formar parte del line up del evento, sum\u00e1ndose a este espacio&nbsp;<strong>Du0 Fem<\/strong>&nbsp;y&nbsp;<strong>Nen\u00e9 Mon\u00e9<\/strong>. Puedes postular hasta el 24 de marzo, a trav\u00e9s de las plataformas de @encuentro.detonadas.&nbsp;<\/p>\n\n\n\n<p><strong>El esp\u00edritu formativo de Detonadas<\/strong><\/p>\n\n\n\n<p>Cabe destacar que el encuentro, que gira en torno a las artes, busca ser una inspiraci\u00f3n entre pares, convocar a mujeres y disidencias tanto en el escenario, como detr\u00e1s de \u00e9l. Es por ello que la organizaci\u00f3n, en su 2da edici\u00f3n, ha posibilitado talleres gratuitos para ampliar aprendizajes en torno a producci\u00f3n musical, t\u00e9cnica de escenario, iluminaci\u00f3n y formulaci\u00f3n de proyectos. Durante la ejecuci\u00f3n del evento, quienes asistieron al taller, podr\u00e1n aplicar los conocimientos adquiridos, participando como parte del equipo t\u00e9cnico de Detonadas, como una manera de llevar al escenario las pr\u00e1cticas adquiridas.<\/p>\n\n\n\n<p><em>\u201cBuscamos adem\u00e1s generar talleres gratuitos para ampliar aprendizajes o gu\u00edas a organizaciones que buscan levantar instancias culturales en la regi\u00f3n, nos interesa que la convocatoria a estas instancias sea para mujeres y disidencias, ya que es evidente que los espacios art\u00edsticos est\u00e1n sobrecargados de hombres y pr\u00e1cticas patriarcales, incluso violentas. (&#8230;) Nuestra l\u00ednea editorial es crear espacios amables y favorecer el traspaso de la informaci\u00f3n a quienes tienen menos acceso a esto\u201d<\/em>, se\u00f1ala Dania Neko, integrante de la organizaci\u00f3n.\u00a0<\/p>\n\n\n\n<figure class=\"wp-block-image size-large\"><img decoding=\"async\" width=\"819\" height=\"1024\" src=\"https:\/\/www.valparaisocreativo.cl\/wp-content\/uploads\/2024\/04\/FLYER-DETONADAS-819x1024.png\" alt=\"\" class=\"wp-image-18811\" srcset=\"https:\/\/dev.antudigital.cl\/sites\/vc\/wp-content\/uploads\/2024\/04\/FLYER-DETONADAS-819x1024.png 819w, https:\/\/dev.antudigital.cl\/sites\/vc\/wp-content\/uploads\/2024\/04\/FLYER-DETONADAS-240x300.png 240w, https:\/\/dev.antudigital.cl\/sites\/vc\/wp-content\/uploads\/2024\/04\/FLYER-DETONADAS-768x960.png 768w, https:\/\/dev.antudigital.cl\/sites\/vc\/wp-content\/uploads\/2024\/04\/FLYER-DETONADAS-1229x1536.png 1229w, https:\/\/dev.antudigital.cl\/sites\/vc\/wp-content\/uploads\/2024\/04\/FLYER-DETONADAS-1638x2048.png 1638w, https:\/\/dev.antudigital.cl\/sites\/vc\/wp-content\/uploads\/2024\/04\/FLYER-DETONADAS-1080x1350.png 1080w, https:\/\/dev.antudigital.cl\/sites\/vc\/wp-content\/uploads\/2024\/04\/FLYER-DETONADAS-1280x1600.png 1280w, https:\/\/dev.antudigital.cl\/sites\/vc\/wp-content\/uploads\/2024\/04\/FLYER-DETONADAS-980x1225.png 980w, https:\/\/dev.antudigital.cl\/sites\/vc\/wp-content\/uploads\/2024\/04\/FLYER-DETONADAS-480x600.png 480w, https:\/\/dev.antudigital.cl\/sites\/vc\/wp-content\/uploads\/2024\/04\/FLYER-DETONADAS-19x24.png 19w, https:\/\/dev.antudigital.cl\/sites\/vc\/wp-content\/uploads\/2024\/04\/FLYER-DETONADAS-29x36.png 29w, https:\/\/dev.antudigital.cl\/sites\/vc\/wp-content\/uploads\/2024\/04\/FLYER-DETONADAS-38x48.png 38w\" sizes=\"(max-width: 819px) 100vw, 819px\" \/><\/figure>\n\n\n\n<p>La jornada, adem\u00e1s, contar\u00e1 con la participaci\u00f3n de&nbsp;<strong>Furia del Nilo, Jana Giner, y Anna Balm\u00e1nica<\/strong>, mientras que en paralelo se desarrollar\u00e1 una feria de artes y oficios abierta a toda la comunidad, que contar\u00e1 con emprendimientos locales, a cargo de la curator\u00eda de Feria \u00daltima.<\/p>\n\n\n\n<p><em>\u201cEsperamos que sea una jornada inspiradora, tenemos invitadxs que consideramos de alto nivel art\u00edstico, por lo que esperamos que ese objetivo se cumpla, adem\u00e1s espacio para infancia, un escenario exterior que permite disfrutar el parque durante el d\u00eda, feria de oficios y talleres para el d\u00eda 13 de abril. Por lo que estamos buscando recibir la mayor cantidad de gente durante todo el d\u00eda ya que la programaci\u00f3n tiene mucha actividad para todas las edades\u201d<\/em>, proyectan desde el equipo.<\/p>\n\n\n\n<p>Encuentro Detonadas es financiado por el Ministerio de las Culturas, las Artes y el Patrimonio; y cuenta con la colaboraci\u00f3n de CENTEX, el Parque Cultural de Valpara\u00edso, Municipalidad de Valpara\u00edso, IMUVA, UDARA, MUSAP y Ni\u00f1a Provincia.<\/p>\n","protected":false},"excerpt":{"rendered":"<p>La iniciativa contempla talleres formativos y espacios de exhibici\u00f3n para la m\u00fasica, oficios, performance y m\u00e1s, en Valpara\u00edso. Este encuentro art\u00edstico es financiado por el Fondo de la M\u00fasica del Ministerio de las Culturas, las Artes y el Patrimonio, convocatoria 2024. Como una forma de dar voz, visibilidad y escenario a proyectos liderados por mujeres [&hellip;]<\/p>\n","protected":false},"author":1,"featured_media":18808,"comment_status":"closed","ping_status":"closed","sticky":false,"template":"","format":"standard","meta":{"_acf_changed":false,"footnotes":""},"categories":[1],"tags":[],"class_list":["post-18807","post","type-post","status-publish","format-standard","has-post-thumbnail","hentry","category-uncategorized"],"acf":[],"yoast_head":"<!-- This site is optimized with the Yoast SEO plugin v27.1.1 - https:\/\/yoast.com\/product\/yoast-seo-wordpress\/ -->\n<title>Detonadas: El encuentro porte\u00f1o que potencia el trabajo de mujeres y disidencias en las artes - Valpara\u00ed\u00adso Creativo<\/title>\n<meta name=\"robots\" content=\"index, follow, max-snippet:-1, max-image-preview:large, max-video-preview:-1\" \/>\n<link rel=\"canonical\" href=\"https:\/\/dev.antudigital.cl\/sites\/vc\/detonadas-el-encuentro-porteno-que-potencia-el-trabajo-de-mujeres-y-disidencias-en-las-artes\/\" \/>\n<meta property=\"og:locale\" content=\"es_ES\" \/>\n<meta property=\"og:type\" content=\"article\" \/>\n<meta property=\"og:title\" content=\"Detonadas: El encuentro porte\u00f1o que potencia el trabajo de mujeres y disidencias en las artes - Valpara\u00ed\u00adso Creativo\" \/>\n<meta property=\"og:description\" content=\"La iniciativa contempla talleres formativos y espacios de exhibici\u00f3n para la m\u00fasica, oficios, performance y m\u00e1s, en Valpara\u00edso. Este encuentro art\u00edstico es financiado por el Fondo de la M\u00fasica del Ministerio de las Culturas, las Artes y el Patrimonio, convocatoria 2024. Como una forma de dar voz, visibilidad y escenario a proyectos liderados por mujeres [&hellip;]\" \/>\n<meta property=\"og:url\" content=\"https:\/\/dev.antudigital.cl\/sites\/vc\/detonadas-el-encuentro-porteno-que-potencia-el-trabajo-de-mujeres-y-disidencias-en-las-artes\/\" \/>\n<meta property=\"og:site_name\" content=\"Valpara\u00ed\u00adso Creativo\" \/>\n<meta property=\"article:published_time\" content=\"2024-04-08T22:51:00+00:00\" \/>\n<meta property=\"article:modified_time\" content=\"2024-04-08T22:51:18+00:00\" \/>\n<meta property=\"og:image\" content=\"https:\/\/dev.antudigital.cl\/sites\/vc\/wp-content\/uploads\/2024\/04\/DU0-FEM.jpeg\" \/>\n\t<meta property=\"og:image:width\" content=\"1024\" \/>\n\t<meta property=\"og:image:height\" content=\"819\" \/>\n\t<meta property=\"og:image:type\" content=\"image\/jpeg\" \/>\n<meta name=\"author\" content=\"Valpara\u00edso Creativo\" \/>\n<meta name=\"twitter:card\" content=\"summary_large_image\" \/>\n<meta name=\"twitter:label1\" content=\"Escrito por\" \/>\n\t<meta name=\"twitter:data1\" content=\"Valpara\u00edso Creativo\" \/>\n\t<meta name=\"twitter:label2\" content=\"Tiempo de lectura\" \/>\n\t<meta name=\"twitter:data2\" content=\"4 minutos\" \/>\n<script type=\"application\/ld+json\" class=\"yoast-schema-graph\">{\"@context\":\"https:\/\/schema.org\",\"@graph\":[{\"@type\":\"Article\",\"@id\":\"https:\/\/dev.antudigital.cl\/sites\/vc\/detonadas-el-encuentro-porteno-que-potencia-el-trabajo-de-mujeres-y-disidencias-en-las-artes\/#article\",\"isPartOf\":{\"@id\":\"https:\/\/dev.antudigital.cl\/sites\/vc\/detonadas-el-encuentro-porteno-que-potencia-el-trabajo-de-mujeres-y-disidencias-en-las-artes\/\"},\"author\":{\"name\":\"Valpara\u00edso Creativo\",\"@id\":\"https:\/\/dev.antudigital.cl\/sites\/vc\/#\/schema\/person\/c2b9da8dd545e27166fc5ab232837318\"},\"headline\":\"Detonadas: El encuentro porte\u00f1o que potencia el trabajo de mujeres y disidencias en las artes\",\"datePublished\":\"2024-04-08T22:51:00+00:00\",\"dateModified\":\"2024-04-08T22:51:18+00:00\",\"mainEntityOfPage\":{\"@id\":\"https:\/\/dev.antudigital.cl\/sites\/vc\/detonadas-el-encuentro-porteno-que-potencia-el-trabajo-de-mujeres-y-disidencias-en-las-artes\/\"},\"wordCount\":781,\"image\":{\"@id\":\"https:\/\/dev.antudigital.cl\/sites\/vc\/detonadas-el-encuentro-porteno-que-potencia-el-trabajo-de-mujeres-y-disidencias-en-las-artes\/#primaryimage\"},\"thumbnailUrl\":\"https:\/\/dev.antudigital.cl\/sites\/vc\/wp-content\/uploads\/2024\/04\/DU0-FEM.jpeg\",\"articleSection\":[\"Uncategorized\"],\"inLanguage\":\"es\"},{\"@type\":\"WebPage\",\"@id\":\"https:\/\/dev.antudigital.cl\/sites\/vc\/detonadas-el-encuentro-porteno-que-potencia-el-trabajo-de-mujeres-y-disidencias-en-las-artes\/\",\"url\":\"https:\/\/dev.antudigital.cl\/sites\/vc\/detonadas-el-encuentro-porteno-que-potencia-el-trabajo-de-mujeres-y-disidencias-en-las-artes\/\",\"name\":\"Detonadas: El encuentro porte\u00f1o que potencia el trabajo de mujeres y disidencias en las artes - Valpara\u00ed\u00adso Creativo\",\"isPartOf\":{\"@id\":\"https:\/\/dev.antudigital.cl\/sites\/vc\/#website\"},\"primaryImageOfPage\":{\"@id\":\"https:\/\/dev.antudigital.cl\/sites\/vc\/detonadas-el-encuentro-porteno-que-potencia-el-trabajo-de-mujeres-y-disidencias-en-las-artes\/#primaryimage\"},\"image\":{\"@id\":\"https:\/\/dev.antudigital.cl\/sites\/vc\/detonadas-el-encuentro-porteno-que-potencia-el-trabajo-de-mujeres-y-disidencias-en-las-artes\/#primaryimage\"},\"thumbnailUrl\":\"https:\/\/dev.antudigital.cl\/sites\/vc\/wp-content\/uploads\/2024\/04\/DU0-FEM.jpeg\",\"datePublished\":\"2024-04-08T22:51:00+00:00\",\"dateModified\":\"2024-04-08T22:51:18+00:00\",\"author\":{\"@id\":\"https:\/\/dev.antudigital.cl\/sites\/vc\/#\/schema\/person\/c2b9da8dd545e27166fc5ab232837318\"},\"breadcrumb\":{\"@id\":\"https:\/\/dev.antudigital.cl\/sites\/vc\/detonadas-el-encuentro-porteno-que-potencia-el-trabajo-de-mujeres-y-disidencias-en-las-artes\/#breadcrumb\"},\"inLanguage\":\"es\",\"potentialAction\":[{\"@type\":\"ReadAction\",\"target\":[\"https:\/\/dev.antudigital.cl\/sites\/vc\/detonadas-el-encuentro-porteno-que-potencia-el-trabajo-de-mujeres-y-disidencias-en-las-artes\/\"]}]},{\"@type\":\"ImageObject\",\"inLanguage\":\"es\",\"@id\":\"https:\/\/dev.antudigital.cl\/sites\/vc\/detonadas-el-encuentro-porteno-que-potencia-el-trabajo-de-mujeres-y-disidencias-en-las-artes\/#primaryimage\",\"url\":\"https:\/\/dev.antudigital.cl\/sites\/vc\/wp-content\/uploads\/2024\/04\/DU0-FEM.jpeg\",\"contentUrl\":\"https:\/\/dev.antudigital.cl\/sites\/vc\/wp-content\/uploads\/2024\/04\/DU0-FEM.jpeg\",\"width\":1024,\"height\":819},{\"@type\":\"BreadcrumbList\",\"@id\":\"https:\/\/dev.antudigital.cl\/sites\/vc\/detonadas-el-encuentro-porteno-que-potencia-el-trabajo-de-mujeres-y-disidencias-en-las-artes\/#breadcrumb\",\"itemListElement\":[{\"@type\":\"ListItem\",\"position\":1,\"name\":\"Home\",\"item\":\"https:\/\/dev.antudigital.cl\/sites\/vc\/\"},{\"@type\":\"ListItem\",\"position\":2,\"name\":\"Detonadas: El encuentro porte\u00f1o que potencia el trabajo de mujeres y disidencias en las artes\"}]},{\"@type\":\"WebSite\",\"@id\":\"https:\/\/dev.antudigital.cl\/sites\/vc\/#website\",\"url\":\"https:\/\/dev.antudigital.cl\/sites\/vc\/\",\"name\":\"Valpara\u00ed\u00adso Creativo\",\"description\":\"\",\"potentialAction\":[{\"@type\":\"SearchAction\",\"target\":{\"@type\":\"EntryPoint\",\"urlTemplate\":\"https:\/\/dev.antudigital.cl\/sites\/vc\/?s={search_term_string}\"},\"query-input\":{\"@type\":\"PropertyValueSpecification\",\"valueRequired\":true,\"valueName\":\"search_term_string\"}}],\"inLanguage\":\"es\"},{\"@type\":\"Person\",\"@id\":\"https:\/\/dev.antudigital.cl\/sites\/vc\/#\/schema\/person\/c2b9da8dd545e27166fc5ab232837318\",\"name\":\"Valpara\u00edso Creativo\",\"description\":\"Periodista de cultura en la Regi\u00f3n de Valpara\u00edso.\",\"url\":\"https:\/\/dev.antudigital.cl\/sites\/vc\/author\/valpoadmin\/\"}]}<\/script>\n<!-- \/ Yoast SEO plugin. -->","yoast_head_json":{"title":"Detonadas: El encuentro porte\u00f1o que potencia el trabajo de mujeres y disidencias en las artes - Valpara\u00ed\u00adso Creativo","robots":{"index":"index","follow":"follow","max-snippet":"max-snippet:-1","max-image-preview":"max-image-preview:large","max-video-preview":"max-video-preview:-1"},"canonical":"https:\/\/dev.antudigital.cl\/sites\/vc\/detonadas-el-encuentro-porteno-que-potencia-el-trabajo-de-mujeres-y-disidencias-en-las-artes\/","og_locale":"es_ES","og_type":"article","og_title":"Detonadas: El encuentro porte\u00f1o que potencia el trabajo de mujeres y disidencias en las artes - Valpara\u00ed\u00adso Creativo","og_description":"La iniciativa contempla talleres formativos y espacios de exhibici\u00f3n para la m\u00fasica, oficios, performance y m\u00e1s, en Valpara\u00edso. Este encuentro art\u00edstico es financiado por el Fondo de la M\u00fasica del Ministerio de las Culturas, las Artes y el Patrimonio, convocatoria 2024. Como una forma de dar voz, visibilidad y escenario a proyectos liderados por mujeres [&hellip;]","og_url":"https:\/\/dev.antudigital.cl\/sites\/vc\/detonadas-el-encuentro-porteno-que-potencia-el-trabajo-de-mujeres-y-disidencias-en-las-artes\/","og_site_name":"Valpara\u00ed\u00adso Creativo","article_published_time":"2024-04-08T22:51:00+00:00","article_modified_time":"2024-04-08T22:51:18+00:00","og_image":[{"width":1024,"height":819,"url":"https:\/\/dev.antudigital.cl\/sites\/vc\/wp-content\/uploads\/2024\/04\/DU0-FEM.jpeg","type":"image\/jpeg"}],"author":"Valpara\u00edso Creativo","twitter_card":"summary_large_image","twitter_misc":{"Escrito por":"Valpara\u00edso Creativo","Tiempo de lectura":"4 minutos"},"schema":{"@context":"https:\/\/schema.org","@graph":[{"@type":"Article","@id":"https:\/\/dev.antudigital.cl\/sites\/vc\/detonadas-el-encuentro-porteno-que-potencia-el-trabajo-de-mujeres-y-disidencias-en-las-artes\/#article","isPartOf":{"@id":"https:\/\/dev.antudigital.cl\/sites\/vc\/detonadas-el-encuentro-porteno-que-potencia-el-trabajo-de-mujeres-y-disidencias-en-las-artes\/"},"author":{"name":"Valpara\u00edso Creativo","@id":"https:\/\/dev.antudigital.cl\/sites\/vc\/#\/schema\/person\/c2b9da8dd545e27166fc5ab232837318"},"headline":"Detonadas: El encuentro porte\u00f1o que potencia el trabajo de mujeres y disidencias en las artes","datePublished":"2024-04-08T22:51:00+00:00","dateModified":"2024-04-08T22:51:18+00:00","mainEntityOfPage":{"@id":"https:\/\/dev.antudigital.cl\/sites\/vc\/detonadas-el-encuentro-porteno-que-potencia-el-trabajo-de-mujeres-y-disidencias-en-las-artes\/"},"wordCount":781,"image":{"@id":"https:\/\/dev.antudigital.cl\/sites\/vc\/detonadas-el-encuentro-porteno-que-potencia-el-trabajo-de-mujeres-y-disidencias-en-las-artes\/#primaryimage"},"thumbnailUrl":"https:\/\/dev.antudigital.cl\/sites\/vc\/wp-content\/uploads\/2024\/04\/DU0-FEM.jpeg","articleSection":["Uncategorized"],"inLanguage":"es"},{"@type":"WebPage","@id":"https:\/\/dev.antudigital.cl\/sites\/vc\/detonadas-el-encuentro-porteno-que-potencia-el-trabajo-de-mujeres-y-disidencias-en-las-artes\/","url":"https:\/\/dev.antudigital.cl\/sites\/vc\/detonadas-el-encuentro-porteno-que-potencia-el-trabajo-de-mujeres-y-disidencias-en-las-artes\/","name":"Detonadas: El encuentro porte\u00f1o que potencia el trabajo de mujeres y disidencias en las artes - Valpara\u00ed\u00adso Creativo","isPartOf":{"@id":"https:\/\/dev.antudigital.cl\/sites\/vc\/#website"},"primaryImageOfPage":{"@id":"https:\/\/dev.antudigital.cl\/sites\/vc\/detonadas-el-encuentro-porteno-que-potencia-el-trabajo-de-mujeres-y-disidencias-en-las-artes\/#primaryimage"},"image":{"@id":"https:\/\/dev.antudigital.cl\/sites\/vc\/detonadas-el-encuentro-porteno-que-potencia-el-trabajo-de-mujeres-y-disidencias-en-las-artes\/#primaryimage"},"thumbnailUrl":"https:\/\/dev.antudigital.cl\/sites\/vc\/wp-content\/uploads\/2024\/04\/DU0-FEM.jpeg","datePublished":"2024-04-08T22:51:00+00:00","dateModified":"2024-04-08T22:51:18+00:00","author":{"@id":"https:\/\/dev.antudigital.cl\/sites\/vc\/#\/schema\/person\/c2b9da8dd545e27166fc5ab232837318"},"breadcrumb":{"@id":"https:\/\/dev.antudigital.cl\/sites\/vc\/detonadas-el-encuentro-porteno-que-potencia-el-trabajo-de-mujeres-y-disidencias-en-las-artes\/#breadcrumb"},"inLanguage":"es","potentialAction":[{"@type":"ReadAction","target":["https:\/\/dev.antudigital.cl\/sites\/vc\/detonadas-el-encuentro-porteno-que-potencia-el-trabajo-de-mujeres-y-disidencias-en-las-artes\/"]}]},{"@type":"ImageObject","inLanguage":"es","@id":"https:\/\/dev.antudigital.cl\/sites\/vc\/detonadas-el-encuentro-porteno-que-potencia-el-trabajo-de-mujeres-y-disidencias-en-las-artes\/#primaryimage","url":"https:\/\/dev.antudigital.cl\/sites\/vc\/wp-content\/uploads\/2024\/04\/DU0-FEM.jpeg","contentUrl":"https:\/\/dev.antudigital.cl\/sites\/vc\/wp-content\/uploads\/2024\/04\/DU0-FEM.jpeg","width":1024,"height":819},{"@type":"BreadcrumbList","@id":"https:\/\/dev.antudigital.cl\/sites\/vc\/detonadas-el-encuentro-porteno-que-potencia-el-trabajo-de-mujeres-y-disidencias-en-las-artes\/#breadcrumb","itemListElement":[{"@type":"ListItem","position":1,"name":"Home","item":"https:\/\/dev.antudigital.cl\/sites\/vc\/"},{"@type":"ListItem","position":2,"name":"Detonadas: El encuentro porte\u00f1o que potencia el trabajo de mujeres y disidencias en las artes"}]},{"@type":"WebSite","@id":"https:\/\/dev.antudigital.cl\/sites\/vc\/#website","url":"https:\/\/dev.antudigital.cl\/sites\/vc\/","name":"Valpara\u00ed\u00adso Creativo","description":"","potentialAction":[{"@type":"SearchAction","target":{"@type":"EntryPoint","urlTemplate":"https:\/\/dev.antudigital.cl\/sites\/vc\/?s={search_term_string}"},"query-input":{"@type":"PropertyValueSpecification","valueRequired":true,"valueName":"search_term_string"}}],"inLanguage":"es"},{"@type":"Person","@id":"https:\/\/dev.antudigital.cl\/sites\/vc\/#\/schema\/person\/c2b9da8dd545e27166fc5ab232837318","name":"Valpara\u00edso Creativo","description":"Periodista de cultura en la Regi\u00f3n de Valpara\u00edso.","url":"https:\/\/dev.antudigital.cl\/sites\/vc\/author\/valpoadmin\/"}]}},"_links":{"self":[{"href":"https:\/\/dev.antudigital.cl\/sites\/vc\/wp-json\/wp\/v2\/posts\/18807","targetHints":{"allow":["GET"]}}],"collection":[{"href":"https:\/\/dev.antudigital.cl\/sites\/vc\/wp-json\/wp\/v2\/posts"}],"about":[{"href":"https:\/\/dev.antudigital.cl\/sites\/vc\/wp-json\/wp\/v2\/types\/post"}],"author":[{"embeddable":true,"href":"https:\/\/dev.antudigital.cl\/sites\/vc\/wp-json\/wp\/v2\/users\/1"}],"replies":[{"embeddable":true,"href":"https:\/\/dev.antudigital.cl\/sites\/vc\/wp-json\/wp\/v2\/comments?post=18807"}],"version-history":[{"count":1,"href":"https:\/\/dev.antudigital.cl\/sites\/vc\/wp-json\/wp\/v2\/posts\/18807\/revisions"}],"predecessor-version":[{"id":18812,"href":"https:\/\/dev.antudigital.cl\/sites\/vc\/wp-json\/wp\/v2\/posts\/18807\/revisions\/18812"}],"wp:featuredmedia":[{"embeddable":true,"href":"https:\/\/dev.antudigital.cl\/sites\/vc\/wp-json\/wp\/v2\/media\/18808"}],"wp:attachment":[{"href":"https:\/\/dev.antudigital.cl\/sites\/vc\/wp-json\/wp\/v2\/media?parent=18807"}],"wp:term":[{"taxonomy":"category","embeddable":true,"href":"https:\/\/dev.antudigital.cl\/sites\/vc\/wp-json\/wp\/v2\/categories?post=18807"},{"taxonomy":"post_tag","embeddable":true,"href":"https:\/\/dev.antudigital.cl\/sites\/vc\/wp-json\/wp\/v2\/tags?post=18807"}],"curies":[{"name":"wp","href":"https:\/\/api.w.org\/{rel}","templated":true}]}}