{"id":18813,"date":"2024-04-08T23:00:27","date_gmt":"2024-04-08T23:00:27","guid":{"rendered":"https:\/\/www.valparaisocreativo.cl\/?p=18813"},"modified":"2024-04-08T23:00:46","modified_gmt":"2024-04-08T23:00:46","slug":"ipa-celebra-el-dia-del-libro-con-el-principito-una-aventura-teatral","status":"publish","type":"post","link":"https:\/\/dev.antudigital.cl\/sites\/vc\/ipa-celebra-el-dia-del-libro-con-el-principito-una-aventura-teatral\/","title":{"rendered":"IPA celebra el D\u00eda del Libro con \u201cEL PRINCIPITO\u201d Una Aventura Teatral"},"content":{"rendered":"\n<p>El&nbsp;<strong>viernes 12 de abril<\/strong>&nbsp;habr\u00e1 funci\u00f3n doble de&nbsp;<strong>\u201cEL PRINCIPITO. Una Aventura Teatral\u201d<\/strong>, obra de la&nbsp;<strong>Compa\u00f1\u00eda de Teatro IluCi\u00f3n<\/strong>&nbsp;que conmemora el&nbsp;<strong>Mes del Libro<\/strong>&nbsp;a trav\u00e9s de un cl\u00e1sico de la literatura universal. Se realizar\u00e1 la&nbsp;<strong>Funci\u00f3n Matin\u00e9 a las 11:00 de la ma\u00f1ana<\/strong>&nbsp;y la&nbsp;<strong>Funci\u00f3n Familiar a las 19:00 horas<\/strong>&nbsp;en el Centro Cultural IPA, ubicado en pleno centro de Valpara\u00edso, Calle Condell 1349.&nbsp;<\/p>\n\n\n\n<p>La obra se basa en el libro m\u00e1s famoso de&nbsp;Antoine de Saint-Exup\u00e9ry, escritor y aviador franc\u00e9s que construy\u00f3, a trav\u00e9s de esta novela corta, un imaginario cr\u00edtico al mundo de los adultos, en donde cuenta la historia de un ni\u00f1o que viaja por varios planetas y se encuentra con diversos personajes, conociendo as\u00ed la realidad de una rosa, el cari\u00f1o de un zorro y lo complicado que pueden llegar a ser las personas, desde los reyes hasta los contadores.&nbsp;<\/p>\n\n\n\n<p>Las funciones son parte del&nbsp;proyecto&nbsp;<strong>\u201cCONTINUIDAD DE LA PROGRAMACI\u00d3N DE LA SALA DE TEATRO DEL CENTRO CULTURAL IPA: 95 a\u00f1os de arte y cultura local\u201d<\/strong>, el que cuenta con el financiamiento del Programa de Apoyo a Organizaciones Culturales Colaboradoras&nbsp;del Ministerio de las Culturas, las Artes y el Patrimonio.&nbsp;<\/p>\n\n\n\n<p>Las entradas a la Funci\u00f3n Familiar se deben reservar v\u00eda Passline en el siguiente link\u00a0<a href=\"https:\/\/www.passline.com\/eventos\/familiarel-principito-una-aventura-teatral\" target=\"_blank\" rel=\"noreferrer noopener\">https:\/\/www.passline.com\/eventos\/familiarel-principito-una-aventura-teatral<\/a>, tambi\u00e9n disponible en la biograf\u00eda del Instagram @salateatroipa. El aporte sugerido es $2000, $3000 y $4000.<\/p>\n\n\n\n<figure class=\"wp-block-image size-large\"><img fetchpriority=\"high\" decoding=\"async\" width=\"1024\" height=\"683\" src=\"https:\/\/www.valparaisocreativo.cl\/wp-content\/uploads\/2024\/04\/EL-PRINCIPITO-2-1024x683.jpg\" alt=\"\" class=\"wp-image-18814\" srcset=\"https:\/\/dev.antudigital.cl\/sites\/vc\/wp-content\/uploads\/2024\/04\/EL-PRINCIPITO-2-1024x683.jpg 1024w, https:\/\/dev.antudigital.cl\/sites\/vc\/wp-content\/uploads\/2024\/04\/EL-PRINCIPITO-2-300x200.jpg 300w, https:\/\/dev.antudigital.cl\/sites\/vc\/wp-content\/uploads\/2024\/04\/EL-PRINCIPITO-2-768x512.jpg 768w, https:\/\/dev.antudigital.cl\/sites\/vc\/wp-content\/uploads\/2024\/04\/EL-PRINCIPITO-2-1536x1024.jpg 1536w, https:\/\/dev.antudigital.cl\/sites\/vc\/wp-content\/uploads\/2024\/04\/EL-PRINCIPITO-2-1080x720.jpg 1080w, https:\/\/dev.antudigital.cl\/sites\/vc\/wp-content\/uploads\/2024\/04\/EL-PRINCIPITO-2-1280x853.jpg 1280w, https:\/\/dev.antudigital.cl\/sites\/vc\/wp-content\/uploads\/2024\/04\/EL-PRINCIPITO-2-980x653.jpg 980w, https:\/\/dev.antudigital.cl\/sites\/vc\/wp-content\/uploads\/2024\/04\/EL-PRINCIPITO-2-480x320.jpg 480w, https:\/\/dev.antudigital.cl\/sites\/vc\/wp-content\/uploads\/2024\/04\/EL-PRINCIPITO-2-24x16.jpg 24w, https:\/\/dev.antudigital.cl\/sites\/vc\/wp-content\/uploads\/2024\/04\/EL-PRINCIPITO-2-36x24.jpg 36w, https:\/\/dev.antudigital.cl\/sites\/vc\/wp-content\/uploads\/2024\/04\/EL-PRINCIPITO-2-48x32.jpg 48w, https:\/\/dev.antudigital.cl\/sites\/vc\/wp-content\/uploads\/2024\/04\/EL-PRINCIPITO-2.jpg 1800w\" sizes=\"(max-width: 1024px) 100vw, 1024px\" \/><\/figure>\n\n\n\n<p><strong>Equipo<\/strong><\/p>\n\n\n\n<p><strong>Claudio Vidal<\/strong>, director de la Compa\u00f1\u00eda de Teatro IluCi\u00f3n, comenta: \u201cLa decisi\u00f3n de llevar a escena este cl\u00e1sico de la literatura va en l\u00ednea con el desaf\u00edo que nos planteamos como Compa\u00f1\u00eda de levantar mundos fant\u00e1sticos que emocionen tanto a la ni\u00f1ez como a las personas adultas. Ya hemos montado Pinocho, Peter Pan, y El Principito le da continuidad a este quehacer. Es una obra en donde todos nos podemos sentir reconocidos, identificados, interpelados. Hemos realizado un trabajo muy cuidado en la composici\u00f3n esc\u00e9nica, escenogr\u00e1fica, musical, de vestuario, de m\u00e1scaras, generando una visualidad que ensambla y cruza todos los componentes art\u00edsticos de la obra\u201d.<\/p>\n\n\n\n<p><strong>Andr\u00e9s P\u00e9rez<\/strong>, actor que interpreta a El Principito, se\u00f1ala: \u201cPara m\u00ed, el personaje encarna la pureza y la sabidur\u00eda infantil que a menudo perdemos en la edad adulta. Es un honor y un desaf\u00edo emocionante darle vida, representar la inocencia, la curiosidad y la b\u00fasqueda de significado en un mundo complejo. Lo que m\u00e1s quisiera destacar de la obra es su capacidad para tocar el coraz\u00f3n de personas de todas las edades. \u2018El Principito\u2019 no es solo una historia para ni\u00f1os, sino una reflexi\u00f3n profunda sobre la vida, el amor, la amistad y la b\u00fasqueda de la felicidad. Espero que el p\u00fablico pueda sentirse inspirado y conmovido por la magia y la belleza de esta obra atemporal\u201d.<\/p>\n\n\n\n<p><strong>Carlos Cort\u00e9s<\/strong>, dise\u00f1ador de m\u00e1scaras, comparte: \u201cLa creaci\u00f3n de m\u00e1scaras fue un proceso bien interesante, de partida por el desaf\u00edo de hacerlo en poco tiempo. Tuve una reuni\u00f3n con Claudio, director de la obra, donde me explic\u00f3 los lineamientos est\u00e9ticos, la particularidad de los personajes, qu\u00e9 necesitaban expresar, y arm\u00e9 una propuesta que fue revisada y aprobada. Buscando t\u00e9cnicas de confecci\u00f3n de m\u00e1scaras m\u00e1s r\u00e1pidas fue que realic\u00e9 los dise\u00f1os de la m\u00e1scara del zorro, una especie de utiler\u00eda que llevaba anteojos, nariz y bigotes, y tambi\u00e9n dos medias m\u00e1scaras. Es un honor aportar desde mi oficio a las puestas en escena de la Compa\u00f1\u00eda de Teatro IluCi\u00f3n, el trabajo creativo fue fluido porque en sus montajes siempre tocan la magia y la fantas\u00eda, present\u00e1ndose al p\u00fablico desde una l\u00ednea est\u00e9tica muy marcada que les caracteriza\u201d.<br><\/p>\n\n\n\n<p>El proyecto \u201cCONTINUIDAD DE LA PROGRAMACI\u00d3N DE LA SALA DE TEATRO DEL CENTRO CULTURAL IPA: 95 a\u00f1os de arte y cultura local\u201d forma parte del Programa de Apoyo a Organizaciones Culturales Colaboradoras del Ministerio de las Culturas, las Artes y el Patrimonio, que busca fortalecer y dar continuidad a instituciones y organizaciones culturales de derecho privado y sin fines de lucro. Este programa adem\u00e1s es parte del Sistema de Financiamiento a Organizaciones e Infraestructura Cultural del Ministerio de las Culturas, las Artes y el Patrimonio que integra, articula y coordina de forma transversal los planes, programas y fondos orientados al fomento y apoyo de las organizaciones, de la infraestructura cultural, y de la mediaci\u00f3n art\u00edstica. Todo esto con una vocaci\u00f3n descentralizada, mecanismos participativos, y la promoci\u00f3n de la creaci\u00f3n de redes y asociaciones.<\/p>\n\n\n\n<p><strong>COORDENADAS<\/strong><\/p>\n\n\n\n<p>EL PRINCIPITO, Una Aventura Teatral<\/p>\n\n\n\n<p>Viernes 12 de abril 19:00 horas.<\/p>\n\n\n\n<p>Sala de Teatro IPA, Calle Condell 1349, Valpara\u00edso.<\/p>\n\n\n\n<p>Aporte sugerido de $2000, $3000, $4000.<\/p>\n\n\n\n<p>Reservas v\u00eda Passline:<\/p>\n\n\n\n<p><a href=\"https:\/\/www.passline.com\/eventos\/familiarel-principito-una-aventura-teatral\">https:\/\/www.passline.com\/eventos\/familiarel-principito-una-aventura-teatral<\/a><\/p>\n","protected":false},"excerpt":{"rendered":"<p>El&nbsp;viernes 12 de abril&nbsp;habr\u00e1 funci\u00f3n doble de&nbsp;\u201cEL PRINCIPITO. Una Aventura Teatral\u201d, obra de la&nbsp;Compa\u00f1\u00eda de Teatro IluCi\u00f3n&nbsp;que conmemora el&nbsp;Mes del Libro&nbsp;a trav\u00e9s de un cl\u00e1sico de la literatura universal. Se realizar\u00e1 la&nbsp;Funci\u00f3n Matin\u00e9 a las 11:00 de la ma\u00f1ana&nbsp;y la&nbsp;Funci\u00f3n Familiar a las 19:00 horas&nbsp;en el Centro Cultural IPA, ubicado en pleno centro de Valpara\u00edso, [&hellip;]<\/p>\n","protected":false},"author":1,"featured_media":18815,"comment_status":"closed","ping_status":"closed","sticky":false,"template":"","format":"standard","meta":{"_acf_changed":false,"footnotes":""},"categories":[1],"tags":[],"class_list":["post-18813","post","type-post","status-publish","format-standard","has-post-thumbnail","hentry","category-uncategorized"],"acf":[],"yoast_head":"<!-- This site is optimized with the Yoast SEO plugin v27.1.1 - https:\/\/yoast.com\/product\/yoast-seo-wordpress\/ -->\n<title>IPA celebra el D\u00eda del Libro con \u201cEL PRINCIPITO\u201d Una Aventura Teatral - Valpara\u00ed\u00adso Creativo<\/title>\n<meta name=\"robots\" content=\"index, follow, max-snippet:-1, max-image-preview:large, max-video-preview:-1\" \/>\n<link rel=\"canonical\" href=\"https:\/\/dev.antudigital.cl\/sites\/vc\/ipa-celebra-el-dia-del-libro-con-el-principito-una-aventura-teatral\/\" \/>\n<meta property=\"og:locale\" content=\"es_ES\" \/>\n<meta property=\"og:type\" content=\"article\" \/>\n<meta property=\"og:title\" content=\"IPA celebra el D\u00eda del Libro con \u201cEL PRINCIPITO\u201d Una Aventura Teatral - Valpara\u00ed\u00adso Creativo\" \/>\n<meta property=\"og:description\" content=\"El&nbsp;viernes 12 de abril&nbsp;habr\u00e1 funci\u00f3n doble de&nbsp;\u201cEL PRINCIPITO. Una Aventura Teatral\u201d, obra de la&nbsp;Compa\u00f1\u00eda de Teatro IluCi\u00f3n&nbsp;que conmemora el&nbsp;Mes del Libro&nbsp;a trav\u00e9s de un cl\u00e1sico de la literatura universal. Se realizar\u00e1 la&nbsp;Funci\u00f3n Matin\u00e9 a las 11:00 de la ma\u00f1ana&nbsp;y la&nbsp;Funci\u00f3n Familiar a las 19:00 horas&nbsp;en el Centro Cultural IPA, ubicado en pleno centro de Valpara\u00edso, [&hellip;]\" \/>\n<meta property=\"og:url\" content=\"https:\/\/dev.antudigital.cl\/sites\/vc\/ipa-celebra-el-dia-del-libro-con-el-principito-una-aventura-teatral\/\" \/>\n<meta property=\"og:site_name\" content=\"Valpara\u00ed\u00adso Creativo\" \/>\n<meta property=\"article:published_time\" content=\"2024-04-08T23:00:27+00:00\" \/>\n<meta property=\"article:modified_time\" content=\"2024-04-08T23:00:46+00:00\" \/>\n<meta property=\"og:image\" content=\"https:\/\/dev.antudigital.cl\/sites\/vc\/wp-content\/uploads\/2024\/04\/EL-PRINCIPITO-3.jpg\" \/>\n\t<meta property=\"og:image:width\" content=\"1800\" \/>\n\t<meta property=\"og:image:height\" content=\"1200\" \/>\n\t<meta property=\"og:image:type\" content=\"image\/jpeg\" \/>\n<meta name=\"author\" content=\"Valpara\u00edso Creativo\" \/>\n<meta name=\"twitter:card\" content=\"summary_large_image\" \/>\n<meta name=\"twitter:label1\" content=\"Escrito por\" \/>\n\t<meta name=\"twitter:data1\" content=\"Valpara\u00edso Creativo\" \/>\n\t<meta name=\"twitter:label2\" content=\"Tiempo de lectura\" \/>\n\t<meta name=\"twitter:data2\" content=\"4 minutos\" \/>\n<script type=\"application\/ld+json\" class=\"yoast-schema-graph\">{\"@context\":\"https:\/\/schema.org\",\"@graph\":[{\"@type\":\"Article\",\"@id\":\"https:\/\/dev.antudigital.cl\/sites\/vc\/ipa-celebra-el-dia-del-libro-con-el-principito-una-aventura-teatral\/#article\",\"isPartOf\":{\"@id\":\"https:\/\/dev.antudigital.cl\/sites\/vc\/ipa-celebra-el-dia-del-libro-con-el-principito-una-aventura-teatral\/\"},\"author\":{\"name\":\"Valpara\u00edso Creativo\",\"@id\":\"https:\/\/dev.antudigital.cl\/sites\/vc\/#\/schema\/person\/c2b9da8dd545e27166fc5ab232837318\"},\"headline\":\"IPA celebra el D\u00eda del Libro con \u201cEL PRINCIPITO\u201d Una Aventura Teatral\",\"datePublished\":\"2024-04-08T23:00:27+00:00\",\"dateModified\":\"2024-04-08T23:00:46+00:00\",\"mainEntityOfPage\":{\"@id\":\"https:\/\/dev.antudigital.cl\/sites\/vc\/ipa-celebra-el-dia-del-libro-con-el-principito-una-aventura-teatral\/\"},\"wordCount\":861,\"image\":{\"@id\":\"https:\/\/dev.antudigital.cl\/sites\/vc\/ipa-celebra-el-dia-del-libro-con-el-principito-una-aventura-teatral\/#primaryimage\"},\"thumbnailUrl\":\"https:\/\/dev.antudigital.cl\/sites\/vc\/wp-content\/uploads\/2024\/04\/EL-PRINCIPITO-3.jpg\",\"articleSection\":[\"Uncategorized\"],\"inLanguage\":\"es\"},{\"@type\":\"WebPage\",\"@id\":\"https:\/\/dev.antudigital.cl\/sites\/vc\/ipa-celebra-el-dia-del-libro-con-el-principito-una-aventura-teatral\/\",\"url\":\"https:\/\/dev.antudigital.cl\/sites\/vc\/ipa-celebra-el-dia-del-libro-con-el-principito-una-aventura-teatral\/\",\"name\":\"IPA celebra el D\u00eda del Libro con \u201cEL PRINCIPITO\u201d Una Aventura Teatral - Valpara\u00ed\u00adso Creativo\",\"isPartOf\":{\"@id\":\"https:\/\/dev.antudigital.cl\/sites\/vc\/#website\"},\"primaryImageOfPage\":{\"@id\":\"https:\/\/dev.antudigital.cl\/sites\/vc\/ipa-celebra-el-dia-del-libro-con-el-principito-una-aventura-teatral\/#primaryimage\"},\"image\":{\"@id\":\"https:\/\/dev.antudigital.cl\/sites\/vc\/ipa-celebra-el-dia-del-libro-con-el-principito-una-aventura-teatral\/#primaryimage\"},\"thumbnailUrl\":\"https:\/\/dev.antudigital.cl\/sites\/vc\/wp-content\/uploads\/2024\/04\/EL-PRINCIPITO-3.jpg\",\"datePublished\":\"2024-04-08T23:00:27+00:00\",\"dateModified\":\"2024-04-08T23:00:46+00:00\",\"author\":{\"@id\":\"https:\/\/dev.antudigital.cl\/sites\/vc\/#\/schema\/person\/c2b9da8dd545e27166fc5ab232837318\"},\"breadcrumb\":{\"@id\":\"https:\/\/dev.antudigital.cl\/sites\/vc\/ipa-celebra-el-dia-del-libro-con-el-principito-una-aventura-teatral\/#breadcrumb\"},\"inLanguage\":\"es\",\"potentialAction\":[{\"@type\":\"ReadAction\",\"target\":[\"https:\/\/dev.antudigital.cl\/sites\/vc\/ipa-celebra-el-dia-del-libro-con-el-principito-una-aventura-teatral\/\"]}]},{\"@type\":\"ImageObject\",\"inLanguage\":\"es\",\"@id\":\"https:\/\/dev.antudigital.cl\/sites\/vc\/ipa-celebra-el-dia-del-libro-con-el-principito-una-aventura-teatral\/#primaryimage\",\"url\":\"https:\/\/dev.antudigital.cl\/sites\/vc\/wp-content\/uploads\/2024\/04\/EL-PRINCIPITO-3.jpg\",\"contentUrl\":\"https:\/\/dev.antudigital.cl\/sites\/vc\/wp-content\/uploads\/2024\/04\/EL-PRINCIPITO-3.jpg\",\"width\":1800,\"height\":1200},{\"@type\":\"BreadcrumbList\",\"@id\":\"https:\/\/dev.antudigital.cl\/sites\/vc\/ipa-celebra-el-dia-del-libro-con-el-principito-una-aventura-teatral\/#breadcrumb\",\"itemListElement\":[{\"@type\":\"ListItem\",\"position\":1,\"name\":\"Home\",\"item\":\"https:\/\/dev.antudigital.cl\/sites\/vc\/\"},{\"@type\":\"ListItem\",\"position\":2,\"name\":\"IPA celebra el D\u00eda del Libro con \u201cEL PRINCIPITO\u201d Una Aventura Teatral\"}]},{\"@type\":\"WebSite\",\"@id\":\"https:\/\/dev.antudigital.cl\/sites\/vc\/#website\",\"url\":\"https:\/\/dev.antudigital.cl\/sites\/vc\/\",\"name\":\"Valpara\u00ed\u00adso Creativo\",\"description\":\"\",\"potentialAction\":[{\"@type\":\"SearchAction\",\"target\":{\"@type\":\"EntryPoint\",\"urlTemplate\":\"https:\/\/dev.antudigital.cl\/sites\/vc\/?s={search_term_string}\"},\"query-input\":{\"@type\":\"PropertyValueSpecification\",\"valueRequired\":true,\"valueName\":\"search_term_string\"}}],\"inLanguage\":\"es\"},{\"@type\":\"Person\",\"@id\":\"https:\/\/dev.antudigital.cl\/sites\/vc\/#\/schema\/person\/c2b9da8dd545e27166fc5ab232837318\",\"name\":\"Valpara\u00edso Creativo\",\"description\":\"Periodista de cultura en la Regi\u00f3n de Valpara\u00edso.\",\"url\":\"https:\/\/dev.antudigital.cl\/sites\/vc\/author\/valpoadmin\/\"}]}<\/script>\n<!-- \/ Yoast SEO plugin. -->","yoast_head_json":{"title":"IPA celebra el D\u00eda del Libro con \u201cEL PRINCIPITO\u201d Una Aventura Teatral - Valpara\u00ed\u00adso Creativo","robots":{"index":"index","follow":"follow","max-snippet":"max-snippet:-1","max-image-preview":"max-image-preview:large","max-video-preview":"max-video-preview:-1"},"canonical":"https:\/\/dev.antudigital.cl\/sites\/vc\/ipa-celebra-el-dia-del-libro-con-el-principito-una-aventura-teatral\/","og_locale":"es_ES","og_type":"article","og_title":"IPA celebra el D\u00eda del Libro con \u201cEL PRINCIPITO\u201d Una Aventura Teatral - Valpara\u00ed\u00adso Creativo","og_description":"El&nbsp;viernes 12 de abril&nbsp;habr\u00e1 funci\u00f3n doble de&nbsp;\u201cEL PRINCIPITO. Una Aventura Teatral\u201d, obra de la&nbsp;Compa\u00f1\u00eda de Teatro IluCi\u00f3n&nbsp;que conmemora el&nbsp;Mes del Libro&nbsp;a trav\u00e9s de un cl\u00e1sico de la literatura universal. Se realizar\u00e1 la&nbsp;Funci\u00f3n Matin\u00e9 a las 11:00 de la ma\u00f1ana&nbsp;y la&nbsp;Funci\u00f3n Familiar a las 19:00 horas&nbsp;en el Centro Cultural IPA, ubicado en pleno centro de Valpara\u00edso, [&hellip;]","og_url":"https:\/\/dev.antudigital.cl\/sites\/vc\/ipa-celebra-el-dia-del-libro-con-el-principito-una-aventura-teatral\/","og_site_name":"Valpara\u00ed\u00adso Creativo","article_published_time":"2024-04-08T23:00:27+00:00","article_modified_time":"2024-04-08T23:00:46+00:00","og_image":[{"width":1800,"height":1200,"url":"https:\/\/dev.antudigital.cl\/sites\/vc\/wp-content\/uploads\/2024\/04\/EL-PRINCIPITO-3.jpg","type":"image\/jpeg"}],"author":"Valpara\u00edso Creativo","twitter_card":"summary_large_image","twitter_misc":{"Escrito por":"Valpara\u00edso Creativo","Tiempo de lectura":"4 minutos"},"schema":{"@context":"https:\/\/schema.org","@graph":[{"@type":"Article","@id":"https:\/\/dev.antudigital.cl\/sites\/vc\/ipa-celebra-el-dia-del-libro-con-el-principito-una-aventura-teatral\/#article","isPartOf":{"@id":"https:\/\/dev.antudigital.cl\/sites\/vc\/ipa-celebra-el-dia-del-libro-con-el-principito-una-aventura-teatral\/"},"author":{"name":"Valpara\u00edso Creativo","@id":"https:\/\/dev.antudigital.cl\/sites\/vc\/#\/schema\/person\/c2b9da8dd545e27166fc5ab232837318"},"headline":"IPA celebra el D\u00eda del Libro con \u201cEL PRINCIPITO\u201d Una Aventura Teatral","datePublished":"2024-04-08T23:00:27+00:00","dateModified":"2024-04-08T23:00:46+00:00","mainEntityOfPage":{"@id":"https:\/\/dev.antudigital.cl\/sites\/vc\/ipa-celebra-el-dia-del-libro-con-el-principito-una-aventura-teatral\/"},"wordCount":861,"image":{"@id":"https:\/\/dev.antudigital.cl\/sites\/vc\/ipa-celebra-el-dia-del-libro-con-el-principito-una-aventura-teatral\/#primaryimage"},"thumbnailUrl":"https:\/\/dev.antudigital.cl\/sites\/vc\/wp-content\/uploads\/2024\/04\/EL-PRINCIPITO-3.jpg","articleSection":["Uncategorized"],"inLanguage":"es"},{"@type":"WebPage","@id":"https:\/\/dev.antudigital.cl\/sites\/vc\/ipa-celebra-el-dia-del-libro-con-el-principito-una-aventura-teatral\/","url":"https:\/\/dev.antudigital.cl\/sites\/vc\/ipa-celebra-el-dia-del-libro-con-el-principito-una-aventura-teatral\/","name":"IPA celebra el D\u00eda del Libro con \u201cEL PRINCIPITO\u201d Una Aventura Teatral - Valpara\u00ed\u00adso Creativo","isPartOf":{"@id":"https:\/\/dev.antudigital.cl\/sites\/vc\/#website"},"primaryImageOfPage":{"@id":"https:\/\/dev.antudigital.cl\/sites\/vc\/ipa-celebra-el-dia-del-libro-con-el-principito-una-aventura-teatral\/#primaryimage"},"image":{"@id":"https:\/\/dev.antudigital.cl\/sites\/vc\/ipa-celebra-el-dia-del-libro-con-el-principito-una-aventura-teatral\/#primaryimage"},"thumbnailUrl":"https:\/\/dev.antudigital.cl\/sites\/vc\/wp-content\/uploads\/2024\/04\/EL-PRINCIPITO-3.jpg","datePublished":"2024-04-08T23:00:27+00:00","dateModified":"2024-04-08T23:00:46+00:00","author":{"@id":"https:\/\/dev.antudigital.cl\/sites\/vc\/#\/schema\/person\/c2b9da8dd545e27166fc5ab232837318"},"breadcrumb":{"@id":"https:\/\/dev.antudigital.cl\/sites\/vc\/ipa-celebra-el-dia-del-libro-con-el-principito-una-aventura-teatral\/#breadcrumb"},"inLanguage":"es","potentialAction":[{"@type":"ReadAction","target":["https:\/\/dev.antudigital.cl\/sites\/vc\/ipa-celebra-el-dia-del-libro-con-el-principito-una-aventura-teatral\/"]}]},{"@type":"ImageObject","inLanguage":"es","@id":"https:\/\/dev.antudigital.cl\/sites\/vc\/ipa-celebra-el-dia-del-libro-con-el-principito-una-aventura-teatral\/#primaryimage","url":"https:\/\/dev.antudigital.cl\/sites\/vc\/wp-content\/uploads\/2024\/04\/EL-PRINCIPITO-3.jpg","contentUrl":"https:\/\/dev.antudigital.cl\/sites\/vc\/wp-content\/uploads\/2024\/04\/EL-PRINCIPITO-3.jpg","width":1800,"height":1200},{"@type":"BreadcrumbList","@id":"https:\/\/dev.antudigital.cl\/sites\/vc\/ipa-celebra-el-dia-del-libro-con-el-principito-una-aventura-teatral\/#breadcrumb","itemListElement":[{"@type":"ListItem","position":1,"name":"Home","item":"https:\/\/dev.antudigital.cl\/sites\/vc\/"},{"@type":"ListItem","position":2,"name":"IPA celebra el D\u00eda del Libro con \u201cEL PRINCIPITO\u201d Una Aventura Teatral"}]},{"@type":"WebSite","@id":"https:\/\/dev.antudigital.cl\/sites\/vc\/#website","url":"https:\/\/dev.antudigital.cl\/sites\/vc\/","name":"Valpara\u00ed\u00adso Creativo","description":"","potentialAction":[{"@type":"SearchAction","target":{"@type":"EntryPoint","urlTemplate":"https:\/\/dev.antudigital.cl\/sites\/vc\/?s={search_term_string}"},"query-input":{"@type":"PropertyValueSpecification","valueRequired":true,"valueName":"search_term_string"}}],"inLanguage":"es"},{"@type":"Person","@id":"https:\/\/dev.antudigital.cl\/sites\/vc\/#\/schema\/person\/c2b9da8dd545e27166fc5ab232837318","name":"Valpara\u00edso Creativo","description":"Periodista de cultura en la Regi\u00f3n de Valpara\u00edso.","url":"https:\/\/dev.antudigital.cl\/sites\/vc\/author\/valpoadmin\/"}]}},"_links":{"self":[{"href":"https:\/\/dev.antudigital.cl\/sites\/vc\/wp-json\/wp\/v2\/posts\/18813","targetHints":{"allow":["GET"]}}],"collection":[{"href":"https:\/\/dev.antudigital.cl\/sites\/vc\/wp-json\/wp\/v2\/posts"}],"about":[{"href":"https:\/\/dev.antudigital.cl\/sites\/vc\/wp-json\/wp\/v2\/types\/post"}],"author":[{"embeddable":true,"href":"https:\/\/dev.antudigital.cl\/sites\/vc\/wp-json\/wp\/v2\/users\/1"}],"replies":[{"embeddable":true,"href":"https:\/\/dev.antudigital.cl\/sites\/vc\/wp-json\/wp\/v2\/comments?post=18813"}],"version-history":[{"count":1,"href":"https:\/\/dev.antudigital.cl\/sites\/vc\/wp-json\/wp\/v2\/posts\/18813\/revisions"}],"predecessor-version":[{"id":18816,"href":"https:\/\/dev.antudigital.cl\/sites\/vc\/wp-json\/wp\/v2\/posts\/18813\/revisions\/18816"}],"wp:featuredmedia":[{"embeddable":true,"href":"https:\/\/dev.antudigital.cl\/sites\/vc\/wp-json\/wp\/v2\/media\/18815"}],"wp:attachment":[{"href":"https:\/\/dev.antudigital.cl\/sites\/vc\/wp-json\/wp\/v2\/media?parent=18813"}],"wp:term":[{"taxonomy":"category","embeddable":true,"href":"https:\/\/dev.antudigital.cl\/sites\/vc\/wp-json\/wp\/v2\/categories?post=18813"},{"taxonomy":"post_tag","embeddable":true,"href":"https:\/\/dev.antudigital.cl\/sites\/vc\/wp-json\/wp\/v2\/tags?post=18813"}],"curies":[{"name":"wp","href":"https:\/\/api.w.org\/{rel}","templated":true}]}}