{"id":18817,"date":"2024-04-08T23:06:56","date_gmt":"2024-04-08T23:06:56","guid":{"rendered":"https:\/\/www.valparaisocreativo.cl\/?p=18817"},"modified":"2024-04-08T23:07:17","modified_gmt":"2024-04-08T23:07:17","slug":"cine-del-mundo-drama-y-realismo-magico-se-reunen-en-los-estrenos-de-la-california-y-la-quimera","status":"publish","type":"post","link":"https:\/\/dev.antudigital.cl\/sites\/vc\/cine-del-mundo-drama-y-realismo-magico-se-reunen-en-los-estrenos-de-la-california-y-la-quimera\/","title":{"rendered":"Cine del mundo, drama y realismo m\u00e1gico se re\u00fanen en los estrenos de \u201cLa California\u201d y \u201cLa Quimera\u201d"},"content":{"rendered":"\n<p>El cine del mundo regresa a INSOMNIA Teatro Condell con el estreno de \u201cLa California\u201d y la \u201cQuimera\u201d este viernes 5 de abril. Estas piezas audiovisuales impactan la pantalla grande con drama, comedia y realismo m\u00e1gico, ambas localizadas en Italia, invitan a so\u00f1ar con los ojos abiertos. La California es una coproducci\u00f3n \u00edtalo chilena, dirigida por Cinzia Bomoll y basada en su novela \u201cLei che nelle foto non sorrideva\u201d (La que en las fotos no sonre\u00eda) que se estrenar\u00e1 este viernes 5 de abril a las 19:30 hrs. Por su parte, la Quimera es una pel\u00edcula de la directora Alice Rohrwacher, protagonizada por Josh O\u2019Connor, Isabella Rossellini, Alba Rohrwacher y Carol Duarte que se estrenar\u00e1 el mismo d\u00eda a las 21:30 hrs.<\/p>\n\n\n\n<p>En \u201cLa California: donde nada es lo que parece\u201d dos gemelas id\u00e9nticas pero muy diferentes a la vez crecen en La California, un pueblo italiano brumoso y particular. A pesar de sus diferencias, Alice y Ester son hermanas inseparables desde ni\u00f1as, cuyas almas dependen la una de la otra. Hijas de una madre silenciosa e inm\u00f3vil, y de un padre m\u00e1s familiarizado con los cerdos que con los humanos, Ester es autodestructiva y sexualmente promiscua, Alice tiene una pureza sombr\u00eda y resentida.<\/p>\n\n\n\n<figure class=\"wp-block-image size-large\"><img fetchpriority=\"high\" decoding=\"async\" width=\"1024\" height=\"429\" src=\"https:\/\/www.valparaisocreativo.cl\/wp-content\/uploads\/2024\/04\/LC-SCENA-112-Alice-Yuri-Lucia-1024x429.jpg\" alt=\"\" class=\"wp-image-18820\" srcset=\"https:\/\/dev.antudigital.cl\/sites\/vc\/wp-content\/uploads\/2024\/04\/LC-SCENA-112-Alice-Yuri-Lucia-1024x429.jpg 1024w, https:\/\/dev.antudigital.cl\/sites\/vc\/wp-content\/uploads\/2024\/04\/LC-SCENA-112-Alice-Yuri-Lucia-300x126.jpg 300w, https:\/\/dev.antudigital.cl\/sites\/vc\/wp-content\/uploads\/2024\/04\/LC-SCENA-112-Alice-Yuri-Lucia-768x322.jpg 768w, https:\/\/dev.antudigital.cl\/sites\/vc\/wp-content\/uploads\/2024\/04\/LC-SCENA-112-Alice-Yuri-Lucia-1536x644.jpg 1536w, https:\/\/dev.antudigital.cl\/sites\/vc\/wp-content\/uploads\/2024\/04\/LC-SCENA-112-Alice-Yuri-Lucia-2048x858.jpg 2048w, https:\/\/dev.antudigital.cl\/sites\/vc\/wp-content\/uploads\/2024\/04\/LC-SCENA-112-Alice-Yuri-Lucia-1080x453.jpg 1080w, https:\/\/dev.antudigital.cl\/sites\/vc\/wp-content\/uploads\/2024\/04\/LC-SCENA-112-Alice-Yuri-Lucia-1280x537.jpg 1280w, https:\/\/dev.antudigital.cl\/sites\/vc\/wp-content\/uploads\/2024\/04\/LC-SCENA-112-Alice-Yuri-Lucia-980x411.jpg 980w, https:\/\/dev.antudigital.cl\/sites\/vc\/wp-content\/uploads\/2024\/04\/LC-SCENA-112-Alice-Yuri-Lucia-480x201.jpg 480w, https:\/\/dev.antudigital.cl\/sites\/vc\/wp-content\/uploads\/2024\/04\/LC-SCENA-112-Alice-Yuri-Lucia-24x10.jpg 24w, https:\/\/dev.antudigital.cl\/sites\/vc\/wp-content\/uploads\/2024\/04\/LC-SCENA-112-Alice-Yuri-Lucia-36x15.jpg 36w, https:\/\/dev.antudigital.cl\/sites\/vc\/wp-content\/uploads\/2024\/04\/LC-SCENA-112-Alice-Yuri-Lucia-48x20.jpg 48w\" sizes=\"(max-width: 1024px) 100vw, 1024px\" \/><\/figure>\n\n\n\n<p>En medio de la monoton\u00eda del pueblo, llega un joven a romper su equilibrio. Buscando el amor de Pablo, quien es un enigm\u00e1tico y apuesto joven chileno, Alice y Ester se enfrentan por primera vez rompiendo su pacto sagrado. Distanciadas una de la otra, buscando sus individualidades y el amor que les falta en este pueblo lleno de personajes extra\u00f1os y detenidos en el tiempo, una de ellas aparece muerta. \u00bfSer\u00e1 el suicidio lo que las separar\u00e1 finalmente?<\/p>\n\n\n\n<p>Respecto a la realizaci\u00f3n de este film, su directora Cinzia Bomoll explic\u00f3 que: \u201csiempre quise que hubiera dos versiones de m\u00ed en el mundo. Piera Degli Esposti (narradora en el film) resumi\u00f3 toda la idea de la pel\u00edcula: la historia de las hermanas gemelas es tambi\u00e9n, metaf\u00f3ricamente hablando, la historia del doble que hay en cada uno de nosotros. Cuando nos convertimos en adultos, uno de los dos desaparece, como suele ocurrir con nuestro lado oscuro. El dispositivo de trama de suspenso que hace que esto suceda en la pel\u00edcula se integra con retratos grotescos de la peque\u00f1a y abandonada comunidad provincial con un nombre que sugerir\u00eda lo contrario: La California. La pel\u00edcula fue realizada con lentes anam\u00f3rficos de los a\u00f1os 70, con su capacidad de deformar la realidad, tal como lo hace nuestra imaginaci\u00f3n cuando surge el impulso de escapar\u201d.<\/p>\n\n\n\n<p>El elenco est\u00e1 compuesto por Silvia y Giulia Provvedi (las gemelas Ester y Alice), Riccardo Frascari (Pablo), Alfredo Castro (Mart\u00edn \u201cAllende\u201d), Lodo Guenzi (Yuri &#8211; el padre) y Eleonora Giovanardi (Palmira &#8211; la madre), con la narraci\u00f3n de Piera Degli Esposti (famosa actriz y directora italiana). Su estreno en INSOMNIA se realizar\u00e1 el viernes 5 de abril a las 19:30 hrs. con m\u00e1s proyecciones los d\u00edas viernes 12 (19:30) y lunes 15 (19:00).<\/p>\n\n\n\n<figure class=\"wp-block-image size-large\"><img decoding=\"async\" width=\"1024\" height=\"554\" src=\"https:\/\/www.valparaisocreativo.cl\/wp-content\/uploads\/2024\/04\/LA_CHIMERA_Still2-1024x554.jpg\" alt=\"\" class=\"wp-image-18819\" srcset=\"https:\/\/dev.antudigital.cl\/sites\/vc\/wp-content\/uploads\/2024\/04\/LA_CHIMERA_Still2-1024x554.jpg 1024w, https:\/\/dev.antudigital.cl\/sites\/vc\/wp-content\/uploads\/2024\/04\/LA_CHIMERA_Still2-300x162.jpg 300w, https:\/\/dev.antudigital.cl\/sites\/vc\/wp-content\/uploads\/2024\/04\/LA_CHIMERA_Still2-768x415.jpg 768w, https:\/\/dev.antudigital.cl\/sites\/vc\/wp-content\/uploads\/2024\/04\/LA_CHIMERA_Still2-1536x830.jpg 1536w, https:\/\/dev.antudigital.cl\/sites\/vc\/wp-content\/uploads\/2024\/04\/LA_CHIMERA_Still2-2048x1107.jpg 2048w, https:\/\/dev.antudigital.cl\/sites\/vc\/wp-content\/uploads\/2024\/04\/LA_CHIMERA_Still2-1080x584.jpg 1080w, https:\/\/dev.antudigital.cl\/sites\/vc\/wp-content\/uploads\/2024\/04\/LA_CHIMERA_Still2-1280x692.jpg 1280w, https:\/\/dev.antudigital.cl\/sites\/vc\/wp-content\/uploads\/2024\/04\/LA_CHIMERA_Still2-980x530.jpg 980w, https:\/\/dev.antudigital.cl\/sites\/vc\/wp-content\/uploads\/2024\/04\/LA_CHIMERA_Still2-480x260.jpg 480w, https:\/\/dev.antudigital.cl\/sites\/vc\/wp-content\/uploads\/2024\/04\/LA_CHIMERA_Still2-24x13.jpg 24w, https:\/\/dev.antudigital.cl\/sites\/vc\/wp-content\/uploads\/2024\/04\/LA_CHIMERA_Still2-36x19.jpg 36w, https:\/\/dev.antudigital.cl\/sites\/vc\/wp-content\/uploads\/2024\/04\/LA_CHIMERA_Still2-48x26.jpg 48w\" sizes=\"(max-width: 1024px) 100vw, 1024px\" \/><\/figure>\n\n\n\n<p>En \u201cLa Quimera\u201d se narra la historia de Arthur (Josh O&#8217;Connor), un melanc\u00f3lico ingl\u00e9s que posee un don m\u00e1gico, el de encontrar antig\u00fcedades y tesoros etruscos enterrados bajo la tierra. Un viaje cautivante por Italia en el que lo real y lo on\u00edrico se combinan y confunden, en un relato marcado por una est\u00e9tica deslumbrante y el estilo propio de una de las directoras m\u00e1s fascinantes del cine actual. Una pel\u00edcula que sumerge al espectador en un mundo extraordinario, de donde no dan ganas de salir y que nos recuerda que todos cargamos con nuestra propia Quimera, aquello que se intenta conseguir, pero nunca se logra encontrar.<\/p>\n\n\n\n<p>\u201cLa Quimera\u201d se estrenar\u00e1 en INSOMNIA este viernes 5 de abril a las 21:30 hrs. y tendr\u00e1 m\u00e1s funciones los d\u00edas mi\u00e9rcoles 10 (20:30), martes 16 (20:30), domingo 21 (17:00) y domingo 28 (19:00). Las entradas est\u00e1n disponibles para venta presencial en boleter\u00eda en Condell 1585, Valpara\u00edso. Para m\u00e1s informaci\u00f3n, visita&nbsp;<a href=\"http:\/\/www.insomniacine.cl\/\" target=\"_blank\" rel=\"noreferrer noopener\">www.insomniacine.cl<\/a>.<\/p>\n","protected":false},"excerpt":{"rendered":"<p>El cine del mundo regresa a INSOMNIA Teatro Condell con el estreno de \u201cLa California\u201d y la \u201cQuimera\u201d este viernes 5 de abril. Estas piezas audiovisuales impactan la pantalla grande con drama, comedia y realismo m\u00e1gico, ambas localizadas en Italia, invitan a so\u00f1ar con los ojos abiertos. La California es una coproducci\u00f3n \u00edtalo chilena, dirigida [&hellip;]<\/p>\n","protected":false},"author":1,"featured_media":18818,"comment_status":"closed","ping_status":"closed","sticky":false,"template":"","format":"standard","meta":{"_acf_changed":false,"footnotes":""},"categories":[1],"tags":[],"class_list":["post-18817","post","type-post","status-publish","format-standard","has-post-thumbnail","hentry","category-uncategorized"],"acf":[],"yoast_head":"<!-- This site is optimized with the Yoast SEO plugin v27.1.1 - https:\/\/yoast.com\/product\/yoast-seo-wordpress\/ -->\n<title>Cine del mundo, drama y realismo m\u00e1gico se re\u00fanen en los estrenos de \u201cLa California\u201d y \u201cLa Quimera\u201d - Valpara\u00ed\u00adso Creativo<\/title>\n<meta name=\"robots\" content=\"index, follow, max-snippet:-1, max-image-preview:large, max-video-preview:-1\" \/>\n<link rel=\"canonical\" href=\"https:\/\/dev.antudigital.cl\/sites\/vc\/cine-del-mundo-drama-y-realismo-magico-se-reunen-en-los-estrenos-de-la-california-y-la-quimera\/\" \/>\n<meta property=\"og:locale\" content=\"es_ES\" \/>\n<meta property=\"og:type\" content=\"article\" \/>\n<meta property=\"og:title\" content=\"Cine del mundo, drama y realismo m\u00e1gico se re\u00fanen en los estrenos de \u201cLa California\u201d y \u201cLa Quimera\u201d - Valpara\u00ed\u00adso Creativo\" \/>\n<meta property=\"og:description\" content=\"El cine del mundo regresa a INSOMNIA Teatro Condell con el estreno de \u201cLa California\u201d y la \u201cQuimera\u201d este viernes 5 de abril. Estas piezas audiovisuales impactan la pantalla grande con drama, comedia y realismo m\u00e1gico, ambas localizadas en Italia, invitan a so\u00f1ar con los ojos abiertos. La California es una coproducci\u00f3n \u00edtalo chilena, dirigida [&hellip;]\" \/>\n<meta property=\"og:url\" content=\"https:\/\/dev.antudigital.cl\/sites\/vc\/cine-del-mundo-drama-y-realismo-magico-se-reunen-en-los-estrenos-de-la-california-y-la-quimera\/\" \/>\n<meta property=\"og:site_name\" content=\"Valpara\u00ed\u00adso Creativo\" \/>\n<meta property=\"article:published_time\" content=\"2024-04-08T23:06:56+00:00\" \/>\n<meta property=\"article:modified_time\" content=\"2024-04-08T23:07:17+00:00\" \/>\n<meta property=\"og:image\" content=\"https:\/\/dev.antudigital.cl\/sites\/vc\/wp-content\/uploads\/2024\/04\/LA_CHIMERA_Still1-scaled.jpg\" \/>\n\t<meta property=\"og:image:width\" content=\"2560\" \/>\n\t<meta property=\"og:image:height\" content=\"1383\" \/>\n\t<meta property=\"og:image:type\" content=\"image\/jpeg\" \/>\n<meta name=\"author\" content=\"Valpara\u00edso Creativo\" \/>\n<meta name=\"twitter:card\" content=\"summary_large_image\" \/>\n<meta name=\"twitter:label1\" content=\"Escrito por\" \/>\n\t<meta name=\"twitter:data1\" content=\"Valpara\u00edso Creativo\" \/>\n\t<meta name=\"twitter:label2\" content=\"Tiempo de lectura\" \/>\n\t<meta name=\"twitter:data2\" content=\"4 minutos\" \/>\n<script type=\"application\/ld+json\" class=\"yoast-schema-graph\">{\"@context\":\"https:\/\/schema.org\",\"@graph\":[{\"@type\":\"Article\",\"@id\":\"https:\/\/dev.antudigital.cl\/sites\/vc\/cine-del-mundo-drama-y-realismo-magico-se-reunen-en-los-estrenos-de-la-california-y-la-quimera\/#article\",\"isPartOf\":{\"@id\":\"https:\/\/dev.antudigital.cl\/sites\/vc\/cine-del-mundo-drama-y-realismo-magico-se-reunen-en-los-estrenos-de-la-california-y-la-quimera\/\"},\"author\":{\"name\":\"Valpara\u00edso Creativo\",\"@id\":\"https:\/\/dev.antudigital.cl\/sites\/vc\/#\/schema\/person\/c2b9da8dd545e27166fc5ab232837318\"},\"headline\":\"Cine del mundo, drama y realismo m\u00e1gico se re\u00fanen en los estrenos de \u201cLa California\u201d y \u201cLa Quimera\u201d\",\"datePublished\":\"2024-04-08T23:06:56+00:00\",\"dateModified\":\"2024-04-08T23:07:17+00:00\",\"mainEntityOfPage\":{\"@id\":\"https:\/\/dev.antudigital.cl\/sites\/vc\/cine-del-mundo-drama-y-realismo-magico-se-reunen-en-los-estrenos-de-la-california-y-la-quimera\/\"},\"wordCount\":703,\"image\":{\"@id\":\"https:\/\/dev.antudigital.cl\/sites\/vc\/cine-del-mundo-drama-y-realismo-magico-se-reunen-en-los-estrenos-de-la-california-y-la-quimera\/#primaryimage\"},\"thumbnailUrl\":\"https:\/\/dev.antudigital.cl\/sites\/vc\/wp-content\/uploads\/2024\/04\/LA_CHIMERA_Still1-scaled.jpg\",\"articleSection\":[\"Uncategorized\"],\"inLanguage\":\"es\"},{\"@type\":\"WebPage\",\"@id\":\"https:\/\/dev.antudigital.cl\/sites\/vc\/cine-del-mundo-drama-y-realismo-magico-se-reunen-en-los-estrenos-de-la-california-y-la-quimera\/\",\"url\":\"https:\/\/dev.antudigital.cl\/sites\/vc\/cine-del-mundo-drama-y-realismo-magico-se-reunen-en-los-estrenos-de-la-california-y-la-quimera\/\",\"name\":\"Cine del mundo, drama y realismo m\u00e1gico se re\u00fanen en los estrenos de \u201cLa California\u201d y \u201cLa Quimera\u201d - Valpara\u00ed\u00adso Creativo\",\"isPartOf\":{\"@id\":\"https:\/\/dev.antudigital.cl\/sites\/vc\/#website\"},\"primaryImageOfPage\":{\"@id\":\"https:\/\/dev.antudigital.cl\/sites\/vc\/cine-del-mundo-drama-y-realismo-magico-se-reunen-en-los-estrenos-de-la-california-y-la-quimera\/#primaryimage\"},\"image\":{\"@id\":\"https:\/\/dev.antudigital.cl\/sites\/vc\/cine-del-mundo-drama-y-realismo-magico-se-reunen-en-los-estrenos-de-la-california-y-la-quimera\/#primaryimage\"},\"thumbnailUrl\":\"https:\/\/dev.antudigital.cl\/sites\/vc\/wp-content\/uploads\/2024\/04\/LA_CHIMERA_Still1-scaled.jpg\",\"datePublished\":\"2024-04-08T23:06:56+00:00\",\"dateModified\":\"2024-04-08T23:07:17+00:00\",\"author\":{\"@id\":\"https:\/\/dev.antudigital.cl\/sites\/vc\/#\/schema\/person\/c2b9da8dd545e27166fc5ab232837318\"},\"breadcrumb\":{\"@id\":\"https:\/\/dev.antudigital.cl\/sites\/vc\/cine-del-mundo-drama-y-realismo-magico-se-reunen-en-los-estrenos-de-la-california-y-la-quimera\/#breadcrumb\"},\"inLanguage\":\"es\",\"potentialAction\":[{\"@type\":\"ReadAction\",\"target\":[\"https:\/\/dev.antudigital.cl\/sites\/vc\/cine-del-mundo-drama-y-realismo-magico-se-reunen-en-los-estrenos-de-la-california-y-la-quimera\/\"]}]},{\"@type\":\"ImageObject\",\"inLanguage\":\"es\",\"@id\":\"https:\/\/dev.antudigital.cl\/sites\/vc\/cine-del-mundo-drama-y-realismo-magico-se-reunen-en-los-estrenos-de-la-california-y-la-quimera\/#primaryimage\",\"url\":\"https:\/\/dev.antudigital.cl\/sites\/vc\/wp-content\/uploads\/2024\/04\/LA_CHIMERA_Still1-scaled.jpg\",\"contentUrl\":\"https:\/\/dev.antudigital.cl\/sites\/vc\/wp-content\/uploads\/2024\/04\/LA_CHIMERA_Still1-scaled.jpg\",\"width\":2560,\"height\":1383},{\"@type\":\"BreadcrumbList\",\"@id\":\"https:\/\/dev.antudigital.cl\/sites\/vc\/cine-del-mundo-drama-y-realismo-magico-se-reunen-en-los-estrenos-de-la-california-y-la-quimera\/#breadcrumb\",\"itemListElement\":[{\"@type\":\"ListItem\",\"position\":1,\"name\":\"Home\",\"item\":\"https:\/\/dev.antudigital.cl\/sites\/vc\/\"},{\"@type\":\"ListItem\",\"position\":2,\"name\":\"Cine del mundo, drama y realismo m\u00e1gico se re\u00fanen en los estrenos de \u201cLa California\u201d y \u201cLa Quimera\u201d\"}]},{\"@type\":\"WebSite\",\"@id\":\"https:\/\/dev.antudigital.cl\/sites\/vc\/#website\",\"url\":\"https:\/\/dev.antudigital.cl\/sites\/vc\/\",\"name\":\"Valpara\u00ed\u00adso Creativo\",\"description\":\"\",\"potentialAction\":[{\"@type\":\"SearchAction\",\"target\":{\"@type\":\"EntryPoint\",\"urlTemplate\":\"https:\/\/dev.antudigital.cl\/sites\/vc\/?s={search_term_string}\"},\"query-input\":{\"@type\":\"PropertyValueSpecification\",\"valueRequired\":true,\"valueName\":\"search_term_string\"}}],\"inLanguage\":\"es\"},{\"@type\":\"Person\",\"@id\":\"https:\/\/dev.antudigital.cl\/sites\/vc\/#\/schema\/person\/c2b9da8dd545e27166fc5ab232837318\",\"name\":\"Valpara\u00edso Creativo\",\"description\":\"Periodista de cultura en la Regi\u00f3n de Valpara\u00edso.\",\"url\":\"https:\/\/dev.antudigital.cl\/sites\/vc\/author\/valpoadmin\/\"}]}<\/script>\n<!-- \/ Yoast SEO plugin. -->","yoast_head_json":{"title":"Cine del mundo, drama y realismo m\u00e1gico se re\u00fanen en los estrenos de \u201cLa California\u201d y \u201cLa Quimera\u201d - Valpara\u00ed\u00adso Creativo","robots":{"index":"index","follow":"follow","max-snippet":"max-snippet:-1","max-image-preview":"max-image-preview:large","max-video-preview":"max-video-preview:-1"},"canonical":"https:\/\/dev.antudigital.cl\/sites\/vc\/cine-del-mundo-drama-y-realismo-magico-se-reunen-en-los-estrenos-de-la-california-y-la-quimera\/","og_locale":"es_ES","og_type":"article","og_title":"Cine del mundo, drama y realismo m\u00e1gico se re\u00fanen en los estrenos de \u201cLa California\u201d y \u201cLa Quimera\u201d - Valpara\u00ed\u00adso Creativo","og_description":"El cine del mundo regresa a INSOMNIA Teatro Condell con el estreno de \u201cLa California\u201d y la \u201cQuimera\u201d este viernes 5 de abril. Estas piezas audiovisuales impactan la pantalla grande con drama, comedia y realismo m\u00e1gico, ambas localizadas en Italia, invitan a so\u00f1ar con los ojos abiertos. La California es una coproducci\u00f3n \u00edtalo chilena, dirigida [&hellip;]","og_url":"https:\/\/dev.antudigital.cl\/sites\/vc\/cine-del-mundo-drama-y-realismo-magico-se-reunen-en-los-estrenos-de-la-california-y-la-quimera\/","og_site_name":"Valpara\u00ed\u00adso Creativo","article_published_time":"2024-04-08T23:06:56+00:00","article_modified_time":"2024-04-08T23:07:17+00:00","og_image":[{"width":2560,"height":1383,"url":"https:\/\/dev.antudigital.cl\/sites\/vc\/wp-content\/uploads\/2024\/04\/LA_CHIMERA_Still1-scaled.jpg","type":"image\/jpeg"}],"author":"Valpara\u00edso Creativo","twitter_card":"summary_large_image","twitter_misc":{"Escrito por":"Valpara\u00edso Creativo","Tiempo de lectura":"4 minutos"},"schema":{"@context":"https:\/\/schema.org","@graph":[{"@type":"Article","@id":"https:\/\/dev.antudigital.cl\/sites\/vc\/cine-del-mundo-drama-y-realismo-magico-se-reunen-en-los-estrenos-de-la-california-y-la-quimera\/#article","isPartOf":{"@id":"https:\/\/dev.antudigital.cl\/sites\/vc\/cine-del-mundo-drama-y-realismo-magico-se-reunen-en-los-estrenos-de-la-california-y-la-quimera\/"},"author":{"name":"Valpara\u00edso Creativo","@id":"https:\/\/dev.antudigital.cl\/sites\/vc\/#\/schema\/person\/c2b9da8dd545e27166fc5ab232837318"},"headline":"Cine del mundo, drama y realismo m\u00e1gico se re\u00fanen en los estrenos de \u201cLa California\u201d y \u201cLa Quimera\u201d","datePublished":"2024-04-08T23:06:56+00:00","dateModified":"2024-04-08T23:07:17+00:00","mainEntityOfPage":{"@id":"https:\/\/dev.antudigital.cl\/sites\/vc\/cine-del-mundo-drama-y-realismo-magico-se-reunen-en-los-estrenos-de-la-california-y-la-quimera\/"},"wordCount":703,"image":{"@id":"https:\/\/dev.antudigital.cl\/sites\/vc\/cine-del-mundo-drama-y-realismo-magico-se-reunen-en-los-estrenos-de-la-california-y-la-quimera\/#primaryimage"},"thumbnailUrl":"https:\/\/dev.antudigital.cl\/sites\/vc\/wp-content\/uploads\/2024\/04\/LA_CHIMERA_Still1-scaled.jpg","articleSection":["Uncategorized"],"inLanguage":"es"},{"@type":"WebPage","@id":"https:\/\/dev.antudigital.cl\/sites\/vc\/cine-del-mundo-drama-y-realismo-magico-se-reunen-en-los-estrenos-de-la-california-y-la-quimera\/","url":"https:\/\/dev.antudigital.cl\/sites\/vc\/cine-del-mundo-drama-y-realismo-magico-se-reunen-en-los-estrenos-de-la-california-y-la-quimera\/","name":"Cine del mundo, drama y realismo m\u00e1gico se re\u00fanen en los estrenos de \u201cLa California\u201d y \u201cLa Quimera\u201d - Valpara\u00ed\u00adso Creativo","isPartOf":{"@id":"https:\/\/dev.antudigital.cl\/sites\/vc\/#website"},"primaryImageOfPage":{"@id":"https:\/\/dev.antudigital.cl\/sites\/vc\/cine-del-mundo-drama-y-realismo-magico-se-reunen-en-los-estrenos-de-la-california-y-la-quimera\/#primaryimage"},"image":{"@id":"https:\/\/dev.antudigital.cl\/sites\/vc\/cine-del-mundo-drama-y-realismo-magico-se-reunen-en-los-estrenos-de-la-california-y-la-quimera\/#primaryimage"},"thumbnailUrl":"https:\/\/dev.antudigital.cl\/sites\/vc\/wp-content\/uploads\/2024\/04\/LA_CHIMERA_Still1-scaled.jpg","datePublished":"2024-04-08T23:06:56+00:00","dateModified":"2024-04-08T23:07:17+00:00","author":{"@id":"https:\/\/dev.antudigital.cl\/sites\/vc\/#\/schema\/person\/c2b9da8dd545e27166fc5ab232837318"},"breadcrumb":{"@id":"https:\/\/dev.antudigital.cl\/sites\/vc\/cine-del-mundo-drama-y-realismo-magico-se-reunen-en-los-estrenos-de-la-california-y-la-quimera\/#breadcrumb"},"inLanguage":"es","potentialAction":[{"@type":"ReadAction","target":["https:\/\/dev.antudigital.cl\/sites\/vc\/cine-del-mundo-drama-y-realismo-magico-se-reunen-en-los-estrenos-de-la-california-y-la-quimera\/"]}]},{"@type":"ImageObject","inLanguage":"es","@id":"https:\/\/dev.antudigital.cl\/sites\/vc\/cine-del-mundo-drama-y-realismo-magico-se-reunen-en-los-estrenos-de-la-california-y-la-quimera\/#primaryimage","url":"https:\/\/dev.antudigital.cl\/sites\/vc\/wp-content\/uploads\/2024\/04\/LA_CHIMERA_Still1-scaled.jpg","contentUrl":"https:\/\/dev.antudigital.cl\/sites\/vc\/wp-content\/uploads\/2024\/04\/LA_CHIMERA_Still1-scaled.jpg","width":2560,"height":1383},{"@type":"BreadcrumbList","@id":"https:\/\/dev.antudigital.cl\/sites\/vc\/cine-del-mundo-drama-y-realismo-magico-se-reunen-en-los-estrenos-de-la-california-y-la-quimera\/#breadcrumb","itemListElement":[{"@type":"ListItem","position":1,"name":"Home","item":"https:\/\/dev.antudigital.cl\/sites\/vc\/"},{"@type":"ListItem","position":2,"name":"Cine del mundo, drama y realismo m\u00e1gico se re\u00fanen en los estrenos de \u201cLa California\u201d y \u201cLa Quimera\u201d"}]},{"@type":"WebSite","@id":"https:\/\/dev.antudigital.cl\/sites\/vc\/#website","url":"https:\/\/dev.antudigital.cl\/sites\/vc\/","name":"Valpara\u00ed\u00adso Creativo","description":"","potentialAction":[{"@type":"SearchAction","target":{"@type":"EntryPoint","urlTemplate":"https:\/\/dev.antudigital.cl\/sites\/vc\/?s={search_term_string}"},"query-input":{"@type":"PropertyValueSpecification","valueRequired":true,"valueName":"search_term_string"}}],"inLanguage":"es"},{"@type":"Person","@id":"https:\/\/dev.antudigital.cl\/sites\/vc\/#\/schema\/person\/c2b9da8dd545e27166fc5ab232837318","name":"Valpara\u00edso Creativo","description":"Periodista de cultura en la Regi\u00f3n de Valpara\u00edso.","url":"https:\/\/dev.antudigital.cl\/sites\/vc\/author\/valpoadmin\/"}]}},"_links":{"self":[{"href":"https:\/\/dev.antudigital.cl\/sites\/vc\/wp-json\/wp\/v2\/posts\/18817","targetHints":{"allow":["GET"]}}],"collection":[{"href":"https:\/\/dev.antudigital.cl\/sites\/vc\/wp-json\/wp\/v2\/posts"}],"about":[{"href":"https:\/\/dev.antudigital.cl\/sites\/vc\/wp-json\/wp\/v2\/types\/post"}],"author":[{"embeddable":true,"href":"https:\/\/dev.antudigital.cl\/sites\/vc\/wp-json\/wp\/v2\/users\/1"}],"replies":[{"embeddable":true,"href":"https:\/\/dev.antudigital.cl\/sites\/vc\/wp-json\/wp\/v2\/comments?post=18817"}],"version-history":[{"count":1,"href":"https:\/\/dev.antudigital.cl\/sites\/vc\/wp-json\/wp\/v2\/posts\/18817\/revisions"}],"predecessor-version":[{"id":18821,"href":"https:\/\/dev.antudigital.cl\/sites\/vc\/wp-json\/wp\/v2\/posts\/18817\/revisions\/18821"}],"wp:featuredmedia":[{"embeddable":true,"href":"https:\/\/dev.antudigital.cl\/sites\/vc\/wp-json\/wp\/v2\/media\/18818"}],"wp:attachment":[{"href":"https:\/\/dev.antudigital.cl\/sites\/vc\/wp-json\/wp\/v2\/media?parent=18817"}],"wp:term":[{"taxonomy":"category","embeddable":true,"href":"https:\/\/dev.antudigital.cl\/sites\/vc\/wp-json\/wp\/v2\/categories?post=18817"},{"taxonomy":"post_tag","embeddable":true,"href":"https:\/\/dev.antudigital.cl\/sites\/vc\/wp-json\/wp\/v2\/tags?post=18817"}],"curies":[{"name":"wp","href":"https:\/\/api.w.org\/{rel}","templated":true}]}}