{"id":18834,"date":"2024-04-09T03:00:41","date_gmt":"2024-04-09T03:00:41","guid":{"rendered":"https:\/\/www.valparaisocreativo.cl\/?p=18834"},"modified":"2024-04-15T17:19:07","modified_gmt":"2024-04-15T17:19:07","slug":"estas-ciudades-tienen-un-trabajo-patrimonial-que-esta-en-bruto","status":"publish","type":"post","link":"https:\/\/dev.antudigital.cl\/sites\/vc\/estas-ciudades-tienen-un-trabajo-patrimonial-que-esta-en-bruto\/","title":{"rendered":"\u00abEstas ciudades tienen un trabajo patrimonial que est\u00e1 en bruto\u00bb"},"content":{"rendered":"\n<p>Este pr\u00f3ximo 10 de abril a las 11:00hrs. comenzar\u00e1n los lanzamientos y conversatorios en torno a las c\u00e1psulas audiovisuales de cementerios e hitos patrimoniales de la Regi\u00f3n, que incluyen cuatro puntos de la Regi\u00f3n que se ponen en di\u00e1logo y valor a trav\u00e9s del material audiovisual de investigaci\u00f3n recopilado y gestionado por C\u00e1psula Patrimonial, en conjunto con Agrupaci\u00f3n Cultural Amigas y Amigos por los Cementerios.<\/p>\n\n\n\n<p>Conversamos con Jaime Flores de C\u00e1psula Patrimonial y Aditi Olivera, l\u00edder del proyecto que se gesta en el Comit\u00e9 Gestor de Patrimonio de Valpara\u00edso Creativo y que cuenta con el respaldo de las diversas municipalidades (Quillota, Valpara\u00edso, La Calera, La Cruz e Hijuelas) que est\u00e1n involucradas en este hermoso rescate.<\/p>\n\n\n\n<p>El proyecto se trata, como mencionamos, de c\u00e1psulas audiovisuales donde se pueden observar los atributos e historia de cada lugar, puntos importantes de nuestra Regi\u00f3n que contienen historia.<\/p>\n\n\n\n<figure class=\"wp-block-image size-large\"><img fetchpriority=\"high\" decoding=\"async\" width=\"1024\" height=\"1024\" src=\"https:\/\/www.valparaisocreativo.cl\/wp-content\/uploads\/2024\/04\/flayer-purutun-1024x1024.png\" alt=\"\" class=\"wp-image-18835\" srcset=\"https:\/\/dev.antudigital.cl\/sites\/vc\/wp-content\/uploads\/2024\/04\/flayer-purutun-1024x1024.png 1024w, https:\/\/dev.antudigital.cl\/sites\/vc\/wp-content\/uploads\/2024\/04\/flayer-purutun-300x300.png 300w, https:\/\/dev.antudigital.cl\/sites\/vc\/wp-content\/uploads\/2024\/04\/flayer-purutun-150x150.png 150w, https:\/\/dev.antudigital.cl\/sites\/vc\/wp-content\/uploads\/2024\/04\/flayer-purutun-768x768.png 768w, https:\/\/dev.antudigital.cl\/sites\/vc\/wp-content\/uploads\/2024\/04\/flayer-purutun-1536x1536.png 1536w, https:\/\/dev.antudigital.cl\/sites\/vc\/wp-content\/uploads\/2024\/04\/flayer-purutun-2048x2048.png 2048w, https:\/\/dev.antudigital.cl\/sites\/vc\/wp-content\/uploads\/2024\/04\/flayer-purutun-1080x1080.png 1080w, https:\/\/dev.antudigital.cl\/sites\/vc\/wp-content\/uploads\/2024\/04\/flayer-purutun-1280x1280.png 1280w, https:\/\/dev.antudigital.cl\/sites\/vc\/wp-content\/uploads\/2024\/04\/flayer-purutun-980x980.png 980w, https:\/\/dev.antudigital.cl\/sites\/vc\/wp-content\/uploads\/2024\/04\/flayer-purutun-480x480.png 480w, https:\/\/dev.antudigital.cl\/sites\/vc\/wp-content\/uploads\/2024\/04\/flayer-purutun-24x24.png 24w, https:\/\/dev.antudigital.cl\/sites\/vc\/wp-content\/uploads\/2024\/04\/flayer-purutun-36x36.png 36w, https:\/\/dev.antudigital.cl\/sites\/vc\/wp-content\/uploads\/2024\/04\/flayer-purutun-48x48.png 48w\" sizes=\"(max-width: 1024px) 100vw, 1024px\" \/><\/figure>\n\n\n\n<p><strong>Primero, hablemos sobre el inicio: esto surge en el Comit\u00e9 Gestor de Patrimonio de Valpara\u00edso Creativo, cu\u00e9ntanos Aditi del origen de la idea y la iniciativa previo a eso.\u00a0<\/strong><\/p>\n\n\n\n<p>&#8211; Aditi: Fue una motivaci\u00f3n de Valpara\u00edso Creativo tambi\u00e9n. Todo comenz\u00f3 m\u00e1s que nada en el Hub Creativo un d\u00eda en un evento PechaKucha, donde con Jaime de C\u00e1psula Patrimonial tuvimos el primer acercamiento a que se visitaran los cementerios patrimoniales y se viera lo que se desarrolla en Amigos y Amigas de los Cementerios. Ah\u00ed Jaime se sum\u00f3 a uno de los recorridos, donde conversamos sobre la posibilidad de trabajar juntos. Yo hab\u00eda visto su trabajo y me gust\u00f3 la visi\u00f3n a\u00e9rea que ten\u00eda del territorio. Empezamos as\u00ed las conversaciones, donde se motivaron ambas partes y empezamos a trabajar.<\/p>\n\n\n\n<p>La Agrupaci\u00f3n estuvo de acuerdo. Somos s\u00faper activos y muy diversos, donde se fue dando un di\u00e1logo con el investigador Eduardo Vergara y se dio el trabajo conjunto de visitar los cementerios. Ah\u00ed entramos en la propuesta al Comit\u00e9, del que somos parte, y contamos con el respaldo de dos entidades del Comit\u00e9 Ejecutivo de Valpara\u00edso Creativo, que son Trenzando y Duoc Valpara\u00edso, con quien ya ven\u00edamos trabajando 7 a\u00f1os.<\/p>\n\n\n\n<p>Creo que todo calz\u00f3, la visi\u00f3n y el rescate patrimonial que es lo que compartimos.<\/p>\n\n\n\n<p>&#8211; Jaime: Se dio muy natural, ya que tenemos el mismo inter\u00e9s, hablamos el mismo idioma. Lo que necesita el proyecto es llevar una mirada urbana a estos hitos y cementerios, a escala de la arquitectura y del dise\u00f1o a la gente. Hay una riqueza material, escult\u00f3rica, hist\u00f3rica, que est\u00e1 toda en estas escalas ante las que una se puede ir acercando mediante las distintas herramientas que tenemos. Eso hacen de \u00e9sto algo entretenido.<\/p>\n\n\n\n<p>&#8211; Aditi: Esto tiene doble motivaci\u00f3n. Primero es el trabajo con la Primera Mesa Regional de Cementerios Patrimoniales que organizamos en Quillota, donde estuvo la Cormuval, y el Gobierno Regional a trav\u00e9s de su Departamento de Patrimonio, y con ellos ten\u00edamos la idea de generar un proyecto para motivar el encuentro de todos los cementerios. Ah\u00ed se gener\u00f3 lo de Quillota, donde tienen un decreto municipal para levantar a los cementerios all\u00e1, por lo que ya hab\u00eda un avance. Se sumaron a esta red La Calera con los Hornos de Cal, que es un descubrimiento que nos mostraron. Nos dijeron que exist\u00eda la Corporaci\u00f3n Patrimonial La Calera y conocimos el hito, donde se nos abre el mundo de los hitos patrimoniales, enriqueciendo la tem\u00e1tica del proyecto. Lo unimos a trav\u00e9s de c\u00f3mo conversan con el territorio.<\/p>\n\n\n\n<p>La Corporaci\u00f3n de La Calera ha ido trabajando hitos patrimoniales y nos dieron luces de estos, que algunos est\u00e1n dentro de los cementerios como el Mayaca. Vimos una relaci\u00f3n entre los hitos, los cementerios y los personajes, por lo que vimos su consistencia. Eso gener\u00f3 en nosotros una metodolog\u00eda de dialogar donde se sumaron las municipalidades, por lo que cada evento tendr\u00e1 su particularidad y ahora en La Calera tendremos una muestra de minerales, publicaciones escritas, y as\u00ed fuimos generando una posibilidad de generar m\u00e1s all\u00e1 de una c\u00e1psula.<\/p>\n\n\n\n<p>Estas ciudades tienen un trabajo patrimonial que est\u00e1 en bruto. Esto es incipiente. Siempre el patrimonio est\u00e1 dejado de lado, asimismo los cementerios, donde se pierde esta infraestructura.&nbsp;<\/p>\n\n\n\n<p><strong>En ese mismo sentido, \u00bfcu\u00e1l es la ambici\u00f3n de este proyecto?<\/strong><\/p>\n\n\n\n<p>&#8211; Aditi: Lo ideal, para nosotros es que esta Mesa se fortalezca y que crezca con todos los cementerios de la Regi\u00f3n, donde hay mucha infraestructura que se puede revivir en un reconocimiento para y por los habitantes de las ciudades. Yo creo que estas c\u00e1psulas dan esa esperanza. Levanta un di\u00e1logo interno. Si se quiere, si se tiene esa voluntad, de abrir el di\u00e1logo entre autoridades y comunidad, es muy valioso. Esta actividad tiene un conversatorio con propuestas urbanas de historiadores, por ejemplo. Esto hace que de nuevo nazca la posibilidad de hablar de la ciudad, de su infraestructura, de sus dotes. Y eso nos van a mostrar en cada instancia, es la punta del iceberg lo que estamos haciendo en ese sentido. Para el patrimonio se necesita apoyo de todas las instituciones, y esa es una parte, lo importante es que las personas est\u00e1n incentivando estos patrimonios.<\/p>\n\n\n\n<p><strong>\u00bfC\u00f3mo se enamoraron del patrimonio respectivamente?<\/strong><\/p>\n\n\n\n<p>&#8211; Jaime: Creo que primeramente ten\u00eda inter\u00e9s por la arquitectura y el dise\u00f1o, donde la idea del patrimonio va saliendo con el tiempo. En la arquitectura hay una deshumanizaci\u00f3n producto del olvido, que lleva a una carencia de identidad, donde el sentido de pertenencia disminuye. Hay una falta de propiedad, pero para eso, hay que conocer el patrimonio tanto material como inmaterial. Por mi formaci\u00f3n lo veo as\u00ed. Es decir, creo que la alternativa es educar a la gente y eso hay que hacerlo generando contenidos flexibles y entretenidos para que la gente guste de \u00e9l, eso creamos con Aditi, un material flexible con una capacidad digital enorme, buscando suplir lo que hemos visto como brecha abriendo conversaciones que desaten eventos. Sabemos que en cada lugar hay una particularidad. Quiz\u00e1s el protocolo es lanzar el corto y luego ver las c\u00e1psulas individuales, viendo la riqueza particular.<\/p>\n\n\n\n<p>&#8211; Aditi: Para m\u00ed, que vengo de la educaci\u00f3n y la actuaci\u00f3n, el patrimonio siempre fue algo presente en mi familia, donde nos gustaba mucho el arte, hab\u00eda mucho est\u00edmulo y acceso a ver im\u00e1genes donde viera contenido patrimonial. Mi madre de mayor estudi\u00f3 patrimonio con Archibaldo Peralta, quien fuera bien importante para m\u00ed, a quien conoc\u00ed y entend\u00ed el amor que le ten\u00eda a Valpara\u00edso. Era un tremendo investigador de la ciudad, que le dio un valor tremendo. \u00c9l me dio a entender lo que era el patrimonio real. Donde me di cuenta de la carencia de informaci\u00f3n que vi que estaba desorganizada, y con los vecinos empezamos a conversar de la importancia de los cementerios y de su patrimonio.<\/p>\n\n\n\n<p>Posteriormente, estudi\u00e9 un diplomado de patrimonio y todo eso, pero lo primero fue encontrar vac\u00edos donde no ten\u00eda respuesta, y quer\u00eda respuesta. Por eso empec\u00e9 a investigar, donde cada patrimonio es distinto, siempre pensando que para m\u00ed lo m\u00e1s importante era lo inmaterial, pero me gusta ver el mismo bien mantenido, tomando el gusto por ver algunas ciudades bien ciudadas.<\/p>\n\n\n\n<p><strong>Estas c\u00e1psulas son una respuesta a esa curiosidad en cierto sentido, \u00bfno?<\/strong><\/p>\n\n\n\n<p>&#8211; Aditi: Nos pusimos a conversar en la Agrupaci\u00f3n, c\u00f3mo vemos el patrimonio. Los cementerios son una excusa, hay muchos patrimonios en muchas partes del mundo donde a veces se cuida tanto. Nuestro grano de arena, en ese sentido, es entender desde lo m\u00e1s micro a lo macro del patrimonio, buscando acercarnos a la gente a trav\u00e9s de lo literario, de las artes. Falta todav\u00eda levantar discusiones potentes en torno al tema de los cementerios, para lo que es importante unir lo p\u00fablico y lo privado, donde hay una brecha a\u00fan, espero podamos llegar bien a entender lo que es el patrimonio. Yo sigo aprendiendo todos los d\u00edas. El mundo en s\u00ed mismo desvaloriza el patrimonio cultural, por lo que es dif\u00edcil mantener esto vivo. A trav\u00e9s de las c\u00e1psulas buscamos hacer algo desde otra mirada, esperando que sea un aporte.<\/p>\n\n\n\n<p>Jaime: Hay adem\u00e1s una dimensi\u00f3n mucho m\u00e1s profunda de todo lo que hemos estado haciendo. Tiene que ver con que ahora hemos volado en estas tres escalas, pero con el material recopilado nos damos cuenta de que a\u00fan queda mucho por profundizar. Mucho por descubrir. Esto es una aproximaci\u00f3n a lo que puede ir a\u00fan m\u00e1s all\u00e1, yendo al contenido a\u00fan m\u00e1s espec\u00edficamente. Y entender tambi\u00e9n que el tiempo roe y destruye todo, por lo que la memoria de lo que existe es el real patrimonio, por eso es importante el cuidado de los elementos patrimoniales tanto como la memoria y los recuerdos, m\u00e1s all\u00e1 de la restauraci\u00f3n y para la reproducci\u00f3n y mantenci\u00f3n de \u00e9sto.<\/p>\n\n\n\n<p>Aditi: Los cementerios en s\u00ed mismos ya son espacios de memoria, y el mantenerlo es en cada lugar distinto, hay lugares donde no les importa. Queremos, en este sentido, saber qu\u00e9 quiere la comunidad. Y en eso estamos trabajando. Por eso reunimos voluntades. Hay mucho que hacer en los cementerios y con la idea que tenemos de ellos, hacen que surjan preguntas propias del lugar. Por esto hablamos de sobrevuelos, pues tienen muchas capas.&nbsp;<\/p>\n\n\n\n<p>Adem\u00e1s los cementerios van cambiando su forma y su est\u00e9tica seg\u00fan las caracter\u00edsticas de cada territorio, donde vemos diferencias y riquezas, orientadas al clima por ejemplo. Ah\u00ed se nota la antig\u00fcedad de las ciudades.<\/p>\n\n\n\n<p><strong>Tomando en cuenta todo lo anterior, \u00bfc\u00f3mo es trabajar con la puesta de valor de los cementerios?<\/strong><\/p>\n\n\n\n<p>&#8211; Aditi: Hay un tema con los lugares, que nos hemos encontrado, pero cuando llegas a un lugar, adem\u00e1s del silencio que hay, te plantea tu vida entrar a un cementerio. Una se pregunta, por ejemplo, qu\u00e9 quiere para su muerte. Abre conversaciones que hemos abordado, por ejemplo como Agrupaci\u00f3n, a trav\u00e9s de nuestras publicaciones escritas, juntando visiones. A veces la muerte es para nosotros algo terrible, pero mostrar un cementerio de otra forma cambia esa visi\u00f3n terrible.&nbsp;<\/p>\n\n\n\n<p>Como Agrupaci\u00f3n hemos ido visitando distintos cementerios de Latinoam\u00e9rica, donde incluso algunos se suman a zonas tur\u00edsticas de las ciudades. Por lo que pensamos que hay potencial, por ejemplo en la cultura y el turismo. Eso se da en Concepci\u00f3n por ejemplo, a trav\u00e9s de un plan de gesti\u00f3n, donde se administran otras organizaciones mediante los ingresos del cementerio. Si una tiene una visi\u00f3n m\u00e1s amplia, se puede cambiar lo que pasa en torno a los cementerios.<\/p>\n\n\n\n<p><strong>Por favor, cu\u00e9ntenos en sus palabras m\u00e1s acerca de la importancia de estos lanzamientos que se vienen en La Calera, La Cruz, Quillota y Valpara\u00edso. \u00bfQu\u00e9 m\u00e1s podr\u00e1 descubrir la comunidad en estas instancias?<\/strong><\/p>\n\n\n\n<p>&#8211; Jaime: Es interesante unir los hitos con los cementerios, ya que toma mucho m\u00e1s cuerpo urbanamente el estudio audiovisual. Nos muestra c\u00f3mo se configuran las ciudades, muestra conexiones. Y nos ense\u00f1a la historia de cada espacio.&nbsp;<\/p>\n\n\n\n<p>&#8211; Aditi: Hay mucha historia por contar, hay que verla para entenderla. Para que la gente conozca y quiera involucrarse con el patrimonio, que se quiten los prejuicios que hay en torno a estos lugares. Nosotros como Agrupaci\u00f3n hacemos actividades, que se relacionan con el espacio donde estamos.&nbsp;<\/p>\n\n\n\n<p>&#8211; Jaime: Insistimos que se trata de conocer un valor enorme que a veces uno no conoce de sus ciudades. \u00bfQu\u00e9 porcentaje de la ciudad conoce sus valores patrimoniales? A m\u00ed mismo me cost\u00f3, y eso involucra muchos factores, que produce desconocimiento de lo que est\u00e1 ah\u00ed, que es enorme.<\/p>\n\n\n\n<p>&#8211; Aditi: Lo importante es que estas c\u00e1psulas van a dar cuenta del patrimonio que hay, mirado desde el vuelo, desde el cielo, pero tambi\u00e9n llamamos a compartir este resultado para difundir el \u00e1nimo de lo que es la visita a un cementerio patrimonial. Para nosotros eso es lo importante, que lo apoyemos y que entendamos que debemos cuidar este bien que tenemos como ciudades. La institucionalidad no est\u00e1 sola, necesita el visitante, podemos transformar esto en algo cultural, lo que ya se hace en ciudades como hemos comentado, en Quillota tambi\u00e9n se incluye, donde se gener\u00f3 una mirada del municipio hacia la ciudad. Por lo que remarco, lo m\u00e1s importante para m\u00ed de este proyecto es que se difunda el patrimonio funerario, el cuidado que merece y los valores que puede tener. Es un material para que est\u00e9 a disposici\u00f3n de todos y todas.<\/p>\n\n\n\n<p>Y adem\u00e1s es importante destacar que esto es in\u00e9dito en Latinoam\u00e9rica, dado que estamos en una Red Iberoamericana y sabemos que no se ha hecho anteriormente, por lo que es s\u00faper importante que somos pioneros en ese sentido.&nbsp;<\/p>\n","protected":false},"excerpt":{"rendered":"<p>Este pr\u00f3ximo 10 de abril a las 11:00hrs. comenzar\u00e1n los lanzamientos y conversatorios en torno a las c\u00e1psulas audiovisuales de cementerios e hitos patrimoniales de la Regi\u00f3n, que incluyen cuatro puntos de la Regi\u00f3n que se ponen en di\u00e1logo y valor a trav\u00e9s del material audiovisual de investigaci\u00f3n recopilado y gestionado por C\u00e1psula Patrimonial, en [&hellip;]<\/p>\n","protected":false},"author":1,"featured_media":18836,"comment_status":"closed","ping_status":"closed","sticky":false,"template":"","format":"standard","meta":{"_acf_changed":false,"footnotes":""},"categories":[218],"tags":[],"class_list":["post-18834","post","type-post","status-publish","format-standard","has-post-thumbnail","hentry","category-blog"],"acf":[],"yoast_head":"<!-- This site is optimized with the Yoast SEO plugin v27.1.1 - https:\/\/yoast.com\/product\/yoast-seo-wordpress\/ -->\n<title>&quot;Estas ciudades tienen un trabajo patrimonial que est\u00e1 en bruto&quot; - Valpara\u00ed\u00adso Creativo<\/title>\n<meta name=\"robots\" content=\"index, follow, max-snippet:-1, max-image-preview:large, max-video-preview:-1\" \/>\n<link rel=\"canonical\" href=\"https:\/\/dev.antudigital.cl\/sites\/vc\/estas-ciudades-tienen-un-trabajo-patrimonial-que-esta-en-bruto\/\" \/>\n<meta property=\"og:locale\" content=\"es_ES\" \/>\n<meta property=\"og:type\" content=\"article\" \/>\n<meta property=\"og:title\" content=\"&quot;Estas ciudades tienen un trabajo patrimonial que est\u00e1 en bruto&quot; - Valpara\u00ed\u00adso Creativo\" \/>\n<meta property=\"og:description\" content=\"Este pr\u00f3ximo 10 de abril a las 11:00hrs. comenzar\u00e1n los lanzamientos y conversatorios en torno a las c\u00e1psulas audiovisuales de cementerios e hitos patrimoniales de la Regi\u00f3n, que incluyen cuatro puntos de la Regi\u00f3n que se ponen en di\u00e1logo y valor a trav\u00e9s del material audiovisual de investigaci\u00f3n recopilado y gestionado por C\u00e1psula Patrimonial, en [&hellip;]\" \/>\n<meta property=\"og:url\" content=\"https:\/\/dev.antudigital.cl\/sites\/vc\/estas-ciudades-tienen-un-trabajo-patrimonial-que-esta-en-bruto\/\" \/>\n<meta property=\"og:site_name\" content=\"Valpara\u00ed\u00adso Creativo\" \/>\n<meta property=\"article:published_time\" content=\"2024-04-09T03:00:41+00:00\" \/>\n<meta property=\"article:modified_time\" content=\"2024-04-15T17:19:07+00:00\" \/>\n<meta property=\"og:image\" content=\"https:\/\/dev.antudigital.cl\/sites\/vc\/wp-content\/uploads\/2024\/04\/1-2-scaled-1.jpeg\" \/>\n\t<meta property=\"og:image:width\" content=\"2560\" \/>\n\t<meta property=\"og:image:height\" content=\"1368\" \/>\n\t<meta property=\"og:image:type\" content=\"image\/jpeg\" \/>\n<meta name=\"author\" content=\"Valpara\u00edso Creativo\" \/>\n<meta name=\"twitter:card\" content=\"summary_large_image\" \/>\n<meta name=\"twitter:label1\" content=\"Escrito por\" \/>\n\t<meta name=\"twitter:data1\" content=\"Valpara\u00edso Creativo\" \/>\n\t<meta name=\"twitter:label2\" content=\"Tiempo de lectura\" \/>\n\t<meta name=\"twitter:data2\" content=\"10 minutos\" \/>\n<script type=\"application\/ld+json\" class=\"yoast-schema-graph\">{\"@context\":\"https:\/\/schema.org\",\"@graph\":[{\"@type\":\"Article\",\"@id\":\"https:\/\/dev.antudigital.cl\/sites\/vc\/estas-ciudades-tienen-un-trabajo-patrimonial-que-esta-en-bruto\/#article\",\"isPartOf\":{\"@id\":\"https:\/\/dev.antudigital.cl\/sites\/vc\/estas-ciudades-tienen-un-trabajo-patrimonial-que-esta-en-bruto\/\"},\"author\":{\"name\":\"Valpara\u00edso Creativo\",\"@id\":\"https:\/\/dev.antudigital.cl\/sites\/vc\/#\/schema\/person\/c2b9da8dd545e27166fc5ab232837318\"},\"headline\":\"\u00abEstas ciudades tienen un trabajo patrimonial que est\u00e1 en bruto\u00bb\",\"datePublished\":\"2024-04-09T03:00:41+00:00\",\"dateModified\":\"2024-04-15T17:19:07+00:00\",\"mainEntityOfPage\":{\"@id\":\"https:\/\/dev.antudigital.cl\/sites\/vc\/estas-ciudades-tienen-un-trabajo-patrimonial-que-esta-en-bruto\/\"},\"wordCount\":2237,\"image\":{\"@id\":\"https:\/\/dev.antudigital.cl\/sites\/vc\/estas-ciudades-tienen-un-trabajo-patrimonial-que-esta-en-bruto\/#primaryimage\"},\"thumbnailUrl\":\"https:\/\/dev.antudigital.cl\/sites\/vc\/wp-content\/uploads\/2024\/04\/1-2-scaled-1.jpeg\",\"articleSection\":[\"Blog\"],\"inLanguage\":\"es\"},{\"@type\":\"WebPage\",\"@id\":\"https:\/\/dev.antudigital.cl\/sites\/vc\/estas-ciudades-tienen-un-trabajo-patrimonial-que-esta-en-bruto\/\",\"url\":\"https:\/\/dev.antudigital.cl\/sites\/vc\/estas-ciudades-tienen-un-trabajo-patrimonial-que-esta-en-bruto\/\",\"name\":\"\\\"Estas ciudades tienen un trabajo patrimonial que est\u00e1 en bruto\\\" - Valpara\u00ed\u00adso Creativo\",\"isPartOf\":{\"@id\":\"https:\/\/dev.antudigital.cl\/sites\/vc\/#website\"},\"primaryImageOfPage\":{\"@id\":\"https:\/\/dev.antudigital.cl\/sites\/vc\/estas-ciudades-tienen-un-trabajo-patrimonial-que-esta-en-bruto\/#primaryimage\"},\"image\":{\"@id\":\"https:\/\/dev.antudigital.cl\/sites\/vc\/estas-ciudades-tienen-un-trabajo-patrimonial-que-esta-en-bruto\/#primaryimage\"},\"thumbnailUrl\":\"https:\/\/dev.antudigital.cl\/sites\/vc\/wp-content\/uploads\/2024\/04\/1-2-scaled-1.jpeg\",\"datePublished\":\"2024-04-09T03:00:41+00:00\",\"dateModified\":\"2024-04-15T17:19:07+00:00\",\"author\":{\"@id\":\"https:\/\/dev.antudigital.cl\/sites\/vc\/#\/schema\/person\/c2b9da8dd545e27166fc5ab232837318\"},\"breadcrumb\":{\"@id\":\"https:\/\/dev.antudigital.cl\/sites\/vc\/estas-ciudades-tienen-un-trabajo-patrimonial-que-esta-en-bruto\/#breadcrumb\"},\"inLanguage\":\"es\",\"potentialAction\":[{\"@type\":\"ReadAction\",\"target\":[\"https:\/\/dev.antudigital.cl\/sites\/vc\/estas-ciudades-tienen-un-trabajo-patrimonial-que-esta-en-bruto\/\"]}]},{\"@type\":\"ImageObject\",\"inLanguage\":\"es\",\"@id\":\"https:\/\/dev.antudigital.cl\/sites\/vc\/estas-ciudades-tienen-un-trabajo-patrimonial-que-esta-en-bruto\/#primaryimage\",\"url\":\"https:\/\/dev.antudigital.cl\/sites\/vc\/wp-content\/uploads\/2024\/04\/1-2-scaled-1.jpeg\",\"contentUrl\":\"https:\/\/dev.antudigital.cl\/sites\/vc\/wp-content\/uploads\/2024\/04\/1-2-scaled-1.jpeg\",\"width\":2560,\"height\":1368},{\"@type\":\"BreadcrumbList\",\"@id\":\"https:\/\/dev.antudigital.cl\/sites\/vc\/estas-ciudades-tienen-un-trabajo-patrimonial-que-esta-en-bruto\/#breadcrumb\",\"itemListElement\":[{\"@type\":\"ListItem\",\"position\":1,\"name\":\"Home\",\"item\":\"https:\/\/dev.antudigital.cl\/sites\/vc\/\"},{\"@type\":\"ListItem\",\"position\":2,\"name\":\"\u00abEstas ciudades tienen un trabajo patrimonial que est\u00e1 en bruto\u00bb\"}]},{\"@type\":\"WebSite\",\"@id\":\"https:\/\/dev.antudigital.cl\/sites\/vc\/#website\",\"url\":\"https:\/\/dev.antudigital.cl\/sites\/vc\/\",\"name\":\"Valpara\u00ed\u00adso Creativo\",\"description\":\"\",\"potentialAction\":[{\"@type\":\"SearchAction\",\"target\":{\"@type\":\"EntryPoint\",\"urlTemplate\":\"https:\/\/dev.antudigital.cl\/sites\/vc\/?s={search_term_string}\"},\"query-input\":{\"@type\":\"PropertyValueSpecification\",\"valueRequired\":true,\"valueName\":\"search_term_string\"}}],\"inLanguage\":\"es\"},{\"@type\":\"Person\",\"@id\":\"https:\/\/dev.antudigital.cl\/sites\/vc\/#\/schema\/person\/c2b9da8dd545e27166fc5ab232837318\",\"name\":\"Valpara\u00edso Creativo\",\"description\":\"Periodista de cultura en la Regi\u00f3n de Valpara\u00edso.\",\"url\":\"https:\/\/dev.antudigital.cl\/sites\/vc\/author\/valpoadmin\/\"}]}<\/script>\n<!-- \/ Yoast SEO plugin. -->","yoast_head_json":{"title":"\"Estas ciudades tienen un trabajo patrimonial que est\u00e1 en bruto\" - Valpara\u00ed\u00adso Creativo","robots":{"index":"index","follow":"follow","max-snippet":"max-snippet:-1","max-image-preview":"max-image-preview:large","max-video-preview":"max-video-preview:-1"},"canonical":"https:\/\/dev.antudigital.cl\/sites\/vc\/estas-ciudades-tienen-un-trabajo-patrimonial-que-esta-en-bruto\/","og_locale":"es_ES","og_type":"article","og_title":"\"Estas ciudades tienen un trabajo patrimonial que est\u00e1 en bruto\" - Valpara\u00ed\u00adso Creativo","og_description":"Este pr\u00f3ximo 10 de abril a las 11:00hrs. comenzar\u00e1n los lanzamientos y conversatorios en torno a las c\u00e1psulas audiovisuales de cementerios e hitos patrimoniales de la Regi\u00f3n, que incluyen cuatro puntos de la Regi\u00f3n que se ponen en di\u00e1logo y valor a trav\u00e9s del material audiovisual de investigaci\u00f3n recopilado y gestionado por C\u00e1psula Patrimonial, en [&hellip;]","og_url":"https:\/\/dev.antudigital.cl\/sites\/vc\/estas-ciudades-tienen-un-trabajo-patrimonial-que-esta-en-bruto\/","og_site_name":"Valpara\u00ed\u00adso Creativo","article_published_time":"2024-04-09T03:00:41+00:00","article_modified_time":"2024-04-15T17:19:07+00:00","og_image":[{"width":2560,"height":1368,"url":"https:\/\/dev.antudigital.cl\/sites\/vc\/wp-content\/uploads\/2024\/04\/1-2-scaled-1.jpeg","type":"image\/jpeg"}],"author":"Valpara\u00edso Creativo","twitter_card":"summary_large_image","twitter_misc":{"Escrito por":"Valpara\u00edso Creativo","Tiempo de lectura":"10 minutos"},"schema":{"@context":"https:\/\/schema.org","@graph":[{"@type":"Article","@id":"https:\/\/dev.antudigital.cl\/sites\/vc\/estas-ciudades-tienen-un-trabajo-patrimonial-que-esta-en-bruto\/#article","isPartOf":{"@id":"https:\/\/dev.antudigital.cl\/sites\/vc\/estas-ciudades-tienen-un-trabajo-patrimonial-que-esta-en-bruto\/"},"author":{"name":"Valpara\u00edso Creativo","@id":"https:\/\/dev.antudigital.cl\/sites\/vc\/#\/schema\/person\/c2b9da8dd545e27166fc5ab232837318"},"headline":"\u00abEstas ciudades tienen un trabajo patrimonial que est\u00e1 en bruto\u00bb","datePublished":"2024-04-09T03:00:41+00:00","dateModified":"2024-04-15T17:19:07+00:00","mainEntityOfPage":{"@id":"https:\/\/dev.antudigital.cl\/sites\/vc\/estas-ciudades-tienen-un-trabajo-patrimonial-que-esta-en-bruto\/"},"wordCount":2237,"image":{"@id":"https:\/\/dev.antudigital.cl\/sites\/vc\/estas-ciudades-tienen-un-trabajo-patrimonial-que-esta-en-bruto\/#primaryimage"},"thumbnailUrl":"https:\/\/dev.antudigital.cl\/sites\/vc\/wp-content\/uploads\/2024\/04\/1-2-scaled-1.jpeg","articleSection":["Blog"],"inLanguage":"es"},{"@type":"WebPage","@id":"https:\/\/dev.antudigital.cl\/sites\/vc\/estas-ciudades-tienen-un-trabajo-patrimonial-que-esta-en-bruto\/","url":"https:\/\/dev.antudigital.cl\/sites\/vc\/estas-ciudades-tienen-un-trabajo-patrimonial-que-esta-en-bruto\/","name":"\"Estas ciudades tienen un trabajo patrimonial que est\u00e1 en bruto\" - Valpara\u00ed\u00adso Creativo","isPartOf":{"@id":"https:\/\/dev.antudigital.cl\/sites\/vc\/#website"},"primaryImageOfPage":{"@id":"https:\/\/dev.antudigital.cl\/sites\/vc\/estas-ciudades-tienen-un-trabajo-patrimonial-que-esta-en-bruto\/#primaryimage"},"image":{"@id":"https:\/\/dev.antudigital.cl\/sites\/vc\/estas-ciudades-tienen-un-trabajo-patrimonial-que-esta-en-bruto\/#primaryimage"},"thumbnailUrl":"https:\/\/dev.antudigital.cl\/sites\/vc\/wp-content\/uploads\/2024\/04\/1-2-scaled-1.jpeg","datePublished":"2024-04-09T03:00:41+00:00","dateModified":"2024-04-15T17:19:07+00:00","author":{"@id":"https:\/\/dev.antudigital.cl\/sites\/vc\/#\/schema\/person\/c2b9da8dd545e27166fc5ab232837318"},"breadcrumb":{"@id":"https:\/\/dev.antudigital.cl\/sites\/vc\/estas-ciudades-tienen-un-trabajo-patrimonial-que-esta-en-bruto\/#breadcrumb"},"inLanguage":"es","potentialAction":[{"@type":"ReadAction","target":["https:\/\/dev.antudigital.cl\/sites\/vc\/estas-ciudades-tienen-un-trabajo-patrimonial-que-esta-en-bruto\/"]}]},{"@type":"ImageObject","inLanguage":"es","@id":"https:\/\/dev.antudigital.cl\/sites\/vc\/estas-ciudades-tienen-un-trabajo-patrimonial-que-esta-en-bruto\/#primaryimage","url":"https:\/\/dev.antudigital.cl\/sites\/vc\/wp-content\/uploads\/2024\/04\/1-2-scaled-1.jpeg","contentUrl":"https:\/\/dev.antudigital.cl\/sites\/vc\/wp-content\/uploads\/2024\/04\/1-2-scaled-1.jpeg","width":2560,"height":1368},{"@type":"BreadcrumbList","@id":"https:\/\/dev.antudigital.cl\/sites\/vc\/estas-ciudades-tienen-un-trabajo-patrimonial-que-esta-en-bruto\/#breadcrumb","itemListElement":[{"@type":"ListItem","position":1,"name":"Home","item":"https:\/\/dev.antudigital.cl\/sites\/vc\/"},{"@type":"ListItem","position":2,"name":"\u00abEstas ciudades tienen un trabajo patrimonial que est\u00e1 en bruto\u00bb"}]},{"@type":"WebSite","@id":"https:\/\/dev.antudigital.cl\/sites\/vc\/#website","url":"https:\/\/dev.antudigital.cl\/sites\/vc\/","name":"Valpara\u00ed\u00adso Creativo","description":"","potentialAction":[{"@type":"SearchAction","target":{"@type":"EntryPoint","urlTemplate":"https:\/\/dev.antudigital.cl\/sites\/vc\/?s={search_term_string}"},"query-input":{"@type":"PropertyValueSpecification","valueRequired":true,"valueName":"search_term_string"}}],"inLanguage":"es"},{"@type":"Person","@id":"https:\/\/dev.antudigital.cl\/sites\/vc\/#\/schema\/person\/c2b9da8dd545e27166fc5ab232837318","name":"Valpara\u00edso Creativo","description":"Periodista de cultura en la Regi\u00f3n de Valpara\u00edso.","url":"https:\/\/dev.antudigital.cl\/sites\/vc\/author\/valpoadmin\/"}]}},"_links":{"self":[{"href":"https:\/\/dev.antudigital.cl\/sites\/vc\/wp-json\/wp\/v2\/posts\/18834","targetHints":{"allow":["GET"]}}],"collection":[{"href":"https:\/\/dev.antudigital.cl\/sites\/vc\/wp-json\/wp\/v2\/posts"}],"about":[{"href":"https:\/\/dev.antudigital.cl\/sites\/vc\/wp-json\/wp\/v2\/types\/post"}],"author":[{"embeddable":true,"href":"https:\/\/dev.antudigital.cl\/sites\/vc\/wp-json\/wp\/v2\/users\/1"}],"replies":[{"embeddable":true,"href":"https:\/\/dev.antudigital.cl\/sites\/vc\/wp-json\/wp\/v2\/comments?post=18834"}],"version-history":[{"count":1,"href":"https:\/\/dev.antudigital.cl\/sites\/vc\/wp-json\/wp\/v2\/posts\/18834\/revisions"}],"predecessor-version":[{"id":18837,"href":"https:\/\/dev.antudigital.cl\/sites\/vc\/wp-json\/wp\/v2\/posts\/18834\/revisions\/18837"}],"wp:featuredmedia":[{"embeddable":true,"href":"https:\/\/dev.antudigital.cl\/sites\/vc\/wp-json\/wp\/v2\/media\/18836"}],"wp:attachment":[{"href":"https:\/\/dev.antudigital.cl\/sites\/vc\/wp-json\/wp\/v2\/media?parent=18834"}],"wp:term":[{"taxonomy":"category","embeddable":true,"href":"https:\/\/dev.antudigital.cl\/sites\/vc\/wp-json\/wp\/v2\/categories?post=18834"},{"taxonomy":"post_tag","embeddable":true,"href":"https:\/\/dev.antudigital.cl\/sites\/vc\/wp-json\/wp\/v2\/tags?post=18834"}],"curies":[{"name":"wp","href":"https:\/\/api.w.org\/{rel}","templated":true}]}}