{"id":18847,"date":"2024-04-15T17:20:15","date_gmt":"2024-04-15T17:20:15","guid":{"rendered":"https:\/\/www.valparaisocreativo.cl\/?p=18847"},"modified":"2024-04-15T17:20:35","modified_gmt":"2024-04-15T17:20:35","slug":"barbara-gonzalez-presentara-accion-rizoma-n100-arte-sonoro-visual-y-medial-en-parque-escuela","status":"publish","type":"post","link":"https:\/\/dev.antudigital.cl\/sites\/vc\/barbara-gonzalez-presentara-accion-rizoma-n100-arte-sonoro-visual-y-medial-en-parque-escuela\/","title":{"rendered":"B\u00e1rbara Gonz\u00e1lez presentar\u00e1 Acci\u00f3n Rizoma n\u00b0100: arte sonoro, visual y medial en Parque Escuela"},"content":{"rendered":"\n<p>Este s\u00e1bado 20 de abril se realizar\u00e1 la celebraci\u00f3n n\u00ba 100 de Acci\u00f3n Rizoma de la artista B\u00e1rbara Gonz\u00e1lez. Se trata de un encuentro sonoro que, especialmente para la ocasi\u00f3n, se realizar\u00e1 en formato de concierto colectivo para una intervenci\u00f3n en el Parque Escuela, ex basural recuperado por la &nbsp;comunidad, ubicado en el Cerro Larra\u00edn.&nbsp; Este evento, producido por la organizaci\u00f3n comunitaria META&nbsp; y La Posada de Mar\u00eda de manera autogestionada, invita adem\u00e1s a participar de la creaci\u00f3n colectiva &nbsp;de esta obra, abriendo senderos y generando paisajes respetuosos con la biodiversidad del lugar.<\/p>\n\n\n\n<p>B\u00e1rbara Gonz\u00e1lez es artista visual y pintora de la Universidad de Chile y Mag\u00edster en Producciones art\u00edsticas e investigaci\u00f3n en la Universitat de Barcelona. Se ha desempe\u00f1ado como artista investigadora de conexiones sonoras, visuales y corporales, desde una constante recomposici\u00f3n de ensamblajes que se instalan y activan espaciotemporalmente como acciones, a modo de concierto sonoro-visual. El arte sonoro, visual y medial que despliega Acci\u00f3n Rizoma, es un trabajo de largo alcance y geo territorialmente m\u00f3vil, desarrollado de manera continua por B\u00e1rbara desde el a\u00f1o 2006 hasta la fecha.<\/p>\n\n\n\n<figure class=\"wp-block-image size-large\"><img fetchpriority=\"high\" decoding=\"async\" width=\"1024\" height=\"678\" src=\"https:\/\/www.valparaisocreativo.cl\/wp-content\/uploads\/2024\/04\/Accion-Rizoma-1024x678.jpeg\" alt=\"\" class=\"wp-image-18849\" srcset=\"https:\/\/dev.antudigital.cl\/sites\/vc\/wp-content\/uploads\/2024\/04\/Accion-Rizoma-1024x678.jpeg 1024w, https:\/\/dev.antudigital.cl\/sites\/vc\/wp-content\/uploads\/2024\/04\/Accion-Rizoma-300x199.jpeg 300w, https:\/\/dev.antudigital.cl\/sites\/vc\/wp-content\/uploads\/2024\/04\/Accion-Rizoma-768x508.jpeg 768w, https:\/\/dev.antudigital.cl\/sites\/vc\/wp-content\/uploads\/2024\/04\/Accion-Rizoma-1536x1017.jpeg 1536w, https:\/\/dev.antudigital.cl\/sites\/vc\/wp-content\/uploads\/2024\/04\/Accion-Rizoma-1080x715.jpeg 1080w, https:\/\/dev.antudigital.cl\/sites\/vc\/wp-content\/uploads\/2024\/04\/Accion-Rizoma-1280x847.jpeg 1280w, https:\/\/dev.antudigital.cl\/sites\/vc\/wp-content\/uploads\/2024\/04\/Accion-Rizoma-980x649.jpeg 980w, https:\/\/dev.antudigital.cl\/sites\/vc\/wp-content\/uploads\/2024\/04\/Accion-Rizoma-480x318.jpeg 480w, https:\/\/dev.antudigital.cl\/sites\/vc\/wp-content\/uploads\/2024\/04\/Accion-Rizoma-24x16.jpeg 24w, https:\/\/dev.antudigital.cl\/sites\/vc\/wp-content\/uploads\/2024\/04\/Accion-Rizoma-36x24.jpeg 36w, https:\/\/dev.antudigital.cl\/sites\/vc\/wp-content\/uploads\/2024\/04\/Accion-Rizoma-48x32.jpeg 48w, https:\/\/dev.antudigital.cl\/sites\/vc\/wp-content\/uploads\/2024\/04\/Accion-Rizoma.jpeg 1600w\" sizes=\"(max-width: 1024px) 100vw, 1024px\" \/><\/figure>\n\n\n\n<p>Para la artista, la realizaci\u00f3n de arte vinculado a su contexto es fundamental: \u201cinvestigo componiendo una serie de ensamblajes que se articulan en un constante proceso de reconstrucci\u00f3n. La reflexi\u00f3n cr\u00edtica sobre dichas conexiones, su vinculaci\u00f3n con cada lugar y contexto en el que emergen, despliegan una obra po\u00e9tica que abre el cuerpo a la experimentaci\u00f3n tecnol\u00f3gicamente descentrada. As\u00ed realizo acciones en un recorrido espacio temporal, relaciones sin jerarqu\u00edas e indeterminadas, entre cuerpos y acoples, entre voces y arquitecturas, entre paisajes, seres y su geograf\u00eda. En un ambiente retroalimentado de energ\u00eda sonora-visual, que prolifera territorialmente con la intenci\u00f3n de vivir experiencias transformadoras.\u201d<\/p>\n\n\n\n<p>Hasta la fecha, la artista ha realizado 99 acciones presentadas en diferentes formatos, circuitos art\u00edsticos y encuentros de Arte Sonoro, Artes Mediales y Artes Visuales. Su trabajo emplea elementos de la m\u00fasica experimental, electr\u00f3nica y electroac\u00fastica, adem\u00e1s de cine y danza. Destacan residencias y festivales de arte sonoro y m\u00fasica experimental tanto en Chile como en el extranjero en pa\u00edses como Bolivia, Argentina, Brasil, M\u00e9xico, Canad\u00e1, Espa\u00f1a, Grecia, Austria y Alemania. Adem\u00e1s, participa local e internacionalmente en circuitos de improvisaci\u00f3n colectiva, sonora y musical desde el a\u00f1o 2015. El a\u00f1o 2019 convoca la colectiva de acci\u00f3n callejera SONORAS en Santiago de Chile.<\/p>\n\n\n\n<p>Durante la actividad en Parque Escuela se repartir\u00e1 el fanzine Acci\u00f3n Rizoma, un dispositivo de difusi\u00f3n del sitio web\u00a0<a href=\"http:\/\/barbagonzalez.cl\/\" target=\"_blank\" rel=\"noreferrer noopener\">barbagonzalez.cl<\/a>, con el apoyo de Fondart, cuyo prop\u00f3sito es visibilizar el transcurrir de las transformaciones y aportaciones de la obra de B\u00e1rbara Gonz\u00e1lez, desde sus ra\u00edces hasta la actualidad.<\/p>\n\n\n\n<figure class=\"wp-block-image size-large\"><img decoding=\"async\" width=\"1024\" height=\"1024\" src=\"https:\/\/www.valparaisocreativo.cl\/wp-content\/uploads\/2024\/04\/Afiche-Rizoma-1024x1024.jpeg\" alt=\"\" class=\"wp-image-18850\" srcset=\"https:\/\/dev.antudigital.cl\/sites\/vc\/wp-content\/uploads\/2024\/04\/Afiche-Rizoma-1024x1024.jpeg 1024w, https:\/\/dev.antudigital.cl\/sites\/vc\/wp-content\/uploads\/2024\/04\/Afiche-Rizoma-300x300.jpeg 300w, https:\/\/dev.antudigital.cl\/sites\/vc\/wp-content\/uploads\/2024\/04\/Afiche-Rizoma-150x150.jpeg 150w, https:\/\/dev.antudigital.cl\/sites\/vc\/wp-content\/uploads\/2024\/04\/Afiche-Rizoma-768x768.jpeg 768w, https:\/\/dev.antudigital.cl\/sites\/vc\/wp-content\/uploads\/2024\/04\/Afiche-Rizoma-1536x1536.jpeg 1536w, https:\/\/dev.antudigital.cl\/sites\/vc\/wp-content\/uploads\/2024\/04\/Afiche-Rizoma-1080x1080.jpeg 1080w, https:\/\/dev.antudigital.cl\/sites\/vc\/wp-content\/uploads\/2024\/04\/Afiche-Rizoma-1280x1280.jpeg 1280w, https:\/\/dev.antudigital.cl\/sites\/vc\/wp-content\/uploads\/2024\/04\/Afiche-Rizoma-980x980.jpeg 980w, https:\/\/dev.antudigital.cl\/sites\/vc\/wp-content\/uploads\/2024\/04\/Afiche-Rizoma-480x480.jpeg 480w, https:\/\/dev.antudigital.cl\/sites\/vc\/wp-content\/uploads\/2024\/04\/Afiche-Rizoma-24x24.jpeg 24w, https:\/\/dev.antudigital.cl\/sites\/vc\/wp-content\/uploads\/2024\/04\/Afiche-Rizoma-36x36.jpeg 36w, https:\/\/dev.antudigital.cl\/sites\/vc\/wp-content\/uploads\/2024\/04\/Afiche-Rizoma-48x48.jpeg 48w, https:\/\/dev.antudigital.cl\/sites\/vc\/wp-content\/uploads\/2024\/04\/Afiche-Rizoma.jpeg 1600w\" sizes=\"(max-width: 1024px) 100vw, 1024px\" \/><\/figure>\n\n\n\n<p>El prop\u00f3sito principal de esta compilaci\u00f3n es generar una visi\u00f3n panor\u00e1mica de Acci\u00f3n Rizoma a trav\u00e9s de una p\u00e1gina web que permita difundir en profundidad esta obra procesual de manera sistem\u00e1tica, recopilando material audiovisual, fotogr\u00e1fico, diagramas, partituras coreogr\u00e1ficas y textos que den cuenta, tanto del proceso de composici\u00f3n, exhibici\u00f3n y reflexi\u00f3n de esta pr\u00e1ctica art\u00edstica, como del posicionamiento de B\u00e1rbara Gonz\u00e1lez Barrera como artista chilena, referente y actual exponente local e internacional del Arte Sonoro y Medial. En este sentido, la importancia de este proyecto radica en visibilizar a partir de la difusi\u00f3n de Acci\u00f3n Rizoma el nivel de desarrollo de las artes mediales de Chile a nivel global.&nbsp;<\/p>\n\n\n\n<p>De esa forma, Acci\u00f3n Rizoma re\u00fane alrededor de 100 acciones que se instalan en relaci\u00f3n al contexto, como sitio espec\u00edfico, seg\u00fan las caracter\u00edsticas arquitect\u00f3nicas y geogr\u00e1ficas de cada lugar de exhibici\u00f3n. Adem\u00e1s, estas acciones conectan una serie materiales que trascienden su cotidianeidad, en un devenir de&nbsp;<em>Ensamblajes sonoro-visuales<\/em>, donde el cuerpo act\u00faa como flujo activador, para un recorrido espaciotemporal, que prolifera seg\u00fan el ambiente como experiencia viva.&nbsp;<\/p>\n\n\n\n<p>La actividad es abierta a todo p\u00fablico y se realizar\u00e1 en el Parque Escuela, ubicado en Sta. Rita 460, Cerro Larra\u00edn, Valpara\u00edso. Para m\u00e1s informaci\u00f3n visita\u00a0<a href=\"http:\/\/www.barbaragonzalez.cl\/\" target=\"_blank\" rel=\"noreferrer noopener\">www.barbaragonzalez.cl<\/a>.<\/p>\n","protected":false},"excerpt":{"rendered":"<p>Este s\u00e1bado 20 de abril se realizar\u00e1 la celebraci\u00f3n n\u00ba 100 de Acci\u00f3n Rizoma de la artista B\u00e1rbara Gonz\u00e1lez. Se trata de un encuentro sonoro que, especialmente para la ocasi\u00f3n, se realizar\u00e1 en formato de concierto colectivo para una intervenci\u00f3n en el Parque Escuela, ex basural recuperado por la &nbsp;comunidad, ubicado en el Cerro Larra\u00edn.&nbsp; [&hellip;]<\/p>\n","protected":false},"author":1,"featured_media":18848,"comment_status":"closed","ping_status":"closed","sticky":false,"template":"","format":"standard","meta":{"_acf_changed":false,"footnotes":""},"categories":[1],"tags":[],"class_list":["post-18847","post","type-post","status-publish","format-standard","has-post-thumbnail","hentry","category-uncategorized"],"acf":[],"yoast_head":"<!-- This site is optimized with the Yoast SEO plugin v27.1.1 - https:\/\/yoast.com\/product\/yoast-seo-wordpress\/ -->\n<title>B\u00e1rbara Gonz\u00e1lez presentar\u00e1 Acci\u00f3n Rizoma n\u00b0100: arte sonoro, visual y medial en Parque Escuela - Valpara\u00ed\u00adso Creativo<\/title>\n<meta name=\"robots\" content=\"index, follow, max-snippet:-1, max-image-preview:large, max-video-preview:-1\" \/>\n<link rel=\"canonical\" href=\"https:\/\/dev.antudigital.cl\/sites\/vc\/barbara-gonzalez-presentara-accion-rizoma-n100-arte-sonoro-visual-y-medial-en-parque-escuela\/\" \/>\n<meta property=\"og:locale\" content=\"es_ES\" \/>\n<meta property=\"og:type\" content=\"article\" \/>\n<meta property=\"og:title\" content=\"B\u00e1rbara Gonz\u00e1lez presentar\u00e1 Acci\u00f3n Rizoma n\u00b0100: arte sonoro, visual y medial en Parque Escuela - Valpara\u00ed\u00adso Creativo\" \/>\n<meta property=\"og:description\" content=\"Este s\u00e1bado 20 de abril se realizar\u00e1 la celebraci\u00f3n n\u00ba 100 de Acci\u00f3n Rizoma de la artista B\u00e1rbara Gonz\u00e1lez. Se trata de un encuentro sonoro que, especialmente para la ocasi\u00f3n, se realizar\u00e1 en formato de concierto colectivo para una intervenci\u00f3n en el Parque Escuela, ex basural recuperado por la &nbsp;comunidad, ubicado en el Cerro Larra\u00edn.&nbsp; [&hellip;]\" \/>\n<meta property=\"og:url\" content=\"https:\/\/dev.antudigital.cl\/sites\/vc\/barbara-gonzalez-presentara-accion-rizoma-n100-arte-sonoro-visual-y-medial-en-parque-escuela\/\" \/>\n<meta property=\"og:site_name\" content=\"Valpara\u00ed\u00adso Creativo\" \/>\n<meta property=\"article:published_time\" content=\"2024-04-15T17:20:15+00:00\" \/>\n<meta property=\"article:modified_time\" content=\"2024-04-15T17:20:35+00:00\" \/>\n<meta property=\"og:image\" content=\"https:\/\/dev.antudigital.cl\/sites\/vc\/wp-content\/uploads\/2024\/04\/4.-AR-2019.jpg\" \/>\n\t<meta property=\"og:image:width\" content=\"2048\" \/>\n\t<meta property=\"og:image:height\" content=\"1365\" \/>\n\t<meta property=\"og:image:type\" content=\"image\/jpeg\" \/>\n<meta name=\"author\" content=\"Valpara\u00edso Creativo\" \/>\n<meta name=\"twitter:card\" content=\"summary_large_image\" \/>\n<meta name=\"twitter:label1\" content=\"Escrito por\" \/>\n\t<meta name=\"twitter:data1\" content=\"Valpara\u00edso Creativo\" \/>\n\t<meta name=\"twitter:label2\" content=\"Tiempo de lectura\" \/>\n\t<meta name=\"twitter:data2\" content=\"4 minutos\" \/>\n<script type=\"application\/ld+json\" class=\"yoast-schema-graph\">{\"@context\":\"https:\/\/schema.org\",\"@graph\":[{\"@type\":\"Article\",\"@id\":\"https:\/\/dev.antudigital.cl\/sites\/vc\/barbara-gonzalez-presentara-accion-rizoma-n100-arte-sonoro-visual-y-medial-en-parque-escuela\/#article\",\"isPartOf\":{\"@id\":\"https:\/\/dev.antudigital.cl\/sites\/vc\/barbara-gonzalez-presentara-accion-rizoma-n100-arte-sonoro-visual-y-medial-en-parque-escuela\/\"},\"author\":{\"name\":\"Valpara\u00edso Creativo\",\"@id\":\"https:\/\/dev.antudigital.cl\/sites\/vc\/#\/schema\/person\/c2b9da8dd545e27166fc5ab232837318\"},\"headline\":\"B\u00e1rbara Gonz\u00e1lez presentar\u00e1 Acci\u00f3n Rizoma n\u00b0100: arte sonoro, visual y medial en Parque Escuela\",\"datePublished\":\"2024-04-15T17:20:15+00:00\",\"dateModified\":\"2024-04-15T17:20:35+00:00\",\"mainEntityOfPage\":{\"@id\":\"https:\/\/dev.antudigital.cl\/sites\/vc\/barbara-gonzalez-presentara-accion-rizoma-n100-arte-sonoro-visual-y-medial-en-parque-escuela\/\"},\"wordCount\":746,\"image\":{\"@id\":\"https:\/\/dev.antudigital.cl\/sites\/vc\/barbara-gonzalez-presentara-accion-rizoma-n100-arte-sonoro-visual-y-medial-en-parque-escuela\/#primaryimage\"},\"thumbnailUrl\":\"https:\/\/dev.antudigital.cl\/sites\/vc\/wp-content\/uploads\/2024\/04\/4.-AR-2019.jpg\",\"articleSection\":[\"Uncategorized\"],\"inLanguage\":\"es\"},{\"@type\":\"WebPage\",\"@id\":\"https:\/\/dev.antudigital.cl\/sites\/vc\/barbara-gonzalez-presentara-accion-rizoma-n100-arte-sonoro-visual-y-medial-en-parque-escuela\/\",\"url\":\"https:\/\/dev.antudigital.cl\/sites\/vc\/barbara-gonzalez-presentara-accion-rizoma-n100-arte-sonoro-visual-y-medial-en-parque-escuela\/\",\"name\":\"B\u00e1rbara Gonz\u00e1lez presentar\u00e1 Acci\u00f3n Rizoma n\u00b0100: arte sonoro, visual y medial en Parque Escuela - Valpara\u00ed\u00adso Creativo\",\"isPartOf\":{\"@id\":\"https:\/\/dev.antudigital.cl\/sites\/vc\/#website\"},\"primaryImageOfPage\":{\"@id\":\"https:\/\/dev.antudigital.cl\/sites\/vc\/barbara-gonzalez-presentara-accion-rizoma-n100-arte-sonoro-visual-y-medial-en-parque-escuela\/#primaryimage\"},\"image\":{\"@id\":\"https:\/\/dev.antudigital.cl\/sites\/vc\/barbara-gonzalez-presentara-accion-rizoma-n100-arte-sonoro-visual-y-medial-en-parque-escuela\/#primaryimage\"},\"thumbnailUrl\":\"https:\/\/dev.antudigital.cl\/sites\/vc\/wp-content\/uploads\/2024\/04\/4.-AR-2019.jpg\",\"datePublished\":\"2024-04-15T17:20:15+00:00\",\"dateModified\":\"2024-04-15T17:20:35+00:00\",\"author\":{\"@id\":\"https:\/\/dev.antudigital.cl\/sites\/vc\/#\/schema\/person\/c2b9da8dd545e27166fc5ab232837318\"},\"breadcrumb\":{\"@id\":\"https:\/\/dev.antudigital.cl\/sites\/vc\/barbara-gonzalez-presentara-accion-rizoma-n100-arte-sonoro-visual-y-medial-en-parque-escuela\/#breadcrumb\"},\"inLanguage\":\"es\",\"potentialAction\":[{\"@type\":\"ReadAction\",\"target\":[\"https:\/\/dev.antudigital.cl\/sites\/vc\/barbara-gonzalez-presentara-accion-rizoma-n100-arte-sonoro-visual-y-medial-en-parque-escuela\/\"]}]},{\"@type\":\"ImageObject\",\"inLanguage\":\"es\",\"@id\":\"https:\/\/dev.antudigital.cl\/sites\/vc\/barbara-gonzalez-presentara-accion-rizoma-n100-arte-sonoro-visual-y-medial-en-parque-escuela\/#primaryimage\",\"url\":\"https:\/\/dev.antudigital.cl\/sites\/vc\/wp-content\/uploads\/2024\/04\/4.-AR-2019.jpg\",\"contentUrl\":\"https:\/\/dev.antudigital.cl\/sites\/vc\/wp-content\/uploads\/2024\/04\/4.-AR-2019.jpg\",\"width\":2048,\"height\":1365},{\"@type\":\"BreadcrumbList\",\"@id\":\"https:\/\/dev.antudigital.cl\/sites\/vc\/barbara-gonzalez-presentara-accion-rizoma-n100-arte-sonoro-visual-y-medial-en-parque-escuela\/#breadcrumb\",\"itemListElement\":[{\"@type\":\"ListItem\",\"position\":1,\"name\":\"Home\",\"item\":\"https:\/\/dev.antudigital.cl\/sites\/vc\/\"},{\"@type\":\"ListItem\",\"position\":2,\"name\":\"B\u00e1rbara Gonz\u00e1lez presentar\u00e1 Acci\u00f3n Rizoma n\u00b0100: arte sonoro, visual y medial en Parque Escuela\"}]},{\"@type\":\"WebSite\",\"@id\":\"https:\/\/dev.antudigital.cl\/sites\/vc\/#website\",\"url\":\"https:\/\/dev.antudigital.cl\/sites\/vc\/\",\"name\":\"Valpara\u00ed\u00adso Creativo\",\"description\":\"\",\"potentialAction\":[{\"@type\":\"SearchAction\",\"target\":{\"@type\":\"EntryPoint\",\"urlTemplate\":\"https:\/\/dev.antudigital.cl\/sites\/vc\/?s={search_term_string}\"},\"query-input\":{\"@type\":\"PropertyValueSpecification\",\"valueRequired\":true,\"valueName\":\"search_term_string\"}}],\"inLanguage\":\"es\"},{\"@type\":\"Person\",\"@id\":\"https:\/\/dev.antudigital.cl\/sites\/vc\/#\/schema\/person\/c2b9da8dd545e27166fc5ab232837318\",\"name\":\"Valpara\u00edso Creativo\",\"description\":\"Periodista de cultura en la Regi\u00f3n de Valpara\u00edso.\",\"url\":\"https:\/\/dev.antudigital.cl\/sites\/vc\/author\/valpoadmin\/\"}]}<\/script>\n<!-- \/ Yoast SEO plugin. -->","yoast_head_json":{"title":"B\u00e1rbara Gonz\u00e1lez presentar\u00e1 Acci\u00f3n Rizoma n\u00b0100: arte sonoro, visual y medial en Parque Escuela - Valpara\u00ed\u00adso Creativo","robots":{"index":"index","follow":"follow","max-snippet":"max-snippet:-1","max-image-preview":"max-image-preview:large","max-video-preview":"max-video-preview:-1"},"canonical":"https:\/\/dev.antudigital.cl\/sites\/vc\/barbara-gonzalez-presentara-accion-rizoma-n100-arte-sonoro-visual-y-medial-en-parque-escuela\/","og_locale":"es_ES","og_type":"article","og_title":"B\u00e1rbara Gonz\u00e1lez presentar\u00e1 Acci\u00f3n Rizoma n\u00b0100: arte sonoro, visual y medial en Parque Escuela - Valpara\u00ed\u00adso Creativo","og_description":"Este s\u00e1bado 20 de abril se realizar\u00e1 la celebraci\u00f3n n\u00ba 100 de Acci\u00f3n Rizoma de la artista B\u00e1rbara Gonz\u00e1lez. Se trata de un encuentro sonoro que, especialmente para la ocasi\u00f3n, se realizar\u00e1 en formato de concierto colectivo para una intervenci\u00f3n en el Parque Escuela, ex basural recuperado por la &nbsp;comunidad, ubicado en el Cerro Larra\u00edn.&nbsp; [&hellip;]","og_url":"https:\/\/dev.antudigital.cl\/sites\/vc\/barbara-gonzalez-presentara-accion-rizoma-n100-arte-sonoro-visual-y-medial-en-parque-escuela\/","og_site_name":"Valpara\u00ed\u00adso Creativo","article_published_time":"2024-04-15T17:20:15+00:00","article_modified_time":"2024-04-15T17:20:35+00:00","og_image":[{"width":2048,"height":1365,"url":"https:\/\/dev.antudigital.cl\/sites\/vc\/wp-content\/uploads\/2024\/04\/4.-AR-2019.jpg","type":"image\/jpeg"}],"author":"Valpara\u00edso Creativo","twitter_card":"summary_large_image","twitter_misc":{"Escrito por":"Valpara\u00edso Creativo","Tiempo de lectura":"4 minutos"},"schema":{"@context":"https:\/\/schema.org","@graph":[{"@type":"Article","@id":"https:\/\/dev.antudigital.cl\/sites\/vc\/barbara-gonzalez-presentara-accion-rizoma-n100-arte-sonoro-visual-y-medial-en-parque-escuela\/#article","isPartOf":{"@id":"https:\/\/dev.antudigital.cl\/sites\/vc\/barbara-gonzalez-presentara-accion-rizoma-n100-arte-sonoro-visual-y-medial-en-parque-escuela\/"},"author":{"name":"Valpara\u00edso Creativo","@id":"https:\/\/dev.antudigital.cl\/sites\/vc\/#\/schema\/person\/c2b9da8dd545e27166fc5ab232837318"},"headline":"B\u00e1rbara Gonz\u00e1lez presentar\u00e1 Acci\u00f3n Rizoma n\u00b0100: arte sonoro, visual y medial en Parque Escuela","datePublished":"2024-04-15T17:20:15+00:00","dateModified":"2024-04-15T17:20:35+00:00","mainEntityOfPage":{"@id":"https:\/\/dev.antudigital.cl\/sites\/vc\/barbara-gonzalez-presentara-accion-rizoma-n100-arte-sonoro-visual-y-medial-en-parque-escuela\/"},"wordCount":746,"image":{"@id":"https:\/\/dev.antudigital.cl\/sites\/vc\/barbara-gonzalez-presentara-accion-rizoma-n100-arte-sonoro-visual-y-medial-en-parque-escuela\/#primaryimage"},"thumbnailUrl":"https:\/\/dev.antudigital.cl\/sites\/vc\/wp-content\/uploads\/2024\/04\/4.-AR-2019.jpg","articleSection":["Uncategorized"],"inLanguage":"es"},{"@type":"WebPage","@id":"https:\/\/dev.antudigital.cl\/sites\/vc\/barbara-gonzalez-presentara-accion-rizoma-n100-arte-sonoro-visual-y-medial-en-parque-escuela\/","url":"https:\/\/dev.antudigital.cl\/sites\/vc\/barbara-gonzalez-presentara-accion-rizoma-n100-arte-sonoro-visual-y-medial-en-parque-escuela\/","name":"B\u00e1rbara Gonz\u00e1lez presentar\u00e1 Acci\u00f3n Rizoma n\u00b0100: arte sonoro, visual y medial en Parque Escuela - Valpara\u00ed\u00adso Creativo","isPartOf":{"@id":"https:\/\/dev.antudigital.cl\/sites\/vc\/#website"},"primaryImageOfPage":{"@id":"https:\/\/dev.antudigital.cl\/sites\/vc\/barbara-gonzalez-presentara-accion-rizoma-n100-arte-sonoro-visual-y-medial-en-parque-escuela\/#primaryimage"},"image":{"@id":"https:\/\/dev.antudigital.cl\/sites\/vc\/barbara-gonzalez-presentara-accion-rizoma-n100-arte-sonoro-visual-y-medial-en-parque-escuela\/#primaryimage"},"thumbnailUrl":"https:\/\/dev.antudigital.cl\/sites\/vc\/wp-content\/uploads\/2024\/04\/4.-AR-2019.jpg","datePublished":"2024-04-15T17:20:15+00:00","dateModified":"2024-04-15T17:20:35+00:00","author":{"@id":"https:\/\/dev.antudigital.cl\/sites\/vc\/#\/schema\/person\/c2b9da8dd545e27166fc5ab232837318"},"breadcrumb":{"@id":"https:\/\/dev.antudigital.cl\/sites\/vc\/barbara-gonzalez-presentara-accion-rizoma-n100-arte-sonoro-visual-y-medial-en-parque-escuela\/#breadcrumb"},"inLanguage":"es","potentialAction":[{"@type":"ReadAction","target":["https:\/\/dev.antudigital.cl\/sites\/vc\/barbara-gonzalez-presentara-accion-rizoma-n100-arte-sonoro-visual-y-medial-en-parque-escuela\/"]}]},{"@type":"ImageObject","inLanguage":"es","@id":"https:\/\/dev.antudigital.cl\/sites\/vc\/barbara-gonzalez-presentara-accion-rizoma-n100-arte-sonoro-visual-y-medial-en-parque-escuela\/#primaryimage","url":"https:\/\/dev.antudigital.cl\/sites\/vc\/wp-content\/uploads\/2024\/04\/4.-AR-2019.jpg","contentUrl":"https:\/\/dev.antudigital.cl\/sites\/vc\/wp-content\/uploads\/2024\/04\/4.-AR-2019.jpg","width":2048,"height":1365},{"@type":"BreadcrumbList","@id":"https:\/\/dev.antudigital.cl\/sites\/vc\/barbara-gonzalez-presentara-accion-rizoma-n100-arte-sonoro-visual-y-medial-en-parque-escuela\/#breadcrumb","itemListElement":[{"@type":"ListItem","position":1,"name":"Home","item":"https:\/\/dev.antudigital.cl\/sites\/vc\/"},{"@type":"ListItem","position":2,"name":"B\u00e1rbara Gonz\u00e1lez presentar\u00e1 Acci\u00f3n Rizoma n\u00b0100: arte sonoro, visual y medial en Parque Escuela"}]},{"@type":"WebSite","@id":"https:\/\/dev.antudigital.cl\/sites\/vc\/#website","url":"https:\/\/dev.antudigital.cl\/sites\/vc\/","name":"Valpara\u00ed\u00adso Creativo","description":"","potentialAction":[{"@type":"SearchAction","target":{"@type":"EntryPoint","urlTemplate":"https:\/\/dev.antudigital.cl\/sites\/vc\/?s={search_term_string}"},"query-input":{"@type":"PropertyValueSpecification","valueRequired":true,"valueName":"search_term_string"}}],"inLanguage":"es"},{"@type":"Person","@id":"https:\/\/dev.antudigital.cl\/sites\/vc\/#\/schema\/person\/c2b9da8dd545e27166fc5ab232837318","name":"Valpara\u00edso Creativo","description":"Periodista de cultura en la Regi\u00f3n de Valpara\u00edso.","url":"https:\/\/dev.antudigital.cl\/sites\/vc\/author\/valpoadmin\/"}]}},"_links":{"self":[{"href":"https:\/\/dev.antudigital.cl\/sites\/vc\/wp-json\/wp\/v2\/posts\/18847","targetHints":{"allow":["GET"]}}],"collection":[{"href":"https:\/\/dev.antudigital.cl\/sites\/vc\/wp-json\/wp\/v2\/posts"}],"about":[{"href":"https:\/\/dev.antudigital.cl\/sites\/vc\/wp-json\/wp\/v2\/types\/post"}],"author":[{"embeddable":true,"href":"https:\/\/dev.antudigital.cl\/sites\/vc\/wp-json\/wp\/v2\/users\/1"}],"replies":[{"embeddable":true,"href":"https:\/\/dev.antudigital.cl\/sites\/vc\/wp-json\/wp\/v2\/comments?post=18847"}],"version-history":[{"count":1,"href":"https:\/\/dev.antudigital.cl\/sites\/vc\/wp-json\/wp\/v2\/posts\/18847\/revisions"}],"predecessor-version":[{"id":18851,"href":"https:\/\/dev.antudigital.cl\/sites\/vc\/wp-json\/wp\/v2\/posts\/18847\/revisions\/18851"}],"wp:featuredmedia":[{"embeddable":true,"href":"https:\/\/dev.antudigital.cl\/sites\/vc\/wp-json\/wp\/v2\/media\/18848"}],"wp:attachment":[{"href":"https:\/\/dev.antudigital.cl\/sites\/vc\/wp-json\/wp\/v2\/media?parent=18847"}],"wp:term":[{"taxonomy":"category","embeddable":true,"href":"https:\/\/dev.antudigital.cl\/sites\/vc\/wp-json\/wp\/v2\/categories?post=18847"},{"taxonomy":"post_tag","embeddable":true,"href":"https:\/\/dev.antudigital.cl\/sites\/vc\/wp-json\/wp\/v2\/tags?post=18847"}],"curies":[{"name":"wp","href":"https:\/\/api.w.org\/{rel}","templated":true}]}}