{"id":18852,"date":"2024-04-15T21:00:41","date_gmt":"2024-04-15T21:00:41","guid":{"rendered":"https:\/\/www.valparaisocreativo.cl\/?p=18852"},"modified":"2024-04-15T21:01:00","modified_gmt":"2024-04-15T21:01:00","slug":"festival-de-cine-cannabico-llega-a-valparaiso","status":"publish","type":"post","link":"https:\/\/dev.antudigital.cl\/sites\/vc\/festival-de-cine-cannabico-llega-a-valparaiso\/","title":{"rendered":"Festival de cine cann\u00e1bico llega a Valpara\u00edso"},"content":{"rendered":"\n<p>\u25cf&nbsp;&nbsp;&nbsp;&nbsp;&nbsp;&nbsp;&nbsp;El&nbsp;<strong>FICC<\/strong>&nbsp;llega por tercera vez consecutiva a Chile con una programaci\u00f3n de&nbsp;<strong>cortos y largometrajes<\/strong>&nbsp;que nunca han sido exhibidos en el pa\u00eds.<\/p>\n\n\n\n<p>\u25cf&nbsp;&nbsp;&nbsp;&nbsp;&nbsp;&nbsp;&nbsp;Las actividades se realizar\u00e1n desde el&nbsp;<strong>viernes 26&nbsp;<\/strong>al<strong>&nbsp;domingo 28 de abril.<\/strong><\/p>\n\n\n\n<p>\u25cf&nbsp;&nbsp;&nbsp;&nbsp;&nbsp;&nbsp;&nbsp;Las funciones se llevar\u00e1n a cabo en&nbsp;<strong>Insomnia Teatro Condell<\/strong>&nbsp;(Valpara\u00edso), con actividades especiales en&nbsp;<strong>Casa Sativa Sunset<\/strong>&nbsp;(Re\u00f1aca).<\/p>\n\n\n\n<p>Entre el viernes 26 al domingo 28 de abril,&nbsp;<strong>Valpara\u00edso&nbsp;<\/strong>ser\u00e1 sede del<strong>&nbsp;3er Festival Internacional de Cine Cann\u00e1bico (FICC),<\/strong>&nbsp;actividad que se realiza en Argentina, Chile y Uruguay con el fin de&nbsp;<strong>derribar prejuicios con respecto a diversos usos del cannabis,<\/strong>&nbsp;brindar informaci\u00f3n y colaborar en el acceso a m\u00e1s derechos, utilizando el s\u00e9ptimo arte como herramienta de transformaci\u00f3n social.<\/p>\n\n\n\n<p>Cada a\u00f1o se inscriben al festival aproximadamente 500 pel\u00edculas, entre las que\u00a0<strong>se seleccionan aproximadamente 30 t\u00edtulos<\/strong>\u00a0que se proyectan en Argentina de manera presencial y online, los cuales son premiados por un jurado internacional compuesto por expertos en cine y cannabis.\u00a0<strong>Este a\u00f1o, el FICC llega a Chile con una programaci\u00f3n exclusiva enfocada en las pel\u00edculas ganadoras de la \u00faltima edici\u00f3n.<\/strong><\/p>\n\n\n\n<figure class=\"wp-block-image size-large\"><img fetchpriority=\"high\" decoding=\"async\" width=\"1024\" height=\"682\" src=\"https:\/\/www.valparaisocreativo.cl\/wp-content\/uploads\/2024\/04\/Blondi-1024x682.jpg\" alt=\"\" class=\"wp-image-18853\" srcset=\"https:\/\/dev.antudigital.cl\/sites\/vc\/wp-content\/uploads\/2024\/04\/Blondi-1024x682.jpg 1024w, https:\/\/dev.antudigital.cl\/sites\/vc\/wp-content\/uploads\/2024\/04\/Blondi-300x200.jpg 300w, https:\/\/dev.antudigital.cl\/sites\/vc\/wp-content\/uploads\/2024\/04\/Blondi-768x512.jpg 768w, https:\/\/dev.antudigital.cl\/sites\/vc\/wp-content\/uploads\/2024\/04\/Blondi-1080x719.jpg 1080w, https:\/\/dev.antudigital.cl\/sites\/vc\/wp-content\/uploads\/2024\/04\/Blondi-1280x853.jpg 1280w, https:\/\/dev.antudigital.cl\/sites\/vc\/wp-content\/uploads\/2024\/04\/Blondi-980x653.jpg 980w, https:\/\/dev.antudigital.cl\/sites\/vc\/wp-content\/uploads\/2024\/04\/Blondi-480x320.jpg 480w, https:\/\/dev.antudigital.cl\/sites\/vc\/wp-content\/uploads\/2024\/04\/Blondi-24x16.jpg 24w, https:\/\/dev.antudigital.cl\/sites\/vc\/wp-content\/uploads\/2024\/04\/Blondi-36x24.jpg 36w, https:\/\/dev.antudigital.cl\/sites\/vc\/wp-content\/uploads\/2024\/04\/Blondi-48x32.jpg 48w, https:\/\/dev.antudigital.cl\/sites\/vc\/wp-content\/uploads\/2024\/04\/Blondi.jpg 1300w\" sizes=\"(max-width: 1024px) 100vw, 1024px\" \/><\/figure>\n\n\n\n<p><strong>Las actividades comienzan el 26 de abril en dependencias del cine Insomnia Teatro Condell (Calle Condell #1585, Valpara\u00edso),<\/strong>&nbsp;con una inauguraci\u00f3n que contar\u00e1 con una feria de stands y un c\u00f3ctel de bienvenida realizado en conjunto por la chocolater\u00eda&nbsp;<strong>Amor y malicia,&nbsp;<\/strong>y el gin de&nbsp;<strong>Destiler\u00eda \u00c1nimas de Quiltil&nbsp;<\/strong>enriquecido con terpenos cann\u00e1bicos<strong>.<\/strong><\/p>\n\n\n\n<p>La programaci\u00f3n est\u00e1 conformada por la exhibici\u00f3n de&nbsp;<strong>largometrajes<\/strong>&nbsp;como&nbsp;<strong>\u201cBlondi\u201d (Argentina, 2023),<\/strong>&nbsp;el luminoso debut de la actriz argentina&nbsp;<strong>Dolores Fonzi<\/strong>&nbsp;como directora;&nbsp;<strong>\u201cThe Marijuana Conspiracy\u201d (Canad\u00e1, 2020),<\/strong>&nbsp;una ficci\u00f3n dirigida por&nbsp;<strong>Craig Pryce&nbsp;<\/strong>&nbsp;basada en una historia real de un experimento humano que en 1972 quiso estudiar&nbsp; el efecto del cannabis en&nbsp; mujeres j\u00f3venes; y&nbsp;<strong>\u201cCannabis Sets You Free\u201d (Eslovenia, 2022),<\/strong>&nbsp;un ensayo documental de&nbsp;<strong>Miha \u010celar<\/strong>&nbsp;sobre activistas de Eslovenia, antigua Yugoslavia, y pa\u00edses vecinos, que han dedicado sus vidas al activismo cann\u00e1bico.<\/p>\n\n\n\n<p>En paralelo se exhibir\u00e1n los&nbsp;<strong>cortometrajes<\/strong>&nbsp;<strong>\u201cStigma\u201d (A\u00edda Arg\u00fcelles, Espa\u00f1a, 2023)<\/strong>, un breve documental animado sobre una mujer que busca vencer sus propios demonios;&nbsp;<strong>\u201cEl encargado\u201d (Ricardo Figueredo Oliva, Cuba, 2023),<\/strong>&nbsp;el encuentro de un hombre de La Habana y un ser de otro planeta; y&nbsp;<strong>\u201cEnlatado\u201d (Diego Benevides, Brasil, 2023),<\/strong>&nbsp;la historia cann\u00e1bica de \u2018El Viejo Pereira\u2019 a trav\u00e9s de una c\u00e1mara Super-8.<\/p>\n\n\n\n<p>Este a\u00f1o el festival cuenta con&nbsp;<strong>conversatorios, muestras, fiestas y diversas propuestas culturales<\/strong>&nbsp;que buscan aportar a la difusi\u00f3n de la cultura cann\u00e1bica, como las charlas&nbsp;<strong>\u201cCultivo e innovaci\u00f3n nacional\u201d<\/strong>&nbsp;y&nbsp;<strong>\u201cSalud y cannabis\u201d<\/strong>&nbsp;en cine Insomnia, como las&nbsp;<strong>actividades e intervenciones art\u00edsticas que se realizar\u00e1n el domingo 28 en Casa Sunset (Emiliano Figueroa #15019, Re\u00f1aca),<\/strong>&nbsp;donde tambi\u00e9n se realizar\u00e1 la&nbsp;<strong>Fiesta de clausura del FICC.<\/strong><\/p>\n\n\n\n<p>Desde el 2019 el Festival Internacional de Cine Cann\u00e1bico se realiza en&nbsp;<strong>Argentina, Chile y Uruguay.<\/strong>&nbsp;Entre espectadores presenciales y virtuales, cada a\u00f1o&nbsp;<strong>m\u00e1s de 10.000 personas ven su programaci\u00f3n.<\/strong>&nbsp;Esperamos que cada a\u00f1o sean m\u00e1s.<\/p>\n\n\n\n<p><strong>CONTACTO<\/strong><\/p>\n\n\n\n<p>\u25cf&nbsp;&nbsp;&nbsp;&nbsp;&nbsp;&nbsp;&nbsp;Sitio web:&nbsp;<a href=\"http:\/\/www.ficc.ar\/\" target=\"_blank\" rel=\"noreferrer noopener\">www.ficc.ar<\/a><\/p>\n\n\n\n<p>\u25cf&nbsp;&nbsp;&nbsp;&nbsp;&nbsp;&nbsp;&nbsp;Programaci\u00f3n:&nbsp;<a href=\"mailto:cinecannabico@gmail.com\" target=\"_blank\" rel=\"noreferrer noopener\">cinecannabico@gmail.com<\/a><\/p>\n\n\n\n<p>\u25cf&nbsp;&nbsp;&nbsp;&nbsp;&nbsp;&nbsp;&nbsp;Prensa en Chile:&nbsp;<a href=\"mailto:ficcmedios@gmail.com\" target=\"_blank\" rel=\"noreferrer noopener\">ficcmedios@gmail.com<\/a><\/p>\n\n\n\n<p>\u25cf&nbsp;&nbsp;&nbsp;&nbsp;&nbsp;&nbsp;&nbsp;YouTube:&nbsp;<a href=\"https:\/\/www.youtube.com\/FICCFestivalCineCannabico\" target=\"_blank\" rel=\"noreferrer noopener\">FICCFestivalCineCannabico<\/a><\/p>\n\n\n\n<p>\u25cf&nbsp;&nbsp;&nbsp;&nbsp;&nbsp;&nbsp;&nbsp;Instagram:&nbsp;<a href=\"https:\/\/www.instagram.com\/festivalcinecannabico\/\" target=\"_blank\" rel=\"noreferrer noopener\">@festivalcinecannabico<\/a><\/p>\n\n\n\n<p>\u25cf&nbsp;&nbsp;&nbsp;&nbsp;&nbsp;&nbsp;&nbsp;Facebook:&nbsp;<a href=\"https:\/\/web.facebook.com\/FESTIVALCINECANNABICO\/\" target=\"_blank\" rel=\"noreferrer noopener\">@FESTIVALCINECANNABICO<\/a><\/p>\n\n\n\n<p>\u25cf&nbsp;&nbsp;&nbsp;&nbsp;&nbsp;&nbsp;&nbsp;X (Twitter):&nbsp;<a href=\"https:\/\/twitter.com\/CINECANNABICO\/\" target=\"_blank\" rel=\"noreferrer noopener\">@CineCannabico<\/a><\/p>\n\n\n\n<p><strong>SEDES<\/strong><\/p>\n\n\n\n<p>&#8211;&nbsp;&nbsp;&nbsp;&nbsp;&nbsp;&nbsp;&nbsp;&nbsp;&nbsp;&nbsp;<strong>Cine Insomnia Teatro Condell<\/strong><strong><\/strong><\/p>\n\n\n\n<p>Calle Condell 1585, Valpara\u00edso Chile<\/p>\n\n\n\n<p>&#8211;&nbsp;&nbsp;&nbsp;&nbsp;&nbsp;&nbsp;&nbsp;&nbsp;&nbsp;&nbsp;<strong>Casa Sativa Sunset<\/strong><strong><\/strong><\/p>\n\n\n\n<p>Emiliano Figueroa 15019, Re\u00f1aca Chile<\/p>\n","protected":false},"excerpt":{"rendered":"<p>\u25cf&nbsp;&nbsp;&nbsp;&nbsp;&nbsp;&nbsp;&nbsp;El&nbsp;FICC&nbsp;llega por tercera vez consecutiva a Chile con una programaci\u00f3n de&nbsp;cortos y largometrajes&nbsp;que nunca han sido exhibidos en el pa\u00eds. \u25cf&nbsp;&nbsp;&nbsp;&nbsp;&nbsp;&nbsp;&nbsp;Las actividades se realizar\u00e1n desde el&nbsp;viernes 26&nbsp;al&nbsp;domingo 28 de abril. \u25cf&nbsp;&nbsp;&nbsp;&nbsp;&nbsp;&nbsp;&nbsp;Las funciones se llevar\u00e1n a cabo en&nbsp;Insomnia Teatro Condell&nbsp;(Valpara\u00edso), con actividades especiales en&nbsp;Casa Sativa Sunset&nbsp;(Re\u00f1aca). Entre el viernes 26 al domingo 28 de abril,&nbsp;Valpara\u00edso&nbsp;ser\u00e1 sede [&hellip;]<\/p>\n","protected":false},"author":1,"featured_media":18854,"comment_status":"closed","ping_status":"closed","sticky":false,"template":"","format":"standard","meta":{"_acf_changed":false,"footnotes":""},"categories":[1],"tags":[],"class_list":["post-18852","post","type-post","status-publish","format-standard","has-post-thumbnail","hentry","category-uncategorized"],"acf":[],"yoast_head":"<!-- This site is optimized with the Yoast SEO plugin v27.1.1 - https:\/\/yoast.com\/product\/yoast-seo-wordpress\/ -->\n<title>Festival de cine cann\u00e1bico llega a Valpara\u00edso - Valpara\u00ed\u00adso Creativo<\/title>\n<meta name=\"robots\" content=\"index, follow, max-snippet:-1, max-image-preview:large, max-video-preview:-1\" \/>\n<link rel=\"canonical\" href=\"https:\/\/dev.antudigital.cl\/sites\/vc\/festival-de-cine-cannabico-llega-a-valparaiso\/\" \/>\n<meta property=\"og:locale\" content=\"es_ES\" \/>\n<meta property=\"og:type\" content=\"article\" \/>\n<meta property=\"og:title\" content=\"Festival de cine cann\u00e1bico llega a Valpara\u00edso - Valpara\u00ed\u00adso Creativo\" \/>\n<meta property=\"og:description\" content=\"\u25cf&nbsp;&nbsp;&nbsp;&nbsp;&nbsp;&nbsp;&nbsp;El&nbsp;FICC&nbsp;llega por tercera vez consecutiva a Chile con una programaci\u00f3n de&nbsp;cortos y largometrajes&nbsp;que nunca han sido exhibidos en el pa\u00eds. \u25cf&nbsp;&nbsp;&nbsp;&nbsp;&nbsp;&nbsp;&nbsp;Las actividades se realizar\u00e1n desde el&nbsp;viernes 26&nbsp;al&nbsp;domingo 28 de abril. \u25cf&nbsp;&nbsp;&nbsp;&nbsp;&nbsp;&nbsp;&nbsp;Las funciones se llevar\u00e1n a cabo en&nbsp;Insomnia Teatro Condell&nbsp;(Valpara\u00edso), con actividades especiales en&nbsp;Casa Sativa Sunset&nbsp;(Re\u00f1aca). Entre el viernes 26 al domingo 28 de abril,&nbsp;Valpara\u00edso&nbsp;ser\u00e1 sede [&hellip;]\" \/>\n<meta property=\"og:url\" content=\"https:\/\/dev.antudigital.cl\/sites\/vc\/festival-de-cine-cannabico-llega-a-valparaiso\/\" \/>\n<meta property=\"og:site_name\" content=\"Valpara\u00ed\u00adso Creativo\" \/>\n<meta property=\"article:published_time\" content=\"2024-04-15T21:00:41+00:00\" \/>\n<meta property=\"article:modified_time\" content=\"2024-04-15T21:01:00+00:00\" \/>\n<meta property=\"og:image\" content=\"https:\/\/dev.antudigital.cl\/sites\/vc\/wp-content\/uploads\/2024\/04\/The-marijuana-Conspiracy.jpg\" \/>\n\t<meta property=\"og:image:width\" content=\"1600\" \/>\n\t<meta property=\"og:image:height\" content=\"901\" \/>\n\t<meta property=\"og:image:type\" content=\"image\/jpeg\" \/>\n<meta name=\"author\" content=\"Valpara\u00edso Creativo\" \/>\n<meta name=\"twitter:card\" content=\"summary_large_image\" \/>\n<meta name=\"twitter:label1\" content=\"Escrito por\" \/>\n\t<meta name=\"twitter:data1\" content=\"Valpara\u00edso Creativo\" \/>\n\t<meta name=\"twitter:label2\" content=\"Tiempo de lectura\" \/>\n\t<meta name=\"twitter:data2\" content=\"3 minutos\" \/>\n<script type=\"application\/ld+json\" class=\"yoast-schema-graph\">{\"@context\":\"https:\/\/schema.org\",\"@graph\":[{\"@type\":\"Article\",\"@id\":\"https:\/\/dev.antudigital.cl\/sites\/vc\/festival-de-cine-cannabico-llega-a-valparaiso\/#article\",\"isPartOf\":{\"@id\":\"https:\/\/dev.antudigital.cl\/sites\/vc\/festival-de-cine-cannabico-llega-a-valparaiso\/\"},\"author\":{\"name\":\"Valpara\u00edso Creativo\",\"@id\":\"https:\/\/dev.antudigital.cl\/sites\/vc\/#\/schema\/person\/c2b9da8dd545e27166fc5ab232837318\"},\"headline\":\"Festival de cine cann\u00e1bico llega a Valpara\u00edso\",\"datePublished\":\"2024-04-15T21:00:41+00:00\",\"dateModified\":\"2024-04-15T21:01:00+00:00\",\"mainEntityOfPage\":{\"@id\":\"https:\/\/dev.antudigital.cl\/sites\/vc\/festival-de-cine-cannabico-llega-a-valparaiso\/\"},\"wordCount\":728,\"image\":{\"@id\":\"https:\/\/dev.antudigital.cl\/sites\/vc\/festival-de-cine-cannabico-llega-a-valparaiso\/#primaryimage\"},\"thumbnailUrl\":\"https:\/\/dev.antudigital.cl\/sites\/vc\/wp-content\/uploads\/2024\/04\/The-marijuana-Conspiracy.jpg\",\"articleSection\":[\"Uncategorized\"],\"inLanguage\":\"es\"},{\"@type\":\"WebPage\",\"@id\":\"https:\/\/dev.antudigital.cl\/sites\/vc\/festival-de-cine-cannabico-llega-a-valparaiso\/\",\"url\":\"https:\/\/dev.antudigital.cl\/sites\/vc\/festival-de-cine-cannabico-llega-a-valparaiso\/\",\"name\":\"Festival de cine cann\u00e1bico llega a Valpara\u00edso - Valpara\u00ed\u00adso Creativo\",\"isPartOf\":{\"@id\":\"https:\/\/dev.antudigital.cl\/sites\/vc\/#website\"},\"primaryImageOfPage\":{\"@id\":\"https:\/\/dev.antudigital.cl\/sites\/vc\/festival-de-cine-cannabico-llega-a-valparaiso\/#primaryimage\"},\"image\":{\"@id\":\"https:\/\/dev.antudigital.cl\/sites\/vc\/festival-de-cine-cannabico-llega-a-valparaiso\/#primaryimage\"},\"thumbnailUrl\":\"https:\/\/dev.antudigital.cl\/sites\/vc\/wp-content\/uploads\/2024\/04\/The-marijuana-Conspiracy.jpg\",\"datePublished\":\"2024-04-15T21:00:41+00:00\",\"dateModified\":\"2024-04-15T21:01:00+00:00\",\"author\":{\"@id\":\"https:\/\/dev.antudigital.cl\/sites\/vc\/#\/schema\/person\/c2b9da8dd545e27166fc5ab232837318\"},\"breadcrumb\":{\"@id\":\"https:\/\/dev.antudigital.cl\/sites\/vc\/festival-de-cine-cannabico-llega-a-valparaiso\/#breadcrumb\"},\"inLanguage\":\"es\",\"potentialAction\":[{\"@type\":\"ReadAction\",\"target\":[\"https:\/\/dev.antudigital.cl\/sites\/vc\/festival-de-cine-cannabico-llega-a-valparaiso\/\"]}]},{\"@type\":\"ImageObject\",\"inLanguage\":\"es\",\"@id\":\"https:\/\/dev.antudigital.cl\/sites\/vc\/festival-de-cine-cannabico-llega-a-valparaiso\/#primaryimage\",\"url\":\"https:\/\/dev.antudigital.cl\/sites\/vc\/wp-content\/uploads\/2024\/04\/The-marijuana-Conspiracy.jpg\",\"contentUrl\":\"https:\/\/dev.antudigital.cl\/sites\/vc\/wp-content\/uploads\/2024\/04\/The-marijuana-Conspiracy.jpg\",\"width\":1600,\"height\":901},{\"@type\":\"BreadcrumbList\",\"@id\":\"https:\/\/dev.antudigital.cl\/sites\/vc\/festival-de-cine-cannabico-llega-a-valparaiso\/#breadcrumb\",\"itemListElement\":[{\"@type\":\"ListItem\",\"position\":1,\"name\":\"Home\",\"item\":\"https:\/\/dev.antudigital.cl\/sites\/vc\/\"},{\"@type\":\"ListItem\",\"position\":2,\"name\":\"Festival de cine cann\u00e1bico llega a Valpara\u00edso\"}]},{\"@type\":\"WebSite\",\"@id\":\"https:\/\/dev.antudigital.cl\/sites\/vc\/#website\",\"url\":\"https:\/\/dev.antudigital.cl\/sites\/vc\/\",\"name\":\"Valpara\u00ed\u00adso Creativo\",\"description\":\"\",\"potentialAction\":[{\"@type\":\"SearchAction\",\"target\":{\"@type\":\"EntryPoint\",\"urlTemplate\":\"https:\/\/dev.antudigital.cl\/sites\/vc\/?s={search_term_string}\"},\"query-input\":{\"@type\":\"PropertyValueSpecification\",\"valueRequired\":true,\"valueName\":\"search_term_string\"}}],\"inLanguage\":\"es\"},{\"@type\":\"Person\",\"@id\":\"https:\/\/dev.antudigital.cl\/sites\/vc\/#\/schema\/person\/c2b9da8dd545e27166fc5ab232837318\",\"name\":\"Valpara\u00edso Creativo\",\"description\":\"Periodista de cultura en la Regi\u00f3n de Valpara\u00edso.\",\"url\":\"https:\/\/dev.antudigital.cl\/sites\/vc\/author\/valpoadmin\/\"}]}<\/script>\n<!-- \/ Yoast SEO plugin. -->","yoast_head_json":{"title":"Festival de cine cann\u00e1bico llega a Valpara\u00edso - Valpara\u00ed\u00adso Creativo","robots":{"index":"index","follow":"follow","max-snippet":"max-snippet:-1","max-image-preview":"max-image-preview:large","max-video-preview":"max-video-preview:-1"},"canonical":"https:\/\/dev.antudigital.cl\/sites\/vc\/festival-de-cine-cannabico-llega-a-valparaiso\/","og_locale":"es_ES","og_type":"article","og_title":"Festival de cine cann\u00e1bico llega a Valpara\u00edso - Valpara\u00ed\u00adso Creativo","og_description":"\u25cf&nbsp;&nbsp;&nbsp;&nbsp;&nbsp;&nbsp;&nbsp;El&nbsp;FICC&nbsp;llega por tercera vez consecutiva a Chile con una programaci\u00f3n de&nbsp;cortos y largometrajes&nbsp;que nunca han sido exhibidos en el pa\u00eds. \u25cf&nbsp;&nbsp;&nbsp;&nbsp;&nbsp;&nbsp;&nbsp;Las actividades se realizar\u00e1n desde el&nbsp;viernes 26&nbsp;al&nbsp;domingo 28 de abril. \u25cf&nbsp;&nbsp;&nbsp;&nbsp;&nbsp;&nbsp;&nbsp;Las funciones se llevar\u00e1n a cabo en&nbsp;Insomnia Teatro Condell&nbsp;(Valpara\u00edso), con actividades especiales en&nbsp;Casa Sativa Sunset&nbsp;(Re\u00f1aca). Entre el viernes 26 al domingo 28 de abril,&nbsp;Valpara\u00edso&nbsp;ser\u00e1 sede [&hellip;]","og_url":"https:\/\/dev.antudigital.cl\/sites\/vc\/festival-de-cine-cannabico-llega-a-valparaiso\/","og_site_name":"Valpara\u00ed\u00adso Creativo","article_published_time":"2024-04-15T21:00:41+00:00","article_modified_time":"2024-04-15T21:01:00+00:00","og_image":[{"width":1600,"height":901,"url":"https:\/\/dev.antudigital.cl\/sites\/vc\/wp-content\/uploads\/2024\/04\/The-marijuana-Conspiracy.jpg","type":"image\/jpeg"}],"author":"Valpara\u00edso Creativo","twitter_card":"summary_large_image","twitter_misc":{"Escrito por":"Valpara\u00edso Creativo","Tiempo de lectura":"3 minutos"},"schema":{"@context":"https:\/\/schema.org","@graph":[{"@type":"Article","@id":"https:\/\/dev.antudigital.cl\/sites\/vc\/festival-de-cine-cannabico-llega-a-valparaiso\/#article","isPartOf":{"@id":"https:\/\/dev.antudigital.cl\/sites\/vc\/festival-de-cine-cannabico-llega-a-valparaiso\/"},"author":{"name":"Valpara\u00edso Creativo","@id":"https:\/\/dev.antudigital.cl\/sites\/vc\/#\/schema\/person\/c2b9da8dd545e27166fc5ab232837318"},"headline":"Festival de cine cann\u00e1bico llega a Valpara\u00edso","datePublished":"2024-04-15T21:00:41+00:00","dateModified":"2024-04-15T21:01:00+00:00","mainEntityOfPage":{"@id":"https:\/\/dev.antudigital.cl\/sites\/vc\/festival-de-cine-cannabico-llega-a-valparaiso\/"},"wordCount":728,"image":{"@id":"https:\/\/dev.antudigital.cl\/sites\/vc\/festival-de-cine-cannabico-llega-a-valparaiso\/#primaryimage"},"thumbnailUrl":"https:\/\/dev.antudigital.cl\/sites\/vc\/wp-content\/uploads\/2024\/04\/The-marijuana-Conspiracy.jpg","articleSection":["Uncategorized"],"inLanguage":"es"},{"@type":"WebPage","@id":"https:\/\/dev.antudigital.cl\/sites\/vc\/festival-de-cine-cannabico-llega-a-valparaiso\/","url":"https:\/\/dev.antudigital.cl\/sites\/vc\/festival-de-cine-cannabico-llega-a-valparaiso\/","name":"Festival de cine cann\u00e1bico llega a Valpara\u00edso - Valpara\u00ed\u00adso Creativo","isPartOf":{"@id":"https:\/\/dev.antudigital.cl\/sites\/vc\/#website"},"primaryImageOfPage":{"@id":"https:\/\/dev.antudigital.cl\/sites\/vc\/festival-de-cine-cannabico-llega-a-valparaiso\/#primaryimage"},"image":{"@id":"https:\/\/dev.antudigital.cl\/sites\/vc\/festival-de-cine-cannabico-llega-a-valparaiso\/#primaryimage"},"thumbnailUrl":"https:\/\/dev.antudigital.cl\/sites\/vc\/wp-content\/uploads\/2024\/04\/The-marijuana-Conspiracy.jpg","datePublished":"2024-04-15T21:00:41+00:00","dateModified":"2024-04-15T21:01:00+00:00","author":{"@id":"https:\/\/dev.antudigital.cl\/sites\/vc\/#\/schema\/person\/c2b9da8dd545e27166fc5ab232837318"},"breadcrumb":{"@id":"https:\/\/dev.antudigital.cl\/sites\/vc\/festival-de-cine-cannabico-llega-a-valparaiso\/#breadcrumb"},"inLanguage":"es","potentialAction":[{"@type":"ReadAction","target":["https:\/\/dev.antudigital.cl\/sites\/vc\/festival-de-cine-cannabico-llega-a-valparaiso\/"]}]},{"@type":"ImageObject","inLanguage":"es","@id":"https:\/\/dev.antudigital.cl\/sites\/vc\/festival-de-cine-cannabico-llega-a-valparaiso\/#primaryimage","url":"https:\/\/dev.antudigital.cl\/sites\/vc\/wp-content\/uploads\/2024\/04\/The-marijuana-Conspiracy.jpg","contentUrl":"https:\/\/dev.antudigital.cl\/sites\/vc\/wp-content\/uploads\/2024\/04\/The-marijuana-Conspiracy.jpg","width":1600,"height":901},{"@type":"BreadcrumbList","@id":"https:\/\/dev.antudigital.cl\/sites\/vc\/festival-de-cine-cannabico-llega-a-valparaiso\/#breadcrumb","itemListElement":[{"@type":"ListItem","position":1,"name":"Home","item":"https:\/\/dev.antudigital.cl\/sites\/vc\/"},{"@type":"ListItem","position":2,"name":"Festival de cine cann\u00e1bico llega a Valpara\u00edso"}]},{"@type":"WebSite","@id":"https:\/\/dev.antudigital.cl\/sites\/vc\/#website","url":"https:\/\/dev.antudigital.cl\/sites\/vc\/","name":"Valpara\u00ed\u00adso Creativo","description":"","potentialAction":[{"@type":"SearchAction","target":{"@type":"EntryPoint","urlTemplate":"https:\/\/dev.antudigital.cl\/sites\/vc\/?s={search_term_string}"},"query-input":{"@type":"PropertyValueSpecification","valueRequired":true,"valueName":"search_term_string"}}],"inLanguage":"es"},{"@type":"Person","@id":"https:\/\/dev.antudigital.cl\/sites\/vc\/#\/schema\/person\/c2b9da8dd545e27166fc5ab232837318","name":"Valpara\u00edso Creativo","description":"Periodista de cultura en la Regi\u00f3n de Valpara\u00edso.","url":"https:\/\/dev.antudigital.cl\/sites\/vc\/author\/valpoadmin\/"}]}},"_links":{"self":[{"href":"https:\/\/dev.antudigital.cl\/sites\/vc\/wp-json\/wp\/v2\/posts\/18852","targetHints":{"allow":["GET"]}}],"collection":[{"href":"https:\/\/dev.antudigital.cl\/sites\/vc\/wp-json\/wp\/v2\/posts"}],"about":[{"href":"https:\/\/dev.antudigital.cl\/sites\/vc\/wp-json\/wp\/v2\/types\/post"}],"author":[{"embeddable":true,"href":"https:\/\/dev.antudigital.cl\/sites\/vc\/wp-json\/wp\/v2\/users\/1"}],"replies":[{"embeddable":true,"href":"https:\/\/dev.antudigital.cl\/sites\/vc\/wp-json\/wp\/v2\/comments?post=18852"}],"version-history":[{"count":1,"href":"https:\/\/dev.antudigital.cl\/sites\/vc\/wp-json\/wp\/v2\/posts\/18852\/revisions"}],"predecessor-version":[{"id":18855,"href":"https:\/\/dev.antudigital.cl\/sites\/vc\/wp-json\/wp\/v2\/posts\/18852\/revisions\/18855"}],"wp:featuredmedia":[{"embeddable":true,"href":"https:\/\/dev.antudigital.cl\/sites\/vc\/wp-json\/wp\/v2\/media\/18854"}],"wp:attachment":[{"href":"https:\/\/dev.antudigital.cl\/sites\/vc\/wp-json\/wp\/v2\/media?parent=18852"}],"wp:term":[{"taxonomy":"category","embeddable":true,"href":"https:\/\/dev.antudigital.cl\/sites\/vc\/wp-json\/wp\/v2\/categories?post=18852"},{"taxonomy":"post_tag","embeddable":true,"href":"https:\/\/dev.antudigital.cl\/sites\/vc\/wp-json\/wp\/v2\/tags?post=18852"}],"curies":[{"name":"wp","href":"https:\/\/api.w.org\/{rel}","templated":true}]}}