{"id":18856,"date":"2024-04-15T21:12:24","date_gmt":"2024-04-15T21:12:24","guid":{"rendered":"https:\/\/www.valparaisocreativo.cl\/?p=18856"},"modified":"2024-04-15T21:12:41","modified_gmt":"2024-04-15T21:12:41","slug":"nuevo-concierto-de-antonio-monasterio-ensamble","status":"publish","type":"post","link":"https:\/\/dev.antudigital.cl\/sites\/vc\/nuevo-concierto-de-antonio-monasterio-ensamble\/","title":{"rendered":"Nuevo concierto de Antonio Monasterio Ensamble"},"content":{"rendered":"\n<p>Este a\u00f1o, celebramos el sexto aniversario de<a href=\"https:\/\/apkqq.r.ag.d.sendibm3.com\/mk\/cl\/f\/sh\/1f8JIKXwHGYowyv8chcDrBr5hG\/LsVRdPhHlAA4\" target=\"_blank\" rel=\"noreferrer noopener\">&nbsp;\u201cCentro y Periferia\u201d<\/a>&nbsp;el primer disco de<a href=\"https:\/\/apkqq.r.ag.d.sendibm3.com\/mk\/cl\/f\/sh\/1f8JIKXwHGZDuBaLZs857YtUnO\/-1PqIXr6MFat\" target=\"_blank\" rel=\"noreferrer noopener\">&nbsp;Antonio Monasterio Ensamble<\/a>.<strong>&nbsp;\u00bfQu\u00e9 mejor manera de hacerlo que con dos emocionantes presentaciones en vivo, reviviendo los temas de este \u00e1lbum que se ha convertido en un hito del jazz contempor\u00e1neo nacional?<\/strong><\/p>\n\n\n\n<p>La primera cita ser\u00e1 el\u00a0<strong>viernes 26 de abril en la Sala Master<\/strong>\u00a0de la Radio Universidad de Chile, en\u00a0<strong>Santiago<\/strong>. Y el\u00a0<strong>27 de abril, en la Sala Teatro IPA en Valpara\u00edso<\/strong>, la ciudad que vio nacer esta obra ic\u00f3nica.<\/p>\n\n\n\n<p>En estos conciertos, podr\u00e1s deleitarte con los temas originales, interpretados en su mayor\u00eda por m\u00fasicos distintos a la formaci\u00f3n inicial de esta producci\u00f3n musical, y con la inclusi\u00f3n de nuevos instrumentos que enriquecer\u00e1n a\u00fan m\u00e1s la experiencia auditiva. Adem\u00e1s, te esperan sorpresas y arreglos que te transportar\u00e1n a dimensiones siderales, sumergi\u00e9ndote en la genialidad de este ensamble que ha conquistado escenarios internacionales, demostrando su lugar privilegiado entre las mejores bandas del jazz latinoamericano.<\/p>\n\n\n\n<p>Te invitamos a ser parte de estas fechas especiales, a disfrutar de un espect\u00e1culo de calidad internacional y a vivir una experiencia \u00fanica para tus sentidos.\u00a0<strong>\u00a1Consigue tus entradas a trav\u00e9s de Portal Ticket!\u00a0<\/strong><\/p>\n\n\n\n<p><a href=\"https:\/\/www.portaldisc.com\/evento\/amecentroyperiferiaipa\"><strong>Entradas ac\u00e1<\/strong><\/a><\/p>\n","protected":false},"excerpt":{"rendered":"<p>Este a\u00f1o, celebramos el sexto aniversario de&nbsp;\u201cCentro y Periferia\u201d&nbsp;el primer disco de&nbsp;Antonio Monasterio Ensamble.&nbsp;\u00bfQu\u00e9 mejor manera de hacerlo que con dos emocionantes presentaciones en vivo, reviviendo los temas de este \u00e1lbum que se ha convertido en un hito del jazz contempor\u00e1neo nacional? La primera cita ser\u00e1 el\u00a0viernes 26 de abril en la Sala Master\u00a0de la [&hellip;]<\/p>\n","protected":false},"author":1,"featured_media":18857,"comment_status":"closed","ping_status":"closed","sticky":false,"template":"","format":"standard","meta":{"_acf_changed":false,"footnotes":""},"categories":[8],"tags":[],"class_list":["post-18856","post","type-post","status-publish","format-standard","has-post-thumbnail","hentry","category-noticia"],"acf":[],"yoast_head":"<!-- This site is optimized with the Yoast SEO plugin v27.1.1 - https:\/\/yoast.com\/product\/yoast-seo-wordpress\/ -->\n<title>Nuevo concierto de Antonio Monasterio Ensamble - Valpara\u00ed\u00adso Creativo<\/title>\n<meta name=\"robots\" content=\"index, follow, max-snippet:-1, max-image-preview:large, max-video-preview:-1\" \/>\n<link rel=\"canonical\" href=\"https:\/\/dev.antudigital.cl\/sites\/vc\/nuevo-concierto-de-antonio-monasterio-ensamble\/\" \/>\n<meta property=\"og:locale\" content=\"es_ES\" \/>\n<meta property=\"og:type\" content=\"article\" \/>\n<meta property=\"og:title\" content=\"Nuevo concierto de Antonio Monasterio Ensamble - Valpara\u00ed\u00adso Creativo\" \/>\n<meta property=\"og:description\" content=\"Este a\u00f1o, celebramos el sexto aniversario de&nbsp;\u201cCentro y Periferia\u201d&nbsp;el primer disco de&nbsp;Antonio Monasterio Ensamble.&nbsp;\u00bfQu\u00e9 mejor manera de hacerlo que con dos emocionantes presentaciones en vivo, reviviendo los temas de este \u00e1lbum que se ha convertido en un hito del jazz contempor\u00e1neo nacional? La primera cita ser\u00e1 el\u00a0viernes 26 de abril en la Sala Master\u00a0de la [&hellip;]\" \/>\n<meta property=\"og:url\" content=\"https:\/\/dev.antudigital.cl\/sites\/vc\/nuevo-concierto-de-antonio-monasterio-ensamble\/\" \/>\n<meta property=\"og:site_name\" content=\"Valpara\u00ed\u00adso Creativo\" \/>\n<meta property=\"article:published_time\" content=\"2024-04-15T21:12:24+00:00\" \/>\n<meta property=\"article:modified_time\" content=\"2024-04-15T21:12:41+00:00\" \/>\n<meta property=\"og:image\" content=\"https:\/\/dev.antudigital.cl\/sites\/vc\/wp-content\/uploads\/2024\/04\/unnamed-5.jpg\" \/>\n\t<meta property=\"og:image:width\" content=\"1200\" \/>\n\t<meta property=\"og:image:height\" content=\"1100\" \/>\n\t<meta property=\"og:image:type\" content=\"image\/jpeg\" \/>\n<meta name=\"author\" content=\"Valpara\u00edso Creativo\" \/>\n<meta name=\"twitter:card\" content=\"summary_large_image\" \/>\n<meta name=\"twitter:label1\" content=\"Escrito por\" \/>\n\t<meta name=\"twitter:data1\" content=\"Valpara\u00edso Creativo\" \/>\n\t<meta name=\"twitter:label2\" content=\"Tiempo de lectura\" \/>\n\t<meta name=\"twitter:data2\" content=\"2 minutos\" \/>\n<script type=\"application\/ld+json\" class=\"yoast-schema-graph\">{\"@context\":\"https:\/\/schema.org\",\"@graph\":[{\"@type\":\"Article\",\"@id\":\"https:\/\/dev.antudigital.cl\/sites\/vc\/nuevo-concierto-de-antonio-monasterio-ensamble\/#article\",\"isPartOf\":{\"@id\":\"https:\/\/dev.antudigital.cl\/sites\/vc\/nuevo-concierto-de-antonio-monasterio-ensamble\/\"},\"author\":{\"name\":\"Valpara\u00edso Creativo\",\"@id\":\"https:\/\/dev.antudigital.cl\/sites\/vc\/#\/schema\/person\/c2b9da8dd545e27166fc5ab232837318\"},\"headline\":\"Nuevo concierto de Antonio Monasterio Ensamble\",\"datePublished\":\"2024-04-15T21:12:24+00:00\",\"dateModified\":\"2024-04-15T21:12:41+00:00\",\"mainEntityOfPage\":{\"@id\":\"https:\/\/dev.antudigital.cl\/sites\/vc\/nuevo-concierto-de-antonio-monasterio-ensamble\/\"},\"wordCount\":222,\"image\":{\"@id\":\"https:\/\/dev.antudigital.cl\/sites\/vc\/nuevo-concierto-de-antonio-monasterio-ensamble\/#primaryimage\"},\"thumbnailUrl\":\"https:\/\/dev.antudigital.cl\/sites\/vc\/wp-content\/uploads\/2024\/04\/unnamed-5.jpg\",\"articleSection\":[\"Noticia\"],\"inLanguage\":\"es\"},{\"@type\":\"WebPage\",\"@id\":\"https:\/\/dev.antudigital.cl\/sites\/vc\/nuevo-concierto-de-antonio-monasterio-ensamble\/\",\"url\":\"https:\/\/dev.antudigital.cl\/sites\/vc\/nuevo-concierto-de-antonio-monasterio-ensamble\/\",\"name\":\"Nuevo concierto de Antonio Monasterio Ensamble - Valpara\u00ed\u00adso Creativo\",\"isPartOf\":{\"@id\":\"https:\/\/dev.antudigital.cl\/sites\/vc\/#website\"},\"primaryImageOfPage\":{\"@id\":\"https:\/\/dev.antudigital.cl\/sites\/vc\/nuevo-concierto-de-antonio-monasterio-ensamble\/#primaryimage\"},\"image\":{\"@id\":\"https:\/\/dev.antudigital.cl\/sites\/vc\/nuevo-concierto-de-antonio-monasterio-ensamble\/#primaryimage\"},\"thumbnailUrl\":\"https:\/\/dev.antudigital.cl\/sites\/vc\/wp-content\/uploads\/2024\/04\/unnamed-5.jpg\",\"datePublished\":\"2024-04-15T21:12:24+00:00\",\"dateModified\":\"2024-04-15T21:12:41+00:00\",\"author\":{\"@id\":\"https:\/\/dev.antudigital.cl\/sites\/vc\/#\/schema\/person\/c2b9da8dd545e27166fc5ab232837318\"},\"breadcrumb\":{\"@id\":\"https:\/\/dev.antudigital.cl\/sites\/vc\/nuevo-concierto-de-antonio-monasterio-ensamble\/#breadcrumb\"},\"inLanguage\":\"es\",\"potentialAction\":[{\"@type\":\"ReadAction\",\"target\":[\"https:\/\/dev.antudigital.cl\/sites\/vc\/nuevo-concierto-de-antonio-monasterio-ensamble\/\"]}]},{\"@type\":\"ImageObject\",\"inLanguage\":\"es\",\"@id\":\"https:\/\/dev.antudigital.cl\/sites\/vc\/nuevo-concierto-de-antonio-monasterio-ensamble\/#primaryimage\",\"url\":\"https:\/\/dev.antudigital.cl\/sites\/vc\/wp-content\/uploads\/2024\/04\/unnamed-5.jpg\",\"contentUrl\":\"https:\/\/dev.antudigital.cl\/sites\/vc\/wp-content\/uploads\/2024\/04\/unnamed-5.jpg\",\"width\":1200,\"height\":1100},{\"@type\":\"BreadcrumbList\",\"@id\":\"https:\/\/dev.antudigital.cl\/sites\/vc\/nuevo-concierto-de-antonio-monasterio-ensamble\/#breadcrumb\",\"itemListElement\":[{\"@type\":\"ListItem\",\"position\":1,\"name\":\"Home\",\"item\":\"https:\/\/dev.antudigital.cl\/sites\/vc\/\"},{\"@type\":\"ListItem\",\"position\":2,\"name\":\"Nuevo concierto de Antonio Monasterio Ensamble\"}]},{\"@type\":\"WebSite\",\"@id\":\"https:\/\/dev.antudigital.cl\/sites\/vc\/#website\",\"url\":\"https:\/\/dev.antudigital.cl\/sites\/vc\/\",\"name\":\"Valpara\u00ed\u00adso Creativo\",\"description\":\"\",\"potentialAction\":[{\"@type\":\"SearchAction\",\"target\":{\"@type\":\"EntryPoint\",\"urlTemplate\":\"https:\/\/dev.antudigital.cl\/sites\/vc\/?s={search_term_string}\"},\"query-input\":{\"@type\":\"PropertyValueSpecification\",\"valueRequired\":true,\"valueName\":\"search_term_string\"}}],\"inLanguage\":\"es\"},{\"@type\":\"Person\",\"@id\":\"https:\/\/dev.antudigital.cl\/sites\/vc\/#\/schema\/person\/c2b9da8dd545e27166fc5ab232837318\",\"name\":\"Valpara\u00edso Creativo\",\"description\":\"Periodista de cultura en la Regi\u00f3n de Valpara\u00edso.\",\"url\":\"https:\/\/dev.antudigital.cl\/sites\/vc\/author\/valpoadmin\/\"}]}<\/script>\n<!-- \/ Yoast SEO plugin. -->","yoast_head_json":{"title":"Nuevo concierto de Antonio Monasterio Ensamble - Valpara\u00ed\u00adso Creativo","robots":{"index":"index","follow":"follow","max-snippet":"max-snippet:-1","max-image-preview":"max-image-preview:large","max-video-preview":"max-video-preview:-1"},"canonical":"https:\/\/dev.antudigital.cl\/sites\/vc\/nuevo-concierto-de-antonio-monasterio-ensamble\/","og_locale":"es_ES","og_type":"article","og_title":"Nuevo concierto de Antonio Monasterio Ensamble - Valpara\u00ed\u00adso Creativo","og_description":"Este a\u00f1o, celebramos el sexto aniversario de&nbsp;\u201cCentro y Periferia\u201d&nbsp;el primer disco de&nbsp;Antonio Monasterio Ensamble.&nbsp;\u00bfQu\u00e9 mejor manera de hacerlo que con dos emocionantes presentaciones en vivo, reviviendo los temas de este \u00e1lbum que se ha convertido en un hito del jazz contempor\u00e1neo nacional? La primera cita ser\u00e1 el\u00a0viernes 26 de abril en la Sala Master\u00a0de la [&hellip;]","og_url":"https:\/\/dev.antudigital.cl\/sites\/vc\/nuevo-concierto-de-antonio-monasterio-ensamble\/","og_site_name":"Valpara\u00ed\u00adso Creativo","article_published_time":"2024-04-15T21:12:24+00:00","article_modified_time":"2024-04-15T21:12:41+00:00","og_image":[{"width":1200,"height":1100,"url":"https:\/\/dev.antudigital.cl\/sites\/vc\/wp-content\/uploads\/2024\/04\/unnamed-5.jpg","type":"image\/jpeg"}],"author":"Valpara\u00edso Creativo","twitter_card":"summary_large_image","twitter_misc":{"Escrito por":"Valpara\u00edso Creativo","Tiempo de lectura":"2 minutos"},"schema":{"@context":"https:\/\/schema.org","@graph":[{"@type":"Article","@id":"https:\/\/dev.antudigital.cl\/sites\/vc\/nuevo-concierto-de-antonio-monasterio-ensamble\/#article","isPartOf":{"@id":"https:\/\/dev.antudigital.cl\/sites\/vc\/nuevo-concierto-de-antonio-monasterio-ensamble\/"},"author":{"name":"Valpara\u00edso Creativo","@id":"https:\/\/dev.antudigital.cl\/sites\/vc\/#\/schema\/person\/c2b9da8dd545e27166fc5ab232837318"},"headline":"Nuevo concierto de Antonio Monasterio Ensamble","datePublished":"2024-04-15T21:12:24+00:00","dateModified":"2024-04-15T21:12:41+00:00","mainEntityOfPage":{"@id":"https:\/\/dev.antudigital.cl\/sites\/vc\/nuevo-concierto-de-antonio-monasterio-ensamble\/"},"wordCount":222,"image":{"@id":"https:\/\/dev.antudigital.cl\/sites\/vc\/nuevo-concierto-de-antonio-monasterio-ensamble\/#primaryimage"},"thumbnailUrl":"https:\/\/dev.antudigital.cl\/sites\/vc\/wp-content\/uploads\/2024\/04\/unnamed-5.jpg","articleSection":["Noticia"],"inLanguage":"es"},{"@type":"WebPage","@id":"https:\/\/dev.antudigital.cl\/sites\/vc\/nuevo-concierto-de-antonio-monasterio-ensamble\/","url":"https:\/\/dev.antudigital.cl\/sites\/vc\/nuevo-concierto-de-antonio-monasterio-ensamble\/","name":"Nuevo concierto de Antonio Monasterio Ensamble - Valpara\u00ed\u00adso Creativo","isPartOf":{"@id":"https:\/\/dev.antudigital.cl\/sites\/vc\/#website"},"primaryImageOfPage":{"@id":"https:\/\/dev.antudigital.cl\/sites\/vc\/nuevo-concierto-de-antonio-monasterio-ensamble\/#primaryimage"},"image":{"@id":"https:\/\/dev.antudigital.cl\/sites\/vc\/nuevo-concierto-de-antonio-monasterio-ensamble\/#primaryimage"},"thumbnailUrl":"https:\/\/dev.antudigital.cl\/sites\/vc\/wp-content\/uploads\/2024\/04\/unnamed-5.jpg","datePublished":"2024-04-15T21:12:24+00:00","dateModified":"2024-04-15T21:12:41+00:00","author":{"@id":"https:\/\/dev.antudigital.cl\/sites\/vc\/#\/schema\/person\/c2b9da8dd545e27166fc5ab232837318"},"breadcrumb":{"@id":"https:\/\/dev.antudigital.cl\/sites\/vc\/nuevo-concierto-de-antonio-monasterio-ensamble\/#breadcrumb"},"inLanguage":"es","potentialAction":[{"@type":"ReadAction","target":["https:\/\/dev.antudigital.cl\/sites\/vc\/nuevo-concierto-de-antonio-monasterio-ensamble\/"]}]},{"@type":"ImageObject","inLanguage":"es","@id":"https:\/\/dev.antudigital.cl\/sites\/vc\/nuevo-concierto-de-antonio-monasterio-ensamble\/#primaryimage","url":"https:\/\/dev.antudigital.cl\/sites\/vc\/wp-content\/uploads\/2024\/04\/unnamed-5.jpg","contentUrl":"https:\/\/dev.antudigital.cl\/sites\/vc\/wp-content\/uploads\/2024\/04\/unnamed-5.jpg","width":1200,"height":1100},{"@type":"BreadcrumbList","@id":"https:\/\/dev.antudigital.cl\/sites\/vc\/nuevo-concierto-de-antonio-monasterio-ensamble\/#breadcrumb","itemListElement":[{"@type":"ListItem","position":1,"name":"Home","item":"https:\/\/dev.antudigital.cl\/sites\/vc\/"},{"@type":"ListItem","position":2,"name":"Nuevo concierto de Antonio Monasterio Ensamble"}]},{"@type":"WebSite","@id":"https:\/\/dev.antudigital.cl\/sites\/vc\/#website","url":"https:\/\/dev.antudigital.cl\/sites\/vc\/","name":"Valpara\u00ed\u00adso Creativo","description":"","potentialAction":[{"@type":"SearchAction","target":{"@type":"EntryPoint","urlTemplate":"https:\/\/dev.antudigital.cl\/sites\/vc\/?s={search_term_string}"},"query-input":{"@type":"PropertyValueSpecification","valueRequired":true,"valueName":"search_term_string"}}],"inLanguage":"es"},{"@type":"Person","@id":"https:\/\/dev.antudigital.cl\/sites\/vc\/#\/schema\/person\/c2b9da8dd545e27166fc5ab232837318","name":"Valpara\u00edso Creativo","description":"Periodista de cultura en la Regi\u00f3n de Valpara\u00edso.","url":"https:\/\/dev.antudigital.cl\/sites\/vc\/author\/valpoadmin\/"}]}},"_links":{"self":[{"href":"https:\/\/dev.antudigital.cl\/sites\/vc\/wp-json\/wp\/v2\/posts\/18856","targetHints":{"allow":["GET"]}}],"collection":[{"href":"https:\/\/dev.antudigital.cl\/sites\/vc\/wp-json\/wp\/v2\/posts"}],"about":[{"href":"https:\/\/dev.antudigital.cl\/sites\/vc\/wp-json\/wp\/v2\/types\/post"}],"author":[{"embeddable":true,"href":"https:\/\/dev.antudigital.cl\/sites\/vc\/wp-json\/wp\/v2\/users\/1"}],"replies":[{"embeddable":true,"href":"https:\/\/dev.antudigital.cl\/sites\/vc\/wp-json\/wp\/v2\/comments?post=18856"}],"version-history":[{"count":1,"href":"https:\/\/dev.antudigital.cl\/sites\/vc\/wp-json\/wp\/v2\/posts\/18856\/revisions"}],"predecessor-version":[{"id":18858,"href":"https:\/\/dev.antudigital.cl\/sites\/vc\/wp-json\/wp\/v2\/posts\/18856\/revisions\/18858"}],"wp:featuredmedia":[{"embeddable":true,"href":"https:\/\/dev.antudigital.cl\/sites\/vc\/wp-json\/wp\/v2\/media\/18857"}],"wp:attachment":[{"href":"https:\/\/dev.antudigital.cl\/sites\/vc\/wp-json\/wp\/v2\/media?parent=18856"}],"wp:term":[{"taxonomy":"category","embeddable":true,"href":"https:\/\/dev.antudigital.cl\/sites\/vc\/wp-json\/wp\/v2\/categories?post=18856"},{"taxonomy":"post_tag","embeddable":true,"href":"https:\/\/dev.antudigital.cl\/sites\/vc\/wp-json\/wp\/v2\/tags?post=18856"}],"curies":[{"name":"wp","href":"https:\/\/api.w.org\/{rel}","templated":true}]}}