{"id":18859,"date":"2024-04-15T21:18:10","date_gmt":"2024-04-15T21:18:10","guid":{"rendered":"https:\/\/www.valparaisocreativo.cl\/?p=18859"},"modified":"2024-04-15T21:18:29","modified_gmt":"2024-04-15T21:18:29","slug":"8vo-festilambe-calienta-los-motores-para-el-despegue-con-gran-convocatoria-gran","status":"publish","type":"post","link":"https:\/\/dev.antudigital.cl\/sites\/vc\/8vo-festilambe-calienta-los-motores-para-el-despegue-con-gran-convocatoria-gran\/","title":{"rendered":"8vo FESTILAMBE calienta los motores para el despegue con GRAN CONVOCATORIA GRAN"},"content":{"rendered":"\n<p><strong>Desde el viernes 4 al domingo 13 de octubre se desplegar\u00e1 por Valpara\u00edso la octava versi\u00f3n del FESTILAMBE<\/strong>, Festival Internacional de Teatro Lambe Lambe \u201cConvocando Humanidad\u201d, proyecto dise\u00f1ado con dedicaci\u00f3n y cari\u00f1o por Fundaci\u00f3n OANI y financiado por el Fondo Nacional de Fomento y Desarrollo de las Artes Esc\u00e9nicas, Convocatoria 2024, del Ministerio de las Culturas, las Artes y el Patrimonio.<\/p>\n\n\n\n<p><strong>Durante marzo se lanz\u00f3 la convocatoria<\/strong>\u00a0<strong>para la selecci\u00f3n de 25 espect\u00e1culos in\u00e9ditos<\/strong>, realizados por artistas emergentes, con trayectoria, autodidactas o profesionales con formaci\u00f3n acad\u00e9mica.\u00a0<strong>Se recibieron 139 postulaciones provenientes de 14 pa\u00edses<\/strong>: Brasil, Argentina, Alemania, Canad\u00e1, Colombia, Chile, Ecuador, Espa\u00f1a, Italia, M\u00e9xico, Per\u00fa, Slovakia , Uruguay y Venezuela.\u00a0<\/p>\n\n\n\n<figure class=\"wp-block-image size-large\"><img fetchpriority=\"high\" decoding=\"async\" width=\"1024\" height=\"678\" src=\"https:\/\/www.valparaisocreativo.cl\/wp-content\/uploads\/2024\/04\/FESTILAMBE-1.1-1024x678.jpg\" alt=\"\" class=\"wp-image-18860\" srcset=\"https:\/\/dev.antudigital.cl\/sites\/vc\/wp-content\/uploads\/2024\/04\/FESTILAMBE-1.1-1024x678.jpg 1024w, https:\/\/dev.antudigital.cl\/sites\/vc\/wp-content\/uploads\/2024\/04\/FESTILAMBE-1.1-300x199.jpg 300w, https:\/\/dev.antudigital.cl\/sites\/vc\/wp-content\/uploads\/2024\/04\/FESTILAMBE-1.1-768x508.jpg 768w, https:\/\/dev.antudigital.cl\/sites\/vc\/wp-content\/uploads\/2024\/04\/FESTILAMBE-1.1-1080x715.jpg 1080w, https:\/\/dev.antudigital.cl\/sites\/vc\/wp-content\/uploads\/2024\/04\/FESTILAMBE-1.1-980x649.jpg 980w, https:\/\/dev.antudigital.cl\/sites\/vc\/wp-content\/uploads\/2024\/04\/FESTILAMBE-1.1-480x318.jpg 480w, https:\/\/dev.antudigital.cl\/sites\/vc\/wp-content\/uploads\/2024\/04\/FESTILAMBE-1.1-24x16.jpg 24w, https:\/\/dev.antudigital.cl\/sites\/vc\/wp-content\/uploads\/2024\/04\/FESTILAMBE-1.1-36x24.jpg 36w, https:\/\/dev.antudigital.cl\/sites\/vc\/wp-content\/uploads\/2024\/04\/FESTILAMBE-1.1-48x32.jpg 48w, https:\/\/dev.antudigital.cl\/sites\/vc\/wp-content\/uploads\/2024\/04\/FESTILAMBE-1.1.jpg 1228w\" sizes=\"(max-width: 1024px) 100vw, 1024px\" \/><\/figure>\n\n\n\n<p><strong>El alma del Festival<\/strong><\/p>\n\n\n\n<p>La ciudad le har\u00e1 honor a su forma de anfiteatro, pobl\u00e1ndose las calles y plazas de teatros en miniatura, donde, a trav\u00e9s de una ventanilla, muchos ojos podr\u00e1n presenciar la escena del arte vivo, adentr\u00e1ndose a mundos desconocidos, tan particulares como el mundo que cada quien lleva consigo. Cada funci\u00f3n es \u00fanica e irrepetible, con el trabajo de artistas que animan objetos en vivo y en directo.&nbsp;<\/p>\n\n\n\n<p>Animar tiene m\u00faltiples significados, es un dicho del alma, dar vida a una materia. El teatro de animaci\u00f3n nos aproxima al alma de las cosas. Al respecto,&nbsp;<strong>Camila Landon<\/strong>, directora del Festilambe, comenta:<\/p>\n\n\n\n<p>\u201cLo que se vislumbra para esta 8va versi\u00f3n del FESTILAMBE de Valpara\u00edso es un encuentro repleto de nuevos e in\u00e9ditos espect\u00e1culos de Teatro Lambe Lambe que vendr\u00e1n a exponer distintas tem\u00e1ticas culturales, regal\u00e1ndonos instantes secretos. Nuevamente el Festival provocar\u00e1 la conexi\u00f3n entre el artista-animador y el espectador, en su mayor\u00eda habitantes de la ciudad de Valpara\u00edso. Invadiremos plazas, miradores y parques, ser\u00e1 un b\u00e1lsamo de belleza para recuperar las confianzas y la generosidad que tanto caracteriza a los porte\u00f1os\u201d.<\/p>\n\n\n\n<figure class=\"wp-block-image size-large\"><img decoding=\"async\" width=\"1024\" height=\"685\" src=\"https:\/\/www.valparaisocreativo.cl\/wp-content\/uploads\/2024\/04\/FESTILAMBE-2.1-1024x685.jpg\" alt=\"\" class=\"wp-image-18862\" srcset=\"https:\/\/dev.antudigital.cl\/sites\/vc\/wp-content\/uploads\/2024\/04\/FESTILAMBE-2.1-1024x685.jpg 1024w, https:\/\/dev.antudigital.cl\/sites\/vc\/wp-content\/uploads\/2024\/04\/FESTILAMBE-2.1-300x201.jpg 300w, https:\/\/dev.antudigital.cl\/sites\/vc\/wp-content\/uploads\/2024\/04\/FESTILAMBE-2.1-768x514.jpg 768w, https:\/\/dev.antudigital.cl\/sites\/vc\/wp-content\/uploads\/2024\/04\/FESTILAMBE-2.1-1080x723.jpg 1080w, https:\/\/dev.antudigital.cl\/sites\/vc\/wp-content\/uploads\/2024\/04\/FESTILAMBE-2.1-980x656.jpg 980w, https:\/\/dev.antudigital.cl\/sites\/vc\/wp-content\/uploads\/2024\/04\/FESTILAMBE-2.1-480x321.jpg 480w, https:\/\/dev.antudigital.cl\/sites\/vc\/wp-content\/uploads\/2024\/04\/FESTILAMBE-2.1-24x16.jpg 24w, https:\/\/dev.antudigital.cl\/sites\/vc\/wp-content\/uploads\/2024\/04\/FESTILAMBE-2.1-36x24.jpg 36w, https:\/\/dev.antudigital.cl\/sites\/vc\/wp-content\/uploads\/2024\/04\/FESTILAMBE-2.1-48x32.jpg 48w, https:\/\/dev.antudigital.cl\/sites\/vc\/wp-content\/uploads\/2024\/04\/FESTILAMBE-2.1.jpg 1228w\" sizes=\"(max-width: 1024px) 100vw, 1024px\" \/><\/figure>\n\n\n\n<p><strong>Calentando motores<\/strong><\/p>\n\n\n\n<p>Como un cohete, o una nave espacial, los festivales deben calentar motores antes de que inicie el viaje. El siguiente paso para despegar es el trabajo del equipo curatorial, quienes har\u00e1n el visado y deliberaci\u00f3n desde el 1 al 30 de abril en sesiones individuales y grupales, virtual y presencialmente, para realizar la selecci\u00f3n de las 25 obras que dar\u00e1n forma, contenido y voz a la muestra oficial del 8vo FESTILAMBE 2024.<\/p>\n\n\n\n<p>Esta&nbsp;<a href=\"https:\/\/festilambe.cl\/wp-content\/uploads\/2024\/03\/RESEN%CC%83AS-CURRICULARES-CURADORES_compressed.pdf\" target=\"_blank\" rel=\"noreferrer noopener\">cutator\u00eda<\/a>&nbsp;est\u00e1 siendo realizada por 3 profesionales vinculados a las Artes Esc\u00e9nicas, especializados en el Teatro de Animaci\u00f3n:&nbsp;&nbsp;<strong>OMAYRA MARTINEZ<\/strong>&nbsp;(COL)\/ Licenciada en Artes Esc\u00e9nicas,&nbsp;&nbsp;<strong>EDUARDO JIMENEZ<\/strong>&nbsp;(CH)\/ Escen\u00f3grafo y Consultor Teatral,&nbsp;&nbsp;<strong>CARLOTA RIVEROS<\/strong>&nbsp;(CH)\/ directora de Compa\u00f1\u00eda Ruby Box Theater, junto al acompa\u00f1amiento de&nbsp;<strong>CAMILA LANDON V\u00cdO<\/strong>&nbsp;(CH) \/ actriz, directora FESTILAMBE, presidenta Fundaci\u00f3n OANI de Teatro.<\/p>\n\n\n\n<p><strong>Carlota Riveros&nbsp;<\/strong>se relaciona con el teatro de animaci\u00f3n desde hace 20 a\u00f1os. Es artista de calle de la compa\u00f1\u00eda Ruby Box Theater, Teatro en miniaturas. Se\u00f1ala:<\/p>\n\n\n\n<p>\u201cEstoy muy emocionada de ser parte de la curadur\u00eda de este Festival, en su flujo de ocho versiones ha reforzado el desarrollo y expansi\u00f3n del teatro en miniaturas y lambe lambe por el mundo. Es mi primera curadur\u00eda y he acompa\u00f1ado felizmente al equipo de OANI Teatro de otras formas desde el primer certamen, en 2014. Como artista, observo el lenguaje de la miniatura desde c\u00f3mo esta logra crear\u00a0 intimidad, generar un momento en donde\u00a0 la performance adquiera espectadores cautivos, disponibles a seguir creando con sus ojos cartas postales de miniaturas. \u00a1La dram\u00e1tica del teatro en miniaturas est\u00e1 en la tensi\u00f3n de decir lo justo y de lograr crear reflexiones instant\u00e1neas!\u201d.<\/p>\n\n\n\n<figure class=\"wp-block-image size-large\"><img decoding=\"async\" width=\"1024\" height=\"559\" src=\"https:\/\/www.valparaisocreativo.cl\/wp-content\/uploads\/2024\/04\/FESTILAMBE-3.2-1024x559.jpg\" alt=\"\" class=\"wp-image-18864\" srcset=\"https:\/\/dev.antudigital.cl\/sites\/vc\/wp-content\/uploads\/2024\/04\/FESTILAMBE-3.2-1024x559.jpg 1024w, https:\/\/dev.antudigital.cl\/sites\/vc\/wp-content\/uploads\/2024\/04\/FESTILAMBE-3.2-300x164.jpg 300w, https:\/\/dev.antudigital.cl\/sites\/vc\/wp-content\/uploads\/2024\/04\/FESTILAMBE-3.2-768x419.jpg 768w, https:\/\/dev.antudigital.cl\/sites\/vc\/wp-content\/uploads\/2024\/04\/FESTILAMBE-3.2-1080x589.jpg 1080w, https:\/\/dev.antudigital.cl\/sites\/vc\/wp-content\/uploads\/2024\/04\/FESTILAMBE-3.2-980x535.jpg 980w, https:\/\/dev.antudigital.cl\/sites\/vc\/wp-content\/uploads\/2024\/04\/FESTILAMBE-3.2-480x262.jpg 480w, https:\/\/dev.antudigital.cl\/sites\/vc\/wp-content\/uploads\/2024\/04\/FESTILAMBE-3.2-24x13.jpg 24w, https:\/\/dev.antudigital.cl\/sites\/vc\/wp-content\/uploads\/2024\/04\/FESTILAMBE-3.2-36x20.jpg 36w, https:\/\/dev.antudigital.cl\/sites\/vc\/wp-content\/uploads\/2024\/04\/FESTILAMBE-3.2-48x26.jpg 48w, https:\/\/dev.antudigital.cl\/sites\/vc\/wp-content\/uploads\/2024\/04\/FESTILAMBE-3.2.jpg 1228w\" sizes=\"(max-width: 1024px) 100vw, 1024px\" \/><\/figure>\n\n\n\n<p><strong>Omayra Mart\u00ednez<\/strong>&nbsp;desarrolla su trabajo en el campo de las artes esc\u00e9nicas como performer, titiritera, realizadora y productora en distintas puestas en escena. El Teatro Lambe Lambe es el lenguaje en el que se ha desarrollado ininterrumpidamente desde la investigaci\u00f3n, la creaci\u00f3n y la docencia hace m\u00e1s de once a\u00f1os. Sobre el lema de esta versi\u00f3n, comenta:<\/p>\n\n\n\n<p>\u201cLo primero que me pregunto al pensar en el lema de la octava versi\u00f3n del FESTILAMBE, CONVOCANDO HUMANIDAD, es \u00bfQu\u00e9 significa ser humano? o \u00bfQu\u00e9 nos hace humanos? Obviamente es dif\u00edcil de definir y no creo que exista una sola respuesta. Existen tantas respuestas como humanos en el mundo, pero pienso que hay sentimientos, ideas y, \u00bfpor qu\u00e9 no?, tem\u00e1ticas que nos atraviesan a todas las personas. Ah\u00ed es donde va a estar el desaf\u00edo en esta curadur\u00eda, y es c\u00f3mo organizar un recorrido que d\u00e9 cuenta de lo universal de lo humano, porque si tengo que pensar en humano se me borran cualquier tipo de fronteras y se me abre un panorama infinitamente diverso que es el tejido al que llamamos humanidad\u201d.<\/p>\n\n\n\n<p><strong>Eduardo Jim\u00e9nez<\/strong>&nbsp;es escen\u00f3grafo y consultor teatral, se dedica al trabajo de las artes esc\u00e9nicas hace m\u00e1s de 40 a\u00f1os y se considera una persona en constante aprendizaje. Cuando peque\u00f1o estudi\u00f3 en la Escuela Experimental Art\u00edstica, lo que le permiti\u00f3 conocer diversas expresiones culturales. Sobre la curator\u00eda, comparte:<\/p>\n\n\n\n<p>\u201cHa sido un desaf\u00edo s\u00faper grande, seleccionar implica una gran complejidad. Significa establecer una mirada, un perfil de calidad art\u00edstica, una premisa, que en este caso es \u2018Convocando Humanidad\u2019. Esto no es un concurso, por lo mismo se habla de curator\u00eda y no de evaluaci\u00f3n. Hay diversas variables que atender, comprendiendo el fen\u00f3meno art\u00edstico m\u00e1s all\u00e1 de lo t\u00e9cnico y pragm\u00e1tico. Debemos ponderar las fortalezas y debilidades con una mirada com\u00fan. Agradecemos a todas las personas que postularon y les invitamos a estar atentos a lo que viene\u201d.<\/p>\n\n\n\n<p>Para m\u00e1s informaci\u00f3n seguir a @festilambe y a @oaniteatro en Instagram y Facebook.&nbsp;<\/p>\n","protected":false},"excerpt":{"rendered":"<p>Desde el viernes 4 al domingo 13 de octubre se desplegar\u00e1 por Valpara\u00edso la octava versi\u00f3n del FESTILAMBE, Festival Internacional de Teatro Lambe Lambe \u201cConvocando Humanidad\u201d, proyecto dise\u00f1ado con dedicaci\u00f3n y cari\u00f1o por Fundaci\u00f3n OANI y financiado por el Fondo Nacional de Fomento y Desarrollo de las Artes Esc\u00e9nicas, Convocatoria 2024, del Ministerio de las [&hellip;]<\/p>\n","protected":false},"author":1,"featured_media":18861,"comment_status":"closed","ping_status":"closed","sticky":false,"template":"","format":"standard","meta":{"_acf_changed":false,"footnotes":""},"categories":[8],"tags":[],"class_list":["post-18859","post","type-post","status-publish","format-standard","has-post-thumbnail","hentry","category-noticia"],"acf":[],"yoast_head":"<!-- This site is optimized with the Yoast SEO plugin v27.1.1 - https:\/\/yoast.com\/product\/yoast-seo-wordpress\/ -->\n<title>8vo FESTILAMBE calienta los motores para el despegue con GRAN CONVOCATORIA GRAN - Valpara\u00ed\u00adso Creativo<\/title>\n<meta name=\"robots\" content=\"index, follow, max-snippet:-1, max-image-preview:large, max-video-preview:-1\" \/>\n<link rel=\"canonical\" href=\"https:\/\/dev.antudigital.cl\/sites\/vc\/8vo-festilambe-calienta-los-motores-para-el-despegue-con-gran-convocatoria-gran\/\" \/>\n<meta property=\"og:locale\" content=\"es_ES\" \/>\n<meta property=\"og:type\" content=\"article\" \/>\n<meta property=\"og:title\" content=\"8vo FESTILAMBE calienta los motores para el despegue con GRAN CONVOCATORIA GRAN - Valpara\u00ed\u00adso Creativo\" \/>\n<meta property=\"og:description\" content=\"Desde el viernes 4 al domingo 13 de octubre se desplegar\u00e1 por Valpara\u00edso la octava versi\u00f3n del FESTILAMBE, Festival Internacional de Teatro Lambe Lambe \u201cConvocando Humanidad\u201d, proyecto dise\u00f1ado con dedicaci\u00f3n y cari\u00f1o por Fundaci\u00f3n OANI y financiado por el Fondo Nacional de Fomento y Desarrollo de las Artes Esc\u00e9nicas, Convocatoria 2024, del Ministerio de las [&hellip;]\" \/>\n<meta property=\"og:url\" content=\"https:\/\/dev.antudigital.cl\/sites\/vc\/8vo-festilambe-calienta-los-motores-para-el-despegue-con-gran-convocatoria-gran\/\" \/>\n<meta property=\"og:site_name\" content=\"Valpara\u00ed\u00adso Creativo\" \/>\n<meta property=\"article:published_time\" content=\"2024-04-15T21:18:10+00:00\" \/>\n<meta property=\"article:modified_time\" content=\"2024-04-15T21:18:29+00:00\" \/>\n<meta property=\"og:image\" content=\"https:\/\/dev.antudigital.cl\/sites\/vc\/wp-content\/uploads\/2024\/04\/FESTILAMBE-1.2.jpg\" \/>\n\t<meta property=\"og:image:width\" content=\"1228\" \/>\n\t<meta property=\"og:image:height\" content=\"813\" \/>\n\t<meta property=\"og:image:type\" content=\"image\/jpeg\" \/>\n<meta name=\"author\" content=\"Valpara\u00edso Creativo\" \/>\n<meta name=\"twitter:card\" content=\"summary_large_image\" \/>\n<meta name=\"twitter:label1\" content=\"Escrito por\" \/>\n\t<meta name=\"twitter:data1\" content=\"Valpara\u00edso Creativo\" \/>\n\t<meta name=\"twitter:label2\" content=\"Tiempo de lectura\" \/>\n\t<meta name=\"twitter:data2\" content=\"5 minutos\" \/>\n<script type=\"application\/ld+json\" class=\"yoast-schema-graph\">{\"@context\":\"https:\/\/schema.org\",\"@graph\":[{\"@type\":\"Article\",\"@id\":\"https:\/\/dev.antudigital.cl\/sites\/vc\/8vo-festilambe-calienta-los-motores-para-el-despegue-con-gran-convocatoria-gran\/#article\",\"isPartOf\":{\"@id\":\"https:\/\/dev.antudigital.cl\/sites\/vc\/8vo-festilambe-calienta-los-motores-para-el-despegue-con-gran-convocatoria-gran\/\"},\"author\":{\"name\":\"Valpara\u00edso Creativo\",\"@id\":\"https:\/\/dev.antudigital.cl\/sites\/vc\/#\/schema\/person\/c2b9da8dd545e27166fc5ab232837318\"},\"headline\":\"8vo FESTILAMBE calienta los motores para el despegue con GRAN CONVOCATORIA GRAN\",\"datePublished\":\"2024-04-15T21:18:10+00:00\",\"dateModified\":\"2024-04-15T21:18:29+00:00\",\"mainEntityOfPage\":{\"@id\":\"https:\/\/dev.antudigital.cl\/sites\/vc\/8vo-festilambe-calienta-los-motores-para-el-despegue-con-gran-convocatoria-gran\/\"},\"wordCount\":1001,\"image\":{\"@id\":\"https:\/\/dev.antudigital.cl\/sites\/vc\/8vo-festilambe-calienta-los-motores-para-el-despegue-con-gran-convocatoria-gran\/#primaryimage\"},\"thumbnailUrl\":\"https:\/\/dev.antudigital.cl\/sites\/vc\/wp-content\/uploads\/2024\/04\/FESTILAMBE-1.2.jpg\",\"articleSection\":[\"Noticia\"],\"inLanguage\":\"es\"},{\"@type\":\"WebPage\",\"@id\":\"https:\/\/dev.antudigital.cl\/sites\/vc\/8vo-festilambe-calienta-los-motores-para-el-despegue-con-gran-convocatoria-gran\/\",\"url\":\"https:\/\/dev.antudigital.cl\/sites\/vc\/8vo-festilambe-calienta-los-motores-para-el-despegue-con-gran-convocatoria-gran\/\",\"name\":\"8vo FESTILAMBE calienta los motores para el despegue con GRAN CONVOCATORIA GRAN - Valpara\u00ed\u00adso Creativo\",\"isPartOf\":{\"@id\":\"https:\/\/dev.antudigital.cl\/sites\/vc\/#website\"},\"primaryImageOfPage\":{\"@id\":\"https:\/\/dev.antudigital.cl\/sites\/vc\/8vo-festilambe-calienta-los-motores-para-el-despegue-con-gran-convocatoria-gran\/#primaryimage\"},\"image\":{\"@id\":\"https:\/\/dev.antudigital.cl\/sites\/vc\/8vo-festilambe-calienta-los-motores-para-el-despegue-con-gran-convocatoria-gran\/#primaryimage\"},\"thumbnailUrl\":\"https:\/\/dev.antudigital.cl\/sites\/vc\/wp-content\/uploads\/2024\/04\/FESTILAMBE-1.2.jpg\",\"datePublished\":\"2024-04-15T21:18:10+00:00\",\"dateModified\":\"2024-04-15T21:18:29+00:00\",\"author\":{\"@id\":\"https:\/\/dev.antudigital.cl\/sites\/vc\/#\/schema\/person\/c2b9da8dd545e27166fc5ab232837318\"},\"breadcrumb\":{\"@id\":\"https:\/\/dev.antudigital.cl\/sites\/vc\/8vo-festilambe-calienta-los-motores-para-el-despegue-con-gran-convocatoria-gran\/#breadcrumb\"},\"inLanguage\":\"es\",\"potentialAction\":[{\"@type\":\"ReadAction\",\"target\":[\"https:\/\/dev.antudigital.cl\/sites\/vc\/8vo-festilambe-calienta-los-motores-para-el-despegue-con-gran-convocatoria-gran\/\"]}]},{\"@type\":\"ImageObject\",\"inLanguage\":\"es\",\"@id\":\"https:\/\/dev.antudigital.cl\/sites\/vc\/8vo-festilambe-calienta-los-motores-para-el-despegue-con-gran-convocatoria-gran\/#primaryimage\",\"url\":\"https:\/\/dev.antudigital.cl\/sites\/vc\/wp-content\/uploads\/2024\/04\/FESTILAMBE-1.2.jpg\",\"contentUrl\":\"https:\/\/dev.antudigital.cl\/sites\/vc\/wp-content\/uploads\/2024\/04\/FESTILAMBE-1.2.jpg\",\"width\":1228,\"height\":813},{\"@type\":\"BreadcrumbList\",\"@id\":\"https:\/\/dev.antudigital.cl\/sites\/vc\/8vo-festilambe-calienta-los-motores-para-el-despegue-con-gran-convocatoria-gran\/#breadcrumb\",\"itemListElement\":[{\"@type\":\"ListItem\",\"position\":1,\"name\":\"Home\",\"item\":\"https:\/\/dev.antudigital.cl\/sites\/vc\/\"},{\"@type\":\"ListItem\",\"position\":2,\"name\":\"8vo FESTILAMBE calienta los motores para el despegue con GRAN CONVOCATORIA GRAN\"}]},{\"@type\":\"WebSite\",\"@id\":\"https:\/\/dev.antudigital.cl\/sites\/vc\/#website\",\"url\":\"https:\/\/dev.antudigital.cl\/sites\/vc\/\",\"name\":\"Valpara\u00ed\u00adso Creativo\",\"description\":\"\",\"potentialAction\":[{\"@type\":\"SearchAction\",\"target\":{\"@type\":\"EntryPoint\",\"urlTemplate\":\"https:\/\/dev.antudigital.cl\/sites\/vc\/?s={search_term_string}\"},\"query-input\":{\"@type\":\"PropertyValueSpecification\",\"valueRequired\":true,\"valueName\":\"search_term_string\"}}],\"inLanguage\":\"es\"},{\"@type\":\"Person\",\"@id\":\"https:\/\/dev.antudigital.cl\/sites\/vc\/#\/schema\/person\/c2b9da8dd545e27166fc5ab232837318\",\"name\":\"Valpara\u00edso Creativo\",\"description\":\"Periodista de cultura en la Regi\u00f3n de Valpara\u00edso.\",\"url\":\"https:\/\/dev.antudigital.cl\/sites\/vc\/author\/valpoadmin\/\"}]}<\/script>\n<!-- \/ Yoast SEO plugin. -->","yoast_head_json":{"title":"8vo FESTILAMBE calienta los motores para el despegue con GRAN CONVOCATORIA GRAN - Valpara\u00ed\u00adso Creativo","robots":{"index":"index","follow":"follow","max-snippet":"max-snippet:-1","max-image-preview":"max-image-preview:large","max-video-preview":"max-video-preview:-1"},"canonical":"https:\/\/dev.antudigital.cl\/sites\/vc\/8vo-festilambe-calienta-los-motores-para-el-despegue-con-gran-convocatoria-gran\/","og_locale":"es_ES","og_type":"article","og_title":"8vo FESTILAMBE calienta los motores para el despegue con GRAN CONVOCATORIA GRAN - Valpara\u00ed\u00adso Creativo","og_description":"Desde el viernes 4 al domingo 13 de octubre se desplegar\u00e1 por Valpara\u00edso la octava versi\u00f3n del FESTILAMBE, Festival Internacional de Teatro Lambe Lambe \u201cConvocando Humanidad\u201d, proyecto dise\u00f1ado con dedicaci\u00f3n y cari\u00f1o por Fundaci\u00f3n OANI y financiado por el Fondo Nacional de Fomento y Desarrollo de las Artes Esc\u00e9nicas, Convocatoria 2024, del Ministerio de las [&hellip;]","og_url":"https:\/\/dev.antudigital.cl\/sites\/vc\/8vo-festilambe-calienta-los-motores-para-el-despegue-con-gran-convocatoria-gran\/","og_site_name":"Valpara\u00ed\u00adso Creativo","article_published_time":"2024-04-15T21:18:10+00:00","article_modified_time":"2024-04-15T21:18:29+00:00","og_image":[{"width":1228,"height":813,"url":"https:\/\/dev.antudigital.cl\/sites\/vc\/wp-content\/uploads\/2024\/04\/FESTILAMBE-1.2.jpg","type":"image\/jpeg"}],"author":"Valpara\u00edso Creativo","twitter_card":"summary_large_image","twitter_misc":{"Escrito por":"Valpara\u00edso Creativo","Tiempo de lectura":"5 minutos"},"schema":{"@context":"https:\/\/schema.org","@graph":[{"@type":"Article","@id":"https:\/\/dev.antudigital.cl\/sites\/vc\/8vo-festilambe-calienta-los-motores-para-el-despegue-con-gran-convocatoria-gran\/#article","isPartOf":{"@id":"https:\/\/dev.antudigital.cl\/sites\/vc\/8vo-festilambe-calienta-los-motores-para-el-despegue-con-gran-convocatoria-gran\/"},"author":{"name":"Valpara\u00edso Creativo","@id":"https:\/\/dev.antudigital.cl\/sites\/vc\/#\/schema\/person\/c2b9da8dd545e27166fc5ab232837318"},"headline":"8vo FESTILAMBE calienta los motores para el despegue con GRAN CONVOCATORIA GRAN","datePublished":"2024-04-15T21:18:10+00:00","dateModified":"2024-04-15T21:18:29+00:00","mainEntityOfPage":{"@id":"https:\/\/dev.antudigital.cl\/sites\/vc\/8vo-festilambe-calienta-los-motores-para-el-despegue-con-gran-convocatoria-gran\/"},"wordCount":1001,"image":{"@id":"https:\/\/dev.antudigital.cl\/sites\/vc\/8vo-festilambe-calienta-los-motores-para-el-despegue-con-gran-convocatoria-gran\/#primaryimage"},"thumbnailUrl":"https:\/\/dev.antudigital.cl\/sites\/vc\/wp-content\/uploads\/2024\/04\/FESTILAMBE-1.2.jpg","articleSection":["Noticia"],"inLanguage":"es"},{"@type":"WebPage","@id":"https:\/\/dev.antudigital.cl\/sites\/vc\/8vo-festilambe-calienta-los-motores-para-el-despegue-con-gran-convocatoria-gran\/","url":"https:\/\/dev.antudigital.cl\/sites\/vc\/8vo-festilambe-calienta-los-motores-para-el-despegue-con-gran-convocatoria-gran\/","name":"8vo FESTILAMBE calienta los motores para el despegue con GRAN CONVOCATORIA GRAN - Valpara\u00ed\u00adso Creativo","isPartOf":{"@id":"https:\/\/dev.antudigital.cl\/sites\/vc\/#website"},"primaryImageOfPage":{"@id":"https:\/\/dev.antudigital.cl\/sites\/vc\/8vo-festilambe-calienta-los-motores-para-el-despegue-con-gran-convocatoria-gran\/#primaryimage"},"image":{"@id":"https:\/\/dev.antudigital.cl\/sites\/vc\/8vo-festilambe-calienta-los-motores-para-el-despegue-con-gran-convocatoria-gran\/#primaryimage"},"thumbnailUrl":"https:\/\/dev.antudigital.cl\/sites\/vc\/wp-content\/uploads\/2024\/04\/FESTILAMBE-1.2.jpg","datePublished":"2024-04-15T21:18:10+00:00","dateModified":"2024-04-15T21:18:29+00:00","author":{"@id":"https:\/\/dev.antudigital.cl\/sites\/vc\/#\/schema\/person\/c2b9da8dd545e27166fc5ab232837318"},"breadcrumb":{"@id":"https:\/\/dev.antudigital.cl\/sites\/vc\/8vo-festilambe-calienta-los-motores-para-el-despegue-con-gran-convocatoria-gran\/#breadcrumb"},"inLanguage":"es","potentialAction":[{"@type":"ReadAction","target":["https:\/\/dev.antudigital.cl\/sites\/vc\/8vo-festilambe-calienta-los-motores-para-el-despegue-con-gran-convocatoria-gran\/"]}]},{"@type":"ImageObject","inLanguage":"es","@id":"https:\/\/dev.antudigital.cl\/sites\/vc\/8vo-festilambe-calienta-los-motores-para-el-despegue-con-gran-convocatoria-gran\/#primaryimage","url":"https:\/\/dev.antudigital.cl\/sites\/vc\/wp-content\/uploads\/2024\/04\/FESTILAMBE-1.2.jpg","contentUrl":"https:\/\/dev.antudigital.cl\/sites\/vc\/wp-content\/uploads\/2024\/04\/FESTILAMBE-1.2.jpg","width":1228,"height":813},{"@type":"BreadcrumbList","@id":"https:\/\/dev.antudigital.cl\/sites\/vc\/8vo-festilambe-calienta-los-motores-para-el-despegue-con-gran-convocatoria-gran\/#breadcrumb","itemListElement":[{"@type":"ListItem","position":1,"name":"Home","item":"https:\/\/dev.antudigital.cl\/sites\/vc\/"},{"@type":"ListItem","position":2,"name":"8vo FESTILAMBE calienta los motores para el despegue con GRAN CONVOCATORIA GRAN"}]},{"@type":"WebSite","@id":"https:\/\/dev.antudigital.cl\/sites\/vc\/#website","url":"https:\/\/dev.antudigital.cl\/sites\/vc\/","name":"Valpara\u00ed\u00adso Creativo","description":"","potentialAction":[{"@type":"SearchAction","target":{"@type":"EntryPoint","urlTemplate":"https:\/\/dev.antudigital.cl\/sites\/vc\/?s={search_term_string}"},"query-input":{"@type":"PropertyValueSpecification","valueRequired":true,"valueName":"search_term_string"}}],"inLanguage":"es"},{"@type":"Person","@id":"https:\/\/dev.antudigital.cl\/sites\/vc\/#\/schema\/person\/c2b9da8dd545e27166fc5ab232837318","name":"Valpara\u00edso Creativo","description":"Periodista de cultura en la Regi\u00f3n de Valpara\u00edso.","url":"https:\/\/dev.antudigital.cl\/sites\/vc\/author\/valpoadmin\/"}]}},"_links":{"self":[{"href":"https:\/\/dev.antudigital.cl\/sites\/vc\/wp-json\/wp\/v2\/posts\/18859","targetHints":{"allow":["GET"]}}],"collection":[{"href":"https:\/\/dev.antudigital.cl\/sites\/vc\/wp-json\/wp\/v2\/posts"}],"about":[{"href":"https:\/\/dev.antudigital.cl\/sites\/vc\/wp-json\/wp\/v2\/types\/post"}],"author":[{"embeddable":true,"href":"https:\/\/dev.antudigital.cl\/sites\/vc\/wp-json\/wp\/v2\/users\/1"}],"replies":[{"embeddable":true,"href":"https:\/\/dev.antudigital.cl\/sites\/vc\/wp-json\/wp\/v2\/comments?post=18859"}],"version-history":[{"count":1,"href":"https:\/\/dev.antudigital.cl\/sites\/vc\/wp-json\/wp\/v2\/posts\/18859\/revisions"}],"predecessor-version":[{"id":18865,"href":"https:\/\/dev.antudigital.cl\/sites\/vc\/wp-json\/wp\/v2\/posts\/18859\/revisions\/18865"}],"wp:featuredmedia":[{"embeddable":true,"href":"https:\/\/dev.antudigital.cl\/sites\/vc\/wp-json\/wp\/v2\/media\/18861"}],"wp:attachment":[{"href":"https:\/\/dev.antudigital.cl\/sites\/vc\/wp-json\/wp\/v2\/media?parent=18859"}],"wp:term":[{"taxonomy":"category","embeddable":true,"href":"https:\/\/dev.antudigital.cl\/sites\/vc\/wp-json\/wp\/v2\/categories?post=18859"},{"taxonomy":"post_tag","embeddable":true,"href":"https:\/\/dev.antudigital.cl\/sites\/vc\/wp-json\/wp\/v2\/tags?post=18859"}],"curies":[{"name":"wp","href":"https:\/\/api.w.org\/{rel}","templated":true}]}}