{"id":18866,"date":"2024-04-15T21:22:18","date_gmt":"2024-04-15T21:22:18","guid":{"rendered":"https:\/\/www.valparaisocreativo.cl\/?p=18866"},"modified":"2024-04-15T21:22:36","modified_gmt":"2024-04-15T21:22:36","slug":"premiada-exposicion-que-conmemora-los-75-anos-de-la-declaracion-universal-de-ddhh-se-inaugura-en-el-parque-cultural-de-valparaiso","status":"publish","type":"post","link":"https:\/\/dev.antudigital.cl\/sites\/vc\/premiada-exposicion-que-conmemora-los-75-anos-de-la-declaracion-universal-de-ddhh-se-inaugura-en-el-parque-cultural-de-valparaiso\/","title":{"rendered":"Premiada exposici\u00f3n que conmemora los 75 a\u00f1os de la Declaraci\u00f3n Universal de DDHH se inaugura en el Parque Cultural de Valpara\u00edso"},"content":{"rendered":"\n<p><em>Las mejores im\u00e1genes que reflejan la situaci\u00f3n de los DDHH en Chile forman parte de la exposici\u00f3n que desde el 12 de abril hasta el 12 de mayo estar\u00e1 abierta en las instalaciones del Parque Cultural-Ex C\u00e1rcel.<\/em><\/p>\n\n\n\n<p><em>***<\/em><\/p>\n\n\n\n<p>Retratos y momentos emblem\u00e1ticos en el \u00e1mbito de los DDHH forman parte de la muestra fotogr\u00e1fica, organizada por el Instituto Nacional de Derechos Humanos, que estar\u00e1 abierta al p\u00fablico de la regi\u00f3n de Valpara\u00edso desde el 12 de abril al 12 de mayo, en el primer nivel del Edificio de la Ex Galer\u00eda de Reos del Parque Cultural de Valpara\u00edso (PCdV).<\/p>\n\n\n\n<p>La exposici\u00f3n itinerante, que ser\u00e1 inaugurada este viernes y que comenz\u00f3 su recorrido en la Estaci\u00f3n \u00d1u\u00f1oa de la L\u00ednea 3 del Metro de Santiago , se enmarca en los <strong>\u201c75 a\u00f1os de la Declaraci\u00f3n Universal de los Derechos Humanos\u201d<\/strong>, incluyendo varios acontecimientos de la historia reciente de Chile, graficando la forma en que la Declaraci\u00f3n Universal influye en garantizar derechos esenciales como el acceso a la salud, educaci\u00f3n, cultura y no discriminaci\u00f3n, sumando la participaci\u00f3n de las mujeres conquistando el derecho a voto y la mayor representaci\u00f3n en espacios p\u00fablicos y pol\u00edticos.<\/p>\n\n\n\n<p>Al respecto, <strong>Consuelo Contreras<\/strong>, <strong>directora nacional del INDH<\/strong>, coment\u00f3 que <em>\u201cbuscamos reforzar c\u00f3mo los hitos que presentamos en esta exhibici\u00f3n han garantizado derechos y mejorado la vida de personas y de grupos de especial protecci\u00f3n. Las im\u00e1genes que se pueden ver las contextualizamos temporalmente, para hacer a\u00fan m\u00e1s clara su valorizaci\u00f3n\u201d<\/em>.<\/p>\n\n\n\n<figure class=\"wp-block-image size-large\"><img fetchpriority=\"high\" decoding=\"async\" width=\"785\" height=\"1024\" src=\"https:\/\/www.valparaisocreativo.cl\/wp-content\/uploads\/2024\/04\/Abogado_Hernan_Santa_Cruz_1945__Foto_del_archivo_del_ministerio_de_RREE-785x1024.jpg\" alt=\"\" class=\"wp-image-18868\" srcset=\"https:\/\/dev.antudigital.cl\/sites\/vc\/wp-content\/uploads\/2024\/04\/Abogado_Hernan_Santa_Cruz_1945__Foto_del_archivo_del_ministerio_de_RREE-785x1024.jpg 785w, https:\/\/dev.antudigital.cl\/sites\/vc\/wp-content\/uploads\/2024\/04\/Abogado_Hernan_Santa_Cruz_1945__Foto_del_archivo_del_ministerio_de_RREE-230x300.jpg 230w, https:\/\/dev.antudigital.cl\/sites\/vc\/wp-content\/uploads\/2024\/04\/Abogado_Hernan_Santa_Cruz_1945__Foto_del_archivo_del_ministerio_de_RREE-768x1002.jpg 768w, https:\/\/dev.antudigital.cl\/sites\/vc\/wp-content\/uploads\/2024\/04\/Abogado_Hernan_Santa_Cruz_1945__Foto_del_archivo_del_ministerio_de_RREE-1177x1536.jpg 1177w, https:\/\/dev.antudigital.cl\/sites\/vc\/wp-content\/uploads\/2024\/04\/Abogado_Hernan_Santa_Cruz_1945__Foto_del_archivo_del_ministerio_de_RREE-1080x1409.jpg 1080w, https:\/\/dev.antudigital.cl\/sites\/vc\/wp-content\/uploads\/2024\/04\/Abogado_Hernan_Santa_Cruz_1945__Foto_del_archivo_del_ministerio_de_RREE-1280x1670.jpg 1280w, https:\/\/dev.antudigital.cl\/sites\/vc\/wp-content\/uploads\/2024\/04\/Abogado_Hernan_Santa_Cruz_1945__Foto_del_archivo_del_ministerio_de_RREE-980x1278.jpg 980w, https:\/\/dev.antudigital.cl\/sites\/vc\/wp-content\/uploads\/2024\/04\/Abogado_Hernan_Santa_Cruz_1945__Foto_del_archivo_del_ministerio_de_RREE-480x626.jpg 480w, https:\/\/dev.antudigital.cl\/sites\/vc\/wp-content\/uploads\/2024\/04\/Abogado_Hernan_Santa_Cruz_1945__Foto_del_archivo_del_ministerio_de_RREE-18x24.jpg 18w, https:\/\/dev.antudigital.cl\/sites\/vc\/wp-content\/uploads\/2024\/04\/Abogado_Hernan_Santa_Cruz_1945__Foto_del_archivo_del_ministerio_de_RREE-28x36.jpg 28w, https:\/\/dev.antudigital.cl\/sites\/vc\/wp-content\/uploads\/2024\/04\/Abogado_Hernan_Santa_Cruz_1945__Foto_del_archivo_del_ministerio_de_RREE-37x48.jpg 37w, https:\/\/dev.antudigital.cl\/sites\/vc\/wp-content\/uploads\/2024\/04\/Abogado_Hernan_Santa_Cruz_1945__Foto_del_archivo_del_ministerio_de_RREE.jpg 1550w\" sizes=\"(max-width: 785px) 100vw, 785px\" \/><figcaption class=\"wp-element-caption\">Discurso de Hern\u00e1n Santa Cruz en la Escuela de Derecho de la U. de Chile, 1945<\/figcaption><\/figure>\n\n\n\n<p>Por su parte, el <strong>director regional del INDH, Fernando Mart\u00ednez<\/strong>, precis\u00f3 que <em>\u201cla&nbsp; exposici\u00f3n fotogr\u00e1fica \u00ab75 a\u00f1os de la Declaraci\u00f3n Universal de Derechos Humanos en Chile\u00bb, tiene por objeto conmemorar el surgimiento de este acuerdo hist\u00f3rico para la humanidad. C\u00f3mo, desde la proclamaci\u00f3n de la Declaraci\u00f3n, \u00e9sta y otros instrumentos internacionales de protecci\u00f3n de los derechos humanos, derivados de la misma Declaraci\u00f3n, han impactado positiva y concretamente en la vida de personas y grupos, en Chile y el mundo\u201d.<\/em><\/p>\n\n\n\n<p>En tanto, la <strong>presidenta del Parque Cultural, Gianina Figueroa,<\/strong> record\u00f3 que la presencia de la muestra en Valpara\u00edso nace de una invitaci\u00f3n extendida por el Parque, sitio de la memoria, coincidiendo <em>\u201ccon nuestros principios y vocaci\u00f3n\u201d.<\/em> Opini\u00f3n compartida por el <strong>director ejecutivo (i) del PCdV, Erick Fuentes<\/strong>, quien se\u00f1al\u00f3 que <em>\u201cpor la historia que contiene esta ex c\u00e1rcel es que el Estado de Chile la declar\u00f3 como Sitio de Memoria, acto que nos invita a profundizar un trabajo por los derechos humanos y las memorias, por lo que acoger esta exposici\u00f3n que promueve el INDH es signo inequ\u00edvoco del compromiso que mantiene el Parque Cultural al respecto\u201d.<\/em><\/p>\n\n\n\n<p>La exposici\u00f3n <strong>\u201c75 a\u00f1os de la Declaraci\u00f3n Universal de Derechos Humanos\u201d<\/strong> que estar\u00e1 abierta hasta el domingo 12 de mayo es apta para todas las edades, se puede visitar de martes a domingo de 10 a 20 hrs. y cuenta con acceso liberado.<\/p>\n","protected":false},"excerpt":{"rendered":"<p>Las mejores im\u00e1genes que reflejan la situaci\u00f3n de los DDHH en Chile forman parte de la exposici\u00f3n que desde el 12 de abril hasta el 12 de mayo estar\u00e1 abierta en las instalaciones del Parque Cultural-Ex C\u00e1rcel. *** Retratos y momentos emblem\u00e1ticos en el \u00e1mbito de los DDHH forman parte de la muestra fotogr\u00e1fica, organizada [&hellip;]<\/p>\n","protected":false},"author":1,"featured_media":18867,"comment_status":"closed","ping_status":"closed","sticky":false,"template":"","format":"standard","meta":{"_acf_changed":false,"footnotes":""},"categories":[8],"tags":[],"class_list":["post-18866","post","type-post","status-publish","format-standard","has-post-thumbnail","hentry","category-noticia"],"acf":[],"yoast_head":"<!-- This site is optimized with the Yoast SEO plugin v27.1.1 - https:\/\/yoast.com\/product\/yoast-seo-wordpress\/ -->\n<title>Premiada exposici\u00f3n que conmemora los 75 a\u00f1os de la Declaraci\u00f3n Universal de DDHH se inaugura en el Parque Cultural de Valpara\u00edso - Valpara\u00ed\u00adso Creativo<\/title>\n<meta name=\"robots\" content=\"index, follow, max-snippet:-1, max-image-preview:large, max-video-preview:-1\" \/>\n<link rel=\"canonical\" href=\"https:\/\/dev.antudigital.cl\/sites\/vc\/premiada-exposicion-que-conmemora-los-75-anos-de-la-declaracion-universal-de-ddhh-se-inaugura-en-el-parque-cultural-de-valparaiso\/\" \/>\n<meta property=\"og:locale\" content=\"es_ES\" \/>\n<meta property=\"og:type\" content=\"article\" \/>\n<meta property=\"og:title\" content=\"Premiada exposici\u00f3n que conmemora los 75 a\u00f1os de la Declaraci\u00f3n Universal de DDHH se inaugura en el Parque Cultural de Valpara\u00edso - Valpara\u00ed\u00adso Creativo\" \/>\n<meta property=\"og:description\" content=\"Las mejores im\u00e1genes que reflejan la situaci\u00f3n de los DDHH en Chile forman parte de la exposici\u00f3n que desde el 12 de abril hasta el 12 de mayo estar\u00e1 abierta en las instalaciones del Parque Cultural-Ex C\u00e1rcel. *** Retratos y momentos emblem\u00e1ticos en el \u00e1mbito de los DDHH forman parte de la muestra fotogr\u00e1fica, organizada [&hellip;]\" \/>\n<meta property=\"og:url\" content=\"https:\/\/dev.antudigital.cl\/sites\/vc\/premiada-exposicion-que-conmemora-los-75-anos-de-la-declaracion-universal-de-ddhh-se-inaugura-en-el-parque-cultural-de-valparaiso\/\" \/>\n<meta property=\"og:site_name\" content=\"Valpara\u00ed\u00adso Creativo\" \/>\n<meta property=\"article:published_time\" content=\"2024-04-15T21:22:18+00:00\" \/>\n<meta property=\"article:modified_time\" content=\"2024-04-15T21:22:36+00:00\" \/>\n<meta property=\"og:image\" content=\"https:\/\/dev.antudigital.cl\/sites\/vc\/wp-content\/uploads\/2024\/04\/Ancentral_inmigrante_extremos_vulnerables_-_De_David_Gonzalez_Manriquez_2014.jpg\" \/>\n\t<meta property=\"og:image:width\" content=\"2560\" \/>\n\t<meta property=\"og:image:height\" content=\"1668\" \/>\n\t<meta property=\"og:image:type\" content=\"image\/jpeg\" \/>\n<meta name=\"author\" content=\"Valpara\u00edso Creativo\" \/>\n<meta name=\"twitter:card\" content=\"summary_large_image\" \/>\n<meta name=\"twitter:label1\" content=\"Escrito por\" \/>\n\t<meta name=\"twitter:data1\" content=\"Valpara\u00edso Creativo\" \/>\n\t<meta name=\"twitter:label2\" content=\"Tiempo de lectura\" \/>\n\t<meta name=\"twitter:data2\" content=\"3 minutos\" \/>\n<script type=\"application\/ld+json\" class=\"yoast-schema-graph\">{\"@context\":\"https:\/\/schema.org\",\"@graph\":[{\"@type\":\"Article\",\"@id\":\"https:\/\/dev.antudigital.cl\/sites\/vc\/premiada-exposicion-que-conmemora-los-75-anos-de-la-declaracion-universal-de-ddhh-se-inaugura-en-el-parque-cultural-de-valparaiso\/#article\",\"isPartOf\":{\"@id\":\"https:\/\/dev.antudigital.cl\/sites\/vc\/premiada-exposicion-que-conmemora-los-75-anos-de-la-declaracion-universal-de-ddhh-se-inaugura-en-el-parque-cultural-de-valparaiso\/\"},\"author\":{\"name\":\"Valpara\u00edso Creativo\",\"@id\":\"https:\/\/dev.antudigital.cl\/sites\/vc\/#\/schema\/person\/c2b9da8dd545e27166fc5ab232837318\"},\"headline\":\"Premiada exposici\u00f3n que conmemora los 75 a\u00f1os de la Declaraci\u00f3n Universal de DDHH se inaugura en el Parque Cultural de Valpara\u00edso\",\"datePublished\":\"2024-04-15T21:22:18+00:00\",\"dateModified\":\"2024-04-15T21:22:36+00:00\",\"mainEntityOfPage\":{\"@id\":\"https:\/\/dev.antudigital.cl\/sites\/vc\/premiada-exposicion-que-conmemora-los-75-anos-de-la-declaracion-universal-de-ddhh-se-inaugura-en-el-parque-cultural-de-valparaiso\/\"},\"wordCount\":553,\"image\":{\"@id\":\"https:\/\/dev.antudigital.cl\/sites\/vc\/premiada-exposicion-que-conmemora-los-75-anos-de-la-declaracion-universal-de-ddhh-se-inaugura-en-el-parque-cultural-de-valparaiso\/#primaryimage\"},\"thumbnailUrl\":\"https:\/\/dev.antudigital.cl\/sites\/vc\/wp-content\/uploads\/2024\/04\/Ancentral_inmigrante_extremos_vulnerables_-_De_David_Gonzalez_Manriquez_2014.jpg\",\"articleSection\":[\"Noticia\"],\"inLanguage\":\"es\"},{\"@type\":\"WebPage\",\"@id\":\"https:\/\/dev.antudigital.cl\/sites\/vc\/premiada-exposicion-que-conmemora-los-75-anos-de-la-declaracion-universal-de-ddhh-se-inaugura-en-el-parque-cultural-de-valparaiso\/\",\"url\":\"https:\/\/dev.antudigital.cl\/sites\/vc\/premiada-exposicion-que-conmemora-los-75-anos-de-la-declaracion-universal-de-ddhh-se-inaugura-en-el-parque-cultural-de-valparaiso\/\",\"name\":\"Premiada exposici\u00f3n que conmemora los 75 a\u00f1os de la Declaraci\u00f3n Universal de DDHH se inaugura en el Parque Cultural de Valpara\u00edso - Valpara\u00ed\u00adso Creativo\",\"isPartOf\":{\"@id\":\"https:\/\/dev.antudigital.cl\/sites\/vc\/#website\"},\"primaryImageOfPage\":{\"@id\":\"https:\/\/dev.antudigital.cl\/sites\/vc\/premiada-exposicion-que-conmemora-los-75-anos-de-la-declaracion-universal-de-ddhh-se-inaugura-en-el-parque-cultural-de-valparaiso\/#primaryimage\"},\"image\":{\"@id\":\"https:\/\/dev.antudigital.cl\/sites\/vc\/premiada-exposicion-que-conmemora-los-75-anos-de-la-declaracion-universal-de-ddhh-se-inaugura-en-el-parque-cultural-de-valparaiso\/#primaryimage\"},\"thumbnailUrl\":\"https:\/\/dev.antudigital.cl\/sites\/vc\/wp-content\/uploads\/2024\/04\/Ancentral_inmigrante_extremos_vulnerables_-_De_David_Gonzalez_Manriquez_2014.jpg\",\"datePublished\":\"2024-04-15T21:22:18+00:00\",\"dateModified\":\"2024-04-15T21:22:36+00:00\",\"author\":{\"@id\":\"https:\/\/dev.antudigital.cl\/sites\/vc\/#\/schema\/person\/c2b9da8dd545e27166fc5ab232837318\"},\"breadcrumb\":{\"@id\":\"https:\/\/dev.antudigital.cl\/sites\/vc\/premiada-exposicion-que-conmemora-los-75-anos-de-la-declaracion-universal-de-ddhh-se-inaugura-en-el-parque-cultural-de-valparaiso\/#breadcrumb\"},\"inLanguage\":\"es\",\"potentialAction\":[{\"@type\":\"ReadAction\",\"target\":[\"https:\/\/dev.antudigital.cl\/sites\/vc\/premiada-exposicion-que-conmemora-los-75-anos-de-la-declaracion-universal-de-ddhh-se-inaugura-en-el-parque-cultural-de-valparaiso\/\"]}]},{\"@type\":\"ImageObject\",\"inLanguage\":\"es\",\"@id\":\"https:\/\/dev.antudigital.cl\/sites\/vc\/premiada-exposicion-que-conmemora-los-75-anos-de-la-declaracion-universal-de-ddhh-se-inaugura-en-el-parque-cultural-de-valparaiso\/#primaryimage\",\"url\":\"https:\/\/dev.antudigital.cl\/sites\/vc\/wp-content\/uploads\/2024\/04\/Ancentral_inmigrante_extremos_vulnerables_-_De_David_Gonzalez_Manriquez_2014.jpg\",\"contentUrl\":\"https:\/\/dev.antudigital.cl\/sites\/vc\/wp-content\/uploads\/2024\/04\/Ancentral_inmigrante_extremos_vulnerables_-_De_David_Gonzalez_Manriquez_2014.jpg\",\"width\":2560,\"height\":1668},{\"@type\":\"BreadcrumbList\",\"@id\":\"https:\/\/dev.antudigital.cl\/sites\/vc\/premiada-exposicion-que-conmemora-los-75-anos-de-la-declaracion-universal-de-ddhh-se-inaugura-en-el-parque-cultural-de-valparaiso\/#breadcrumb\",\"itemListElement\":[{\"@type\":\"ListItem\",\"position\":1,\"name\":\"Home\",\"item\":\"https:\/\/dev.antudigital.cl\/sites\/vc\/\"},{\"@type\":\"ListItem\",\"position\":2,\"name\":\"Premiada exposici\u00f3n que conmemora los 75 a\u00f1os de la Declaraci\u00f3n Universal de DDHH se inaugura en el Parque Cultural de Valpara\u00edso\"}]},{\"@type\":\"WebSite\",\"@id\":\"https:\/\/dev.antudigital.cl\/sites\/vc\/#website\",\"url\":\"https:\/\/dev.antudigital.cl\/sites\/vc\/\",\"name\":\"Valpara\u00ed\u00adso Creativo\",\"description\":\"\",\"potentialAction\":[{\"@type\":\"SearchAction\",\"target\":{\"@type\":\"EntryPoint\",\"urlTemplate\":\"https:\/\/dev.antudigital.cl\/sites\/vc\/?s={search_term_string}\"},\"query-input\":{\"@type\":\"PropertyValueSpecification\",\"valueRequired\":true,\"valueName\":\"search_term_string\"}}],\"inLanguage\":\"es\"},{\"@type\":\"Person\",\"@id\":\"https:\/\/dev.antudigital.cl\/sites\/vc\/#\/schema\/person\/c2b9da8dd545e27166fc5ab232837318\",\"name\":\"Valpara\u00edso Creativo\",\"description\":\"Periodista de cultura en la Regi\u00f3n de Valpara\u00edso.\",\"url\":\"https:\/\/dev.antudigital.cl\/sites\/vc\/author\/valpoadmin\/\"}]}<\/script>\n<!-- \/ Yoast SEO plugin. -->","yoast_head_json":{"title":"Premiada exposici\u00f3n que conmemora los 75 a\u00f1os de la Declaraci\u00f3n Universal de DDHH se inaugura en el Parque Cultural de Valpara\u00edso - Valpara\u00ed\u00adso Creativo","robots":{"index":"index","follow":"follow","max-snippet":"max-snippet:-1","max-image-preview":"max-image-preview:large","max-video-preview":"max-video-preview:-1"},"canonical":"https:\/\/dev.antudigital.cl\/sites\/vc\/premiada-exposicion-que-conmemora-los-75-anos-de-la-declaracion-universal-de-ddhh-se-inaugura-en-el-parque-cultural-de-valparaiso\/","og_locale":"es_ES","og_type":"article","og_title":"Premiada exposici\u00f3n que conmemora los 75 a\u00f1os de la Declaraci\u00f3n Universal de DDHH se inaugura en el Parque Cultural de Valpara\u00edso - Valpara\u00ed\u00adso Creativo","og_description":"Las mejores im\u00e1genes que reflejan la situaci\u00f3n de los DDHH en Chile forman parte de la exposici\u00f3n que desde el 12 de abril hasta el 12 de mayo estar\u00e1 abierta en las instalaciones del Parque Cultural-Ex C\u00e1rcel. *** Retratos y momentos emblem\u00e1ticos en el \u00e1mbito de los DDHH forman parte de la muestra fotogr\u00e1fica, organizada [&hellip;]","og_url":"https:\/\/dev.antudigital.cl\/sites\/vc\/premiada-exposicion-que-conmemora-los-75-anos-de-la-declaracion-universal-de-ddhh-se-inaugura-en-el-parque-cultural-de-valparaiso\/","og_site_name":"Valpara\u00ed\u00adso Creativo","article_published_time":"2024-04-15T21:22:18+00:00","article_modified_time":"2024-04-15T21:22:36+00:00","og_image":[{"width":2560,"height":1668,"url":"https:\/\/dev.antudigital.cl\/sites\/vc\/wp-content\/uploads\/2024\/04\/Ancentral_inmigrante_extremos_vulnerables_-_De_David_Gonzalez_Manriquez_2014.jpg","type":"image\/jpeg"}],"author":"Valpara\u00edso Creativo","twitter_card":"summary_large_image","twitter_misc":{"Escrito por":"Valpara\u00edso Creativo","Tiempo de lectura":"3 minutos"},"schema":{"@context":"https:\/\/schema.org","@graph":[{"@type":"Article","@id":"https:\/\/dev.antudigital.cl\/sites\/vc\/premiada-exposicion-que-conmemora-los-75-anos-de-la-declaracion-universal-de-ddhh-se-inaugura-en-el-parque-cultural-de-valparaiso\/#article","isPartOf":{"@id":"https:\/\/dev.antudigital.cl\/sites\/vc\/premiada-exposicion-que-conmemora-los-75-anos-de-la-declaracion-universal-de-ddhh-se-inaugura-en-el-parque-cultural-de-valparaiso\/"},"author":{"name":"Valpara\u00edso Creativo","@id":"https:\/\/dev.antudigital.cl\/sites\/vc\/#\/schema\/person\/c2b9da8dd545e27166fc5ab232837318"},"headline":"Premiada exposici\u00f3n que conmemora los 75 a\u00f1os de la Declaraci\u00f3n Universal de DDHH se inaugura en el Parque Cultural de Valpara\u00edso","datePublished":"2024-04-15T21:22:18+00:00","dateModified":"2024-04-15T21:22:36+00:00","mainEntityOfPage":{"@id":"https:\/\/dev.antudigital.cl\/sites\/vc\/premiada-exposicion-que-conmemora-los-75-anos-de-la-declaracion-universal-de-ddhh-se-inaugura-en-el-parque-cultural-de-valparaiso\/"},"wordCount":553,"image":{"@id":"https:\/\/dev.antudigital.cl\/sites\/vc\/premiada-exposicion-que-conmemora-los-75-anos-de-la-declaracion-universal-de-ddhh-se-inaugura-en-el-parque-cultural-de-valparaiso\/#primaryimage"},"thumbnailUrl":"https:\/\/dev.antudigital.cl\/sites\/vc\/wp-content\/uploads\/2024\/04\/Ancentral_inmigrante_extremos_vulnerables_-_De_David_Gonzalez_Manriquez_2014.jpg","articleSection":["Noticia"],"inLanguage":"es"},{"@type":"WebPage","@id":"https:\/\/dev.antudigital.cl\/sites\/vc\/premiada-exposicion-que-conmemora-los-75-anos-de-la-declaracion-universal-de-ddhh-se-inaugura-en-el-parque-cultural-de-valparaiso\/","url":"https:\/\/dev.antudigital.cl\/sites\/vc\/premiada-exposicion-que-conmemora-los-75-anos-de-la-declaracion-universal-de-ddhh-se-inaugura-en-el-parque-cultural-de-valparaiso\/","name":"Premiada exposici\u00f3n que conmemora los 75 a\u00f1os de la Declaraci\u00f3n Universal de DDHH se inaugura en el Parque Cultural de Valpara\u00edso - Valpara\u00ed\u00adso Creativo","isPartOf":{"@id":"https:\/\/dev.antudigital.cl\/sites\/vc\/#website"},"primaryImageOfPage":{"@id":"https:\/\/dev.antudigital.cl\/sites\/vc\/premiada-exposicion-que-conmemora-los-75-anos-de-la-declaracion-universal-de-ddhh-se-inaugura-en-el-parque-cultural-de-valparaiso\/#primaryimage"},"image":{"@id":"https:\/\/dev.antudigital.cl\/sites\/vc\/premiada-exposicion-que-conmemora-los-75-anos-de-la-declaracion-universal-de-ddhh-se-inaugura-en-el-parque-cultural-de-valparaiso\/#primaryimage"},"thumbnailUrl":"https:\/\/dev.antudigital.cl\/sites\/vc\/wp-content\/uploads\/2024\/04\/Ancentral_inmigrante_extremos_vulnerables_-_De_David_Gonzalez_Manriquez_2014.jpg","datePublished":"2024-04-15T21:22:18+00:00","dateModified":"2024-04-15T21:22:36+00:00","author":{"@id":"https:\/\/dev.antudigital.cl\/sites\/vc\/#\/schema\/person\/c2b9da8dd545e27166fc5ab232837318"},"breadcrumb":{"@id":"https:\/\/dev.antudigital.cl\/sites\/vc\/premiada-exposicion-que-conmemora-los-75-anos-de-la-declaracion-universal-de-ddhh-se-inaugura-en-el-parque-cultural-de-valparaiso\/#breadcrumb"},"inLanguage":"es","potentialAction":[{"@type":"ReadAction","target":["https:\/\/dev.antudigital.cl\/sites\/vc\/premiada-exposicion-que-conmemora-los-75-anos-de-la-declaracion-universal-de-ddhh-se-inaugura-en-el-parque-cultural-de-valparaiso\/"]}]},{"@type":"ImageObject","inLanguage":"es","@id":"https:\/\/dev.antudigital.cl\/sites\/vc\/premiada-exposicion-que-conmemora-los-75-anos-de-la-declaracion-universal-de-ddhh-se-inaugura-en-el-parque-cultural-de-valparaiso\/#primaryimage","url":"https:\/\/dev.antudigital.cl\/sites\/vc\/wp-content\/uploads\/2024\/04\/Ancentral_inmigrante_extremos_vulnerables_-_De_David_Gonzalez_Manriquez_2014.jpg","contentUrl":"https:\/\/dev.antudigital.cl\/sites\/vc\/wp-content\/uploads\/2024\/04\/Ancentral_inmigrante_extremos_vulnerables_-_De_David_Gonzalez_Manriquez_2014.jpg","width":2560,"height":1668},{"@type":"BreadcrumbList","@id":"https:\/\/dev.antudigital.cl\/sites\/vc\/premiada-exposicion-que-conmemora-los-75-anos-de-la-declaracion-universal-de-ddhh-se-inaugura-en-el-parque-cultural-de-valparaiso\/#breadcrumb","itemListElement":[{"@type":"ListItem","position":1,"name":"Home","item":"https:\/\/dev.antudigital.cl\/sites\/vc\/"},{"@type":"ListItem","position":2,"name":"Premiada exposici\u00f3n que conmemora los 75 a\u00f1os de la Declaraci\u00f3n Universal de DDHH se inaugura en el Parque Cultural de Valpara\u00edso"}]},{"@type":"WebSite","@id":"https:\/\/dev.antudigital.cl\/sites\/vc\/#website","url":"https:\/\/dev.antudigital.cl\/sites\/vc\/","name":"Valpara\u00ed\u00adso Creativo","description":"","potentialAction":[{"@type":"SearchAction","target":{"@type":"EntryPoint","urlTemplate":"https:\/\/dev.antudigital.cl\/sites\/vc\/?s={search_term_string}"},"query-input":{"@type":"PropertyValueSpecification","valueRequired":true,"valueName":"search_term_string"}}],"inLanguage":"es"},{"@type":"Person","@id":"https:\/\/dev.antudigital.cl\/sites\/vc\/#\/schema\/person\/c2b9da8dd545e27166fc5ab232837318","name":"Valpara\u00edso Creativo","description":"Periodista de cultura en la Regi\u00f3n de Valpara\u00edso.","url":"https:\/\/dev.antudigital.cl\/sites\/vc\/author\/valpoadmin\/"}]}},"_links":{"self":[{"href":"https:\/\/dev.antudigital.cl\/sites\/vc\/wp-json\/wp\/v2\/posts\/18866","targetHints":{"allow":["GET"]}}],"collection":[{"href":"https:\/\/dev.antudigital.cl\/sites\/vc\/wp-json\/wp\/v2\/posts"}],"about":[{"href":"https:\/\/dev.antudigital.cl\/sites\/vc\/wp-json\/wp\/v2\/types\/post"}],"author":[{"embeddable":true,"href":"https:\/\/dev.antudigital.cl\/sites\/vc\/wp-json\/wp\/v2\/users\/1"}],"replies":[{"embeddable":true,"href":"https:\/\/dev.antudigital.cl\/sites\/vc\/wp-json\/wp\/v2\/comments?post=18866"}],"version-history":[{"count":1,"href":"https:\/\/dev.antudigital.cl\/sites\/vc\/wp-json\/wp\/v2\/posts\/18866\/revisions"}],"predecessor-version":[{"id":18869,"href":"https:\/\/dev.antudigital.cl\/sites\/vc\/wp-json\/wp\/v2\/posts\/18866\/revisions\/18869"}],"wp:featuredmedia":[{"embeddable":true,"href":"https:\/\/dev.antudigital.cl\/sites\/vc\/wp-json\/wp\/v2\/media\/18867"}],"wp:attachment":[{"href":"https:\/\/dev.antudigital.cl\/sites\/vc\/wp-json\/wp\/v2\/media?parent=18866"}],"wp:term":[{"taxonomy":"category","embeddable":true,"href":"https:\/\/dev.antudigital.cl\/sites\/vc\/wp-json\/wp\/v2\/categories?post=18866"},{"taxonomy":"post_tag","embeddable":true,"href":"https:\/\/dev.antudigital.cl\/sites\/vc\/wp-json\/wp\/v2\/tags?post=18866"}],"curies":[{"name":"wp","href":"https:\/\/api.w.org\/{rel}","templated":true}]}}