{"id":18870,"date":"2024-04-15T21:54:07","date_gmt":"2024-04-15T21:54:07","guid":{"rendered":"https:\/\/www.valparaisocreativo.cl\/?p=18870"},"modified":"2024-04-15T21:54:24","modified_gmt":"2024-04-15T21:54:24","slug":"nuevo-libro-compilado-de-laboratorio-de-escritura-territorial-de-bajvalpo","status":"publish","type":"post","link":"https:\/\/dev.antudigital.cl\/sites\/vc\/nuevo-libro-compilado-de-laboratorio-de-escritura-territorial-de-bajvalpo\/","title":{"rendered":"Nuevo libro compilado de Laboratorio de Escritura Territorial de BAJValpo"},"content":{"rendered":"\n<p><strong>Lanzamiento del libro Reescritura de Valpara\u00edso VI, es el resultado de la sexta versi\u00f3n del Laboratorio de Escritura Territorial de Balmaceda Arte Joven Valpara\u00edso.<\/strong><\/p>\n\n\n\n<p>Valpara\u00edso, Chile \u2013 Balmaceda Arte Joven Valpara\u00edso, con el apoyo del Fondo del Libro y la Lectura, perteneciente al Ministerio de las Culturas, las Artes y el Patrimonio, tiene el agrado de anunciar el lanzamiento de la \u00faltima edici\u00f3n del libro resultante del 6to Laboratorio de Escritura Territorial, en el marco del mes del libro. Este proyecto, que refleja la continua reinvenci\u00f3n de Valpara\u00edso como un epicentro de la literatura en prosa, culminar\u00e1 con la presentaci\u00f3n de obras de los participantes del a\u00f1o 2023.<\/p>\n\n\n\n<p>Coordinado y editado por el destacado escritor Crist\u00f3bal Gaete, el libro es fruto de m\u00e1s de seis meses de arduo trabajo en nuestra sede, donde lxs 16 participantes, tras asistir a m\u00e1s de treinta sesiones presenciales de creaci\u00f3n, lectura colectiva, edici\u00f3n y m\u00f3dulos te\u00f3rico-pr\u00e1cticos dirigidos por diversos profesionales del \u00e1mbito literario, dar\u00e1n a conocer sus textos. <em>El territorio se vuelve un lugar importante en tanto muchos de los textos no podr\u00edan suceder si no estuviera el lugar. Como una pol\u00edtica editorial, jam\u00e1s somos paisaje. Hay momentos sentidos en cada uno de ellos, con la novedad de que estas herramientas que damos en el proceso se est\u00e1n utilizando cada vez m\u00e1s lejos de casa. Esta vez hay textos ambientados en Quilpu\u00e9 o Quillota, por ejemplo<\/em>, comenta el escritor.\u00a0<\/p>\n\n\n\n<figure class=\"wp-block-image size-large\"><img fetchpriority=\"high\" decoding=\"async\" width=\"1024\" height=\"683\" src=\"https:\/\/www.valparaisocreativo.cl\/wp-content\/uploads\/2024\/04\/LIBRO-1-1024x683.jpg\" alt=\"\" class=\"wp-image-18872\" srcset=\"https:\/\/dev.antudigital.cl\/sites\/vc\/wp-content\/uploads\/2024\/04\/LIBRO-1-1024x683.jpg 1024w, https:\/\/dev.antudigital.cl\/sites\/vc\/wp-content\/uploads\/2024\/04\/LIBRO-1-300x200.jpg 300w, https:\/\/dev.antudigital.cl\/sites\/vc\/wp-content\/uploads\/2024\/04\/LIBRO-1-768x512.jpg 768w, https:\/\/dev.antudigital.cl\/sites\/vc\/wp-content\/uploads\/2024\/04\/LIBRO-1-1536x1024.jpg 1536w, https:\/\/dev.antudigital.cl\/sites\/vc\/wp-content\/uploads\/2024\/04\/LIBRO-1-2048x1366.jpg 2048w, https:\/\/dev.antudigital.cl\/sites\/vc\/wp-content\/uploads\/2024\/04\/LIBRO-1-1080x720.jpg 1080w, https:\/\/dev.antudigital.cl\/sites\/vc\/wp-content\/uploads\/2024\/04\/LIBRO-1-1280x854.jpg 1280w, https:\/\/dev.antudigital.cl\/sites\/vc\/wp-content\/uploads\/2024\/04\/LIBRO-1-980x653.jpg 980w, https:\/\/dev.antudigital.cl\/sites\/vc\/wp-content\/uploads\/2024\/04\/LIBRO-1-480x320.jpg 480w, https:\/\/dev.antudigital.cl\/sites\/vc\/wp-content\/uploads\/2024\/04\/LIBRO-1-24x16.jpg 24w, https:\/\/dev.antudigital.cl\/sites\/vc\/wp-content\/uploads\/2024\/04\/LIBRO-1-36x24.jpg 36w, https:\/\/dev.antudigital.cl\/sites\/vc\/wp-content\/uploads\/2024\/04\/LIBRO-1-48x32.jpg 48w\" sizes=\"(max-width: 1024px) 100vw, 1024px\" \/><\/figure>\n\n\n\n<p>La edici\u00f3n \u00abReescritura de Valpara\u00edso VI\u00bb incluye los textos de Azucena Allende, Miyodzi Watanabe, Mar T\u00edn, Florencia Gonz\u00e1lez Gaete, Sebasti\u00e1n Guerra Silva, Tito Mart\u00edn, Males, Laura Flores Moraga, Iara Femen\u00edas, Flavia Verger, Pedro Valencia Castillo, Catalina Pacheco Ibaceta, Lenn Navarro D, Dar\u00edo Tapia Saavedra, Ignacio Quezada y Mat\u00edas Peirano Mu\u00f1oz. <em>El trabajo de dise\u00f1o le est\u00e1 dando un sello en los \u00faltimos a\u00f1os que se diferencia en cada publicaci\u00f3n en las plumas de las autor\u00edas.&nbsp; En esta edici\u00f3n hay un giro autobiogr\u00e1fico que da cuenta de las barreras que han ido cayendo como sociedad, donde la diversidad tiene cabida. Esta vez, como nunca antes, se accede a mundos privados que son importantes conocer para poder entendernos entre todxs, <\/em>finaliza Crist\u00f3bal.<em>&nbsp;<\/em><\/p>\n\n\n\n<p>El evento de lanzamiento, abierto al p\u00fablico, tendr\u00e1 lugar el jueves 18 de abril a las 18:00 horas, en Santa Isabel 739, Cerro Alegre, Valpara\u00edso y se destacar\u00e1 por las lecturas en vivo de las y los autores, quienes compartir\u00e1n extractos de sus trabajos. Adem\u00e1s, se proyectar\u00e1 un corto documental que resume el proceso creativo y las experiencias vividas por los participantes de esta edici\u00f3n.<\/p>\n\n\n\n<p>Al finalizar la jornada, los asistentes recibir\u00e1n un ejemplar del libro como obsequio. Invitamos a todos los interesados en el Laboratorio de Escritura Territorial a visitar nuestro sitio web interactivo <a href=\"http:\/\/www.escrituraterritorial.cl\/\">www.escrituraterritorial.cl<\/a>, donde podr\u00e1n explorar los trabajos de ediciones anteriores y conocer sobre este espacio formativo.<\/p>\n","protected":false},"excerpt":{"rendered":"<p>Lanzamiento del libro Reescritura de Valpara\u00edso VI, es el resultado de la sexta versi\u00f3n del Laboratorio de Escritura Territorial de Balmaceda Arte Joven Valpara\u00edso. Valpara\u00edso, Chile \u2013 Balmaceda Arte Joven Valpara\u00edso, con el apoyo del Fondo del Libro y la Lectura, perteneciente al Ministerio de las Culturas, las Artes y el Patrimonio, tiene el agrado [&hellip;]<\/p>\n","protected":false},"author":1,"featured_media":18871,"comment_status":"closed","ping_status":"closed","sticky":false,"template":"","format":"standard","meta":{"_acf_changed":false,"footnotes":""},"categories":[8],"tags":[],"class_list":["post-18870","post","type-post","status-publish","format-standard","has-post-thumbnail","hentry","category-noticia"],"acf":[],"yoast_head":"<!-- This site is optimized with the Yoast SEO plugin v27.1.1 - https:\/\/yoast.com\/product\/yoast-seo-wordpress\/ -->\n<title>Nuevo libro compilado de Laboratorio de Escritura Territorial de BAJValpo - Valpara\u00ed\u00adso Creativo<\/title>\n<meta name=\"robots\" content=\"index, follow, max-snippet:-1, max-image-preview:large, max-video-preview:-1\" \/>\n<link rel=\"canonical\" href=\"https:\/\/dev.antudigital.cl\/sites\/vc\/nuevo-libro-compilado-de-laboratorio-de-escritura-territorial-de-bajvalpo\/\" \/>\n<meta property=\"og:locale\" content=\"es_ES\" \/>\n<meta property=\"og:type\" content=\"article\" \/>\n<meta property=\"og:title\" content=\"Nuevo libro compilado de Laboratorio de Escritura Territorial de BAJValpo - Valpara\u00ed\u00adso Creativo\" \/>\n<meta property=\"og:description\" content=\"Lanzamiento del libro Reescritura de Valpara\u00edso VI, es el resultado de la sexta versi\u00f3n del Laboratorio de Escritura Territorial de Balmaceda Arte Joven Valpara\u00edso. Valpara\u00edso, Chile \u2013 Balmaceda Arte Joven Valpara\u00edso, con el apoyo del Fondo del Libro y la Lectura, perteneciente al Ministerio de las Culturas, las Artes y el Patrimonio, tiene el agrado [&hellip;]\" \/>\n<meta property=\"og:url\" content=\"https:\/\/dev.antudigital.cl\/sites\/vc\/nuevo-libro-compilado-de-laboratorio-de-escritura-territorial-de-bajvalpo\/\" \/>\n<meta property=\"og:site_name\" content=\"Valpara\u00ed\u00adso Creativo\" \/>\n<meta property=\"article:published_time\" content=\"2024-04-15T21:54:07+00:00\" \/>\n<meta property=\"article:modified_time\" content=\"2024-04-15T21:54:24+00:00\" \/>\n<meta property=\"og:image\" content=\"https:\/\/dev.antudigital.cl\/sites\/vc\/wp-content\/uploads\/2024\/04\/LIBRO-5.jpg\" \/>\n\t<meta property=\"og:image:width\" content=\"2362\" \/>\n\t<meta property=\"og:image:height\" content=\"1575\" \/>\n\t<meta property=\"og:image:type\" content=\"image\/jpeg\" \/>\n<meta name=\"author\" content=\"Valpara\u00edso Creativo\" \/>\n<meta name=\"twitter:card\" content=\"summary_large_image\" \/>\n<meta name=\"twitter:label1\" content=\"Escrito por\" \/>\n\t<meta name=\"twitter:data1\" content=\"Valpara\u00edso Creativo\" \/>\n\t<meta name=\"twitter:label2\" content=\"Tiempo de lectura\" \/>\n\t<meta name=\"twitter:data2\" content=\"3 minutos\" \/>\n<script type=\"application\/ld+json\" class=\"yoast-schema-graph\">{\"@context\":\"https:\/\/schema.org\",\"@graph\":[{\"@type\":\"Article\",\"@id\":\"https:\/\/dev.antudigital.cl\/sites\/vc\/nuevo-libro-compilado-de-laboratorio-de-escritura-territorial-de-bajvalpo\/#article\",\"isPartOf\":{\"@id\":\"https:\/\/dev.antudigital.cl\/sites\/vc\/nuevo-libro-compilado-de-laboratorio-de-escritura-territorial-de-bajvalpo\/\"},\"author\":{\"name\":\"Valpara\u00edso Creativo\",\"@id\":\"https:\/\/dev.antudigital.cl\/sites\/vc\/#\/schema\/person\/c2b9da8dd545e27166fc5ab232837318\"},\"headline\":\"Nuevo libro compilado de Laboratorio de Escritura Territorial de BAJValpo\",\"datePublished\":\"2024-04-15T21:54:07+00:00\",\"dateModified\":\"2024-04-15T21:54:24+00:00\",\"mainEntityOfPage\":{\"@id\":\"https:\/\/dev.antudigital.cl\/sites\/vc\/nuevo-libro-compilado-de-laboratorio-de-escritura-territorial-de-bajvalpo\/\"},\"wordCount\":521,\"image\":{\"@id\":\"https:\/\/dev.antudigital.cl\/sites\/vc\/nuevo-libro-compilado-de-laboratorio-de-escritura-territorial-de-bajvalpo\/#primaryimage\"},\"thumbnailUrl\":\"https:\/\/dev.antudigital.cl\/sites\/vc\/wp-content\/uploads\/2024\/04\/LIBRO-5.jpg\",\"articleSection\":[\"Noticia\"],\"inLanguage\":\"es\"},{\"@type\":\"WebPage\",\"@id\":\"https:\/\/dev.antudigital.cl\/sites\/vc\/nuevo-libro-compilado-de-laboratorio-de-escritura-territorial-de-bajvalpo\/\",\"url\":\"https:\/\/dev.antudigital.cl\/sites\/vc\/nuevo-libro-compilado-de-laboratorio-de-escritura-territorial-de-bajvalpo\/\",\"name\":\"Nuevo libro compilado de Laboratorio de Escritura Territorial de BAJValpo - Valpara\u00ed\u00adso Creativo\",\"isPartOf\":{\"@id\":\"https:\/\/dev.antudigital.cl\/sites\/vc\/#website\"},\"primaryImageOfPage\":{\"@id\":\"https:\/\/dev.antudigital.cl\/sites\/vc\/nuevo-libro-compilado-de-laboratorio-de-escritura-territorial-de-bajvalpo\/#primaryimage\"},\"image\":{\"@id\":\"https:\/\/dev.antudigital.cl\/sites\/vc\/nuevo-libro-compilado-de-laboratorio-de-escritura-territorial-de-bajvalpo\/#primaryimage\"},\"thumbnailUrl\":\"https:\/\/dev.antudigital.cl\/sites\/vc\/wp-content\/uploads\/2024\/04\/LIBRO-5.jpg\",\"datePublished\":\"2024-04-15T21:54:07+00:00\",\"dateModified\":\"2024-04-15T21:54:24+00:00\",\"author\":{\"@id\":\"https:\/\/dev.antudigital.cl\/sites\/vc\/#\/schema\/person\/c2b9da8dd545e27166fc5ab232837318\"},\"breadcrumb\":{\"@id\":\"https:\/\/dev.antudigital.cl\/sites\/vc\/nuevo-libro-compilado-de-laboratorio-de-escritura-territorial-de-bajvalpo\/#breadcrumb\"},\"inLanguage\":\"es\",\"potentialAction\":[{\"@type\":\"ReadAction\",\"target\":[\"https:\/\/dev.antudigital.cl\/sites\/vc\/nuevo-libro-compilado-de-laboratorio-de-escritura-territorial-de-bajvalpo\/\"]}]},{\"@type\":\"ImageObject\",\"inLanguage\":\"es\",\"@id\":\"https:\/\/dev.antudigital.cl\/sites\/vc\/nuevo-libro-compilado-de-laboratorio-de-escritura-territorial-de-bajvalpo\/#primaryimage\",\"url\":\"https:\/\/dev.antudigital.cl\/sites\/vc\/wp-content\/uploads\/2024\/04\/LIBRO-5.jpg\",\"contentUrl\":\"https:\/\/dev.antudigital.cl\/sites\/vc\/wp-content\/uploads\/2024\/04\/LIBRO-5.jpg\",\"width\":2362,\"height\":1575},{\"@type\":\"BreadcrumbList\",\"@id\":\"https:\/\/dev.antudigital.cl\/sites\/vc\/nuevo-libro-compilado-de-laboratorio-de-escritura-territorial-de-bajvalpo\/#breadcrumb\",\"itemListElement\":[{\"@type\":\"ListItem\",\"position\":1,\"name\":\"Home\",\"item\":\"https:\/\/dev.antudigital.cl\/sites\/vc\/\"},{\"@type\":\"ListItem\",\"position\":2,\"name\":\"Nuevo libro compilado de Laboratorio de Escritura Territorial de BAJValpo\"}]},{\"@type\":\"WebSite\",\"@id\":\"https:\/\/dev.antudigital.cl\/sites\/vc\/#website\",\"url\":\"https:\/\/dev.antudigital.cl\/sites\/vc\/\",\"name\":\"Valpara\u00ed\u00adso Creativo\",\"description\":\"\",\"potentialAction\":[{\"@type\":\"SearchAction\",\"target\":{\"@type\":\"EntryPoint\",\"urlTemplate\":\"https:\/\/dev.antudigital.cl\/sites\/vc\/?s={search_term_string}\"},\"query-input\":{\"@type\":\"PropertyValueSpecification\",\"valueRequired\":true,\"valueName\":\"search_term_string\"}}],\"inLanguage\":\"es\"},{\"@type\":\"Person\",\"@id\":\"https:\/\/dev.antudigital.cl\/sites\/vc\/#\/schema\/person\/c2b9da8dd545e27166fc5ab232837318\",\"name\":\"Valpara\u00edso Creativo\",\"description\":\"Periodista de cultura en la Regi\u00f3n de Valpara\u00edso.\",\"url\":\"https:\/\/dev.antudigital.cl\/sites\/vc\/author\/valpoadmin\/\"}]}<\/script>\n<!-- \/ Yoast SEO plugin. -->","yoast_head_json":{"title":"Nuevo libro compilado de Laboratorio de Escritura Territorial de BAJValpo - Valpara\u00ed\u00adso Creativo","robots":{"index":"index","follow":"follow","max-snippet":"max-snippet:-1","max-image-preview":"max-image-preview:large","max-video-preview":"max-video-preview:-1"},"canonical":"https:\/\/dev.antudigital.cl\/sites\/vc\/nuevo-libro-compilado-de-laboratorio-de-escritura-territorial-de-bajvalpo\/","og_locale":"es_ES","og_type":"article","og_title":"Nuevo libro compilado de Laboratorio de Escritura Territorial de BAJValpo - Valpara\u00ed\u00adso Creativo","og_description":"Lanzamiento del libro Reescritura de Valpara\u00edso VI, es el resultado de la sexta versi\u00f3n del Laboratorio de Escritura Territorial de Balmaceda Arte Joven Valpara\u00edso. Valpara\u00edso, Chile \u2013 Balmaceda Arte Joven Valpara\u00edso, con el apoyo del Fondo del Libro y la Lectura, perteneciente al Ministerio de las Culturas, las Artes y el Patrimonio, tiene el agrado [&hellip;]","og_url":"https:\/\/dev.antudigital.cl\/sites\/vc\/nuevo-libro-compilado-de-laboratorio-de-escritura-territorial-de-bajvalpo\/","og_site_name":"Valpara\u00ed\u00adso Creativo","article_published_time":"2024-04-15T21:54:07+00:00","article_modified_time":"2024-04-15T21:54:24+00:00","og_image":[{"width":2362,"height":1575,"url":"https:\/\/dev.antudigital.cl\/sites\/vc\/wp-content\/uploads\/2024\/04\/LIBRO-5.jpg","type":"image\/jpeg"}],"author":"Valpara\u00edso Creativo","twitter_card":"summary_large_image","twitter_misc":{"Escrito por":"Valpara\u00edso Creativo","Tiempo de lectura":"3 minutos"},"schema":{"@context":"https:\/\/schema.org","@graph":[{"@type":"Article","@id":"https:\/\/dev.antudigital.cl\/sites\/vc\/nuevo-libro-compilado-de-laboratorio-de-escritura-territorial-de-bajvalpo\/#article","isPartOf":{"@id":"https:\/\/dev.antudigital.cl\/sites\/vc\/nuevo-libro-compilado-de-laboratorio-de-escritura-territorial-de-bajvalpo\/"},"author":{"name":"Valpara\u00edso Creativo","@id":"https:\/\/dev.antudigital.cl\/sites\/vc\/#\/schema\/person\/c2b9da8dd545e27166fc5ab232837318"},"headline":"Nuevo libro compilado de Laboratorio de Escritura Territorial de BAJValpo","datePublished":"2024-04-15T21:54:07+00:00","dateModified":"2024-04-15T21:54:24+00:00","mainEntityOfPage":{"@id":"https:\/\/dev.antudigital.cl\/sites\/vc\/nuevo-libro-compilado-de-laboratorio-de-escritura-territorial-de-bajvalpo\/"},"wordCount":521,"image":{"@id":"https:\/\/dev.antudigital.cl\/sites\/vc\/nuevo-libro-compilado-de-laboratorio-de-escritura-territorial-de-bajvalpo\/#primaryimage"},"thumbnailUrl":"https:\/\/dev.antudigital.cl\/sites\/vc\/wp-content\/uploads\/2024\/04\/LIBRO-5.jpg","articleSection":["Noticia"],"inLanguage":"es"},{"@type":"WebPage","@id":"https:\/\/dev.antudigital.cl\/sites\/vc\/nuevo-libro-compilado-de-laboratorio-de-escritura-territorial-de-bajvalpo\/","url":"https:\/\/dev.antudigital.cl\/sites\/vc\/nuevo-libro-compilado-de-laboratorio-de-escritura-territorial-de-bajvalpo\/","name":"Nuevo libro compilado de Laboratorio de Escritura Territorial de BAJValpo - Valpara\u00ed\u00adso Creativo","isPartOf":{"@id":"https:\/\/dev.antudigital.cl\/sites\/vc\/#website"},"primaryImageOfPage":{"@id":"https:\/\/dev.antudigital.cl\/sites\/vc\/nuevo-libro-compilado-de-laboratorio-de-escritura-territorial-de-bajvalpo\/#primaryimage"},"image":{"@id":"https:\/\/dev.antudigital.cl\/sites\/vc\/nuevo-libro-compilado-de-laboratorio-de-escritura-territorial-de-bajvalpo\/#primaryimage"},"thumbnailUrl":"https:\/\/dev.antudigital.cl\/sites\/vc\/wp-content\/uploads\/2024\/04\/LIBRO-5.jpg","datePublished":"2024-04-15T21:54:07+00:00","dateModified":"2024-04-15T21:54:24+00:00","author":{"@id":"https:\/\/dev.antudigital.cl\/sites\/vc\/#\/schema\/person\/c2b9da8dd545e27166fc5ab232837318"},"breadcrumb":{"@id":"https:\/\/dev.antudigital.cl\/sites\/vc\/nuevo-libro-compilado-de-laboratorio-de-escritura-territorial-de-bajvalpo\/#breadcrumb"},"inLanguage":"es","potentialAction":[{"@type":"ReadAction","target":["https:\/\/dev.antudigital.cl\/sites\/vc\/nuevo-libro-compilado-de-laboratorio-de-escritura-territorial-de-bajvalpo\/"]}]},{"@type":"ImageObject","inLanguage":"es","@id":"https:\/\/dev.antudigital.cl\/sites\/vc\/nuevo-libro-compilado-de-laboratorio-de-escritura-territorial-de-bajvalpo\/#primaryimage","url":"https:\/\/dev.antudigital.cl\/sites\/vc\/wp-content\/uploads\/2024\/04\/LIBRO-5.jpg","contentUrl":"https:\/\/dev.antudigital.cl\/sites\/vc\/wp-content\/uploads\/2024\/04\/LIBRO-5.jpg","width":2362,"height":1575},{"@type":"BreadcrumbList","@id":"https:\/\/dev.antudigital.cl\/sites\/vc\/nuevo-libro-compilado-de-laboratorio-de-escritura-territorial-de-bajvalpo\/#breadcrumb","itemListElement":[{"@type":"ListItem","position":1,"name":"Home","item":"https:\/\/dev.antudigital.cl\/sites\/vc\/"},{"@type":"ListItem","position":2,"name":"Nuevo libro compilado de Laboratorio de Escritura Territorial de BAJValpo"}]},{"@type":"WebSite","@id":"https:\/\/dev.antudigital.cl\/sites\/vc\/#website","url":"https:\/\/dev.antudigital.cl\/sites\/vc\/","name":"Valpara\u00ed\u00adso Creativo","description":"","potentialAction":[{"@type":"SearchAction","target":{"@type":"EntryPoint","urlTemplate":"https:\/\/dev.antudigital.cl\/sites\/vc\/?s={search_term_string}"},"query-input":{"@type":"PropertyValueSpecification","valueRequired":true,"valueName":"search_term_string"}}],"inLanguage":"es"},{"@type":"Person","@id":"https:\/\/dev.antudigital.cl\/sites\/vc\/#\/schema\/person\/c2b9da8dd545e27166fc5ab232837318","name":"Valpara\u00edso Creativo","description":"Periodista de cultura en la Regi\u00f3n de Valpara\u00edso.","url":"https:\/\/dev.antudigital.cl\/sites\/vc\/author\/valpoadmin\/"}]}},"_links":{"self":[{"href":"https:\/\/dev.antudigital.cl\/sites\/vc\/wp-json\/wp\/v2\/posts\/18870","targetHints":{"allow":["GET"]}}],"collection":[{"href":"https:\/\/dev.antudigital.cl\/sites\/vc\/wp-json\/wp\/v2\/posts"}],"about":[{"href":"https:\/\/dev.antudigital.cl\/sites\/vc\/wp-json\/wp\/v2\/types\/post"}],"author":[{"embeddable":true,"href":"https:\/\/dev.antudigital.cl\/sites\/vc\/wp-json\/wp\/v2\/users\/1"}],"replies":[{"embeddable":true,"href":"https:\/\/dev.antudigital.cl\/sites\/vc\/wp-json\/wp\/v2\/comments?post=18870"}],"version-history":[{"count":1,"href":"https:\/\/dev.antudigital.cl\/sites\/vc\/wp-json\/wp\/v2\/posts\/18870\/revisions"}],"predecessor-version":[{"id":18873,"href":"https:\/\/dev.antudigital.cl\/sites\/vc\/wp-json\/wp\/v2\/posts\/18870\/revisions\/18873"}],"wp:featuredmedia":[{"embeddable":true,"href":"https:\/\/dev.antudigital.cl\/sites\/vc\/wp-json\/wp\/v2\/media\/18871"}],"wp:attachment":[{"href":"https:\/\/dev.antudigital.cl\/sites\/vc\/wp-json\/wp\/v2\/media?parent=18870"}],"wp:term":[{"taxonomy":"category","embeddable":true,"href":"https:\/\/dev.antudigital.cl\/sites\/vc\/wp-json\/wp\/v2\/categories?post=18870"},{"taxonomy":"post_tag","embeddable":true,"href":"https:\/\/dev.antudigital.cl\/sites\/vc\/wp-json\/wp\/v2\/tags?post=18870"}],"curies":[{"name":"wp","href":"https:\/\/api.w.org\/{rel}","templated":true}]}}