{"id":18915,"date":"2024-04-19T12:44:06","date_gmt":"2024-04-19T12:44:06","guid":{"rendered":"https:\/\/www.valparaisocreativo.cl\/?p=18915"},"modified":"2024-04-22T12:58:22","modified_gmt":"2024-04-22T12:58:22","slug":"parte-la-primera-bienal-de-danza-moderna-y-contemporanea-de-la-region-de-valparaiso","status":"publish","type":"post","link":"https:\/\/dev.antudigital.cl\/sites\/vc\/parte-la-primera-bienal-de-danza-moderna-y-contemporanea-de-la-region-de-valparaiso\/","title":{"rendered":"Parte la Primera Bienal de Danza Moderna y Contempor\u00e1nea de la Regi\u00f3n de Valpara\u00edso"},"content":{"rendered":"\n<p>Este s\u00e1bado comienza en el Parque Cultural el evento organizado por escenalborde, donde participan 18 compa\u00f1\u00edas y cuyas funciones son gratuitas.&nbsp;&nbsp;<\/p>\n\n\n\n<p>Con la participaci\u00f3n de 18 compa\u00f1\u00edas locales y una propuesta program\u00e1tica muy diversa que habla de la amplitud de posibilidades que puede abordar el cuerpo esc\u00e9nico desde el movimiento, este s\u00e1bado 20 de abril comienza en el Parque Cultural la Primera Bienal de Danza Moderna y Contempor\u00e1nea de la Regi\u00f3n de Valpara\u00edso, principal hito del proyecto Territorios en Movimiento, a cargo de escenalborde y que cuenta con el financiamiento del Ministerio de las Culturas, las Artes y el Patrimonio a trav\u00e9s de su Programa de Apoyo a Organizaciones Culturales Colaboradoras.<\/p>\n\n\n\n<p>La bienal, que se extender\u00e1 hasta el domingo 28 de abril, cuenta con obras de compa\u00f1\u00edas consagradas y emergentes, clases abiertas a la comunidad, videodanza, conversatorios, mediaci\u00f3n con colegios de la zona y la construcci\u00f3n del Puente del Aconcagua, hito de intercambio y colaboraci\u00f3n con la Regi\u00f3n de Cuyo, Argentina. Las funciones son a las 19.00 horas, con entrada liberada.<\/p>\n\n\n\n<figure class=\"wp-block-image size-large\"><img fetchpriority=\"high\" decoding=\"async\" width=\"1024\" height=\"683\" src=\"https:\/\/www.valparaisocreativo.cl\/wp-content\/uploads\/2024\/04\/Elenco-Baj-1024x683.jpg\" alt=\"\" class=\"wp-image-18918\" srcset=\"https:\/\/dev.antudigital.cl\/sites\/vc\/wp-content\/uploads\/2024\/04\/Elenco-Baj-1024x683.jpg 1024w, https:\/\/dev.antudigital.cl\/sites\/vc\/wp-content\/uploads\/2024\/04\/Elenco-Baj-300x200.jpg 300w, https:\/\/dev.antudigital.cl\/sites\/vc\/wp-content\/uploads\/2024\/04\/Elenco-Baj-768x512.jpg 768w, https:\/\/dev.antudigital.cl\/sites\/vc\/wp-content\/uploads\/2024\/04\/Elenco-Baj-1536x1024.jpg 1536w, https:\/\/dev.antudigital.cl\/sites\/vc\/wp-content\/uploads\/2024\/04\/Elenco-Baj-2048x1365.jpg 2048w, https:\/\/dev.antudigital.cl\/sites\/vc\/wp-content\/uploads\/2024\/04\/Elenco-Baj-1080x720.jpg 1080w, https:\/\/dev.antudigital.cl\/sites\/vc\/wp-content\/uploads\/2024\/04\/Elenco-Baj-1280x854.jpg 1280w, https:\/\/dev.antudigital.cl\/sites\/vc\/wp-content\/uploads\/2024\/04\/Elenco-Baj-980x653.jpg 980w, https:\/\/dev.antudigital.cl\/sites\/vc\/wp-content\/uploads\/2024\/04\/Elenco-Baj-480x320.jpg 480w, https:\/\/dev.antudigital.cl\/sites\/vc\/wp-content\/uploads\/2024\/04\/Elenco-Baj-24x16.jpg 24w, https:\/\/dev.antudigital.cl\/sites\/vc\/wp-content\/uploads\/2024\/04\/Elenco-Baj-36x24.jpg 36w, https:\/\/dev.antudigital.cl\/sites\/vc\/wp-content\/uploads\/2024\/04\/Elenco-Baj-48x32.jpg 48w\" sizes=\"(max-width: 1024px) 100vw, 1024px\" \/><\/figure>\n\n\n\n<p>Los dos primeros d\u00edas de programaci\u00f3n consideran la participaci\u00f3n de elencos y compa\u00f1\u00edas que han aportado al desarrollo de la danza regional. Es el caso de la Compa\u00f1\u00eda Escuela de Danza Balmaceda Arte Joven Valpara\u00edso 2023 \/ 2024, que este s\u00e1bado presenta \u201cOfrenda coreogr\u00e1fica\u201d. Este s\u00e1bado ser\u00e1 tambi\u00e9n el estreno del cortometraje de videodanza \u201cFragmentos de un cuerpo\u201d, en torno a la Ciudad Abierta de Ritoque y la relaci\u00f3n entre el cuerpo y el espacio, desarrollado por el grupo Laboratorio Rizoma, que cruza cine, arquitectura y danza. Durante la primera jornada de la bienal parten tambi\u00e9n las clases abiertas a la comunidad: Fusi\u00f3n de t\u00e9cnicas con soporte coreogr\u00e1fico\/Mar\u00eda Jos\u00e9 Franco (11.00 a 13.00 horas); Movimiento singular\/David Legue (13.30 a 15.30 horas), y El cuerpo-texto\/Karen Valenzuela Riveros (16.00 a 18.00 horas).&nbsp;<\/p>\n\n\n\n<p>El domingo 21 ser\u00e1 el turno de las obras \u201cMatices, una mirada sensible de Violeta Parra\u201d, de la compa\u00f1\u00eda de danza Mizu de Quilpu\u00e9; \u201cGatoSur\u201d, que destaca la labor de su creadora, Carmen Beuchat, a cargo de Estudio de Artes EA!, bajo la direcci\u00f3n de Carolina Escobillana y \u201cRacconto para no olvidar\u201d, del Conservatorio Municipal Izidor Handler de Vi\u00f1a del Mar.&nbsp;&nbsp;<\/p>\n\n\n\n<p>Mientras que el martes 23 comienzan las presentaciones de compa\u00f1\u00edas profesionales, con la presentaci\u00f3n del Colectivo Mundo Moebio, que cumple 25 a\u00f1os de trayectoria, que llegar\u00e1 al Parque Cultural de Valpara\u00edso con la obra \u201cECDISIS, Acci\u00f3n #25 para mudar de piel\u201d.<\/p>\n\n\n\n<p>En tanto, el mi\u00e9rcoles 24 la programaci\u00f3n considera las piezas \u201cLapsus\u201d, de la compa\u00f1\u00eda LIMO, \u201cBasic-Extracto\u201d, a cargo de la compa\u00f1\u00eda CreaDanza, y \u201cTibia\u201d, creaci\u00f3n de Cristian Reyes y Crist\u00f3bal B. Corval\u00e1n. El jueves 25 hay funciones de \u201c135 mujeres\u201d, del Colectivo Esc\u00e9nico Agua-Cero, \u201cInsania\u201d, de Proyecto Insania, y \u201cVicha, la m\u00e1quina sensible\u201d, de Pita Torres.\u00a0<\/p>\n\n\n\n<figure class=\"wp-block-image size-large\"><img decoding=\"async\" width=\"1024\" height=\"683\" src=\"https:\/\/www.valparaisocreativo.cl\/wp-content\/uploads\/2024\/04\/Insania-de-Proyecto-Insania--1024x683.png\" alt=\"\" class=\"wp-image-18919\" srcset=\"https:\/\/dev.antudigital.cl\/sites\/vc\/wp-content\/uploads\/2024\/04\/Insania-de-Proyecto-Insania--1024x683.png 1024w, https:\/\/dev.antudigital.cl\/sites\/vc\/wp-content\/uploads\/2024\/04\/Insania-de-Proyecto-Insania--300x200.png 300w, https:\/\/dev.antudigital.cl\/sites\/vc\/wp-content\/uploads\/2024\/04\/Insania-de-Proyecto-Insania--768x512.png 768w, https:\/\/dev.antudigital.cl\/sites\/vc\/wp-content\/uploads\/2024\/04\/Insania-de-Proyecto-Insania--1536x1024.png 1536w, https:\/\/dev.antudigital.cl\/sites\/vc\/wp-content\/uploads\/2024\/04\/Insania-de-Proyecto-Insania--2048x1365.png 2048w, https:\/\/dev.antudigital.cl\/sites\/vc\/wp-content\/uploads\/2024\/04\/Insania-de-Proyecto-Insania--1080x720.png 1080w, https:\/\/dev.antudigital.cl\/sites\/vc\/wp-content\/uploads\/2024\/04\/Insania-de-Proyecto-Insania--1280x853.png 1280w, https:\/\/dev.antudigital.cl\/sites\/vc\/wp-content\/uploads\/2024\/04\/Insania-de-Proyecto-Insania--980x653.png 980w, https:\/\/dev.antudigital.cl\/sites\/vc\/wp-content\/uploads\/2024\/04\/Insania-de-Proyecto-Insania--480x320.png 480w, https:\/\/dev.antudigital.cl\/sites\/vc\/wp-content\/uploads\/2024\/04\/Insania-de-Proyecto-Insania--24x16.png 24w, https:\/\/dev.antudigital.cl\/sites\/vc\/wp-content\/uploads\/2024\/04\/Insania-de-Proyecto-Insania--36x24.png 36w, https:\/\/dev.antudigital.cl\/sites\/vc\/wp-content\/uploads\/2024\/04\/Insania-de-Proyecto-Insania--48x32.png 48w\" sizes=\"(max-width: 1024px) 100vw, 1024px\" \/><\/figure>\n\n\n\n<p>&nbsp;Para el viernes 26 est\u00e1n fijadas las obras \u201cCoRdiLLeRa\u201d, de Proyecto Cordillera; \u201cNylon\u201d, de Compa\u00f1\u00eda Movimiento Continuo, y \u201cFr\u00e1gil cart\u00f3n\u201d, Constelaciones migrantes, N\u00facleo Valpara\u00edso. El s\u00e1bado 27 se presentan \u201cRoca en movimiento\u201d, de Maura Verdejo; \u201cL\u00edmites difusos\u201d, de laOrtopedia Artes Esc\u00e9nicas.&nbsp; Y cierran la programaci\u00f3n el domingo 28 las obras \u201c\u00bfSostener..?\u201d, de la Compa\u00f1\u00eda Espacios Quim\u00e9ricos, y \u201cLatencia\u201d, de la Compa\u00f1\u00eda Hilo Rojo.&nbsp;<\/p>\n\n\n\n<p>La programaci\u00f3n completa est\u00e1 disponible en www.escenalborde.cl y en las redes sociales: Instagram @escenalborde y Facebook escenalbordeartesescenicas<\/p>\n\n\n\n<p>LECTURAS DE FOTO&nbsp;<\/p>\n\n\n\n<p>Compa\u00f1\u00eda Escuela de Danza Balmaceda Arte Joven Valpara\u00edso presenta \u201cOfrenda coreogr\u00e1fica\u201d.<\/p>\n\n\n\n<p>La obra \u201cInsania\u201d, de Proyecto Insania.&nbsp;<\/p>\n\n\n\n<p>\u201c\u00bfSostener..?\u201d, de la Compa\u00f1\u00eda Espacios Quim\u00e9ricos.<\/p>\n\n\n\n<p>\u201cFr\u00e1gil cart\u00f3n\u201d, Constelaciones migrantes, N\u00facleo Valpara\u00edso.<\/p>\n\n\n\n<p>\u201cRacconto para no olvidar\u201d, con elenco del Conservatorio Municipal Izidor Handler de Vi\u00f1a del Mar.&nbsp;<\/p>\n","protected":false},"excerpt":{"rendered":"<p>Este s\u00e1bado comienza en el Parque Cultural el evento organizado por escenalborde, donde participan 18 compa\u00f1\u00edas y cuyas funciones son gratuitas.&nbsp;&nbsp; Con la participaci\u00f3n de 18 compa\u00f1\u00edas locales y una propuesta program\u00e1tica muy diversa que habla de la amplitud de posibilidades que puede abordar el cuerpo esc\u00e9nico desde el movimiento, este s\u00e1bado 20 de abril [&hellip;]<\/p>\n","protected":false},"author":1,"featured_media":18917,"comment_status":"closed","ping_status":"closed","sticky":false,"template":"","format":"standard","meta":{"_acf_changed":false,"footnotes":""},"categories":[8,1],"tags":[],"class_list":["post-18915","post","type-post","status-publish","format-standard","has-post-thumbnail","hentry","category-noticia","category-uncategorized"],"acf":[],"yoast_head":"<!-- This site is optimized with the Yoast SEO plugin v27.1.1 - https:\/\/yoast.com\/product\/yoast-seo-wordpress\/ -->\n<title>Parte la Primera Bienal de Danza Moderna y Contempor\u00e1nea de la Regi\u00f3n de Valpara\u00edso - Valpara\u00ed\u00adso Creativo<\/title>\n<meta name=\"robots\" content=\"index, follow, max-snippet:-1, max-image-preview:large, max-video-preview:-1\" \/>\n<link rel=\"canonical\" href=\"https:\/\/dev.antudigital.cl\/sites\/vc\/parte-la-primera-bienal-de-danza-moderna-y-contemporanea-de-la-region-de-valparaiso\/\" \/>\n<meta property=\"og:locale\" content=\"es_ES\" \/>\n<meta property=\"og:type\" content=\"article\" \/>\n<meta property=\"og:title\" content=\"Parte la Primera Bienal de Danza Moderna y Contempor\u00e1nea de la Regi\u00f3n de Valpara\u00edso - Valpara\u00ed\u00adso Creativo\" \/>\n<meta property=\"og:description\" content=\"Este s\u00e1bado comienza en el Parque Cultural el evento organizado por escenalborde, donde participan 18 compa\u00f1\u00edas y cuyas funciones son gratuitas.&nbsp;&nbsp; Con la participaci\u00f3n de 18 compa\u00f1\u00edas locales y una propuesta program\u00e1tica muy diversa que habla de la amplitud de posibilidades que puede abordar el cuerpo esc\u00e9nico desde el movimiento, este s\u00e1bado 20 de abril [&hellip;]\" \/>\n<meta property=\"og:url\" content=\"https:\/\/dev.antudigital.cl\/sites\/vc\/parte-la-primera-bienal-de-danza-moderna-y-contemporanea-de-la-region-de-valparaiso\/\" \/>\n<meta property=\"og:site_name\" content=\"Valpara\u00ed\u00adso Creativo\" \/>\n<meta property=\"article:published_time\" content=\"2024-04-19T12:44:06+00:00\" \/>\n<meta property=\"article:modified_time\" content=\"2024-04-22T12:58:22+00:00\" \/>\n<meta property=\"og:image\" content=\"https:\/\/dev.antudigital.cl\/sites\/vc\/wp-content\/uploads\/2024\/04\/Conservatorio-Racconto-3.jpeg\" \/>\n\t<meta property=\"og:image:width\" content=\"1080\" \/>\n\t<meta property=\"og:image:height\" content=\"598\" \/>\n\t<meta property=\"og:image:type\" content=\"image\/jpeg\" \/>\n<meta name=\"author\" content=\"Valpara\u00edso Creativo\" \/>\n<meta name=\"twitter:card\" content=\"summary_large_image\" \/>\n<meta name=\"twitter:label1\" content=\"Escrito por\" \/>\n\t<meta name=\"twitter:data1\" content=\"Valpara\u00edso Creativo\" \/>\n\t<meta name=\"twitter:label2\" content=\"Tiempo de lectura\" \/>\n\t<meta name=\"twitter:data2\" content=\"4 minutos\" \/>\n<script type=\"application\/ld+json\" class=\"yoast-schema-graph\">{\"@context\":\"https:\/\/schema.org\",\"@graph\":[{\"@type\":\"Article\",\"@id\":\"https:\/\/dev.antudigital.cl\/sites\/vc\/parte-la-primera-bienal-de-danza-moderna-y-contemporanea-de-la-region-de-valparaiso\/#article\",\"isPartOf\":{\"@id\":\"https:\/\/dev.antudigital.cl\/sites\/vc\/parte-la-primera-bienal-de-danza-moderna-y-contemporanea-de-la-region-de-valparaiso\/\"},\"author\":{\"name\":\"Valpara\u00edso Creativo\",\"@id\":\"https:\/\/dev.antudigital.cl\/sites\/vc\/#\/schema\/person\/c2b9da8dd545e27166fc5ab232837318\"},\"headline\":\"Parte la Primera Bienal de Danza Moderna y Contempor\u00e1nea de la Regi\u00f3n de Valpara\u00edso\",\"datePublished\":\"2024-04-19T12:44:06+00:00\",\"dateModified\":\"2024-04-22T12:58:22+00:00\",\"mainEntityOfPage\":{\"@id\":\"https:\/\/dev.antudigital.cl\/sites\/vc\/parte-la-primera-bienal-de-danza-moderna-y-contemporanea-de-la-region-de-valparaiso\/\"},\"wordCount\":668,\"image\":{\"@id\":\"https:\/\/dev.antudigital.cl\/sites\/vc\/parte-la-primera-bienal-de-danza-moderna-y-contemporanea-de-la-region-de-valparaiso\/#primaryimage\"},\"thumbnailUrl\":\"https:\/\/dev.antudigital.cl\/sites\/vc\/wp-content\/uploads\/2024\/04\/Conservatorio-Racconto-3.jpeg\",\"articleSection\":[\"Noticia\",\"Uncategorized\"],\"inLanguage\":\"es\"},{\"@type\":\"WebPage\",\"@id\":\"https:\/\/dev.antudigital.cl\/sites\/vc\/parte-la-primera-bienal-de-danza-moderna-y-contemporanea-de-la-region-de-valparaiso\/\",\"url\":\"https:\/\/dev.antudigital.cl\/sites\/vc\/parte-la-primera-bienal-de-danza-moderna-y-contemporanea-de-la-region-de-valparaiso\/\",\"name\":\"Parte la Primera Bienal de Danza Moderna y Contempor\u00e1nea de la Regi\u00f3n de Valpara\u00edso - Valpara\u00ed\u00adso Creativo\",\"isPartOf\":{\"@id\":\"https:\/\/dev.antudigital.cl\/sites\/vc\/#website\"},\"primaryImageOfPage\":{\"@id\":\"https:\/\/dev.antudigital.cl\/sites\/vc\/parte-la-primera-bienal-de-danza-moderna-y-contemporanea-de-la-region-de-valparaiso\/#primaryimage\"},\"image\":{\"@id\":\"https:\/\/dev.antudigital.cl\/sites\/vc\/parte-la-primera-bienal-de-danza-moderna-y-contemporanea-de-la-region-de-valparaiso\/#primaryimage\"},\"thumbnailUrl\":\"https:\/\/dev.antudigital.cl\/sites\/vc\/wp-content\/uploads\/2024\/04\/Conservatorio-Racconto-3.jpeg\",\"datePublished\":\"2024-04-19T12:44:06+00:00\",\"dateModified\":\"2024-04-22T12:58:22+00:00\",\"author\":{\"@id\":\"https:\/\/dev.antudigital.cl\/sites\/vc\/#\/schema\/person\/c2b9da8dd545e27166fc5ab232837318\"},\"breadcrumb\":{\"@id\":\"https:\/\/dev.antudigital.cl\/sites\/vc\/parte-la-primera-bienal-de-danza-moderna-y-contemporanea-de-la-region-de-valparaiso\/#breadcrumb\"},\"inLanguage\":\"es\",\"potentialAction\":[{\"@type\":\"ReadAction\",\"target\":[\"https:\/\/dev.antudigital.cl\/sites\/vc\/parte-la-primera-bienal-de-danza-moderna-y-contemporanea-de-la-region-de-valparaiso\/\"]}]},{\"@type\":\"ImageObject\",\"inLanguage\":\"es\",\"@id\":\"https:\/\/dev.antudigital.cl\/sites\/vc\/parte-la-primera-bienal-de-danza-moderna-y-contemporanea-de-la-region-de-valparaiso\/#primaryimage\",\"url\":\"https:\/\/dev.antudigital.cl\/sites\/vc\/wp-content\/uploads\/2024\/04\/Conservatorio-Racconto-3.jpeg\",\"contentUrl\":\"https:\/\/dev.antudigital.cl\/sites\/vc\/wp-content\/uploads\/2024\/04\/Conservatorio-Racconto-3.jpeg\",\"width\":1080,\"height\":598},{\"@type\":\"BreadcrumbList\",\"@id\":\"https:\/\/dev.antudigital.cl\/sites\/vc\/parte-la-primera-bienal-de-danza-moderna-y-contemporanea-de-la-region-de-valparaiso\/#breadcrumb\",\"itemListElement\":[{\"@type\":\"ListItem\",\"position\":1,\"name\":\"Home\",\"item\":\"https:\/\/dev.antudigital.cl\/sites\/vc\/\"},{\"@type\":\"ListItem\",\"position\":2,\"name\":\"Parte la Primera Bienal de Danza Moderna y Contempor\u00e1nea de la Regi\u00f3n de Valpara\u00edso\"}]},{\"@type\":\"WebSite\",\"@id\":\"https:\/\/dev.antudigital.cl\/sites\/vc\/#website\",\"url\":\"https:\/\/dev.antudigital.cl\/sites\/vc\/\",\"name\":\"Valpara\u00ed\u00adso Creativo\",\"description\":\"\",\"potentialAction\":[{\"@type\":\"SearchAction\",\"target\":{\"@type\":\"EntryPoint\",\"urlTemplate\":\"https:\/\/dev.antudigital.cl\/sites\/vc\/?s={search_term_string}\"},\"query-input\":{\"@type\":\"PropertyValueSpecification\",\"valueRequired\":true,\"valueName\":\"search_term_string\"}}],\"inLanguage\":\"es\"},{\"@type\":\"Person\",\"@id\":\"https:\/\/dev.antudigital.cl\/sites\/vc\/#\/schema\/person\/c2b9da8dd545e27166fc5ab232837318\",\"name\":\"Valpara\u00edso Creativo\",\"description\":\"Periodista de cultura en la Regi\u00f3n de Valpara\u00edso.\",\"url\":\"https:\/\/dev.antudigital.cl\/sites\/vc\/author\/valpoadmin\/\"}]}<\/script>\n<!-- \/ Yoast SEO plugin. -->","yoast_head_json":{"title":"Parte la Primera Bienal de Danza Moderna y Contempor\u00e1nea de la Regi\u00f3n de Valpara\u00edso - Valpara\u00ed\u00adso Creativo","robots":{"index":"index","follow":"follow","max-snippet":"max-snippet:-1","max-image-preview":"max-image-preview:large","max-video-preview":"max-video-preview:-1"},"canonical":"https:\/\/dev.antudigital.cl\/sites\/vc\/parte-la-primera-bienal-de-danza-moderna-y-contemporanea-de-la-region-de-valparaiso\/","og_locale":"es_ES","og_type":"article","og_title":"Parte la Primera Bienal de Danza Moderna y Contempor\u00e1nea de la Regi\u00f3n de Valpara\u00edso - Valpara\u00ed\u00adso Creativo","og_description":"Este s\u00e1bado comienza en el Parque Cultural el evento organizado por escenalborde, donde participan 18 compa\u00f1\u00edas y cuyas funciones son gratuitas.&nbsp;&nbsp; Con la participaci\u00f3n de 18 compa\u00f1\u00edas locales y una propuesta program\u00e1tica muy diversa que habla de la amplitud de posibilidades que puede abordar el cuerpo esc\u00e9nico desde el movimiento, este s\u00e1bado 20 de abril [&hellip;]","og_url":"https:\/\/dev.antudigital.cl\/sites\/vc\/parte-la-primera-bienal-de-danza-moderna-y-contemporanea-de-la-region-de-valparaiso\/","og_site_name":"Valpara\u00ed\u00adso Creativo","article_published_time":"2024-04-19T12:44:06+00:00","article_modified_time":"2024-04-22T12:58:22+00:00","og_image":[{"width":1080,"height":598,"url":"https:\/\/dev.antudigital.cl\/sites\/vc\/wp-content\/uploads\/2024\/04\/Conservatorio-Racconto-3.jpeg","type":"image\/jpeg"}],"author":"Valpara\u00edso Creativo","twitter_card":"summary_large_image","twitter_misc":{"Escrito por":"Valpara\u00edso Creativo","Tiempo de lectura":"4 minutos"},"schema":{"@context":"https:\/\/schema.org","@graph":[{"@type":"Article","@id":"https:\/\/dev.antudigital.cl\/sites\/vc\/parte-la-primera-bienal-de-danza-moderna-y-contemporanea-de-la-region-de-valparaiso\/#article","isPartOf":{"@id":"https:\/\/dev.antudigital.cl\/sites\/vc\/parte-la-primera-bienal-de-danza-moderna-y-contemporanea-de-la-region-de-valparaiso\/"},"author":{"name":"Valpara\u00edso Creativo","@id":"https:\/\/dev.antudigital.cl\/sites\/vc\/#\/schema\/person\/c2b9da8dd545e27166fc5ab232837318"},"headline":"Parte la Primera Bienal de Danza Moderna y Contempor\u00e1nea de la Regi\u00f3n de Valpara\u00edso","datePublished":"2024-04-19T12:44:06+00:00","dateModified":"2024-04-22T12:58:22+00:00","mainEntityOfPage":{"@id":"https:\/\/dev.antudigital.cl\/sites\/vc\/parte-la-primera-bienal-de-danza-moderna-y-contemporanea-de-la-region-de-valparaiso\/"},"wordCount":668,"image":{"@id":"https:\/\/dev.antudigital.cl\/sites\/vc\/parte-la-primera-bienal-de-danza-moderna-y-contemporanea-de-la-region-de-valparaiso\/#primaryimage"},"thumbnailUrl":"https:\/\/dev.antudigital.cl\/sites\/vc\/wp-content\/uploads\/2024\/04\/Conservatorio-Racconto-3.jpeg","articleSection":["Noticia","Uncategorized"],"inLanguage":"es"},{"@type":"WebPage","@id":"https:\/\/dev.antudigital.cl\/sites\/vc\/parte-la-primera-bienal-de-danza-moderna-y-contemporanea-de-la-region-de-valparaiso\/","url":"https:\/\/dev.antudigital.cl\/sites\/vc\/parte-la-primera-bienal-de-danza-moderna-y-contemporanea-de-la-region-de-valparaiso\/","name":"Parte la Primera Bienal de Danza Moderna y Contempor\u00e1nea de la Regi\u00f3n de Valpara\u00edso - Valpara\u00ed\u00adso Creativo","isPartOf":{"@id":"https:\/\/dev.antudigital.cl\/sites\/vc\/#website"},"primaryImageOfPage":{"@id":"https:\/\/dev.antudigital.cl\/sites\/vc\/parte-la-primera-bienal-de-danza-moderna-y-contemporanea-de-la-region-de-valparaiso\/#primaryimage"},"image":{"@id":"https:\/\/dev.antudigital.cl\/sites\/vc\/parte-la-primera-bienal-de-danza-moderna-y-contemporanea-de-la-region-de-valparaiso\/#primaryimage"},"thumbnailUrl":"https:\/\/dev.antudigital.cl\/sites\/vc\/wp-content\/uploads\/2024\/04\/Conservatorio-Racconto-3.jpeg","datePublished":"2024-04-19T12:44:06+00:00","dateModified":"2024-04-22T12:58:22+00:00","author":{"@id":"https:\/\/dev.antudigital.cl\/sites\/vc\/#\/schema\/person\/c2b9da8dd545e27166fc5ab232837318"},"breadcrumb":{"@id":"https:\/\/dev.antudigital.cl\/sites\/vc\/parte-la-primera-bienal-de-danza-moderna-y-contemporanea-de-la-region-de-valparaiso\/#breadcrumb"},"inLanguage":"es","potentialAction":[{"@type":"ReadAction","target":["https:\/\/dev.antudigital.cl\/sites\/vc\/parte-la-primera-bienal-de-danza-moderna-y-contemporanea-de-la-region-de-valparaiso\/"]}]},{"@type":"ImageObject","inLanguage":"es","@id":"https:\/\/dev.antudigital.cl\/sites\/vc\/parte-la-primera-bienal-de-danza-moderna-y-contemporanea-de-la-region-de-valparaiso\/#primaryimage","url":"https:\/\/dev.antudigital.cl\/sites\/vc\/wp-content\/uploads\/2024\/04\/Conservatorio-Racconto-3.jpeg","contentUrl":"https:\/\/dev.antudigital.cl\/sites\/vc\/wp-content\/uploads\/2024\/04\/Conservatorio-Racconto-3.jpeg","width":1080,"height":598},{"@type":"BreadcrumbList","@id":"https:\/\/dev.antudigital.cl\/sites\/vc\/parte-la-primera-bienal-de-danza-moderna-y-contemporanea-de-la-region-de-valparaiso\/#breadcrumb","itemListElement":[{"@type":"ListItem","position":1,"name":"Home","item":"https:\/\/dev.antudigital.cl\/sites\/vc\/"},{"@type":"ListItem","position":2,"name":"Parte la Primera Bienal de Danza Moderna y Contempor\u00e1nea de la Regi\u00f3n de Valpara\u00edso"}]},{"@type":"WebSite","@id":"https:\/\/dev.antudigital.cl\/sites\/vc\/#website","url":"https:\/\/dev.antudigital.cl\/sites\/vc\/","name":"Valpara\u00ed\u00adso Creativo","description":"","potentialAction":[{"@type":"SearchAction","target":{"@type":"EntryPoint","urlTemplate":"https:\/\/dev.antudigital.cl\/sites\/vc\/?s={search_term_string}"},"query-input":{"@type":"PropertyValueSpecification","valueRequired":true,"valueName":"search_term_string"}}],"inLanguage":"es"},{"@type":"Person","@id":"https:\/\/dev.antudigital.cl\/sites\/vc\/#\/schema\/person\/c2b9da8dd545e27166fc5ab232837318","name":"Valpara\u00edso Creativo","description":"Periodista de cultura en la Regi\u00f3n de Valpara\u00edso.","url":"https:\/\/dev.antudigital.cl\/sites\/vc\/author\/valpoadmin\/"}]}},"_links":{"self":[{"href":"https:\/\/dev.antudigital.cl\/sites\/vc\/wp-json\/wp\/v2\/posts\/18915","targetHints":{"allow":["GET"]}}],"collection":[{"href":"https:\/\/dev.antudigital.cl\/sites\/vc\/wp-json\/wp\/v2\/posts"}],"about":[{"href":"https:\/\/dev.antudigital.cl\/sites\/vc\/wp-json\/wp\/v2\/types\/post"}],"author":[{"embeddable":true,"href":"https:\/\/dev.antudigital.cl\/sites\/vc\/wp-json\/wp\/v2\/users\/1"}],"replies":[{"embeddable":true,"href":"https:\/\/dev.antudigital.cl\/sites\/vc\/wp-json\/wp\/v2\/comments?post=18915"}],"version-history":[{"count":2,"href":"https:\/\/dev.antudigital.cl\/sites\/vc\/wp-json\/wp\/v2\/posts\/18915\/revisions"}],"predecessor-version":[{"id":18920,"href":"https:\/\/dev.antudigital.cl\/sites\/vc\/wp-json\/wp\/v2\/posts\/18915\/revisions\/18920"}],"wp:featuredmedia":[{"embeddable":true,"href":"https:\/\/dev.antudigital.cl\/sites\/vc\/wp-json\/wp\/v2\/media\/18917"}],"wp:attachment":[{"href":"https:\/\/dev.antudigital.cl\/sites\/vc\/wp-json\/wp\/v2\/media?parent=18915"}],"wp:term":[{"taxonomy":"category","embeddable":true,"href":"https:\/\/dev.antudigital.cl\/sites\/vc\/wp-json\/wp\/v2\/categories?post=18915"},{"taxonomy":"post_tag","embeddable":true,"href":"https:\/\/dev.antudigital.cl\/sites\/vc\/wp-json\/wp\/v2\/tags?post=18915"}],"curies":[{"name":"wp","href":"https:\/\/api.w.org\/{rel}","templated":true}]}}